{"id":12611,"date":"2025-02-09T20:42:47","date_gmt":"2025-02-09T19:42:47","guid":{"rendered":"https:\/\/infos-droitshumains.net\/?p=12611"},"modified":"2025-02-09T20:43:38","modified_gmt":"2025-02-09T19:43:38","slug":"laccord-entre-lunion-europeenne-et-le-rwanda-sur-les-minerais-strategiques-a-offert-la-possibilite-au-rwanda-de-blanchir-les-minerais-extraits-illegalement-au-congo-me-junior-kapuy","status":"publish","type":"post","link":"https:\/\/infos-droitshumains.net\/?p=12611","title":{"rendered":"L\u2019accord entre l\u2019Union Europ\u00e9enne et le Rwanda sur les minerais strat\u00e9giques a offert la possibilit\u00e9 au Rwanda de blanchir les minerais extraits ill\u00e9galement au Congo (Me. Junior Kapuya)"},"content":{"rendered":"\n<p><strong>R\u00e9daction: +243 817 406 088<\/strong><\/p>\n\n\n\n<h3 class=\"wp-block-heading has-vivid-red-color has-text-color has-link-color wp-elements-7c6b7b96ae48a7891fc6bccedd25c4a6\">Le 19 f\u00e9vrier 2024, l\u2019Union Europ\u00e9enne et le Rwanda ont sign\u00e9 un accord sur la coop\u00e9ration \u00e9conomique s\u2019\u00e9tendant aux minerais strat\u00e9giques. Cet accord \u00e0 en croire Bruxelles vise \u00e0 valoriser l&rsquo;exploitation des minerais par Kigali afin de contribuer \u00ab&nbsp;<em>\u00e0 assurer un approvisionnement durable en mati\u00e8res premi\u00e8res,\u00a0\u00bb&nbsp;<\/em>en particulier en mati\u00e8res premi\u00e8res critiques. &nbsp;Peu apr\u00e8s la signature de ce protocole d\u2019accord, Kinshasa a hauss\u00e9 le ton en le qualifiant d&rsquo;<em>\u00ab\u00a0ignominie\u00a0\u00bb<\/em>.<\/h3>\n\n\n\n<p>C\u2019est dans ce contexte que Me. Junior Kapuya Meleka est sorti du silence pour d\u00e9noncer le blanchiment des capitaux dissimul\u00e9 dans cet accord. Invit\u00e9 \u00e0 intervenir sur <strong><em>\u2018\u2019le blanchiment des capitaux orchestr\u00e9 par l\u2019accord de f\u00e9vrier 2024 entre l\u2019Union Europ\u00e9enne et le Rwanda sur les minerais strat\u00e9giques&nbsp;: les instruments juridiques et instances comp\u00e9tentes\u2019\u2019<\/em><\/strong> lors d\u2019une matin\u00e9e organis\u00e9e par l\u2019\u00e9lite patriotique RDC, cet avocat a limpidement d\u00e9montr\u00e9 son argumentaire avec des exemples patents.<\/p>\n\n\n\n<p>Profitant de la tribune lui offerte, le paneliste a d\u2019abord rappel\u00e9 que <em>\u00ab&nbsp;le blanchiment constitue tout simplement l\u2019action de dissimuler l\u2019argent obtenu de mani\u00e8re ill\u00e9gale en le r\u00e9investissant dans une activit\u00e9 purement l\u00e9gale&nbsp;\u00bb<\/em> avant de d\u00e9noncer le fait que ces minerais strat\u00e9giques dont il est question dans l\u2019accord ne fassent pas partie <em>\u00ab&nbsp;du r\u00e9pertoire min\u00e9ralogique rwandais&nbsp;\u00bb<\/em>, mais mis en vente par le Rwanda sur la sc\u00e8ne internationale.<\/p>\n\n\n\n<p><em>\u00ab&nbsp;Vous vous \u00eates fait une id\u00e9e sur la messe noire qui a \u00e9t\u00e9 dite le 19 f\u00e9vrier 2024 \u00e0 Bruxelles&nbsp;\u00bb<\/em>, a-t-il dit avant de pr\u00e9ciser que cet accord <em>\u00ab&nbsp;pose naturellement quelques probl\u00e8mes sur le plan juridique, sur le plan \u00e9thique, mais aussi sur le plan \u00e9conomique&nbsp;\u00bb<\/em>.<\/p>\n\n\n\n<p><em>\u00ab&nbsp;La RDC regorge des richesses naturelles qui sont fr\u00e9quemment confront\u00e9es \u00e0 la pratique d\u2019exploitation ill\u00e9gale. Ces exploitations sont exacerb\u00e9es par les groupes arm\u00e9s qui pullulent dans la r\u00e9gion de l\u2019Est. Et aujourd\u2019hui, ce n\u2019est plus un secret pour personne que le Rwanda en est le principal acteur \u00e0 travers notamment les diff\u00e9rents groupes arm\u00e9s qu\u2019il alimente, qu\u2019il soutienne pour exploiter dans un cadre totalement ill\u00e9gal les ressources mini\u00e8res de la R\u00e9publique D\u00e9mocratique du Congo&nbsp;\u00bb<\/em>, a poursuit Maitre Junior Kapuya.<\/p>\n\n\n\n<p>Pour le secr\u00e9taire honoraire du barreau de Kinshasa\/Gombe, <em>\u00ab&nbsp;\u00e0 travers cet accord, le Rwanda s\u2019est offert la possibilit\u00e9 de pouvoir blanchir les minerais extraits au Congo traversant la fronti\u00e8re pour aller sur la place rwandaise et \u00e9vacu\u00e9s sur la sc\u00e8ne europ\u00e9enne&nbsp;\u00bb<\/em>. Pour y parvenir a-t-il rench\u00e9ri, <em>\u00ab&nbsp;le Rwanda a recouru aux artifices que nous connaissons, meurtre, crime, pillage, corruption afin de tenter d\u2019effacer tant soit peu les traces de ce crime qui se repend au-del\u00e0 des fronti\u00e8res africaines&nbsp;; et cela sans compter avec l\u2019instabilit\u00e9 cr\u00e9\u00e9e par ce r\u00e9seau pour alimenter au rythme de plus en plus croissant, la demande de l\u2019Union Europ\u00e9enne des minerais r\u00e9put\u00e9s strat\u00e9giques mais ne se trouvant pas sur le sol du Rwanda&nbsp;\u00bb<\/em>.<\/p>\n\n\n\n<p>Maitre Junior Kapuya a par ailleurs pr\u00e9sent\u00e9 les instruments juridiques nationaux et internationaux qui r\u00e9priment ce crime et les instances comp\u00e9tentes pour y statuer.<\/p>\n\n\n\n<p>Au nombre des instruments juridiques sur le plan internationale, il a notamment cit\u00e9 Initiative pour la Transparence des Industries Extractives (ITIE), les recommandations des Groupes d\u2019Action Financier, GAFI, La convention des Nations Unies contre la criminalit\u00e9 organis\u00e9e et transnationale, la l\u00e9gislation sur le devoir de diligence (qui est un instrument juridique de l\u2019Union Europ\u00e9enne).<\/p>\n\n\n\n<p><em>\u00ab&nbsp;C\u2019est vrai que l\u2019ITIE n\u2019est &nbsp;un instrument juridique contraignant \u00e0 part enti\u00e8re, mais elle a l\u2019avantage de pr\u00f4ner la transparence de paiement des entreprises aux gouvernements. L\u2019objectif affich\u00e9 de l\u2019ITIE est de r\u00e9duire les risques de corruption et de blanchiment d\u2019argent en garantissant que les revenus g\u00e9n\u00e9r\u00e9s par les ressources naturelles sont publiquement accessibles. Les directives de la l\u00e9gislation sur le devoir de diligence exigent des entreprises qu\u2019elle mettent en \u0153uvre des proc\u00e9dures pour s\u2019assurer que leurs activit\u00e9s ne contribuent pas \u00e0 la violation des droits de l\u2019homme ou \u00e0 des actes criminels y compris le blanchiment li\u00e9s aux ressources naturelles&nbsp;\u00bb<\/em>, a dit Me. Junior Kapuya qui s\u2019interroge si <em>\u00ab&nbsp;\u2026l\u2019Union Europ\u00e9enne a d\u00e9cid\u00e9 par elle-m\u00eame de contourner ses propres directives&nbsp;\u00bb<\/em>.<\/p>\n\n\n\n<p><em>\u00ab&nbsp;Ces instruments et ses recommandations visent \u00e0 \u00e9tablir un cadre solide pour lutter contre le blanchement dans le secteur minier. Mais malheureusement faisant fi de tout cela, cet accord est intervenu au grand pr\u00e9judice de la R\u00e9publique D\u00e9mocratique du Congo\u2026&nbsp;\u00bb<\/em>, a-t-il conclu avant de lancer un appel au renforcement de ces instruments pour parvenir \u00e0 \u00e9radiquer tous les ph\u00e9nom\u00e8nes qui facilitent le blanchiment des ressources naturelles de la R\u00e9publique D\u00e9mocratique du Congo.<\/p>\n\n\n\n<p>Jo\u00ebl Diawa<\/p>\n","protected":false},"excerpt":{"rendered":"<p>R\u00e9daction: +243 817 406 088 Le 19 f\u00e9vrier 2024, l\u2019Union Europ\u00e9enne et le Rwanda ont&#8230;<\/p>\n","protected":false},"author":2,"featured_media":12612,"comment_status":"open","ping_status":"open","sticky":false,"template":"","format":"standard","meta":{"_jetpack_memberships_contains_paid_content":false,"footnotes":""},"categories":[8],"tags":[],"class_list":["post-12611","post","type-post","status-publish","format-standard","has-post-thumbnail","hentry","category-societe"],"yoast_head":"<!-- This site is optimized with the Yoast SEO plugin v27.5 - https:\/\/yoast.com\/product\/yoast-seo-wordpress\/ -->\n<title>L\u2019accord entre l\u2019Union Europ\u00e9enne et le Rwanda sur les minerais strat\u00e9giques a offert la possibilit\u00e9 au Rwanda de blanchir les minerais extraits ill\u00e9galement au Congo (Me. Junior Kapuya) - Infos Droits Humains<\/title>\n<meta name=\"robots\" content=\"index, follow, max-snippet:-1, max-image-preview:large, max-video-preview:-1\" \/>\n<link rel=\"canonical\" href=\"https:\/\/infos-droitshumains.net\/?p=12611\" \/>\n<meta property=\"og:locale\" content=\"fr_FR\" \/>\n<meta property=\"og:type\" content=\"article\" \/>\n<meta property=\"og:title\" content=\"L\u2019accord entre l\u2019Union Europ\u00e9enne et le Rwanda sur les minerais strat\u00e9giques a offert la possibilit\u00e9 au Rwanda de blanchir les minerais extraits ill\u00e9galement au Congo (Me. Junior Kapuya) - Infos Droits Humains\" \/>\n<meta property=\"og:description\" content=\"R\u00e9daction: +243 817 406 088 Le 19 f\u00e9vrier 2024, l\u2019Union Europ\u00e9enne et le Rwanda ont...\" \/>\n<meta property=\"og:url\" content=\"https:\/\/infos-droitshumains.net\/?p=12611\" \/>\n<meta property=\"og:site_name\" content=\"Infos Droits Humains\" \/>\n<meta property=\"article:published_time\" content=\"2025-02-09T19:42:47+00:00\" \/>\n<meta property=\"article:modified_time\" content=\"2025-02-09T19:43:38+00:00\" \/>\n<meta property=\"og:image\" content=\"https:\/\/infos-droitshumains.net\/wp-content\/uploads\/2025\/02\/IMG-20250208-WA0022-scaled.jpg\" \/>\n\t<meta property=\"og:image:width\" content=\"2440\" \/>\n\t<meta property=\"og:image:height\" content=\"2560\" \/>\n\t<meta property=\"og:image:type\" content=\"image\/jpeg\" \/>\n<meta name=\"author\" content=\"Jo\u00ebl Diawa\" \/>\n<meta name=\"twitter:card\" content=\"summary_large_image\" \/>\n<meta name=\"twitter:label1\" content=\"\u00c9crit par\" \/>\n\t<meta name=\"twitter:data1\" content=\"Jo\u00ebl Diawa\" \/>\n\t<meta name=\"twitter:label2\" content=\"Dur\u00e9e de lecture estim\u00e9e\" \/>\n\t<meta name=\"twitter:data2\" content=\"4 minutes\" \/>\n<script type=\"application\/ld+json\" class=\"yoast-schema-graph\">{\"@context\":\"https:\\\/\\\/schema.org\",\"@graph\":[{\"@type\":\"Article\",\"@id\":\"https:\\\/\\\/infos-droitshumains.net\\\/?p=12611#article\",\"isPartOf\":{\"@id\":\"https:\\\/\\\/infos-droitshumains.net\\\/?p=12611\"},\"author\":{\"name\":\"Jo\u00ebl Diawa\",\"@id\":\"https:\\\/\\\/infos-droitshumains.net\\\/#\\\/schema\\\/person\\\/3dc5e921c3302172e0ed4362f96faab7\"},\"headline\":\"L\u2019accord entre l\u2019Union Europ\u00e9enne et le Rwanda sur les minerais strat\u00e9giques a offert la possibilit\u00e9 au Rwanda de blanchir les minerais extraits ill\u00e9galement au Congo (Me. Junior Kapuya)\",\"datePublished\":\"2025-02-09T19:42:47+00:00\",\"dateModified\":\"2025-02-09T19:43:38+00:00\",\"mainEntityOfPage\":{\"@id\":\"https:\\\/\\\/infos-droitshumains.net\\\/?p=12611\"},\"wordCount\":884,\"commentCount\":0,\"publisher\":{\"@id\":\"https:\\\/\\\/infos-droitshumains.net\\\/#organization\"},\"image\":{\"@id\":\"https:\\\/\\\/infos-droitshumains.net\\\/?p=12611#primaryimage\"},\"thumbnailUrl\":\"https:\\\/\\\/i0.wp.com\\\/infos-droitshumains.net\\\/wp-content\\\/uploads\\\/2025\\\/02\\\/IMG-20250208-WA0022-scaled.jpg?fit=2440%2C2560&ssl=1\",\"articleSection\":[\"Soci\u00e9t\u00e9\"],\"inLanguage\":\"fr-FR\",\"potentialAction\":[{\"@type\":\"CommentAction\",\"name\":\"Comment\",\"target\":[\"https:\\\/\\\/infos-droitshumains.net\\\/?p=12611#respond\"]}]},{\"@type\":\"WebPage\",\"@id\":\"https:\\\/\\\/infos-droitshumains.net\\\/?p=12611\",\"url\":\"https:\\\/\\\/infos-droitshumains.net\\\/?p=12611\",\"name\":\"L\u2019accord entre l\u2019Union Europ\u00e9enne et le Rwanda sur les minerais strat\u00e9giques a offert la possibilit\u00e9 au Rwanda de blanchir les minerais extraits ill\u00e9galement au Congo (Me. Junior Kapuya) - Infos Droits Humains\",\"isPartOf\":{\"@id\":\"https:\\\/\\\/infos-droitshumains.net\\\/#website\"},\"primaryImageOfPage\":{\"@id\":\"https:\\\/\\\/infos-droitshumains.net\\\/?p=12611#primaryimage\"},\"image\":{\"@id\":\"https:\\\/\\\/infos-droitshumains.net\\\/?p=12611#primaryimage\"},\"thumbnailUrl\":\"https:\\\/\\\/i0.wp.com\\\/infos-droitshumains.net\\\/wp-content\\\/uploads\\\/2025\\\/02\\\/IMG-20250208-WA0022-scaled.jpg?fit=2440%2C2560&ssl=1\",\"datePublished\":\"2025-02-09T19:42:47+00:00\",\"dateModified\":\"2025-02-09T19:43:38+00:00\",\"breadcrumb\":{\"@id\":\"https:\\\/\\\/infos-droitshumains.net\\\/?p=12611#breadcrumb\"},\"inLanguage\":\"fr-FR\",\"potentialAction\":[{\"@type\":\"ReadAction\",\"target\":[\"https:\\\/\\\/infos-droitshumains.net\\\/?p=12611\"]}]},{\"@type\":\"ImageObject\",\"inLanguage\":\"fr-FR\",\"@id\":\"https:\\\/\\\/infos-droitshumains.net\\\/?p=12611#primaryimage\",\"url\":\"https:\\\/\\\/i0.wp.com\\\/infos-droitshumains.net\\\/wp-content\\\/uploads\\\/2025\\\/02\\\/IMG-20250208-WA0022-scaled.jpg?fit=2440%2C2560&ssl=1\",\"contentUrl\":\"https:\\\/\\\/i0.wp.com\\\/infos-droitshumains.net\\\/wp-content\\\/uploads\\\/2025\\\/02\\\/IMG-20250208-WA0022-scaled.jpg?fit=2440%2C2560&ssl=1\",\"width\":2440,\"height\":2560},{\"@type\":\"BreadcrumbList\",\"@id\":\"https:\\\/\\\/infos-droitshumains.net\\\/?p=12611#breadcrumb\",\"itemListElement\":[{\"@type\":\"ListItem\",\"position\":1,\"name\":\"Accueil\",\"item\":\"https:\\\/\\\/infos-droitshumains.net\\\/\"},{\"@type\":\"ListItem\",\"position\":2,\"name\":\"L\u2019accord entre l\u2019Union Europ\u00e9enne et le Rwanda sur les minerais strat\u00e9giques a offert la possibilit\u00e9 au Rwanda de blanchir les minerais extraits ill\u00e9galement au Congo (Me. Junior Kapuya)\"}]},{\"@type\":\"WebSite\",\"@id\":\"https:\\\/\\\/infos-droitshumains.net\\\/#website\",\"url\":\"https:\\\/\\\/infos-droitshumains.net\\\/\",\"name\":\"Infos Droits Humains\",\"description\":\"S&#039;informer est un droit\",\"publisher\":{\"@id\":\"https:\\\/\\\/infos-droitshumains.net\\\/#organization\"},\"potentialAction\":[{\"@type\":\"SearchAction\",\"target\":{\"@type\":\"EntryPoint\",\"urlTemplate\":\"https:\\\/\\\/infos-droitshumains.net\\\/?s={search_term_string}\"},\"query-input\":{\"@type\":\"PropertyValueSpecification\",\"valueRequired\":true,\"valueName\":\"search_term_string\"}}],\"inLanguage\":\"fr-FR\"},{\"@type\":\"Organization\",\"@id\":\"https:\\\/\\\/infos-droitshumains.net\\\/#organization\",\"name\":\"Infos Droits Humains\",\"url\":\"https:\\\/\\\/infos-droitshumains.net\\\/\",\"logo\":{\"@type\":\"ImageObject\",\"inLanguage\":\"fr-FR\",\"@id\":\"https:\\\/\\\/infos-droitshumains.net\\\/#\\\/schema\\\/logo\\\/image\\\/\",\"url\":\"https:\\\/\\\/i0.wp.com\\\/infos-droitshumains.net\\\/wp-content\\\/uploads\\\/2022\\\/05\\\/Logo.png?fit=333%2C129&ssl=1\",\"contentUrl\":\"https:\\\/\\\/i0.wp.com\\\/infos-droitshumains.net\\\/wp-content\\\/uploads\\\/2022\\\/05\\\/Logo.png?fit=333%2C129&ssl=1\",\"width\":333,\"height\":129,\"caption\":\"Infos Droits Humains\"},\"image\":{\"@id\":\"https:\\\/\\\/infos-droitshumains.net\\\/#\\\/schema\\\/logo\\\/image\\\/\"}},{\"@type\":\"Person\",\"@id\":\"https:\\\/\\\/infos-droitshumains.net\\\/#\\\/schema\\\/person\\\/3dc5e921c3302172e0ed4362f96faab7\",\"name\":\"Jo\u00ebl Diawa\",\"image\":{\"@type\":\"ImageObject\",\"inLanguage\":\"fr-FR\",\"@id\":\"https:\\\/\\\/secure.gravatar.com\\\/avatar\\\/729bea6ff4604c624417803c477363be8e3c7186deaa65713313f9b4b820f41c?s=96&d=mm&r=g\",\"url\":\"https:\\\/\\\/secure.gravatar.com\\\/avatar\\\/729bea6ff4604c624417803c477363be8e3c7186deaa65713313f9b4b820f41c?s=96&d=mm&r=g\",\"contentUrl\":\"https:\\\/\\\/secure.gravatar.com\\\/avatar\\\/729bea6ff4604c624417803c477363be8e3c7186deaa65713313f9b4b820f41c?s=96&d=mm&r=g\",\"caption\":\"Jo\u00ebl Diawa\"},\"sameAs\":[\"https:\\\/\\\/www.infos-droitshumains.net\"],\"url\":\"https:\\\/\\\/infos-droitshumains.net\\\/?author=2\"}]}<\/script>\n<!-- \/ Yoast SEO plugin. -->","yoast_head_json":{"title":"L\u2019accord entre l\u2019Union Europ\u00e9enne et le Rwanda sur les minerais strat\u00e9giques a offert la possibilit\u00e9 au Rwanda de blanchir les minerais extraits ill\u00e9galement au Congo (Me. Junior Kapuya) - Infos Droits Humains","robots":{"index":"index","follow":"follow","max-snippet":"max-snippet:-1","max-image-preview":"max-image-preview:large","max-video-preview":"max-video-preview:-1"},"canonical":"https:\/\/infos-droitshumains.net\/?p=12611","og_locale":"fr_FR","og_type":"article","og_title":"L\u2019accord entre l\u2019Union Europ\u00e9enne et le Rwanda sur les minerais strat\u00e9giques a offert la possibilit\u00e9 au Rwanda de blanchir les minerais extraits ill\u00e9galement au Congo (Me. Junior Kapuya) - Infos Droits Humains","og_description":"R\u00e9daction: +243 817 406 088 Le 19 f\u00e9vrier 2024, l\u2019Union Europ\u00e9enne et le Rwanda ont...","og_url":"https:\/\/infos-droitshumains.net\/?p=12611","og_site_name":"Infos Droits Humains","article_published_time":"2025-02-09T19:42:47+00:00","article_modified_time":"2025-02-09T19:43:38+00:00","og_image":[{"width":2440,"height":2560,"url":"https:\/\/infos-droitshumains.net\/wp-content\/uploads\/2025\/02\/IMG-20250208-WA0022-scaled.jpg","type":"image\/jpeg"}],"author":"Jo\u00ebl Diawa","twitter_card":"summary_large_image","twitter_misc":{"\u00c9crit par":"Jo\u00ebl Diawa","Dur\u00e9e de lecture estim\u00e9e":"4 minutes"},"schema":{"@context":"https:\/\/schema.org","@graph":[{"@type":"Article","@id":"https:\/\/infos-droitshumains.net\/?p=12611#article","isPartOf":{"@id":"https:\/\/infos-droitshumains.net\/?p=12611"},"author":{"name":"Jo\u00ebl Diawa","@id":"https:\/\/infos-droitshumains.net\/#\/schema\/person\/3dc5e921c3302172e0ed4362f96faab7"},"headline":"L\u2019accord entre l\u2019Union Europ\u00e9enne et le Rwanda sur les minerais strat\u00e9giques a offert la possibilit\u00e9 au Rwanda de blanchir les minerais extraits ill\u00e9galement au Congo (Me. Junior Kapuya)","datePublished":"2025-02-09T19:42:47+00:00","dateModified":"2025-02-09T19:43:38+00:00","mainEntityOfPage":{"@id":"https:\/\/infos-droitshumains.net\/?p=12611"},"wordCount":884,"commentCount":0,"publisher":{"@id":"https:\/\/infos-droitshumains.net\/#organization"},"image":{"@id":"https:\/\/infos-droitshumains.net\/?p=12611#primaryimage"},"thumbnailUrl":"https:\/\/i0.wp.com\/infos-droitshumains.net\/wp-content\/uploads\/2025\/02\/IMG-20250208-WA0022-scaled.jpg?fit=2440%2C2560&ssl=1","articleSection":["Soci\u00e9t\u00e9"],"inLanguage":"fr-FR","potentialAction":[{"@type":"CommentAction","name":"Comment","target":["https:\/\/infos-droitshumains.net\/?p=12611#respond"]}]},{"@type":"WebPage","@id":"https:\/\/infos-droitshumains.net\/?p=12611","url":"https:\/\/infos-droitshumains.net\/?p=12611","name":"L\u2019accord entre l\u2019Union Europ\u00e9enne et le Rwanda sur les minerais strat\u00e9giques a offert la possibilit\u00e9 au Rwanda de blanchir les minerais extraits ill\u00e9galement au Congo (Me. Junior Kapuya) - Infos Droits Humains","isPartOf":{"@id":"https:\/\/infos-droitshumains.net\/#website"},"primaryImageOfPage":{"@id":"https:\/\/infos-droitshumains.net\/?p=12611#primaryimage"},"image":{"@id":"https:\/\/infos-droitshumains.net\/?p=12611#primaryimage"},"thumbnailUrl":"https:\/\/i0.wp.com\/infos-droitshumains.net\/wp-content\/uploads\/2025\/02\/IMG-20250208-WA0022-scaled.jpg?fit=2440%2C2560&ssl=1","datePublished":"2025-02-09T19:42:47+00:00","dateModified":"2025-02-09T19:43:38+00:00","breadcrumb":{"@id":"https:\/\/infos-droitshumains.net\/?p=12611#breadcrumb"},"inLanguage":"fr-FR","potentialAction":[{"@type":"ReadAction","target":["https:\/\/infos-droitshumains.net\/?p=12611"]}]},{"@type":"ImageObject","inLanguage":"fr-FR","@id":"https:\/\/infos-droitshumains.net\/?p=12611#primaryimage","url":"https:\/\/i0.wp.com\/infos-droitshumains.net\/wp-content\/uploads\/2025\/02\/IMG-20250208-WA0022-scaled.jpg?fit=2440%2C2560&ssl=1","contentUrl":"https:\/\/i0.wp.com\/infos-droitshumains.net\/wp-content\/uploads\/2025\/02\/IMG-20250208-WA0022-scaled.jpg?fit=2440%2C2560&ssl=1","width":2440,"height":2560},{"@type":"BreadcrumbList","@id":"https:\/\/infos-droitshumains.net\/?p=12611#breadcrumb","itemListElement":[{"@type":"ListItem","position":1,"name":"Accueil","item":"https:\/\/infos-droitshumains.net\/"},{"@type":"ListItem","position":2,"name":"L\u2019accord entre l\u2019Union Europ\u00e9enne et le Rwanda sur les minerais strat\u00e9giques a offert la possibilit\u00e9 au Rwanda de blanchir les minerais extraits ill\u00e9galement au Congo (Me. Junior Kapuya)"}]},{"@type":"WebSite","@id":"https:\/\/infos-droitshumains.net\/#website","url":"https:\/\/infos-droitshumains.net\/","name":"Infos Droits Humains","description":"S&#039;informer est un droit","publisher":{"@id":"https:\/\/infos-droitshumains.net\/#organization"},"potentialAction":[{"@type":"SearchAction","target":{"@type":"EntryPoint","urlTemplate":"https:\/\/infos-droitshumains.net\/?s={search_term_string}"},"query-input":{"@type":"PropertyValueSpecification","valueRequired":true,"valueName":"search_term_string"}}],"inLanguage":"fr-FR"},{"@type":"Organization","@id":"https:\/\/infos-droitshumains.net\/#organization","name":"Infos Droits Humains","url":"https:\/\/infos-droitshumains.net\/","logo":{"@type":"ImageObject","inLanguage":"fr-FR","@id":"https:\/\/infos-droitshumains.net\/#\/schema\/logo\/image\/","url":"https:\/\/i0.wp.com\/infos-droitshumains.net\/wp-content\/uploads\/2022\/05\/Logo.png?fit=333%2C129&ssl=1","contentUrl":"https:\/\/i0.wp.com\/infos-droitshumains.net\/wp-content\/uploads\/2022\/05\/Logo.png?fit=333%2C129&ssl=1","width":333,"height":129,"caption":"Infos Droits Humains"},"image":{"@id":"https:\/\/infos-droitshumains.net\/#\/schema\/logo\/image\/"}},{"@type":"Person","@id":"https:\/\/infos-droitshumains.net\/#\/schema\/person\/3dc5e921c3302172e0ed4362f96faab7","name":"Jo\u00ebl Diawa","image":{"@type":"ImageObject","inLanguage":"fr-FR","@id":"https:\/\/secure.gravatar.com\/avatar\/729bea6ff4604c624417803c477363be8e3c7186deaa65713313f9b4b820f41c?s=96&d=mm&r=g","url":"https:\/\/secure.gravatar.com\/avatar\/729bea6ff4604c624417803c477363be8e3c7186deaa65713313f9b4b820f41c?s=96&d=mm&r=g","contentUrl":"https:\/\/secure.gravatar.com\/avatar\/729bea6ff4604c624417803c477363be8e3c7186deaa65713313f9b4b820f41c?s=96&d=mm&r=g","caption":"Jo\u00ebl Diawa"},"sameAs":["https:\/\/www.infos-droitshumains.net"],"url":"https:\/\/infos-droitshumains.net\/?author=2"}]}},"featured_image_urls":{"full":["https:\/\/i0.wp.com\/infos-droitshumains.net\/wp-content\/uploads\/2025\/02\/IMG-20250208-WA0022-scaled.jpg?fit=2440%2C2560&ssl=1",2440,2560,false],"thumbnail":["https:\/\/i0.wp.com\/infos-droitshumains.net\/wp-content\/uploads\/2025\/02\/IMG-20250208-WA0022-scaled.jpg?resize=150%2C150&ssl=1",150,150,true],"medium":["https:\/\/i0.wp.com\/infos-droitshumains.net\/wp-content\/uploads\/2025\/02\/IMG-20250208-WA0022-scaled.jpg?fit=286%2C300&ssl=1",286,300,true],"medium_large":["https:\/\/i0.wp.com\/infos-droitshumains.net\/wp-content\/uploads\/2025\/02\/IMG-20250208-WA0022-scaled.jpg?fit=640%2C672&ssl=1",640,672,true],"large":["https:\/\/i0.wp.com\/infos-droitshumains.net\/wp-content\/uploads\/2025\/02\/IMG-20250208-WA0022-scaled.jpg?fit=640%2C671&ssl=1",640,671,true],"1536x1536":["https:\/\/i0.wp.com\/infos-droitshumains.net\/wp-content\/uploads\/2025\/02\/IMG-20250208-WA0022-scaled.jpg?fit=1464%2C1536&ssl=1",1464,1536,true],"2048x2048":["https:\/\/i0.wp.com\/infos-droitshumains.net\/wp-content\/uploads\/2025\/02\/IMG-20250208-WA0022-scaled.jpg?fit=1952%2C2048&ssl=1",1952,2048,true],"covernews-slider-full":["https:\/\/i0.wp.com\/infos-droitshumains.net\/wp-content\/uploads\/2025\/02\/IMG-20250208-WA0022-scaled.jpg?resize=1115%2C715&ssl=1",1115,715,true],"covernews-slider-center":["https:\/\/i0.wp.com\/infos-droitshumains.net\/wp-content\/uploads\/2025\/02\/IMG-20250208-WA0022-scaled.jpg?resize=800%2C500&ssl=1",800,500,true],"covernews-featured":["https:\/\/i0.wp.com\/infos-droitshumains.net\/wp-content\/uploads\/2025\/02\/IMG-20250208-WA0022-scaled.jpg?fit=1024%2C1074&ssl=1",1024,1074,true],"covernews-medium":["https:\/\/i0.wp.com\/infos-droitshumains.net\/wp-content\/uploads\/2025\/02\/IMG-20250208-WA0022-scaled.jpg?resize=540%2C340&ssl=1",540,340,true],"covernews-medium-square":["https:\/\/i0.wp.com\/infos-droitshumains.net\/wp-content\/uploads\/2025\/02\/IMG-20250208-WA0022-scaled.jpg?resize=400%2C250&ssl=1",400,250,true]},"author_info":{"display_name":"Jo\u00ebl Diawa","author_link":"https:\/\/infos-droitshumains.net\/?author=2"},"category_info":"<a href=\"https:\/\/infos-droitshumains.net\/?cat=8\" rel=\"category\">Soci\u00e9t\u00e9<\/a>","tag_info":"Soci\u00e9t\u00e9","comment_count":"0","jetpack_featured_media_url":"https:\/\/i0.wp.com\/infos-droitshumains.net\/wp-content\/uploads\/2025\/02\/IMG-20250208-WA0022-scaled.jpg?fit=2440%2C2560&ssl=1","jetpack-related-posts":[],"jetpack_sharing_enabled":true,"_links":{"self":[{"href":"https:\/\/infos-droitshumains.net\/index.php?rest_route=\/wp\/v2\/posts\/12611","targetHints":{"allow":["GET"]}}],"collection":[{"href":"https:\/\/infos-droitshumains.net\/index.php?rest_route=\/wp\/v2\/posts"}],"about":[{"href":"https:\/\/infos-droitshumains.net\/index.php?rest_route=\/wp\/v2\/types\/post"}],"author":[{"embeddable":true,"href":"https:\/\/infos-droitshumains.net\/index.php?rest_route=\/wp\/v2\/users\/2"}],"replies":[{"embeddable":true,"href":"https:\/\/infos-droitshumains.net\/index.php?rest_route=%2Fwp%2Fv2%2Fcomments&post=12611"}],"version-history":[{"count":1,"href":"https:\/\/infos-droitshumains.net\/index.php?rest_route=\/wp\/v2\/posts\/12611\/revisions"}],"predecessor-version":[{"id":12613,"href":"https:\/\/infos-droitshumains.net\/index.php?rest_route=\/wp\/v2\/posts\/12611\/revisions\/12613"}],"wp:featuredmedia":[{"embeddable":true,"href":"https:\/\/infos-droitshumains.net\/index.php?rest_route=\/wp\/v2\/media\/12612"}],"wp:attachment":[{"href":"https:\/\/infos-droitshumains.net\/index.php?rest_route=%2Fwp%2Fv2%2Fmedia&parent=12611"}],"wp:term":[{"taxonomy":"category","embeddable":true,"href":"https:\/\/infos-droitshumains.net\/index.php?rest_route=%2Fwp%2Fv2%2Fcategories&post=12611"},{"taxonomy":"post_tag","embeddable":true,"href":"https:\/\/infos-droitshumains.net\/index.php?rest_route=%2Fwp%2Fv2%2Ftags&post=12611"}],"curies":[{"name":"wp","href":"https:\/\/api.w.org\/{rel}","templated":true}]}}