{"id":12539,"date":"2025-02-03T22:25:40","date_gmt":"2025-02-03T21:25:40","guid":{"rendered":"https:\/\/infos-droitshumains.net\/?p=12539"},"modified":"2025-02-04T09:33:22","modified_gmt":"2025-02-04T08:33:22","slug":"vernissage-de-louvrage-controle-de-constitutionnalite-pre-filtrage-filtrage-competence-le-doctrinaire-emmanuel-amouri-kitenge-encense-l","status":"publish","type":"post","link":"https:\/\/infos-droitshumains.net\/?p=12539","title":{"rendered":"Vernissage de l\u2019ouvrage \u2018\u2019Contr\u00f4le de constitutionnalit\u00e9\u00a0: Pr\u00e9-filtrage-filtrage-comp\u00e9tence\u2019\u2019\u00a0: Le doctrinaire Emmanuel Amouri Kitenge encense l\u2019auteur"},"content":{"rendered":"\n<p><strong>R\u00e9daction: +243 817 406 088<\/strong><\/p>\n\n\n\n<h3 class=\"wp-block-heading has-vivid-red-color has-text-color has-link-color wp-elements-e55b2cfc427d63b3899df0d782f39cf0\">Le bapt\u00eame de l\u2019ouvrage \u2018\u2019Contr\u00f4le de constitutionnalit\u00e9&nbsp;: Pr\u00e9-filtrage-filtrage-comp\u00e9tence\u2019\u2019&nbsp;a eu lieu le mercredi 11 d\u00e9cembre dernier \u00e0 la Cour d\u2019Appel de Kinshasa\/Matete. Dans cet ouvrage, l\u2019auteur a r\u00e9fl\u00e9chi sur la probl\u00e9matique que pose l\u2019exception d\u2019inconstitutionnalit\u00e9 soulev\u00e9e par certains avocats avec notamment pour finalit\u00e9 <em>\u00ab&nbsp;de bloquer l\u2019issue du proc\u00e8s.&nbsp;\u00bb<\/em><\/h3>\n\n\n\n<p>Se fondant sur les dispositions des articles 162 de la constitution, 43 et 52 de la loi organique n\u00b013\/026 du 15 octobre 2013 portant organisation et fonctionnement de la Cour constitutionnelle, 61 de la loi organique n\u00b013\/011-B du 11 avril 2013 portant organisation, fonctionnement et comp\u00e9tences des juridictions de l\u2019ordre judiciaire ainsi que le r\u00e8glement int\u00e9rieur de la Cour Constitutionnelle, tout en commentant quelques d\u00e9cisions judiciaires rendues en mati\u00e8re de contr\u00f4le de constitutionnalit\u00e9 par les hautes juridictions du pays et \u00e9trang\u00e8res, il explique clairement aux juges et de fa\u00e7on satisfaisante, la proc\u00e9dure \u00e0 suivre lorsque les plaideurs mesquins soul\u00e8vent ledit moyen. Gabriel Kilala a donc trouv\u00e9 la solution \u00e0 cette probl\u00e9matique qu\u2019il appelle le <strong><em>\u2018\u2019pr\u00e9-filtrage\u2019\u2019<\/em><\/strong>.<\/p>\n\n\n\n<p>Une d\u00e9marche scientifique qui s\u00e9duit Emmanuel Amouri Kitenge, un autre doctrinaire et Procureur de la R\u00e9publique faisant fonction de chef du parquet pr\u00e8s le Tribunal de Paix de Kinshasa\/Lemba. Il s\u2019est procur\u00e9 un nombre important de cet ouvrage qu\u2019il qualifie d\u2019une connaissance objective face \u00e0 l\u2019exception d\u2019inconstitutionnalit\u00e9 qui vaut un dilatoire&nbsp;:<\/p>\n\n\n\n<p><em>\u00ab&nbsp;Je suis praticien de droit, avant d\u2019\u00eatre procureur de la r\u00e9publique, d\u00e9fenseur judicaire puis avocat. C\u2019est notre pain quotidien&nbsp;; c\u2019est une exception qui revenait toujours pendant tous les temps. Une exception d\u00e9nomm\u00e9e Mbasu (ulc\u00e8re de burili ndlr), une exception pour paralyser le bon fonctionnement de la justice. Ce qui fait que la justice connaisse aussi une lenteur. Depuis longtemps on avait des arguments qu\u2019on ne savait assoir ni sur une disposition l\u00e9gale moins encore sur une quelconque doctrine. Mais aujourd\u2019hui, il a relev\u00e9 plusieurs dispositions l\u00e9gales pour d\u00e9montrer que cette exception ne peut pas \u00eatre soulev\u00e9e comme on le fait d\u2019habitude. Il y a l\u2019article 43 de la loi organique qui d\u00e9termine les actes pouvant \u00eatre vis\u00e9s par ladite exception. Il a amen\u00e9 une connaissance objective qui va aider les praticiens de droit que nous sommes&nbsp;\u00bb<\/em>, a-t-il dit.<\/p>\n\n\n\n<p>Celui qui est surnomm\u00e9 ma\u00eetre d\u2019\u00e9cole dit cependant vouloir faire b\u00e9n\u00e9ficier \u00e0 tous les magistrats de son office de ce savoir. Ce qui justifie la pr\u00e9sence de ces deniers \u00e0 cette c\u00e9r\u00e9monie de vernissage&nbsp;:<\/p>\n\n\n\n<p><em>\u00ab&nbsp;Si je me suis procur\u00e9 autant d\u2019ouvrages, c\u2019est pour soutenir la hi\u00e9rarchie Gabriel Kilala. C\u2019est quelqu\u2019un qui m\u2019a beaucoup inspir\u00e9 dans l\u2019\u00e9criture&nbsp;; je vais lire mais aussi, mettre \u00e0 la disposition de mes coll\u00e8gues\u2026Voil\u00e0 pourquoi je me suis d\u00e9plac\u00e9 avec eux. Je ne voudrai pas profiter seul, j\u2019ai profit\u00e9 avec eux pour nous nourrir aux mamelons de nos pr\u00e9d\u00e9cesseurs. Et aussi, comme c\u2019est un pr\u00e9d\u00e9cesseur que je respecte beaucoup, j\u2019ai donn\u00e9 aussi cet exemple \u00e0 ceux qui publieront apr\u00e8s nous de pouvoir nous respecter&nbsp;\u00bb<\/em>, a pr\u00e9cis\u00e9 Emmanuel Amouri.<\/p>\n\n\n\n<p>Il souligne en outre que ce jour \u00e9tait une <em>\u00ab&nbsp;opportunit\u00e9 pour nous les immortels\u00bb<\/em> parce qu\u2019aujourd\u2019hui, si le Chef Kilala n\u2019est plus rench\u00e9rit-il, <em>\u00ab&nbsp;il sera toujours \u00e9voqu\u00e9 dans des audiences notamment, \u00e0 travers cet ouvrage qui est d\u2019une importance capitale&nbsp;\u00bb.<\/em><\/p>\n\n\n\n<p>Outre sa casquette de Magistrat, Emmanuel Amouri Kitenge est connu comme un grand doctrinaire pour avoir produit plusieurs ouvrages qui donnent des positions suivies. L\u2019une de ses \u0153uvres les plus c\u00e9l\u00e8bres c\u2019est <strong>\u2018\u2019Les mesures provisoires en droit judicaire congolais\u2019\u2019<\/strong>, un ouvrage devenu source d\u2019inspiration en mati\u00e8re civile.<\/p>\n\n\n\n<p>Jo\u00ebl Diawa<\/p>\n","protected":false},"excerpt":{"rendered":"<p>R\u00e9daction: +243 817 406 088 Le bapt\u00eame de l\u2019ouvrage \u2018\u2019Contr\u00f4le de constitutionnalit\u00e9&nbsp;: Pr\u00e9-filtrage-filtrage-comp\u00e9tence\u2019\u2019&nbsp;a eu lieu&#8230;<\/p>\n","protected":false},"author":2,"featured_media":12545,"comment_status":"open","ping_status":"open","sticky":false,"template":"","format":"standard","meta":{"_jetpack_memberships_contains_paid_content":false,"footnotes":""},"categories":[6],"tags":[],"class_list":["post-12539","post","type-post","status-publish","format-standard","has-post-thumbnail","hentry","category-justice"],"yoast_head":"<!-- This site is optimized with the Yoast SEO plugin v27.5 - https:\/\/yoast.com\/product\/yoast-seo-wordpress\/ -->\n<title>Vernissage de l\u2019ouvrage \u2018\u2019Contr\u00f4le de constitutionnalit\u00e9\u00a0: Pr\u00e9-filtrage-filtrage-comp\u00e9tence\u2019\u2019\u00a0: Le doctrinaire Emmanuel Amouri Kitenge encense l\u2019auteur - Infos Droits Humains<\/title>\n<meta name=\"robots\" content=\"index, follow, max-snippet:-1, max-image-preview:large, max-video-preview:-1\" \/>\n<link rel=\"canonical\" href=\"https:\/\/infos-droitshumains.net\/?p=12539\" \/>\n<meta property=\"og:locale\" content=\"fr_FR\" \/>\n<meta property=\"og:type\" content=\"article\" \/>\n<meta property=\"og:title\" content=\"Vernissage de l\u2019ouvrage \u2018\u2019Contr\u00f4le de constitutionnalit\u00e9\u00a0: Pr\u00e9-filtrage-filtrage-comp\u00e9tence\u2019\u2019\u00a0: Le doctrinaire Emmanuel Amouri Kitenge encense l\u2019auteur - Infos Droits Humains\" \/>\n<meta property=\"og:description\" content=\"R\u00e9daction: +243 817 406 088 Le bapt\u00eame de l\u2019ouvrage \u2018\u2019Contr\u00f4le de constitutionnalit\u00e9&nbsp;: Pr\u00e9-filtrage-filtrage-comp\u00e9tence\u2019\u2019&nbsp;a eu lieu...\" \/>\n<meta property=\"og:url\" content=\"https:\/\/infos-droitshumains.net\/?p=12539\" \/>\n<meta property=\"og:site_name\" content=\"Infos Droits Humains\" \/>\n<meta property=\"article:published_time\" content=\"2025-02-03T21:25:40+00:00\" \/>\n<meta property=\"article:modified_time\" content=\"2025-02-04T08:33:22+00:00\" \/>\n<meta property=\"og:image\" content=\"https:\/\/infos-droitshumains.net\/wp-content\/uploads\/2025\/02\/IMG-20250204-WA0015_1.jpg\" \/>\n\t<meta property=\"og:image:width\" content=\"696\" \/>\n\t<meta property=\"og:image:height\" content=\"819\" \/>\n\t<meta property=\"og:image:type\" content=\"image\/jpeg\" \/>\n<meta name=\"author\" content=\"Jo\u00ebl Diawa\" \/>\n<meta name=\"twitter:card\" content=\"summary_large_image\" \/>\n<meta name=\"twitter:label1\" content=\"\u00c9crit par\" \/>\n\t<meta name=\"twitter:data1\" content=\"Jo\u00ebl Diawa\" \/>\n\t<meta name=\"twitter:label2\" content=\"Dur\u00e9e de lecture estim\u00e9e\" \/>\n\t<meta name=\"twitter:data2\" content=\"4 minutes\" \/>\n<script type=\"application\/ld+json\" class=\"yoast-schema-graph\">{\"@context\":\"https:\\\/\\\/schema.org\",\"@graph\":[{\"@type\":\"Article\",\"@id\":\"https:\\\/\\\/infos-droitshumains.net\\\/?p=12539#article\",\"isPartOf\":{\"@id\":\"https:\\\/\\\/infos-droitshumains.net\\\/?p=12539\"},\"author\":{\"name\":\"Jo\u00ebl Diawa\",\"@id\":\"https:\\\/\\\/infos-droitshumains.net\\\/#\\\/schema\\\/person\\\/3dc5e921c3302172e0ed4362f96faab7\"},\"headline\":\"Vernissage de l\u2019ouvrage \u2018\u2019Contr\u00f4le de constitutionnalit\u00e9\u00a0: Pr\u00e9-filtrage-filtrage-comp\u00e9tence\u2019\u2019\u00a0: Le doctrinaire Emmanuel Amouri Kitenge encense l\u2019auteur\",\"datePublished\":\"2025-02-03T21:25:40+00:00\",\"dateModified\":\"2025-02-04T08:33:22+00:00\",\"mainEntityOfPage\":{\"@id\":\"https:\\\/\\\/infos-droitshumains.net\\\/?p=12539\"},\"wordCount\":678,\"commentCount\":0,\"publisher\":{\"@id\":\"https:\\\/\\\/infos-droitshumains.net\\\/#organization\"},\"image\":{\"@id\":\"https:\\\/\\\/infos-droitshumains.net\\\/?p=12539#primaryimage\"},\"thumbnailUrl\":\"https:\\\/\\\/i0.wp.com\\\/infos-droitshumains.net\\\/wp-content\\\/uploads\\\/2025\\\/02\\\/IMG-20250204-WA0015_1.jpg?fit=696%2C819&ssl=1\",\"articleSection\":[\"Justice\"],\"inLanguage\":\"fr-FR\",\"potentialAction\":[{\"@type\":\"CommentAction\",\"name\":\"Comment\",\"target\":[\"https:\\\/\\\/infos-droitshumains.net\\\/?p=12539#respond\"]}]},{\"@type\":\"WebPage\",\"@id\":\"https:\\\/\\\/infos-droitshumains.net\\\/?p=12539\",\"url\":\"https:\\\/\\\/infos-droitshumains.net\\\/?p=12539\",\"name\":\"Vernissage de l\u2019ouvrage \u2018\u2019Contr\u00f4le de constitutionnalit\u00e9\u00a0: Pr\u00e9-filtrage-filtrage-comp\u00e9tence\u2019\u2019\u00a0: Le doctrinaire Emmanuel Amouri Kitenge encense l\u2019auteur - Infos Droits Humains\",\"isPartOf\":{\"@id\":\"https:\\\/\\\/infos-droitshumains.net\\\/#website\"},\"primaryImageOfPage\":{\"@id\":\"https:\\\/\\\/infos-droitshumains.net\\\/?p=12539#primaryimage\"},\"image\":{\"@id\":\"https:\\\/\\\/infos-droitshumains.net\\\/?p=12539#primaryimage\"},\"thumbnailUrl\":\"https:\\\/\\\/i0.wp.com\\\/infos-droitshumains.net\\\/wp-content\\\/uploads\\\/2025\\\/02\\\/IMG-20250204-WA0015_1.jpg?fit=696%2C819&ssl=1\",\"datePublished\":\"2025-02-03T21:25:40+00:00\",\"dateModified\":\"2025-02-04T08:33:22+00:00\",\"breadcrumb\":{\"@id\":\"https:\\\/\\\/infos-droitshumains.net\\\/?p=12539#breadcrumb\"},\"inLanguage\":\"fr-FR\",\"potentialAction\":[{\"@type\":\"ReadAction\",\"target\":[\"https:\\\/\\\/infos-droitshumains.net\\\/?p=12539\"]}]},{\"@type\":\"ImageObject\",\"inLanguage\":\"fr-FR\",\"@id\":\"https:\\\/\\\/infos-droitshumains.net\\\/?p=12539#primaryimage\",\"url\":\"https:\\\/\\\/i0.wp.com\\\/infos-droitshumains.net\\\/wp-content\\\/uploads\\\/2025\\\/02\\\/IMG-20250204-WA0015_1.jpg?fit=696%2C819&ssl=1\",\"contentUrl\":\"https:\\\/\\\/i0.wp.com\\\/infos-droitshumains.net\\\/wp-content\\\/uploads\\\/2025\\\/02\\\/IMG-20250204-WA0015_1.jpg?fit=696%2C819&ssl=1\",\"width\":696,\"height\":819},{\"@type\":\"BreadcrumbList\",\"@id\":\"https:\\\/\\\/infos-droitshumains.net\\\/?p=12539#breadcrumb\",\"itemListElement\":[{\"@type\":\"ListItem\",\"position\":1,\"name\":\"Accueil\",\"item\":\"https:\\\/\\\/infos-droitshumains.net\\\/\"},{\"@type\":\"ListItem\",\"position\":2,\"name\":\"Vernissage de l\u2019ouvrage \u2018\u2019Contr\u00f4le de constitutionnalit\u00e9\u00a0: Pr\u00e9-filtrage-filtrage-comp\u00e9tence\u2019\u2019\u00a0: Le doctrinaire Emmanuel Amouri Kitenge encense l\u2019auteur\"}]},{\"@type\":\"WebSite\",\"@id\":\"https:\\\/\\\/infos-droitshumains.net\\\/#website\",\"url\":\"https:\\\/\\\/infos-droitshumains.net\\\/\",\"name\":\"Infos Droits Humains\",\"description\":\"S&#039;informer est un droit\",\"publisher\":{\"@id\":\"https:\\\/\\\/infos-droitshumains.net\\\/#organization\"},\"potentialAction\":[{\"@type\":\"SearchAction\",\"target\":{\"@type\":\"EntryPoint\",\"urlTemplate\":\"https:\\\/\\\/infos-droitshumains.net\\\/?s={search_term_string}\"},\"query-input\":{\"@type\":\"PropertyValueSpecification\",\"valueRequired\":true,\"valueName\":\"search_term_string\"}}],\"inLanguage\":\"fr-FR\"},{\"@type\":\"Organization\",\"@id\":\"https:\\\/\\\/infos-droitshumains.net\\\/#organization\",\"name\":\"Infos Droits Humains\",\"url\":\"https:\\\/\\\/infos-droitshumains.net\\\/\",\"logo\":{\"@type\":\"ImageObject\",\"inLanguage\":\"fr-FR\",\"@id\":\"https:\\\/\\\/infos-droitshumains.net\\\/#\\\/schema\\\/logo\\\/image\\\/\",\"url\":\"https:\\\/\\\/i0.wp.com\\\/infos-droitshumains.net\\\/wp-content\\\/uploads\\\/2022\\\/05\\\/Logo.png?fit=333%2C129&ssl=1\",\"contentUrl\":\"https:\\\/\\\/i0.wp.com\\\/infos-droitshumains.net\\\/wp-content\\\/uploads\\\/2022\\\/05\\\/Logo.png?fit=333%2C129&ssl=1\",\"width\":333,\"height\":129,\"caption\":\"Infos Droits Humains\"},\"image\":{\"@id\":\"https:\\\/\\\/infos-droitshumains.net\\\/#\\\/schema\\\/logo\\\/image\\\/\"}},{\"@type\":\"Person\",\"@id\":\"https:\\\/\\\/infos-droitshumains.net\\\/#\\\/schema\\\/person\\\/3dc5e921c3302172e0ed4362f96faab7\",\"name\":\"Jo\u00ebl Diawa\",\"image\":{\"@type\":\"ImageObject\",\"inLanguage\":\"fr-FR\",\"@id\":\"https:\\\/\\\/secure.gravatar.com\\\/avatar\\\/729bea6ff4604c624417803c477363be8e3c7186deaa65713313f9b4b820f41c?s=96&d=mm&r=g\",\"url\":\"https:\\\/\\\/secure.gravatar.com\\\/avatar\\\/729bea6ff4604c624417803c477363be8e3c7186deaa65713313f9b4b820f41c?s=96&d=mm&r=g\",\"contentUrl\":\"https:\\\/\\\/secure.gravatar.com\\\/avatar\\\/729bea6ff4604c624417803c477363be8e3c7186deaa65713313f9b4b820f41c?s=96&d=mm&r=g\",\"caption\":\"Jo\u00ebl Diawa\"},\"sameAs\":[\"https:\\\/\\\/www.infos-droitshumains.net\"],\"url\":\"https:\\\/\\\/infos-droitshumains.net\\\/?author=2\"}]}<\/script>\n<!-- \/ Yoast SEO plugin. -->","yoast_head_json":{"title":"Vernissage de l\u2019ouvrage \u2018\u2019Contr\u00f4le de constitutionnalit\u00e9\u00a0: Pr\u00e9-filtrage-filtrage-comp\u00e9tence\u2019\u2019\u00a0: Le doctrinaire Emmanuel Amouri Kitenge encense l\u2019auteur - Infos Droits Humains","robots":{"index":"index","follow":"follow","max-snippet":"max-snippet:-1","max-image-preview":"max-image-preview:large","max-video-preview":"max-video-preview:-1"},"canonical":"https:\/\/infos-droitshumains.net\/?p=12539","og_locale":"fr_FR","og_type":"article","og_title":"Vernissage de l\u2019ouvrage \u2018\u2019Contr\u00f4le de constitutionnalit\u00e9\u00a0: Pr\u00e9-filtrage-filtrage-comp\u00e9tence\u2019\u2019\u00a0: Le doctrinaire Emmanuel Amouri Kitenge encense l\u2019auteur - Infos Droits Humains","og_description":"R\u00e9daction: +243 817 406 088 Le bapt\u00eame de l\u2019ouvrage \u2018\u2019Contr\u00f4le de constitutionnalit\u00e9&nbsp;: Pr\u00e9-filtrage-filtrage-comp\u00e9tence\u2019\u2019&nbsp;a eu lieu...","og_url":"https:\/\/infos-droitshumains.net\/?p=12539","og_site_name":"Infos Droits Humains","article_published_time":"2025-02-03T21:25:40+00:00","article_modified_time":"2025-02-04T08:33:22+00:00","og_image":[{"width":696,"height":819,"url":"https:\/\/infos-droitshumains.net\/wp-content\/uploads\/2025\/02\/IMG-20250204-WA0015_1.jpg","type":"image\/jpeg"}],"author":"Jo\u00ebl Diawa","twitter_card":"summary_large_image","twitter_misc":{"\u00c9crit par":"Jo\u00ebl Diawa","Dur\u00e9e de lecture estim\u00e9e":"4 minutes"},"schema":{"@context":"https:\/\/schema.org","@graph":[{"@type":"Article","@id":"https:\/\/infos-droitshumains.net\/?p=12539#article","isPartOf":{"@id":"https:\/\/infos-droitshumains.net\/?p=12539"},"author":{"name":"Jo\u00ebl Diawa","@id":"https:\/\/infos-droitshumains.net\/#\/schema\/person\/3dc5e921c3302172e0ed4362f96faab7"},"headline":"Vernissage de l\u2019ouvrage \u2018\u2019Contr\u00f4le de constitutionnalit\u00e9\u00a0: Pr\u00e9-filtrage-filtrage-comp\u00e9tence\u2019\u2019\u00a0: Le doctrinaire Emmanuel Amouri Kitenge encense l\u2019auteur","datePublished":"2025-02-03T21:25:40+00:00","dateModified":"2025-02-04T08:33:22+00:00","mainEntityOfPage":{"@id":"https:\/\/infos-droitshumains.net\/?p=12539"},"wordCount":678,"commentCount":0,"publisher":{"@id":"https:\/\/infos-droitshumains.net\/#organization"},"image":{"@id":"https:\/\/infos-droitshumains.net\/?p=12539#primaryimage"},"thumbnailUrl":"https:\/\/i0.wp.com\/infos-droitshumains.net\/wp-content\/uploads\/2025\/02\/IMG-20250204-WA0015_1.jpg?fit=696%2C819&ssl=1","articleSection":["Justice"],"inLanguage":"fr-FR","potentialAction":[{"@type":"CommentAction","name":"Comment","target":["https:\/\/infos-droitshumains.net\/?p=12539#respond"]}]},{"@type":"WebPage","@id":"https:\/\/infos-droitshumains.net\/?p=12539","url":"https:\/\/infos-droitshumains.net\/?p=12539","name":"Vernissage de l\u2019ouvrage \u2018\u2019Contr\u00f4le de constitutionnalit\u00e9\u00a0: Pr\u00e9-filtrage-filtrage-comp\u00e9tence\u2019\u2019\u00a0: Le doctrinaire Emmanuel Amouri Kitenge encense l\u2019auteur - Infos Droits Humains","isPartOf":{"@id":"https:\/\/infos-droitshumains.net\/#website"},"primaryImageOfPage":{"@id":"https:\/\/infos-droitshumains.net\/?p=12539#primaryimage"},"image":{"@id":"https:\/\/infos-droitshumains.net\/?p=12539#primaryimage"},"thumbnailUrl":"https:\/\/i0.wp.com\/infos-droitshumains.net\/wp-content\/uploads\/2025\/02\/IMG-20250204-WA0015_1.jpg?fit=696%2C819&ssl=1","datePublished":"2025-02-03T21:25:40+00:00","dateModified":"2025-02-04T08:33:22+00:00","breadcrumb":{"@id":"https:\/\/infos-droitshumains.net\/?p=12539#breadcrumb"},"inLanguage":"fr-FR","potentialAction":[{"@type":"ReadAction","target":["https:\/\/infos-droitshumains.net\/?p=12539"]}]},{"@type":"ImageObject","inLanguage":"fr-FR","@id":"https:\/\/infos-droitshumains.net\/?p=12539#primaryimage","url":"https:\/\/i0.wp.com\/infos-droitshumains.net\/wp-content\/uploads\/2025\/02\/IMG-20250204-WA0015_1.jpg?fit=696%2C819&ssl=1","contentUrl":"https:\/\/i0.wp.com\/infos-droitshumains.net\/wp-content\/uploads\/2025\/02\/IMG-20250204-WA0015_1.jpg?fit=696%2C819&ssl=1","width":696,"height":819},{"@type":"BreadcrumbList","@id":"https:\/\/infos-droitshumains.net\/?p=12539#breadcrumb","itemListElement":[{"@type":"ListItem","position":1,"name":"Accueil","item":"https:\/\/infos-droitshumains.net\/"},{"@type":"ListItem","position":2,"name":"Vernissage de l\u2019ouvrage \u2018\u2019Contr\u00f4le de constitutionnalit\u00e9\u00a0: Pr\u00e9-filtrage-filtrage-comp\u00e9tence\u2019\u2019\u00a0: Le doctrinaire Emmanuel Amouri Kitenge encense l\u2019auteur"}]},{"@type":"WebSite","@id":"https:\/\/infos-droitshumains.net\/#website","url":"https:\/\/infos-droitshumains.net\/","name":"Infos Droits Humains","description":"S&#039;informer est un droit","publisher":{"@id":"https:\/\/infos-droitshumains.net\/#organization"},"potentialAction":[{"@type":"SearchAction","target":{"@type":"EntryPoint","urlTemplate":"https:\/\/infos-droitshumains.net\/?s={search_term_string}"},"query-input":{"@type":"PropertyValueSpecification","valueRequired":true,"valueName":"search_term_string"}}],"inLanguage":"fr-FR"},{"@type":"Organization","@id":"https:\/\/infos-droitshumains.net\/#organization","name":"Infos Droits Humains","url":"https:\/\/infos-droitshumains.net\/","logo":{"@type":"ImageObject","inLanguage":"fr-FR","@id":"https:\/\/infos-droitshumains.net\/#\/schema\/logo\/image\/","url":"https:\/\/i0.wp.com\/infos-droitshumains.net\/wp-content\/uploads\/2022\/05\/Logo.png?fit=333%2C129&ssl=1","contentUrl":"https:\/\/i0.wp.com\/infos-droitshumains.net\/wp-content\/uploads\/2022\/05\/Logo.png?fit=333%2C129&ssl=1","width":333,"height":129,"caption":"Infos Droits Humains"},"image":{"@id":"https:\/\/infos-droitshumains.net\/#\/schema\/logo\/image\/"}},{"@type":"Person","@id":"https:\/\/infos-droitshumains.net\/#\/schema\/person\/3dc5e921c3302172e0ed4362f96faab7","name":"Jo\u00ebl Diawa","image":{"@type":"ImageObject","inLanguage":"fr-FR","@id":"https:\/\/secure.gravatar.com\/avatar\/729bea6ff4604c624417803c477363be8e3c7186deaa65713313f9b4b820f41c?s=96&d=mm&r=g","url":"https:\/\/secure.gravatar.com\/avatar\/729bea6ff4604c624417803c477363be8e3c7186deaa65713313f9b4b820f41c?s=96&d=mm&r=g","contentUrl":"https:\/\/secure.gravatar.com\/avatar\/729bea6ff4604c624417803c477363be8e3c7186deaa65713313f9b4b820f41c?s=96&d=mm&r=g","caption":"Jo\u00ebl Diawa"},"sameAs":["https:\/\/www.infos-droitshumains.net"],"url":"https:\/\/infos-droitshumains.net\/?author=2"}]}},"featured_image_urls":{"full":["https:\/\/i0.wp.com\/infos-droitshumains.net\/wp-content\/uploads\/2025\/02\/IMG-20250204-WA0015_1.jpg?fit=696%2C819&ssl=1",696,819,false],"thumbnail":["https:\/\/i0.wp.com\/infos-droitshumains.net\/wp-content\/uploads\/2025\/02\/IMG-20250204-WA0015_1.jpg?resize=150%2C150&ssl=1",150,150,true],"medium":["https:\/\/i0.wp.com\/infos-droitshumains.net\/wp-content\/uploads\/2025\/02\/IMG-20250204-WA0015_1.jpg?fit=255%2C300&ssl=1",255,300,true],"medium_large":["https:\/\/i0.wp.com\/infos-droitshumains.net\/wp-content\/uploads\/2025\/02\/IMG-20250204-WA0015_1.jpg?fit=640%2C753&ssl=1",640,753,true],"large":["https:\/\/i0.wp.com\/infos-droitshumains.net\/wp-content\/uploads\/2025\/02\/IMG-20250204-WA0015_1.jpg?fit=640%2C753&ssl=1",640,753,true],"1536x1536":["https:\/\/i0.wp.com\/infos-droitshumains.net\/wp-content\/uploads\/2025\/02\/IMG-20250204-WA0015_1.jpg?fit=696%2C819&ssl=1",696,819,true],"2048x2048":["https:\/\/i0.wp.com\/infos-droitshumains.net\/wp-content\/uploads\/2025\/02\/IMG-20250204-WA0015_1.jpg?fit=696%2C819&ssl=1",696,819,true],"covernews-slider-full":["https:\/\/i0.wp.com\/infos-droitshumains.net\/wp-content\/uploads\/2025\/02\/IMG-20250204-WA0015_1.jpg?resize=696%2C715&ssl=1",696,715,true],"covernews-slider-center":["https:\/\/i0.wp.com\/infos-droitshumains.net\/wp-content\/uploads\/2025\/02\/IMG-20250204-WA0015_1.jpg?resize=696%2C500&ssl=1",696,500,true],"covernews-featured":["https:\/\/i0.wp.com\/infos-droitshumains.net\/wp-content\/uploads\/2025\/02\/IMG-20250204-WA0015_1.jpg?fit=696%2C819&ssl=1",696,819,true],"covernews-medium":["https:\/\/i0.wp.com\/infos-droitshumains.net\/wp-content\/uploads\/2025\/02\/IMG-20250204-WA0015_1.jpg?resize=540%2C340&ssl=1",540,340,true],"covernews-medium-square":["https:\/\/i0.wp.com\/infos-droitshumains.net\/wp-content\/uploads\/2025\/02\/IMG-20250204-WA0015_1.jpg?resize=400%2C250&ssl=1",400,250,true]},"author_info":{"display_name":"Jo\u00ebl Diawa","author_link":"https:\/\/infos-droitshumains.net\/?author=2"},"category_info":"<a href=\"https:\/\/infos-droitshumains.net\/?cat=6\" rel=\"category\">Justice<\/a>","tag_info":"Justice","comment_count":"0","jetpack_featured_media_url":"https:\/\/i0.wp.com\/infos-droitshumains.net\/wp-content\/uploads\/2025\/02\/IMG-20250204-WA0015_1.jpg?fit=696%2C819&ssl=1","jetpack-related-posts":[],"jetpack_sharing_enabled":true,"_links":{"self":[{"href":"https:\/\/infos-droitshumains.net\/index.php?rest_route=\/wp\/v2\/posts\/12539","targetHints":{"allow":["GET"]}}],"collection":[{"href":"https:\/\/infos-droitshumains.net\/index.php?rest_route=\/wp\/v2\/posts"}],"about":[{"href":"https:\/\/infos-droitshumains.net\/index.php?rest_route=\/wp\/v2\/types\/post"}],"author":[{"embeddable":true,"href":"https:\/\/infos-droitshumains.net\/index.php?rest_route=\/wp\/v2\/users\/2"}],"replies":[{"embeddable":true,"href":"https:\/\/infos-droitshumains.net\/index.php?rest_route=%2Fwp%2Fv2%2Fcomments&post=12539"}],"version-history":[{"count":1,"href":"https:\/\/infos-droitshumains.net\/index.php?rest_route=\/wp\/v2\/posts\/12539\/revisions"}],"predecessor-version":[{"id":12540,"href":"https:\/\/infos-droitshumains.net\/index.php?rest_route=\/wp\/v2\/posts\/12539\/revisions\/12540"}],"wp:featuredmedia":[{"embeddable":true,"href":"https:\/\/infos-droitshumains.net\/index.php?rest_route=\/wp\/v2\/media\/12545"}],"wp:attachment":[{"href":"https:\/\/infos-droitshumains.net\/index.php?rest_route=%2Fwp%2Fv2%2Fmedia&parent=12539"}],"wp:term":[{"taxonomy":"category","embeddable":true,"href":"https:\/\/infos-droitshumains.net\/index.php?rest_route=%2Fwp%2Fv2%2Fcategories&post=12539"},{"taxonomy":"post_tag","embeddable":true,"href":"https:\/\/infos-droitshumains.net\/index.php?rest_route=%2Fwp%2Fv2%2Ftags&post=12539"}],"curies":[{"name":"wp","href":"https:\/\/api.w.org\/{rel}","templated":true}]}}