{"id":12426,"date":"2025-01-22T09:54:15","date_gmt":"2025-01-22T08:54:15","guid":{"rendered":"https:\/\/infos-droitshumains.net\/?p=12426"},"modified":"2025-01-23T17:17:34","modified_gmt":"2025-01-23T16:17:34","slug":"rdc-nouvelles-nominations-a-la-ctdh-la-ministre-des-droits-humains-appelee-a-revenir-sur-son-arrete-qualifie-dillegal-dinjuste-et-de-violation-des-droits-humains","status":"publish","type":"post","link":"https:\/\/infos-droitshumains.net\/?p=12426","title":{"rendered":"RDC\u00a0: Nouvelles nominations \u00e0 la CTDH, la Ministre des droits humains appel\u00e9e \u00e0 revenir sur son arr\u00eat\u00e9 qualifi\u00e9 \u00a0\u00bbd&rsquo;ill\u00e9gal, d&rsquo;injuste et de violation des droits humains\u00a0\u00bb"},"content":{"rendered":"\n<p><strong>R\u00e9daction: +243 817 406 088<\/strong><\/p>\n\n\n\n<h3 class=\"wp-block-heading has-vivid-red-color has-text-color has-link-color wp-elements-7975dabf4d8fb066dd5567d6d0ec457d\">Dans un arr\u00eat\u00e9 sign\u00e9 le 2 janvier 2025, la Ministre des droits humains a nomm\u00e9 64 nouveaux experts de la Cellule Technique des Droits humains (CTDH). Une d\u00e9cision qui a conduit \u00e0 la d\u00e9mission de Fernandez Murhola, coordonnateur de cette cellule, un jour apr\u00e8s la signature de cet arr\u00eat\u00e9. Pour lui, la d\u00e9cision de Chantal Chambu Mwavita est ill\u00e9gale et injuste.<\/h3>\n\n\n\n<p>Fernandez Murhola rappelle que les membres de la CTDH ont un mandat de six ans renouvelable une fois :<\/p>\n\n\n\n<p><em>\u00ab\u00a0 L&rsquo;arr\u00eat\u00e9 minist\u00e9riel n\u00b0024\/CAB\/MIN\/DH\/CCM\/2025, sign\u00e9 le 2 janvier, a ainsi modifi\u00e9 l\u2019arr\u00eat\u00e9 n\u00b0009\/CAB\/MIN\/DH\/2024, r\u00e9voquant tacitement les pr\u00e9c\u00e9dents membres de la CTDH, en d\u00e9pit des conditions claires \u00e9tablies par l&rsquo;arr\u00eat\u00e9 minist\u00e9riel du 2 f\u00e9vrier 2023, qui stipule un mandat de six ans pour ces postes et encadre strictement leur r\u00e9vocation. Cette d\u00e9marche est d\u2019autant plus choquante qu\u2019elle survient apr\u00e8s une demande en d\u00e9cembre 2024, de r\u00e9\u00e9valuation des membres de la CTDH, une proc\u00e9dure qui aurait d\u00fb \u00eatre effectu\u00e9e en amont et non apr\u00e8s les nominations\u00a0\u00bb<\/em>, a d\u00e9clar\u00e9 Fernandez Murhola.<\/p>\n\n\n\n<p>\u00c0 en croire cet ancien coordonnateur de la CTDH, cet arr\u00eat\u00e9 minist\u00e9riel constitue une violation flagrante des droits de l&rsquo;homme, droit au travail et entache la place de la RDC r\u00e9cemment acquise au Conseil des Droits de l&rsquo;Homme des Nations Unies.<\/p>\n\n\n\n<p><em>\u00ab\u00a0En tant qu&rsquo;avocat de profession et protecteur des droits humains, il est particuli\u00e8rement surprenant que la ministre ait pris une d\u00e9cision qui appara\u00eet comme une discrimination manifeste \u00e0 l\u2019encontre du personnel de la CTDH, en les rempla\u00e7ant par des membres de son entourage politique, familial et personnel. Cette d\u00e9cision enfreint plusieurs principes fondamentaux, notamment le droit au travail des 64 professionnels concern\u00e9s, comme garanti par la Constitution congolaise et les conventions internationales ratifi\u00e9es par la RDC\u00a0\u00bb<\/em>, rench\u00e9rit-il.<\/p>\n\n\n\n<p>Ce d\u00e9fenseur des droits humains invite par ailleurs la ministre des droits humains de revenir sur sa d\u00e9cision tout en lui rappelant attaquabilit\u00e9 de ladite d\u00e9cision devant les m\u00e9canismes conventionnels des Droits de l&rsquo;Homme de l&rsquo;Union Africaine et des Nations Unies.<\/p>\n\n\n\n<p><em>\u00ab\u00a0Il est donc imp\u00e9ratif que la ministre revienne sur sa d\u00e9cision. Qu\u2019elle retire cet arr\u00eat\u00e9 et r\u00e9tablisse les droits des 64 experts congolais afin de respecter les engagements du pays envers ses citoyens et les principes universels des droits humains\u00a0\u00bb<\/em>, pr\u00e9cise Fernandez Murhola selon qui, les Droits de l&rsquo;Homme s&rsquo;arrachent et aucun accord entre particuliers politiques ne peut supplanter les droits fondamentaux garantis par le droit international, la Constitution et les lois de la r\u00e9publique.<\/p>\n\n\n\n<p>La Cellule Technique des Droits Humains coordonne, supervise et assure l&rsquo;ex\u00e9cution des programmes du minist\u00e8re des droits humains.<\/p>\n\n\n\n<p>AM<\/p>\n","protected":false},"excerpt":{"rendered":"<p>R\u00e9daction: +243 817 406 088 Dans un arr\u00eat\u00e9 sign\u00e9 le 2 janvier 2025, la Ministre&#8230;<\/p>\n","protected":false},"author":2,"featured_media":12427,"comment_status":"open","ping_status":"open","sticky":false,"template":"","format":"standard","meta":{"_jetpack_memberships_contains_paid_content":false,"footnotes":""},"categories":[7],"tags":[],"class_list":["post-12426","post","type-post","status-publish","format-standard","has-post-thumbnail","hentry","category-droits-humains"],"yoast_head":"<!-- This site is optimized with the Yoast SEO plugin v27.5 - https:\/\/yoast.com\/product\/yoast-seo-wordpress\/ -->\n<title>RDC\u00a0: Nouvelles nominations \u00e0 la CTDH, la Ministre des droits humains appel\u00e9e \u00e0 revenir sur son arr\u00eat\u00e9 qualifi\u00e9 &#039;&#039;d&#039;ill\u00e9gal, d&#039;injuste et de violation des droits humains&#039;&#039; - Infos Droits Humains<\/title>\n<meta name=\"robots\" content=\"index, follow, max-snippet:-1, max-image-preview:large, max-video-preview:-1\" \/>\n<link rel=\"canonical\" href=\"https:\/\/infos-droitshumains.net\/?p=12426\" \/>\n<meta property=\"og:locale\" content=\"fr_FR\" \/>\n<meta property=\"og:type\" content=\"article\" \/>\n<meta property=\"og:title\" content=\"RDC\u00a0: Nouvelles nominations \u00e0 la CTDH, la Ministre des droits humains appel\u00e9e \u00e0 revenir sur son arr\u00eat\u00e9 qualifi\u00e9 &#039;&#039;d&#039;ill\u00e9gal, d&#039;injuste et de violation des droits humains&#039;&#039; - Infos Droits Humains\" \/>\n<meta property=\"og:description\" content=\"R\u00e9daction: +243 817 406 088 Dans un arr\u00eat\u00e9 sign\u00e9 le 2 janvier 2025, la Ministre...\" \/>\n<meta property=\"og:url\" content=\"https:\/\/infos-droitshumains.net\/?p=12426\" \/>\n<meta property=\"og:site_name\" content=\"Infos Droits Humains\" \/>\n<meta property=\"article:published_time\" content=\"2025-01-22T08:54:15+00:00\" \/>\n<meta property=\"article:modified_time\" content=\"2025-01-23T16:17:34+00:00\" \/>\n<meta property=\"og:image\" content=\"https:\/\/infos-droitshumains.net\/wp-content\/uploads\/2025\/01\/IMG-20250122-WA0007.jpg\" \/>\n\t<meta property=\"og:image:width\" content=\"570\" \/>\n\t<meta property=\"og:image:height\" content=\"630\" \/>\n\t<meta property=\"og:image:type\" content=\"image\/jpeg\" \/>\n<meta name=\"author\" content=\"Jo\u00ebl Diawa\" \/>\n<meta name=\"twitter:card\" content=\"summary_large_image\" \/>\n<meta name=\"twitter:label1\" content=\"\u00c9crit par\" \/>\n\t<meta name=\"twitter:data1\" content=\"Jo\u00ebl Diawa\" \/>\n\t<meta name=\"twitter:label2\" content=\"Dur\u00e9e de lecture estim\u00e9e\" \/>\n\t<meta name=\"twitter:data2\" content=\"3 minutes\" \/>\n<script type=\"application\/ld+json\" class=\"yoast-schema-graph\">{\"@context\":\"https:\\\/\\\/schema.org\",\"@graph\":[{\"@type\":\"Article\",\"@id\":\"https:\\\/\\\/infos-droitshumains.net\\\/?p=12426#article\",\"isPartOf\":{\"@id\":\"https:\\\/\\\/infos-droitshumains.net\\\/?p=12426\"},\"author\":{\"name\":\"Jo\u00ebl Diawa\",\"@id\":\"https:\\\/\\\/infos-droitshumains.net\\\/#\\\/schema\\\/person\\\/3dc5e921c3302172e0ed4362f96faab7\"},\"headline\":\"RDC\u00a0: Nouvelles nominations \u00e0 la CTDH, la Ministre des droits humains appel\u00e9e \u00e0 revenir sur son arr\u00eat\u00e9 qualifi\u00e9 \u00a0\u00bbd&rsquo;ill\u00e9gal, d&rsquo;injuste et de violation des droits humains\u00a0\u00bb\",\"datePublished\":\"2025-01-22T08:54:15+00:00\",\"dateModified\":\"2025-01-23T16:17:34+00:00\",\"mainEntityOfPage\":{\"@id\":\"https:\\\/\\\/infos-droitshumains.net\\\/?p=12426\"},\"wordCount\":497,\"commentCount\":0,\"publisher\":{\"@id\":\"https:\\\/\\\/infos-droitshumains.net\\\/#organization\"},\"image\":{\"@id\":\"https:\\\/\\\/infos-droitshumains.net\\\/?p=12426#primaryimage\"},\"thumbnailUrl\":\"https:\\\/\\\/i0.wp.com\\\/infos-droitshumains.net\\\/wp-content\\\/uploads\\\/2025\\\/01\\\/IMG-20250122-WA0007.jpg?fit=570%2C630&ssl=1\",\"articleSection\":[\"Droits Humains\"],\"inLanguage\":\"fr-FR\",\"potentialAction\":[{\"@type\":\"CommentAction\",\"name\":\"Comment\",\"target\":[\"https:\\\/\\\/infos-droitshumains.net\\\/?p=12426#respond\"]}]},{\"@type\":\"WebPage\",\"@id\":\"https:\\\/\\\/infos-droitshumains.net\\\/?p=12426\",\"url\":\"https:\\\/\\\/infos-droitshumains.net\\\/?p=12426\",\"name\":\"RDC\u00a0: Nouvelles nominations \u00e0 la CTDH, la Ministre des droits humains appel\u00e9e \u00e0 revenir sur son arr\u00eat\u00e9 qualifi\u00e9 ''d'ill\u00e9gal, d'injuste et de violation des droits humains'' - Infos Droits Humains\",\"isPartOf\":{\"@id\":\"https:\\\/\\\/infos-droitshumains.net\\\/#website\"},\"primaryImageOfPage\":{\"@id\":\"https:\\\/\\\/infos-droitshumains.net\\\/?p=12426#primaryimage\"},\"image\":{\"@id\":\"https:\\\/\\\/infos-droitshumains.net\\\/?p=12426#primaryimage\"},\"thumbnailUrl\":\"https:\\\/\\\/i0.wp.com\\\/infos-droitshumains.net\\\/wp-content\\\/uploads\\\/2025\\\/01\\\/IMG-20250122-WA0007.jpg?fit=570%2C630&ssl=1\",\"datePublished\":\"2025-01-22T08:54:15+00:00\",\"dateModified\":\"2025-01-23T16:17:34+00:00\",\"breadcrumb\":{\"@id\":\"https:\\\/\\\/infos-droitshumains.net\\\/?p=12426#breadcrumb\"},\"inLanguage\":\"fr-FR\",\"potentialAction\":[{\"@type\":\"ReadAction\",\"target\":[\"https:\\\/\\\/infos-droitshumains.net\\\/?p=12426\"]}]},{\"@type\":\"ImageObject\",\"inLanguage\":\"fr-FR\",\"@id\":\"https:\\\/\\\/infos-droitshumains.net\\\/?p=12426#primaryimage\",\"url\":\"https:\\\/\\\/i0.wp.com\\\/infos-droitshumains.net\\\/wp-content\\\/uploads\\\/2025\\\/01\\\/IMG-20250122-WA0007.jpg?fit=570%2C630&ssl=1\",\"contentUrl\":\"https:\\\/\\\/i0.wp.com\\\/infos-droitshumains.net\\\/wp-content\\\/uploads\\\/2025\\\/01\\\/IMG-20250122-WA0007.jpg?fit=570%2C630&ssl=1\",\"width\":570,\"height\":630},{\"@type\":\"BreadcrumbList\",\"@id\":\"https:\\\/\\\/infos-droitshumains.net\\\/?p=12426#breadcrumb\",\"itemListElement\":[{\"@type\":\"ListItem\",\"position\":1,\"name\":\"Accueil\",\"item\":\"https:\\\/\\\/infos-droitshumains.net\\\/\"},{\"@type\":\"ListItem\",\"position\":2,\"name\":\"RDC\u00a0: Nouvelles nominations \u00e0 la CTDH, la Ministre des droits humains appel\u00e9e \u00e0 revenir sur son arr\u00eat\u00e9 qualifi\u00e9 \u00a0\u00bbd&rsquo;ill\u00e9gal, d&rsquo;injuste et de violation des droits humains\u00a0\u00bb\"}]},{\"@type\":\"WebSite\",\"@id\":\"https:\\\/\\\/infos-droitshumains.net\\\/#website\",\"url\":\"https:\\\/\\\/infos-droitshumains.net\\\/\",\"name\":\"Infos Droits Humains\",\"description\":\"S&#039;informer est un droit\",\"publisher\":{\"@id\":\"https:\\\/\\\/infos-droitshumains.net\\\/#organization\"},\"potentialAction\":[{\"@type\":\"SearchAction\",\"target\":{\"@type\":\"EntryPoint\",\"urlTemplate\":\"https:\\\/\\\/infos-droitshumains.net\\\/?s={search_term_string}\"},\"query-input\":{\"@type\":\"PropertyValueSpecification\",\"valueRequired\":true,\"valueName\":\"search_term_string\"}}],\"inLanguage\":\"fr-FR\"},{\"@type\":\"Organization\",\"@id\":\"https:\\\/\\\/infos-droitshumains.net\\\/#organization\",\"name\":\"Infos Droits Humains\",\"url\":\"https:\\\/\\\/infos-droitshumains.net\\\/\",\"logo\":{\"@type\":\"ImageObject\",\"inLanguage\":\"fr-FR\",\"@id\":\"https:\\\/\\\/infos-droitshumains.net\\\/#\\\/schema\\\/logo\\\/image\\\/\",\"url\":\"https:\\\/\\\/i0.wp.com\\\/infos-droitshumains.net\\\/wp-content\\\/uploads\\\/2022\\\/05\\\/Logo.png?fit=333%2C129&ssl=1\",\"contentUrl\":\"https:\\\/\\\/i0.wp.com\\\/infos-droitshumains.net\\\/wp-content\\\/uploads\\\/2022\\\/05\\\/Logo.png?fit=333%2C129&ssl=1\",\"width\":333,\"height\":129,\"caption\":\"Infos Droits Humains\"},\"image\":{\"@id\":\"https:\\\/\\\/infos-droitshumains.net\\\/#\\\/schema\\\/logo\\\/image\\\/\"}},{\"@type\":\"Person\",\"@id\":\"https:\\\/\\\/infos-droitshumains.net\\\/#\\\/schema\\\/person\\\/3dc5e921c3302172e0ed4362f96faab7\",\"name\":\"Jo\u00ebl Diawa\",\"image\":{\"@type\":\"ImageObject\",\"inLanguage\":\"fr-FR\",\"@id\":\"https:\\\/\\\/secure.gravatar.com\\\/avatar\\\/729bea6ff4604c624417803c477363be8e3c7186deaa65713313f9b4b820f41c?s=96&d=mm&r=g\",\"url\":\"https:\\\/\\\/secure.gravatar.com\\\/avatar\\\/729bea6ff4604c624417803c477363be8e3c7186deaa65713313f9b4b820f41c?s=96&d=mm&r=g\",\"contentUrl\":\"https:\\\/\\\/secure.gravatar.com\\\/avatar\\\/729bea6ff4604c624417803c477363be8e3c7186deaa65713313f9b4b820f41c?s=96&d=mm&r=g\",\"caption\":\"Jo\u00ebl Diawa\"},\"sameAs\":[\"https:\\\/\\\/www.infos-droitshumains.net\"],\"url\":\"https:\\\/\\\/infos-droitshumains.net\\\/?author=2\"}]}<\/script>\n<!-- \/ Yoast SEO plugin. -->","yoast_head_json":{"title":"RDC\u00a0: Nouvelles nominations \u00e0 la CTDH, la Ministre des droits humains appel\u00e9e \u00e0 revenir sur son arr\u00eat\u00e9 qualifi\u00e9 ''d'ill\u00e9gal, d'injuste et de violation des droits humains'' - Infos Droits Humains","robots":{"index":"index","follow":"follow","max-snippet":"max-snippet:-1","max-image-preview":"max-image-preview:large","max-video-preview":"max-video-preview:-1"},"canonical":"https:\/\/infos-droitshumains.net\/?p=12426","og_locale":"fr_FR","og_type":"article","og_title":"RDC\u00a0: Nouvelles nominations \u00e0 la CTDH, la Ministre des droits humains appel\u00e9e \u00e0 revenir sur son arr\u00eat\u00e9 qualifi\u00e9 ''d'ill\u00e9gal, d'injuste et de violation des droits humains'' - Infos Droits Humains","og_description":"R\u00e9daction: +243 817 406 088 Dans un arr\u00eat\u00e9 sign\u00e9 le 2 janvier 2025, la Ministre...","og_url":"https:\/\/infos-droitshumains.net\/?p=12426","og_site_name":"Infos Droits Humains","article_published_time":"2025-01-22T08:54:15+00:00","article_modified_time":"2025-01-23T16:17:34+00:00","og_image":[{"width":570,"height":630,"url":"https:\/\/infos-droitshumains.net\/wp-content\/uploads\/2025\/01\/IMG-20250122-WA0007.jpg","type":"image\/jpeg"}],"author":"Jo\u00ebl Diawa","twitter_card":"summary_large_image","twitter_misc":{"\u00c9crit par":"Jo\u00ebl Diawa","Dur\u00e9e de lecture estim\u00e9e":"3 minutes"},"schema":{"@context":"https:\/\/schema.org","@graph":[{"@type":"Article","@id":"https:\/\/infos-droitshumains.net\/?p=12426#article","isPartOf":{"@id":"https:\/\/infos-droitshumains.net\/?p=12426"},"author":{"name":"Jo\u00ebl Diawa","@id":"https:\/\/infos-droitshumains.net\/#\/schema\/person\/3dc5e921c3302172e0ed4362f96faab7"},"headline":"RDC\u00a0: Nouvelles nominations \u00e0 la CTDH, la Ministre des droits humains appel\u00e9e \u00e0 revenir sur son arr\u00eat\u00e9 qualifi\u00e9 \u00a0\u00bbd&rsquo;ill\u00e9gal, d&rsquo;injuste et de violation des droits humains\u00a0\u00bb","datePublished":"2025-01-22T08:54:15+00:00","dateModified":"2025-01-23T16:17:34+00:00","mainEntityOfPage":{"@id":"https:\/\/infos-droitshumains.net\/?p=12426"},"wordCount":497,"commentCount":0,"publisher":{"@id":"https:\/\/infos-droitshumains.net\/#organization"},"image":{"@id":"https:\/\/infos-droitshumains.net\/?p=12426#primaryimage"},"thumbnailUrl":"https:\/\/i0.wp.com\/infos-droitshumains.net\/wp-content\/uploads\/2025\/01\/IMG-20250122-WA0007.jpg?fit=570%2C630&ssl=1","articleSection":["Droits Humains"],"inLanguage":"fr-FR","potentialAction":[{"@type":"CommentAction","name":"Comment","target":["https:\/\/infos-droitshumains.net\/?p=12426#respond"]}]},{"@type":"WebPage","@id":"https:\/\/infos-droitshumains.net\/?p=12426","url":"https:\/\/infos-droitshumains.net\/?p=12426","name":"RDC\u00a0: Nouvelles nominations \u00e0 la CTDH, la Ministre des droits humains appel\u00e9e \u00e0 revenir sur son arr\u00eat\u00e9 qualifi\u00e9 ''d'ill\u00e9gal, d'injuste et de violation des droits humains'' - Infos Droits Humains","isPartOf":{"@id":"https:\/\/infos-droitshumains.net\/#website"},"primaryImageOfPage":{"@id":"https:\/\/infos-droitshumains.net\/?p=12426#primaryimage"},"image":{"@id":"https:\/\/infos-droitshumains.net\/?p=12426#primaryimage"},"thumbnailUrl":"https:\/\/i0.wp.com\/infos-droitshumains.net\/wp-content\/uploads\/2025\/01\/IMG-20250122-WA0007.jpg?fit=570%2C630&ssl=1","datePublished":"2025-01-22T08:54:15+00:00","dateModified":"2025-01-23T16:17:34+00:00","breadcrumb":{"@id":"https:\/\/infos-droitshumains.net\/?p=12426#breadcrumb"},"inLanguage":"fr-FR","potentialAction":[{"@type":"ReadAction","target":["https:\/\/infos-droitshumains.net\/?p=12426"]}]},{"@type":"ImageObject","inLanguage":"fr-FR","@id":"https:\/\/infos-droitshumains.net\/?p=12426#primaryimage","url":"https:\/\/i0.wp.com\/infos-droitshumains.net\/wp-content\/uploads\/2025\/01\/IMG-20250122-WA0007.jpg?fit=570%2C630&ssl=1","contentUrl":"https:\/\/i0.wp.com\/infos-droitshumains.net\/wp-content\/uploads\/2025\/01\/IMG-20250122-WA0007.jpg?fit=570%2C630&ssl=1","width":570,"height":630},{"@type":"BreadcrumbList","@id":"https:\/\/infos-droitshumains.net\/?p=12426#breadcrumb","itemListElement":[{"@type":"ListItem","position":1,"name":"Accueil","item":"https:\/\/infos-droitshumains.net\/"},{"@type":"ListItem","position":2,"name":"RDC\u00a0: Nouvelles nominations \u00e0 la CTDH, la Ministre des droits humains appel\u00e9e \u00e0 revenir sur son arr\u00eat\u00e9 qualifi\u00e9 \u00a0\u00bbd&rsquo;ill\u00e9gal, d&rsquo;injuste et de violation des droits humains\u00a0\u00bb"}]},{"@type":"WebSite","@id":"https:\/\/infos-droitshumains.net\/#website","url":"https:\/\/infos-droitshumains.net\/","name":"Infos Droits Humains","description":"S&#039;informer est un droit","publisher":{"@id":"https:\/\/infos-droitshumains.net\/#organization"},"potentialAction":[{"@type":"SearchAction","target":{"@type":"EntryPoint","urlTemplate":"https:\/\/infos-droitshumains.net\/?s={search_term_string}"},"query-input":{"@type":"PropertyValueSpecification","valueRequired":true,"valueName":"search_term_string"}}],"inLanguage":"fr-FR"},{"@type":"Organization","@id":"https:\/\/infos-droitshumains.net\/#organization","name":"Infos Droits Humains","url":"https:\/\/infos-droitshumains.net\/","logo":{"@type":"ImageObject","inLanguage":"fr-FR","@id":"https:\/\/infos-droitshumains.net\/#\/schema\/logo\/image\/","url":"https:\/\/i0.wp.com\/infos-droitshumains.net\/wp-content\/uploads\/2022\/05\/Logo.png?fit=333%2C129&ssl=1","contentUrl":"https:\/\/i0.wp.com\/infos-droitshumains.net\/wp-content\/uploads\/2022\/05\/Logo.png?fit=333%2C129&ssl=1","width":333,"height":129,"caption":"Infos Droits Humains"},"image":{"@id":"https:\/\/infos-droitshumains.net\/#\/schema\/logo\/image\/"}},{"@type":"Person","@id":"https:\/\/infos-droitshumains.net\/#\/schema\/person\/3dc5e921c3302172e0ed4362f96faab7","name":"Jo\u00ebl Diawa","image":{"@type":"ImageObject","inLanguage":"fr-FR","@id":"https:\/\/secure.gravatar.com\/avatar\/729bea6ff4604c624417803c477363be8e3c7186deaa65713313f9b4b820f41c?s=96&d=mm&r=g","url":"https:\/\/secure.gravatar.com\/avatar\/729bea6ff4604c624417803c477363be8e3c7186deaa65713313f9b4b820f41c?s=96&d=mm&r=g","contentUrl":"https:\/\/secure.gravatar.com\/avatar\/729bea6ff4604c624417803c477363be8e3c7186deaa65713313f9b4b820f41c?s=96&d=mm&r=g","caption":"Jo\u00ebl Diawa"},"sameAs":["https:\/\/www.infos-droitshumains.net"],"url":"https:\/\/infos-droitshumains.net\/?author=2"}]}},"featured_image_urls":{"full":["https:\/\/i0.wp.com\/infos-droitshumains.net\/wp-content\/uploads\/2025\/01\/IMG-20250122-WA0007.jpg?fit=570%2C630&ssl=1",570,630,false],"thumbnail":["https:\/\/i0.wp.com\/infos-droitshumains.net\/wp-content\/uploads\/2025\/01\/IMG-20250122-WA0007.jpg?resize=150%2C150&ssl=1",150,150,true],"medium":["https:\/\/i0.wp.com\/infos-droitshumains.net\/wp-content\/uploads\/2025\/01\/IMG-20250122-WA0007.jpg?fit=271%2C300&ssl=1",271,300,true],"medium_large":["https:\/\/i0.wp.com\/infos-droitshumains.net\/wp-content\/uploads\/2025\/01\/IMG-20250122-WA0007.jpg?fit=570%2C630&ssl=1",570,630,true],"large":["https:\/\/i0.wp.com\/infos-droitshumains.net\/wp-content\/uploads\/2025\/01\/IMG-20250122-WA0007.jpg?fit=570%2C630&ssl=1",570,630,true],"1536x1536":["https:\/\/i0.wp.com\/infos-droitshumains.net\/wp-content\/uploads\/2025\/01\/IMG-20250122-WA0007.jpg?fit=570%2C630&ssl=1",570,630,true],"2048x2048":["https:\/\/i0.wp.com\/infos-droitshumains.net\/wp-content\/uploads\/2025\/01\/IMG-20250122-WA0007.jpg?fit=570%2C630&ssl=1",570,630,true],"covernews-slider-full":["https:\/\/i0.wp.com\/infos-droitshumains.net\/wp-content\/uploads\/2025\/01\/IMG-20250122-WA0007.jpg?resize=570%2C630&ssl=1",570,630,true],"covernews-slider-center":["https:\/\/i0.wp.com\/infos-droitshumains.net\/wp-content\/uploads\/2025\/01\/IMG-20250122-WA0007.jpg?resize=570%2C500&ssl=1",570,500,true],"covernews-featured":["https:\/\/i0.wp.com\/infos-droitshumains.net\/wp-content\/uploads\/2025\/01\/IMG-20250122-WA0007.jpg?fit=570%2C630&ssl=1",570,630,true],"covernews-medium":["https:\/\/i0.wp.com\/infos-droitshumains.net\/wp-content\/uploads\/2025\/01\/IMG-20250122-WA0007.jpg?resize=540%2C340&ssl=1",540,340,true],"covernews-medium-square":["https:\/\/i0.wp.com\/infos-droitshumains.net\/wp-content\/uploads\/2025\/01\/IMG-20250122-WA0007.jpg?resize=400%2C250&ssl=1",400,250,true]},"author_info":{"display_name":"Jo\u00ebl Diawa","author_link":"https:\/\/infos-droitshumains.net\/?author=2"},"category_info":"<a href=\"https:\/\/infos-droitshumains.net\/?cat=7\" rel=\"category\">Droits Humains<\/a>","tag_info":"Droits Humains","comment_count":"0","jetpack_featured_media_url":"https:\/\/i0.wp.com\/infos-droitshumains.net\/wp-content\/uploads\/2025\/01\/IMG-20250122-WA0007.jpg?fit=570%2C630&ssl=1","jetpack-related-posts":[],"jetpack_sharing_enabled":true,"_links":{"self":[{"href":"https:\/\/infos-droitshumains.net\/index.php?rest_route=\/wp\/v2\/posts\/12426","targetHints":{"allow":["GET"]}}],"collection":[{"href":"https:\/\/infos-droitshumains.net\/index.php?rest_route=\/wp\/v2\/posts"}],"about":[{"href":"https:\/\/infos-droitshumains.net\/index.php?rest_route=\/wp\/v2\/types\/post"}],"author":[{"embeddable":true,"href":"https:\/\/infos-droitshumains.net\/index.php?rest_route=\/wp\/v2\/users\/2"}],"replies":[{"embeddable":true,"href":"https:\/\/infos-droitshumains.net\/index.php?rest_route=%2Fwp%2Fv2%2Fcomments&post=12426"}],"version-history":[{"count":17,"href":"https:\/\/infos-droitshumains.net\/index.php?rest_route=\/wp\/v2\/posts\/12426\/revisions"}],"predecessor-version":[{"id":12454,"href":"https:\/\/infos-droitshumains.net\/index.php?rest_route=\/wp\/v2\/posts\/12426\/revisions\/12454"}],"wp:featuredmedia":[{"embeddable":true,"href":"https:\/\/infos-droitshumains.net\/index.php?rest_route=\/wp\/v2\/media\/12427"}],"wp:attachment":[{"href":"https:\/\/infos-droitshumains.net\/index.php?rest_route=%2Fwp%2Fv2%2Fmedia&parent=12426"}],"wp:term":[{"taxonomy":"category","embeddable":true,"href":"https:\/\/infos-droitshumains.net\/index.php?rest_route=%2Fwp%2Fv2%2Fcategories&post=12426"},{"taxonomy":"post_tag","embeddable":true,"href":"https:\/\/infos-droitshumains.net\/index.php?rest_route=%2Fwp%2Fv2%2Ftags&post=12426"}],"curies":[{"name":"wp","href":"https:\/\/api.w.org\/{rel}","templated":true}]}}