{"id":1233,"date":"2021-12-09T14:23:42","date_gmt":"2021-12-09T13:23:42","guid":{"rendered":"https:\/\/infos-droitshumains.net\/?p=1233"},"modified":"2023-04-06T12:11:03","modified_gmt":"2023-04-06T10:11:03","slug":"apres-sa-mise-en-liberte-provisoire-vital-kamerhe-est-il-eligible","status":"publish","type":"post","link":"https:\/\/infos-droitshumains.net\/?p=1233","title":{"rendered":"Apr\u00e8s sa mise en libert\u00e9 provisoire, Vital Kamerhe est-il \u00e9ligible \u00e0 la pr\u00e9sidentielle de 2023 ?"},"content":{"rendered":"\n<p><strong>R\u00e9daction :+243817406088<\/strong><\/p>\n\n\n\n<p>Condamn\u00e9 \u00e0 20 ans de prison par le tribunal de grande instance de Kinshasa Gombe pour d\u00e9tournement des deniers publics, Vital Kamerhe avait vu sa peine \u00eatre r\u00e9duite de 20 \u00e0 13 ans \u00e0 l&rsquo;instance d&rsquo;appel.<\/p>\n\n\n\n<p>Continuant \u00e0 calmer son innocence, l&rsquo;ex-directeur de cabinet du chef de l&rsquo;\u00c9tat s&rsquo;est pourvu en cassation, conform\u00e9ment l&rsquo;article 47de la loi organique portant proc\u00e9dure devant la cour de cassation. Il a formul\u00e9, le vendredi 03 d\u00e9cembre 2021, en chambre de conseil, une demande de mise en libert\u00e9 provisoire. La chambre de conseil a acc\u00e9d\u00e9 \u00e0 sa requ\u00eate et le lundi 06, la cour de cassation a annonc\u00e9 la d\u00e9cision de la mise en libert\u00e9 provisoire de Vital Kamerhe pour notamment, raison de sant\u00e9.<\/p>\n\n\n\n<p>A encroire Me Victor Ebenya Molongi, dans ce contexte, <strong><em>\u00ab\u00a0la loi permet au pr\u00e9sident de l&rsquo;Union pour la Nation Congolaise de briguer la magistrature supr\u00eame ou tout autre mandat \u00e9lectif\u00a0\u00bb.<\/em><\/strong><\/p>\n\n\n\n<p>La question aujourd&rsquo;hui reste \u00e0 savoir si <strong>\u00ab\u00a0Vital Kamerhe peut-il postuler \u00e0 la pr\u00e9sidentielle de 2023, si jamais la proc\u00e9dure ne demeurait \u00e0 ce stade ?\u00a0\u00bb<\/strong><\/p>\n\n\n\n<p>L&rsquo;initiateur de l&rsquo;ONG \u00ab\u00a0Droit Plus\u00a0\u00bb puise son argumentaire \u00e0 l\u2019article 10 de la Loi \u00e9lectorale.<\/p>\n\n\n\n<p>Cette disposition stipule : <em>\u00ab\u00a0Sont in\u00e9ligibles \u2026les personnes condamn\u00e9es par un jugement irr\u00e9vocable du chef de viol, d\u2019exploitation ill\u00e9gale des ressources naturelles, de corruption, de d\u00e9tournement des deniers publics, d\u2019assassinats, de torture, de banqueroute et les faillis\u2026 \u00bb.<\/em><\/p>\n\n\n\n<p>Se r\u00e9f\u00e8rent \u00e0 cette disposition, Me. Victor Ebenya estime que pour que la personne soit in\u00e9ligible \u00e0 la pr\u00e9sidentielle, il faut que <strong><em>\u00ab\u00a0la d\u00e9cision la condamnant soit irr\u00e9vocable\u00a0\u00bb,<\/em> c\u2019est-\u00e0-dire<em> \u00ab\u00a0coul\u00e9e \u00e0 force de la chose jug\u00e9e\u00a0\u00bb<\/em><\/strong>, <em>c&rsquo;est-\u00e0-dire, non susceptibles des voies de recours\u00a0\u00bb.<\/em><\/p>\n\n\n\n<p>Or, dans le cas de Vital Kamerhe, rench\u00e9rit Me Victor Ebenya Molongi, la d\u00e9cision le condamnant n\u2019est pas encore \u00ab\u00a0<em><strong>irr\u00e9vocable<\/strong><\/em>\u00a0\u00bb ou coul\u00e9e \u00e0 force de la chose jug\u00e9e, car <em><strong>\u00ab\u00a0elle est attaqu\u00e9e en pourvoi en cassation devant la Cour de Cassation\u00a0\u00bb.<\/strong><\/em><\/p>\n\n\n\n<p>Selon l\u2019article 47 alin\u00e9a premier de la loi organique n\u00b0 13\/010 du 19 f\u00e9vrier 2013 relative \u00e0 la proc\u00e9dure devant la Cour de Cassation dispose que \u00ab\u00a0le d\u00e9lai et l\u2019exercice du pourvoi sont suspensif de l\u2019ex\u00e9cution de la d\u00e9cision \u00e0 l\u2019\u00e9gard de toutes les parties.\u00a0\u00bb<\/p>\n\n\n\n<p>Pour Ma\u00eetre Victor, en mati\u00e8re p\u00e9nale, <strong><em>\u00ab\u00a0le fait de former pourvoi en cassation suspend l\u2019ex\u00e9cution de la d\u00e9cision attaqu\u00e9e\u00a0\u00bb.<\/em><\/strong><\/p>\n\n\n\n<p>Ainsi dit, l\u2019Arr\u00eat de la Cour d\u2019Appel de Kinshasa\/Gombe, qui a condamn\u00e9 Vital Kamerhe \u00e0 13 ans des travaux forc\u00e9s,\u00a0\u00bb <strong><em>ne peut pas pour le moment \u00eatre ex\u00e9cut\u00e9e, \u00ab\u00a0parce qu\u2019il est attaqu\u00e9 devant le juge de cassation\u00a0\u00bb<\/em><\/strong> \u00e0-t-il indiqu\u00e9.<\/p>\n\n\n\n<p>Il conclu en outre que, Vital Kamerhe peut postuler \u00e0 la pr\u00e9sidentielle de 2023, si jamais la proc\u00e9dure demeurait au stade actuel.<\/p>\n\n\n\n<p>Jo\u00ebl Diawa<\/p>\n","protected":false},"excerpt":{"rendered":"<p>R\u00e9daction :+243817406088 Condamn\u00e9 \u00e0 20 ans de prison par le tribunal de grande instance de&#8230;<\/p>\n","protected":false},"author":2,"featured_media":0,"comment_status":"closed","ping_status":"open","sticky":false,"template":"","format":"standard","meta":{"_jetpack_memberships_contains_paid_content":false,"footnotes":""},"categories":[1],"tags":[],"class_list":["post-1233","post","type-post","status-publish","format-standard","hentry","category-non-classe"],"yoast_head":"<!-- This site is optimized with the Yoast SEO plugin v27.5 - https:\/\/yoast.com\/product\/yoast-seo-wordpress\/ -->\n<title>Apr\u00e8s sa mise en libert\u00e9 provisoire, Vital Kamerhe est-il \u00e9ligible \u00e0 la pr\u00e9sidentielle de 2023 ? - Infos Droits Humains<\/title>\n<meta name=\"robots\" content=\"index, follow, max-snippet:-1, max-image-preview:large, max-video-preview:-1\" \/>\n<link rel=\"canonical\" href=\"https:\/\/infos-droitshumains.net\/?p=1233\" \/>\n<meta property=\"og:locale\" content=\"fr_FR\" \/>\n<meta property=\"og:type\" content=\"article\" \/>\n<meta property=\"og:title\" content=\"Apr\u00e8s sa mise en libert\u00e9 provisoire, Vital Kamerhe est-il \u00e9ligible \u00e0 la pr\u00e9sidentielle de 2023 ? - Infos Droits Humains\" \/>\n<meta property=\"og:description\" content=\"R\u00e9daction :+243817406088 Condamn\u00e9 \u00e0 20 ans de prison par le tribunal de grande instance de...\" \/>\n<meta property=\"og:url\" content=\"https:\/\/infos-droitshumains.net\/?p=1233\" \/>\n<meta property=\"og:site_name\" content=\"Infos Droits Humains\" \/>\n<meta property=\"article:published_time\" content=\"2021-12-09T13:23:42+00:00\" \/>\n<meta property=\"article:modified_time\" content=\"2023-04-06T10:11:03+00:00\" \/>\n<meta name=\"author\" content=\"Jo\u00ebl Diawa\" \/>\n<meta name=\"twitter:card\" content=\"summary_large_image\" \/>\n<meta name=\"twitter:label1\" content=\"\u00c9crit par\" \/>\n\t<meta name=\"twitter:data1\" content=\"Jo\u00ebl Diawa\" \/>\n\t<meta name=\"twitter:label2\" content=\"Dur\u00e9e de lecture estim\u00e9e\" \/>\n\t<meta name=\"twitter:data2\" content=\"2 minutes\" \/>\n<script type=\"application\/ld+json\" class=\"yoast-schema-graph\">{\"@context\":\"https:\\\/\\\/schema.org\",\"@graph\":[{\"@type\":\"Article\",\"@id\":\"https:\\\/\\\/infos-droitshumains.net\\\/?p=1233#article\",\"isPartOf\":{\"@id\":\"https:\\\/\\\/infos-droitshumains.net\\\/?p=1233\"},\"author\":{\"name\":\"Jo\u00ebl Diawa\",\"@id\":\"https:\\\/\\\/infos-droitshumains.net\\\/#\\\/schema\\\/person\\\/3dc5e921c3302172e0ed4362f96faab7\"},\"headline\":\"Apr\u00e8s sa mise en libert\u00e9 provisoire, Vital Kamerhe est-il \u00e9ligible \u00e0 la pr\u00e9sidentielle de 2023 ?\",\"datePublished\":\"2021-12-09T13:23:42+00:00\",\"dateModified\":\"2023-04-06T10:11:03+00:00\",\"mainEntityOfPage\":{\"@id\":\"https:\\\/\\\/infos-droitshumains.net\\\/?p=1233\"},\"wordCount\":489,\"publisher\":{\"@id\":\"https:\\\/\\\/infos-droitshumains.net\\\/#organization\"},\"inLanguage\":\"fr-FR\"},{\"@type\":\"WebPage\",\"@id\":\"https:\\\/\\\/infos-droitshumains.net\\\/?p=1233\",\"url\":\"https:\\\/\\\/infos-droitshumains.net\\\/?p=1233\",\"name\":\"Apr\u00e8s sa mise en libert\u00e9 provisoire, Vital Kamerhe est-il \u00e9ligible \u00e0 la pr\u00e9sidentielle de 2023 ? - Infos Droits Humains\",\"isPartOf\":{\"@id\":\"https:\\\/\\\/infos-droitshumains.net\\\/#website\"},\"datePublished\":\"2021-12-09T13:23:42+00:00\",\"dateModified\":\"2023-04-06T10:11:03+00:00\",\"breadcrumb\":{\"@id\":\"https:\\\/\\\/infos-droitshumains.net\\\/?p=1233#breadcrumb\"},\"inLanguage\":\"fr-FR\",\"potentialAction\":[{\"@type\":\"ReadAction\",\"target\":[\"https:\\\/\\\/infos-droitshumains.net\\\/?p=1233\"]}]},{\"@type\":\"BreadcrumbList\",\"@id\":\"https:\\\/\\\/infos-droitshumains.net\\\/?p=1233#breadcrumb\",\"itemListElement\":[{\"@type\":\"ListItem\",\"position\":1,\"name\":\"Accueil\",\"item\":\"https:\\\/\\\/infos-droitshumains.net\\\/\"},{\"@type\":\"ListItem\",\"position\":2,\"name\":\"Apr\u00e8s sa mise en libert\u00e9 provisoire, Vital Kamerhe est-il \u00e9ligible \u00e0 la pr\u00e9sidentielle de 2023 ?\"}]},{\"@type\":\"WebSite\",\"@id\":\"https:\\\/\\\/infos-droitshumains.net\\\/#website\",\"url\":\"https:\\\/\\\/infos-droitshumains.net\\\/\",\"name\":\"Infos Droits Humains\",\"description\":\"S&#039;informer est un droit\",\"publisher\":{\"@id\":\"https:\\\/\\\/infos-droitshumains.net\\\/#organization\"},\"potentialAction\":[{\"@type\":\"SearchAction\",\"target\":{\"@type\":\"EntryPoint\",\"urlTemplate\":\"https:\\\/\\\/infos-droitshumains.net\\\/?s={search_term_string}\"},\"query-input\":{\"@type\":\"PropertyValueSpecification\",\"valueRequired\":true,\"valueName\":\"search_term_string\"}}],\"inLanguage\":\"fr-FR\"},{\"@type\":\"Organization\",\"@id\":\"https:\\\/\\\/infos-droitshumains.net\\\/#organization\",\"name\":\"Infos Droits Humains\",\"url\":\"https:\\\/\\\/infos-droitshumains.net\\\/\",\"logo\":{\"@type\":\"ImageObject\",\"inLanguage\":\"fr-FR\",\"@id\":\"https:\\\/\\\/infos-droitshumains.net\\\/#\\\/schema\\\/logo\\\/image\\\/\",\"url\":\"https:\\\/\\\/i0.wp.com\\\/infos-droitshumains.net\\\/wp-content\\\/uploads\\\/2022\\\/05\\\/Logo.png?fit=333%2C129&ssl=1\",\"contentUrl\":\"https:\\\/\\\/i0.wp.com\\\/infos-droitshumains.net\\\/wp-content\\\/uploads\\\/2022\\\/05\\\/Logo.png?fit=333%2C129&ssl=1\",\"width\":333,\"height\":129,\"caption\":\"Infos Droits Humains\"},\"image\":{\"@id\":\"https:\\\/\\\/infos-droitshumains.net\\\/#\\\/schema\\\/logo\\\/image\\\/\"}},{\"@type\":\"Person\",\"@id\":\"https:\\\/\\\/infos-droitshumains.net\\\/#\\\/schema\\\/person\\\/3dc5e921c3302172e0ed4362f96faab7\",\"name\":\"Jo\u00ebl Diawa\",\"image\":{\"@type\":\"ImageObject\",\"inLanguage\":\"fr-FR\",\"@id\":\"https:\\\/\\\/secure.gravatar.com\\\/avatar\\\/729bea6ff4604c624417803c477363be8e3c7186deaa65713313f9b4b820f41c?s=96&d=mm&r=g\",\"url\":\"https:\\\/\\\/secure.gravatar.com\\\/avatar\\\/729bea6ff4604c624417803c477363be8e3c7186deaa65713313f9b4b820f41c?s=96&d=mm&r=g\",\"contentUrl\":\"https:\\\/\\\/secure.gravatar.com\\\/avatar\\\/729bea6ff4604c624417803c477363be8e3c7186deaa65713313f9b4b820f41c?s=96&d=mm&r=g\",\"caption\":\"Jo\u00ebl Diawa\"},\"sameAs\":[\"https:\\\/\\\/www.infos-droitshumains.net\"],\"url\":\"https:\\\/\\\/infos-droitshumains.net\\\/?author=2\"}]}<\/script>\n<!-- \/ Yoast SEO plugin. -->","yoast_head_json":{"title":"Apr\u00e8s sa mise en libert\u00e9 provisoire, Vital Kamerhe est-il \u00e9ligible \u00e0 la pr\u00e9sidentielle de 2023 ? - Infos Droits Humains","robots":{"index":"index","follow":"follow","max-snippet":"max-snippet:-1","max-image-preview":"max-image-preview:large","max-video-preview":"max-video-preview:-1"},"canonical":"https:\/\/infos-droitshumains.net\/?p=1233","og_locale":"fr_FR","og_type":"article","og_title":"Apr\u00e8s sa mise en libert\u00e9 provisoire, Vital Kamerhe est-il \u00e9ligible \u00e0 la pr\u00e9sidentielle de 2023 ? - Infos Droits Humains","og_description":"R\u00e9daction :+243817406088 Condamn\u00e9 \u00e0 20 ans de prison par le tribunal de grande instance de...","og_url":"https:\/\/infos-droitshumains.net\/?p=1233","og_site_name":"Infos Droits Humains","article_published_time":"2021-12-09T13:23:42+00:00","article_modified_time":"2023-04-06T10:11:03+00:00","author":"Jo\u00ebl Diawa","twitter_card":"summary_large_image","twitter_misc":{"\u00c9crit par":"Jo\u00ebl Diawa","Dur\u00e9e de lecture estim\u00e9e":"2 minutes"},"schema":{"@context":"https:\/\/schema.org","@graph":[{"@type":"Article","@id":"https:\/\/infos-droitshumains.net\/?p=1233#article","isPartOf":{"@id":"https:\/\/infos-droitshumains.net\/?p=1233"},"author":{"name":"Jo\u00ebl Diawa","@id":"https:\/\/infos-droitshumains.net\/#\/schema\/person\/3dc5e921c3302172e0ed4362f96faab7"},"headline":"Apr\u00e8s sa mise en libert\u00e9 provisoire, Vital Kamerhe est-il \u00e9ligible \u00e0 la pr\u00e9sidentielle de 2023 ?","datePublished":"2021-12-09T13:23:42+00:00","dateModified":"2023-04-06T10:11:03+00:00","mainEntityOfPage":{"@id":"https:\/\/infos-droitshumains.net\/?p=1233"},"wordCount":489,"publisher":{"@id":"https:\/\/infos-droitshumains.net\/#organization"},"inLanguage":"fr-FR"},{"@type":"WebPage","@id":"https:\/\/infos-droitshumains.net\/?p=1233","url":"https:\/\/infos-droitshumains.net\/?p=1233","name":"Apr\u00e8s sa mise en libert\u00e9 provisoire, Vital Kamerhe est-il \u00e9ligible \u00e0 la pr\u00e9sidentielle de 2023 ? - Infos Droits Humains","isPartOf":{"@id":"https:\/\/infos-droitshumains.net\/#website"},"datePublished":"2021-12-09T13:23:42+00:00","dateModified":"2023-04-06T10:11:03+00:00","breadcrumb":{"@id":"https:\/\/infos-droitshumains.net\/?p=1233#breadcrumb"},"inLanguage":"fr-FR","potentialAction":[{"@type":"ReadAction","target":["https:\/\/infos-droitshumains.net\/?p=1233"]}]},{"@type":"BreadcrumbList","@id":"https:\/\/infos-droitshumains.net\/?p=1233#breadcrumb","itemListElement":[{"@type":"ListItem","position":1,"name":"Accueil","item":"https:\/\/infos-droitshumains.net\/"},{"@type":"ListItem","position":2,"name":"Apr\u00e8s sa mise en libert\u00e9 provisoire, Vital Kamerhe est-il \u00e9ligible \u00e0 la pr\u00e9sidentielle de 2023 ?"}]},{"@type":"WebSite","@id":"https:\/\/infos-droitshumains.net\/#website","url":"https:\/\/infos-droitshumains.net\/","name":"Infos Droits Humains","description":"S&#039;informer est un droit","publisher":{"@id":"https:\/\/infos-droitshumains.net\/#organization"},"potentialAction":[{"@type":"SearchAction","target":{"@type":"EntryPoint","urlTemplate":"https:\/\/infos-droitshumains.net\/?s={search_term_string}"},"query-input":{"@type":"PropertyValueSpecification","valueRequired":true,"valueName":"search_term_string"}}],"inLanguage":"fr-FR"},{"@type":"Organization","@id":"https:\/\/infos-droitshumains.net\/#organization","name":"Infos Droits Humains","url":"https:\/\/infos-droitshumains.net\/","logo":{"@type":"ImageObject","inLanguage":"fr-FR","@id":"https:\/\/infos-droitshumains.net\/#\/schema\/logo\/image\/","url":"https:\/\/i0.wp.com\/infos-droitshumains.net\/wp-content\/uploads\/2022\/05\/Logo.png?fit=333%2C129&ssl=1","contentUrl":"https:\/\/i0.wp.com\/infos-droitshumains.net\/wp-content\/uploads\/2022\/05\/Logo.png?fit=333%2C129&ssl=1","width":333,"height":129,"caption":"Infos Droits Humains"},"image":{"@id":"https:\/\/infos-droitshumains.net\/#\/schema\/logo\/image\/"}},{"@type":"Person","@id":"https:\/\/infos-droitshumains.net\/#\/schema\/person\/3dc5e921c3302172e0ed4362f96faab7","name":"Jo\u00ebl Diawa","image":{"@type":"ImageObject","inLanguage":"fr-FR","@id":"https:\/\/secure.gravatar.com\/avatar\/729bea6ff4604c624417803c477363be8e3c7186deaa65713313f9b4b820f41c?s=96&d=mm&r=g","url":"https:\/\/secure.gravatar.com\/avatar\/729bea6ff4604c624417803c477363be8e3c7186deaa65713313f9b4b820f41c?s=96&d=mm&r=g","contentUrl":"https:\/\/secure.gravatar.com\/avatar\/729bea6ff4604c624417803c477363be8e3c7186deaa65713313f9b4b820f41c?s=96&d=mm&r=g","caption":"Jo\u00ebl Diawa"},"sameAs":["https:\/\/www.infos-droitshumains.net"],"url":"https:\/\/infos-droitshumains.net\/?author=2"}]}},"featured_image_urls":{"full":"","thumbnail":"","medium":"","medium_large":"","large":"","1536x1536":"","2048x2048":"","covernews-slider-full":"","covernews-slider-center":"","covernews-featured":"","covernews-medium":"","covernews-medium-square":""},"author_info":{"display_name":"Jo\u00ebl Diawa","author_link":"https:\/\/infos-droitshumains.net\/?author=2"},"category_info":"<a href=\"https:\/\/infos-droitshumains.net\/?cat=1\" rel=\"category\">Non class\u00e9<\/a>","tag_info":"Non class\u00e9","comment_count":"0","jetpack_featured_media_url":"","jetpack-related-posts":[],"jetpack_sharing_enabled":true,"_links":{"self":[{"href":"https:\/\/infos-droitshumains.net\/index.php?rest_route=\/wp\/v2\/posts\/1233","targetHints":{"allow":["GET"]}}],"collection":[{"href":"https:\/\/infos-droitshumains.net\/index.php?rest_route=\/wp\/v2\/posts"}],"about":[{"href":"https:\/\/infos-droitshumains.net\/index.php?rest_route=\/wp\/v2\/types\/post"}],"author":[{"embeddable":true,"href":"https:\/\/infos-droitshumains.net\/index.php?rest_route=\/wp\/v2\/users\/2"}],"replies":[{"embeddable":true,"href":"https:\/\/infos-droitshumains.net\/index.php?rest_route=%2Fwp%2Fv2%2Fcomments&post=1233"}],"version-history":[{"count":4,"href":"https:\/\/infos-droitshumains.net\/index.php?rest_route=\/wp\/v2\/posts\/1233\/revisions"}],"predecessor-version":[{"id":1240,"href":"https:\/\/infos-droitshumains.net\/index.php?rest_route=\/wp\/v2\/posts\/1233\/revisions\/1240"}],"wp:attachment":[{"href":"https:\/\/infos-droitshumains.net\/index.php?rest_route=%2Fwp%2Fv2%2Fmedia&parent=1233"}],"wp:term":[{"taxonomy":"category","embeddable":true,"href":"https:\/\/infos-droitshumains.net\/index.php?rest_route=%2Fwp%2Fv2%2Fcategories&post=1233"},{"taxonomy":"post_tag","embeddable":true,"href":"https:\/\/infos-droitshumains.net\/index.php?rest_route=%2Fwp%2Fv2%2Ftags&post=1233"}],"curies":[{"name":"wp","href":"https:\/\/api.w.org\/{rel}","templated":true}]}}