{"id":1224,"date":"2021-12-06T22:23:20","date_gmt":"2021-12-06T21:23:20","guid":{"rendered":"https:\/\/infos-droitshumains.net\/?p=1224"},"modified":"2023-04-06T12:11:04","modified_gmt":"2023-04-06T10:11:04","slug":"mise-en-liberte-provisoire-de-vital-kamerhe-est-il-possible-pour-la-cour-de-cassation-daccorder-la-liberte-provisoire-a-quelquun-qui-est-condamne-definitivement-par-la-juridiction","status":"publish","type":"post","link":"https:\/\/infos-droitshumains.net\/?p=1224","title":{"rendered":"Mise en libert\u00e9 provisoire de Vital Kamerhe : Est-il possible pour la Cour de Cassation d\u2019accorder la libert\u00e9 provisoire \u00e0 quelqu\u2019un qui est condamn\u00e9 d\u00e9finitivement par la juridiction d\u2019appel et qui forme le pourvoi en cassation? (Tribune de Me. Victor Ebenya Molongi)"},"content":{"rendered":"\n<p><strong>R\u00e9daction : +243817406088<\/strong><\/p>\n\n\n\n<p>Vital Kamerhe, condamn\u00e9 en appel \u00e0 13 ans de servitude p\u00e9nale par la Cour d\u2019Appel de Kinshasa\/Gombe pour d\u00e9tournement des deniers publics, vient \u00e0 ce jour, de b\u00e9n\u00e9ficier de la libert\u00e9 provisoire sur d\u00e9cision de la Cour de Cassation ; ce, \u00e0 la suite de sa requ\u00eate de pourvoi en cassation. Est-il possible pour la Cour de Cassation d\u2019accorder la libert\u00e9 provisoire \u00e0 quelqu\u2019un qui est condamn\u00e9 d\u00e9finitivement par la juridiction d\u2019appel et qui forme le pourvoi en cassation?<\/p>\n\n\n\n<p>La r\u00e9ponse, c\u2019est oui. Que dit alors la Loi \u00e0 ce sujet ?<\/p>\n\n\n\n<p>En effet, l\u2019article 47 in fine de la Loi portant proc\u00e9dure devant la Cour de Cassation dispose que la personne condamn\u00e9e par la juridiction d\u2019appel, qui se trouve en  \u00e9tat de d\u00e9tention pr\u00e9ventive ou dont l&rsquo;arrestation a \u00e9t\u00e9 ordonn\u00e9e par la juridiction d&rsquo;appel ou par le Minist\u00e8re public pr\u00e8s cette juridiction, peut introduire devant la Cour de Cassation une requ\u00eate de mise en libert\u00e9 ou de mise en libert\u00e9 provisoire, avec ou sans cautionnement.<\/p>\n\n\n\n<p>Et suivant les dispositions pertinentes de cet article 47, pour que la personne condamn\u00e9e puisse solliciter cette mise en libert\u00e9 provisoire devant la Cour de Cassation, elle doit pr\u00e9alablement former un pourvoi en cassation contre la d\u00e9cision d\u2019appel qui l\u2019a condamn\u00e9e.<\/p>\n\n\n\n<p>Dans le cas de Vital Kamerhe, conform\u00e9ment \u00e0 cette disposition l\u00e9gale, il \u00e9tait en droit de solliciter la mise en libert\u00e9 provisoire devant la Cour de Cassation, en attendant que la Cour de Cassation vide sa saisine (rende sa d\u00e9cision) de pourvoi en cassation.<\/p>\n\n\n\n<p>Et l\u2019on doit noter qu\u2019en mati\u00e8re p\u00e9nale, le pourvoi en cassation suspend l\u2019ex\u00e9cution de la d\u00e9cision attaqu\u00e9e qui a \u00e9t\u00e9 rendue par la juridiction d\u2019appel.<\/p>\n\n\n\n<p>Aussi, g\u00e9n\u00e9ralement la d\u00e9cision de mise en libert\u00e9 provisoire pose des conditions restrictives de certaines libert\u00e9s (caution, obligation de ne pas s\u2019approcher de l\u2019a\u00e9roport ou port \u2026) pour que la personne qui en est b\u00e9n\u00e9ficiaire ne puisse pas se soustraire \u00e0 la justice.<\/p>\n\n\n\n<p>Ma\u00eetre Victor Ebenya Molongi: Droit Plus ASBL<\/p>\n","protected":false},"excerpt":{"rendered":"<p>R\u00e9daction : +243817406088 Vital Kamerhe, condamn\u00e9 en appel \u00e0 13 ans de servitude p\u00e9nale par&#8230;<\/p>\n","protected":false},"author":2,"featured_media":0,"comment_status":"closed","ping_status":"open","sticky":false,"template":"","format":"standard","meta":{"_jetpack_memberships_contains_paid_content":false,"footnotes":""},"categories":[1],"tags":[],"class_list":["post-1224","post","type-post","status-publish","format-standard","hentry","category-non-classe"],"yoast_head":"<!-- This site is optimized with the Yoast SEO plugin v27.5 - https:\/\/yoast.com\/product\/yoast-seo-wordpress\/ -->\n<title>Mise en libert\u00e9 provisoire de Vital Kamerhe : Est-il possible pour la Cour de Cassation d\u2019accorder la libert\u00e9 provisoire \u00e0 quelqu\u2019un qui est condamn\u00e9 d\u00e9finitivement par la juridiction d\u2019appel et qui forme le pourvoi en cassation? (Tribune de Me. Victor Ebenya Molongi) - Infos Droits Humains<\/title>\n<meta name=\"robots\" content=\"index, follow, max-snippet:-1, max-image-preview:large, max-video-preview:-1\" \/>\n<link rel=\"canonical\" href=\"https:\/\/infos-droitshumains.net\/?p=1224\" \/>\n<meta property=\"og:locale\" content=\"fr_FR\" \/>\n<meta property=\"og:type\" content=\"article\" \/>\n<meta property=\"og:title\" content=\"Mise en libert\u00e9 provisoire de Vital Kamerhe : Est-il possible pour la Cour de Cassation d\u2019accorder la libert\u00e9 provisoire \u00e0 quelqu\u2019un qui est condamn\u00e9 d\u00e9finitivement par la juridiction d\u2019appel et qui forme le pourvoi en cassation? (Tribune de Me. Victor Ebenya Molongi) - Infos Droits Humains\" \/>\n<meta property=\"og:description\" content=\"R\u00e9daction : +243817406088 Vital Kamerhe, condamn\u00e9 en appel \u00e0 13 ans de servitude p\u00e9nale par...\" \/>\n<meta property=\"og:url\" content=\"https:\/\/infos-droitshumains.net\/?p=1224\" \/>\n<meta property=\"og:site_name\" content=\"Infos Droits Humains\" \/>\n<meta property=\"article:published_time\" content=\"2021-12-06T21:23:20+00:00\" \/>\n<meta property=\"article:modified_time\" content=\"2023-04-06T10:11:04+00:00\" \/>\n<meta name=\"author\" content=\"Jo\u00ebl Diawa\" \/>\n<meta name=\"twitter:card\" content=\"summary_large_image\" \/>\n<meta name=\"twitter:label1\" content=\"\u00c9crit par\" \/>\n\t<meta name=\"twitter:data1\" content=\"Jo\u00ebl Diawa\" \/>\n\t<meta name=\"twitter:label2\" content=\"Dur\u00e9e de lecture estim\u00e9e\" \/>\n\t<meta name=\"twitter:data2\" content=\"2 minutes\" \/>\n<script type=\"application\/ld+json\" class=\"yoast-schema-graph\">{\"@context\":\"https:\\\/\\\/schema.org\",\"@graph\":[{\"@type\":\"Article\",\"@id\":\"https:\\\/\\\/infos-droitshumains.net\\\/?p=1224#article\",\"isPartOf\":{\"@id\":\"https:\\\/\\\/infos-droitshumains.net\\\/?p=1224\"},\"author\":{\"name\":\"Jo\u00ebl Diawa\",\"@id\":\"https:\\\/\\\/infos-droitshumains.net\\\/#\\\/schema\\\/person\\\/3dc5e921c3302172e0ed4362f96faab7\"},\"headline\":\"Mise en libert\u00e9 provisoire de Vital Kamerhe : Est-il possible pour la Cour de Cassation d\u2019accorder la libert\u00e9 provisoire \u00e0 quelqu\u2019un qui est condamn\u00e9 d\u00e9finitivement par la juridiction d\u2019appel et qui forme le pourvoi en cassation? (Tribune de Me. Victor Ebenya Molongi)\",\"datePublished\":\"2021-12-06T21:23:20+00:00\",\"dateModified\":\"2023-04-06T10:11:04+00:00\",\"mainEntityOfPage\":{\"@id\":\"https:\\\/\\\/infos-droitshumains.net\\\/?p=1224\"},\"wordCount\":411,\"publisher\":{\"@id\":\"https:\\\/\\\/infos-droitshumains.net\\\/#organization\"},\"inLanguage\":\"fr-FR\"},{\"@type\":\"WebPage\",\"@id\":\"https:\\\/\\\/infos-droitshumains.net\\\/?p=1224\",\"url\":\"https:\\\/\\\/infos-droitshumains.net\\\/?p=1224\",\"name\":\"Mise en libert\u00e9 provisoire de Vital Kamerhe : Est-il possible pour la Cour de Cassation d\u2019accorder la libert\u00e9 provisoire \u00e0 quelqu\u2019un qui est condamn\u00e9 d\u00e9finitivement par la juridiction d\u2019appel et qui forme le pourvoi en cassation? (Tribune de Me. Victor Ebenya Molongi) - Infos Droits Humains\",\"isPartOf\":{\"@id\":\"https:\\\/\\\/infos-droitshumains.net\\\/#website\"},\"datePublished\":\"2021-12-06T21:23:20+00:00\",\"dateModified\":\"2023-04-06T10:11:04+00:00\",\"breadcrumb\":{\"@id\":\"https:\\\/\\\/infos-droitshumains.net\\\/?p=1224#breadcrumb\"},\"inLanguage\":\"fr-FR\",\"potentialAction\":[{\"@type\":\"ReadAction\",\"target\":[\"https:\\\/\\\/infos-droitshumains.net\\\/?p=1224\"]}]},{\"@type\":\"BreadcrumbList\",\"@id\":\"https:\\\/\\\/infos-droitshumains.net\\\/?p=1224#breadcrumb\",\"itemListElement\":[{\"@type\":\"ListItem\",\"position\":1,\"name\":\"Accueil\",\"item\":\"https:\\\/\\\/infos-droitshumains.net\\\/\"},{\"@type\":\"ListItem\",\"position\":2,\"name\":\"Mise en libert\u00e9 provisoire de Vital Kamerhe : Est-il possible pour la Cour de Cassation d\u2019accorder la libert\u00e9 provisoire \u00e0 quelqu\u2019un qui est condamn\u00e9 d\u00e9finitivement par la juridiction d\u2019appel et qui forme le pourvoi en cassation? (Tribune de Me. Victor Ebenya Molongi)\"}]},{\"@type\":\"WebSite\",\"@id\":\"https:\\\/\\\/infos-droitshumains.net\\\/#website\",\"url\":\"https:\\\/\\\/infos-droitshumains.net\\\/\",\"name\":\"Infos Droits Humains\",\"description\":\"S&#039;informer est un droit\",\"publisher\":{\"@id\":\"https:\\\/\\\/infos-droitshumains.net\\\/#organization\"},\"potentialAction\":[{\"@type\":\"SearchAction\",\"target\":{\"@type\":\"EntryPoint\",\"urlTemplate\":\"https:\\\/\\\/infos-droitshumains.net\\\/?s={search_term_string}\"},\"query-input\":{\"@type\":\"PropertyValueSpecification\",\"valueRequired\":true,\"valueName\":\"search_term_string\"}}],\"inLanguage\":\"fr-FR\"},{\"@type\":\"Organization\",\"@id\":\"https:\\\/\\\/infos-droitshumains.net\\\/#organization\",\"name\":\"Infos Droits Humains\",\"url\":\"https:\\\/\\\/infos-droitshumains.net\\\/\",\"logo\":{\"@type\":\"ImageObject\",\"inLanguage\":\"fr-FR\",\"@id\":\"https:\\\/\\\/infos-droitshumains.net\\\/#\\\/schema\\\/logo\\\/image\\\/\",\"url\":\"https:\\\/\\\/i0.wp.com\\\/infos-droitshumains.net\\\/wp-content\\\/uploads\\\/2022\\\/05\\\/Logo.png?fit=333%2C129&ssl=1\",\"contentUrl\":\"https:\\\/\\\/i0.wp.com\\\/infos-droitshumains.net\\\/wp-content\\\/uploads\\\/2022\\\/05\\\/Logo.png?fit=333%2C129&ssl=1\",\"width\":333,\"height\":129,\"caption\":\"Infos Droits Humains\"},\"image\":{\"@id\":\"https:\\\/\\\/infos-droitshumains.net\\\/#\\\/schema\\\/logo\\\/image\\\/\"}},{\"@type\":\"Person\",\"@id\":\"https:\\\/\\\/infos-droitshumains.net\\\/#\\\/schema\\\/person\\\/3dc5e921c3302172e0ed4362f96faab7\",\"name\":\"Jo\u00ebl Diawa\",\"image\":{\"@type\":\"ImageObject\",\"inLanguage\":\"fr-FR\",\"@id\":\"https:\\\/\\\/secure.gravatar.com\\\/avatar\\\/729bea6ff4604c624417803c477363be8e3c7186deaa65713313f9b4b820f41c?s=96&d=mm&r=g\",\"url\":\"https:\\\/\\\/secure.gravatar.com\\\/avatar\\\/729bea6ff4604c624417803c477363be8e3c7186deaa65713313f9b4b820f41c?s=96&d=mm&r=g\",\"contentUrl\":\"https:\\\/\\\/secure.gravatar.com\\\/avatar\\\/729bea6ff4604c624417803c477363be8e3c7186deaa65713313f9b4b820f41c?s=96&d=mm&r=g\",\"caption\":\"Jo\u00ebl Diawa\"},\"sameAs\":[\"https:\\\/\\\/www.infos-droitshumains.net\"],\"url\":\"https:\\\/\\\/infos-droitshumains.net\\\/?author=2\"}]}<\/script>\n<!-- \/ Yoast SEO plugin. -->","yoast_head_json":{"title":"Mise en libert\u00e9 provisoire de Vital Kamerhe : Est-il possible pour la Cour de Cassation d\u2019accorder la libert\u00e9 provisoire \u00e0 quelqu\u2019un qui est condamn\u00e9 d\u00e9finitivement par la juridiction d\u2019appel et qui forme le pourvoi en cassation? (Tribune de Me. Victor Ebenya Molongi) - Infos Droits Humains","robots":{"index":"index","follow":"follow","max-snippet":"max-snippet:-1","max-image-preview":"max-image-preview:large","max-video-preview":"max-video-preview:-1"},"canonical":"https:\/\/infos-droitshumains.net\/?p=1224","og_locale":"fr_FR","og_type":"article","og_title":"Mise en libert\u00e9 provisoire de Vital Kamerhe : Est-il possible pour la Cour de Cassation d\u2019accorder la libert\u00e9 provisoire \u00e0 quelqu\u2019un qui est condamn\u00e9 d\u00e9finitivement par la juridiction d\u2019appel et qui forme le pourvoi en cassation? (Tribune de Me. Victor Ebenya Molongi) - Infos Droits Humains","og_description":"R\u00e9daction : +243817406088 Vital Kamerhe, condamn\u00e9 en appel \u00e0 13 ans de servitude p\u00e9nale par...","og_url":"https:\/\/infos-droitshumains.net\/?p=1224","og_site_name":"Infos Droits Humains","article_published_time":"2021-12-06T21:23:20+00:00","article_modified_time":"2023-04-06T10:11:04+00:00","author":"Jo\u00ebl Diawa","twitter_card":"summary_large_image","twitter_misc":{"\u00c9crit par":"Jo\u00ebl Diawa","Dur\u00e9e de lecture estim\u00e9e":"2 minutes"},"schema":{"@context":"https:\/\/schema.org","@graph":[{"@type":"Article","@id":"https:\/\/infos-droitshumains.net\/?p=1224#article","isPartOf":{"@id":"https:\/\/infos-droitshumains.net\/?p=1224"},"author":{"name":"Jo\u00ebl Diawa","@id":"https:\/\/infos-droitshumains.net\/#\/schema\/person\/3dc5e921c3302172e0ed4362f96faab7"},"headline":"Mise en libert\u00e9 provisoire de Vital Kamerhe : Est-il possible pour la Cour de Cassation d\u2019accorder la libert\u00e9 provisoire \u00e0 quelqu\u2019un qui est condamn\u00e9 d\u00e9finitivement par la juridiction d\u2019appel et qui forme le pourvoi en cassation? (Tribune de Me. Victor Ebenya Molongi)","datePublished":"2021-12-06T21:23:20+00:00","dateModified":"2023-04-06T10:11:04+00:00","mainEntityOfPage":{"@id":"https:\/\/infos-droitshumains.net\/?p=1224"},"wordCount":411,"publisher":{"@id":"https:\/\/infos-droitshumains.net\/#organization"},"inLanguage":"fr-FR"},{"@type":"WebPage","@id":"https:\/\/infos-droitshumains.net\/?p=1224","url":"https:\/\/infos-droitshumains.net\/?p=1224","name":"Mise en libert\u00e9 provisoire de Vital Kamerhe : Est-il possible pour la Cour de Cassation d\u2019accorder la libert\u00e9 provisoire \u00e0 quelqu\u2019un qui est condamn\u00e9 d\u00e9finitivement par la juridiction d\u2019appel et qui forme le pourvoi en cassation? (Tribune de Me. Victor Ebenya Molongi) - Infos Droits Humains","isPartOf":{"@id":"https:\/\/infos-droitshumains.net\/#website"},"datePublished":"2021-12-06T21:23:20+00:00","dateModified":"2023-04-06T10:11:04+00:00","breadcrumb":{"@id":"https:\/\/infos-droitshumains.net\/?p=1224#breadcrumb"},"inLanguage":"fr-FR","potentialAction":[{"@type":"ReadAction","target":["https:\/\/infos-droitshumains.net\/?p=1224"]}]},{"@type":"BreadcrumbList","@id":"https:\/\/infos-droitshumains.net\/?p=1224#breadcrumb","itemListElement":[{"@type":"ListItem","position":1,"name":"Accueil","item":"https:\/\/infos-droitshumains.net\/"},{"@type":"ListItem","position":2,"name":"Mise en libert\u00e9 provisoire de Vital Kamerhe : Est-il possible pour la Cour de Cassation d\u2019accorder la libert\u00e9 provisoire \u00e0 quelqu\u2019un qui est condamn\u00e9 d\u00e9finitivement par la juridiction d\u2019appel et qui forme le pourvoi en cassation? (Tribune de Me. Victor Ebenya Molongi)"}]},{"@type":"WebSite","@id":"https:\/\/infos-droitshumains.net\/#website","url":"https:\/\/infos-droitshumains.net\/","name":"Infos Droits Humains","description":"S&#039;informer est un droit","publisher":{"@id":"https:\/\/infos-droitshumains.net\/#organization"},"potentialAction":[{"@type":"SearchAction","target":{"@type":"EntryPoint","urlTemplate":"https:\/\/infos-droitshumains.net\/?s={search_term_string}"},"query-input":{"@type":"PropertyValueSpecification","valueRequired":true,"valueName":"search_term_string"}}],"inLanguage":"fr-FR"},{"@type":"Organization","@id":"https:\/\/infos-droitshumains.net\/#organization","name":"Infos Droits Humains","url":"https:\/\/infos-droitshumains.net\/","logo":{"@type":"ImageObject","inLanguage":"fr-FR","@id":"https:\/\/infos-droitshumains.net\/#\/schema\/logo\/image\/","url":"https:\/\/i0.wp.com\/infos-droitshumains.net\/wp-content\/uploads\/2022\/05\/Logo.png?fit=333%2C129&ssl=1","contentUrl":"https:\/\/i0.wp.com\/infos-droitshumains.net\/wp-content\/uploads\/2022\/05\/Logo.png?fit=333%2C129&ssl=1","width":333,"height":129,"caption":"Infos Droits Humains"},"image":{"@id":"https:\/\/infos-droitshumains.net\/#\/schema\/logo\/image\/"}},{"@type":"Person","@id":"https:\/\/infos-droitshumains.net\/#\/schema\/person\/3dc5e921c3302172e0ed4362f96faab7","name":"Jo\u00ebl Diawa","image":{"@type":"ImageObject","inLanguage":"fr-FR","@id":"https:\/\/secure.gravatar.com\/avatar\/729bea6ff4604c624417803c477363be8e3c7186deaa65713313f9b4b820f41c?s=96&d=mm&r=g","url":"https:\/\/secure.gravatar.com\/avatar\/729bea6ff4604c624417803c477363be8e3c7186deaa65713313f9b4b820f41c?s=96&d=mm&r=g","contentUrl":"https:\/\/secure.gravatar.com\/avatar\/729bea6ff4604c624417803c477363be8e3c7186deaa65713313f9b4b820f41c?s=96&d=mm&r=g","caption":"Jo\u00ebl Diawa"},"sameAs":["https:\/\/www.infos-droitshumains.net"],"url":"https:\/\/infos-droitshumains.net\/?author=2"}]}},"featured_image_urls":{"full":"","thumbnail":"","medium":"","medium_large":"","large":"","1536x1536":"","2048x2048":"","covernews-slider-full":"","covernews-slider-center":"","covernews-featured":"","covernews-medium":"","covernews-medium-square":""},"author_info":{"display_name":"Jo\u00ebl Diawa","author_link":"https:\/\/infos-droitshumains.net\/?author=2"},"category_info":"<a href=\"https:\/\/infos-droitshumains.net\/?cat=1\" rel=\"category\">Non class\u00e9<\/a>","tag_info":"Non class\u00e9","comment_count":"0","jetpack_featured_media_url":"","jetpack-related-posts":[],"jetpack_sharing_enabled":true,"_links":{"self":[{"href":"https:\/\/infos-droitshumains.net\/index.php?rest_route=\/wp\/v2\/posts\/1224","targetHints":{"allow":["GET"]}}],"collection":[{"href":"https:\/\/infos-droitshumains.net\/index.php?rest_route=\/wp\/v2\/posts"}],"about":[{"href":"https:\/\/infos-droitshumains.net\/index.php?rest_route=\/wp\/v2\/types\/post"}],"author":[{"embeddable":true,"href":"https:\/\/infos-droitshumains.net\/index.php?rest_route=\/wp\/v2\/users\/2"}],"replies":[{"embeddable":true,"href":"https:\/\/infos-droitshumains.net\/index.php?rest_route=%2Fwp%2Fv2%2Fcomments&post=1224"}],"version-history":[{"count":2,"href":"https:\/\/infos-droitshumains.net\/index.php?rest_route=\/wp\/v2\/posts\/1224\/revisions"}],"predecessor-version":[{"id":1229,"href":"https:\/\/infos-droitshumains.net\/index.php?rest_route=\/wp\/v2\/posts\/1224\/revisions\/1229"}],"wp:attachment":[{"href":"https:\/\/infos-droitshumains.net\/index.php?rest_route=%2Fwp%2Fv2%2Fmedia&parent=1224"}],"wp:term":[{"taxonomy":"category","embeddable":true,"href":"https:\/\/infos-droitshumains.net\/index.php?rest_route=%2Fwp%2Fv2%2Fcategories&post=1224"},{"taxonomy":"post_tag","embeddable":true,"href":"https:\/\/infos-droitshumains.net\/index.php?rest_route=%2Fwp%2Fv2%2Ftags&post=1224"}],"curies":[{"name":"wp","href":"https:\/\/api.w.org\/{rel}","templated":true}]}}