{"id":12231,"date":"2024-12-19T14:14:46","date_gmt":"2024-12-19T13:14:46","guid":{"rendered":"https:\/\/infos-droitshumains.net\/?p=12231"},"modified":"2024-12-19T15:21:26","modified_gmt":"2024-12-19T14:21:26","slug":"rdc-luncc-beneficiera-de-lappui-de-lautorite-de-tutelle-le-ministre-patrick-muyaya-rassure-le-comite-executif","status":"publish","type":"post","link":"https:\/\/infos-droitshumains.net\/?p=12231","title":{"rendered":"RDC\u00a0: L\u2019UNCC b\u00e9n\u00e9ficiera de l\u2019appui de l\u2019autorit\u00e9 de tutelle. Le Ministre Patrick Muyaya rassure le comit\u00e9 ex\u00e9cutif"},"content":{"rendered":"\n<p><strong>R\u00e9daction: +243 817 406 088<\/strong><\/p>\n\n\n\n<h3 class=\"wp-block-heading has-vivid-red-color has-text-color has-link-color wp-elements-0334f9d8f9eca66c04370e71c5a17134\">Depuis son \u00e9lection en septembre dernier, l\u2019actuel comit\u00e9 de l\u2019Union Nationale des Cameramen du Congo, (UNCC) &nbsp;attendait impatiemment ces mots venants de sa tutelle. Cette derni\u00e8re a rassur\u00e9 et a dissip\u00e9 les inqui\u00e9tudes.<\/h3>\n\n\n\n<p>Lors du briefing du gouvernement tenu le mardi 17 d\u00e9cembre dernier, une question a \u00e9t\u00e9 pos\u00e9e au Ministre de communication et m\u00e9dia sur l\u2019existence de l\u2019Union Nationale des Cameramen du Congo et son \u00e9ventuel appui \u00e0 ses actions. Patrick Muyaya a \u00e0 cet effet, rassur\u00e9 et promis son ind\u00e9fectible&nbsp;accompagnement:<\/p>\n\n\n\n<p><em>\u00ab&nbsp;Nous travaillons en chaine, les journalistes, les cameramen, les preneurs de son. Tous, sont enfants maison et ils m\u00e9ritent d\u2019avoir un appui de l\u2019autorit\u00e9 de tutelle&nbsp;\u00bb<\/em>, a rassur\u00e9 Patrick Muyaya.<\/p>\n\n\n\n<p>Des mots brefs mais tr\u00e8s profonds qui mettent en confiance le comit\u00e9 ex\u00e9cutif de l\u2019UNCC qui se veut tr\u00e8s reconnaissant envers sa tutelle&nbsp;:<\/p>\n\n\n\n<p><em>\u00ab&nbsp;L\u2019avantage que nous avons, c\u2019est d\u2019avoir un ministre qui lui-m\u00eame, est issue de la presse. Il a \u00e9t\u00e9 cameramen et journaliste donc, il connait tr\u00e8s bien la maison. C\u2019est quelqu\u2019un qui est toujours tr\u00e8s engag\u00e9 dans les affaires qui concernent le m\u00e9dia de mani\u00e8re g\u00e9n\u00e9rale. Pour preuve, on a tous vu comment est-ce qu\u2019il s\u2019est impliqu\u00e9 pour non seulement la tenue, mais surtout, la r\u00e9ussite du r\u00e9cent congr\u00e8s de l\u2019UNPC. En ce qui concerne l\u2019UNCC, nous savons que nous sortons d\u2019une p\u00e9riode des fortes turbulences et d\u2019instabilit\u00e9&nbsp;; dans ce contexte-l\u00e0, aucune institution cr\u00e9dible n\u2019aurait pu nous accompagner. Maintenant que la temp\u00eate est d\u00e9j\u00e0 derni\u00e8re nous, nous sommes convaincus de pouvoir b\u00e9n\u00e9ficier de l\u2019appui de son Excellence Patrick Muyaya qui sauf impr\u00e9vu, pourra nous recevoir dans un avenir tr\u00e8s proche&nbsp;\u00bb<\/em>, a dit Merlin Kamalandua, Pr\u00e9sident du comit\u00e9 ex\u00e9cutif de l\u2019UNCC.<\/p>\n\n\n\n<p>Depuis son investiture au terme des premi\u00e8res \u00e9lections de l\u2019histoire de l\u2019Union Nationale des Cameramen du Congo tenues le 29 septembre dernier, le comit\u00e9 Kamalandua a r\u00e9volutionn\u00e9 l\u2019organisation et le fonctionnement de cette structure avec un nouveau narratif. Plusieurs projet sont par ailleurs dans l\u2019agenda afin de pouvoir \u00eatre ex\u00e9cut\u00e9 \u00e0 partir de 2025.<\/p>\n\n\n\n<p>Jo\u00ebl Diawa<\/p>\n","protected":false},"excerpt":{"rendered":"<p>R\u00e9daction: +243 817 406 088 Depuis son \u00e9lection en septembre dernier, l\u2019actuel comit\u00e9 de l\u2019Union&#8230;<\/p>\n","protected":false},"author":2,"featured_media":12235,"comment_status":"open","ping_status":"open","sticky":false,"template":"","format":"standard","meta":{"_jetpack_memberships_contains_paid_content":false,"footnotes":""},"categories":[8],"tags":[],"class_list":["post-12231","post","type-post","status-publish","format-standard","has-post-thumbnail","hentry","category-societe"],"yoast_head":"<!-- This site is optimized with the Yoast SEO plugin v27.5 - https:\/\/yoast.com\/product\/yoast-seo-wordpress\/ -->\n<title>RDC\u00a0: L\u2019UNCC b\u00e9n\u00e9ficiera de l\u2019appui de l\u2019autorit\u00e9 de tutelle. Le Ministre Patrick Muyaya rassure le comit\u00e9 ex\u00e9cutif - Infos Droits Humains<\/title>\n<meta name=\"robots\" content=\"index, follow, max-snippet:-1, max-image-preview:large, max-video-preview:-1\" \/>\n<link rel=\"canonical\" href=\"https:\/\/infos-droitshumains.net\/?p=12231\" \/>\n<meta property=\"og:locale\" content=\"fr_FR\" \/>\n<meta property=\"og:type\" content=\"article\" \/>\n<meta property=\"og:title\" content=\"RDC\u00a0: L\u2019UNCC b\u00e9n\u00e9ficiera de l\u2019appui de l\u2019autorit\u00e9 de tutelle. Le Ministre Patrick Muyaya rassure le comit\u00e9 ex\u00e9cutif - Infos Droits Humains\" \/>\n<meta property=\"og:description\" content=\"R\u00e9daction: +243 817 406 088 Depuis son \u00e9lection en septembre dernier, l\u2019actuel comit\u00e9 de l\u2019Union...\" \/>\n<meta property=\"og:url\" content=\"https:\/\/infos-droitshumains.net\/?p=12231\" \/>\n<meta property=\"og:site_name\" content=\"Infos Droits Humains\" \/>\n<meta property=\"article:published_time\" content=\"2024-12-19T13:14:46+00:00\" \/>\n<meta property=\"article:modified_time\" content=\"2024-12-19T14:21:26+00:00\" \/>\n<meta property=\"og:image\" content=\"https:\/\/infos-droitshumains.net\/wp-content\/uploads\/2024\/12\/InCollage_20241219_151114276.jpg\" \/>\n\t<meta property=\"og:image:width\" content=\"960\" \/>\n\t<meta property=\"og:image:height\" content=\"630\" \/>\n\t<meta property=\"og:image:type\" content=\"image\/jpeg\" \/>\n<meta name=\"author\" content=\"Jo\u00ebl Diawa\" \/>\n<meta name=\"twitter:card\" content=\"summary_large_image\" \/>\n<meta name=\"twitter:label1\" content=\"\u00c9crit par\" \/>\n\t<meta name=\"twitter:data1\" content=\"Jo\u00ebl Diawa\" \/>\n\t<meta name=\"twitter:label2\" content=\"Dur\u00e9e de lecture estim\u00e9e\" \/>\n\t<meta name=\"twitter:data2\" content=\"2 minutes\" \/>\n<script type=\"application\/ld+json\" class=\"yoast-schema-graph\">{\"@context\":\"https:\\\/\\\/schema.org\",\"@graph\":[{\"@type\":\"Article\",\"@id\":\"https:\\\/\\\/infos-droitshumains.net\\\/?p=12231#article\",\"isPartOf\":{\"@id\":\"https:\\\/\\\/infos-droitshumains.net\\\/?p=12231\"},\"author\":{\"name\":\"Jo\u00ebl Diawa\",\"@id\":\"https:\\\/\\\/infos-droitshumains.net\\\/#\\\/schema\\\/person\\\/3dc5e921c3302172e0ed4362f96faab7\"},\"headline\":\"RDC\u00a0: L\u2019UNCC b\u00e9n\u00e9ficiera de l\u2019appui de l\u2019autorit\u00e9 de tutelle. Le Ministre Patrick Muyaya rassure le comit\u00e9 ex\u00e9cutif\",\"datePublished\":\"2024-12-19T13:14:46+00:00\",\"dateModified\":\"2024-12-19T14:21:26+00:00\",\"mainEntityOfPage\":{\"@id\":\"https:\\\/\\\/infos-droitshumains.net\\\/?p=12231\"},\"wordCount\":418,\"commentCount\":0,\"publisher\":{\"@id\":\"https:\\\/\\\/infos-droitshumains.net\\\/#organization\"},\"image\":{\"@id\":\"https:\\\/\\\/infos-droitshumains.net\\\/?p=12231#primaryimage\"},\"thumbnailUrl\":\"https:\\\/\\\/i0.wp.com\\\/infos-droitshumains.net\\\/wp-content\\\/uploads\\\/2024\\\/12\\\/InCollage_20241219_151114276.jpg?fit=960%2C630&ssl=1\",\"articleSection\":[\"Soci\u00e9t\u00e9\"],\"inLanguage\":\"fr-FR\",\"potentialAction\":[{\"@type\":\"CommentAction\",\"name\":\"Comment\",\"target\":[\"https:\\\/\\\/infos-droitshumains.net\\\/?p=12231#respond\"]}]},{\"@type\":\"WebPage\",\"@id\":\"https:\\\/\\\/infos-droitshumains.net\\\/?p=12231\",\"url\":\"https:\\\/\\\/infos-droitshumains.net\\\/?p=12231\",\"name\":\"RDC\u00a0: L\u2019UNCC b\u00e9n\u00e9ficiera de l\u2019appui de l\u2019autorit\u00e9 de tutelle. Le Ministre Patrick Muyaya rassure le comit\u00e9 ex\u00e9cutif - Infos Droits Humains\",\"isPartOf\":{\"@id\":\"https:\\\/\\\/infos-droitshumains.net\\\/#website\"},\"primaryImageOfPage\":{\"@id\":\"https:\\\/\\\/infos-droitshumains.net\\\/?p=12231#primaryimage\"},\"image\":{\"@id\":\"https:\\\/\\\/infos-droitshumains.net\\\/?p=12231#primaryimage\"},\"thumbnailUrl\":\"https:\\\/\\\/i0.wp.com\\\/infos-droitshumains.net\\\/wp-content\\\/uploads\\\/2024\\\/12\\\/InCollage_20241219_151114276.jpg?fit=960%2C630&ssl=1\",\"datePublished\":\"2024-12-19T13:14:46+00:00\",\"dateModified\":\"2024-12-19T14:21:26+00:00\",\"breadcrumb\":{\"@id\":\"https:\\\/\\\/infos-droitshumains.net\\\/?p=12231#breadcrumb\"},\"inLanguage\":\"fr-FR\",\"potentialAction\":[{\"@type\":\"ReadAction\",\"target\":[\"https:\\\/\\\/infos-droitshumains.net\\\/?p=12231\"]}]},{\"@type\":\"ImageObject\",\"inLanguage\":\"fr-FR\",\"@id\":\"https:\\\/\\\/infos-droitshumains.net\\\/?p=12231#primaryimage\",\"url\":\"https:\\\/\\\/i0.wp.com\\\/infos-droitshumains.net\\\/wp-content\\\/uploads\\\/2024\\\/12\\\/InCollage_20241219_151114276.jpg?fit=960%2C630&ssl=1\",\"contentUrl\":\"https:\\\/\\\/i0.wp.com\\\/infos-droitshumains.net\\\/wp-content\\\/uploads\\\/2024\\\/12\\\/InCollage_20241219_151114276.jpg?fit=960%2C630&ssl=1\",\"width\":960,\"height\":630},{\"@type\":\"BreadcrumbList\",\"@id\":\"https:\\\/\\\/infos-droitshumains.net\\\/?p=12231#breadcrumb\",\"itemListElement\":[{\"@type\":\"ListItem\",\"position\":1,\"name\":\"Accueil\",\"item\":\"https:\\\/\\\/infos-droitshumains.net\\\/\"},{\"@type\":\"ListItem\",\"position\":2,\"name\":\"RDC\u00a0: L\u2019UNCC b\u00e9n\u00e9ficiera de l\u2019appui de l\u2019autorit\u00e9 de tutelle. Le Ministre Patrick Muyaya rassure le comit\u00e9 ex\u00e9cutif\"}]},{\"@type\":\"WebSite\",\"@id\":\"https:\\\/\\\/infos-droitshumains.net\\\/#website\",\"url\":\"https:\\\/\\\/infos-droitshumains.net\\\/\",\"name\":\"Infos Droits Humains\",\"description\":\"S&#039;informer est un droit\",\"publisher\":{\"@id\":\"https:\\\/\\\/infos-droitshumains.net\\\/#organization\"},\"potentialAction\":[{\"@type\":\"SearchAction\",\"target\":{\"@type\":\"EntryPoint\",\"urlTemplate\":\"https:\\\/\\\/infos-droitshumains.net\\\/?s={search_term_string}\"},\"query-input\":{\"@type\":\"PropertyValueSpecification\",\"valueRequired\":true,\"valueName\":\"search_term_string\"}}],\"inLanguage\":\"fr-FR\"},{\"@type\":\"Organization\",\"@id\":\"https:\\\/\\\/infos-droitshumains.net\\\/#organization\",\"name\":\"Infos Droits Humains\",\"url\":\"https:\\\/\\\/infos-droitshumains.net\\\/\",\"logo\":{\"@type\":\"ImageObject\",\"inLanguage\":\"fr-FR\",\"@id\":\"https:\\\/\\\/infos-droitshumains.net\\\/#\\\/schema\\\/logo\\\/image\\\/\",\"url\":\"https:\\\/\\\/i0.wp.com\\\/infos-droitshumains.net\\\/wp-content\\\/uploads\\\/2022\\\/05\\\/Logo.png?fit=333%2C129&ssl=1\",\"contentUrl\":\"https:\\\/\\\/i0.wp.com\\\/infos-droitshumains.net\\\/wp-content\\\/uploads\\\/2022\\\/05\\\/Logo.png?fit=333%2C129&ssl=1\",\"width\":333,\"height\":129,\"caption\":\"Infos Droits Humains\"},\"image\":{\"@id\":\"https:\\\/\\\/infos-droitshumains.net\\\/#\\\/schema\\\/logo\\\/image\\\/\"}},{\"@type\":\"Person\",\"@id\":\"https:\\\/\\\/infos-droitshumains.net\\\/#\\\/schema\\\/person\\\/3dc5e921c3302172e0ed4362f96faab7\",\"name\":\"Jo\u00ebl Diawa\",\"image\":{\"@type\":\"ImageObject\",\"inLanguage\":\"fr-FR\",\"@id\":\"https:\\\/\\\/secure.gravatar.com\\\/avatar\\\/729bea6ff4604c624417803c477363be8e3c7186deaa65713313f9b4b820f41c?s=96&d=mm&r=g\",\"url\":\"https:\\\/\\\/secure.gravatar.com\\\/avatar\\\/729bea6ff4604c624417803c477363be8e3c7186deaa65713313f9b4b820f41c?s=96&d=mm&r=g\",\"contentUrl\":\"https:\\\/\\\/secure.gravatar.com\\\/avatar\\\/729bea6ff4604c624417803c477363be8e3c7186deaa65713313f9b4b820f41c?s=96&d=mm&r=g\",\"caption\":\"Jo\u00ebl Diawa\"},\"sameAs\":[\"https:\\\/\\\/www.infos-droitshumains.net\"],\"url\":\"https:\\\/\\\/infos-droitshumains.net\\\/?author=2\"}]}<\/script>\n<!-- \/ Yoast SEO plugin. -->","yoast_head_json":{"title":"RDC\u00a0: L\u2019UNCC b\u00e9n\u00e9ficiera de l\u2019appui de l\u2019autorit\u00e9 de tutelle. Le Ministre Patrick Muyaya rassure le comit\u00e9 ex\u00e9cutif - Infos Droits Humains","robots":{"index":"index","follow":"follow","max-snippet":"max-snippet:-1","max-image-preview":"max-image-preview:large","max-video-preview":"max-video-preview:-1"},"canonical":"https:\/\/infos-droitshumains.net\/?p=12231","og_locale":"fr_FR","og_type":"article","og_title":"RDC\u00a0: L\u2019UNCC b\u00e9n\u00e9ficiera de l\u2019appui de l\u2019autorit\u00e9 de tutelle. Le Ministre Patrick Muyaya rassure le comit\u00e9 ex\u00e9cutif - Infos Droits Humains","og_description":"R\u00e9daction: +243 817 406 088 Depuis son \u00e9lection en septembre dernier, l\u2019actuel comit\u00e9 de l\u2019Union...","og_url":"https:\/\/infos-droitshumains.net\/?p=12231","og_site_name":"Infos Droits Humains","article_published_time":"2024-12-19T13:14:46+00:00","article_modified_time":"2024-12-19T14:21:26+00:00","og_image":[{"width":960,"height":630,"url":"https:\/\/infos-droitshumains.net\/wp-content\/uploads\/2024\/12\/InCollage_20241219_151114276.jpg","type":"image\/jpeg"}],"author":"Jo\u00ebl Diawa","twitter_card":"summary_large_image","twitter_misc":{"\u00c9crit par":"Jo\u00ebl Diawa","Dur\u00e9e de lecture estim\u00e9e":"2 minutes"},"schema":{"@context":"https:\/\/schema.org","@graph":[{"@type":"Article","@id":"https:\/\/infos-droitshumains.net\/?p=12231#article","isPartOf":{"@id":"https:\/\/infos-droitshumains.net\/?p=12231"},"author":{"name":"Jo\u00ebl Diawa","@id":"https:\/\/infos-droitshumains.net\/#\/schema\/person\/3dc5e921c3302172e0ed4362f96faab7"},"headline":"RDC\u00a0: L\u2019UNCC b\u00e9n\u00e9ficiera de l\u2019appui de l\u2019autorit\u00e9 de tutelle. Le Ministre Patrick Muyaya rassure le comit\u00e9 ex\u00e9cutif","datePublished":"2024-12-19T13:14:46+00:00","dateModified":"2024-12-19T14:21:26+00:00","mainEntityOfPage":{"@id":"https:\/\/infos-droitshumains.net\/?p=12231"},"wordCount":418,"commentCount":0,"publisher":{"@id":"https:\/\/infos-droitshumains.net\/#organization"},"image":{"@id":"https:\/\/infos-droitshumains.net\/?p=12231#primaryimage"},"thumbnailUrl":"https:\/\/i0.wp.com\/infos-droitshumains.net\/wp-content\/uploads\/2024\/12\/InCollage_20241219_151114276.jpg?fit=960%2C630&ssl=1","articleSection":["Soci\u00e9t\u00e9"],"inLanguage":"fr-FR","potentialAction":[{"@type":"CommentAction","name":"Comment","target":["https:\/\/infos-droitshumains.net\/?p=12231#respond"]}]},{"@type":"WebPage","@id":"https:\/\/infos-droitshumains.net\/?p=12231","url":"https:\/\/infos-droitshumains.net\/?p=12231","name":"RDC\u00a0: L\u2019UNCC b\u00e9n\u00e9ficiera de l\u2019appui de l\u2019autorit\u00e9 de tutelle. Le Ministre Patrick Muyaya rassure le comit\u00e9 ex\u00e9cutif - Infos Droits Humains","isPartOf":{"@id":"https:\/\/infos-droitshumains.net\/#website"},"primaryImageOfPage":{"@id":"https:\/\/infos-droitshumains.net\/?p=12231#primaryimage"},"image":{"@id":"https:\/\/infos-droitshumains.net\/?p=12231#primaryimage"},"thumbnailUrl":"https:\/\/i0.wp.com\/infos-droitshumains.net\/wp-content\/uploads\/2024\/12\/InCollage_20241219_151114276.jpg?fit=960%2C630&ssl=1","datePublished":"2024-12-19T13:14:46+00:00","dateModified":"2024-12-19T14:21:26+00:00","breadcrumb":{"@id":"https:\/\/infos-droitshumains.net\/?p=12231#breadcrumb"},"inLanguage":"fr-FR","potentialAction":[{"@type":"ReadAction","target":["https:\/\/infos-droitshumains.net\/?p=12231"]}]},{"@type":"ImageObject","inLanguage":"fr-FR","@id":"https:\/\/infos-droitshumains.net\/?p=12231#primaryimage","url":"https:\/\/i0.wp.com\/infos-droitshumains.net\/wp-content\/uploads\/2024\/12\/InCollage_20241219_151114276.jpg?fit=960%2C630&ssl=1","contentUrl":"https:\/\/i0.wp.com\/infos-droitshumains.net\/wp-content\/uploads\/2024\/12\/InCollage_20241219_151114276.jpg?fit=960%2C630&ssl=1","width":960,"height":630},{"@type":"BreadcrumbList","@id":"https:\/\/infos-droitshumains.net\/?p=12231#breadcrumb","itemListElement":[{"@type":"ListItem","position":1,"name":"Accueil","item":"https:\/\/infos-droitshumains.net\/"},{"@type":"ListItem","position":2,"name":"RDC\u00a0: L\u2019UNCC b\u00e9n\u00e9ficiera de l\u2019appui de l\u2019autorit\u00e9 de tutelle. Le Ministre Patrick Muyaya rassure le comit\u00e9 ex\u00e9cutif"}]},{"@type":"WebSite","@id":"https:\/\/infos-droitshumains.net\/#website","url":"https:\/\/infos-droitshumains.net\/","name":"Infos Droits Humains","description":"S&#039;informer est un droit","publisher":{"@id":"https:\/\/infos-droitshumains.net\/#organization"},"potentialAction":[{"@type":"SearchAction","target":{"@type":"EntryPoint","urlTemplate":"https:\/\/infos-droitshumains.net\/?s={search_term_string}"},"query-input":{"@type":"PropertyValueSpecification","valueRequired":true,"valueName":"search_term_string"}}],"inLanguage":"fr-FR"},{"@type":"Organization","@id":"https:\/\/infos-droitshumains.net\/#organization","name":"Infos Droits Humains","url":"https:\/\/infos-droitshumains.net\/","logo":{"@type":"ImageObject","inLanguage":"fr-FR","@id":"https:\/\/infos-droitshumains.net\/#\/schema\/logo\/image\/","url":"https:\/\/i0.wp.com\/infos-droitshumains.net\/wp-content\/uploads\/2022\/05\/Logo.png?fit=333%2C129&ssl=1","contentUrl":"https:\/\/i0.wp.com\/infos-droitshumains.net\/wp-content\/uploads\/2022\/05\/Logo.png?fit=333%2C129&ssl=1","width":333,"height":129,"caption":"Infos Droits Humains"},"image":{"@id":"https:\/\/infos-droitshumains.net\/#\/schema\/logo\/image\/"}},{"@type":"Person","@id":"https:\/\/infos-droitshumains.net\/#\/schema\/person\/3dc5e921c3302172e0ed4362f96faab7","name":"Jo\u00ebl Diawa","image":{"@type":"ImageObject","inLanguage":"fr-FR","@id":"https:\/\/secure.gravatar.com\/avatar\/729bea6ff4604c624417803c477363be8e3c7186deaa65713313f9b4b820f41c?s=96&d=mm&r=g","url":"https:\/\/secure.gravatar.com\/avatar\/729bea6ff4604c624417803c477363be8e3c7186deaa65713313f9b4b820f41c?s=96&d=mm&r=g","contentUrl":"https:\/\/secure.gravatar.com\/avatar\/729bea6ff4604c624417803c477363be8e3c7186deaa65713313f9b4b820f41c?s=96&d=mm&r=g","caption":"Jo\u00ebl Diawa"},"sameAs":["https:\/\/www.infos-droitshumains.net"],"url":"https:\/\/infos-droitshumains.net\/?author=2"}]}},"featured_image_urls":{"full":["https:\/\/i0.wp.com\/infos-droitshumains.net\/wp-content\/uploads\/2024\/12\/InCollage_20241219_151114276.jpg?fit=960%2C630&ssl=1",960,630,false],"thumbnail":["https:\/\/i0.wp.com\/infos-droitshumains.net\/wp-content\/uploads\/2024\/12\/InCollage_20241219_151114276.jpg?resize=150%2C150&ssl=1",150,150,true],"medium":["https:\/\/i0.wp.com\/infos-droitshumains.net\/wp-content\/uploads\/2024\/12\/InCollage_20241219_151114276.jpg?fit=300%2C197&ssl=1",300,197,true],"medium_large":["https:\/\/i0.wp.com\/infos-droitshumains.net\/wp-content\/uploads\/2024\/12\/InCollage_20241219_151114276.jpg?fit=640%2C420&ssl=1",640,420,true],"large":["https:\/\/i0.wp.com\/infos-droitshumains.net\/wp-content\/uploads\/2024\/12\/InCollage_20241219_151114276.jpg?fit=640%2C420&ssl=1",640,420,true],"1536x1536":["https:\/\/i0.wp.com\/infos-droitshumains.net\/wp-content\/uploads\/2024\/12\/InCollage_20241219_151114276.jpg?fit=960%2C630&ssl=1",960,630,true],"2048x2048":["https:\/\/i0.wp.com\/infos-droitshumains.net\/wp-content\/uploads\/2024\/12\/InCollage_20241219_151114276.jpg?fit=960%2C630&ssl=1",960,630,true],"covernews-slider-full":["https:\/\/i0.wp.com\/infos-droitshumains.net\/wp-content\/uploads\/2024\/12\/InCollage_20241219_151114276.jpg?resize=960%2C630&ssl=1",960,630,true],"covernews-slider-center":["https:\/\/i0.wp.com\/infos-droitshumains.net\/wp-content\/uploads\/2024\/12\/InCollage_20241219_151114276.jpg?resize=800%2C500&ssl=1",800,500,true],"covernews-featured":["https:\/\/i0.wp.com\/infos-droitshumains.net\/wp-content\/uploads\/2024\/12\/InCollage_20241219_151114276.jpg?fit=960%2C630&ssl=1",960,630,true],"covernews-medium":["https:\/\/i0.wp.com\/infos-droitshumains.net\/wp-content\/uploads\/2024\/12\/InCollage_20241219_151114276.jpg?resize=540%2C340&ssl=1",540,340,true],"covernews-medium-square":["https:\/\/i0.wp.com\/infos-droitshumains.net\/wp-content\/uploads\/2024\/12\/InCollage_20241219_151114276.jpg?resize=400%2C250&ssl=1",400,250,true]},"author_info":{"display_name":"Jo\u00ebl Diawa","author_link":"https:\/\/infos-droitshumains.net\/?author=2"},"category_info":"<a href=\"https:\/\/infos-droitshumains.net\/?cat=8\" rel=\"category\">Soci\u00e9t\u00e9<\/a>","tag_info":"Soci\u00e9t\u00e9","comment_count":"0","jetpack_featured_media_url":"https:\/\/i0.wp.com\/infos-droitshumains.net\/wp-content\/uploads\/2024\/12\/InCollage_20241219_151114276.jpg?fit=960%2C630&ssl=1","jetpack-related-posts":[],"jetpack_sharing_enabled":true,"_links":{"self":[{"href":"https:\/\/infos-droitshumains.net\/index.php?rest_route=\/wp\/v2\/posts\/12231","targetHints":{"allow":["GET"]}}],"collection":[{"href":"https:\/\/infos-droitshumains.net\/index.php?rest_route=\/wp\/v2\/posts"}],"about":[{"href":"https:\/\/infos-droitshumains.net\/index.php?rest_route=\/wp\/v2\/types\/post"}],"author":[{"embeddable":true,"href":"https:\/\/infos-droitshumains.net\/index.php?rest_route=\/wp\/v2\/users\/2"}],"replies":[{"embeddable":true,"href":"https:\/\/infos-droitshumains.net\/index.php?rest_route=%2Fwp%2Fv2%2Fcomments&post=12231"}],"version-history":[{"count":4,"href":"https:\/\/infos-droitshumains.net\/index.php?rest_route=\/wp\/v2\/posts\/12231\/revisions"}],"predecessor-version":[{"id":12238,"href":"https:\/\/infos-droitshumains.net\/index.php?rest_route=\/wp\/v2\/posts\/12231\/revisions\/12238"}],"wp:featuredmedia":[{"embeddable":true,"href":"https:\/\/infos-droitshumains.net\/index.php?rest_route=\/wp\/v2\/media\/12235"}],"wp:attachment":[{"href":"https:\/\/infos-droitshumains.net\/index.php?rest_route=%2Fwp%2Fv2%2Fmedia&parent=12231"}],"wp:term":[{"taxonomy":"category","embeddable":true,"href":"https:\/\/infos-droitshumains.net\/index.php?rest_route=%2Fwp%2Fv2%2Fcategories&post=12231"},{"taxonomy":"post_tag","embeddable":true,"href":"https:\/\/infos-droitshumains.net\/index.php?rest_route=%2Fwp%2Fv2%2Ftags&post=12231"}],"curies":[{"name":"wp","href":"https:\/\/api.w.org\/{rel}","templated":true}]}}