{"id":12100,"date":"2024-12-12T08:29:04","date_gmt":"2024-12-12T07:29:04","guid":{"rendered":"https:\/\/infos-droitshumains.net\/?p=12100"},"modified":"2024-12-12T11:11:28","modified_gmt":"2024-12-12T10:11:28","slug":"controle-de-constitutionnalite-pre-filtrage-filtrage-competence-le-nouvel-ouvrage-de-gabriel-kilala-pene-amuna-met-fin-aux-exceptions-dinconstitutionnalite-dilatoires","status":"publish","type":"post","link":"https:\/\/infos-droitshumains.net\/?p=12100","title":{"rendered":"Contr\u00f4le de constitutionnalit\u00e9\u00a0: Pr\u00e9-filtrage-filtrage-comp\u00e9tence\u00a0: Le nouvel ouvrage de Gabriel Kilala Pene-Amuna met fin aux exceptions d\u2019inconstitutionnalit\u00e9 dilatoires"},"content":{"rendered":"\n<p><strong>R\u00e9daction: +243 817 406 088<\/strong><\/p>\n\n\n\n<h3 class=\"wp-block-heading has-vivid-red-color has-text-color has-link-color wp-elements-b06c98b954784c11521103a209914336\">D\u00e9sormais, au cours d\u2019un proc\u00e8s, le juge ne fera plus \u00e9gard \u00e0 une exception d\u2019inconstitutionnalit\u00e9 qui ne vise pas un acte l\u00e9gislatif, ni un acte r\u00e8glementaire. C\u2019est l\u2019\u00e9clairage que vient d\u2019apporter <strong><em>\u2018\u2019Contr\u00f4le de constitutionnalit\u00e9&nbsp;: Pr\u00e9-filtrage-filtrage-comp\u00e9tence\u2019\u2019<\/em><\/strong>, l\u2019ouvrage de Gabriel Kilala Pene-Amuna dont le vernissage a eu lieu ce mercredi 11 d\u00e9cembre \u00e0 Kinshasa.<\/h3>\n\n\n\n<figure class=\"wp-block-image alignfull size-large\"><img data-recalc-dims=\"1\" fetchpriority=\"high\" decoding=\"async\" width=\"640\" height=\"451\" src=\"https:\/\/i0.wp.com\/infos-droitshumains.net\/wp-content\/uploads\/2024\/12\/MG_0329.jpg?resize=640%2C451&#038;ssl=1\" alt=\"\" class=\"wp-image-12102\" srcset=\"https:\/\/i0.wp.com\/infos-droitshumains.net\/wp-content\/uploads\/2024\/12\/MG_0329-scaled.jpg?resize=1024%2C722&amp;ssl=1 1024w, https:\/\/i0.wp.com\/infos-droitshumains.net\/wp-content\/uploads\/2024\/12\/MG_0329-scaled.jpg?resize=300%2C212&amp;ssl=1 300w, https:\/\/i0.wp.com\/infos-droitshumains.net\/wp-content\/uploads\/2024\/12\/MG_0329-scaled.jpg?resize=768%2C542&amp;ssl=1 768w, https:\/\/i0.wp.com\/infos-droitshumains.net\/wp-content\/uploads\/2024\/12\/MG_0329-scaled.jpg?resize=1536%2C1084&amp;ssl=1 1536w, https:\/\/i0.wp.com\/infos-droitshumains.net\/wp-content\/uploads\/2024\/12\/MG_0329-scaled.jpg?resize=2048%2C1445&amp;ssl=1 2048w, https:\/\/i0.wp.com\/infos-droitshumains.net\/wp-content\/uploads\/2024\/12\/MG_0329-scaled.jpg?w=1280&amp;ssl=1 1280w, https:\/\/i0.wp.com\/infos-droitshumains.net\/wp-content\/uploads\/2024\/12\/MG_0329-scaled.jpg?w=1920&amp;ssl=1 1920w\" sizes=\"(max-width: 640px) 100vw, 640px\" \/><\/figure>\n\n\n\n<p>Pr\u00e9sident \u00e0 la Cour d\u2019Appel de Kinshasa\/Matete, l\u2019auteur s\u2019est mis au travail pour r\u00e9fl\u00e9chir sur la probl\u00e9matique que pose l\u2019exception d\u2019inconstitutionnalit\u00e9 soulev\u00e9e par certains avocats parfois d\u00e9pourvus d\u2019arguments, avec pour finalit\u00e9 de bloquer l\u2019issue du proc\u00e8s.<\/p>\n\n\n\n<p>Analysant d\u2019une part, les dispositions des articles 162 de la constitution, 43 et 52 de la loi organique n\u00b013\/026 du 15 octobre 2013 portant organisation et fonctionnement de la Cour constitutionnelle, 61 de la loi organique n\u00b013\/011-B du 11 avril 2013 portant organisation, fonctionnement et comp\u00e9tences des juridictions de l\u2019ordre judiciaire ainsi que le r\u00e8glement int\u00e9rieur de la Cour Constitutionnelle, et faisant d\u2019autre part, \u00a0des commentaires hautement scientifiques de quelques d\u00e9cisions judiciaires rendues en mati\u00e8re de contr\u00f4le de constitutionnalit\u00e9 par les hautes juridictions du pays et \u00e9trang\u00e8res, il explique clairement et de fa\u00e7on satisfaisante aux juges, la proc\u00e9dure \u00e0 suivre lorsque les plaideurs mesquins soul\u00e8vent ledit moyen. Et pour mettre fin \u00e0 ce dilatoire, Gabriel Kilala propose le <strong><em>\u2018\u2019pr\u00e9-filtrage\u2019\u2019<\/em><\/strong>.<\/p>\n\n\n\n<figure class=\"wp-block-image alignfull size-large\"><img data-recalc-dims=\"1\" decoding=\"async\" width=\"640\" height=\"655\" src=\"https:\/\/i0.wp.com\/infos-droitshumains.net\/wp-content\/uploads\/2024\/12\/MG_0409-1.jpg?resize=640%2C655&#038;ssl=1\" alt=\"\" class=\"wp-image-12104\" srcset=\"https:\/\/i0.wp.com\/infos-droitshumains.net\/wp-content\/uploads\/2024\/12\/MG_0409-1-scaled.jpg?resize=1000%2C1024&amp;ssl=1 1000w, https:\/\/i0.wp.com\/infos-droitshumains.net\/wp-content\/uploads\/2024\/12\/MG_0409-1-scaled.jpg?resize=293%2C300&amp;ssl=1 293w, https:\/\/i0.wp.com\/infos-droitshumains.net\/wp-content\/uploads\/2024\/12\/MG_0409-1-scaled.jpg?resize=768%2C787&amp;ssl=1 768w, https:\/\/i0.wp.com\/infos-droitshumains.net\/wp-content\/uploads\/2024\/12\/MG_0409-1-scaled.jpg?resize=1499%2C1536&amp;ssl=1 1499w, https:\/\/i0.wp.com\/infos-droitshumains.net\/wp-content\/uploads\/2024\/12\/MG_0409-1-scaled.jpg?resize=1999%2C2048&amp;ssl=1 1999w, https:\/\/i0.wp.com\/infos-droitshumains.net\/wp-content\/uploads\/2024\/12\/MG_0409-1-scaled.jpg?resize=1024%2C1049&amp;ssl=1 1024w, https:\/\/i0.wp.com\/infos-droitshumains.net\/wp-content\/uploads\/2024\/12\/MG_0409-1-scaled.jpg?w=1280&amp;ssl=1 1280w, https:\/\/i0.wp.com\/infos-droitshumains.net\/wp-content\/uploads\/2024\/12\/MG_0409-1-scaled.jpg?w=1920&amp;ssl=1 1920w\" sizes=\"(max-width: 640px) 100vw, 640px\" \/><figcaption class=\"wp-element-caption\">Gabriel Kilala lors de la pr\u00e9sentation de son ouvrage<\/figcaption><\/figure>\n\n\n\n<p><em>\u00ab&nbsp;Les proc\u00e8s durent&nbsp;; et \u00e7a d\u00e9range la population. Pourquoi les proc\u00e8s durent&nbsp;? Moi j\u2019ai \u00e9pingl\u00e9 l\u2019une des causes; c\u2019est l\u2019exception d\u2019inconstitutionnalit\u00e9. L\u2019article 19 de la constitution dit que chacun a droit \u00e0 un proc\u00e8s qui se tient dans un d\u00e9lai raisonnable. Mais un proc\u00e8s qui fait une ann\u00e9e, deux ans, trois ans, parce qu\u2019il y a des parties qui soul\u00e8vent cette exception seulement pour bloquer la proc\u00e9dure. Nous sommes \u00e0 Kinshasa, mais par exemple les gens qui sont \u00e0 l\u2019int\u00e9rieur, lorsque l\u2019on soul\u00e8ve cette exception, le dossier doit prendre environs dix mois pour arriver \u00e0 Kinshasa. Cela d\u00e9range la population. \u00c7a m\u2019a donn\u00e9 l\u2019opportunit\u00e9 de chercher des solutions \u00e0 cette question d\u2019inconstitutionnalit\u00e9 et j\u2019ai trouv\u00e9&nbsp;; c\u2019est le <strong>\u2018\u2019pr\u00e9-filtrage\u2019\u2019<\/strong>. L\u2019exception doit absolument viser un acte l\u00e9gislatif et r\u00e8glementaire&nbsp;\u00bb<\/em>, a-t-il expliqu\u00e9 le fondement de son raisonnement scientifique.<\/p>\n\n\n\n<p>Gabriel Kilala dit en outre avoir r\u00e9pertori\u00e9 dans son ouvrage, &nbsp;50 arr\u00eats de la Cour Constitutionnelle qui se d\u00e9clare toujours incomp\u00e9tente. <em>\u00ab&nbsp;Je me suis effectivement rendu compte qu\u2019il y a plusieurs exceptions d\u2019inconstitutionnalit\u00e9 qui ont \u00e9t\u00e9 soulev\u00e9es&nbsp; qui ne visaient pas les actes l\u00e9gislatifs ou r\u00e8glementaires&nbsp;\u00bb<\/em>, a-t-il cependant rench\u00e9ri avant de pr\u00e9ciser&nbsp;:<\/p>\n\n\n\n<p><em>\u00ab&nbsp;Quand vous interpr\u00e9tez l\u2019article 162 alin\u00e9a 2 de la constitution, 43 et 52 de la loi organique relative \u00e0 la Cour Constitutionnelle, vous allez vous rendre compte que toute exception qui vise tout autre acte qui n\u2019est pas cit\u00e9 \u00e0 l\u2019article 43 manque en droit et, est sans objet. Donc, le juge ne peut pas sursoir le dossier du fond (en civil ndlr), il doit demander aux parties de plaider.&nbsp;\u00bb<\/em><\/p>\n\n\n\n<figure class=\"wp-block-image alignfull size-large\"><img data-recalc-dims=\"1\" decoding=\"async\" width=\"640\" height=\"427\" src=\"https:\/\/i0.wp.com\/infos-droitshumains.net\/wp-content\/uploads\/2024\/12\/MG_309.jpg?resize=640%2C427&#038;ssl=1\" alt=\"\" class=\"wp-image-12131\" srcset=\"https:\/\/i0.wp.com\/infos-droitshumains.net\/wp-content\/uploads\/2024\/12\/MG_309.jpg?resize=1024%2C683&amp;ssl=1 1024w, https:\/\/i0.wp.com\/infos-droitshumains.net\/wp-content\/uploads\/2024\/12\/MG_309.jpg?resize=300%2C200&amp;ssl=1 300w, https:\/\/i0.wp.com\/infos-droitshumains.net\/wp-content\/uploads\/2024\/12\/MG_309.jpg?resize=768%2C512&amp;ssl=1 768w, https:\/\/i0.wp.com\/infos-droitshumains.net\/wp-content\/uploads\/2024\/12\/MG_309.jpg?w=1404&amp;ssl=1 1404w, https:\/\/i0.wp.com\/infos-droitshumains.net\/wp-content\/uploads\/2024\/12\/MG_309.jpg?w=1280&amp;ssl=1 1280w\" sizes=\"(max-width: 640px) 100vw, 640px\" \/><\/figure>\n\n\n\n<p>La r\u00e9flexion de Gabriel Kilala &nbsp;est un <em>\u00ab&nbsp;acte d\u2019accompagnement de tout acteur judiciaire pour qu\u2019il ait une bonne administration de la justice, et qu\u2019il n\u2019y ait pas des obstacles vraies ou suppos\u00e9s&nbsp;\u00bb<\/em>, a reconnu Benoit Kapamvuli Pandamuishinda, Pr\u00e9sident \u00e9m\u00e9rite et honoraire de la Cour de Cassation qui a port\u00e9 cet ouvrage sur les fonts baptismaux.<\/p>\n\n\n\n<figure class=\"wp-block-image size-large\"><img data-recalc-dims=\"1\" loading=\"lazy\" decoding=\"async\" width=\"640\" height=\"743\" src=\"https:\/\/i0.wp.com\/infos-droitshumains.net\/wp-content\/uploads\/2024\/12\/MG_431.jpg?resize=640%2C743&#038;ssl=1\" alt=\"\" class=\"wp-image-12121\" srcset=\"https:\/\/i0.wp.com\/infos-droitshumains.net\/wp-content\/uploads\/2024\/12\/MG_431.jpg?resize=882%2C1024&amp;ssl=1 882w, https:\/\/i0.wp.com\/infos-droitshumains.net\/wp-content\/uploads\/2024\/12\/MG_431.jpg?resize=258%2C300&amp;ssl=1 258w, https:\/\/i0.wp.com\/infos-droitshumains.net\/wp-content\/uploads\/2024\/12\/MG_431.jpg?resize=768%2C892&amp;ssl=1 768w, https:\/\/i0.wp.com\/infos-droitshumains.net\/wp-content\/uploads\/2024\/12\/MG_431.jpg?w=924&amp;ssl=1 924w\" sizes=\"(max-width: 640px) 100vw, 640px\" \/><figcaption class=\"wp-element-caption\">Beno\u00eet KAMPAVULI quelques minutes avant de baptiser l&rsquo;ouvrage de Gabriel KILALA<\/figcaption><\/figure>\n\n\n\n<p>Ayant pris part \u00e0 la c\u00e9r\u00e9monie de vernissage avec les magistrats de son office, le Procureur de la R\u00e9publique Emmanuel Amouri Kitenge, chef du parquet pr\u00e8s le Tribunal de Paix de Kinshasa\/Lemba qui s\u2019en est procur\u00e9 un nombre important, qualifie cet ouvrage d\u2019une connaissance objective face \u00e0 cette exception d\u2019inconstitutionnalit\u00e9 qui vaut un dilatoire&nbsp;:<\/p>\n\n\n\n<p><em>\u00ab&nbsp;Je suis praticien de droit, avant d\u2019\u00eatre procureur de la r\u00e9publique, j\u2019\u00e9tais substitut du procureur de la r\u00e9publique, avocat et d\u00e9fenseur judiciaire. C\u2019est notre pain quotidien&nbsp;; c\u2019est une exception qui revenait toujours pendant tous les temps. Une exception d\u00e9nomm\u00e9e Mbasu (ulc\u00e8re de burili ndlr), une exception pour paralyser le bon fonctionnement de la justice. Ce qui fait que la justice connaisse aussi une lenteur. Depuis longtemps on avait des arguments qu\u2019on ne savait assoir ni sur une disposition l\u00e9gale moins encore sur la doctrine. Mais aujourd\u2019hui, il a relev\u00e9 plusieurs dispositions l\u00e9gales pour d\u00e9montrer que cette exception ne peut pas \u00eatre soulev\u00e9e comme on le fait d\u2019habitude. Il y l\u2019article 43 de la loi organique qui d\u00e9termine les actes pouvant \u00eatre vis\u00e9s par ladite exception. Aujourd\u2019hui vous allez vous rendre compte que tout ce qu\u2019on faisait n\u2019\u00e9tait qu\u2019une exception dilatoire, mais aujourd\u2019hui, \u00e7a vaut la peine d\u2019acclamer puisqu\u2019il a amen\u00e9 une connaissance objective qui va aider les praticiens de droit que nous sommes&nbsp;\u00bb<\/em>, a-t-il dit.<\/p>\n\n\n\n<figure class=\"wp-block-image alignfull size-large\"><img data-recalc-dims=\"1\" loading=\"lazy\" decoding=\"async\" width=\"640\" height=\"825\" src=\"https:\/\/i0.wp.com\/infos-droitshumains.net\/wp-content\/uploads\/2024\/12\/MG_0435.jpg?resize=640%2C825&#038;ssl=1\" alt=\"\" class=\"wp-image-12105\" srcset=\"https:\/\/i0.wp.com\/infos-droitshumains.net\/wp-content\/uploads\/2024\/12\/MG_0435-scaled.jpg?resize=794%2C1024&amp;ssl=1 794w, https:\/\/i0.wp.com\/infos-droitshumains.net\/wp-content\/uploads\/2024\/12\/MG_0435-scaled.jpg?resize=233%2C300&amp;ssl=1 233w, https:\/\/i0.wp.com\/infos-droitshumains.net\/wp-content\/uploads\/2024\/12\/MG_0435-scaled.jpg?resize=768%2C990&amp;ssl=1 768w, https:\/\/i0.wp.com\/infos-droitshumains.net\/wp-content\/uploads\/2024\/12\/MG_0435-scaled.jpg?resize=1192%2C1536&amp;ssl=1 1192w, https:\/\/i0.wp.com\/infos-droitshumains.net\/wp-content\/uploads\/2024\/12\/MG_0435-scaled.jpg?resize=1589%2C2048&amp;ssl=1 1589w, https:\/\/i0.wp.com\/infos-droitshumains.net\/wp-content\/uploads\/2024\/12\/MG_0435-scaled.jpg?resize=1024%2C1320&amp;ssl=1 1024w, https:\/\/i0.wp.com\/infos-droitshumains.net\/wp-content\/uploads\/2024\/12\/MG_0435-scaled.jpg?w=1986&amp;ssl=1 1986w, https:\/\/i0.wp.com\/infos-droitshumains.net\/wp-content\/uploads\/2024\/12\/MG_0435-scaled.jpg?w=1280&amp;ssl=1 1280w, https:\/\/i0.wp.com\/infos-droitshumains.net\/wp-content\/uploads\/2024\/12\/MG_0435-scaled.jpg?w=1920&amp;ssl=1 1920w\" sizes=\"(max-width: 640px) 100vw, 640px\" \/><figcaption class=\"wp-element-caption\">De gauche \u00e0 droite, les Procureur de la R\u00e9publique Emmanuel Amouri Kitenge et<br>Marie-Claire Ruhamya qui assisent au vernissage de l&rsquo;ouvrage<\/figcaption><\/figure>\n\n\n\n<p>Contr\u00f4le de constitutionnalit\u00e9&nbsp;: Pr\u00e9-filtrage-filtrage-comp\u00e9tence, avec ses 150 pages environs, cette production scientifique de haute facture qui vient de paraitre va non seulement enrichir les rayons des biblioth\u00e8ques, mais surtout, contribuer \u00e0 la bonne administration de la justice pour l\u2019impl\u00e9mentation effective d\u2019un Etat v\u00e9ritablement de droit.<\/p>\n\n\n\n<p>Jo\u00ebl Diawa<\/p>\n","protected":false},"excerpt":{"rendered":"<p>R\u00e9daction: +243 817 406 088 D\u00e9sormais, au cours d\u2019un proc\u00e8s, le juge ne fera plus&#8230;<\/p>\n","protected":false},"author":2,"featured_media":12115,"comment_status":"open","ping_status":"open","sticky":false,"template":"","format":"standard","meta":{"_jetpack_memberships_contains_paid_content":false,"footnotes":""},"categories":[6],"tags":[],"class_list":["post-12100","post","type-post","status-publish","format-standard","has-post-thumbnail","hentry","category-justice"],"yoast_head":"<!-- This site is optimized with the Yoast SEO plugin v27.5 - https:\/\/yoast.com\/product\/yoast-seo-wordpress\/ -->\n<title>Contr\u00f4le de constitutionnalit\u00e9\u00a0: Pr\u00e9-filtrage-filtrage-comp\u00e9tence\u00a0: Le nouvel ouvrage de Gabriel Kilala Pene-Amuna met fin aux exceptions d\u2019inconstitutionnalit\u00e9 dilatoires - Infos Droits Humains<\/title>\n<meta name=\"robots\" content=\"index, follow, max-snippet:-1, max-image-preview:large, max-video-preview:-1\" \/>\n<link rel=\"canonical\" href=\"https:\/\/infos-droitshumains.net\/?p=12100\" \/>\n<meta property=\"og:locale\" content=\"fr_FR\" \/>\n<meta property=\"og:type\" content=\"article\" \/>\n<meta property=\"og:title\" content=\"Contr\u00f4le de constitutionnalit\u00e9\u00a0: Pr\u00e9-filtrage-filtrage-comp\u00e9tence\u00a0: Le nouvel ouvrage de Gabriel Kilala Pene-Amuna met fin aux exceptions d\u2019inconstitutionnalit\u00e9 dilatoires - Infos Droits Humains\" \/>\n<meta property=\"og:description\" content=\"R\u00e9daction: +243 817 406 088 D\u00e9sormais, au cours d\u2019un proc\u00e8s, le juge ne fera plus...\" \/>\n<meta property=\"og:url\" content=\"https:\/\/infos-droitshumains.net\/?p=12100\" \/>\n<meta property=\"og:site_name\" content=\"Infos Droits Humains\" \/>\n<meta property=\"article:published_time\" content=\"2024-12-12T07:29:04+00:00\" \/>\n<meta property=\"article:modified_time\" content=\"2024-12-12T10:11:28+00:00\" \/>\n<meta property=\"og:image\" content=\"https:\/\/infos-droitshumains.net\/wp-content\/uploads\/2024\/12\/PHOTO-LIVRE_1.jpg\" \/>\n\t<meta property=\"og:image:width\" content=\"871\" \/>\n\t<meta property=\"og:image:height\" content=\"1066\" \/>\n\t<meta property=\"og:image:type\" content=\"image\/jpeg\" \/>\n<meta name=\"author\" content=\"Jo\u00ebl Diawa\" \/>\n<meta name=\"twitter:card\" content=\"summary_large_image\" \/>\n<meta name=\"twitter:label1\" content=\"\u00c9crit par\" \/>\n\t<meta name=\"twitter:data1\" content=\"Jo\u00ebl Diawa\" \/>\n\t<meta name=\"twitter:label2\" content=\"Dur\u00e9e de lecture estim\u00e9e\" \/>\n\t<meta name=\"twitter:data2\" content=\"6 minutes\" \/>\n<script type=\"application\/ld+json\" class=\"yoast-schema-graph\">{\"@context\":\"https:\\\/\\\/schema.org\",\"@graph\":[{\"@type\":\"Article\",\"@id\":\"https:\\\/\\\/infos-droitshumains.net\\\/?p=12100#article\",\"isPartOf\":{\"@id\":\"https:\\\/\\\/infos-droitshumains.net\\\/?p=12100\"},\"author\":{\"name\":\"Jo\u00ebl Diawa\",\"@id\":\"https:\\\/\\\/infos-droitshumains.net\\\/#\\\/schema\\\/person\\\/3dc5e921c3302172e0ed4362f96faab7\"},\"headline\":\"Contr\u00f4le de constitutionnalit\u00e9\u00a0: Pr\u00e9-filtrage-filtrage-comp\u00e9tence\u00a0: Le nouvel ouvrage de Gabriel Kilala Pene-Amuna met fin aux exceptions d\u2019inconstitutionnalit\u00e9 dilatoires\",\"datePublished\":\"2024-12-12T07:29:04+00:00\",\"dateModified\":\"2024-12-12T10:11:28+00:00\",\"mainEntityOfPage\":{\"@id\":\"https:\\\/\\\/infos-droitshumains.net\\\/?p=12100\"},\"wordCount\":980,\"commentCount\":0,\"publisher\":{\"@id\":\"https:\\\/\\\/infos-droitshumains.net\\\/#organization\"},\"image\":{\"@id\":\"https:\\\/\\\/infos-droitshumains.net\\\/?p=12100#primaryimage\"},\"thumbnailUrl\":\"https:\\\/\\\/i0.wp.com\\\/infos-droitshumains.net\\\/wp-content\\\/uploads\\\/2024\\\/12\\\/PHOTO-LIVRE_1.jpg?fit=871%2C1066&ssl=1\",\"articleSection\":[\"Justice\"],\"inLanguage\":\"fr-FR\",\"potentialAction\":[{\"@type\":\"CommentAction\",\"name\":\"Comment\",\"target\":[\"https:\\\/\\\/infos-droitshumains.net\\\/?p=12100#respond\"]}]},{\"@type\":\"WebPage\",\"@id\":\"https:\\\/\\\/infos-droitshumains.net\\\/?p=12100\",\"url\":\"https:\\\/\\\/infos-droitshumains.net\\\/?p=12100\",\"name\":\"Contr\u00f4le de constitutionnalit\u00e9\u00a0: Pr\u00e9-filtrage-filtrage-comp\u00e9tence\u00a0: Le nouvel ouvrage de Gabriel Kilala Pene-Amuna met fin aux exceptions d\u2019inconstitutionnalit\u00e9 dilatoires - Infos Droits Humains\",\"isPartOf\":{\"@id\":\"https:\\\/\\\/infos-droitshumains.net\\\/#website\"},\"primaryImageOfPage\":{\"@id\":\"https:\\\/\\\/infos-droitshumains.net\\\/?p=12100#primaryimage\"},\"image\":{\"@id\":\"https:\\\/\\\/infos-droitshumains.net\\\/?p=12100#primaryimage\"},\"thumbnailUrl\":\"https:\\\/\\\/i0.wp.com\\\/infos-droitshumains.net\\\/wp-content\\\/uploads\\\/2024\\\/12\\\/PHOTO-LIVRE_1.jpg?fit=871%2C1066&ssl=1\",\"datePublished\":\"2024-12-12T07:29:04+00:00\",\"dateModified\":\"2024-12-12T10:11:28+00:00\",\"breadcrumb\":{\"@id\":\"https:\\\/\\\/infos-droitshumains.net\\\/?p=12100#breadcrumb\"},\"inLanguage\":\"fr-FR\",\"potentialAction\":[{\"@type\":\"ReadAction\",\"target\":[\"https:\\\/\\\/infos-droitshumains.net\\\/?p=12100\"]}]},{\"@type\":\"ImageObject\",\"inLanguage\":\"fr-FR\",\"@id\":\"https:\\\/\\\/infos-droitshumains.net\\\/?p=12100#primaryimage\",\"url\":\"https:\\\/\\\/i0.wp.com\\\/infos-droitshumains.net\\\/wp-content\\\/uploads\\\/2024\\\/12\\\/PHOTO-LIVRE_1.jpg?fit=871%2C1066&ssl=1\",\"contentUrl\":\"https:\\\/\\\/i0.wp.com\\\/infos-droitshumains.net\\\/wp-content\\\/uploads\\\/2024\\\/12\\\/PHOTO-LIVRE_1.jpg?fit=871%2C1066&ssl=1\",\"width\":871,\"height\":1066},{\"@type\":\"BreadcrumbList\",\"@id\":\"https:\\\/\\\/infos-droitshumains.net\\\/?p=12100#breadcrumb\",\"itemListElement\":[{\"@type\":\"ListItem\",\"position\":1,\"name\":\"Accueil\",\"item\":\"https:\\\/\\\/infos-droitshumains.net\\\/\"},{\"@type\":\"ListItem\",\"position\":2,\"name\":\"Contr\u00f4le de constitutionnalit\u00e9\u00a0: Pr\u00e9-filtrage-filtrage-comp\u00e9tence\u00a0: Le nouvel ouvrage de Gabriel Kilala Pene-Amuna met fin aux exceptions d\u2019inconstitutionnalit\u00e9 dilatoires\"}]},{\"@type\":\"WebSite\",\"@id\":\"https:\\\/\\\/infos-droitshumains.net\\\/#website\",\"url\":\"https:\\\/\\\/infos-droitshumains.net\\\/\",\"name\":\"Infos Droits Humains\",\"description\":\"S&#039;informer est un droit\",\"publisher\":{\"@id\":\"https:\\\/\\\/infos-droitshumains.net\\\/#organization\"},\"potentialAction\":[{\"@type\":\"SearchAction\",\"target\":{\"@type\":\"EntryPoint\",\"urlTemplate\":\"https:\\\/\\\/infos-droitshumains.net\\\/?s={search_term_string}\"},\"query-input\":{\"@type\":\"PropertyValueSpecification\",\"valueRequired\":true,\"valueName\":\"search_term_string\"}}],\"inLanguage\":\"fr-FR\"},{\"@type\":\"Organization\",\"@id\":\"https:\\\/\\\/infos-droitshumains.net\\\/#organization\",\"name\":\"Infos Droits Humains\",\"url\":\"https:\\\/\\\/infos-droitshumains.net\\\/\",\"logo\":{\"@type\":\"ImageObject\",\"inLanguage\":\"fr-FR\",\"@id\":\"https:\\\/\\\/infos-droitshumains.net\\\/#\\\/schema\\\/logo\\\/image\\\/\",\"url\":\"https:\\\/\\\/i0.wp.com\\\/infos-droitshumains.net\\\/wp-content\\\/uploads\\\/2022\\\/05\\\/Logo.png?fit=333%2C129&ssl=1\",\"contentUrl\":\"https:\\\/\\\/i0.wp.com\\\/infos-droitshumains.net\\\/wp-content\\\/uploads\\\/2022\\\/05\\\/Logo.png?fit=333%2C129&ssl=1\",\"width\":333,\"height\":129,\"caption\":\"Infos Droits Humains\"},\"image\":{\"@id\":\"https:\\\/\\\/infos-droitshumains.net\\\/#\\\/schema\\\/logo\\\/image\\\/\"}},{\"@type\":\"Person\",\"@id\":\"https:\\\/\\\/infos-droitshumains.net\\\/#\\\/schema\\\/person\\\/3dc5e921c3302172e0ed4362f96faab7\",\"name\":\"Jo\u00ebl Diawa\",\"image\":{\"@type\":\"ImageObject\",\"inLanguage\":\"fr-FR\",\"@id\":\"https:\\\/\\\/secure.gravatar.com\\\/avatar\\\/729bea6ff4604c624417803c477363be8e3c7186deaa65713313f9b4b820f41c?s=96&d=mm&r=g\",\"url\":\"https:\\\/\\\/secure.gravatar.com\\\/avatar\\\/729bea6ff4604c624417803c477363be8e3c7186deaa65713313f9b4b820f41c?s=96&d=mm&r=g\",\"contentUrl\":\"https:\\\/\\\/secure.gravatar.com\\\/avatar\\\/729bea6ff4604c624417803c477363be8e3c7186deaa65713313f9b4b820f41c?s=96&d=mm&r=g\",\"caption\":\"Jo\u00ebl Diawa\"},\"sameAs\":[\"https:\\\/\\\/www.infos-droitshumains.net\"],\"url\":\"https:\\\/\\\/infos-droitshumains.net\\\/?author=2\"}]}<\/script>\n<!-- \/ Yoast SEO plugin. -->","yoast_head_json":{"title":"Contr\u00f4le de constitutionnalit\u00e9\u00a0: Pr\u00e9-filtrage-filtrage-comp\u00e9tence\u00a0: Le nouvel ouvrage de Gabriel Kilala Pene-Amuna met fin aux exceptions d\u2019inconstitutionnalit\u00e9 dilatoires - Infos Droits Humains","robots":{"index":"index","follow":"follow","max-snippet":"max-snippet:-1","max-image-preview":"max-image-preview:large","max-video-preview":"max-video-preview:-1"},"canonical":"https:\/\/infos-droitshumains.net\/?p=12100","og_locale":"fr_FR","og_type":"article","og_title":"Contr\u00f4le de constitutionnalit\u00e9\u00a0: Pr\u00e9-filtrage-filtrage-comp\u00e9tence\u00a0: Le nouvel ouvrage de Gabriel Kilala Pene-Amuna met fin aux exceptions d\u2019inconstitutionnalit\u00e9 dilatoires - Infos Droits Humains","og_description":"R\u00e9daction: +243 817 406 088 D\u00e9sormais, au cours d\u2019un proc\u00e8s, le juge ne fera plus...","og_url":"https:\/\/infos-droitshumains.net\/?p=12100","og_site_name":"Infos Droits Humains","article_published_time":"2024-12-12T07:29:04+00:00","article_modified_time":"2024-12-12T10:11:28+00:00","og_image":[{"width":871,"height":1066,"url":"https:\/\/infos-droitshumains.net\/wp-content\/uploads\/2024\/12\/PHOTO-LIVRE_1.jpg","type":"image\/jpeg"}],"author":"Jo\u00ebl Diawa","twitter_card":"summary_large_image","twitter_misc":{"\u00c9crit par":"Jo\u00ebl Diawa","Dur\u00e9e de lecture estim\u00e9e":"6 minutes"},"schema":{"@context":"https:\/\/schema.org","@graph":[{"@type":"Article","@id":"https:\/\/infos-droitshumains.net\/?p=12100#article","isPartOf":{"@id":"https:\/\/infos-droitshumains.net\/?p=12100"},"author":{"name":"Jo\u00ebl Diawa","@id":"https:\/\/infos-droitshumains.net\/#\/schema\/person\/3dc5e921c3302172e0ed4362f96faab7"},"headline":"Contr\u00f4le de constitutionnalit\u00e9\u00a0: Pr\u00e9-filtrage-filtrage-comp\u00e9tence\u00a0: Le nouvel ouvrage de Gabriel Kilala Pene-Amuna met fin aux exceptions d\u2019inconstitutionnalit\u00e9 dilatoires","datePublished":"2024-12-12T07:29:04+00:00","dateModified":"2024-12-12T10:11:28+00:00","mainEntityOfPage":{"@id":"https:\/\/infos-droitshumains.net\/?p=12100"},"wordCount":980,"commentCount":0,"publisher":{"@id":"https:\/\/infos-droitshumains.net\/#organization"},"image":{"@id":"https:\/\/infos-droitshumains.net\/?p=12100#primaryimage"},"thumbnailUrl":"https:\/\/i0.wp.com\/infos-droitshumains.net\/wp-content\/uploads\/2024\/12\/PHOTO-LIVRE_1.jpg?fit=871%2C1066&ssl=1","articleSection":["Justice"],"inLanguage":"fr-FR","potentialAction":[{"@type":"CommentAction","name":"Comment","target":["https:\/\/infos-droitshumains.net\/?p=12100#respond"]}]},{"@type":"WebPage","@id":"https:\/\/infos-droitshumains.net\/?p=12100","url":"https:\/\/infos-droitshumains.net\/?p=12100","name":"Contr\u00f4le de constitutionnalit\u00e9\u00a0: Pr\u00e9-filtrage-filtrage-comp\u00e9tence\u00a0: Le nouvel ouvrage de Gabriel Kilala Pene-Amuna met fin aux exceptions d\u2019inconstitutionnalit\u00e9 dilatoires - Infos Droits Humains","isPartOf":{"@id":"https:\/\/infos-droitshumains.net\/#website"},"primaryImageOfPage":{"@id":"https:\/\/infos-droitshumains.net\/?p=12100#primaryimage"},"image":{"@id":"https:\/\/infos-droitshumains.net\/?p=12100#primaryimage"},"thumbnailUrl":"https:\/\/i0.wp.com\/infos-droitshumains.net\/wp-content\/uploads\/2024\/12\/PHOTO-LIVRE_1.jpg?fit=871%2C1066&ssl=1","datePublished":"2024-12-12T07:29:04+00:00","dateModified":"2024-12-12T10:11:28+00:00","breadcrumb":{"@id":"https:\/\/infos-droitshumains.net\/?p=12100#breadcrumb"},"inLanguage":"fr-FR","potentialAction":[{"@type":"ReadAction","target":["https:\/\/infos-droitshumains.net\/?p=12100"]}]},{"@type":"ImageObject","inLanguage":"fr-FR","@id":"https:\/\/infos-droitshumains.net\/?p=12100#primaryimage","url":"https:\/\/i0.wp.com\/infos-droitshumains.net\/wp-content\/uploads\/2024\/12\/PHOTO-LIVRE_1.jpg?fit=871%2C1066&ssl=1","contentUrl":"https:\/\/i0.wp.com\/infos-droitshumains.net\/wp-content\/uploads\/2024\/12\/PHOTO-LIVRE_1.jpg?fit=871%2C1066&ssl=1","width":871,"height":1066},{"@type":"BreadcrumbList","@id":"https:\/\/infos-droitshumains.net\/?p=12100#breadcrumb","itemListElement":[{"@type":"ListItem","position":1,"name":"Accueil","item":"https:\/\/infos-droitshumains.net\/"},{"@type":"ListItem","position":2,"name":"Contr\u00f4le de constitutionnalit\u00e9\u00a0: Pr\u00e9-filtrage-filtrage-comp\u00e9tence\u00a0: Le nouvel ouvrage de Gabriel Kilala Pene-Amuna met fin aux exceptions d\u2019inconstitutionnalit\u00e9 dilatoires"}]},{"@type":"WebSite","@id":"https:\/\/infos-droitshumains.net\/#website","url":"https:\/\/infos-droitshumains.net\/","name":"Infos Droits Humains","description":"S&#039;informer est un droit","publisher":{"@id":"https:\/\/infos-droitshumains.net\/#organization"},"potentialAction":[{"@type":"SearchAction","target":{"@type":"EntryPoint","urlTemplate":"https:\/\/infos-droitshumains.net\/?s={search_term_string}"},"query-input":{"@type":"PropertyValueSpecification","valueRequired":true,"valueName":"search_term_string"}}],"inLanguage":"fr-FR"},{"@type":"Organization","@id":"https:\/\/infos-droitshumains.net\/#organization","name":"Infos Droits Humains","url":"https:\/\/infos-droitshumains.net\/","logo":{"@type":"ImageObject","inLanguage":"fr-FR","@id":"https:\/\/infos-droitshumains.net\/#\/schema\/logo\/image\/","url":"https:\/\/i0.wp.com\/infos-droitshumains.net\/wp-content\/uploads\/2022\/05\/Logo.png?fit=333%2C129&ssl=1","contentUrl":"https:\/\/i0.wp.com\/infos-droitshumains.net\/wp-content\/uploads\/2022\/05\/Logo.png?fit=333%2C129&ssl=1","width":333,"height":129,"caption":"Infos Droits Humains"},"image":{"@id":"https:\/\/infos-droitshumains.net\/#\/schema\/logo\/image\/"}},{"@type":"Person","@id":"https:\/\/infos-droitshumains.net\/#\/schema\/person\/3dc5e921c3302172e0ed4362f96faab7","name":"Jo\u00ebl Diawa","image":{"@type":"ImageObject","inLanguage":"fr-FR","@id":"https:\/\/secure.gravatar.com\/avatar\/729bea6ff4604c624417803c477363be8e3c7186deaa65713313f9b4b820f41c?s=96&d=mm&r=g","url":"https:\/\/secure.gravatar.com\/avatar\/729bea6ff4604c624417803c477363be8e3c7186deaa65713313f9b4b820f41c?s=96&d=mm&r=g","contentUrl":"https:\/\/secure.gravatar.com\/avatar\/729bea6ff4604c624417803c477363be8e3c7186deaa65713313f9b4b820f41c?s=96&d=mm&r=g","caption":"Jo\u00ebl Diawa"},"sameAs":["https:\/\/www.infos-droitshumains.net"],"url":"https:\/\/infos-droitshumains.net\/?author=2"}]}},"featured_image_urls":{"full":["https:\/\/i0.wp.com\/infos-droitshumains.net\/wp-content\/uploads\/2024\/12\/PHOTO-LIVRE_1.jpg?fit=871%2C1066&ssl=1",871,1066,false],"thumbnail":["https:\/\/i0.wp.com\/infos-droitshumains.net\/wp-content\/uploads\/2024\/12\/PHOTO-LIVRE_1.jpg?resize=150%2C150&ssl=1",150,150,true],"medium":["https:\/\/i0.wp.com\/infos-droitshumains.net\/wp-content\/uploads\/2024\/12\/PHOTO-LIVRE_1.jpg?fit=245%2C300&ssl=1",245,300,true],"medium_large":["https:\/\/i0.wp.com\/infos-droitshumains.net\/wp-content\/uploads\/2024\/12\/PHOTO-LIVRE_1.jpg?fit=640%2C783&ssl=1",640,783,true],"large":["https:\/\/i0.wp.com\/infos-droitshumains.net\/wp-content\/uploads\/2024\/12\/PHOTO-LIVRE_1.jpg?fit=640%2C783&ssl=1",640,783,true],"1536x1536":["https:\/\/i0.wp.com\/infos-droitshumains.net\/wp-content\/uploads\/2024\/12\/PHOTO-LIVRE_1.jpg?fit=871%2C1066&ssl=1",871,1066,true],"2048x2048":["https:\/\/i0.wp.com\/infos-droitshumains.net\/wp-content\/uploads\/2024\/12\/PHOTO-LIVRE_1.jpg?fit=871%2C1066&ssl=1",871,1066,true],"covernews-slider-full":["https:\/\/i0.wp.com\/infos-droitshumains.net\/wp-content\/uploads\/2024\/12\/PHOTO-LIVRE_1.jpg?resize=871%2C715&ssl=1",871,715,true],"covernews-slider-center":["https:\/\/i0.wp.com\/infos-droitshumains.net\/wp-content\/uploads\/2024\/12\/PHOTO-LIVRE_1.jpg?resize=800%2C500&ssl=1",800,500,true],"covernews-featured":["https:\/\/i0.wp.com\/infos-droitshumains.net\/wp-content\/uploads\/2024\/12\/PHOTO-LIVRE_1.jpg?fit=871%2C1066&ssl=1",871,1066,true],"covernews-medium":["https:\/\/i0.wp.com\/infos-droitshumains.net\/wp-content\/uploads\/2024\/12\/PHOTO-LIVRE_1.jpg?resize=540%2C340&ssl=1",540,340,true],"covernews-medium-square":["https:\/\/i0.wp.com\/infos-droitshumains.net\/wp-content\/uploads\/2024\/12\/PHOTO-LIVRE_1.jpg?resize=400%2C250&ssl=1",400,250,true]},"author_info":{"display_name":"Jo\u00ebl Diawa","author_link":"https:\/\/infos-droitshumains.net\/?author=2"},"category_info":"<a href=\"https:\/\/infos-droitshumains.net\/?cat=6\" rel=\"category\">Justice<\/a>","tag_info":"Justice","comment_count":"0","jetpack_featured_media_url":"https:\/\/i0.wp.com\/infos-droitshumains.net\/wp-content\/uploads\/2024\/12\/PHOTO-LIVRE_1.jpg?fit=871%2C1066&ssl=1","jetpack-related-posts":[],"jetpack_sharing_enabled":true,"_links":{"self":[{"href":"https:\/\/infos-droitshumains.net\/index.php?rest_route=\/wp\/v2\/posts\/12100","targetHints":{"allow":["GET"]}}],"collection":[{"href":"https:\/\/infos-droitshumains.net\/index.php?rest_route=\/wp\/v2\/posts"}],"about":[{"href":"https:\/\/infos-droitshumains.net\/index.php?rest_route=\/wp\/v2\/types\/post"}],"author":[{"embeddable":true,"href":"https:\/\/infos-droitshumains.net\/index.php?rest_route=\/wp\/v2\/users\/2"}],"replies":[{"embeddable":true,"href":"https:\/\/infos-droitshumains.net\/index.php?rest_route=%2Fwp%2Fv2%2Fcomments&post=12100"}],"version-history":[{"count":25,"href":"https:\/\/infos-droitshumains.net\/index.php?rest_route=\/wp\/v2\/posts\/12100\/revisions"}],"predecessor-version":[{"id":12142,"href":"https:\/\/infos-droitshumains.net\/index.php?rest_route=\/wp\/v2\/posts\/12100\/revisions\/12142"}],"wp:featuredmedia":[{"embeddable":true,"href":"https:\/\/infos-droitshumains.net\/index.php?rest_route=\/wp\/v2\/media\/12115"}],"wp:attachment":[{"href":"https:\/\/infos-droitshumains.net\/index.php?rest_route=%2Fwp%2Fv2%2Fmedia&parent=12100"}],"wp:term":[{"taxonomy":"category","embeddable":true,"href":"https:\/\/infos-droitshumains.net\/index.php?rest_route=%2Fwp%2Fv2%2Fcategories&post=12100"},{"taxonomy":"post_tag","embeddable":true,"href":"https:\/\/infos-droitshumains.net\/index.php?rest_route=%2Fwp%2Fv2%2Ftags&post=12100"}],"curies":[{"name":"wp","href":"https:\/\/api.w.org\/{rel}","templated":true}]}}