{"id":12068,"date":"2024-12-10T16:59:12","date_gmt":"2024-12-10T15:59:12","guid":{"rendered":"https:\/\/infos-droitshumains.net\/?p=12068"},"modified":"2024-12-10T17:02:29","modified_gmt":"2024-12-10T16:02:29","slug":"controle-de-constitutionnalite-pre-filtrage-filtrage-competence-le-nouvel-ouvrage-du-magistrat-gabriel-kilala-pene-amuna-sera-presente-ce-mercredi-a-kinshas","status":"publish","type":"post","link":"https:\/\/infos-droitshumains.net\/?p=12068","title":{"rendered":"\u2018\u2019Contr\u00f4le de constitutionnalit\u00e9\u00a0: Pr\u00e9-filtrage-filtrage-comp\u00e9tence.\u2019\u2019 Le nouvel ouvrage du magistrat Gabriel Kilala Pene-Amuna sera pr\u00e9sent\u00e9 ce mercredi \u00e0 Kinshasa."},"content":{"rendered":"\n<p><strong>R\u00e9daction: +243 817 406 088<\/strong><\/p>\n\n\n\n<h3 class=\"wp-block-heading has-vivid-red-color has-text-color has-link-color wp-elements-73995cc38eba487587118cd93d1f3ed9\">\u2018\u2019Contr\u00f4le de constitutionnalit\u00e9\u00a0: Pr\u00e9-filtrage-filtrage-comp\u00e9tence.\u2019\u2019 Tel est l&rsquo;intitul\u00e9 du nouvel ouvrage publi\u00e9 par Gabriel Kilala Pene-Amuna. Cette production sera port\u00e9e sur les fonts baptismaux au cours d\u2019une c\u00e9r\u00e9monie qui aura lieu ce mercredi 11 d\u00e9cembre \u00e0 11heure dans la salle d\u2019audience de la Cour d\u2019Appel de Kinshasa\/Matete.<\/h3>\n\n\n\n<p>L\u2019auteur est juge et Pr\u00e9sident \u00e0 la Cour d\u2019Appel de Kinshasa\/Matete. Dans son ouvrage pr\u00e9face par le B\u00e2tonnier national, Michel Shebele Makoba et postfac\u00e9 par le Premier Pr\u00e9sident de la Cour d\u2019Appel de Kinshasa\/Matete, Jean Kabangu Tshiondo, il a r\u00e9fl\u00e9chi sur la probl\u00e9matique que pose l\u2019exception d\u2019inconstitutionnalit\u00e9 soulev\u00e9e par certains avocats, d\u00e9pourvus d\u2019arguments, avec pour finalit\u00e9 de bloquer l\u2019issue du proc\u00e8s.<\/p>\n\n\n\n<p>Auteur de plusieurs ouvrages notamment, \u2018\u2019Immunit\u00e9s et privil\u00e8ges en droit positif congolais&nbsp;; Attributions du minist\u00e8re public et proc\u00e9dure p\u00e9nale&nbsp;; Organisation, fonctionnement et comp\u00e9tences des juridictions en Droit positif congolais&nbsp;; Proc\u00e9dure civile etc\u2026 Gabriel Kilala Pene-Amuna pr\u00e9sentera \u00e0 cette m\u00eame occasion, toutes ces autres productions scientifiques. Il invit\u00e9 pour ce faire, la communaut\u00e9 judiciaire \u00e0 prendre part \u00e0 ce grand-messe scientifique.<\/p>\n\n\n\n<p>Jo\u00ebl Diawa<\/p>\n","protected":false},"excerpt":{"rendered":"<p>R\u00e9daction: +243 817 406 088 \u2018\u2019Contr\u00f4le de constitutionnalit\u00e9\u00a0: Pr\u00e9-filtrage-filtrage-comp\u00e9tence.\u2019\u2019 Tel est l&rsquo;intitul\u00e9 du nouvel ouvrage&#8230;<\/p>\n","protected":false},"author":2,"featured_media":12071,"comment_status":"open","ping_status":"open","sticky":false,"template":"","format":"standard","meta":{"_jetpack_memberships_contains_paid_content":false,"footnotes":""},"categories":[6],"tags":[],"class_list":["post-12068","post","type-post","status-publish","format-standard","has-post-thumbnail","hentry","category-justice"],"yoast_head":"<!-- This site is optimized with the Yoast SEO plugin v27.5 - https:\/\/yoast.com\/product\/yoast-seo-wordpress\/ -->\n<title>\u2018\u2019Contr\u00f4le de constitutionnalit\u00e9\u00a0: Pr\u00e9-filtrage-filtrage-comp\u00e9tence.\u2019\u2019 Le nouvel ouvrage du magistrat Gabriel Kilala Pene-Amuna sera pr\u00e9sent\u00e9 ce mercredi \u00e0 Kinshasa. - Infos Droits Humains<\/title>\n<meta name=\"robots\" content=\"index, follow, max-snippet:-1, max-image-preview:large, max-video-preview:-1\" \/>\n<link rel=\"canonical\" href=\"https:\/\/infos-droitshumains.net\/?p=12068\" \/>\n<meta property=\"og:locale\" content=\"fr_FR\" \/>\n<meta property=\"og:type\" content=\"article\" \/>\n<meta property=\"og:title\" content=\"\u2018\u2019Contr\u00f4le de constitutionnalit\u00e9\u00a0: Pr\u00e9-filtrage-filtrage-comp\u00e9tence.\u2019\u2019 Le nouvel ouvrage du magistrat Gabriel Kilala Pene-Amuna sera pr\u00e9sent\u00e9 ce mercredi \u00e0 Kinshasa. - Infos Droits Humains\" \/>\n<meta property=\"og:description\" content=\"R\u00e9daction: +243 817 406 088 \u2018\u2019Contr\u00f4le de constitutionnalit\u00e9\u00a0: Pr\u00e9-filtrage-filtrage-comp\u00e9tence.\u2019\u2019 Tel est l&rsquo;intitul\u00e9 du nouvel ouvrage...\" \/>\n<meta property=\"og:url\" content=\"https:\/\/infos-droitshumains.net\/?p=12068\" \/>\n<meta property=\"og:site_name\" content=\"Infos Droits Humains\" \/>\n<meta property=\"article:published_time\" content=\"2024-12-10T15:59:12+00:00\" \/>\n<meta property=\"article:modified_time\" content=\"2024-12-10T16:02:29+00:00\" \/>\n<meta property=\"og:image\" content=\"https:\/\/infos-droitshumains.net\/wp-content\/uploads\/2024\/12\/Screenshot_20241210-164244.png\" \/>\n\t<meta property=\"og:image:width\" content=\"720\" \/>\n\t<meta property=\"og:image:height\" content=\"487\" \/>\n\t<meta property=\"og:image:type\" content=\"image\/png\" \/>\n<meta name=\"author\" content=\"Jo\u00ebl Diawa\" \/>\n<meta name=\"twitter:card\" content=\"summary_large_image\" \/>\n<meta name=\"twitter:label1\" content=\"\u00c9crit par\" \/>\n\t<meta name=\"twitter:data1\" content=\"Jo\u00ebl Diawa\" \/>\n\t<meta name=\"twitter:label2\" content=\"Dur\u00e9e de lecture estim\u00e9e\" \/>\n\t<meta name=\"twitter:data2\" content=\"2 minutes\" \/>\n<script type=\"application\/ld+json\" class=\"yoast-schema-graph\">{\"@context\":\"https:\\\/\\\/schema.org\",\"@graph\":[{\"@type\":\"Article\",\"@id\":\"https:\\\/\\\/infos-droitshumains.net\\\/?p=12068#article\",\"isPartOf\":{\"@id\":\"https:\\\/\\\/infos-droitshumains.net\\\/?p=12068\"},\"author\":{\"name\":\"Jo\u00ebl Diawa\",\"@id\":\"https:\\\/\\\/infos-droitshumains.net\\\/#\\\/schema\\\/person\\\/3dc5e921c3302172e0ed4362f96faab7\"},\"headline\":\"\u2018\u2019Contr\u00f4le de constitutionnalit\u00e9\u00a0: Pr\u00e9-filtrage-filtrage-comp\u00e9tence.\u2019\u2019 Le nouvel ouvrage du magistrat Gabriel Kilala Pene-Amuna sera pr\u00e9sent\u00e9 ce mercredi \u00e0 Kinshasa.\",\"datePublished\":\"2024-12-10T15:59:12+00:00\",\"dateModified\":\"2024-12-10T16:02:29+00:00\",\"mainEntityOfPage\":{\"@id\":\"https:\\\/\\\/infos-droitshumains.net\\\/?p=12068\"},\"wordCount\":229,\"commentCount\":0,\"publisher\":{\"@id\":\"https:\\\/\\\/infos-droitshumains.net\\\/#organization\"},\"image\":{\"@id\":\"https:\\\/\\\/infos-droitshumains.net\\\/?p=12068#primaryimage\"},\"thumbnailUrl\":\"https:\\\/\\\/i0.wp.com\\\/infos-droitshumains.net\\\/wp-content\\\/uploads\\\/2024\\\/12\\\/Screenshot_20241210-164244.png?fit=720%2C487&ssl=1\",\"articleSection\":[\"Justice\"],\"inLanguage\":\"fr-FR\",\"potentialAction\":[{\"@type\":\"CommentAction\",\"name\":\"Comment\",\"target\":[\"https:\\\/\\\/infos-droitshumains.net\\\/?p=12068#respond\"]}]},{\"@type\":\"WebPage\",\"@id\":\"https:\\\/\\\/infos-droitshumains.net\\\/?p=12068\",\"url\":\"https:\\\/\\\/infos-droitshumains.net\\\/?p=12068\",\"name\":\"\u2018\u2019Contr\u00f4le de constitutionnalit\u00e9\u00a0: Pr\u00e9-filtrage-filtrage-comp\u00e9tence.\u2019\u2019 Le nouvel ouvrage du magistrat Gabriel Kilala Pene-Amuna sera pr\u00e9sent\u00e9 ce mercredi \u00e0 Kinshasa. - Infos Droits Humains\",\"isPartOf\":{\"@id\":\"https:\\\/\\\/infos-droitshumains.net\\\/#website\"},\"primaryImageOfPage\":{\"@id\":\"https:\\\/\\\/infos-droitshumains.net\\\/?p=12068#primaryimage\"},\"image\":{\"@id\":\"https:\\\/\\\/infos-droitshumains.net\\\/?p=12068#primaryimage\"},\"thumbnailUrl\":\"https:\\\/\\\/i0.wp.com\\\/infos-droitshumains.net\\\/wp-content\\\/uploads\\\/2024\\\/12\\\/Screenshot_20241210-164244.png?fit=720%2C487&ssl=1\",\"datePublished\":\"2024-12-10T15:59:12+00:00\",\"dateModified\":\"2024-12-10T16:02:29+00:00\",\"breadcrumb\":{\"@id\":\"https:\\\/\\\/infos-droitshumains.net\\\/?p=12068#breadcrumb\"},\"inLanguage\":\"fr-FR\",\"potentialAction\":[{\"@type\":\"ReadAction\",\"target\":[\"https:\\\/\\\/infos-droitshumains.net\\\/?p=12068\"]}]},{\"@type\":\"ImageObject\",\"inLanguage\":\"fr-FR\",\"@id\":\"https:\\\/\\\/infos-droitshumains.net\\\/?p=12068#primaryimage\",\"url\":\"https:\\\/\\\/i0.wp.com\\\/infos-droitshumains.net\\\/wp-content\\\/uploads\\\/2024\\\/12\\\/Screenshot_20241210-164244.png?fit=720%2C487&ssl=1\",\"contentUrl\":\"https:\\\/\\\/i0.wp.com\\\/infos-droitshumains.net\\\/wp-content\\\/uploads\\\/2024\\\/12\\\/Screenshot_20241210-164244.png?fit=720%2C487&ssl=1\",\"width\":720,\"height\":487},{\"@type\":\"BreadcrumbList\",\"@id\":\"https:\\\/\\\/infos-droitshumains.net\\\/?p=12068#breadcrumb\",\"itemListElement\":[{\"@type\":\"ListItem\",\"position\":1,\"name\":\"Accueil\",\"item\":\"https:\\\/\\\/infos-droitshumains.net\\\/\"},{\"@type\":\"ListItem\",\"position\":2,\"name\":\"\u2018\u2019Contr\u00f4le de constitutionnalit\u00e9\u00a0: Pr\u00e9-filtrage-filtrage-comp\u00e9tence.\u2019\u2019 Le nouvel ouvrage du magistrat Gabriel Kilala Pene-Amuna sera pr\u00e9sent\u00e9 ce mercredi \u00e0 Kinshasa.\"}]},{\"@type\":\"WebSite\",\"@id\":\"https:\\\/\\\/infos-droitshumains.net\\\/#website\",\"url\":\"https:\\\/\\\/infos-droitshumains.net\\\/\",\"name\":\"Infos Droits Humains\",\"description\":\"S&#039;informer est un droit\",\"publisher\":{\"@id\":\"https:\\\/\\\/infos-droitshumains.net\\\/#organization\"},\"potentialAction\":[{\"@type\":\"SearchAction\",\"target\":{\"@type\":\"EntryPoint\",\"urlTemplate\":\"https:\\\/\\\/infos-droitshumains.net\\\/?s={search_term_string}\"},\"query-input\":{\"@type\":\"PropertyValueSpecification\",\"valueRequired\":true,\"valueName\":\"search_term_string\"}}],\"inLanguage\":\"fr-FR\"},{\"@type\":\"Organization\",\"@id\":\"https:\\\/\\\/infos-droitshumains.net\\\/#organization\",\"name\":\"Infos Droits Humains\",\"url\":\"https:\\\/\\\/infos-droitshumains.net\\\/\",\"logo\":{\"@type\":\"ImageObject\",\"inLanguage\":\"fr-FR\",\"@id\":\"https:\\\/\\\/infos-droitshumains.net\\\/#\\\/schema\\\/logo\\\/image\\\/\",\"url\":\"https:\\\/\\\/i0.wp.com\\\/infos-droitshumains.net\\\/wp-content\\\/uploads\\\/2022\\\/05\\\/Logo.png?fit=333%2C129&ssl=1\",\"contentUrl\":\"https:\\\/\\\/i0.wp.com\\\/infos-droitshumains.net\\\/wp-content\\\/uploads\\\/2022\\\/05\\\/Logo.png?fit=333%2C129&ssl=1\",\"width\":333,\"height\":129,\"caption\":\"Infos Droits Humains\"},\"image\":{\"@id\":\"https:\\\/\\\/infos-droitshumains.net\\\/#\\\/schema\\\/logo\\\/image\\\/\"}},{\"@type\":\"Person\",\"@id\":\"https:\\\/\\\/infos-droitshumains.net\\\/#\\\/schema\\\/person\\\/3dc5e921c3302172e0ed4362f96faab7\",\"name\":\"Jo\u00ebl Diawa\",\"image\":{\"@type\":\"ImageObject\",\"inLanguage\":\"fr-FR\",\"@id\":\"https:\\\/\\\/secure.gravatar.com\\\/avatar\\\/729bea6ff4604c624417803c477363be8e3c7186deaa65713313f9b4b820f41c?s=96&d=mm&r=g\",\"url\":\"https:\\\/\\\/secure.gravatar.com\\\/avatar\\\/729bea6ff4604c624417803c477363be8e3c7186deaa65713313f9b4b820f41c?s=96&d=mm&r=g\",\"contentUrl\":\"https:\\\/\\\/secure.gravatar.com\\\/avatar\\\/729bea6ff4604c624417803c477363be8e3c7186deaa65713313f9b4b820f41c?s=96&d=mm&r=g\",\"caption\":\"Jo\u00ebl Diawa\"},\"sameAs\":[\"https:\\\/\\\/www.infos-droitshumains.net\"],\"url\":\"https:\\\/\\\/infos-droitshumains.net\\\/?author=2\"}]}<\/script>\n<!-- \/ Yoast SEO plugin. -->","yoast_head_json":{"title":"\u2018\u2019Contr\u00f4le de constitutionnalit\u00e9\u00a0: Pr\u00e9-filtrage-filtrage-comp\u00e9tence.\u2019\u2019 Le nouvel ouvrage du magistrat Gabriel Kilala Pene-Amuna sera pr\u00e9sent\u00e9 ce mercredi \u00e0 Kinshasa. - Infos Droits Humains","robots":{"index":"index","follow":"follow","max-snippet":"max-snippet:-1","max-image-preview":"max-image-preview:large","max-video-preview":"max-video-preview:-1"},"canonical":"https:\/\/infos-droitshumains.net\/?p=12068","og_locale":"fr_FR","og_type":"article","og_title":"\u2018\u2019Contr\u00f4le de constitutionnalit\u00e9\u00a0: Pr\u00e9-filtrage-filtrage-comp\u00e9tence.\u2019\u2019 Le nouvel ouvrage du magistrat Gabriel Kilala Pene-Amuna sera pr\u00e9sent\u00e9 ce mercredi \u00e0 Kinshasa. - Infos Droits Humains","og_description":"R\u00e9daction: +243 817 406 088 \u2018\u2019Contr\u00f4le de constitutionnalit\u00e9\u00a0: Pr\u00e9-filtrage-filtrage-comp\u00e9tence.\u2019\u2019 Tel est l&rsquo;intitul\u00e9 du nouvel ouvrage...","og_url":"https:\/\/infos-droitshumains.net\/?p=12068","og_site_name":"Infos Droits Humains","article_published_time":"2024-12-10T15:59:12+00:00","article_modified_time":"2024-12-10T16:02:29+00:00","og_image":[{"width":720,"height":487,"url":"https:\/\/infos-droitshumains.net\/wp-content\/uploads\/2024\/12\/Screenshot_20241210-164244.png","type":"image\/png"}],"author":"Jo\u00ebl Diawa","twitter_card":"summary_large_image","twitter_misc":{"\u00c9crit par":"Jo\u00ebl Diawa","Dur\u00e9e de lecture estim\u00e9e":"2 minutes"},"schema":{"@context":"https:\/\/schema.org","@graph":[{"@type":"Article","@id":"https:\/\/infos-droitshumains.net\/?p=12068#article","isPartOf":{"@id":"https:\/\/infos-droitshumains.net\/?p=12068"},"author":{"name":"Jo\u00ebl Diawa","@id":"https:\/\/infos-droitshumains.net\/#\/schema\/person\/3dc5e921c3302172e0ed4362f96faab7"},"headline":"\u2018\u2019Contr\u00f4le de constitutionnalit\u00e9\u00a0: Pr\u00e9-filtrage-filtrage-comp\u00e9tence.\u2019\u2019 Le nouvel ouvrage du magistrat Gabriel Kilala Pene-Amuna sera pr\u00e9sent\u00e9 ce mercredi \u00e0 Kinshasa.","datePublished":"2024-12-10T15:59:12+00:00","dateModified":"2024-12-10T16:02:29+00:00","mainEntityOfPage":{"@id":"https:\/\/infos-droitshumains.net\/?p=12068"},"wordCount":229,"commentCount":0,"publisher":{"@id":"https:\/\/infos-droitshumains.net\/#organization"},"image":{"@id":"https:\/\/infos-droitshumains.net\/?p=12068#primaryimage"},"thumbnailUrl":"https:\/\/i0.wp.com\/infos-droitshumains.net\/wp-content\/uploads\/2024\/12\/Screenshot_20241210-164244.png?fit=720%2C487&ssl=1","articleSection":["Justice"],"inLanguage":"fr-FR","potentialAction":[{"@type":"CommentAction","name":"Comment","target":["https:\/\/infos-droitshumains.net\/?p=12068#respond"]}]},{"@type":"WebPage","@id":"https:\/\/infos-droitshumains.net\/?p=12068","url":"https:\/\/infos-droitshumains.net\/?p=12068","name":"\u2018\u2019Contr\u00f4le de constitutionnalit\u00e9\u00a0: Pr\u00e9-filtrage-filtrage-comp\u00e9tence.\u2019\u2019 Le nouvel ouvrage du magistrat Gabriel Kilala Pene-Amuna sera pr\u00e9sent\u00e9 ce mercredi \u00e0 Kinshasa. - Infos Droits Humains","isPartOf":{"@id":"https:\/\/infos-droitshumains.net\/#website"},"primaryImageOfPage":{"@id":"https:\/\/infos-droitshumains.net\/?p=12068#primaryimage"},"image":{"@id":"https:\/\/infos-droitshumains.net\/?p=12068#primaryimage"},"thumbnailUrl":"https:\/\/i0.wp.com\/infos-droitshumains.net\/wp-content\/uploads\/2024\/12\/Screenshot_20241210-164244.png?fit=720%2C487&ssl=1","datePublished":"2024-12-10T15:59:12+00:00","dateModified":"2024-12-10T16:02:29+00:00","breadcrumb":{"@id":"https:\/\/infos-droitshumains.net\/?p=12068#breadcrumb"},"inLanguage":"fr-FR","potentialAction":[{"@type":"ReadAction","target":["https:\/\/infos-droitshumains.net\/?p=12068"]}]},{"@type":"ImageObject","inLanguage":"fr-FR","@id":"https:\/\/infos-droitshumains.net\/?p=12068#primaryimage","url":"https:\/\/i0.wp.com\/infos-droitshumains.net\/wp-content\/uploads\/2024\/12\/Screenshot_20241210-164244.png?fit=720%2C487&ssl=1","contentUrl":"https:\/\/i0.wp.com\/infos-droitshumains.net\/wp-content\/uploads\/2024\/12\/Screenshot_20241210-164244.png?fit=720%2C487&ssl=1","width":720,"height":487},{"@type":"BreadcrumbList","@id":"https:\/\/infos-droitshumains.net\/?p=12068#breadcrumb","itemListElement":[{"@type":"ListItem","position":1,"name":"Accueil","item":"https:\/\/infos-droitshumains.net\/"},{"@type":"ListItem","position":2,"name":"\u2018\u2019Contr\u00f4le de constitutionnalit\u00e9\u00a0: Pr\u00e9-filtrage-filtrage-comp\u00e9tence.\u2019\u2019 Le nouvel ouvrage du magistrat Gabriel Kilala Pene-Amuna sera pr\u00e9sent\u00e9 ce mercredi \u00e0 Kinshasa."}]},{"@type":"WebSite","@id":"https:\/\/infos-droitshumains.net\/#website","url":"https:\/\/infos-droitshumains.net\/","name":"Infos Droits Humains","description":"S&#039;informer est un droit","publisher":{"@id":"https:\/\/infos-droitshumains.net\/#organization"},"potentialAction":[{"@type":"SearchAction","target":{"@type":"EntryPoint","urlTemplate":"https:\/\/infos-droitshumains.net\/?s={search_term_string}"},"query-input":{"@type":"PropertyValueSpecification","valueRequired":true,"valueName":"search_term_string"}}],"inLanguage":"fr-FR"},{"@type":"Organization","@id":"https:\/\/infos-droitshumains.net\/#organization","name":"Infos Droits Humains","url":"https:\/\/infos-droitshumains.net\/","logo":{"@type":"ImageObject","inLanguage":"fr-FR","@id":"https:\/\/infos-droitshumains.net\/#\/schema\/logo\/image\/","url":"https:\/\/i0.wp.com\/infos-droitshumains.net\/wp-content\/uploads\/2022\/05\/Logo.png?fit=333%2C129&ssl=1","contentUrl":"https:\/\/i0.wp.com\/infos-droitshumains.net\/wp-content\/uploads\/2022\/05\/Logo.png?fit=333%2C129&ssl=1","width":333,"height":129,"caption":"Infos Droits Humains"},"image":{"@id":"https:\/\/infos-droitshumains.net\/#\/schema\/logo\/image\/"}},{"@type":"Person","@id":"https:\/\/infos-droitshumains.net\/#\/schema\/person\/3dc5e921c3302172e0ed4362f96faab7","name":"Jo\u00ebl Diawa","image":{"@type":"ImageObject","inLanguage":"fr-FR","@id":"https:\/\/secure.gravatar.com\/avatar\/729bea6ff4604c624417803c477363be8e3c7186deaa65713313f9b4b820f41c?s=96&d=mm&r=g","url":"https:\/\/secure.gravatar.com\/avatar\/729bea6ff4604c624417803c477363be8e3c7186deaa65713313f9b4b820f41c?s=96&d=mm&r=g","contentUrl":"https:\/\/secure.gravatar.com\/avatar\/729bea6ff4604c624417803c477363be8e3c7186deaa65713313f9b4b820f41c?s=96&d=mm&r=g","caption":"Jo\u00ebl Diawa"},"sameAs":["https:\/\/www.infos-droitshumains.net"],"url":"https:\/\/infos-droitshumains.net\/?author=2"}]}},"featured_image_urls":{"full":["https:\/\/i0.wp.com\/infos-droitshumains.net\/wp-content\/uploads\/2024\/12\/Screenshot_20241210-164244.png?fit=720%2C487&ssl=1",720,487,false],"thumbnail":["https:\/\/i0.wp.com\/infos-droitshumains.net\/wp-content\/uploads\/2024\/12\/Screenshot_20241210-164244.png?resize=150%2C150&ssl=1",150,150,true],"medium":["https:\/\/i0.wp.com\/infos-droitshumains.net\/wp-content\/uploads\/2024\/12\/Screenshot_20241210-164244.png?fit=300%2C203&ssl=1",300,203,true],"medium_large":["https:\/\/i0.wp.com\/infos-droitshumains.net\/wp-content\/uploads\/2024\/12\/Screenshot_20241210-164244.png?fit=640%2C433&ssl=1",640,433,true],"large":["https:\/\/i0.wp.com\/infos-droitshumains.net\/wp-content\/uploads\/2024\/12\/Screenshot_20241210-164244.png?fit=640%2C433&ssl=1",640,433,true],"1536x1536":["https:\/\/i0.wp.com\/infos-droitshumains.net\/wp-content\/uploads\/2024\/12\/Screenshot_20241210-164244.png?fit=720%2C487&ssl=1",720,487,true],"2048x2048":["https:\/\/i0.wp.com\/infos-droitshumains.net\/wp-content\/uploads\/2024\/12\/Screenshot_20241210-164244.png?fit=720%2C487&ssl=1",720,487,true],"covernews-slider-full":["https:\/\/i0.wp.com\/infos-droitshumains.net\/wp-content\/uploads\/2024\/12\/Screenshot_20241210-164244.png?resize=720%2C487&ssl=1",720,487,true],"covernews-slider-center":["https:\/\/i0.wp.com\/infos-droitshumains.net\/wp-content\/uploads\/2024\/12\/Screenshot_20241210-164244.png?resize=720%2C487&ssl=1",720,487,true],"covernews-featured":["https:\/\/i0.wp.com\/infos-droitshumains.net\/wp-content\/uploads\/2024\/12\/Screenshot_20241210-164244.png?fit=720%2C487&ssl=1",720,487,true],"covernews-medium":["https:\/\/i0.wp.com\/infos-droitshumains.net\/wp-content\/uploads\/2024\/12\/Screenshot_20241210-164244.png?resize=540%2C340&ssl=1",540,340,true],"covernews-medium-square":["https:\/\/i0.wp.com\/infos-droitshumains.net\/wp-content\/uploads\/2024\/12\/Screenshot_20241210-164244.png?resize=400%2C250&ssl=1",400,250,true]},"author_info":{"display_name":"Jo\u00ebl Diawa","author_link":"https:\/\/infos-droitshumains.net\/?author=2"},"category_info":"<a href=\"https:\/\/infos-droitshumains.net\/?cat=6\" rel=\"category\">Justice<\/a>","tag_info":"Justice","comment_count":"0","jetpack_featured_media_url":"https:\/\/i0.wp.com\/infos-droitshumains.net\/wp-content\/uploads\/2024\/12\/Screenshot_20241210-164244.png?fit=720%2C487&ssl=1","jetpack-related-posts":[],"jetpack_sharing_enabled":true,"_links":{"self":[{"href":"https:\/\/infos-droitshumains.net\/index.php?rest_route=\/wp\/v2\/posts\/12068","targetHints":{"allow":["GET"]}}],"collection":[{"href":"https:\/\/infos-droitshumains.net\/index.php?rest_route=\/wp\/v2\/posts"}],"about":[{"href":"https:\/\/infos-droitshumains.net\/index.php?rest_route=\/wp\/v2\/types\/post"}],"author":[{"embeddable":true,"href":"https:\/\/infos-droitshumains.net\/index.php?rest_route=\/wp\/v2\/users\/2"}],"replies":[{"embeddable":true,"href":"https:\/\/infos-droitshumains.net\/index.php?rest_route=%2Fwp%2Fv2%2Fcomments&post=12068"}],"version-history":[{"count":1,"href":"https:\/\/infos-droitshumains.net\/index.php?rest_route=\/wp\/v2\/posts\/12068\/revisions"}],"predecessor-version":[{"id":12069,"href":"https:\/\/infos-droitshumains.net\/index.php?rest_route=\/wp\/v2\/posts\/12068\/revisions\/12069"}],"wp:featuredmedia":[{"embeddable":true,"href":"https:\/\/infos-droitshumains.net\/index.php?rest_route=\/wp\/v2\/media\/12071"}],"wp:attachment":[{"href":"https:\/\/infos-droitshumains.net\/index.php?rest_route=%2Fwp%2Fv2%2Fmedia&parent=12068"}],"wp:term":[{"taxonomy":"category","embeddable":true,"href":"https:\/\/infos-droitshumains.net\/index.php?rest_route=%2Fwp%2Fv2%2Fcategories&post=12068"},{"taxonomy":"post_tag","embeddable":true,"href":"https:\/\/infos-droitshumains.net\/index.php?rest_route=%2Fwp%2Fv2%2Ftags&post=12068"}],"curies":[{"name":"wp","href":"https:\/\/api.w.org\/{rel}","templated":true}]}}