{"id":12058,"date":"2024-12-10T05:26:44","date_gmt":"2024-12-10T04:26:44","guid":{"rendered":"https:\/\/infos-droitshumains.net\/?p=12058"},"modified":"2024-12-10T05:35:40","modified_gmt":"2024-12-10T04:35:40","slug":"surpopulation-dans-les-amigos-des-parquets-le-procureur-general-pres-la-cour-de-cassation-met-le-gouvernement-devant-ses-responsabilites","status":"publish","type":"post","link":"https:\/\/infos-droitshumains.net\/?p=12058","title":{"rendered":"Surpopulation des amigos des parquets \u00e0 Kinshasa\u00a0: Le Procureur G\u00e9n\u00e9ral pr\u00e8s la Cour de Cassation met le gouvernement devant ses responsabilit\u00e9s"},"content":{"rendered":"\n<p><strong>R\u00e9daction: +243 817 406 088<\/strong><\/p>\n\n\n\n<h3 class=\"wp-block-heading has-vivid-red-color has-text-color has-link-color wp-elements-be3f3723e54f8ed69a0853e8dd4c22a6\">Lors de sa visite au parquet pr\u00e8s le tribunal de grande instance de Kinshasa\/Kalamu ce lundi 9 d\u00e9cembre, le Procureur G\u00e9n\u00e9ral pr\u00e8s la Cour de Cassation a constat\u00e9 la surpopulation de son amigo. Une situation quasiment similaire dans tous les autres parquets de la ville de Kinshasa.<\/h3>\n\n\n\n<p>Pour Firmin Mvonde, cette situation est tout \u00e0 fait&nbsp;<strong><em>\u00ab&nbsp;normale&nbsp;\u00bb<\/em><\/strong>, car elle <em>\u00ab&nbsp;fait suite au fait que la R\u00e9publique ne met pas \u00e0 la disposition de la justice des maisons d\u2019arr\u00eat pour placer les pr\u00e9venus.&nbsp;\u00bb<\/em><\/p>\n\n\n\n<p>Bien que violant certaines dispositions l\u00e9gales en mati\u00e8re de d\u00e9tention, le num\u00e9ro un de tous les magistrats du parquet semble normaliser cela au regard de la r\u00e9alit\u00e9&nbsp;:<\/p>\n\n\n\n<p><em>\u00ab&nbsp;Nous les magistrats, nous ne pouvons pas \u00eatre \u00e0 la base d\u2019une soci\u00e9t\u00e9 sans prison. La majorit\u00e9 des personnes arr\u00eat\u00e9es sont poursuivies pour des faits de vol qualifi\u00e9, de viol, d\u2019association des malfaiteurs&nbsp;; on ne peut pas les renvoyer dans la rue&nbsp;\u00bb<\/em>, a insist\u00e9 le Procureur G\u00e9n\u00e9ral pr\u00e8s la Cour de Cassation.<\/p>\n\n\n\n<p>Cette question reste tr\u00e8s sensible et transversale, le Procureur Mvonde a rassur\u00e9 <em>\u00ab&nbsp;d\u2019en parler avec l\u2019ex\u00e9cutif&nbsp;\u00bb<\/em> afin qu\u2019une solution d\u00e9finitive soit trouv\u00e9e.<\/p>\n\n\n\n<p><em>\u00ab&nbsp;\u2026Moi je fais confiance au Chef de l\u2019Etat qui a accept\u00e9 de nous accompagner dans tous nos programmes\u2026, des instructions seront certainement donn\u00e9es au gouvernement&nbsp;\u00bb<\/em>, a-t-il soulign\u00e9.<\/p>\n\n\n\n<p>Cette situation de surpopulation dans les amigos est la cons\u00e9quence de la mesure prise par le Ministre de la justice portant interdiction de transf\u00e9rer les d\u00e9tenus pr\u00e9ventifs \u00e0 la prison de Makala. A l\u2019absence des maisons d\u2019arr\u00eats qui auraient dues accueillir les d\u00e9tenus pr\u00e9ventifs, les parquets se voient dans l\u2019obligation de les garder de mani\u00e8re prolong\u00e9e jusqu\u2019\u00e0 ce qu\u2019ils soient fix\u00e9s de leurs sorts d\u00e9finitifs apr\u00e8s jugement. En d\u00e9pit de cette mesure prise par le Ministre de la justice, le gouvernement n\u2019a toujours pas envisag\u00e9 construire une maison d\u2019arr\u00eat afin de pouvoir palier \u00e0 cette situation.<\/p>\n\n\n\n<p>Jo\u00ebl Diawa<\/p>\n","protected":false},"excerpt":{"rendered":"<p>R\u00e9daction: +243 817 406 088 Lors de sa visite au parquet pr\u00e8s le tribunal de&#8230;<\/p>\n","protected":false},"author":2,"featured_media":12061,"comment_status":"open","ping_status":"open","sticky":false,"template":"","format":"standard","meta":{"_jetpack_memberships_contains_paid_content":false,"footnotes":""},"categories":[6],"tags":[],"class_list":["post-12058","post","type-post","status-publish","format-standard","has-post-thumbnail","hentry","category-justice"],"yoast_head":"<!-- This site is optimized with the Yoast SEO plugin v27.5 - https:\/\/yoast.com\/product\/yoast-seo-wordpress\/ -->\n<title>Surpopulation des amigos des parquets \u00e0 Kinshasa\u00a0: Le Procureur G\u00e9n\u00e9ral pr\u00e8s la Cour de Cassation met le gouvernement devant ses responsabilit\u00e9s - Infos Droits Humains<\/title>\n<meta name=\"robots\" content=\"index, follow, max-snippet:-1, max-image-preview:large, max-video-preview:-1\" \/>\n<link rel=\"canonical\" href=\"https:\/\/infos-droitshumains.net\/?p=12058\" \/>\n<meta property=\"og:locale\" content=\"fr_FR\" \/>\n<meta property=\"og:type\" content=\"article\" \/>\n<meta property=\"og:title\" content=\"Surpopulation des amigos des parquets \u00e0 Kinshasa\u00a0: Le Procureur G\u00e9n\u00e9ral pr\u00e8s la Cour de Cassation met le gouvernement devant ses responsabilit\u00e9s - Infos Droits Humains\" \/>\n<meta property=\"og:description\" content=\"R\u00e9daction: +243 817 406 088 Lors de sa visite au parquet pr\u00e8s le tribunal de...\" \/>\n<meta property=\"og:url\" content=\"https:\/\/infos-droitshumains.net\/?p=12058\" \/>\n<meta property=\"og:site_name\" content=\"Infos Droits Humains\" \/>\n<meta property=\"article:published_time\" content=\"2024-12-10T04:26:44+00:00\" \/>\n<meta property=\"article:modified_time\" content=\"2024-12-10T04:35:40+00:00\" \/>\n<meta property=\"og:image\" content=\"https:\/\/infos-droitshumains.net\/wp-content\/uploads\/2024\/12\/images-70_1.jpeg\" \/>\n\t<meta property=\"og:image:width\" content=\"452\" \/>\n\t<meta property=\"og:image:height\" content=\"679\" \/>\n\t<meta property=\"og:image:type\" content=\"image\/jpeg\" \/>\n<meta name=\"author\" content=\"Jo\u00ebl Diawa\" \/>\n<meta name=\"twitter:card\" content=\"summary_large_image\" \/>\n<meta name=\"twitter:label1\" content=\"\u00c9crit par\" \/>\n\t<meta name=\"twitter:data1\" content=\"Jo\u00ebl Diawa\" \/>\n\t<meta name=\"twitter:label2\" content=\"Dur\u00e9e de lecture estim\u00e9e\" \/>\n\t<meta name=\"twitter:data2\" content=\"2 minutes\" \/>\n<script type=\"application\/ld+json\" class=\"yoast-schema-graph\">{\"@context\":\"https:\\\/\\\/schema.org\",\"@graph\":[{\"@type\":\"Article\",\"@id\":\"https:\\\/\\\/infos-droitshumains.net\\\/?p=12058#article\",\"isPartOf\":{\"@id\":\"https:\\\/\\\/infos-droitshumains.net\\\/?p=12058\"},\"author\":{\"name\":\"Jo\u00ebl Diawa\",\"@id\":\"https:\\\/\\\/infos-droitshumains.net\\\/#\\\/schema\\\/person\\\/3dc5e921c3302172e0ed4362f96faab7\"},\"headline\":\"Surpopulation des amigos des parquets \u00e0 Kinshasa\u00a0: Le Procureur G\u00e9n\u00e9ral pr\u00e8s la Cour de Cassation met le gouvernement devant ses responsabilit\u00e9s\",\"datePublished\":\"2024-12-10T04:26:44+00:00\",\"dateModified\":\"2024-12-10T04:35:40+00:00\",\"mainEntityOfPage\":{\"@id\":\"https:\\\/\\\/infos-droitshumains.net\\\/?p=12058\"},\"wordCount\":394,\"commentCount\":0,\"publisher\":{\"@id\":\"https:\\\/\\\/infos-droitshumains.net\\\/#organization\"},\"image\":{\"@id\":\"https:\\\/\\\/infos-droitshumains.net\\\/?p=12058#primaryimage\"},\"thumbnailUrl\":\"https:\\\/\\\/i0.wp.com\\\/infos-droitshumains.net\\\/wp-content\\\/uploads\\\/2024\\\/12\\\/images-70_1.jpeg?fit=452%2C679&ssl=1\",\"articleSection\":[\"Justice\"],\"inLanguage\":\"fr-FR\",\"potentialAction\":[{\"@type\":\"CommentAction\",\"name\":\"Comment\",\"target\":[\"https:\\\/\\\/infos-droitshumains.net\\\/?p=12058#respond\"]}]},{\"@type\":\"WebPage\",\"@id\":\"https:\\\/\\\/infos-droitshumains.net\\\/?p=12058\",\"url\":\"https:\\\/\\\/infos-droitshumains.net\\\/?p=12058\",\"name\":\"Surpopulation des amigos des parquets \u00e0 Kinshasa\u00a0: Le Procureur G\u00e9n\u00e9ral pr\u00e8s la Cour de Cassation met le gouvernement devant ses responsabilit\u00e9s - Infos Droits Humains\",\"isPartOf\":{\"@id\":\"https:\\\/\\\/infos-droitshumains.net\\\/#website\"},\"primaryImageOfPage\":{\"@id\":\"https:\\\/\\\/infos-droitshumains.net\\\/?p=12058#primaryimage\"},\"image\":{\"@id\":\"https:\\\/\\\/infos-droitshumains.net\\\/?p=12058#primaryimage\"},\"thumbnailUrl\":\"https:\\\/\\\/i0.wp.com\\\/infos-droitshumains.net\\\/wp-content\\\/uploads\\\/2024\\\/12\\\/images-70_1.jpeg?fit=452%2C679&ssl=1\",\"datePublished\":\"2024-12-10T04:26:44+00:00\",\"dateModified\":\"2024-12-10T04:35:40+00:00\",\"breadcrumb\":{\"@id\":\"https:\\\/\\\/infos-droitshumains.net\\\/?p=12058#breadcrumb\"},\"inLanguage\":\"fr-FR\",\"potentialAction\":[{\"@type\":\"ReadAction\",\"target\":[\"https:\\\/\\\/infos-droitshumains.net\\\/?p=12058\"]}]},{\"@type\":\"ImageObject\",\"inLanguage\":\"fr-FR\",\"@id\":\"https:\\\/\\\/infos-droitshumains.net\\\/?p=12058#primaryimage\",\"url\":\"https:\\\/\\\/i0.wp.com\\\/infos-droitshumains.net\\\/wp-content\\\/uploads\\\/2024\\\/12\\\/images-70_1.jpeg?fit=452%2C679&ssl=1\",\"contentUrl\":\"https:\\\/\\\/i0.wp.com\\\/infos-droitshumains.net\\\/wp-content\\\/uploads\\\/2024\\\/12\\\/images-70_1.jpeg?fit=452%2C679&ssl=1\",\"width\":452,\"height\":679},{\"@type\":\"BreadcrumbList\",\"@id\":\"https:\\\/\\\/infos-droitshumains.net\\\/?p=12058#breadcrumb\",\"itemListElement\":[{\"@type\":\"ListItem\",\"position\":1,\"name\":\"Accueil\",\"item\":\"https:\\\/\\\/infos-droitshumains.net\\\/\"},{\"@type\":\"ListItem\",\"position\":2,\"name\":\"Surpopulation des amigos des parquets \u00e0 Kinshasa\u00a0: Le Procureur G\u00e9n\u00e9ral pr\u00e8s la Cour de Cassation met le gouvernement devant ses responsabilit\u00e9s\"}]},{\"@type\":\"WebSite\",\"@id\":\"https:\\\/\\\/infos-droitshumains.net\\\/#website\",\"url\":\"https:\\\/\\\/infos-droitshumains.net\\\/\",\"name\":\"Infos Droits Humains\",\"description\":\"S&#039;informer est un droit\",\"publisher\":{\"@id\":\"https:\\\/\\\/infos-droitshumains.net\\\/#organization\"},\"potentialAction\":[{\"@type\":\"SearchAction\",\"target\":{\"@type\":\"EntryPoint\",\"urlTemplate\":\"https:\\\/\\\/infos-droitshumains.net\\\/?s={search_term_string}\"},\"query-input\":{\"@type\":\"PropertyValueSpecification\",\"valueRequired\":true,\"valueName\":\"search_term_string\"}}],\"inLanguage\":\"fr-FR\"},{\"@type\":\"Organization\",\"@id\":\"https:\\\/\\\/infos-droitshumains.net\\\/#organization\",\"name\":\"Infos Droits Humains\",\"url\":\"https:\\\/\\\/infos-droitshumains.net\\\/\",\"logo\":{\"@type\":\"ImageObject\",\"inLanguage\":\"fr-FR\",\"@id\":\"https:\\\/\\\/infos-droitshumains.net\\\/#\\\/schema\\\/logo\\\/image\\\/\",\"url\":\"https:\\\/\\\/i0.wp.com\\\/infos-droitshumains.net\\\/wp-content\\\/uploads\\\/2022\\\/05\\\/Logo.png?fit=333%2C129&ssl=1\",\"contentUrl\":\"https:\\\/\\\/i0.wp.com\\\/infos-droitshumains.net\\\/wp-content\\\/uploads\\\/2022\\\/05\\\/Logo.png?fit=333%2C129&ssl=1\",\"width\":333,\"height\":129,\"caption\":\"Infos Droits Humains\"},\"image\":{\"@id\":\"https:\\\/\\\/infos-droitshumains.net\\\/#\\\/schema\\\/logo\\\/image\\\/\"}},{\"@type\":\"Person\",\"@id\":\"https:\\\/\\\/infos-droitshumains.net\\\/#\\\/schema\\\/person\\\/3dc5e921c3302172e0ed4362f96faab7\",\"name\":\"Jo\u00ebl Diawa\",\"image\":{\"@type\":\"ImageObject\",\"inLanguage\":\"fr-FR\",\"@id\":\"https:\\\/\\\/secure.gravatar.com\\\/avatar\\\/729bea6ff4604c624417803c477363be8e3c7186deaa65713313f9b4b820f41c?s=96&d=mm&r=g\",\"url\":\"https:\\\/\\\/secure.gravatar.com\\\/avatar\\\/729bea6ff4604c624417803c477363be8e3c7186deaa65713313f9b4b820f41c?s=96&d=mm&r=g\",\"contentUrl\":\"https:\\\/\\\/secure.gravatar.com\\\/avatar\\\/729bea6ff4604c624417803c477363be8e3c7186deaa65713313f9b4b820f41c?s=96&d=mm&r=g\",\"caption\":\"Jo\u00ebl Diawa\"},\"sameAs\":[\"https:\\\/\\\/www.infos-droitshumains.net\"],\"url\":\"https:\\\/\\\/infos-droitshumains.net\\\/?author=2\"}]}<\/script>\n<!-- \/ Yoast SEO plugin. -->","yoast_head_json":{"title":"Surpopulation des amigos des parquets \u00e0 Kinshasa\u00a0: Le Procureur G\u00e9n\u00e9ral pr\u00e8s la Cour de Cassation met le gouvernement devant ses responsabilit\u00e9s - Infos Droits Humains","robots":{"index":"index","follow":"follow","max-snippet":"max-snippet:-1","max-image-preview":"max-image-preview:large","max-video-preview":"max-video-preview:-1"},"canonical":"https:\/\/infos-droitshumains.net\/?p=12058","og_locale":"fr_FR","og_type":"article","og_title":"Surpopulation des amigos des parquets \u00e0 Kinshasa\u00a0: Le Procureur G\u00e9n\u00e9ral pr\u00e8s la Cour de Cassation met le gouvernement devant ses responsabilit\u00e9s - Infos Droits Humains","og_description":"R\u00e9daction: +243 817 406 088 Lors de sa visite au parquet pr\u00e8s le tribunal de...","og_url":"https:\/\/infos-droitshumains.net\/?p=12058","og_site_name":"Infos Droits Humains","article_published_time":"2024-12-10T04:26:44+00:00","article_modified_time":"2024-12-10T04:35:40+00:00","og_image":[{"width":452,"height":679,"url":"https:\/\/infos-droitshumains.net\/wp-content\/uploads\/2024\/12\/images-70_1.jpeg","type":"image\/jpeg"}],"author":"Jo\u00ebl Diawa","twitter_card":"summary_large_image","twitter_misc":{"\u00c9crit par":"Jo\u00ebl Diawa","Dur\u00e9e de lecture estim\u00e9e":"2 minutes"},"schema":{"@context":"https:\/\/schema.org","@graph":[{"@type":"Article","@id":"https:\/\/infos-droitshumains.net\/?p=12058#article","isPartOf":{"@id":"https:\/\/infos-droitshumains.net\/?p=12058"},"author":{"name":"Jo\u00ebl Diawa","@id":"https:\/\/infos-droitshumains.net\/#\/schema\/person\/3dc5e921c3302172e0ed4362f96faab7"},"headline":"Surpopulation des amigos des parquets \u00e0 Kinshasa\u00a0: Le Procureur G\u00e9n\u00e9ral pr\u00e8s la Cour de Cassation met le gouvernement devant ses responsabilit\u00e9s","datePublished":"2024-12-10T04:26:44+00:00","dateModified":"2024-12-10T04:35:40+00:00","mainEntityOfPage":{"@id":"https:\/\/infos-droitshumains.net\/?p=12058"},"wordCount":394,"commentCount":0,"publisher":{"@id":"https:\/\/infos-droitshumains.net\/#organization"},"image":{"@id":"https:\/\/infos-droitshumains.net\/?p=12058#primaryimage"},"thumbnailUrl":"https:\/\/i0.wp.com\/infos-droitshumains.net\/wp-content\/uploads\/2024\/12\/images-70_1.jpeg?fit=452%2C679&ssl=1","articleSection":["Justice"],"inLanguage":"fr-FR","potentialAction":[{"@type":"CommentAction","name":"Comment","target":["https:\/\/infos-droitshumains.net\/?p=12058#respond"]}]},{"@type":"WebPage","@id":"https:\/\/infos-droitshumains.net\/?p=12058","url":"https:\/\/infos-droitshumains.net\/?p=12058","name":"Surpopulation des amigos des parquets \u00e0 Kinshasa\u00a0: Le Procureur G\u00e9n\u00e9ral pr\u00e8s la Cour de Cassation met le gouvernement devant ses responsabilit\u00e9s - Infos Droits Humains","isPartOf":{"@id":"https:\/\/infos-droitshumains.net\/#website"},"primaryImageOfPage":{"@id":"https:\/\/infos-droitshumains.net\/?p=12058#primaryimage"},"image":{"@id":"https:\/\/infos-droitshumains.net\/?p=12058#primaryimage"},"thumbnailUrl":"https:\/\/i0.wp.com\/infos-droitshumains.net\/wp-content\/uploads\/2024\/12\/images-70_1.jpeg?fit=452%2C679&ssl=1","datePublished":"2024-12-10T04:26:44+00:00","dateModified":"2024-12-10T04:35:40+00:00","breadcrumb":{"@id":"https:\/\/infos-droitshumains.net\/?p=12058#breadcrumb"},"inLanguage":"fr-FR","potentialAction":[{"@type":"ReadAction","target":["https:\/\/infos-droitshumains.net\/?p=12058"]}]},{"@type":"ImageObject","inLanguage":"fr-FR","@id":"https:\/\/infos-droitshumains.net\/?p=12058#primaryimage","url":"https:\/\/i0.wp.com\/infos-droitshumains.net\/wp-content\/uploads\/2024\/12\/images-70_1.jpeg?fit=452%2C679&ssl=1","contentUrl":"https:\/\/i0.wp.com\/infos-droitshumains.net\/wp-content\/uploads\/2024\/12\/images-70_1.jpeg?fit=452%2C679&ssl=1","width":452,"height":679},{"@type":"BreadcrumbList","@id":"https:\/\/infos-droitshumains.net\/?p=12058#breadcrumb","itemListElement":[{"@type":"ListItem","position":1,"name":"Accueil","item":"https:\/\/infos-droitshumains.net\/"},{"@type":"ListItem","position":2,"name":"Surpopulation des amigos des parquets \u00e0 Kinshasa\u00a0: Le Procureur G\u00e9n\u00e9ral pr\u00e8s la Cour de Cassation met le gouvernement devant ses responsabilit\u00e9s"}]},{"@type":"WebSite","@id":"https:\/\/infos-droitshumains.net\/#website","url":"https:\/\/infos-droitshumains.net\/","name":"Infos Droits Humains","description":"S&#039;informer est un droit","publisher":{"@id":"https:\/\/infos-droitshumains.net\/#organization"},"potentialAction":[{"@type":"SearchAction","target":{"@type":"EntryPoint","urlTemplate":"https:\/\/infos-droitshumains.net\/?s={search_term_string}"},"query-input":{"@type":"PropertyValueSpecification","valueRequired":true,"valueName":"search_term_string"}}],"inLanguage":"fr-FR"},{"@type":"Organization","@id":"https:\/\/infos-droitshumains.net\/#organization","name":"Infos Droits Humains","url":"https:\/\/infos-droitshumains.net\/","logo":{"@type":"ImageObject","inLanguage":"fr-FR","@id":"https:\/\/infos-droitshumains.net\/#\/schema\/logo\/image\/","url":"https:\/\/i0.wp.com\/infos-droitshumains.net\/wp-content\/uploads\/2022\/05\/Logo.png?fit=333%2C129&ssl=1","contentUrl":"https:\/\/i0.wp.com\/infos-droitshumains.net\/wp-content\/uploads\/2022\/05\/Logo.png?fit=333%2C129&ssl=1","width":333,"height":129,"caption":"Infos Droits Humains"},"image":{"@id":"https:\/\/infos-droitshumains.net\/#\/schema\/logo\/image\/"}},{"@type":"Person","@id":"https:\/\/infos-droitshumains.net\/#\/schema\/person\/3dc5e921c3302172e0ed4362f96faab7","name":"Jo\u00ebl Diawa","image":{"@type":"ImageObject","inLanguage":"fr-FR","@id":"https:\/\/secure.gravatar.com\/avatar\/729bea6ff4604c624417803c477363be8e3c7186deaa65713313f9b4b820f41c?s=96&d=mm&r=g","url":"https:\/\/secure.gravatar.com\/avatar\/729bea6ff4604c624417803c477363be8e3c7186deaa65713313f9b4b820f41c?s=96&d=mm&r=g","contentUrl":"https:\/\/secure.gravatar.com\/avatar\/729bea6ff4604c624417803c477363be8e3c7186deaa65713313f9b4b820f41c?s=96&d=mm&r=g","caption":"Jo\u00ebl Diawa"},"sameAs":["https:\/\/www.infos-droitshumains.net"],"url":"https:\/\/infos-droitshumains.net\/?author=2"}]}},"featured_image_urls":{"full":["https:\/\/i0.wp.com\/infos-droitshumains.net\/wp-content\/uploads\/2024\/12\/images-70_1.jpeg?fit=452%2C679&ssl=1",452,679,false],"thumbnail":["https:\/\/i0.wp.com\/infos-droitshumains.net\/wp-content\/uploads\/2024\/12\/images-70_1.jpeg?resize=150%2C150&ssl=1",150,150,true],"medium":["https:\/\/i0.wp.com\/infos-droitshumains.net\/wp-content\/uploads\/2024\/12\/images-70_1.jpeg?fit=200%2C300&ssl=1",200,300,true],"medium_large":["https:\/\/i0.wp.com\/infos-droitshumains.net\/wp-content\/uploads\/2024\/12\/images-70_1.jpeg?fit=452%2C679&ssl=1",452,679,true],"large":["https:\/\/i0.wp.com\/infos-droitshumains.net\/wp-content\/uploads\/2024\/12\/images-70_1.jpeg?fit=452%2C679&ssl=1",452,679,true],"1536x1536":["https:\/\/i0.wp.com\/infos-droitshumains.net\/wp-content\/uploads\/2024\/12\/images-70_1.jpeg?fit=452%2C679&ssl=1",452,679,true],"2048x2048":["https:\/\/i0.wp.com\/infos-droitshumains.net\/wp-content\/uploads\/2024\/12\/images-70_1.jpeg?fit=452%2C679&ssl=1",452,679,true],"covernews-slider-full":["https:\/\/i0.wp.com\/infos-droitshumains.net\/wp-content\/uploads\/2024\/12\/images-70_1.jpeg?resize=452%2C679&ssl=1",452,679,true],"covernews-slider-center":["https:\/\/i0.wp.com\/infos-droitshumains.net\/wp-content\/uploads\/2024\/12\/images-70_1.jpeg?resize=452%2C500&ssl=1",452,500,true],"covernews-featured":["https:\/\/i0.wp.com\/infos-droitshumains.net\/wp-content\/uploads\/2024\/12\/images-70_1.jpeg?fit=452%2C679&ssl=1",452,679,true],"covernews-medium":["https:\/\/i0.wp.com\/infos-droitshumains.net\/wp-content\/uploads\/2024\/12\/images-70_1.jpeg?resize=452%2C340&ssl=1",452,340,true],"covernews-medium-square":["https:\/\/i0.wp.com\/infos-droitshumains.net\/wp-content\/uploads\/2024\/12\/images-70_1.jpeg?resize=400%2C250&ssl=1",400,250,true]},"author_info":{"display_name":"Jo\u00ebl Diawa","author_link":"https:\/\/infos-droitshumains.net\/?author=2"},"category_info":"<a href=\"https:\/\/infos-droitshumains.net\/?cat=6\" rel=\"category\">Justice<\/a>","tag_info":"Justice","comment_count":"0","jetpack_featured_media_url":"https:\/\/i0.wp.com\/infos-droitshumains.net\/wp-content\/uploads\/2024\/12\/images-70_1.jpeg?fit=452%2C679&ssl=1","jetpack-related-posts":[],"jetpack_sharing_enabled":true,"_links":{"self":[{"href":"https:\/\/infos-droitshumains.net\/index.php?rest_route=\/wp\/v2\/posts\/12058","targetHints":{"allow":["GET"]}}],"collection":[{"href":"https:\/\/infos-droitshumains.net\/index.php?rest_route=\/wp\/v2\/posts"}],"about":[{"href":"https:\/\/infos-droitshumains.net\/index.php?rest_route=\/wp\/v2\/types\/post"}],"author":[{"embeddable":true,"href":"https:\/\/infos-droitshumains.net\/index.php?rest_route=\/wp\/v2\/users\/2"}],"replies":[{"embeddable":true,"href":"https:\/\/infos-droitshumains.net\/index.php?rest_route=%2Fwp%2Fv2%2Fcomments&post=12058"}],"version-history":[{"count":5,"href":"https:\/\/infos-droitshumains.net\/index.php?rest_route=\/wp\/v2\/posts\/12058\/revisions"}],"predecessor-version":[{"id":12064,"href":"https:\/\/infos-droitshumains.net\/index.php?rest_route=\/wp\/v2\/posts\/12058\/revisions\/12064"}],"wp:featuredmedia":[{"embeddable":true,"href":"https:\/\/infos-droitshumains.net\/index.php?rest_route=\/wp\/v2\/media\/12061"}],"wp:attachment":[{"href":"https:\/\/infos-droitshumains.net\/index.php?rest_route=%2Fwp%2Fv2%2Fmedia&parent=12058"}],"wp:term":[{"taxonomy":"category","embeddable":true,"href":"https:\/\/infos-droitshumains.net\/index.php?rest_route=%2Fwp%2Fv2%2Fcategories&post=12058"},{"taxonomy":"post_tag","embeddable":true,"href":"https:\/\/infos-droitshumains.net\/index.php?rest_route=%2Fwp%2Fv2%2Ftags&post=12058"}],"curies":[{"name":"wp","href":"https:\/\/api.w.org\/{rel}","templated":true}]}}