{"id":12013,"date":"2024-12-07T05:32:22","date_gmt":"2024-12-07T04:32:22","guid":{"rendered":"https:\/\/infos-droitshumains.net\/?p=12013"},"modified":"2024-12-07T05:38:20","modified_gmt":"2024-12-07T04:38:20","slug":"la-rdc-et-les-nations-unies-signent-le-cadre-de-cooperation-2025-2029-pour-le-developpement-durable","status":"publish","type":"post","link":"https:\/\/infos-droitshumains.net\/?p=12013","title":{"rendered":"La RDC et les Nations Unies signent le cadre de coop\u00e9ration 2025-2029 pour le d\u00e9veloppement durable"},"content":{"rendered":"\n<p><strong>R\u00e9daction: +243 817 406 088<\/strong><\/p>\n\n\n\n<h3 class=\"wp-block-heading has-vivid-red-color has-text-color has-link-color wp-elements-f91a7cba31e82f13767058beac7758ac\">Le gouvernement de la R\u00e9publique D\u00e9mocratique du Congo et les Nations Unies ont sign\u00e9 le cadre de coop\u00e9ration pour le d\u00e9veloppement durable couvrant la p\u00e9riode 2025-2029.La&nbsp; c\u00e9r\u00e9monie a eu lieu ce vendredi 6 novembre \u00e0 Kinshasa.<\/h3>\n\n\n\n<figure class=\"wp-block-image alignfull size-large\"><img data-recalc-dims=\"1\" fetchpriority=\"high\" decoding=\"async\" width=\"640\" height=\"426\" src=\"https:\/\/i0.wp.com\/infos-droitshumains.net\/wp-content\/uploads\/2024\/12\/IMG-20241206-WA0058.jpg?resize=640%2C426&#038;ssl=1\" alt=\"\" class=\"wp-image-12017\" srcset=\"https:\/\/i0.wp.com\/infos-droitshumains.net\/wp-content\/uploads\/2024\/12\/IMG-20241206-WA0058.jpg?resize=1024%2C682&amp;ssl=1 1024w, https:\/\/i0.wp.com\/infos-droitshumains.net\/wp-content\/uploads\/2024\/12\/IMG-20241206-WA0058.jpg?resize=300%2C200&amp;ssl=1 300w, https:\/\/i0.wp.com\/infos-droitshumains.net\/wp-content\/uploads\/2024\/12\/IMG-20241206-WA0058.jpg?resize=768%2C511&amp;ssl=1 768w, https:\/\/i0.wp.com\/infos-droitshumains.net\/wp-content\/uploads\/2024\/12\/IMG-20241206-WA0058.jpg?w=1280&amp;ssl=1 1280w\" sizes=\"(max-width: 640px) 100vw, 640px\" \/><\/figure>\n\n\n\n<p><em>\u00ab&nbsp;Le Gouvernement de la RDC, \u00e0 &nbsp;travers cet accord de partenariat, ambitionne de jeter les bases d\u2019un d\u00e9veloppement socio\u00e9conomique harmonieux et inclusif&nbsp; pour construire une \u00e9conomie diversifi\u00e9e&nbsp; \u00e0 croissance inclusive qui int\u00e8gre une dimension humaine et ne laisse personne de c\u00f4t\u00e9, en particulier les groupes vuln\u00e9rables&nbsp;\u00bb<\/em>, a dit Th\u00e9r\u00e8se Kayikwamba Wagner, Ministre d&rsquo;\u00c9tat, Ministre des affaires \u00e9trang\u00e8res, coop\u00e9ration internationale et francophonie.<\/p>\n\n\n\n<p>Dans le cadre de cette coop\u00e9ration qui marque une nouvelle \u00e9tape de partenariat entre les deux parties, le travail des agences des Nations Unies pr\u00e9sentes sur le sol congolais va reposer sur quatre piliers fondamentaux. Il y a <em>\u00ab\u00a0La croissance \u00e9conomique inclusive, la gouvernance efficace, l&rsquo;acc\u00e8s aux services sociaux de base et la gestion durable des ressources naturelles\u00a0\u00bb<\/em>, a annonc\u00e9 Bruno Georges Lemarquis, coordonnateur des Nations Unies en RDC.<\/p>\n\n\n\n<figure class=\"wp-block-image alignfull size-large\"><img data-recalc-dims=\"1\" decoding=\"async\" width=\"640\" height=\"426\" src=\"https:\/\/i0.wp.com\/infos-droitshumains.net\/wp-content\/uploads\/2024\/12\/IMG-20241206-WA0059.jpg?resize=640%2C426&#038;ssl=1\" alt=\"\" class=\"wp-image-12021\" srcset=\"https:\/\/i0.wp.com\/infos-droitshumains.net\/wp-content\/uploads\/2024\/12\/IMG-20241206-WA0059.jpg?resize=1024%2C682&amp;ssl=1 1024w, https:\/\/i0.wp.com\/infos-droitshumains.net\/wp-content\/uploads\/2024\/12\/IMG-20241206-WA0059.jpg?resize=300%2C200&amp;ssl=1 300w, https:\/\/i0.wp.com\/infos-droitshumains.net\/wp-content\/uploads\/2024\/12\/IMG-20241206-WA0059.jpg?resize=768%2C511&amp;ssl=1 768w, https:\/\/i0.wp.com\/infos-droitshumains.net\/wp-content\/uploads\/2024\/12\/IMG-20241206-WA0059.jpg?w=1280&amp;ssl=1 1280w\" sizes=\"(max-width: 640px) 100vw, 640px\" \/><\/figure>\n\n\n\n<p>Le Vice-Premier Ministre, ministre du plan et de la coordination de l&rsquo;aide au d\u00e9veloppement par ailleurs a insist\u00e9 sur l&rsquo;engagement sinc\u00e8re de chaque partie pour r\u00e9ussir \u00e0 relever tous les d\u00e9fis de ce partenariat&nbsp;:<\/p>\n\n\n\n<p><em>\u00ab&nbsp;Je ne pourrais manquer de rappeler l\u2019importance d\u2019un engagement collectif qui soit sinc\u00e8re et coh\u00e9rent, dans cette noble qu\u00eate de garantir \u00e0 notre population, un avenir meilleur. Convaincu que ce partenariat strat\u00e9gique contribuera de mani\u00e8re significative \u00e0 la r\u00e9alisation de nos aspirations et \u00e0 l\u2019\u00e9panouissement de notre peuple&nbsp;\u00bb<\/em>, a dit Guylain Nyembo.<\/p>\n\n\n\n<figure class=\"wp-block-image alignfull size-large\"><img data-recalc-dims=\"1\" decoding=\"async\" width=\"640\" height=\"426\" src=\"https:\/\/i0.wp.com\/infos-droitshumains.net\/wp-content\/uploads\/2024\/12\/IMG-20241206-WA0060.jpg?resize=640%2C426&#038;ssl=1\" alt=\"\" class=\"wp-image-12020\" srcset=\"https:\/\/i0.wp.com\/infos-droitshumains.net\/wp-content\/uploads\/2024\/12\/IMG-20241206-WA0060.jpg?resize=1024%2C682&amp;ssl=1 1024w, https:\/\/i0.wp.com\/infos-droitshumains.net\/wp-content\/uploads\/2024\/12\/IMG-20241206-WA0060.jpg?resize=300%2C200&amp;ssl=1 300w, https:\/\/i0.wp.com\/infos-droitshumains.net\/wp-content\/uploads\/2024\/12\/IMG-20241206-WA0060.jpg?resize=768%2C511&amp;ssl=1 768w, https:\/\/i0.wp.com\/infos-droitshumains.net\/wp-content\/uploads\/2024\/12\/IMG-20241206-WA0060.jpg?w=1280&amp;ssl=1 1280w\" sizes=\"(max-width: 640px) 100vw, 640px\" \/><\/figure>\n\n\n\n<p>La r\u00e9daction de cadre de coop\u00e9ration a connu la participation de toutes les couches. Ce document d\u00e9coulant de l&rsquo;\u00e9valuation finale du cadre de coop\u00e9ration 2020-2024 constitue la r\u00e9ponse commune des Nations Unies aux priorit\u00e9s du gouvernement congolais inscrites dans son Plan National Strat\u00e9gique de D\u00e9veloppement (PNSD). Il d\u00e9finit l\u2019ensemble des interventions des agences, fonds et programmes des Nations Unies, entit\u00e9s r\u00e9sidentes et non r\u00e9sidentes.<\/p>\n\n\n\n<p>AM<\/p>\n","protected":false},"excerpt":{"rendered":"<p>R\u00e9daction: +243 817 406 088 Le gouvernement de la R\u00e9publique D\u00e9mocratique du Congo et les&#8230;<\/p>\n","protected":false},"author":2,"featured_media":12015,"comment_status":"open","ping_status":"open","sticky":false,"template":"","format":"standard","meta":{"_jetpack_memberships_contains_paid_content":false,"footnotes":""},"categories":[10,8],"tags":[],"class_list":["post-12013","post","type-post","status-publish","format-standard","has-post-thumbnail","hentry","category-monde","category-societe"],"yoast_head":"<!-- This site is optimized with the Yoast SEO plugin v27.5 - https:\/\/yoast.com\/product\/yoast-seo-wordpress\/ -->\n<title>La RDC et les Nations Unies signent le cadre de coop\u00e9ration 2025-2029 pour le d\u00e9veloppement durable - Infos Droits Humains<\/title>\n<meta name=\"robots\" content=\"index, follow, max-snippet:-1, max-image-preview:large, max-video-preview:-1\" \/>\n<link rel=\"canonical\" href=\"https:\/\/infos-droitshumains.net\/?p=12013\" \/>\n<meta property=\"og:locale\" content=\"fr_FR\" \/>\n<meta property=\"og:type\" content=\"article\" \/>\n<meta property=\"og:title\" content=\"La RDC et les Nations Unies signent le cadre de coop\u00e9ration 2025-2029 pour le d\u00e9veloppement durable - Infos Droits Humains\" \/>\n<meta property=\"og:description\" content=\"R\u00e9daction: +243 817 406 088 Le gouvernement de la R\u00e9publique D\u00e9mocratique du Congo et les...\" \/>\n<meta property=\"og:url\" content=\"https:\/\/infos-droitshumains.net\/?p=12013\" \/>\n<meta property=\"og:site_name\" content=\"Infos Droits Humains\" \/>\n<meta property=\"article:published_time\" content=\"2024-12-07T04:32:22+00:00\" \/>\n<meta property=\"article:modified_time\" content=\"2024-12-07T04:38:20+00:00\" \/>\n<meta property=\"og:image\" content=\"https:\/\/infos-droitshumains.net\/wp-content\/uploads\/2024\/12\/IMG-20241206-WA0061.jpg\" \/>\n\t<meta property=\"og:image:width\" content=\"1280\" \/>\n\t<meta property=\"og:image:height\" content=\"904\" \/>\n\t<meta property=\"og:image:type\" content=\"image\/jpeg\" \/>\n<meta name=\"author\" content=\"Jo\u00ebl Diawa\" \/>\n<meta name=\"twitter:card\" content=\"summary_large_image\" \/>\n<meta name=\"twitter:label1\" content=\"\u00c9crit par\" \/>\n\t<meta name=\"twitter:data1\" content=\"Jo\u00ebl Diawa\" \/>\n\t<meta name=\"twitter:label2\" content=\"Dur\u00e9e de lecture estim\u00e9e\" \/>\n\t<meta name=\"twitter:data2\" content=\"3 minutes\" \/>\n<script type=\"application\/ld+json\" class=\"yoast-schema-graph\">{\"@context\":\"https:\\\/\\\/schema.org\",\"@graph\":[{\"@type\":\"Article\",\"@id\":\"https:\\\/\\\/infos-droitshumains.net\\\/?p=12013#article\",\"isPartOf\":{\"@id\":\"https:\\\/\\\/infos-droitshumains.net\\\/?p=12013\"},\"author\":{\"name\":\"Jo\u00ebl Diawa\",\"@id\":\"https:\\\/\\\/infos-droitshumains.net\\\/#\\\/schema\\\/person\\\/3dc5e921c3302172e0ed4362f96faab7\"},\"headline\":\"La RDC et les Nations Unies signent le cadre de coop\u00e9ration 2025-2029 pour le d\u00e9veloppement durable\",\"datePublished\":\"2024-12-07T04:32:22+00:00\",\"dateModified\":\"2024-12-07T04:38:20+00:00\",\"mainEntityOfPage\":{\"@id\":\"https:\\\/\\\/infos-droitshumains.net\\\/?p=12013\"},\"wordCount\":388,\"commentCount\":0,\"publisher\":{\"@id\":\"https:\\\/\\\/infos-droitshumains.net\\\/#organization\"},\"image\":{\"@id\":\"https:\\\/\\\/infos-droitshumains.net\\\/?p=12013#primaryimage\"},\"thumbnailUrl\":\"https:\\\/\\\/i0.wp.com\\\/infos-droitshumains.net\\\/wp-content\\\/uploads\\\/2024\\\/12\\\/IMG-20241206-WA0061.jpg?fit=1280%2C904&ssl=1\",\"articleSection\":[\"Monde\",\"Soci\u00e9t\u00e9\"],\"inLanguage\":\"fr-FR\",\"potentialAction\":[{\"@type\":\"CommentAction\",\"name\":\"Comment\",\"target\":[\"https:\\\/\\\/infos-droitshumains.net\\\/?p=12013#respond\"]}]},{\"@type\":\"WebPage\",\"@id\":\"https:\\\/\\\/infos-droitshumains.net\\\/?p=12013\",\"url\":\"https:\\\/\\\/infos-droitshumains.net\\\/?p=12013\",\"name\":\"La RDC et les Nations Unies signent le cadre de coop\u00e9ration 2025-2029 pour le d\u00e9veloppement durable - Infos Droits Humains\",\"isPartOf\":{\"@id\":\"https:\\\/\\\/infos-droitshumains.net\\\/#website\"},\"primaryImageOfPage\":{\"@id\":\"https:\\\/\\\/infos-droitshumains.net\\\/?p=12013#primaryimage\"},\"image\":{\"@id\":\"https:\\\/\\\/infos-droitshumains.net\\\/?p=12013#primaryimage\"},\"thumbnailUrl\":\"https:\\\/\\\/i0.wp.com\\\/infos-droitshumains.net\\\/wp-content\\\/uploads\\\/2024\\\/12\\\/IMG-20241206-WA0061.jpg?fit=1280%2C904&ssl=1\",\"datePublished\":\"2024-12-07T04:32:22+00:00\",\"dateModified\":\"2024-12-07T04:38:20+00:00\",\"breadcrumb\":{\"@id\":\"https:\\\/\\\/infos-droitshumains.net\\\/?p=12013#breadcrumb\"},\"inLanguage\":\"fr-FR\",\"potentialAction\":[{\"@type\":\"ReadAction\",\"target\":[\"https:\\\/\\\/infos-droitshumains.net\\\/?p=12013\"]}]},{\"@type\":\"ImageObject\",\"inLanguage\":\"fr-FR\",\"@id\":\"https:\\\/\\\/infos-droitshumains.net\\\/?p=12013#primaryimage\",\"url\":\"https:\\\/\\\/i0.wp.com\\\/infos-droitshumains.net\\\/wp-content\\\/uploads\\\/2024\\\/12\\\/IMG-20241206-WA0061.jpg?fit=1280%2C904&ssl=1\",\"contentUrl\":\"https:\\\/\\\/i0.wp.com\\\/infos-droitshumains.net\\\/wp-content\\\/uploads\\\/2024\\\/12\\\/IMG-20241206-WA0061.jpg?fit=1280%2C904&ssl=1\",\"width\":1280,\"height\":904},{\"@type\":\"BreadcrumbList\",\"@id\":\"https:\\\/\\\/infos-droitshumains.net\\\/?p=12013#breadcrumb\",\"itemListElement\":[{\"@type\":\"ListItem\",\"position\":1,\"name\":\"Accueil\",\"item\":\"https:\\\/\\\/infos-droitshumains.net\\\/\"},{\"@type\":\"ListItem\",\"position\":2,\"name\":\"La RDC et les Nations Unies signent le cadre de coop\u00e9ration 2025-2029 pour le d\u00e9veloppement durable\"}]},{\"@type\":\"WebSite\",\"@id\":\"https:\\\/\\\/infos-droitshumains.net\\\/#website\",\"url\":\"https:\\\/\\\/infos-droitshumains.net\\\/\",\"name\":\"Infos Droits Humains\",\"description\":\"S&#039;informer est un droit\",\"publisher\":{\"@id\":\"https:\\\/\\\/infos-droitshumains.net\\\/#organization\"},\"potentialAction\":[{\"@type\":\"SearchAction\",\"target\":{\"@type\":\"EntryPoint\",\"urlTemplate\":\"https:\\\/\\\/infos-droitshumains.net\\\/?s={search_term_string}\"},\"query-input\":{\"@type\":\"PropertyValueSpecification\",\"valueRequired\":true,\"valueName\":\"search_term_string\"}}],\"inLanguage\":\"fr-FR\"},{\"@type\":\"Organization\",\"@id\":\"https:\\\/\\\/infos-droitshumains.net\\\/#organization\",\"name\":\"Infos Droits Humains\",\"url\":\"https:\\\/\\\/infos-droitshumains.net\\\/\",\"logo\":{\"@type\":\"ImageObject\",\"inLanguage\":\"fr-FR\",\"@id\":\"https:\\\/\\\/infos-droitshumains.net\\\/#\\\/schema\\\/logo\\\/image\\\/\",\"url\":\"https:\\\/\\\/i0.wp.com\\\/infos-droitshumains.net\\\/wp-content\\\/uploads\\\/2022\\\/05\\\/Logo.png?fit=333%2C129&ssl=1\",\"contentUrl\":\"https:\\\/\\\/i0.wp.com\\\/infos-droitshumains.net\\\/wp-content\\\/uploads\\\/2022\\\/05\\\/Logo.png?fit=333%2C129&ssl=1\",\"width\":333,\"height\":129,\"caption\":\"Infos Droits Humains\"},\"image\":{\"@id\":\"https:\\\/\\\/infos-droitshumains.net\\\/#\\\/schema\\\/logo\\\/image\\\/\"}},{\"@type\":\"Person\",\"@id\":\"https:\\\/\\\/infos-droitshumains.net\\\/#\\\/schema\\\/person\\\/3dc5e921c3302172e0ed4362f96faab7\",\"name\":\"Jo\u00ebl Diawa\",\"image\":{\"@type\":\"ImageObject\",\"inLanguage\":\"fr-FR\",\"@id\":\"https:\\\/\\\/secure.gravatar.com\\\/avatar\\\/729bea6ff4604c624417803c477363be8e3c7186deaa65713313f9b4b820f41c?s=96&d=mm&r=g\",\"url\":\"https:\\\/\\\/secure.gravatar.com\\\/avatar\\\/729bea6ff4604c624417803c477363be8e3c7186deaa65713313f9b4b820f41c?s=96&d=mm&r=g\",\"contentUrl\":\"https:\\\/\\\/secure.gravatar.com\\\/avatar\\\/729bea6ff4604c624417803c477363be8e3c7186deaa65713313f9b4b820f41c?s=96&d=mm&r=g\",\"caption\":\"Jo\u00ebl Diawa\"},\"sameAs\":[\"https:\\\/\\\/www.infos-droitshumains.net\"],\"url\":\"https:\\\/\\\/infos-droitshumains.net\\\/?author=2\"}]}<\/script>\n<!-- \/ Yoast SEO plugin. -->","yoast_head_json":{"title":"La RDC et les Nations Unies signent le cadre de coop\u00e9ration 2025-2029 pour le d\u00e9veloppement durable - Infos Droits Humains","robots":{"index":"index","follow":"follow","max-snippet":"max-snippet:-1","max-image-preview":"max-image-preview:large","max-video-preview":"max-video-preview:-1"},"canonical":"https:\/\/infos-droitshumains.net\/?p=12013","og_locale":"fr_FR","og_type":"article","og_title":"La RDC et les Nations Unies signent le cadre de coop\u00e9ration 2025-2029 pour le d\u00e9veloppement durable - Infos Droits Humains","og_description":"R\u00e9daction: +243 817 406 088 Le gouvernement de la R\u00e9publique D\u00e9mocratique du Congo et les...","og_url":"https:\/\/infos-droitshumains.net\/?p=12013","og_site_name":"Infos Droits Humains","article_published_time":"2024-12-07T04:32:22+00:00","article_modified_time":"2024-12-07T04:38:20+00:00","og_image":[{"width":1280,"height":904,"url":"https:\/\/infos-droitshumains.net\/wp-content\/uploads\/2024\/12\/IMG-20241206-WA0061.jpg","type":"image\/jpeg"}],"author":"Jo\u00ebl Diawa","twitter_card":"summary_large_image","twitter_misc":{"\u00c9crit par":"Jo\u00ebl Diawa","Dur\u00e9e de lecture estim\u00e9e":"3 minutes"},"schema":{"@context":"https:\/\/schema.org","@graph":[{"@type":"Article","@id":"https:\/\/infos-droitshumains.net\/?p=12013#article","isPartOf":{"@id":"https:\/\/infos-droitshumains.net\/?p=12013"},"author":{"name":"Jo\u00ebl Diawa","@id":"https:\/\/infos-droitshumains.net\/#\/schema\/person\/3dc5e921c3302172e0ed4362f96faab7"},"headline":"La RDC et les Nations Unies signent le cadre de coop\u00e9ration 2025-2029 pour le d\u00e9veloppement durable","datePublished":"2024-12-07T04:32:22+00:00","dateModified":"2024-12-07T04:38:20+00:00","mainEntityOfPage":{"@id":"https:\/\/infos-droitshumains.net\/?p=12013"},"wordCount":388,"commentCount":0,"publisher":{"@id":"https:\/\/infos-droitshumains.net\/#organization"},"image":{"@id":"https:\/\/infos-droitshumains.net\/?p=12013#primaryimage"},"thumbnailUrl":"https:\/\/i0.wp.com\/infos-droitshumains.net\/wp-content\/uploads\/2024\/12\/IMG-20241206-WA0061.jpg?fit=1280%2C904&ssl=1","articleSection":["Monde","Soci\u00e9t\u00e9"],"inLanguage":"fr-FR","potentialAction":[{"@type":"CommentAction","name":"Comment","target":["https:\/\/infos-droitshumains.net\/?p=12013#respond"]}]},{"@type":"WebPage","@id":"https:\/\/infos-droitshumains.net\/?p=12013","url":"https:\/\/infos-droitshumains.net\/?p=12013","name":"La RDC et les Nations Unies signent le cadre de coop\u00e9ration 2025-2029 pour le d\u00e9veloppement durable - Infos Droits Humains","isPartOf":{"@id":"https:\/\/infos-droitshumains.net\/#website"},"primaryImageOfPage":{"@id":"https:\/\/infos-droitshumains.net\/?p=12013#primaryimage"},"image":{"@id":"https:\/\/infos-droitshumains.net\/?p=12013#primaryimage"},"thumbnailUrl":"https:\/\/i0.wp.com\/infos-droitshumains.net\/wp-content\/uploads\/2024\/12\/IMG-20241206-WA0061.jpg?fit=1280%2C904&ssl=1","datePublished":"2024-12-07T04:32:22+00:00","dateModified":"2024-12-07T04:38:20+00:00","breadcrumb":{"@id":"https:\/\/infos-droitshumains.net\/?p=12013#breadcrumb"},"inLanguage":"fr-FR","potentialAction":[{"@type":"ReadAction","target":["https:\/\/infos-droitshumains.net\/?p=12013"]}]},{"@type":"ImageObject","inLanguage":"fr-FR","@id":"https:\/\/infos-droitshumains.net\/?p=12013#primaryimage","url":"https:\/\/i0.wp.com\/infos-droitshumains.net\/wp-content\/uploads\/2024\/12\/IMG-20241206-WA0061.jpg?fit=1280%2C904&ssl=1","contentUrl":"https:\/\/i0.wp.com\/infos-droitshumains.net\/wp-content\/uploads\/2024\/12\/IMG-20241206-WA0061.jpg?fit=1280%2C904&ssl=1","width":1280,"height":904},{"@type":"BreadcrumbList","@id":"https:\/\/infos-droitshumains.net\/?p=12013#breadcrumb","itemListElement":[{"@type":"ListItem","position":1,"name":"Accueil","item":"https:\/\/infos-droitshumains.net\/"},{"@type":"ListItem","position":2,"name":"La RDC et les Nations Unies signent le cadre de coop\u00e9ration 2025-2029 pour le d\u00e9veloppement durable"}]},{"@type":"WebSite","@id":"https:\/\/infos-droitshumains.net\/#website","url":"https:\/\/infos-droitshumains.net\/","name":"Infos Droits Humains","description":"S&#039;informer est un droit","publisher":{"@id":"https:\/\/infos-droitshumains.net\/#organization"},"potentialAction":[{"@type":"SearchAction","target":{"@type":"EntryPoint","urlTemplate":"https:\/\/infos-droitshumains.net\/?s={search_term_string}"},"query-input":{"@type":"PropertyValueSpecification","valueRequired":true,"valueName":"search_term_string"}}],"inLanguage":"fr-FR"},{"@type":"Organization","@id":"https:\/\/infos-droitshumains.net\/#organization","name":"Infos Droits Humains","url":"https:\/\/infos-droitshumains.net\/","logo":{"@type":"ImageObject","inLanguage":"fr-FR","@id":"https:\/\/infos-droitshumains.net\/#\/schema\/logo\/image\/","url":"https:\/\/i0.wp.com\/infos-droitshumains.net\/wp-content\/uploads\/2022\/05\/Logo.png?fit=333%2C129&ssl=1","contentUrl":"https:\/\/i0.wp.com\/infos-droitshumains.net\/wp-content\/uploads\/2022\/05\/Logo.png?fit=333%2C129&ssl=1","width":333,"height":129,"caption":"Infos Droits Humains"},"image":{"@id":"https:\/\/infos-droitshumains.net\/#\/schema\/logo\/image\/"}},{"@type":"Person","@id":"https:\/\/infos-droitshumains.net\/#\/schema\/person\/3dc5e921c3302172e0ed4362f96faab7","name":"Jo\u00ebl Diawa","image":{"@type":"ImageObject","inLanguage":"fr-FR","@id":"https:\/\/secure.gravatar.com\/avatar\/729bea6ff4604c624417803c477363be8e3c7186deaa65713313f9b4b820f41c?s=96&d=mm&r=g","url":"https:\/\/secure.gravatar.com\/avatar\/729bea6ff4604c624417803c477363be8e3c7186deaa65713313f9b4b820f41c?s=96&d=mm&r=g","contentUrl":"https:\/\/secure.gravatar.com\/avatar\/729bea6ff4604c624417803c477363be8e3c7186deaa65713313f9b4b820f41c?s=96&d=mm&r=g","caption":"Jo\u00ebl Diawa"},"sameAs":["https:\/\/www.infos-droitshumains.net"],"url":"https:\/\/infos-droitshumains.net\/?author=2"}]}},"featured_image_urls":{"full":["https:\/\/i0.wp.com\/infos-droitshumains.net\/wp-content\/uploads\/2024\/12\/IMG-20241206-WA0061.jpg?fit=1280%2C904&ssl=1",1280,904,false],"thumbnail":["https:\/\/i0.wp.com\/infos-droitshumains.net\/wp-content\/uploads\/2024\/12\/IMG-20241206-WA0061.jpg?resize=150%2C150&ssl=1",150,150,true],"medium":["https:\/\/i0.wp.com\/infos-droitshumains.net\/wp-content\/uploads\/2024\/12\/IMG-20241206-WA0061.jpg?fit=300%2C212&ssl=1",300,212,true],"medium_large":["https:\/\/i0.wp.com\/infos-droitshumains.net\/wp-content\/uploads\/2024\/12\/IMG-20241206-WA0061.jpg?fit=640%2C452&ssl=1",640,452,true],"large":["https:\/\/i0.wp.com\/infos-droitshumains.net\/wp-content\/uploads\/2024\/12\/IMG-20241206-WA0061.jpg?fit=640%2C452&ssl=1",640,452,true],"1536x1536":["https:\/\/i0.wp.com\/infos-droitshumains.net\/wp-content\/uploads\/2024\/12\/IMG-20241206-WA0061.jpg?fit=1280%2C904&ssl=1",1280,904,true],"2048x2048":["https:\/\/i0.wp.com\/infos-droitshumains.net\/wp-content\/uploads\/2024\/12\/IMG-20241206-WA0061.jpg?fit=1280%2C904&ssl=1",1280,904,true],"covernews-slider-full":["https:\/\/i0.wp.com\/infos-droitshumains.net\/wp-content\/uploads\/2024\/12\/IMG-20241206-WA0061.jpg?resize=1115%2C715&ssl=1",1115,715,true],"covernews-slider-center":["https:\/\/i0.wp.com\/infos-droitshumains.net\/wp-content\/uploads\/2024\/12\/IMG-20241206-WA0061.jpg?resize=800%2C500&ssl=1",800,500,true],"covernews-featured":["https:\/\/i0.wp.com\/infos-droitshumains.net\/wp-content\/uploads\/2024\/12\/IMG-20241206-WA0061.jpg?fit=1024%2C723&ssl=1",1024,723,true],"covernews-medium":["https:\/\/i0.wp.com\/infos-droitshumains.net\/wp-content\/uploads\/2024\/12\/IMG-20241206-WA0061.jpg?resize=540%2C340&ssl=1",540,340,true],"covernews-medium-square":["https:\/\/i0.wp.com\/infos-droitshumains.net\/wp-content\/uploads\/2024\/12\/IMG-20241206-WA0061.jpg?resize=400%2C250&ssl=1",400,250,true]},"author_info":{"display_name":"Jo\u00ebl Diawa","author_link":"https:\/\/infos-droitshumains.net\/?author=2"},"category_info":"<a href=\"https:\/\/infos-droitshumains.net\/?cat=10\" rel=\"category\">Monde<\/a> <a href=\"https:\/\/infos-droitshumains.net\/?cat=8\" rel=\"category\">Soci\u00e9t\u00e9<\/a>","tag_info":"Soci\u00e9t\u00e9","comment_count":"0","jetpack_featured_media_url":"https:\/\/i0.wp.com\/infos-droitshumains.net\/wp-content\/uploads\/2024\/12\/IMG-20241206-WA0061.jpg?fit=1280%2C904&ssl=1","jetpack-related-posts":[],"jetpack_sharing_enabled":true,"_links":{"self":[{"href":"https:\/\/infos-droitshumains.net\/index.php?rest_route=\/wp\/v2\/posts\/12013","targetHints":{"allow":["GET"]}}],"collection":[{"href":"https:\/\/infos-droitshumains.net\/index.php?rest_route=\/wp\/v2\/posts"}],"about":[{"href":"https:\/\/infos-droitshumains.net\/index.php?rest_route=\/wp\/v2\/types\/post"}],"author":[{"embeddable":true,"href":"https:\/\/infos-droitshumains.net\/index.php?rest_route=\/wp\/v2\/users\/2"}],"replies":[{"embeddable":true,"href":"https:\/\/infos-droitshumains.net\/index.php?rest_route=%2Fwp%2Fv2%2Fcomments&post=12013"}],"version-history":[{"count":3,"href":"https:\/\/infos-droitshumains.net\/index.php?rest_route=\/wp\/v2\/posts\/12013\/revisions"}],"predecessor-version":[{"id":12022,"href":"https:\/\/infos-droitshumains.net\/index.php?rest_route=\/wp\/v2\/posts\/12013\/revisions\/12022"}],"wp:featuredmedia":[{"embeddable":true,"href":"https:\/\/infos-droitshumains.net\/index.php?rest_route=\/wp\/v2\/media\/12015"}],"wp:attachment":[{"href":"https:\/\/infos-droitshumains.net\/index.php?rest_route=%2Fwp%2Fv2%2Fmedia&parent=12013"}],"wp:term":[{"taxonomy":"category","embeddable":true,"href":"https:\/\/infos-droitshumains.net\/index.php?rest_route=%2Fwp%2Fv2%2Fcategories&post=12013"},{"taxonomy":"post_tag","embeddable":true,"href":"https:\/\/infos-droitshumains.net\/index.php?rest_route=%2Fwp%2Fv2%2Ftags&post=12013"}],"curies":[{"name":"wp","href":"https:\/\/api.w.org\/{rel}","templated":true}]}}