{"id":1199,"date":"2021-11-30T15:53:15","date_gmt":"2021-11-30T14:53:15","guid":{"rendered":"https:\/\/infos-droitshumains.net\/?p=1199"},"modified":"2023-04-06T12:11:04","modified_gmt":"2023-04-06T10:11:04","slug":"lintervention-de-larmee-ougandaise-sur-le-territoire-congolais-est-un-aveu-dechec-de-letat-de-siege-andre-claudel-lubaya","status":"publish","type":"post","link":"https:\/\/infos-droitshumains.net\/?p=1199","title":{"rendered":"L&rsquo;intervention de l&rsquo;arm\u00e9e ougandaise sur le territoire congolais est un aveu d&rsquo;\u00e9chec de l&rsquo;\u00e9tat de si\u00e8ge ( Andr\u00e9-Claudel Lubaya)"},"content":{"rendered":"\n<p><strong>R\u00e9daction :+243817406088<\/strong><\/p>\n\n\n\n<p>Au cours du briefing sur l&rsquo;\u00e9tat de si\u00e8ge anim\u00e9 conjointement ce lundi par le porte-parole des FARDC, de la police nationale et celui du gouvernement, il a \u00e9t\u00e9 clairement dit par ce dernier que les forces de l&rsquo;arm\u00e9e ougandaise ne sont pas sur le territoire congolais contrairement aux r\u00e9v\u00e9lations de l&rsquo;agence France Presse. Ce, nous avons appris que ce matin m, des offensives ont \u00e9t\u00e9 lanc\u00e9es conjointement par l&rsquo;arm\u00e9e congolaise et ougandaise \u00e0 l&rsquo;Est de la RDC pour traquer les rebelles de l&rsquo;ADF.<\/p>\n\n\n\n<p>Andr\u00e9-Claudel Lubaya voit en ces op\u00e9rations, un av\u0153 d&rsquo;\u00e9chec de l&rsquo;\u00e9tat de si\u00e8ge en vigueur depuis le moi de mai dans les provinces de l&rsquo;Ituri et du Nord-Kivu :<\/p>\n\n\n\n<p><em>\u00ab\u00a0Par ses forces arm\u00e9es, l&rsquo;Ouganda est entr\u00e9 en guerre contre ses ADF, sur le territoire congolais, avec l&rsquo;autorisation du gouvernement. Il n&rsquo;y a point de doute, c&rsquo;est un aveu d&rsquo;\u00e9chec de l&rsquo;\u00e9tat de si\u00e8ge, de impuissance de notre appareil militaro-s\u00e9curitaire et de toutes nos politiques il y aff\u00e9rentes\u00a0\u00bb.<\/em><\/p>\n\n\n\n<p>Pour lui, par cette autorisation accord\u00e9e \u00e0 l&rsquo;arm\u00e9e ougandaise \u00e0 op\u00e9rer sur le sol congolais, Kinshasa est devant un fait accompli et doit des explications au peuple qu&rsquo;il a d\u00e9fi\u00e9 :<\/p>\n\n\n\n<p><em>\u00ab\u00a0En faisant recours au fait accompli, le gouvernement congolais et aujourd&rsquo;hui mis face \u00e0 ses responsabilit\u00e9s. Il est appel\u00e9 \u00e0 dire toute la v\u00e9rit\u00e9 au peuple et \u00e0 s&rsquo;abstenir de traiter cette question par d\u00e9fi. On n&rsquo;engage pas une nation dans une guerre sans la pr\u00e9venir ni recueillir son aval. La situation est grave. Il y a des clarification \u00e0 apporter, des le\u00e7ons \u00e0 tirer et des responsabilit\u00e9s \u00e0 assumer. Le devoir de transparence et de r\u00e9d\u00e9vabilit\u00e9 incombe au gouvernement qui, sur cette question, est tenu \u00e0 se conformer aux lois de la R\u00e9publique\u00a0\u00bb.<\/em><\/p>\n\n\n\n<p>Face \u00e0 cette situation, le d\u00e9put\u00e9 National \u00e9lu de la circonscription de Kananga et pr\u00e9sident du parti politique Union des D\u00e9mocrates Africains originelle invite le chef de l&rsquo;\u00c9tat \u00e0 sortir de son silence afin de rassurer le peuple en faisant respecter les prescrits de la l&rsquo;article 74 de la constitution:<\/p>\n\n\n\n<p><em>\u00ab\u00a0Le pr\u00e9sident de la R\u00e9publique a, sur pied de l&rsquo;article 74 de la constitution, la charge de maintenir l&rsquo;ind\u00e9pendance du pays et l&rsquo;int\u00e9grit\u00e9 de son territoire. Face \u00e0 la gravit\u00e9 de la situation, le devoir l&rsquo;oblige \u00e0 sortir de sa r\u00e9serve pour assurer la nation et la rassembler, pour lever les doutes et dissiper les malentendus. Il ne peut rester muet d\u00e8s lors que l&rsquo;int\u00e9grit\u00e9 du territoire et menac\u00e9e, surtout que c&rsquo;est en intelligence avou\u00e9e avec une puissance \u00e9trang\u00e8re mieux connu pour son agressivit\u00e9 et sa nuisance \u00e0 l&rsquo;\u00e9gard de notre pays<\/em>\u00ab\u00a0.<\/p>\n\n\n\n<p>Pour Andr\u00e9-Claudel Lubaya, le pouvoir de Kampala a un agenda cach\u00e9 derri\u00e8re cette Intervention. Un agenda connu du seul pouvoir ougandais qui pour lui, n&rsquo;a jamais \u00e9t\u00e9 amis de la RDC.  Croire \u00e0 une quelconque amiti\u00e9 entre les deux pays <em>\u00ab\u00a0serait de la pure na\u00efvet\u00e9\u00a0\u00bb<\/em> \u00e0-t-il rench\u00e9ri avant d&rsquo;inviter le gouvernement congolais \u00e0 \u00ab\u00a0<em>communiquer \u00e0 l&rsquo;opinion en toute responsabilit\u00e9 et transparence\u00a0\u00bb.<\/em><\/p>\n\n\n\n<p>Jo\u00ebl Diawa<\/p>\n","protected":false},"excerpt":{"rendered":"<p>R\u00e9daction :+243817406088 Au cours du briefing sur l&rsquo;\u00e9tat de si\u00e8ge anim\u00e9 conjointement ce lundi par&#8230;<\/p>\n","protected":false},"author":2,"featured_media":0,"comment_status":"closed","ping_status":"open","sticky":false,"template":"","format":"standard","meta":{"_jetpack_memberships_contains_paid_content":false,"footnotes":""},"categories":[1],"tags":[],"class_list":["post-1199","post","type-post","status-publish","format-standard","hentry","category-non-classe"],"yoast_head":"<!-- This site is optimized with the Yoast SEO plugin v27.5 - https:\/\/yoast.com\/product\/yoast-seo-wordpress\/ -->\n<title>L&#039;intervention de l&#039;arm\u00e9e ougandaise sur le territoire congolais est un aveu d&#039;\u00e9chec de l&#039;\u00e9tat de si\u00e8ge ( Andr\u00e9-Claudel Lubaya) - Infos Droits Humains<\/title>\n<meta name=\"robots\" content=\"index, follow, max-snippet:-1, max-image-preview:large, max-video-preview:-1\" \/>\n<link rel=\"canonical\" href=\"https:\/\/infos-droitshumains.net\/?p=1199\" \/>\n<meta property=\"og:locale\" content=\"fr_FR\" \/>\n<meta property=\"og:type\" content=\"article\" \/>\n<meta property=\"og:title\" content=\"L&#039;intervention de l&#039;arm\u00e9e ougandaise sur le territoire congolais est un aveu d&#039;\u00e9chec de l&#039;\u00e9tat de si\u00e8ge ( Andr\u00e9-Claudel Lubaya) - Infos Droits Humains\" \/>\n<meta property=\"og:description\" content=\"R\u00e9daction :+243817406088 Au cours du briefing sur l&rsquo;\u00e9tat de si\u00e8ge anim\u00e9 conjointement ce lundi par...\" \/>\n<meta property=\"og:url\" content=\"https:\/\/infos-droitshumains.net\/?p=1199\" \/>\n<meta property=\"og:site_name\" content=\"Infos Droits Humains\" \/>\n<meta property=\"article:published_time\" content=\"2021-11-30T14:53:15+00:00\" \/>\n<meta property=\"article:modified_time\" content=\"2023-04-06T10:11:04+00:00\" \/>\n<meta name=\"author\" content=\"Jo\u00ebl Diawa\" \/>\n<meta name=\"twitter:card\" content=\"summary_large_image\" \/>\n<meta name=\"twitter:label1\" content=\"\u00c9crit par\" \/>\n\t<meta name=\"twitter:data1\" content=\"Jo\u00ebl Diawa\" \/>\n\t<meta name=\"twitter:label2\" content=\"Dur\u00e9e de lecture estim\u00e9e\" \/>\n\t<meta name=\"twitter:data2\" content=\"3 minutes\" \/>\n<script type=\"application\/ld+json\" class=\"yoast-schema-graph\">{\"@context\":\"https:\\\/\\\/schema.org\",\"@graph\":[{\"@type\":\"Article\",\"@id\":\"https:\\\/\\\/infos-droitshumains.net\\\/?p=1199#article\",\"isPartOf\":{\"@id\":\"https:\\\/\\\/infos-droitshumains.net\\\/?p=1199\"},\"author\":{\"name\":\"Jo\u00ebl Diawa\",\"@id\":\"https:\\\/\\\/infos-droitshumains.net\\\/#\\\/schema\\\/person\\\/3dc5e921c3302172e0ed4362f96faab7\"},\"headline\":\"L&rsquo;intervention de l&rsquo;arm\u00e9e ougandaise sur le territoire congolais est un aveu d&rsquo;\u00e9chec de l&rsquo;\u00e9tat de si\u00e8ge ( Andr\u00e9-Claudel Lubaya)\",\"datePublished\":\"2021-11-30T14:53:15+00:00\",\"dateModified\":\"2023-04-06T10:11:04+00:00\",\"mainEntityOfPage\":{\"@id\":\"https:\\\/\\\/infos-droitshumains.net\\\/?p=1199\"},\"wordCount\":544,\"publisher\":{\"@id\":\"https:\\\/\\\/infos-droitshumains.net\\\/#organization\"},\"inLanguage\":\"fr-FR\"},{\"@type\":\"WebPage\",\"@id\":\"https:\\\/\\\/infos-droitshumains.net\\\/?p=1199\",\"url\":\"https:\\\/\\\/infos-droitshumains.net\\\/?p=1199\",\"name\":\"L'intervention de l'arm\u00e9e ougandaise sur le territoire congolais est un aveu d'\u00e9chec de l'\u00e9tat de si\u00e8ge ( Andr\u00e9-Claudel Lubaya) - Infos Droits Humains\",\"isPartOf\":{\"@id\":\"https:\\\/\\\/infos-droitshumains.net\\\/#website\"},\"datePublished\":\"2021-11-30T14:53:15+00:00\",\"dateModified\":\"2023-04-06T10:11:04+00:00\",\"breadcrumb\":{\"@id\":\"https:\\\/\\\/infos-droitshumains.net\\\/?p=1199#breadcrumb\"},\"inLanguage\":\"fr-FR\",\"potentialAction\":[{\"@type\":\"ReadAction\",\"target\":[\"https:\\\/\\\/infos-droitshumains.net\\\/?p=1199\"]}]},{\"@type\":\"BreadcrumbList\",\"@id\":\"https:\\\/\\\/infos-droitshumains.net\\\/?p=1199#breadcrumb\",\"itemListElement\":[{\"@type\":\"ListItem\",\"position\":1,\"name\":\"Accueil\",\"item\":\"https:\\\/\\\/infos-droitshumains.net\\\/\"},{\"@type\":\"ListItem\",\"position\":2,\"name\":\"L&rsquo;intervention de l&rsquo;arm\u00e9e ougandaise sur le territoire congolais est un aveu d&rsquo;\u00e9chec de l&rsquo;\u00e9tat de si\u00e8ge ( Andr\u00e9-Claudel Lubaya)\"}]},{\"@type\":\"WebSite\",\"@id\":\"https:\\\/\\\/infos-droitshumains.net\\\/#website\",\"url\":\"https:\\\/\\\/infos-droitshumains.net\\\/\",\"name\":\"Infos Droits Humains\",\"description\":\"S&#039;informer est un droit\",\"publisher\":{\"@id\":\"https:\\\/\\\/infos-droitshumains.net\\\/#organization\"},\"potentialAction\":[{\"@type\":\"SearchAction\",\"target\":{\"@type\":\"EntryPoint\",\"urlTemplate\":\"https:\\\/\\\/infos-droitshumains.net\\\/?s={search_term_string}\"},\"query-input\":{\"@type\":\"PropertyValueSpecification\",\"valueRequired\":true,\"valueName\":\"search_term_string\"}}],\"inLanguage\":\"fr-FR\"},{\"@type\":\"Organization\",\"@id\":\"https:\\\/\\\/infos-droitshumains.net\\\/#organization\",\"name\":\"Infos Droits Humains\",\"url\":\"https:\\\/\\\/infos-droitshumains.net\\\/\",\"logo\":{\"@type\":\"ImageObject\",\"inLanguage\":\"fr-FR\",\"@id\":\"https:\\\/\\\/infos-droitshumains.net\\\/#\\\/schema\\\/logo\\\/image\\\/\",\"url\":\"https:\\\/\\\/i0.wp.com\\\/infos-droitshumains.net\\\/wp-content\\\/uploads\\\/2022\\\/05\\\/Logo.png?fit=333%2C129&ssl=1\",\"contentUrl\":\"https:\\\/\\\/i0.wp.com\\\/infos-droitshumains.net\\\/wp-content\\\/uploads\\\/2022\\\/05\\\/Logo.png?fit=333%2C129&ssl=1\",\"width\":333,\"height\":129,\"caption\":\"Infos Droits Humains\"},\"image\":{\"@id\":\"https:\\\/\\\/infos-droitshumains.net\\\/#\\\/schema\\\/logo\\\/image\\\/\"}},{\"@type\":\"Person\",\"@id\":\"https:\\\/\\\/infos-droitshumains.net\\\/#\\\/schema\\\/person\\\/3dc5e921c3302172e0ed4362f96faab7\",\"name\":\"Jo\u00ebl Diawa\",\"image\":{\"@type\":\"ImageObject\",\"inLanguage\":\"fr-FR\",\"@id\":\"https:\\\/\\\/secure.gravatar.com\\\/avatar\\\/729bea6ff4604c624417803c477363be8e3c7186deaa65713313f9b4b820f41c?s=96&d=mm&r=g\",\"url\":\"https:\\\/\\\/secure.gravatar.com\\\/avatar\\\/729bea6ff4604c624417803c477363be8e3c7186deaa65713313f9b4b820f41c?s=96&d=mm&r=g\",\"contentUrl\":\"https:\\\/\\\/secure.gravatar.com\\\/avatar\\\/729bea6ff4604c624417803c477363be8e3c7186deaa65713313f9b4b820f41c?s=96&d=mm&r=g\",\"caption\":\"Jo\u00ebl Diawa\"},\"sameAs\":[\"https:\\\/\\\/www.infos-droitshumains.net\"],\"url\":\"https:\\\/\\\/infos-droitshumains.net\\\/?author=2\"}]}<\/script>\n<!-- \/ Yoast SEO plugin. -->","yoast_head_json":{"title":"L'intervention de l'arm\u00e9e ougandaise sur le territoire congolais est un aveu d'\u00e9chec de l'\u00e9tat de si\u00e8ge ( Andr\u00e9-Claudel Lubaya) - Infos Droits Humains","robots":{"index":"index","follow":"follow","max-snippet":"max-snippet:-1","max-image-preview":"max-image-preview:large","max-video-preview":"max-video-preview:-1"},"canonical":"https:\/\/infos-droitshumains.net\/?p=1199","og_locale":"fr_FR","og_type":"article","og_title":"L'intervention de l'arm\u00e9e ougandaise sur le territoire congolais est un aveu d'\u00e9chec de l'\u00e9tat de si\u00e8ge ( Andr\u00e9-Claudel Lubaya) - Infos Droits Humains","og_description":"R\u00e9daction :+243817406088 Au cours du briefing sur l&rsquo;\u00e9tat de si\u00e8ge anim\u00e9 conjointement ce lundi par...","og_url":"https:\/\/infos-droitshumains.net\/?p=1199","og_site_name":"Infos Droits Humains","article_published_time":"2021-11-30T14:53:15+00:00","article_modified_time":"2023-04-06T10:11:04+00:00","author":"Jo\u00ebl Diawa","twitter_card":"summary_large_image","twitter_misc":{"\u00c9crit par":"Jo\u00ebl Diawa","Dur\u00e9e de lecture estim\u00e9e":"3 minutes"},"schema":{"@context":"https:\/\/schema.org","@graph":[{"@type":"Article","@id":"https:\/\/infos-droitshumains.net\/?p=1199#article","isPartOf":{"@id":"https:\/\/infos-droitshumains.net\/?p=1199"},"author":{"name":"Jo\u00ebl Diawa","@id":"https:\/\/infos-droitshumains.net\/#\/schema\/person\/3dc5e921c3302172e0ed4362f96faab7"},"headline":"L&rsquo;intervention de l&rsquo;arm\u00e9e ougandaise sur le territoire congolais est un aveu d&rsquo;\u00e9chec de l&rsquo;\u00e9tat de si\u00e8ge ( Andr\u00e9-Claudel Lubaya)","datePublished":"2021-11-30T14:53:15+00:00","dateModified":"2023-04-06T10:11:04+00:00","mainEntityOfPage":{"@id":"https:\/\/infos-droitshumains.net\/?p=1199"},"wordCount":544,"publisher":{"@id":"https:\/\/infos-droitshumains.net\/#organization"},"inLanguage":"fr-FR"},{"@type":"WebPage","@id":"https:\/\/infos-droitshumains.net\/?p=1199","url":"https:\/\/infos-droitshumains.net\/?p=1199","name":"L'intervention de l'arm\u00e9e ougandaise sur le territoire congolais est un aveu d'\u00e9chec de l'\u00e9tat de si\u00e8ge ( Andr\u00e9-Claudel Lubaya) - Infos Droits Humains","isPartOf":{"@id":"https:\/\/infos-droitshumains.net\/#website"},"datePublished":"2021-11-30T14:53:15+00:00","dateModified":"2023-04-06T10:11:04+00:00","breadcrumb":{"@id":"https:\/\/infos-droitshumains.net\/?p=1199#breadcrumb"},"inLanguage":"fr-FR","potentialAction":[{"@type":"ReadAction","target":["https:\/\/infos-droitshumains.net\/?p=1199"]}]},{"@type":"BreadcrumbList","@id":"https:\/\/infos-droitshumains.net\/?p=1199#breadcrumb","itemListElement":[{"@type":"ListItem","position":1,"name":"Accueil","item":"https:\/\/infos-droitshumains.net\/"},{"@type":"ListItem","position":2,"name":"L&rsquo;intervention de l&rsquo;arm\u00e9e ougandaise sur le territoire congolais est un aveu d&rsquo;\u00e9chec de l&rsquo;\u00e9tat de si\u00e8ge ( Andr\u00e9-Claudel Lubaya)"}]},{"@type":"WebSite","@id":"https:\/\/infos-droitshumains.net\/#website","url":"https:\/\/infos-droitshumains.net\/","name":"Infos Droits Humains","description":"S&#039;informer est un droit","publisher":{"@id":"https:\/\/infos-droitshumains.net\/#organization"},"potentialAction":[{"@type":"SearchAction","target":{"@type":"EntryPoint","urlTemplate":"https:\/\/infos-droitshumains.net\/?s={search_term_string}"},"query-input":{"@type":"PropertyValueSpecification","valueRequired":true,"valueName":"search_term_string"}}],"inLanguage":"fr-FR"},{"@type":"Organization","@id":"https:\/\/infos-droitshumains.net\/#organization","name":"Infos Droits Humains","url":"https:\/\/infos-droitshumains.net\/","logo":{"@type":"ImageObject","inLanguage":"fr-FR","@id":"https:\/\/infos-droitshumains.net\/#\/schema\/logo\/image\/","url":"https:\/\/i0.wp.com\/infos-droitshumains.net\/wp-content\/uploads\/2022\/05\/Logo.png?fit=333%2C129&ssl=1","contentUrl":"https:\/\/i0.wp.com\/infos-droitshumains.net\/wp-content\/uploads\/2022\/05\/Logo.png?fit=333%2C129&ssl=1","width":333,"height":129,"caption":"Infos Droits Humains"},"image":{"@id":"https:\/\/infos-droitshumains.net\/#\/schema\/logo\/image\/"}},{"@type":"Person","@id":"https:\/\/infos-droitshumains.net\/#\/schema\/person\/3dc5e921c3302172e0ed4362f96faab7","name":"Jo\u00ebl Diawa","image":{"@type":"ImageObject","inLanguage":"fr-FR","@id":"https:\/\/secure.gravatar.com\/avatar\/729bea6ff4604c624417803c477363be8e3c7186deaa65713313f9b4b820f41c?s=96&d=mm&r=g","url":"https:\/\/secure.gravatar.com\/avatar\/729bea6ff4604c624417803c477363be8e3c7186deaa65713313f9b4b820f41c?s=96&d=mm&r=g","contentUrl":"https:\/\/secure.gravatar.com\/avatar\/729bea6ff4604c624417803c477363be8e3c7186deaa65713313f9b4b820f41c?s=96&d=mm&r=g","caption":"Jo\u00ebl Diawa"},"sameAs":["https:\/\/www.infos-droitshumains.net"],"url":"https:\/\/infos-droitshumains.net\/?author=2"}]}},"featured_image_urls":{"full":"","thumbnail":"","medium":"","medium_large":"","large":"","1536x1536":"","2048x2048":"","covernews-slider-full":"","covernews-slider-center":"","covernews-featured":"","covernews-medium":"","covernews-medium-square":""},"author_info":{"display_name":"Jo\u00ebl Diawa","author_link":"https:\/\/infos-droitshumains.net\/?author=2"},"category_info":"<a href=\"https:\/\/infos-droitshumains.net\/?cat=1\" rel=\"category\">Non class\u00e9<\/a>","tag_info":"Non class\u00e9","comment_count":"0","jetpack_featured_media_url":"","jetpack-related-posts":[],"jetpack_sharing_enabled":true,"_links":{"self":[{"href":"https:\/\/infos-droitshumains.net\/index.php?rest_route=\/wp\/v2\/posts\/1199","targetHints":{"allow":["GET"]}}],"collection":[{"href":"https:\/\/infos-droitshumains.net\/index.php?rest_route=\/wp\/v2\/posts"}],"about":[{"href":"https:\/\/infos-droitshumains.net\/index.php?rest_route=\/wp\/v2\/types\/post"}],"author":[{"embeddable":true,"href":"https:\/\/infos-droitshumains.net\/index.php?rest_route=\/wp\/v2\/users\/2"}],"replies":[{"embeddable":true,"href":"https:\/\/infos-droitshumains.net\/index.php?rest_route=%2Fwp%2Fv2%2Fcomments&post=1199"}],"version-history":[{"count":2,"href":"https:\/\/infos-droitshumains.net\/index.php?rest_route=\/wp\/v2\/posts\/1199\/revisions"}],"predecessor-version":[{"id":1202,"href":"https:\/\/infos-droitshumains.net\/index.php?rest_route=\/wp\/v2\/posts\/1199\/revisions\/1202"}],"wp:attachment":[{"href":"https:\/\/infos-droitshumains.net\/index.php?rest_route=%2Fwp%2Fv2%2Fmedia&parent=1199"}],"wp:term":[{"taxonomy":"category","embeddable":true,"href":"https:\/\/infos-droitshumains.net\/index.php?rest_route=%2Fwp%2Fv2%2Fcategories&post=1199"},{"taxonomy":"post_tag","embeddable":true,"href":"https:\/\/infos-droitshumains.net\/index.php?rest_route=%2Fwp%2Fv2%2Ftags&post=1199"}],"curies":[{"name":"wp","href":"https:\/\/api.w.org\/{rel}","templated":true}]}}