{"id":11973,"date":"2024-12-04T23:38:43","date_gmt":"2024-12-04T22:38:43","guid":{"rendered":"https:\/\/infos-droitshumains.net\/?p=11973"},"modified":"2024-12-04T23:43:26","modified_gmt":"2024-12-04T22:43:26","slug":"lorsquil-ny-a-pas-de-verite-dans-une-decision-judiciaire-il-ny-a-pas-de-justice-la-premiere-presidente-esperance-dia-lors-de-la-rentree","status":"publish","type":"post","link":"https:\/\/infos-droitshumains.net\/?p=11973","title":{"rendered":"\u2018\u2019Lorsqu\u2019il n\u2019y a pas de v\u00e9rit\u00e9 dans une d\u00e9cision judiciaire, il n\u2019y a pas de justice.\u2019\u2019 La Premi\u00e8re Pr\u00e9sidente Esp\u00e9rance Dia lors de la rentr\u00e9e judiciaire \u00e0 la Cour d\u2019Appel de Kinshasa\/Gombe"},"content":{"rendered":"\n<p><strong>R\u00e9daction: +243 817 406 088<\/strong><\/p>\n\n\n\n<h3 class=\"wp-block-heading has-vivid-red-color has-text-color has-link-color wp-elements-eec74da3587a9d8f0a16966ef7bf06b6\">Apr\u00e8s la Cour de Cassation et le Conseil d\u2019Etat, les activit\u00e9s \u00e0 la Cour d\u2019Appel de Kinshasa\/Gombe ont officiellement repris ce mardi 03 d\u00e9cembre ce, au terme de l\u2019audience publique et solennelle tenue \u00e0 l\u2019occasion de la rentr\u00e9e judiciaire 2024-2025, en vertu de l\u2019article 64 de la loi-organique n\u00b013\/011-B du 11 Avril 2013 portant organisation, fonctionnement et comp\u00e9tences des juridictions de l\u2019ordre judiciaire.<\/h3>\n\n\n\n<p>Dans son discours prononc\u00e9 \u00e0 cette occasion qui a port\u00e9 sur <strong><em>\u2018\u2019La preuve en justice, la cl\u00e9 d\u00e9terminante d\u2019une d\u00e9cision judiciaire\u2019\u2019<\/em><\/strong>, la Premi\u00e8re Pr\u00e9sidente de la Cour d\u2019Appel de Kinshasa\/Gombe a rappel\u00e9 que cette question de droit est <em>\u00ab&nbsp;au c\u0153ur&nbsp;\u00bb <\/em>m\u00eame de la justice sans laquelle<em> \u00ab&nbsp;les pr\u00e9tentions soumises au juge sont d\u2019avance vou\u00e9es en \u00e9chec.&nbsp;\u00bb<\/em><\/p>\n\n\n\n<p>Pour Esp\u00e9rance Dia Akir Akir, la preuve concourt <em>\u00ab&nbsp;non seulement \u00e0 l\u2019\u00e9tablissement de la v\u00e9rit\u00e9 des faits et des actes discut\u00e9s \u00e0 l\u2019occasion d\u2019un proc\u00e8s, mais \u00e9galement \u00e0 la conviction du juge et \u00e0 la motivation de sa d\u00e9cision.&nbsp;\u00bb<\/em> <em>\u00ab&nbsp;\u2026l\u2019on ne peut concevoir une d\u00e9cision judiciaire juste sans avoir \u00e9tabli pr\u00e9alablement la preuve des faits all\u00e9gu\u00e9s ou des actes contest\u00e9s&nbsp;\u00bb<\/em>, a-t-elle ajout\u00e9.<\/p>\n\n\n\n<p>Le num\u00e9ro un du ressort de la Cour d\u2019Appel de Kinshasa\/Gombe estime par ailleurs que, la preuve en justice constitue la pierre angulaire et\/ou la cl\u00e9 d\u00e9terminante d\u2019une d\u00e9cision judiciaire&nbsp;:<\/p>\n\n\n\n<p><em>\u00ab&nbsp;\u2026la v\u00e9rit\u00e9 constitue l\u2019\u00e9l\u00e9ment capital de la justice en mati\u00e8re de preuve. Il est \u00e9vident que, lorsqu\u2019il n\u2019y a pas de v\u00e9rit\u00e9 dans une d\u00e9cision judiciaire, il n\u2019y a pas de justice. Donc, le juge, les parties et les t\u00e9moins, voire les tiers par le compulsoire en mati\u00e8re civile, assument chacun un devoir aussi crucial dans la recherche de la v\u00e9rit\u00e9&#8230; C\u2019est pourquoi l\u2019on ne peut critiquer une d\u00e9cision judiciaire qu\u2019apr\u00e8s l\u2019avoir lue et relue dans sa motivation&nbsp;\u00bb<\/em>, a-t-elle insist\u00e9 avant de rench\u00e9rir que <em>\u00ab&nbsp;\u2026 le juge ne peut donc justifier sa d\u00e9cision, sur les informations obtenues en dehors de l\u2019audience publique et contradictoire. Ainsi, si le plaideur n\u2019\u00e9tablit pas la v\u00e9rit\u00e9 du fait mat\u00e9riel ou de l\u2019acte auquel se trouve li\u00e9e l\u2019application de la r\u00e8gle l\u00e9gale qu\u2019il invoque ou encore s\u2019il en administre mal la preuve, son droit est d\u00e9pourvu de valeur.&nbsp;\u00bb<\/em><\/p>\n\n\n\n<p>Elle a par ailleurs &nbsp;interpel\u00e9 le juge d\u2019\u00eatre mu par une volont\u00e9 sans faille et farouche de <em>\u00ab&nbsp;la qu\u00eate optimale de la v\u00e9rit\u00e9 des faits all\u00e9gu\u00e9s ou des actes contest\u00e9s lors d\u2019un proc\u00e8s, et de ne jamais se lasser dans la lutte contre les antivaleurs en cette mati\u00e8re&nbsp;\u00bb<\/em>&nbsp;; le tout, dans le strict respect des principes d\u2019impartialit\u00e9 et de neutralit\u00e9 lors des d\u00e9bats en d\u00e9pit de son r\u00f4le actif dans la recherche de la v\u00e9rit\u00e9 judiciaire et \u00e0 travers son \u00e9criture fond\u00e9e uniquement sur les \u00e9l\u00e9ments de preuve lui offerts r\u00e9guli\u00e8rement par les parties litigantes.<\/p>\n\n\n\n<p>Esp\u00e9rance Dia a par ailleurs, en pr\u00e9lude de son discours, renouvel\u00e9 l\u2019expression d\u2019hommages au Pr\u00e9sident de la R\u00e9publique qui \u00e0 l\u2019en croire, <em>\u00ab&nbsp;ne m\u00e9nage aucun effort pour le renforcement de l\u2019efficacit\u00e9, de la qualit\u00e9 et de l\u2019int\u00e9grit\u00e9 dans l\u2019administration de la justice.&nbsp;\u00bb <\/em>Elle a \u00e9galement exprim\u00e9 sa reconnaissance \u00e0 la hi\u00e9rarchie judiciaire qui t\u00e9moigne son <em>\u00ab&nbsp;attachement&nbsp;\u00bb<\/em> \u00e0 l\u2019id\u00e9al commun de justice et son accompagnement pour <em>\u00ab&nbsp;une justice respectueuse des droits de la personne humaine dans la ville province de Kinshasa.&nbsp;\u00bb<\/em><\/p>\n\n\n\n<p>Jo\u00ebl Diawa<\/p>\n","protected":false},"excerpt":{"rendered":"<p>R\u00e9daction: +243 817 406 088 Apr\u00e8s la Cour de Cassation et le Conseil d\u2019Etat, les&#8230;<\/p>\n","protected":false},"author":2,"featured_media":11977,"comment_status":"open","ping_status":"open","sticky":false,"template":"","format":"standard","meta":{"_jetpack_memberships_contains_paid_content":false,"footnotes":""},"categories":[6],"tags":[],"class_list":["post-11973","post","type-post","status-publish","format-standard","has-post-thumbnail","hentry","category-justice"],"yoast_head":"<!-- This site is optimized with the Yoast SEO plugin v27.5 - https:\/\/yoast.com\/product\/yoast-seo-wordpress\/ -->\n<title>\u2018\u2019Lorsqu\u2019il n\u2019y a pas de v\u00e9rit\u00e9 dans une d\u00e9cision judiciaire, il n\u2019y a pas de justice.\u2019\u2019 La Premi\u00e8re Pr\u00e9sidente Esp\u00e9rance Dia lors de la rentr\u00e9e judiciaire \u00e0 la Cour d\u2019Appel de Kinshasa\/Gombe - Infos Droits Humains<\/title>\n<meta name=\"robots\" content=\"index, follow, max-snippet:-1, max-image-preview:large, max-video-preview:-1\" \/>\n<link rel=\"canonical\" href=\"https:\/\/infos-droitshumains.net\/?p=11973\" \/>\n<meta property=\"og:locale\" content=\"fr_FR\" \/>\n<meta property=\"og:type\" content=\"article\" \/>\n<meta property=\"og:title\" content=\"\u2018\u2019Lorsqu\u2019il n\u2019y a pas de v\u00e9rit\u00e9 dans une d\u00e9cision judiciaire, il n\u2019y a pas de justice.\u2019\u2019 La Premi\u00e8re Pr\u00e9sidente Esp\u00e9rance Dia lors de la rentr\u00e9e judiciaire \u00e0 la Cour d\u2019Appel de Kinshasa\/Gombe - Infos Droits Humains\" \/>\n<meta property=\"og:description\" content=\"R\u00e9daction: +243 817 406 088 Apr\u00e8s la Cour de Cassation et le Conseil d\u2019Etat, les...\" \/>\n<meta property=\"og:url\" content=\"https:\/\/infos-droitshumains.net\/?p=11973\" \/>\n<meta property=\"og:site_name\" content=\"Infos Droits Humains\" \/>\n<meta property=\"article:published_time\" content=\"2024-12-04T22:38:43+00:00\" \/>\n<meta property=\"article:modified_time\" content=\"2024-12-04T22:43:26+00:00\" \/>\n<meta property=\"og:image\" content=\"https:\/\/infos-droitshumains.net\/wp-content\/uploads\/2024\/12\/Screenshot_20241204-195639_1.jpg\" \/>\n\t<meta property=\"og:image:width\" content=\"525\" \/>\n\t<meta property=\"og:image:height\" content=\"554\" \/>\n\t<meta property=\"og:image:type\" content=\"image\/jpeg\" \/>\n<meta name=\"author\" content=\"Jo\u00ebl Diawa\" \/>\n<meta name=\"twitter:card\" content=\"summary_large_image\" \/>\n<meta name=\"twitter:label1\" content=\"\u00c9crit par\" \/>\n\t<meta name=\"twitter:data1\" content=\"Jo\u00ebl Diawa\" \/>\n\t<meta name=\"twitter:label2\" content=\"Dur\u00e9e de lecture estim\u00e9e\" \/>\n\t<meta name=\"twitter:data2\" content=\"3 minutes\" \/>\n<script type=\"application\/ld+json\" class=\"yoast-schema-graph\">{\"@context\":\"https:\\\/\\\/schema.org\",\"@graph\":[{\"@type\":\"Article\",\"@id\":\"https:\\\/\\\/infos-droitshumains.net\\\/?p=11973#article\",\"isPartOf\":{\"@id\":\"https:\\\/\\\/infos-droitshumains.net\\\/?p=11973\"},\"author\":{\"name\":\"Jo\u00ebl Diawa\",\"@id\":\"https:\\\/\\\/infos-droitshumains.net\\\/#\\\/schema\\\/person\\\/3dc5e921c3302172e0ed4362f96faab7\"},\"headline\":\"\u2018\u2019Lorsqu\u2019il n\u2019y a pas de v\u00e9rit\u00e9 dans une d\u00e9cision judiciaire, il n\u2019y a pas de justice.\u2019\u2019 La Premi\u00e8re Pr\u00e9sidente Esp\u00e9rance Dia lors de la rentr\u00e9e judiciaire \u00e0 la Cour d\u2019Appel de Kinshasa\\\/Gombe\",\"datePublished\":\"2024-12-04T22:38:43+00:00\",\"dateModified\":\"2024-12-04T22:43:26+00:00\",\"mainEntityOfPage\":{\"@id\":\"https:\\\/\\\/infos-droitshumains.net\\\/?p=11973\"},\"wordCount\":695,\"commentCount\":0,\"publisher\":{\"@id\":\"https:\\\/\\\/infos-droitshumains.net\\\/#organization\"},\"image\":{\"@id\":\"https:\\\/\\\/infos-droitshumains.net\\\/?p=11973#primaryimage\"},\"thumbnailUrl\":\"https:\\\/\\\/i0.wp.com\\\/infos-droitshumains.net\\\/wp-content\\\/uploads\\\/2024\\\/12\\\/Screenshot_20241204-195639_1.jpg?fit=525%2C554&ssl=1\",\"articleSection\":[\"Justice\"],\"inLanguage\":\"fr-FR\",\"potentialAction\":[{\"@type\":\"CommentAction\",\"name\":\"Comment\",\"target\":[\"https:\\\/\\\/infos-droitshumains.net\\\/?p=11973#respond\"]}]},{\"@type\":\"WebPage\",\"@id\":\"https:\\\/\\\/infos-droitshumains.net\\\/?p=11973\",\"url\":\"https:\\\/\\\/infos-droitshumains.net\\\/?p=11973\",\"name\":\"\u2018\u2019Lorsqu\u2019il n\u2019y a pas de v\u00e9rit\u00e9 dans une d\u00e9cision judiciaire, il n\u2019y a pas de justice.\u2019\u2019 La Premi\u00e8re Pr\u00e9sidente Esp\u00e9rance Dia lors de la rentr\u00e9e judiciaire \u00e0 la Cour d\u2019Appel de Kinshasa\\\/Gombe - Infos Droits Humains\",\"isPartOf\":{\"@id\":\"https:\\\/\\\/infos-droitshumains.net\\\/#website\"},\"primaryImageOfPage\":{\"@id\":\"https:\\\/\\\/infos-droitshumains.net\\\/?p=11973#primaryimage\"},\"image\":{\"@id\":\"https:\\\/\\\/infos-droitshumains.net\\\/?p=11973#primaryimage\"},\"thumbnailUrl\":\"https:\\\/\\\/i0.wp.com\\\/infos-droitshumains.net\\\/wp-content\\\/uploads\\\/2024\\\/12\\\/Screenshot_20241204-195639_1.jpg?fit=525%2C554&ssl=1\",\"datePublished\":\"2024-12-04T22:38:43+00:00\",\"dateModified\":\"2024-12-04T22:43:26+00:00\",\"breadcrumb\":{\"@id\":\"https:\\\/\\\/infos-droitshumains.net\\\/?p=11973#breadcrumb\"},\"inLanguage\":\"fr-FR\",\"potentialAction\":[{\"@type\":\"ReadAction\",\"target\":[\"https:\\\/\\\/infos-droitshumains.net\\\/?p=11973\"]}]},{\"@type\":\"ImageObject\",\"inLanguage\":\"fr-FR\",\"@id\":\"https:\\\/\\\/infos-droitshumains.net\\\/?p=11973#primaryimage\",\"url\":\"https:\\\/\\\/i0.wp.com\\\/infos-droitshumains.net\\\/wp-content\\\/uploads\\\/2024\\\/12\\\/Screenshot_20241204-195639_1.jpg?fit=525%2C554&ssl=1\",\"contentUrl\":\"https:\\\/\\\/i0.wp.com\\\/infos-droitshumains.net\\\/wp-content\\\/uploads\\\/2024\\\/12\\\/Screenshot_20241204-195639_1.jpg?fit=525%2C554&ssl=1\",\"width\":525,\"height\":554},{\"@type\":\"BreadcrumbList\",\"@id\":\"https:\\\/\\\/infos-droitshumains.net\\\/?p=11973#breadcrumb\",\"itemListElement\":[{\"@type\":\"ListItem\",\"position\":1,\"name\":\"Accueil\",\"item\":\"https:\\\/\\\/infos-droitshumains.net\\\/\"},{\"@type\":\"ListItem\",\"position\":2,\"name\":\"\u2018\u2019Lorsqu\u2019il n\u2019y a pas de v\u00e9rit\u00e9 dans une d\u00e9cision judiciaire, il n\u2019y a pas de justice.\u2019\u2019 La Premi\u00e8re Pr\u00e9sidente Esp\u00e9rance Dia lors de la rentr\u00e9e judiciaire \u00e0 la Cour d\u2019Appel de Kinshasa\\\/Gombe\"}]},{\"@type\":\"WebSite\",\"@id\":\"https:\\\/\\\/infos-droitshumains.net\\\/#website\",\"url\":\"https:\\\/\\\/infos-droitshumains.net\\\/\",\"name\":\"Infos Droits Humains\",\"description\":\"S&#039;informer est un droit\",\"publisher\":{\"@id\":\"https:\\\/\\\/infos-droitshumains.net\\\/#organization\"},\"potentialAction\":[{\"@type\":\"SearchAction\",\"target\":{\"@type\":\"EntryPoint\",\"urlTemplate\":\"https:\\\/\\\/infos-droitshumains.net\\\/?s={search_term_string}\"},\"query-input\":{\"@type\":\"PropertyValueSpecification\",\"valueRequired\":true,\"valueName\":\"search_term_string\"}}],\"inLanguage\":\"fr-FR\"},{\"@type\":\"Organization\",\"@id\":\"https:\\\/\\\/infos-droitshumains.net\\\/#organization\",\"name\":\"Infos Droits Humains\",\"url\":\"https:\\\/\\\/infos-droitshumains.net\\\/\",\"logo\":{\"@type\":\"ImageObject\",\"inLanguage\":\"fr-FR\",\"@id\":\"https:\\\/\\\/infos-droitshumains.net\\\/#\\\/schema\\\/logo\\\/image\\\/\",\"url\":\"https:\\\/\\\/i0.wp.com\\\/infos-droitshumains.net\\\/wp-content\\\/uploads\\\/2022\\\/05\\\/Logo.png?fit=333%2C129&ssl=1\",\"contentUrl\":\"https:\\\/\\\/i0.wp.com\\\/infos-droitshumains.net\\\/wp-content\\\/uploads\\\/2022\\\/05\\\/Logo.png?fit=333%2C129&ssl=1\",\"width\":333,\"height\":129,\"caption\":\"Infos Droits Humains\"},\"image\":{\"@id\":\"https:\\\/\\\/infos-droitshumains.net\\\/#\\\/schema\\\/logo\\\/image\\\/\"}},{\"@type\":\"Person\",\"@id\":\"https:\\\/\\\/infos-droitshumains.net\\\/#\\\/schema\\\/person\\\/3dc5e921c3302172e0ed4362f96faab7\",\"name\":\"Jo\u00ebl Diawa\",\"image\":{\"@type\":\"ImageObject\",\"inLanguage\":\"fr-FR\",\"@id\":\"https:\\\/\\\/secure.gravatar.com\\\/avatar\\\/729bea6ff4604c624417803c477363be8e3c7186deaa65713313f9b4b820f41c?s=96&d=mm&r=g\",\"url\":\"https:\\\/\\\/secure.gravatar.com\\\/avatar\\\/729bea6ff4604c624417803c477363be8e3c7186deaa65713313f9b4b820f41c?s=96&d=mm&r=g\",\"contentUrl\":\"https:\\\/\\\/secure.gravatar.com\\\/avatar\\\/729bea6ff4604c624417803c477363be8e3c7186deaa65713313f9b4b820f41c?s=96&d=mm&r=g\",\"caption\":\"Jo\u00ebl Diawa\"},\"sameAs\":[\"https:\\\/\\\/www.infos-droitshumains.net\"],\"url\":\"https:\\\/\\\/infos-droitshumains.net\\\/?author=2\"}]}<\/script>\n<!-- \/ Yoast SEO plugin. -->","yoast_head_json":{"title":"\u2018\u2019Lorsqu\u2019il n\u2019y a pas de v\u00e9rit\u00e9 dans une d\u00e9cision judiciaire, il n\u2019y a pas de justice.\u2019\u2019 La Premi\u00e8re Pr\u00e9sidente Esp\u00e9rance Dia lors de la rentr\u00e9e judiciaire \u00e0 la Cour d\u2019Appel de Kinshasa\/Gombe - Infos Droits Humains","robots":{"index":"index","follow":"follow","max-snippet":"max-snippet:-1","max-image-preview":"max-image-preview:large","max-video-preview":"max-video-preview:-1"},"canonical":"https:\/\/infos-droitshumains.net\/?p=11973","og_locale":"fr_FR","og_type":"article","og_title":"\u2018\u2019Lorsqu\u2019il n\u2019y a pas de v\u00e9rit\u00e9 dans une d\u00e9cision judiciaire, il n\u2019y a pas de justice.\u2019\u2019 La Premi\u00e8re Pr\u00e9sidente Esp\u00e9rance Dia lors de la rentr\u00e9e judiciaire \u00e0 la Cour d\u2019Appel de Kinshasa\/Gombe - Infos Droits Humains","og_description":"R\u00e9daction: +243 817 406 088 Apr\u00e8s la Cour de Cassation et le Conseil d\u2019Etat, les...","og_url":"https:\/\/infos-droitshumains.net\/?p=11973","og_site_name":"Infos Droits Humains","article_published_time":"2024-12-04T22:38:43+00:00","article_modified_time":"2024-12-04T22:43:26+00:00","og_image":[{"width":525,"height":554,"url":"https:\/\/infos-droitshumains.net\/wp-content\/uploads\/2024\/12\/Screenshot_20241204-195639_1.jpg","type":"image\/jpeg"}],"author":"Jo\u00ebl Diawa","twitter_card":"summary_large_image","twitter_misc":{"\u00c9crit par":"Jo\u00ebl Diawa","Dur\u00e9e de lecture estim\u00e9e":"3 minutes"},"schema":{"@context":"https:\/\/schema.org","@graph":[{"@type":"Article","@id":"https:\/\/infos-droitshumains.net\/?p=11973#article","isPartOf":{"@id":"https:\/\/infos-droitshumains.net\/?p=11973"},"author":{"name":"Jo\u00ebl Diawa","@id":"https:\/\/infos-droitshumains.net\/#\/schema\/person\/3dc5e921c3302172e0ed4362f96faab7"},"headline":"\u2018\u2019Lorsqu\u2019il n\u2019y a pas de v\u00e9rit\u00e9 dans une d\u00e9cision judiciaire, il n\u2019y a pas de justice.\u2019\u2019 La Premi\u00e8re Pr\u00e9sidente Esp\u00e9rance Dia lors de la rentr\u00e9e judiciaire \u00e0 la Cour d\u2019Appel de Kinshasa\/Gombe","datePublished":"2024-12-04T22:38:43+00:00","dateModified":"2024-12-04T22:43:26+00:00","mainEntityOfPage":{"@id":"https:\/\/infos-droitshumains.net\/?p=11973"},"wordCount":695,"commentCount":0,"publisher":{"@id":"https:\/\/infos-droitshumains.net\/#organization"},"image":{"@id":"https:\/\/infos-droitshumains.net\/?p=11973#primaryimage"},"thumbnailUrl":"https:\/\/i0.wp.com\/infos-droitshumains.net\/wp-content\/uploads\/2024\/12\/Screenshot_20241204-195639_1.jpg?fit=525%2C554&ssl=1","articleSection":["Justice"],"inLanguage":"fr-FR","potentialAction":[{"@type":"CommentAction","name":"Comment","target":["https:\/\/infos-droitshumains.net\/?p=11973#respond"]}]},{"@type":"WebPage","@id":"https:\/\/infos-droitshumains.net\/?p=11973","url":"https:\/\/infos-droitshumains.net\/?p=11973","name":"\u2018\u2019Lorsqu\u2019il n\u2019y a pas de v\u00e9rit\u00e9 dans une d\u00e9cision judiciaire, il n\u2019y a pas de justice.\u2019\u2019 La Premi\u00e8re Pr\u00e9sidente Esp\u00e9rance Dia lors de la rentr\u00e9e judiciaire \u00e0 la Cour d\u2019Appel de Kinshasa\/Gombe - Infos Droits Humains","isPartOf":{"@id":"https:\/\/infos-droitshumains.net\/#website"},"primaryImageOfPage":{"@id":"https:\/\/infos-droitshumains.net\/?p=11973#primaryimage"},"image":{"@id":"https:\/\/infos-droitshumains.net\/?p=11973#primaryimage"},"thumbnailUrl":"https:\/\/i0.wp.com\/infos-droitshumains.net\/wp-content\/uploads\/2024\/12\/Screenshot_20241204-195639_1.jpg?fit=525%2C554&ssl=1","datePublished":"2024-12-04T22:38:43+00:00","dateModified":"2024-12-04T22:43:26+00:00","breadcrumb":{"@id":"https:\/\/infos-droitshumains.net\/?p=11973#breadcrumb"},"inLanguage":"fr-FR","potentialAction":[{"@type":"ReadAction","target":["https:\/\/infos-droitshumains.net\/?p=11973"]}]},{"@type":"ImageObject","inLanguage":"fr-FR","@id":"https:\/\/infos-droitshumains.net\/?p=11973#primaryimage","url":"https:\/\/i0.wp.com\/infos-droitshumains.net\/wp-content\/uploads\/2024\/12\/Screenshot_20241204-195639_1.jpg?fit=525%2C554&ssl=1","contentUrl":"https:\/\/i0.wp.com\/infos-droitshumains.net\/wp-content\/uploads\/2024\/12\/Screenshot_20241204-195639_1.jpg?fit=525%2C554&ssl=1","width":525,"height":554},{"@type":"BreadcrumbList","@id":"https:\/\/infos-droitshumains.net\/?p=11973#breadcrumb","itemListElement":[{"@type":"ListItem","position":1,"name":"Accueil","item":"https:\/\/infos-droitshumains.net\/"},{"@type":"ListItem","position":2,"name":"\u2018\u2019Lorsqu\u2019il n\u2019y a pas de v\u00e9rit\u00e9 dans une d\u00e9cision judiciaire, il n\u2019y a pas de justice.\u2019\u2019 La Premi\u00e8re Pr\u00e9sidente Esp\u00e9rance Dia lors de la rentr\u00e9e judiciaire \u00e0 la Cour d\u2019Appel de Kinshasa\/Gombe"}]},{"@type":"WebSite","@id":"https:\/\/infos-droitshumains.net\/#website","url":"https:\/\/infos-droitshumains.net\/","name":"Infos Droits Humains","description":"S&#039;informer est un droit","publisher":{"@id":"https:\/\/infos-droitshumains.net\/#organization"},"potentialAction":[{"@type":"SearchAction","target":{"@type":"EntryPoint","urlTemplate":"https:\/\/infos-droitshumains.net\/?s={search_term_string}"},"query-input":{"@type":"PropertyValueSpecification","valueRequired":true,"valueName":"search_term_string"}}],"inLanguage":"fr-FR"},{"@type":"Organization","@id":"https:\/\/infos-droitshumains.net\/#organization","name":"Infos Droits Humains","url":"https:\/\/infos-droitshumains.net\/","logo":{"@type":"ImageObject","inLanguage":"fr-FR","@id":"https:\/\/infos-droitshumains.net\/#\/schema\/logo\/image\/","url":"https:\/\/i0.wp.com\/infos-droitshumains.net\/wp-content\/uploads\/2022\/05\/Logo.png?fit=333%2C129&ssl=1","contentUrl":"https:\/\/i0.wp.com\/infos-droitshumains.net\/wp-content\/uploads\/2022\/05\/Logo.png?fit=333%2C129&ssl=1","width":333,"height":129,"caption":"Infos Droits Humains"},"image":{"@id":"https:\/\/infos-droitshumains.net\/#\/schema\/logo\/image\/"}},{"@type":"Person","@id":"https:\/\/infos-droitshumains.net\/#\/schema\/person\/3dc5e921c3302172e0ed4362f96faab7","name":"Jo\u00ebl Diawa","image":{"@type":"ImageObject","inLanguage":"fr-FR","@id":"https:\/\/secure.gravatar.com\/avatar\/729bea6ff4604c624417803c477363be8e3c7186deaa65713313f9b4b820f41c?s=96&d=mm&r=g","url":"https:\/\/secure.gravatar.com\/avatar\/729bea6ff4604c624417803c477363be8e3c7186deaa65713313f9b4b820f41c?s=96&d=mm&r=g","contentUrl":"https:\/\/secure.gravatar.com\/avatar\/729bea6ff4604c624417803c477363be8e3c7186deaa65713313f9b4b820f41c?s=96&d=mm&r=g","caption":"Jo\u00ebl Diawa"},"sameAs":["https:\/\/www.infos-droitshumains.net"],"url":"https:\/\/infos-droitshumains.net\/?author=2"}]}},"featured_image_urls":{"full":["https:\/\/i0.wp.com\/infos-droitshumains.net\/wp-content\/uploads\/2024\/12\/Screenshot_20241204-195639_1.jpg?fit=525%2C554&ssl=1",525,554,false],"thumbnail":["https:\/\/i0.wp.com\/infos-droitshumains.net\/wp-content\/uploads\/2024\/12\/Screenshot_20241204-195639_1.jpg?resize=150%2C150&ssl=1",150,150,true],"medium":["https:\/\/i0.wp.com\/infos-droitshumains.net\/wp-content\/uploads\/2024\/12\/Screenshot_20241204-195639_1.jpg?fit=284%2C300&ssl=1",284,300,true],"medium_large":["https:\/\/i0.wp.com\/infos-droitshumains.net\/wp-content\/uploads\/2024\/12\/Screenshot_20241204-195639_1.jpg?fit=525%2C554&ssl=1",525,554,true],"large":["https:\/\/i0.wp.com\/infos-droitshumains.net\/wp-content\/uploads\/2024\/12\/Screenshot_20241204-195639_1.jpg?fit=525%2C554&ssl=1",525,554,true],"1536x1536":["https:\/\/i0.wp.com\/infos-droitshumains.net\/wp-content\/uploads\/2024\/12\/Screenshot_20241204-195639_1.jpg?fit=525%2C554&ssl=1",525,554,true],"2048x2048":["https:\/\/i0.wp.com\/infos-droitshumains.net\/wp-content\/uploads\/2024\/12\/Screenshot_20241204-195639_1.jpg?fit=525%2C554&ssl=1",525,554,true],"covernews-slider-full":["https:\/\/i0.wp.com\/infos-droitshumains.net\/wp-content\/uploads\/2024\/12\/Screenshot_20241204-195639_1.jpg?resize=525%2C554&ssl=1",525,554,true],"covernews-slider-center":["https:\/\/i0.wp.com\/infos-droitshumains.net\/wp-content\/uploads\/2024\/12\/Screenshot_20241204-195639_1.jpg?resize=525%2C500&ssl=1",525,500,true],"covernews-featured":["https:\/\/i0.wp.com\/infos-droitshumains.net\/wp-content\/uploads\/2024\/12\/Screenshot_20241204-195639_1.jpg?fit=525%2C554&ssl=1",525,554,true],"covernews-medium":["https:\/\/i0.wp.com\/infos-droitshumains.net\/wp-content\/uploads\/2024\/12\/Screenshot_20241204-195639_1.jpg?resize=525%2C340&ssl=1",525,340,true],"covernews-medium-square":["https:\/\/i0.wp.com\/infos-droitshumains.net\/wp-content\/uploads\/2024\/12\/Screenshot_20241204-195639_1.jpg?resize=400%2C250&ssl=1",400,250,true]},"author_info":{"display_name":"Jo\u00ebl Diawa","author_link":"https:\/\/infos-droitshumains.net\/?author=2"},"category_info":"<a href=\"https:\/\/infos-droitshumains.net\/?cat=6\" rel=\"category\">Justice<\/a>","tag_info":"Justice","comment_count":"0","jetpack_featured_media_url":"https:\/\/i0.wp.com\/infos-droitshumains.net\/wp-content\/uploads\/2024\/12\/Screenshot_20241204-195639_1.jpg?fit=525%2C554&ssl=1","jetpack-related-posts":[],"jetpack_sharing_enabled":true,"_links":{"self":[{"href":"https:\/\/infos-droitshumains.net\/index.php?rest_route=\/wp\/v2\/posts\/11973","targetHints":{"allow":["GET"]}}],"collection":[{"href":"https:\/\/infos-droitshumains.net\/index.php?rest_route=\/wp\/v2\/posts"}],"about":[{"href":"https:\/\/infos-droitshumains.net\/index.php?rest_route=\/wp\/v2\/types\/post"}],"author":[{"embeddable":true,"href":"https:\/\/infos-droitshumains.net\/index.php?rest_route=\/wp\/v2\/users\/2"}],"replies":[{"embeddable":true,"href":"https:\/\/infos-droitshumains.net\/index.php?rest_route=%2Fwp%2Fv2%2Fcomments&post=11973"}],"version-history":[{"count":2,"href":"https:\/\/infos-droitshumains.net\/index.php?rest_route=\/wp\/v2\/posts\/11973\/revisions"}],"predecessor-version":[{"id":11976,"href":"https:\/\/infos-droitshumains.net\/index.php?rest_route=\/wp\/v2\/posts\/11973\/revisions\/11976"}],"wp:featuredmedia":[{"embeddable":true,"href":"https:\/\/infos-droitshumains.net\/index.php?rest_route=\/wp\/v2\/media\/11977"}],"wp:attachment":[{"href":"https:\/\/infos-droitshumains.net\/index.php?rest_route=%2Fwp%2Fv2%2Fmedia&parent=11973"}],"wp:term":[{"taxonomy":"category","embeddable":true,"href":"https:\/\/infos-droitshumains.net\/index.php?rest_route=%2Fwp%2Fv2%2Fcategories&post=11973"},{"taxonomy":"post_tag","embeddable":true,"href":"https:\/\/infos-droitshumains.net\/index.php?rest_route=%2Fwp%2Fv2%2Ftags&post=11973"}],"curies":[{"name":"wp","href":"https:\/\/api.w.org\/{rel}","templated":true}]}}