{"id":11919,"date":"2024-11-29T13:58:31","date_gmt":"2024-11-29T12:58:31","guid":{"rendered":"https:\/\/infos-droitshumains.net\/?p=11919"},"modified":"2024-11-29T14:59:13","modified_gmt":"2024-11-29T13:59:13","slug":"rdc-thomas-otshudi-nomme-directeur-de-cabinet-du-premier-president-de-la-cour-de-cassation","status":"publish","type":"post","link":"https:\/\/infos-droitshumains.net\/?p=11919","title":{"rendered":"RDC\u00a0: Qui est Thomas Otshudi, nouveau Directeur de Cabinet du Premier Pr\u00e9sident de la Cour de Cassation?"},"content":{"rendered":"\n<p><strong>R\u00e9daction: +243 817 406 088<\/strong><\/p>\n\n\n\n<h3 class=\"wp-block-heading has-vivid-red-color has-text-color has-link-color wp-elements-0a486deefdc30b02f285e999fbf0d46e\">Conseiller \u00e0 la Cour de Cassation depuis juillet 2018, le juge Thomas Otshudi Wongodi Okita vient d\u2019\u00eatre nomm\u00e9 Directeur de Cabinet du Premier Pr\u00e9sident de la Cour de Cassation. Il remplace \u00e0 ce poste, le Pr\u00e9sident Em\u00e9rite Tuka Ikia.<\/h3>\n\n\n\n<p>Il \u00e9tait jusqu\u2019avant sa nomination \u00e0 ce poste, charg\u00e9 de mission aupr\u00e8s des Hautes Juridictions Internationales. Au cabinet du Premier Pr\u00e9sident de la Cour de Cassation, conseiller charg\u00e9 des relations avec le Conseil sup\u00e9rieur de la Magistrature, membre de la Commission charg\u00e9e d\u2019\u00e9laborer le R\u00e8glement Int\u00e9rieur de la Cour de cassation, et membre du comit\u00e9 de r\u00e9daction des discours de rentr\u00e9e judiciaire depuis 2020.<\/p>\n\n\n\n<p>N\u00e9 le 06 novembre 1965 \u00e0 Minga-Mission dans la province du Sankuru, en R\u00e9publique D\u00e9mocratique du Congo, et d\u00e9tenteur d\u2019un dipl\u00f4me de licence en Droit, priv\u00e9 et judiciaire, de l\u2019Universit\u00e9 de Lubumbashi, le Conseiller Thomas Otshudi a une riche carri\u00e8re au sein de la magistrature.<\/p>\n\n\n\n<p>Il a \u00e9t\u00e9 tour \u00e0 tour Substitut du procureur de la R\u00e9publique au parquet pr\u00e8s le tribunal de grand instance de Lusambo, Substitut du procureur de la R\u00e9publique au parquet pr\u00e8s le tribunal de grande instance de Kipushi, Juge du tribunal de grande instance de : Kipushi (Haut-Katanga), Kinshasa\/Ndjili et Kinshasa\/Gombe; Conseiller \u00e0 la cour d\u2019appel de Kinshasa\/Gombe; et depuis le 23 juillet 2018, il est Conseiller \u00e0 la Cour de Cassation.<\/p>\n\n\n\n<p>Au sein du Conseil Sup\u00e9rieur de la Magistrature, le Conseiller Thomas Otshudi a assum\u00e9 en outre plusieurs autres fonctions. Il a \u00e9t\u00e9 Co-pr\u00e9sentateur au Comit\u00e9 des droits de l\u2019homme des Nations Unies \u00e0 Gen\u00e8ve, de la communication n\u00b0933\/2000 du 17 septembre 1999 qui a donn\u00e9 suite aux constatations dudit comit\u00e9 du 31 juillet 2003 aux fins de la r\u00e9habilitation de 315 magistrats r\u00e9voqu\u00e9s. Membre du Conseil sup\u00e9rieur de la magistrature dans le ressort de la cour d\u2019appel de Kinshasa\/Gombe, \u00e9lu en 2009 et r\u00e9\u00e9lu 2014 jusqu\u2019\u00e0 juillet 2018, il a \u00e9t\u00e9 aussi d\u00e9l\u00e9gu\u00e9 aux sessions des assembl\u00e9es g\u00e9n\u00e9rales extraordinaires et ordinaires du<\/p>\n\n\n\n<p>Conseil sup\u00e9rieur de la magistrature (2011, 2012, 2013, 2014, 2015 et 2017), point focal du Conseil sup\u00e9rieur de la magistrature, charg\u00e9 du service administratif de la Chambre provinciale de discipline de Kinshasa\/Gombe et Juge disciplinaire (De2009 \u00e0 2018), Membre de la Commission sp\u00e9ciale du Conseil sup\u00e9rieur de la magistrature charg\u00e9e de la v\u00e9rification des dossiers administratifs et de contr\u00f4le physique des magistrats d\u00e9cembre 2017 \u00e0 mars 2018.<\/p>\n\n\n\n<p>Membre cofondateur et porte-parole de Justice Ind\u00e9pendante-Syndicat des magistrats ainsi que de l\u2019Intersyndicale des magistrats de la RDC, il en a \u00e9t\u00e9 Pr\u00e9sident de 2014 \u00e0 2018.<\/p>\n\n\n\n<p>En d\u00e9pit de toutes les connaissances et exp\u00e9riences amass\u00e9es dans sa riche carri\u00e8re, Thomas Otshudi, amoureux de la science, est un perp\u00e9tuel \u00e9tudiant. Il a suivi plusieurs formations, colloques et ateliers pour parfaire ses nombreuses connaissances.<\/p>\n\n\n\n<p>En 2012, il a suivi par exemple, un s\u00e9minaire sous-r\u00e9gional de sensibilisation en mati\u00e8re de promotion du respect de la propri\u00e9t\u00e9 intellectuelle \u00e0 l\u2019intention des magistrats des Etats membres de l\u2019OAPI et d\u2019autres Etats francophones d\u2019Afrique Sub-saharienne, le colloque international sur les actes uniformes de l\u2019OHADA et la s\u00e9curisation des investissements en Afrique, 20 ans apr\u00e8s, Chambre de Commerce et d\u2019Industrie organis\u00e9 en octobre 2013\u00e0 Paris par le Mouvement des avocats Panafricains, atelier sur l\u2019acte uniforme r\u00e9vis\u00e9 portant organisation des suret\u00e9s, organis\u00e9 par le Secr\u00e9tariat Permanent de l\u2019OHADA, s\u00e9minaire sur le Droit OHADA, Droit CEMAC et contentieux des actes uniforme organis\u00e9 par l\u2019ERSUMA en 2015\u2026<\/p>\n\n\n\n<p>Jo\u00ebl Diawa<\/p>\n","protected":false},"excerpt":{"rendered":"<p>R\u00e9daction: +243 817 406 088 Conseiller \u00e0 la Cour de Cassation depuis juillet 2018, le&#8230;<\/p>\n","protected":false},"author":2,"featured_media":11921,"comment_status":"open","ping_status":"open","sticky":false,"template":"","format":"standard","meta":{"_jetpack_memberships_contains_paid_content":false,"footnotes":""},"categories":[6],"tags":[],"class_list":["post-11919","post","type-post","status-publish","format-standard","has-post-thumbnail","hentry","category-justice"],"yoast_head":"<!-- This site is optimized with the Yoast SEO plugin v27.5 - https:\/\/yoast.com\/product\/yoast-seo-wordpress\/ -->\n<title>RDC\u00a0: Qui est Thomas Otshudi, nouveau Directeur de Cabinet du Premier Pr\u00e9sident de la Cour de Cassation? - Infos Droits Humains<\/title>\n<meta name=\"robots\" content=\"index, follow, max-snippet:-1, max-image-preview:large, max-video-preview:-1\" \/>\n<link rel=\"canonical\" href=\"https:\/\/infos-droitshumains.net\/?p=11919\" \/>\n<meta property=\"og:locale\" content=\"fr_FR\" \/>\n<meta property=\"og:type\" content=\"article\" \/>\n<meta property=\"og:title\" content=\"RDC\u00a0: Qui est Thomas Otshudi, nouveau Directeur de Cabinet du Premier Pr\u00e9sident de la Cour de Cassation? - Infos Droits Humains\" \/>\n<meta property=\"og:description\" content=\"R\u00e9daction: +243 817 406 088 Conseiller \u00e0 la Cour de Cassation depuis juillet 2018, le...\" \/>\n<meta property=\"og:url\" content=\"https:\/\/infos-droitshumains.net\/?p=11919\" \/>\n<meta property=\"og:site_name\" content=\"Infos Droits Humains\" \/>\n<meta property=\"article:published_time\" content=\"2024-11-29T12:58:31+00:00\" \/>\n<meta property=\"article:modified_time\" content=\"2024-11-29T13:59:13+00:00\" \/>\n<meta property=\"og:image\" content=\"https:\/\/infos-droitshumains.net\/wp-content\/uploads\/2024\/11\/IMG-20241129-WA0047_1.jpg\" \/>\n\t<meta property=\"og:image:width\" content=\"312\" \/>\n\t<meta property=\"og:image:height\" content=\"525\" \/>\n\t<meta property=\"og:image:type\" content=\"image\/jpeg\" \/>\n<meta name=\"author\" content=\"Jo\u00ebl Diawa\" \/>\n<meta name=\"twitter:card\" content=\"summary_large_image\" \/>\n<meta name=\"twitter:label1\" content=\"\u00c9crit par\" \/>\n\t<meta name=\"twitter:data1\" content=\"Jo\u00ebl Diawa\" \/>\n\t<meta name=\"twitter:label2\" content=\"Dur\u00e9e de lecture estim\u00e9e\" \/>\n\t<meta name=\"twitter:data2\" content=\"4 minutes\" \/>\n<script type=\"application\/ld+json\" class=\"yoast-schema-graph\">{\"@context\":\"https:\\\/\\\/schema.org\",\"@graph\":[{\"@type\":\"Article\",\"@id\":\"https:\\\/\\\/infos-droitshumains.net\\\/?p=11919#article\",\"isPartOf\":{\"@id\":\"https:\\\/\\\/infos-droitshumains.net\\\/?p=11919\"},\"author\":{\"name\":\"Jo\u00ebl Diawa\",\"@id\":\"https:\\\/\\\/infos-droitshumains.net\\\/#\\\/schema\\\/person\\\/3dc5e921c3302172e0ed4362f96faab7\"},\"headline\":\"RDC\u00a0: Qui est Thomas Otshudi, nouveau Directeur de Cabinet du Premier Pr\u00e9sident de la Cour de Cassation?\",\"datePublished\":\"2024-11-29T12:58:31+00:00\",\"dateModified\":\"2024-11-29T13:59:13+00:00\",\"mainEntityOfPage\":{\"@id\":\"https:\\\/\\\/infos-droitshumains.net\\\/?p=11919\"},\"wordCount\":619,\"commentCount\":0,\"publisher\":{\"@id\":\"https:\\\/\\\/infos-droitshumains.net\\\/#organization\"},\"image\":{\"@id\":\"https:\\\/\\\/infos-droitshumains.net\\\/?p=11919#primaryimage\"},\"thumbnailUrl\":\"https:\\\/\\\/i0.wp.com\\\/infos-droitshumains.net\\\/wp-content\\\/uploads\\\/2024\\\/11\\\/IMG-20241129-WA0047_1.jpg?fit=312%2C525&ssl=1\",\"articleSection\":[\"Justice\"],\"inLanguage\":\"fr-FR\",\"potentialAction\":[{\"@type\":\"CommentAction\",\"name\":\"Comment\",\"target\":[\"https:\\\/\\\/infos-droitshumains.net\\\/?p=11919#respond\"]}]},{\"@type\":\"WebPage\",\"@id\":\"https:\\\/\\\/infos-droitshumains.net\\\/?p=11919\",\"url\":\"https:\\\/\\\/infos-droitshumains.net\\\/?p=11919\",\"name\":\"RDC\u00a0: Qui est Thomas Otshudi, nouveau Directeur de Cabinet du Premier Pr\u00e9sident de la Cour de Cassation? - Infos Droits Humains\",\"isPartOf\":{\"@id\":\"https:\\\/\\\/infos-droitshumains.net\\\/#website\"},\"primaryImageOfPage\":{\"@id\":\"https:\\\/\\\/infos-droitshumains.net\\\/?p=11919#primaryimage\"},\"image\":{\"@id\":\"https:\\\/\\\/infos-droitshumains.net\\\/?p=11919#primaryimage\"},\"thumbnailUrl\":\"https:\\\/\\\/i0.wp.com\\\/infos-droitshumains.net\\\/wp-content\\\/uploads\\\/2024\\\/11\\\/IMG-20241129-WA0047_1.jpg?fit=312%2C525&ssl=1\",\"datePublished\":\"2024-11-29T12:58:31+00:00\",\"dateModified\":\"2024-11-29T13:59:13+00:00\",\"breadcrumb\":{\"@id\":\"https:\\\/\\\/infos-droitshumains.net\\\/?p=11919#breadcrumb\"},\"inLanguage\":\"fr-FR\",\"potentialAction\":[{\"@type\":\"ReadAction\",\"target\":[\"https:\\\/\\\/infos-droitshumains.net\\\/?p=11919\"]}]},{\"@type\":\"ImageObject\",\"inLanguage\":\"fr-FR\",\"@id\":\"https:\\\/\\\/infos-droitshumains.net\\\/?p=11919#primaryimage\",\"url\":\"https:\\\/\\\/i0.wp.com\\\/infos-droitshumains.net\\\/wp-content\\\/uploads\\\/2024\\\/11\\\/IMG-20241129-WA0047_1.jpg?fit=312%2C525&ssl=1\",\"contentUrl\":\"https:\\\/\\\/i0.wp.com\\\/infos-droitshumains.net\\\/wp-content\\\/uploads\\\/2024\\\/11\\\/IMG-20241129-WA0047_1.jpg?fit=312%2C525&ssl=1\",\"width\":312,\"height\":525},{\"@type\":\"BreadcrumbList\",\"@id\":\"https:\\\/\\\/infos-droitshumains.net\\\/?p=11919#breadcrumb\",\"itemListElement\":[{\"@type\":\"ListItem\",\"position\":1,\"name\":\"Accueil\",\"item\":\"https:\\\/\\\/infos-droitshumains.net\\\/\"},{\"@type\":\"ListItem\",\"position\":2,\"name\":\"RDC\u00a0: Qui est Thomas Otshudi, nouveau Directeur de Cabinet du Premier Pr\u00e9sident de la Cour de Cassation?\"}]},{\"@type\":\"WebSite\",\"@id\":\"https:\\\/\\\/infos-droitshumains.net\\\/#website\",\"url\":\"https:\\\/\\\/infos-droitshumains.net\\\/\",\"name\":\"Infos Droits Humains\",\"description\":\"S&#039;informer est un droit\",\"publisher\":{\"@id\":\"https:\\\/\\\/infos-droitshumains.net\\\/#organization\"},\"potentialAction\":[{\"@type\":\"SearchAction\",\"target\":{\"@type\":\"EntryPoint\",\"urlTemplate\":\"https:\\\/\\\/infos-droitshumains.net\\\/?s={search_term_string}\"},\"query-input\":{\"@type\":\"PropertyValueSpecification\",\"valueRequired\":true,\"valueName\":\"search_term_string\"}}],\"inLanguage\":\"fr-FR\"},{\"@type\":\"Organization\",\"@id\":\"https:\\\/\\\/infos-droitshumains.net\\\/#organization\",\"name\":\"Infos Droits Humains\",\"url\":\"https:\\\/\\\/infos-droitshumains.net\\\/\",\"logo\":{\"@type\":\"ImageObject\",\"inLanguage\":\"fr-FR\",\"@id\":\"https:\\\/\\\/infos-droitshumains.net\\\/#\\\/schema\\\/logo\\\/image\\\/\",\"url\":\"https:\\\/\\\/i0.wp.com\\\/infos-droitshumains.net\\\/wp-content\\\/uploads\\\/2022\\\/05\\\/Logo.png?fit=333%2C129&ssl=1\",\"contentUrl\":\"https:\\\/\\\/i0.wp.com\\\/infos-droitshumains.net\\\/wp-content\\\/uploads\\\/2022\\\/05\\\/Logo.png?fit=333%2C129&ssl=1\",\"width\":333,\"height\":129,\"caption\":\"Infos Droits Humains\"},\"image\":{\"@id\":\"https:\\\/\\\/infos-droitshumains.net\\\/#\\\/schema\\\/logo\\\/image\\\/\"}},{\"@type\":\"Person\",\"@id\":\"https:\\\/\\\/infos-droitshumains.net\\\/#\\\/schema\\\/person\\\/3dc5e921c3302172e0ed4362f96faab7\",\"name\":\"Jo\u00ebl Diawa\",\"image\":{\"@type\":\"ImageObject\",\"inLanguage\":\"fr-FR\",\"@id\":\"https:\\\/\\\/secure.gravatar.com\\\/avatar\\\/729bea6ff4604c624417803c477363be8e3c7186deaa65713313f9b4b820f41c?s=96&d=mm&r=g\",\"url\":\"https:\\\/\\\/secure.gravatar.com\\\/avatar\\\/729bea6ff4604c624417803c477363be8e3c7186deaa65713313f9b4b820f41c?s=96&d=mm&r=g\",\"contentUrl\":\"https:\\\/\\\/secure.gravatar.com\\\/avatar\\\/729bea6ff4604c624417803c477363be8e3c7186deaa65713313f9b4b820f41c?s=96&d=mm&r=g\",\"caption\":\"Jo\u00ebl Diawa\"},\"sameAs\":[\"https:\\\/\\\/www.infos-droitshumains.net\"],\"url\":\"https:\\\/\\\/infos-droitshumains.net\\\/?author=2\"}]}<\/script>\n<!-- \/ Yoast SEO plugin. -->","yoast_head_json":{"title":"RDC\u00a0: Qui est Thomas Otshudi, nouveau Directeur de Cabinet du Premier Pr\u00e9sident de la Cour de Cassation? - Infos Droits Humains","robots":{"index":"index","follow":"follow","max-snippet":"max-snippet:-1","max-image-preview":"max-image-preview:large","max-video-preview":"max-video-preview:-1"},"canonical":"https:\/\/infos-droitshumains.net\/?p=11919","og_locale":"fr_FR","og_type":"article","og_title":"RDC\u00a0: Qui est Thomas Otshudi, nouveau Directeur de Cabinet du Premier Pr\u00e9sident de la Cour de Cassation? - Infos Droits Humains","og_description":"R\u00e9daction: +243 817 406 088 Conseiller \u00e0 la Cour de Cassation depuis juillet 2018, le...","og_url":"https:\/\/infos-droitshumains.net\/?p=11919","og_site_name":"Infos Droits Humains","article_published_time":"2024-11-29T12:58:31+00:00","article_modified_time":"2024-11-29T13:59:13+00:00","og_image":[{"width":312,"height":525,"url":"https:\/\/infos-droitshumains.net\/wp-content\/uploads\/2024\/11\/IMG-20241129-WA0047_1.jpg","type":"image\/jpeg"}],"author":"Jo\u00ebl Diawa","twitter_card":"summary_large_image","twitter_misc":{"\u00c9crit par":"Jo\u00ebl Diawa","Dur\u00e9e de lecture estim\u00e9e":"4 minutes"},"schema":{"@context":"https:\/\/schema.org","@graph":[{"@type":"Article","@id":"https:\/\/infos-droitshumains.net\/?p=11919#article","isPartOf":{"@id":"https:\/\/infos-droitshumains.net\/?p=11919"},"author":{"name":"Jo\u00ebl Diawa","@id":"https:\/\/infos-droitshumains.net\/#\/schema\/person\/3dc5e921c3302172e0ed4362f96faab7"},"headline":"RDC\u00a0: Qui est Thomas Otshudi, nouveau Directeur de Cabinet du Premier Pr\u00e9sident de la Cour de Cassation?","datePublished":"2024-11-29T12:58:31+00:00","dateModified":"2024-11-29T13:59:13+00:00","mainEntityOfPage":{"@id":"https:\/\/infos-droitshumains.net\/?p=11919"},"wordCount":619,"commentCount":0,"publisher":{"@id":"https:\/\/infos-droitshumains.net\/#organization"},"image":{"@id":"https:\/\/infos-droitshumains.net\/?p=11919#primaryimage"},"thumbnailUrl":"https:\/\/i0.wp.com\/infos-droitshumains.net\/wp-content\/uploads\/2024\/11\/IMG-20241129-WA0047_1.jpg?fit=312%2C525&ssl=1","articleSection":["Justice"],"inLanguage":"fr-FR","potentialAction":[{"@type":"CommentAction","name":"Comment","target":["https:\/\/infos-droitshumains.net\/?p=11919#respond"]}]},{"@type":"WebPage","@id":"https:\/\/infos-droitshumains.net\/?p=11919","url":"https:\/\/infos-droitshumains.net\/?p=11919","name":"RDC\u00a0: Qui est Thomas Otshudi, nouveau Directeur de Cabinet du Premier Pr\u00e9sident de la Cour de Cassation? - Infos Droits Humains","isPartOf":{"@id":"https:\/\/infos-droitshumains.net\/#website"},"primaryImageOfPage":{"@id":"https:\/\/infos-droitshumains.net\/?p=11919#primaryimage"},"image":{"@id":"https:\/\/infos-droitshumains.net\/?p=11919#primaryimage"},"thumbnailUrl":"https:\/\/i0.wp.com\/infos-droitshumains.net\/wp-content\/uploads\/2024\/11\/IMG-20241129-WA0047_1.jpg?fit=312%2C525&ssl=1","datePublished":"2024-11-29T12:58:31+00:00","dateModified":"2024-11-29T13:59:13+00:00","breadcrumb":{"@id":"https:\/\/infos-droitshumains.net\/?p=11919#breadcrumb"},"inLanguage":"fr-FR","potentialAction":[{"@type":"ReadAction","target":["https:\/\/infos-droitshumains.net\/?p=11919"]}]},{"@type":"ImageObject","inLanguage":"fr-FR","@id":"https:\/\/infos-droitshumains.net\/?p=11919#primaryimage","url":"https:\/\/i0.wp.com\/infos-droitshumains.net\/wp-content\/uploads\/2024\/11\/IMG-20241129-WA0047_1.jpg?fit=312%2C525&ssl=1","contentUrl":"https:\/\/i0.wp.com\/infos-droitshumains.net\/wp-content\/uploads\/2024\/11\/IMG-20241129-WA0047_1.jpg?fit=312%2C525&ssl=1","width":312,"height":525},{"@type":"BreadcrumbList","@id":"https:\/\/infos-droitshumains.net\/?p=11919#breadcrumb","itemListElement":[{"@type":"ListItem","position":1,"name":"Accueil","item":"https:\/\/infos-droitshumains.net\/"},{"@type":"ListItem","position":2,"name":"RDC\u00a0: Qui est Thomas Otshudi, nouveau Directeur de Cabinet du Premier Pr\u00e9sident de la Cour de Cassation?"}]},{"@type":"WebSite","@id":"https:\/\/infos-droitshumains.net\/#website","url":"https:\/\/infos-droitshumains.net\/","name":"Infos Droits Humains","description":"S&#039;informer est un droit","publisher":{"@id":"https:\/\/infos-droitshumains.net\/#organization"},"potentialAction":[{"@type":"SearchAction","target":{"@type":"EntryPoint","urlTemplate":"https:\/\/infos-droitshumains.net\/?s={search_term_string}"},"query-input":{"@type":"PropertyValueSpecification","valueRequired":true,"valueName":"search_term_string"}}],"inLanguage":"fr-FR"},{"@type":"Organization","@id":"https:\/\/infos-droitshumains.net\/#organization","name":"Infos Droits Humains","url":"https:\/\/infos-droitshumains.net\/","logo":{"@type":"ImageObject","inLanguage":"fr-FR","@id":"https:\/\/infos-droitshumains.net\/#\/schema\/logo\/image\/","url":"https:\/\/i0.wp.com\/infos-droitshumains.net\/wp-content\/uploads\/2022\/05\/Logo.png?fit=333%2C129&ssl=1","contentUrl":"https:\/\/i0.wp.com\/infos-droitshumains.net\/wp-content\/uploads\/2022\/05\/Logo.png?fit=333%2C129&ssl=1","width":333,"height":129,"caption":"Infos Droits Humains"},"image":{"@id":"https:\/\/infos-droitshumains.net\/#\/schema\/logo\/image\/"}},{"@type":"Person","@id":"https:\/\/infos-droitshumains.net\/#\/schema\/person\/3dc5e921c3302172e0ed4362f96faab7","name":"Jo\u00ebl Diawa","image":{"@type":"ImageObject","inLanguage":"fr-FR","@id":"https:\/\/secure.gravatar.com\/avatar\/729bea6ff4604c624417803c477363be8e3c7186deaa65713313f9b4b820f41c?s=96&d=mm&r=g","url":"https:\/\/secure.gravatar.com\/avatar\/729bea6ff4604c624417803c477363be8e3c7186deaa65713313f9b4b820f41c?s=96&d=mm&r=g","contentUrl":"https:\/\/secure.gravatar.com\/avatar\/729bea6ff4604c624417803c477363be8e3c7186deaa65713313f9b4b820f41c?s=96&d=mm&r=g","caption":"Jo\u00ebl Diawa"},"sameAs":["https:\/\/www.infos-droitshumains.net"],"url":"https:\/\/infos-droitshumains.net\/?author=2"}]}},"featured_image_urls":{"full":["https:\/\/i0.wp.com\/infos-droitshumains.net\/wp-content\/uploads\/2024\/11\/IMG-20241129-WA0047_1.jpg?fit=312%2C525&ssl=1",312,525,false],"thumbnail":["https:\/\/i0.wp.com\/infos-droitshumains.net\/wp-content\/uploads\/2024\/11\/IMG-20241129-WA0047_1.jpg?resize=150%2C150&ssl=1",150,150,true],"medium":["https:\/\/i0.wp.com\/infos-droitshumains.net\/wp-content\/uploads\/2024\/11\/IMG-20241129-WA0047_1.jpg?fit=178%2C300&ssl=1",178,300,true],"medium_large":["https:\/\/i0.wp.com\/infos-droitshumains.net\/wp-content\/uploads\/2024\/11\/IMG-20241129-WA0047_1.jpg?fit=312%2C525&ssl=1",312,525,true],"large":["https:\/\/i0.wp.com\/infos-droitshumains.net\/wp-content\/uploads\/2024\/11\/IMG-20241129-WA0047_1.jpg?fit=312%2C525&ssl=1",312,525,true],"1536x1536":["https:\/\/i0.wp.com\/infos-droitshumains.net\/wp-content\/uploads\/2024\/11\/IMG-20241129-WA0047_1.jpg?fit=312%2C525&ssl=1",312,525,true],"2048x2048":["https:\/\/i0.wp.com\/infos-droitshumains.net\/wp-content\/uploads\/2024\/11\/IMG-20241129-WA0047_1.jpg?fit=312%2C525&ssl=1",312,525,true],"covernews-slider-full":["https:\/\/i0.wp.com\/infos-droitshumains.net\/wp-content\/uploads\/2024\/11\/IMG-20241129-WA0047_1.jpg?resize=312%2C525&ssl=1",312,525,true],"covernews-slider-center":["https:\/\/i0.wp.com\/infos-droitshumains.net\/wp-content\/uploads\/2024\/11\/IMG-20241129-WA0047_1.jpg?resize=312%2C500&ssl=1",312,500,true],"covernews-featured":["https:\/\/i0.wp.com\/infos-droitshumains.net\/wp-content\/uploads\/2024\/11\/IMG-20241129-WA0047_1.jpg?fit=312%2C525&ssl=1",312,525,true],"covernews-medium":["https:\/\/i0.wp.com\/infos-droitshumains.net\/wp-content\/uploads\/2024\/11\/IMG-20241129-WA0047_1.jpg?resize=312%2C340&ssl=1",312,340,true],"covernews-medium-square":["https:\/\/i0.wp.com\/infos-droitshumains.net\/wp-content\/uploads\/2024\/11\/IMG-20241129-WA0047_1.jpg?resize=312%2C250&ssl=1",312,250,true]},"author_info":{"display_name":"Jo\u00ebl Diawa","author_link":"https:\/\/infos-droitshumains.net\/?author=2"},"category_info":"<a href=\"https:\/\/infos-droitshumains.net\/?cat=6\" rel=\"category\">Justice<\/a>","tag_info":"Justice","comment_count":"0","jetpack_featured_media_url":"https:\/\/i0.wp.com\/infos-droitshumains.net\/wp-content\/uploads\/2024\/11\/IMG-20241129-WA0047_1.jpg?fit=312%2C525&ssl=1","jetpack-related-posts":[],"jetpack_sharing_enabled":true,"_links":{"self":[{"href":"https:\/\/infos-droitshumains.net\/index.php?rest_route=\/wp\/v2\/posts\/11919","targetHints":{"allow":["GET"]}}],"collection":[{"href":"https:\/\/infos-droitshumains.net\/index.php?rest_route=\/wp\/v2\/posts"}],"about":[{"href":"https:\/\/infos-droitshumains.net\/index.php?rest_route=\/wp\/v2\/types\/post"}],"author":[{"embeddable":true,"href":"https:\/\/infos-droitshumains.net\/index.php?rest_route=\/wp\/v2\/users\/2"}],"replies":[{"embeddable":true,"href":"https:\/\/infos-droitshumains.net\/index.php?rest_route=%2Fwp%2Fv2%2Fcomments&post=11919"}],"version-history":[{"count":18,"href":"https:\/\/infos-droitshumains.net\/index.php?rest_route=\/wp\/v2\/posts\/11919\/revisions"}],"predecessor-version":[{"id":11946,"href":"https:\/\/infos-droitshumains.net\/index.php?rest_route=\/wp\/v2\/posts\/11919\/revisions\/11946"}],"wp:featuredmedia":[{"embeddable":true,"href":"https:\/\/infos-droitshumains.net\/index.php?rest_route=\/wp\/v2\/media\/11921"}],"wp:attachment":[{"href":"https:\/\/infos-droitshumains.net\/index.php?rest_route=%2Fwp%2Fv2%2Fmedia&parent=11919"}],"wp:term":[{"taxonomy":"category","embeddable":true,"href":"https:\/\/infos-droitshumains.net\/index.php?rest_route=%2Fwp%2Fv2%2Fcategories&post=11919"},{"taxonomy":"post_tag","embeddable":true,"href":"https:\/\/infos-droitshumains.net\/index.php?rest_route=%2Fwp%2Fv2%2Ftags&post=11919"}],"curies":[{"name":"wp","href":"https:\/\/api.w.org\/{rel}","templated":true}]}}