{"id":11905,"date":"2024-11-28T18:39:24","date_gmt":"2024-11-28T17:39:24","guid":{"rendered":"https:\/\/infos-droitshumains.net\/?p=11905"},"modified":"2024-11-28T22:01:26","modified_gmt":"2024-11-28T21:01:26","slug":"rdc-egypte-kamerhe-et-guebali-signent-un-accord-de-soutien-parlementaire-en-matiere-de-cooperation-internationale-et-developpement","status":"publish","type":"post","link":"https:\/\/infos-droitshumains.net\/?p=11905","title":{"rendered":"RDC-Egypte\u00a0: Kamerhe et Guebali s&rsquo;accordent sur un soutien parlementaire mituel en mati\u00e8re de coop\u00e9ration internationale et d\u00e9veloppement"},"content":{"rendered":"\n<p><strong>R\u00e9daction: +243 817 406 088<\/strong><\/p>\n\n\n\n<h3 class=\"wp-block-heading has-vivid-red-color has-text-color has-link-color wp-elements-a93d89045dd5b4216727bd72ec7c0760\">En s\u00e9jour officiel au Caire, le Pr\u00e9sident de l&rsquo;Assembl\u00e9e Nationale de la R\u00e9publique D\u00e9mocratique du Congo a \u00e9t\u00e9 re\u00e7u le mercredi 27 novembre par son homologue \u00e9gyptien. L\u2019entretien entre les deux parties a accouch\u00e9 des r\u00e9sultats tr\u00e8s positifs pour les deux parties.<\/h3>\n\n\n\n<figure class=\"wp-block-image alignfull size-full\"><img data-recalc-dims=\"1\" fetchpriority=\"high\" decoding=\"async\" width=\"640\" height=\"428\" src=\"https:\/\/i0.wp.com\/infos-droitshumains.net\/wp-content\/uploads\/2024\/11\/IMG-20241128-WA0057.jpg?resize=640%2C428&#038;ssl=1\" alt=\"\" class=\"wp-image-11907\" srcset=\"https:\/\/i0.wp.com\/infos-droitshumains.net\/wp-content\/uploads\/2024\/11\/IMG-20241128-WA0057.jpg?w=1000&amp;ssl=1 1000w, https:\/\/i0.wp.com\/infos-droitshumains.net\/wp-content\/uploads\/2024\/11\/IMG-20241128-WA0057.jpg?resize=300%2C200&amp;ssl=1 300w, https:\/\/i0.wp.com\/infos-droitshumains.net\/wp-content\/uploads\/2024\/11\/IMG-20241128-WA0057.jpg?resize=768%2C513&amp;ssl=1 768w\" sizes=\"(max-width: 640px) 100vw, 640px\" \/><\/figure>\n\n\n\n<p>Il y a par exemple, le soutien sans faille \u00e0 la souverainet\u00e9 et \u00e0 l&rsquo;int\u00e9grit\u00e9 du territoire Congolais r\u00e9affirm\u00e9 par l&rsquo;\u00c9gypte, la consolidation de la collaboration et du soutien apport\u00e9 par l&rsquo;\u00c9gypte pour le renforcement de la s\u00e9curit\u00e9 et de la stabilit\u00e9 de la R\u00e9publique D\u00e9mocratique du Congo, le renforcement effectif de la diplomatie parlementaire entre les deux pays notamment, \u00e0 travers l&rsquo;\u00e9change d&rsquo;exp\u00e9riences et l&rsquo;accord des points de vue dans les instances interparlementaires, le soutien que va d\u00e9sormais apport\u00e9 l&rsquo;\u00c9gypte \u00e0 la RDC en mati\u00e8re de lutte contre le terrorisme notamment dans sa partie Est, l&rsquo;engagement de la Chambre des Repr\u00e9sentants \u00e9gyptienne \u00e0 soutenir la convocation en 2025 de la commission conjointe entre la RDC et l&rsquo;\u00c9gypte au Caire et l&rsquo;accroissement de la relation bilat\u00e9rale entre les deux pays tourn\u00e9e vers des nouveaux horizons pour l&rsquo;int\u00e9r\u00eat du peuple Congolais et \u00c9gyptien.<\/p>\n\n\n\n<figure class=\"wp-block-image alignfull size-full\"><img data-recalc-dims=\"1\" decoding=\"async\" width=\"640\" height=\"958\" src=\"https:\/\/i0.wp.com\/infos-droitshumains.net\/wp-content\/uploads\/2024\/11\/IMG-20241128-WA0063.jpg?resize=640%2C958&#038;ssl=1\" alt=\"\" class=\"wp-image-11908\" srcset=\"https:\/\/i0.wp.com\/infos-droitshumains.net\/wp-content\/uploads\/2024\/11\/IMG-20241128-WA0063.jpg?w=668&amp;ssl=1 668w, https:\/\/i0.wp.com\/infos-droitshumains.net\/wp-content\/uploads\/2024\/11\/IMG-20241128-WA0063.jpg?resize=200%2C300&amp;ssl=1 200w\" sizes=\"(max-width: 640px) 100vw, 640px\" \/><\/figure>\n\n\n\n<p>Par ailleurs, l&rsquo;\u00c9gypte a marqu\u00e9 sa reconnaissance pour le soutien lui accord\u00e9 par la R\u00e9publique D\u00e9mocratique du Congo pour la signature de l&rsquo;accord-cadre sur la coop\u00e9ration dans le bassin du fleuve Nil et sur la candidature \u00e9gyptienne au poste de Directeur de l&rsquo;UNESCO. En retour, Caire a r\u00e9affirm\u00e9 sa volont\u00e9 de continuer \u00e0 aider Kinshasa \u00e0 r\u00e9aliser le maximum de d\u00e9veloppement \u00e0 travers l&rsquo;Agence \u00c9gyptienne de Coop\u00e9ration car la RDC est au premier plan des b\u00e9n\u00e9ficiaires de l&rsquo;appui \u00e9gyptien dans diff\u00e9rents domaines.<\/p>\n\n\n\n<figure class=\"wp-block-image alignfull size-full\"><img data-recalc-dims=\"1\" decoding=\"async\" width=\"640\" height=\"458\" src=\"https:\/\/i0.wp.com\/infos-droitshumains.net\/wp-content\/uploads\/2024\/11\/IMG-20241128-WA0036.jpg?resize=640%2C458&#038;ssl=1\" alt=\"\" class=\"wp-image-11911\" srcset=\"https:\/\/i0.wp.com\/infos-droitshumains.net\/wp-content\/uploads\/2024\/11\/IMG-20241128-WA0036.jpg?w=1000&amp;ssl=1 1000w, https:\/\/i0.wp.com\/infos-droitshumains.net\/wp-content\/uploads\/2024\/11\/IMG-20241128-WA0036.jpg?resize=300%2C215&amp;ssl=1 300w, https:\/\/i0.wp.com\/infos-droitshumains.net\/wp-content\/uploads\/2024\/11\/IMG-20241128-WA0036.jpg?resize=768%2C550&amp;ssl=1 768w\" sizes=\"(max-width: 640px) 100vw, 640px\" \/><\/figure>\n\n\n\n<p>Le Professeur Vital KAMERHE a pour sa part, donn\u00e9 l&rsquo;engagement de son pays \u00e0 appuyer \u00e0 la candidature de l&rsquo;\u00c9gypte au poste&nbsp; de Vice-Pr\u00e9sident de la Commission de l&rsquo;Union Africaine lors du sommet d&rsquo;Addis-Abeba qui se tiendra en 2025 et l&rsquo;adh\u00e9sion de l&rsquo;\u00c9gypte au Conseil des droits de l&rsquo;homme des Nations Unies pour la p\u00e9riode 2026-2028.<\/p>\n\n\n\n<figure class=\"wp-block-image alignfull size-full\"><img data-recalc-dims=\"1\" loading=\"lazy\" decoding=\"async\" width=\"640\" height=\"428\" src=\"https:\/\/i0.wp.com\/infos-droitshumains.net\/wp-content\/uploads\/2024\/11\/IMG-20241128-WA0038.jpg?resize=640%2C428&#038;ssl=1\" alt=\"\" class=\"wp-image-11909\" srcset=\"https:\/\/i0.wp.com\/infos-droitshumains.net\/wp-content\/uploads\/2024\/11\/IMG-20241128-WA0038.jpg?w=1000&amp;ssl=1 1000w, https:\/\/i0.wp.com\/infos-droitshumains.net\/wp-content\/uploads\/2024\/11\/IMG-20241128-WA0038.jpg?resize=300%2C200&amp;ssl=1 300w, https:\/\/i0.wp.com\/infos-droitshumains.net\/wp-content\/uploads\/2024\/11\/IMG-20241128-WA0038.jpg?resize=768%2C513&amp;ssl=1 768w\" sizes=\"(max-width: 640px) 100vw, 640px\" \/><\/figure>\n\n\n\n<p>Le Speaker de la Chambre basse du parlement congolais a aussi salu\u00e9 le rapprochement entre le Pr\u00e9sident Congolais F\u00e9lix-Antoine Tshisekedi Tshilombo et le Pr\u00e9sident \u00c9gyptien Abdel Fatah Al Sisi qui ont, en tant que grands panafricanistes, compris qu&rsquo;en travaillant ensemble, les pays africains peuvent changer le continent. Il a cet effet rappel\u00e9 la vision du Chef d&rsquo;\u00c9tat congolais qui aspire \u00e0 mettre les potentialit\u00e9s que regorge son pays au service du d\u00e9veloppement de l&rsquo;Afrique \u00e0 travers une mutualisation des forces entre pays africains et la promotion de la paix sur le continent.<\/p>\n\n\n\n<figure class=\"wp-block-image alignfull size-full\"><img data-recalc-dims=\"1\" loading=\"lazy\" decoding=\"async\" width=\"640\" height=\"428\" src=\"https:\/\/i0.wp.com\/infos-droitshumains.net\/wp-content\/uploads\/2024\/11\/IMG-20241128-WA0037.jpg?resize=640%2C428&#038;ssl=1\" alt=\"\" class=\"wp-image-11910\" srcset=\"https:\/\/i0.wp.com\/infos-droitshumains.net\/wp-content\/uploads\/2024\/11\/IMG-20241128-WA0037.jpg?w=1000&amp;ssl=1 1000w, https:\/\/i0.wp.com\/infos-droitshumains.net\/wp-content\/uploads\/2024\/11\/IMG-20241128-WA0037.jpg?resize=300%2C200&amp;ssl=1 300w, https:\/\/i0.wp.com\/infos-droitshumains.net\/wp-content\/uploads\/2024\/11\/IMG-20241128-WA0037.jpg?resize=768%2C513&amp;ssl=1 768w\" sizes=\"(max-width: 640px) 100vw, 640px\" \/><\/figure>\n\n\n\n<p>Il a cependant, appel\u00e9&nbsp; l&rsquo;\u00c9gypte \u00e0 s&rsquo;unir avec la RDC pour pr\u00e9venir la crise internationale qui guette les deux prochaines d\u00e9cennies et qui risque d&rsquo;opposer des pays dans la recherche de l&rsquo;acc\u00e8s \u00e0 l&rsquo;eau douce.<\/p>\n\n\n\n<p>Vital Kamerhe a pour finir, invit\u00e9 son homologue Hanafi Guebali \u00e0 se rendre \u00e0 Kinshasa au cours de la session de Mars 2025 pour poursuivre la collaboration \u00e9tablie entre les deux parlements.<\/p>\n\n\n\n<p>Jo\u00ebl Diawa<\/p>\n","protected":false},"excerpt":{"rendered":"<p>R\u00e9daction: +243 817 406 088 En s\u00e9jour officiel au Caire, le Pr\u00e9sident de l&rsquo;Assembl\u00e9e Nationale&#8230;<\/p>\n","protected":false},"author":2,"featured_media":11906,"comment_status":"open","ping_status":"open","sticky":false,"template":"","format":"standard","meta":{"_jetpack_memberships_contains_paid_content":false,"footnotes":""},"categories":[3],"tags":[],"class_list":["post-11905","post","type-post","status-publish","format-standard","has-post-thumbnail","hentry","category-politique"],"yoast_head":"<!-- This site is optimized with the Yoast SEO plugin v27.5 - https:\/\/yoast.com\/product\/yoast-seo-wordpress\/ -->\n<title>RDC-Egypte\u00a0: Kamerhe et Guebali s&#039;accordent sur un soutien parlementaire mituel en mati\u00e8re de coop\u00e9ration internationale et d\u00e9veloppement - Infos Droits Humains<\/title>\n<meta name=\"robots\" content=\"index, follow, max-snippet:-1, max-image-preview:large, max-video-preview:-1\" \/>\n<link rel=\"canonical\" href=\"https:\/\/infos-droitshumains.net\/?p=11905\" \/>\n<meta property=\"og:locale\" content=\"fr_FR\" \/>\n<meta property=\"og:type\" content=\"article\" \/>\n<meta property=\"og:title\" content=\"RDC-Egypte\u00a0: Kamerhe et Guebali s&#039;accordent sur un soutien parlementaire mituel en mati\u00e8re de coop\u00e9ration internationale et d\u00e9veloppement - Infos Droits Humains\" \/>\n<meta property=\"og:description\" content=\"R\u00e9daction: +243 817 406 088 En s\u00e9jour officiel au Caire, le Pr\u00e9sident de l&rsquo;Assembl\u00e9e Nationale...\" \/>\n<meta property=\"og:url\" content=\"https:\/\/infos-droitshumains.net\/?p=11905\" \/>\n<meta property=\"og:site_name\" content=\"Infos Droits Humains\" \/>\n<meta property=\"article:published_time\" content=\"2024-11-28T17:39:24+00:00\" \/>\n<meta property=\"article:modified_time\" content=\"2024-11-28T21:01:26+00:00\" \/>\n<meta property=\"og:image\" content=\"https:\/\/infos-droitshumains.net\/wp-content\/uploads\/2024\/11\/IMG-20241128-WA0052.jpg\" \/>\n\t<meta property=\"og:image:width\" content=\"1000\" \/>\n\t<meta property=\"og:image:height\" content=\"667\" \/>\n\t<meta property=\"og:image:type\" content=\"image\/jpeg\" \/>\n<meta name=\"author\" content=\"Jo\u00ebl Diawa\" \/>\n<meta name=\"twitter:card\" content=\"summary_large_image\" \/>\n<meta name=\"twitter:label1\" content=\"\u00c9crit par\" \/>\n\t<meta name=\"twitter:data1\" content=\"Jo\u00ebl Diawa\" \/>\n\t<meta name=\"twitter:label2\" content=\"Dur\u00e9e de lecture estim\u00e9e\" \/>\n\t<meta name=\"twitter:data2\" content=\"4 minutes\" \/>\n<script type=\"application\/ld+json\" class=\"yoast-schema-graph\">{\"@context\":\"https:\\\/\\\/schema.org\",\"@graph\":[{\"@type\":\"Article\",\"@id\":\"https:\\\/\\\/infos-droitshumains.net\\\/?p=11905#article\",\"isPartOf\":{\"@id\":\"https:\\\/\\\/infos-droitshumains.net\\\/?p=11905\"},\"author\":{\"name\":\"Jo\u00ebl Diawa\",\"@id\":\"https:\\\/\\\/infos-droitshumains.net\\\/#\\\/schema\\\/person\\\/3dc5e921c3302172e0ed4362f96faab7\"},\"headline\":\"RDC-Egypte\u00a0: Kamerhe et Guebali s&rsquo;accordent sur un soutien parlementaire mituel en mati\u00e8re de coop\u00e9ration internationale et d\u00e9veloppement\",\"datePublished\":\"2024-11-28T17:39:24+00:00\",\"dateModified\":\"2024-11-28T21:01:26+00:00\",\"mainEntityOfPage\":{\"@id\":\"https:\\\/\\\/infos-droitshumains.net\\\/?p=11905\"},\"wordCount\":541,\"commentCount\":0,\"publisher\":{\"@id\":\"https:\\\/\\\/infos-droitshumains.net\\\/#organization\"},\"image\":{\"@id\":\"https:\\\/\\\/infos-droitshumains.net\\\/?p=11905#primaryimage\"},\"thumbnailUrl\":\"https:\\\/\\\/i0.wp.com\\\/infos-droitshumains.net\\\/wp-content\\\/uploads\\\/2024\\\/11\\\/IMG-20241128-WA0052.jpg?fit=1000%2C667&ssl=1\",\"articleSection\":[\"Politique\"],\"inLanguage\":\"fr-FR\",\"potentialAction\":[{\"@type\":\"CommentAction\",\"name\":\"Comment\",\"target\":[\"https:\\\/\\\/infos-droitshumains.net\\\/?p=11905#respond\"]}]},{\"@type\":\"WebPage\",\"@id\":\"https:\\\/\\\/infos-droitshumains.net\\\/?p=11905\",\"url\":\"https:\\\/\\\/infos-droitshumains.net\\\/?p=11905\",\"name\":\"RDC-Egypte\u00a0: Kamerhe et Guebali s'accordent sur un soutien parlementaire mituel en mati\u00e8re de coop\u00e9ration internationale et d\u00e9veloppement - Infos Droits Humains\",\"isPartOf\":{\"@id\":\"https:\\\/\\\/infos-droitshumains.net\\\/#website\"},\"primaryImageOfPage\":{\"@id\":\"https:\\\/\\\/infos-droitshumains.net\\\/?p=11905#primaryimage\"},\"image\":{\"@id\":\"https:\\\/\\\/infos-droitshumains.net\\\/?p=11905#primaryimage\"},\"thumbnailUrl\":\"https:\\\/\\\/i0.wp.com\\\/infos-droitshumains.net\\\/wp-content\\\/uploads\\\/2024\\\/11\\\/IMG-20241128-WA0052.jpg?fit=1000%2C667&ssl=1\",\"datePublished\":\"2024-11-28T17:39:24+00:00\",\"dateModified\":\"2024-11-28T21:01:26+00:00\",\"breadcrumb\":{\"@id\":\"https:\\\/\\\/infos-droitshumains.net\\\/?p=11905#breadcrumb\"},\"inLanguage\":\"fr-FR\",\"potentialAction\":[{\"@type\":\"ReadAction\",\"target\":[\"https:\\\/\\\/infos-droitshumains.net\\\/?p=11905\"]}]},{\"@type\":\"ImageObject\",\"inLanguage\":\"fr-FR\",\"@id\":\"https:\\\/\\\/infos-droitshumains.net\\\/?p=11905#primaryimage\",\"url\":\"https:\\\/\\\/i0.wp.com\\\/infos-droitshumains.net\\\/wp-content\\\/uploads\\\/2024\\\/11\\\/IMG-20241128-WA0052.jpg?fit=1000%2C667&ssl=1\",\"contentUrl\":\"https:\\\/\\\/i0.wp.com\\\/infos-droitshumains.net\\\/wp-content\\\/uploads\\\/2024\\\/11\\\/IMG-20241128-WA0052.jpg?fit=1000%2C667&ssl=1\",\"width\":1000,\"height\":667},{\"@type\":\"BreadcrumbList\",\"@id\":\"https:\\\/\\\/infos-droitshumains.net\\\/?p=11905#breadcrumb\",\"itemListElement\":[{\"@type\":\"ListItem\",\"position\":1,\"name\":\"Accueil\",\"item\":\"https:\\\/\\\/infos-droitshumains.net\\\/\"},{\"@type\":\"ListItem\",\"position\":2,\"name\":\"RDC-Egypte\u00a0: Kamerhe et Guebali s&rsquo;accordent sur un soutien parlementaire mituel en mati\u00e8re de coop\u00e9ration internationale et d\u00e9veloppement\"}]},{\"@type\":\"WebSite\",\"@id\":\"https:\\\/\\\/infos-droitshumains.net\\\/#website\",\"url\":\"https:\\\/\\\/infos-droitshumains.net\\\/\",\"name\":\"Infos Droits Humains\",\"description\":\"S&#039;informer est un droit\",\"publisher\":{\"@id\":\"https:\\\/\\\/infos-droitshumains.net\\\/#organization\"},\"potentialAction\":[{\"@type\":\"SearchAction\",\"target\":{\"@type\":\"EntryPoint\",\"urlTemplate\":\"https:\\\/\\\/infos-droitshumains.net\\\/?s={search_term_string}\"},\"query-input\":{\"@type\":\"PropertyValueSpecification\",\"valueRequired\":true,\"valueName\":\"search_term_string\"}}],\"inLanguage\":\"fr-FR\"},{\"@type\":\"Organization\",\"@id\":\"https:\\\/\\\/infos-droitshumains.net\\\/#organization\",\"name\":\"Infos Droits Humains\",\"url\":\"https:\\\/\\\/infos-droitshumains.net\\\/\",\"logo\":{\"@type\":\"ImageObject\",\"inLanguage\":\"fr-FR\",\"@id\":\"https:\\\/\\\/infos-droitshumains.net\\\/#\\\/schema\\\/logo\\\/image\\\/\",\"url\":\"https:\\\/\\\/i0.wp.com\\\/infos-droitshumains.net\\\/wp-content\\\/uploads\\\/2022\\\/05\\\/Logo.png?fit=333%2C129&ssl=1\",\"contentUrl\":\"https:\\\/\\\/i0.wp.com\\\/infos-droitshumains.net\\\/wp-content\\\/uploads\\\/2022\\\/05\\\/Logo.png?fit=333%2C129&ssl=1\",\"width\":333,\"height\":129,\"caption\":\"Infos Droits Humains\"},\"image\":{\"@id\":\"https:\\\/\\\/infos-droitshumains.net\\\/#\\\/schema\\\/logo\\\/image\\\/\"}},{\"@type\":\"Person\",\"@id\":\"https:\\\/\\\/infos-droitshumains.net\\\/#\\\/schema\\\/person\\\/3dc5e921c3302172e0ed4362f96faab7\",\"name\":\"Jo\u00ebl Diawa\",\"image\":{\"@type\":\"ImageObject\",\"inLanguage\":\"fr-FR\",\"@id\":\"https:\\\/\\\/secure.gravatar.com\\\/avatar\\\/729bea6ff4604c624417803c477363be8e3c7186deaa65713313f9b4b820f41c?s=96&d=mm&r=g\",\"url\":\"https:\\\/\\\/secure.gravatar.com\\\/avatar\\\/729bea6ff4604c624417803c477363be8e3c7186deaa65713313f9b4b820f41c?s=96&d=mm&r=g\",\"contentUrl\":\"https:\\\/\\\/secure.gravatar.com\\\/avatar\\\/729bea6ff4604c624417803c477363be8e3c7186deaa65713313f9b4b820f41c?s=96&d=mm&r=g\",\"caption\":\"Jo\u00ebl Diawa\"},\"sameAs\":[\"https:\\\/\\\/www.infos-droitshumains.net\"],\"url\":\"https:\\\/\\\/infos-droitshumains.net\\\/?author=2\"}]}<\/script>\n<!-- \/ Yoast SEO plugin. -->","yoast_head_json":{"title":"RDC-Egypte\u00a0: Kamerhe et Guebali s'accordent sur un soutien parlementaire mituel en mati\u00e8re de coop\u00e9ration internationale et d\u00e9veloppement - Infos Droits Humains","robots":{"index":"index","follow":"follow","max-snippet":"max-snippet:-1","max-image-preview":"max-image-preview:large","max-video-preview":"max-video-preview:-1"},"canonical":"https:\/\/infos-droitshumains.net\/?p=11905","og_locale":"fr_FR","og_type":"article","og_title":"RDC-Egypte\u00a0: Kamerhe et Guebali s'accordent sur un soutien parlementaire mituel en mati\u00e8re de coop\u00e9ration internationale et d\u00e9veloppement - Infos Droits Humains","og_description":"R\u00e9daction: +243 817 406 088 En s\u00e9jour officiel au Caire, le Pr\u00e9sident de l&rsquo;Assembl\u00e9e Nationale...","og_url":"https:\/\/infos-droitshumains.net\/?p=11905","og_site_name":"Infos Droits Humains","article_published_time":"2024-11-28T17:39:24+00:00","article_modified_time":"2024-11-28T21:01:26+00:00","og_image":[{"width":1000,"height":667,"url":"https:\/\/infos-droitshumains.net\/wp-content\/uploads\/2024\/11\/IMG-20241128-WA0052.jpg","type":"image\/jpeg"}],"author":"Jo\u00ebl Diawa","twitter_card":"summary_large_image","twitter_misc":{"\u00c9crit par":"Jo\u00ebl Diawa","Dur\u00e9e de lecture estim\u00e9e":"4 minutes"},"schema":{"@context":"https:\/\/schema.org","@graph":[{"@type":"Article","@id":"https:\/\/infos-droitshumains.net\/?p=11905#article","isPartOf":{"@id":"https:\/\/infos-droitshumains.net\/?p=11905"},"author":{"name":"Jo\u00ebl Diawa","@id":"https:\/\/infos-droitshumains.net\/#\/schema\/person\/3dc5e921c3302172e0ed4362f96faab7"},"headline":"RDC-Egypte\u00a0: Kamerhe et Guebali s&rsquo;accordent sur un soutien parlementaire mituel en mati\u00e8re de coop\u00e9ration internationale et d\u00e9veloppement","datePublished":"2024-11-28T17:39:24+00:00","dateModified":"2024-11-28T21:01:26+00:00","mainEntityOfPage":{"@id":"https:\/\/infos-droitshumains.net\/?p=11905"},"wordCount":541,"commentCount":0,"publisher":{"@id":"https:\/\/infos-droitshumains.net\/#organization"},"image":{"@id":"https:\/\/infos-droitshumains.net\/?p=11905#primaryimage"},"thumbnailUrl":"https:\/\/i0.wp.com\/infos-droitshumains.net\/wp-content\/uploads\/2024\/11\/IMG-20241128-WA0052.jpg?fit=1000%2C667&ssl=1","articleSection":["Politique"],"inLanguage":"fr-FR","potentialAction":[{"@type":"CommentAction","name":"Comment","target":["https:\/\/infos-droitshumains.net\/?p=11905#respond"]}]},{"@type":"WebPage","@id":"https:\/\/infos-droitshumains.net\/?p=11905","url":"https:\/\/infos-droitshumains.net\/?p=11905","name":"RDC-Egypte\u00a0: Kamerhe et Guebali s'accordent sur un soutien parlementaire mituel en mati\u00e8re de coop\u00e9ration internationale et d\u00e9veloppement - Infos Droits Humains","isPartOf":{"@id":"https:\/\/infos-droitshumains.net\/#website"},"primaryImageOfPage":{"@id":"https:\/\/infos-droitshumains.net\/?p=11905#primaryimage"},"image":{"@id":"https:\/\/infos-droitshumains.net\/?p=11905#primaryimage"},"thumbnailUrl":"https:\/\/i0.wp.com\/infos-droitshumains.net\/wp-content\/uploads\/2024\/11\/IMG-20241128-WA0052.jpg?fit=1000%2C667&ssl=1","datePublished":"2024-11-28T17:39:24+00:00","dateModified":"2024-11-28T21:01:26+00:00","breadcrumb":{"@id":"https:\/\/infos-droitshumains.net\/?p=11905#breadcrumb"},"inLanguage":"fr-FR","potentialAction":[{"@type":"ReadAction","target":["https:\/\/infos-droitshumains.net\/?p=11905"]}]},{"@type":"ImageObject","inLanguage":"fr-FR","@id":"https:\/\/infos-droitshumains.net\/?p=11905#primaryimage","url":"https:\/\/i0.wp.com\/infos-droitshumains.net\/wp-content\/uploads\/2024\/11\/IMG-20241128-WA0052.jpg?fit=1000%2C667&ssl=1","contentUrl":"https:\/\/i0.wp.com\/infos-droitshumains.net\/wp-content\/uploads\/2024\/11\/IMG-20241128-WA0052.jpg?fit=1000%2C667&ssl=1","width":1000,"height":667},{"@type":"BreadcrumbList","@id":"https:\/\/infos-droitshumains.net\/?p=11905#breadcrumb","itemListElement":[{"@type":"ListItem","position":1,"name":"Accueil","item":"https:\/\/infos-droitshumains.net\/"},{"@type":"ListItem","position":2,"name":"RDC-Egypte\u00a0: Kamerhe et Guebali s&rsquo;accordent sur un soutien parlementaire mituel en mati\u00e8re de coop\u00e9ration internationale et d\u00e9veloppement"}]},{"@type":"WebSite","@id":"https:\/\/infos-droitshumains.net\/#website","url":"https:\/\/infos-droitshumains.net\/","name":"Infos Droits Humains","description":"S&#039;informer est un droit","publisher":{"@id":"https:\/\/infos-droitshumains.net\/#organization"},"potentialAction":[{"@type":"SearchAction","target":{"@type":"EntryPoint","urlTemplate":"https:\/\/infos-droitshumains.net\/?s={search_term_string}"},"query-input":{"@type":"PropertyValueSpecification","valueRequired":true,"valueName":"search_term_string"}}],"inLanguage":"fr-FR"},{"@type":"Organization","@id":"https:\/\/infos-droitshumains.net\/#organization","name":"Infos Droits Humains","url":"https:\/\/infos-droitshumains.net\/","logo":{"@type":"ImageObject","inLanguage":"fr-FR","@id":"https:\/\/infos-droitshumains.net\/#\/schema\/logo\/image\/","url":"https:\/\/i0.wp.com\/infos-droitshumains.net\/wp-content\/uploads\/2022\/05\/Logo.png?fit=333%2C129&ssl=1","contentUrl":"https:\/\/i0.wp.com\/infos-droitshumains.net\/wp-content\/uploads\/2022\/05\/Logo.png?fit=333%2C129&ssl=1","width":333,"height":129,"caption":"Infos Droits Humains"},"image":{"@id":"https:\/\/infos-droitshumains.net\/#\/schema\/logo\/image\/"}},{"@type":"Person","@id":"https:\/\/infos-droitshumains.net\/#\/schema\/person\/3dc5e921c3302172e0ed4362f96faab7","name":"Jo\u00ebl Diawa","image":{"@type":"ImageObject","inLanguage":"fr-FR","@id":"https:\/\/secure.gravatar.com\/avatar\/729bea6ff4604c624417803c477363be8e3c7186deaa65713313f9b4b820f41c?s=96&d=mm&r=g","url":"https:\/\/secure.gravatar.com\/avatar\/729bea6ff4604c624417803c477363be8e3c7186deaa65713313f9b4b820f41c?s=96&d=mm&r=g","contentUrl":"https:\/\/secure.gravatar.com\/avatar\/729bea6ff4604c624417803c477363be8e3c7186deaa65713313f9b4b820f41c?s=96&d=mm&r=g","caption":"Jo\u00ebl Diawa"},"sameAs":["https:\/\/www.infos-droitshumains.net"],"url":"https:\/\/infos-droitshumains.net\/?author=2"}]}},"featured_image_urls":{"full":["https:\/\/i0.wp.com\/infos-droitshumains.net\/wp-content\/uploads\/2024\/11\/IMG-20241128-WA0052.jpg?fit=1000%2C667&ssl=1",1000,667,false],"thumbnail":["https:\/\/i0.wp.com\/infos-droitshumains.net\/wp-content\/uploads\/2024\/11\/IMG-20241128-WA0052.jpg?resize=150%2C150&ssl=1",150,150,true],"medium":["https:\/\/i0.wp.com\/infos-droitshumains.net\/wp-content\/uploads\/2024\/11\/IMG-20241128-WA0052.jpg?fit=300%2C200&ssl=1",300,200,true],"medium_large":["https:\/\/i0.wp.com\/infos-droitshumains.net\/wp-content\/uploads\/2024\/11\/IMG-20241128-WA0052.jpg?fit=640%2C427&ssl=1",640,427,true],"large":["https:\/\/i0.wp.com\/infos-droitshumains.net\/wp-content\/uploads\/2024\/11\/IMG-20241128-WA0052.jpg?fit=640%2C427&ssl=1",640,427,true],"1536x1536":["https:\/\/i0.wp.com\/infos-droitshumains.net\/wp-content\/uploads\/2024\/11\/IMG-20241128-WA0052.jpg?fit=1000%2C667&ssl=1",1000,667,true],"2048x2048":["https:\/\/i0.wp.com\/infos-droitshumains.net\/wp-content\/uploads\/2024\/11\/IMG-20241128-WA0052.jpg?fit=1000%2C667&ssl=1",1000,667,true],"covernews-slider-full":["https:\/\/i0.wp.com\/infos-droitshumains.net\/wp-content\/uploads\/2024\/11\/IMG-20241128-WA0052.jpg?resize=1000%2C667&ssl=1",1000,667,true],"covernews-slider-center":["https:\/\/i0.wp.com\/infos-droitshumains.net\/wp-content\/uploads\/2024\/11\/IMG-20241128-WA0052.jpg?resize=800%2C500&ssl=1",800,500,true],"covernews-featured":["https:\/\/i0.wp.com\/infos-droitshumains.net\/wp-content\/uploads\/2024\/11\/IMG-20241128-WA0052.jpg?fit=1000%2C667&ssl=1",1000,667,true],"covernews-medium":["https:\/\/i0.wp.com\/infos-droitshumains.net\/wp-content\/uploads\/2024\/11\/IMG-20241128-WA0052.jpg?resize=540%2C340&ssl=1",540,340,true],"covernews-medium-square":["https:\/\/i0.wp.com\/infos-droitshumains.net\/wp-content\/uploads\/2024\/11\/IMG-20241128-WA0052.jpg?resize=400%2C250&ssl=1",400,250,true]},"author_info":{"display_name":"Jo\u00ebl Diawa","author_link":"https:\/\/infos-droitshumains.net\/?author=2"},"category_info":"<a href=\"https:\/\/infos-droitshumains.net\/?cat=3\" rel=\"category\">Politique<\/a>","tag_info":"Politique","comment_count":"0","jetpack_featured_media_url":"https:\/\/i0.wp.com\/infos-droitshumains.net\/wp-content\/uploads\/2024\/11\/IMG-20241128-WA0052.jpg?fit=1000%2C667&ssl=1","jetpack-related-posts":[],"jetpack_sharing_enabled":true,"_links":{"self":[{"href":"https:\/\/infos-droitshumains.net\/index.php?rest_route=\/wp\/v2\/posts\/11905","targetHints":{"allow":["GET"]}}],"collection":[{"href":"https:\/\/infos-droitshumains.net\/index.php?rest_route=\/wp\/v2\/posts"}],"about":[{"href":"https:\/\/infos-droitshumains.net\/index.php?rest_route=\/wp\/v2\/types\/post"}],"author":[{"embeddable":true,"href":"https:\/\/infos-droitshumains.net\/index.php?rest_route=\/wp\/v2\/users\/2"}],"replies":[{"embeddable":true,"href":"https:\/\/infos-droitshumains.net\/index.php?rest_route=%2Fwp%2Fv2%2Fcomments&post=11905"}],"version-history":[{"count":5,"href":"https:\/\/infos-droitshumains.net\/index.php?rest_route=\/wp\/v2\/posts\/11905\/revisions"}],"predecessor-version":[{"id":11916,"href":"https:\/\/infos-droitshumains.net\/index.php?rest_route=\/wp\/v2\/posts\/11905\/revisions\/11916"}],"wp:featuredmedia":[{"embeddable":true,"href":"https:\/\/infos-droitshumains.net\/index.php?rest_route=\/wp\/v2\/media\/11906"}],"wp:attachment":[{"href":"https:\/\/infos-droitshumains.net\/index.php?rest_route=%2Fwp%2Fv2%2Fmedia&parent=11905"}],"wp:term":[{"taxonomy":"category","embeddable":true,"href":"https:\/\/infos-droitshumains.net\/index.php?rest_route=%2Fwp%2Fv2%2Fcategories&post=11905"},{"taxonomy":"post_tag","embeddable":true,"href":"https:\/\/infos-droitshumains.net\/index.php?rest_route=%2Fwp%2Fv2%2Ftags&post=11905"}],"curies":[{"name":"wp","href":"https:\/\/api.w.org\/{rel}","templated":true}]}}