{"id":11871,"date":"2024-11-26T14:27:38","date_gmt":"2024-11-26T13:27:38","guid":{"rendered":"https:\/\/infos-droitshumains.net\/?p=11871"},"modified":"2024-11-26T14:37:02","modified_gmt":"2024-11-26T13:37:02","slug":"droits-des-personnes-handicapees-en-rdc-le-bcnudh-travaille-pour-la-mise-sur-pied-dun-reseau-en-vue-de-renforcer-lengagement-pour-la-mise-en-oeuvre-des-odd","status":"publish","type":"post","link":"https:\/\/infos-droitshumains.net\/?p=11871","title":{"rendered":"Droits des personnes handicap\u00e9es en RDC : le BCNUDH travaille pour la mise sur pied d&rsquo;un r\u00e9seau en vue de renforcer l&rsquo;engagement pour la mise en \u0153uvre des ODD"},"content":{"rendered":"\n<p><strong>R\u00e9daction: +243 817 406 088<\/strong><\/p>\n\n\n\n<h3 class=\"wp-block-heading has-vivid-red-color has-text-color has-link-color wp-elements-a10308988a8fcb1a1af6e1bd8665247b\">Il s&rsquo;est ouvert ce lundi 25 novembre 2024 \u00e0 Kinshasa, l&rsquo;atelier national de mise en r\u00e9seau des organisations des personnes handicap\u00e9es avec les organismes publics du secteur des urgences, de la protection civile et des organisations humanitaires congolaises et \u00e9trang\u00e8res en vue de renforcer leur engagement pour la mise en \u0153uvre des Objectifs de D\u00e9veloppement Durables.<\/h3>\n\n\n\n<p>A l\u2019ouverture de ces travaux organis\u00e9s par l&rsquo;unit\u00e9 renforcements institutionnels et r\u00e9formes du Bureau Conjoint des Nations Unies aux Droits de l&rsquo;Homme en collaboration avec le minist\u00e8re en charge des personnes vivant avec handicap et autres personnes vuln\u00e9rables, Mireille Muleka, l&rsquo;une des intervenants, a rappel\u00e9 que, selon la convention relative aux droits des personnes handicap\u00e9es, le handicap est une r\u00e9alit\u00e9 \u00e0 plusieurs dimensions au vu de l&rsquo;\u00e9volution soci\u00e9tale dont la convention n&rsquo;a pas d\u00e9fini.<\/p>\n\n\n\n<figure class=\"wp-block-image alignfull size-large\"><img data-recalc-dims=\"1\" fetchpriority=\"high\" decoding=\"async\" width=\"640\" height=\"480\" src=\"https:\/\/i0.wp.com\/infos-droitshumains.net\/wp-content\/uploads\/2024\/11\/IMG-20241126-WA0033.jpg?resize=640%2C480&#038;ssl=1\" alt=\"\" class=\"wp-image-11875\" srcset=\"https:\/\/i0.wp.com\/infos-droitshumains.net\/wp-content\/uploads\/2024\/11\/IMG-20241126-WA0033.jpg?resize=1024%2C768&amp;ssl=1 1024w, https:\/\/i0.wp.com\/infos-droitshumains.net\/wp-content\/uploads\/2024\/11\/IMG-20241126-WA0033.jpg?resize=300%2C225&amp;ssl=1 300w, https:\/\/i0.wp.com\/infos-droitshumains.net\/wp-content\/uploads\/2024\/11\/IMG-20241126-WA0033.jpg?resize=768%2C576&amp;ssl=1 768w, https:\/\/i0.wp.com\/infos-droitshumains.net\/wp-content\/uploads\/2024\/11\/IMG-20241126-WA0033.jpg?w=1280&amp;ssl=1 1280w\" sizes=\"(max-width: 640px) 100vw, 640px\" \/><\/figure>\n\n\n\n<p>Cette convention de 55 articles pr\u00f4ne les principes g\u00e9n\u00e9raux comme la dignit\u00e9, la non discrimination, l&rsquo;accessibilit\u00e9, la participation et l&rsquo;int\u00e9gration pleines et effectives des personnes handicap\u00e9es \u00e0 la soci\u00e9t\u00e9, a-t-elle pr\u00e9cis\u00e9.<\/p>\n\n\n\n<p>Abordant la probl\u00e9matique sur l&rsquo;acc\u00e9l\u00e9ration de la mise en \u0153uvre de la convention relative aux droits des personnes handicap\u00e9es et des Objectifs de D\u00e9veloppement Durables, Isa\u00ef Bamogo a fait savoir qu&rsquo;il faut mettre en synergie les comp\u00e9titions, les politiques et les moyens pour esp\u00e9rer au changement qui ne laisse personne de c\u00f4t\u00e9. Ajouter \u00e0 cela, la coordination et la coop\u00e9ration de toutes les parties prenantes.Plusieurs sessions ont marqu\u00e9 le premier jour de cet atelier notamment l&rsquo;inclusion du handicap dans l&rsquo;\u00e9ducation en situation d&rsquo;urgence, autonomisation des femmes et filles handicap\u00e9es en situation d&rsquo;urgence et actions en faveur des personnes handicap\u00e9es dans les contextes d&rsquo;urgences.<\/p>\n\n\n\n<figure class=\"wp-block-image alignfull size-full\"><img data-recalc-dims=\"1\" decoding=\"async\" width=\"640\" height=\"480\" src=\"https:\/\/i0.wp.com\/infos-droitshumains.net\/wp-content\/uploads\/2024\/11\/IMG-20241126-WA0034.jpg?resize=640%2C480&#038;ssl=1\" alt=\"\" class=\"wp-image-11878\" srcset=\"https:\/\/i0.wp.com\/infos-droitshumains.net\/wp-content\/uploads\/2024\/11\/IMG-20241126-WA0034.jpg?w=1016&amp;ssl=1 1016w, https:\/\/i0.wp.com\/infos-droitshumains.net\/wp-content\/uploads\/2024\/11\/IMG-20241126-WA0034.jpg?resize=300%2C225&amp;ssl=1 300w, https:\/\/i0.wp.com\/infos-droitshumains.net\/wp-content\/uploads\/2024\/11\/IMG-20241126-WA0034.jpg?resize=768%2C576&amp;ssl=1 768w\" sizes=\"(max-width: 640px) 100vw, 640px\" \/><\/figure>\n\n\n\n<p>Ces assises qui seront cl\u00f4tur\u00e9es ce 26 novembre 2024 s&rsquo;inscrivent dans le cadre du programme du Partenariat des Nations Unies pour la promotion des droits des personnes vivant avec handicap (UNPRPD).<\/p>\n\n\n\n<p>AM<\/p>\n","protected":false},"excerpt":{"rendered":"<p>R\u00e9daction: +243 817 406 088 Il s&rsquo;est ouvert ce lundi 25 novembre 2024 \u00e0 Kinshasa,&#8230;<\/p>\n","protected":false},"author":2,"featured_media":11874,"comment_status":"open","ping_status":"open","sticky":false,"template":"","format":"standard","meta":{"_jetpack_memberships_contains_paid_content":false,"footnotes":""},"categories":[7],"tags":[],"class_list":["post-11871","post","type-post","status-publish","format-standard","has-post-thumbnail","hentry","category-droits-humains"],"yoast_head":"<!-- This site is optimized with the Yoast SEO plugin v27.5 - https:\/\/yoast.com\/product\/yoast-seo-wordpress\/ -->\n<title>Droits des personnes handicap\u00e9es en RDC : le BCNUDH travaille pour la mise sur pied d&#039;un r\u00e9seau en vue de renforcer l&#039;engagement pour la mise en \u0153uvre des ODD - Infos Droits Humains<\/title>\n<meta name=\"robots\" content=\"index, follow, max-snippet:-1, max-image-preview:large, max-video-preview:-1\" \/>\n<link rel=\"canonical\" href=\"https:\/\/infos-droitshumains.net\/?p=11871\" \/>\n<meta property=\"og:locale\" content=\"fr_FR\" \/>\n<meta property=\"og:type\" content=\"article\" \/>\n<meta property=\"og:title\" content=\"Droits des personnes handicap\u00e9es en RDC : le BCNUDH travaille pour la mise sur pied d&#039;un r\u00e9seau en vue de renforcer l&#039;engagement pour la mise en \u0153uvre des ODD - Infos Droits Humains\" \/>\n<meta property=\"og:description\" content=\"R\u00e9daction: +243 817 406 088 Il s&rsquo;est ouvert ce lundi 25 novembre 2024 \u00e0 Kinshasa,...\" \/>\n<meta property=\"og:url\" content=\"https:\/\/infos-droitshumains.net\/?p=11871\" \/>\n<meta property=\"og:site_name\" content=\"Infos Droits Humains\" \/>\n<meta property=\"article:published_time\" content=\"2024-11-26T13:27:38+00:00\" \/>\n<meta property=\"article:modified_time\" content=\"2024-11-26T13:37:02+00:00\" \/>\n<meta property=\"og:image\" content=\"https:\/\/infos-droitshumains.net\/wp-content\/uploads\/2024\/11\/IMG-20241126-WA0037.jpg\" \/>\n\t<meta property=\"og:image:width\" content=\"1280\" \/>\n\t<meta property=\"og:image:height\" content=\"960\" \/>\n\t<meta property=\"og:image:type\" content=\"image\/jpeg\" \/>\n<meta name=\"author\" content=\"Jo\u00ebl Diawa\" \/>\n<meta name=\"twitter:card\" content=\"summary_large_image\" \/>\n<meta name=\"twitter:label1\" content=\"\u00c9crit par\" \/>\n\t<meta name=\"twitter:data1\" content=\"Jo\u00ebl Diawa\" \/>\n\t<meta name=\"twitter:label2\" content=\"Dur\u00e9e de lecture estim\u00e9e\" \/>\n\t<meta name=\"twitter:data2\" content=\"3 minutes\" \/>\n<script type=\"application\/ld+json\" class=\"yoast-schema-graph\">{\"@context\":\"https:\\\/\\\/schema.org\",\"@graph\":[{\"@type\":\"Article\",\"@id\":\"https:\\\/\\\/infos-droitshumains.net\\\/?p=11871#article\",\"isPartOf\":{\"@id\":\"https:\\\/\\\/infos-droitshumains.net\\\/?p=11871\"},\"author\":{\"name\":\"Jo\u00ebl Diawa\",\"@id\":\"https:\\\/\\\/infos-droitshumains.net\\\/#\\\/schema\\\/person\\\/3dc5e921c3302172e0ed4362f96faab7\"},\"headline\":\"Droits des personnes handicap\u00e9es en RDC : le BCNUDH travaille pour la mise sur pied d&rsquo;un r\u00e9seau en vue de renforcer l&rsquo;engagement pour la mise en \u0153uvre des ODD\",\"datePublished\":\"2024-11-26T13:27:38+00:00\",\"dateModified\":\"2024-11-26T13:37:02+00:00\",\"mainEntityOfPage\":{\"@id\":\"https:\\\/\\\/infos-droitshumains.net\\\/?p=11871\"},\"wordCount\":355,\"commentCount\":0,\"publisher\":{\"@id\":\"https:\\\/\\\/infos-droitshumains.net\\\/#organization\"},\"image\":{\"@id\":\"https:\\\/\\\/infos-droitshumains.net\\\/?p=11871#primaryimage\"},\"thumbnailUrl\":\"https:\\\/\\\/i0.wp.com\\\/infos-droitshumains.net\\\/wp-content\\\/uploads\\\/2024\\\/11\\\/IMG-20241126-WA0037.jpg?fit=1280%2C960&ssl=1\",\"articleSection\":[\"Droits Humains\"],\"inLanguage\":\"fr-FR\",\"potentialAction\":[{\"@type\":\"CommentAction\",\"name\":\"Comment\",\"target\":[\"https:\\\/\\\/infos-droitshumains.net\\\/?p=11871#respond\"]}]},{\"@type\":\"WebPage\",\"@id\":\"https:\\\/\\\/infos-droitshumains.net\\\/?p=11871\",\"url\":\"https:\\\/\\\/infos-droitshumains.net\\\/?p=11871\",\"name\":\"Droits des personnes handicap\u00e9es en RDC : le BCNUDH travaille pour la mise sur pied d'un r\u00e9seau en vue de renforcer l'engagement pour la mise en \u0153uvre des ODD - Infos Droits Humains\",\"isPartOf\":{\"@id\":\"https:\\\/\\\/infos-droitshumains.net\\\/#website\"},\"primaryImageOfPage\":{\"@id\":\"https:\\\/\\\/infos-droitshumains.net\\\/?p=11871#primaryimage\"},\"image\":{\"@id\":\"https:\\\/\\\/infos-droitshumains.net\\\/?p=11871#primaryimage\"},\"thumbnailUrl\":\"https:\\\/\\\/i0.wp.com\\\/infos-droitshumains.net\\\/wp-content\\\/uploads\\\/2024\\\/11\\\/IMG-20241126-WA0037.jpg?fit=1280%2C960&ssl=1\",\"datePublished\":\"2024-11-26T13:27:38+00:00\",\"dateModified\":\"2024-11-26T13:37:02+00:00\",\"breadcrumb\":{\"@id\":\"https:\\\/\\\/infos-droitshumains.net\\\/?p=11871#breadcrumb\"},\"inLanguage\":\"fr-FR\",\"potentialAction\":[{\"@type\":\"ReadAction\",\"target\":[\"https:\\\/\\\/infos-droitshumains.net\\\/?p=11871\"]}]},{\"@type\":\"ImageObject\",\"inLanguage\":\"fr-FR\",\"@id\":\"https:\\\/\\\/infos-droitshumains.net\\\/?p=11871#primaryimage\",\"url\":\"https:\\\/\\\/i0.wp.com\\\/infos-droitshumains.net\\\/wp-content\\\/uploads\\\/2024\\\/11\\\/IMG-20241126-WA0037.jpg?fit=1280%2C960&ssl=1\",\"contentUrl\":\"https:\\\/\\\/i0.wp.com\\\/infos-droitshumains.net\\\/wp-content\\\/uploads\\\/2024\\\/11\\\/IMG-20241126-WA0037.jpg?fit=1280%2C960&ssl=1\",\"width\":1280,\"height\":960},{\"@type\":\"BreadcrumbList\",\"@id\":\"https:\\\/\\\/infos-droitshumains.net\\\/?p=11871#breadcrumb\",\"itemListElement\":[{\"@type\":\"ListItem\",\"position\":1,\"name\":\"Accueil\",\"item\":\"https:\\\/\\\/infos-droitshumains.net\\\/\"},{\"@type\":\"ListItem\",\"position\":2,\"name\":\"Droits des personnes handicap\u00e9es en RDC : le BCNUDH travaille pour la mise sur pied d&rsquo;un r\u00e9seau en vue de renforcer l&rsquo;engagement pour la mise en \u0153uvre des ODD\"}]},{\"@type\":\"WebSite\",\"@id\":\"https:\\\/\\\/infos-droitshumains.net\\\/#website\",\"url\":\"https:\\\/\\\/infos-droitshumains.net\\\/\",\"name\":\"Infos Droits Humains\",\"description\":\"S&#039;informer est un droit\",\"publisher\":{\"@id\":\"https:\\\/\\\/infos-droitshumains.net\\\/#organization\"},\"potentialAction\":[{\"@type\":\"SearchAction\",\"target\":{\"@type\":\"EntryPoint\",\"urlTemplate\":\"https:\\\/\\\/infos-droitshumains.net\\\/?s={search_term_string}\"},\"query-input\":{\"@type\":\"PropertyValueSpecification\",\"valueRequired\":true,\"valueName\":\"search_term_string\"}}],\"inLanguage\":\"fr-FR\"},{\"@type\":\"Organization\",\"@id\":\"https:\\\/\\\/infos-droitshumains.net\\\/#organization\",\"name\":\"Infos Droits Humains\",\"url\":\"https:\\\/\\\/infos-droitshumains.net\\\/\",\"logo\":{\"@type\":\"ImageObject\",\"inLanguage\":\"fr-FR\",\"@id\":\"https:\\\/\\\/infos-droitshumains.net\\\/#\\\/schema\\\/logo\\\/image\\\/\",\"url\":\"https:\\\/\\\/i0.wp.com\\\/infos-droitshumains.net\\\/wp-content\\\/uploads\\\/2022\\\/05\\\/Logo.png?fit=333%2C129&ssl=1\",\"contentUrl\":\"https:\\\/\\\/i0.wp.com\\\/infos-droitshumains.net\\\/wp-content\\\/uploads\\\/2022\\\/05\\\/Logo.png?fit=333%2C129&ssl=1\",\"width\":333,\"height\":129,\"caption\":\"Infos Droits Humains\"},\"image\":{\"@id\":\"https:\\\/\\\/infos-droitshumains.net\\\/#\\\/schema\\\/logo\\\/image\\\/\"}},{\"@type\":\"Person\",\"@id\":\"https:\\\/\\\/infos-droitshumains.net\\\/#\\\/schema\\\/person\\\/3dc5e921c3302172e0ed4362f96faab7\",\"name\":\"Jo\u00ebl Diawa\",\"image\":{\"@type\":\"ImageObject\",\"inLanguage\":\"fr-FR\",\"@id\":\"https:\\\/\\\/secure.gravatar.com\\\/avatar\\\/729bea6ff4604c624417803c477363be8e3c7186deaa65713313f9b4b820f41c?s=96&d=mm&r=g\",\"url\":\"https:\\\/\\\/secure.gravatar.com\\\/avatar\\\/729bea6ff4604c624417803c477363be8e3c7186deaa65713313f9b4b820f41c?s=96&d=mm&r=g\",\"contentUrl\":\"https:\\\/\\\/secure.gravatar.com\\\/avatar\\\/729bea6ff4604c624417803c477363be8e3c7186deaa65713313f9b4b820f41c?s=96&d=mm&r=g\",\"caption\":\"Jo\u00ebl Diawa\"},\"sameAs\":[\"https:\\\/\\\/www.infos-droitshumains.net\"],\"url\":\"https:\\\/\\\/infos-droitshumains.net\\\/?author=2\"}]}<\/script>\n<!-- \/ Yoast SEO plugin. -->","yoast_head_json":{"title":"Droits des personnes handicap\u00e9es en RDC : le BCNUDH travaille pour la mise sur pied d'un r\u00e9seau en vue de renforcer l'engagement pour la mise en \u0153uvre des ODD - Infos Droits Humains","robots":{"index":"index","follow":"follow","max-snippet":"max-snippet:-1","max-image-preview":"max-image-preview:large","max-video-preview":"max-video-preview:-1"},"canonical":"https:\/\/infos-droitshumains.net\/?p=11871","og_locale":"fr_FR","og_type":"article","og_title":"Droits des personnes handicap\u00e9es en RDC : le BCNUDH travaille pour la mise sur pied d'un r\u00e9seau en vue de renforcer l'engagement pour la mise en \u0153uvre des ODD - Infos Droits Humains","og_description":"R\u00e9daction: +243 817 406 088 Il s&rsquo;est ouvert ce lundi 25 novembre 2024 \u00e0 Kinshasa,...","og_url":"https:\/\/infos-droitshumains.net\/?p=11871","og_site_name":"Infos Droits Humains","article_published_time":"2024-11-26T13:27:38+00:00","article_modified_time":"2024-11-26T13:37:02+00:00","og_image":[{"width":1280,"height":960,"url":"https:\/\/infos-droitshumains.net\/wp-content\/uploads\/2024\/11\/IMG-20241126-WA0037.jpg","type":"image\/jpeg"}],"author":"Jo\u00ebl Diawa","twitter_card":"summary_large_image","twitter_misc":{"\u00c9crit par":"Jo\u00ebl Diawa","Dur\u00e9e de lecture estim\u00e9e":"3 minutes"},"schema":{"@context":"https:\/\/schema.org","@graph":[{"@type":"Article","@id":"https:\/\/infos-droitshumains.net\/?p=11871#article","isPartOf":{"@id":"https:\/\/infos-droitshumains.net\/?p=11871"},"author":{"name":"Jo\u00ebl Diawa","@id":"https:\/\/infos-droitshumains.net\/#\/schema\/person\/3dc5e921c3302172e0ed4362f96faab7"},"headline":"Droits des personnes handicap\u00e9es en RDC : le BCNUDH travaille pour la mise sur pied d&rsquo;un r\u00e9seau en vue de renforcer l&rsquo;engagement pour la mise en \u0153uvre des ODD","datePublished":"2024-11-26T13:27:38+00:00","dateModified":"2024-11-26T13:37:02+00:00","mainEntityOfPage":{"@id":"https:\/\/infos-droitshumains.net\/?p=11871"},"wordCount":355,"commentCount":0,"publisher":{"@id":"https:\/\/infos-droitshumains.net\/#organization"},"image":{"@id":"https:\/\/infos-droitshumains.net\/?p=11871#primaryimage"},"thumbnailUrl":"https:\/\/i0.wp.com\/infos-droitshumains.net\/wp-content\/uploads\/2024\/11\/IMG-20241126-WA0037.jpg?fit=1280%2C960&ssl=1","articleSection":["Droits Humains"],"inLanguage":"fr-FR","potentialAction":[{"@type":"CommentAction","name":"Comment","target":["https:\/\/infos-droitshumains.net\/?p=11871#respond"]}]},{"@type":"WebPage","@id":"https:\/\/infos-droitshumains.net\/?p=11871","url":"https:\/\/infos-droitshumains.net\/?p=11871","name":"Droits des personnes handicap\u00e9es en RDC : le BCNUDH travaille pour la mise sur pied d'un r\u00e9seau en vue de renforcer l'engagement pour la mise en \u0153uvre des ODD - Infos Droits Humains","isPartOf":{"@id":"https:\/\/infos-droitshumains.net\/#website"},"primaryImageOfPage":{"@id":"https:\/\/infos-droitshumains.net\/?p=11871#primaryimage"},"image":{"@id":"https:\/\/infos-droitshumains.net\/?p=11871#primaryimage"},"thumbnailUrl":"https:\/\/i0.wp.com\/infos-droitshumains.net\/wp-content\/uploads\/2024\/11\/IMG-20241126-WA0037.jpg?fit=1280%2C960&ssl=1","datePublished":"2024-11-26T13:27:38+00:00","dateModified":"2024-11-26T13:37:02+00:00","breadcrumb":{"@id":"https:\/\/infos-droitshumains.net\/?p=11871#breadcrumb"},"inLanguage":"fr-FR","potentialAction":[{"@type":"ReadAction","target":["https:\/\/infos-droitshumains.net\/?p=11871"]}]},{"@type":"ImageObject","inLanguage":"fr-FR","@id":"https:\/\/infos-droitshumains.net\/?p=11871#primaryimage","url":"https:\/\/i0.wp.com\/infos-droitshumains.net\/wp-content\/uploads\/2024\/11\/IMG-20241126-WA0037.jpg?fit=1280%2C960&ssl=1","contentUrl":"https:\/\/i0.wp.com\/infos-droitshumains.net\/wp-content\/uploads\/2024\/11\/IMG-20241126-WA0037.jpg?fit=1280%2C960&ssl=1","width":1280,"height":960},{"@type":"BreadcrumbList","@id":"https:\/\/infos-droitshumains.net\/?p=11871#breadcrumb","itemListElement":[{"@type":"ListItem","position":1,"name":"Accueil","item":"https:\/\/infos-droitshumains.net\/"},{"@type":"ListItem","position":2,"name":"Droits des personnes handicap\u00e9es en RDC : le BCNUDH travaille pour la mise sur pied d&rsquo;un r\u00e9seau en vue de renforcer l&rsquo;engagement pour la mise en \u0153uvre des ODD"}]},{"@type":"WebSite","@id":"https:\/\/infos-droitshumains.net\/#website","url":"https:\/\/infos-droitshumains.net\/","name":"Infos Droits Humains","description":"S&#039;informer est un droit","publisher":{"@id":"https:\/\/infos-droitshumains.net\/#organization"},"potentialAction":[{"@type":"SearchAction","target":{"@type":"EntryPoint","urlTemplate":"https:\/\/infos-droitshumains.net\/?s={search_term_string}"},"query-input":{"@type":"PropertyValueSpecification","valueRequired":true,"valueName":"search_term_string"}}],"inLanguage":"fr-FR"},{"@type":"Organization","@id":"https:\/\/infos-droitshumains.net\/#organization","name":"Infos Droits Humains","url":"https:\/\/infos-droitshumains.net\/","logo":{"@type":"ImageObject","inLanguage":"fr-FR","@id":"https:\/\/infos-droitshumains.net\/#\/schema\/logo\/image\/","url":"https:\/\/i0.wp.com\/infos-droitshumains.net\/wp-content\/uploads\/2022\/05\/Logo.png?fit=333%2C129&ssl=1","contentUrl":"https:\/\/i0.wp.com\/infos-droitshumains.net\/wp-content\/uploads\/2022\/05\/Logo.png?fit=333%2C129&ssl=1","width":333,"height":129,"caption":"Infos Droits Humains"},"image":{"@id":"https:\/\/infos-droitshumains.net\/#\/schema\/logo\/image\/"}},{"@type":"Person","@id":"https:\/\/infos-droitshumains.net\/#\/schema\/person\/3dc5e921c3302172e0ed4362f96faab7","name":"Jo\u00ebl Diawa","image":{"@type":"ImageObject","inLanguage":"fr-FR","@id":"https:\/\/secure.gravatar.com\/avatar\/729bea6ff4604c624417803c477363be8e3c7186deaa65713313f9b4b820f41c?s=96&d=mm&r=g","url":"https:\/\/secure.gravatar.com\/avatar\/729bea6ff4604c624417803c477363be8e3c7186deaa65713313f9b4b820f41c?s=96&d=mm&r=g","contentUrl":"https:\/\/secure.gravatar.com\/avatar\/729bea6ff4604c624417803c477363be8e3c7186deaa65713313f9b4b820f41c?s=96&d=mm&r=g","caption":"Jo\u00ebl Diawa"},"sameAs":["https:\/\/www.infos-droitshumains.net"],"url":"https:\/\/infos-droitshumains.net\/?author=2"}]}},"featured_image_urls":{"full":["https:\/\/i0.wp.com\/infos-droitshumains.net\/wp-content\/uploads\/2024\/11\/IMG-20241126-WA0037.jpg?fit=1280%2C960&ssl=1",1280,960,false],"thumbnail":["https:\/\/i0.wp.com\/infos-droitshumains.net\/wp-content\/uploads\/2024\/11\/IMG-20241126-WA0037.jpg?resize=150%2C150&ssl=1",150,150,true],"medium":["https:\/\/i0.wp.com\/infos-droitshumains.net\/wp-content\/uploads\/2024\/11\/IMG-20241126-WA0037.jpg?fit=300%2C225&ssl=1",300,225,true],"medium_large":["https:\/\/i0.wp.com\/infos-droitshumains.net\/wp-content\/uploads\/2024\/11\/IMG-20241126-WA0037.jpg?fit=640%2C480&ssl=1",640,480,true],"large":["https:\/\/i0.wp.com\/infos-droitshumains.net\/wp-content\/uploads\/2024\/11\/IMG-20241126-WA0037.jpg?fit=640%2C480&ssl=1",640,480,true],"1536x1536":["https:\/\/i0.wp.com\/infos-droitshumains.net\/wp-content\/uploads\/2024\/11\/IMG-20241126-WA0037.jpg?fit=1280%2C960&ssl=1",1280,960,true],"2048x2048":["https:\/\/i0.wp.com\/infos-droitshumains.net\/wp-content\/uploads\/2024\/11\/IMG-20241126-WA0037.jpg?fit=1280%2C960&ssl=1",1280,960,true],"covernews-slider-full":["https:\/\/i0.wp.com\/infos-droitshumains.net\/wp-content\/uploads\/2024\/11\/IMG-20241126-WA0037.jpg?resize=1115%2C715&ssl=1",1115,715,true],"covernews-slider-center":["https:\/\/i0.wp.com\/infos-droitshumains.net\/wp-content\/uploads\/2024\/11\/IMG-20241126-WA0037.jpg?resize=800%2C500&ssl=1",800,500,true],"covernews-featured":["https:\/\/i0.wp.com\/infos-droitshumains.net\/wp-content\/uploads\/2024\/11\/IMG-20241126-WA0037.jpg?fit=1024%2C768&ssl=1",1024,768,true],"covernews-medium":["https:\/\/i0.wp.com\/infos-droitshumains.net\/wp-content\/uploads\/2024\/11\/IMG-20241126-WA0037.jpg?resize=540%2C340&ssl=1",540,340,true],"covernews-medium-square":["https:\/\/i0.wp.com\/infos-droitshumains.net\/wp-content\/uploads\/2024\/11\/IMG-20241126-WA0037.jpg?resize=400%2C250&ssl=1",400,250,true]},"author_info":{"display_name":"Jo\u00ebl Diawa","author_link":"https:\/\/infos-droitshumains.net\/?author=2"},"category_info":"<a href=\"https:\/\/infos-droitshumains.net\/?cat=7\" rel=\"category\">Droits Humains<\/a>","tag_info":"Droits Humains","comment_count":"0","jetpack_featured_media_url":"https:\/\/i0.wp.com\/infos-droitshumains.net\/wp-content\/uploads\/2024\/11\/IMG-20241126-WA0037.jpg?fit=1280%2C960&ssl=1","jetpack-related-posts":[],"jetpack_sharing_enabled":true,"_links":{"self":[{"href":"https:\/\/infos-droitshumains.net\/index.php?rest_route=\/wp\/v2\/posts\/11871","targetHints":{"allow":["GET"]}}],"collection":[{"href":"https:\/\/infos-droitshumains.net\/index.php?rest_route=\/wp\/v2\/posts"}],"about":[{"href":"https:\/\/infos-droitshumains.net\/index.php?rest_route=\/wp\/v2\/types\/post"}],"author":[{"embeddable":true,"href":"https:\/\/infos-droitshumains.net\/index.php?rest_route=\/wp\/v2\/users\/2"}],"replies":[{"embeddable":true,"href":"https:\/\/infos-droitshumains.net\/index.php?rest_route=%2Fwp%2Fv2%2Fcomments&post=11871"}],"version-history":[{"count":5,"href":"https:\/\/infos-droitshumains.net\/index.php?rest_route=\/wp\/v2\/posts\/11871\/revisions"}],"predecessor-version":[{"id":11880,"href":"https:\/\/infos-droitshumains.net\/index.php?rest_route=\/wp\/v2\/posts\/11871\/revisions\/11880"}],"wp:featuredmedia":[{"embeddable":true,"href":"https:\/\/infos-droitshumains.net\/index.php?rest_route=\/wp\/v2\/media\/11874"}],"wp:attachment":[{"href":"https:\/\/infos-droitshumains.net\/index.php?rest_route=%2Fwp%2Fv2%2Fmedia&parent=11871"}],"wp:term":[{"taxonomy":"category","embeddable":true,"href":"https:\/\/infos-droitshumains.net\/index.php?rest_route=%2Fwp%2Fv2%2Fcategories&post=11871"},{"taxonomy":"post_tag","embeddable":true,"href":"https:\/\/infos-droitshumains.net\/index.php?rest_route=%2Fwp%2Fv2%2Ftags&post=11871"}],"curies":[{"name":"wp","href":"https:\/\/api.w.org\/{rel}","templated":true}]}}