{"id":1186,"date":"2021-11-29T14:16:22","date_gmt":"2021-11-29T13:16:22","guid":{"rendered":"https:\/\/infos-droitshumains.net\/?p=1186"},"modified":"2023-04-06T12:11:04","modified_gmt":"2023-04-06T10:11:04","slug":"execution-du-plan-de-balkanisation-ou-sida-politique-pourquoi-la-rdc-a-t-elle-autorise-larmee-ougandaise-a-combattre-les-adf-sur-son-territoire","status":"publish","type":"post","link":"https:\/\/infos-droitshumains.net\/?p=1186","title":{"rendered":"Ex\u00e9cution du plan de balkanisation ou sida politique : Pourquoi la RDC a-t-elle autoris\u00e9 l&rsquo;arm\u00e9e ougandaise \u00e0 combattre les ADF sur son territoire ?"},"content":{"rendered":"\n<p><strong>R\u00e9daction :+243817406088<\/strong><\/p>\n\n\n\n<p>C&rsquo;est une information qui a circul\u00e9 comme une tra\u00een\u00e9e de poudre ce dimanche 28 novembre alors qu&rsquo;aucune partie ne l&rsquo;avait rendu officielle. La R\u00e9publique d\u00e9mocratique du Congo a autoris\u00e9 l&rsquo;arm\u00e9e ougandaise \u00e0 traverser la fronti\u00e8re pour combattre les rebelles du groupe Forces d\u00e9mocratiques alli\u00e9es, ADF,  responsables de massacres dans l&rsquo;est de la R\u00e9publique d\u00e9mocratique du Congo.<\/p>\n\n\n\n<p><em>\u00ab\u00a0Le pr\u00e9sident Tshisekedi a d\u00e9j\u00e0 lev\u00e9 l&rsquo;option d&rsquo;autoriser aux troupes ougandaises l&rsquo;entr\u00e9e sur le territoire congolais pour traquer les terroristes ADF, ensemble avec l&rsquo;arm\u00e9e et les Casques bleus\u00a0\u00bb<\/em> a d\u00e9clar\u00e9 \u00e0 un m\u00e9dia fran\u00e7ais, un conseiller du chef de l&rsquo;\u00c9tat qui a requis l&rsquo;anonymat.<\/p>\n\n\n\n<p>Cette option lev\u00e9e par le pr\u00e9sident F\u00e9lix Tshisekedi divise toutes les couches sociales qui n&rsquo;\u00e9mettent pas sur la m\u00eame longueur d&rsquo;onde quant \u00e0 cette question.<\/p>\n\n\n\n<p><strong><em>l&rsquo;Ouganda, Pyromane ou sapeur pompier ?<\/em><\/strong><\/p>\n\n\n\n<p><em>\u00ab\u00a0L&rsquo;histoire de la RDC, l&rsquo;Ouganda et le Rwanda c&rsquo;est comme celle de la France et l&rsquo;Allemagne, hier Ennemis aujourd&rsquo;hui socle de l&rsquo;Union Europ\u00e9enne. Pour la Paix d\u00e9finitive \u00e0 l&rsquo;Est de RD Congo, on peut n\u00e9gocier m\u00eame avec le diable en d\u00e9pit de nos litiges\u00a0\u00bb<\/em> a r\u00e9agi l&rsquo;ancien chef rebelle et l&rsquo;un des leaders de la communaut\u00e9 Band\u00e9, Antipas Mbusa Nyamuisi qui en a f\u00e9licit\u00e9 le chef de l&rsquo;\u00c9tat.<\/p>\n\n\n\n<p><em>\u00ab\u00a0Derri\u00e8re chaque action,il y a une intention. Si elle est mauvaise, on la combat, si elle est bonne, on la soutient. Combattre une bonne intention est diabolique! Derri\u00e8re la demande d\u2019aide \u00e0 son voisin pr chasser les criminels de sa parcelle,y a-t-il une bonne ou mauvaise intention?\u00a0\u00bb<\/em> a soutenu dans un ton m\u00e9taphorique le d\u00e9put\u00e9 national Steve Mbikayi.<\/p>\n\n\n\n<p>Le docteur Denis Mukwege consid\u00e8re l&rsquo;Ouganda comme un pyromane qui veut se d\u00e9guiser en sapeur pompier :<\/p>\n\n\n\n<p><em>\u00ab\u00a0Apr\u00e8s 25ans de crimes de masse et pillage de nos ressources par nos voisins, l&rsquo;autorisation du Pr\u00e9sident \u00e0 l\u2019UPDF de coop\u00e9ration militaire est inacceptables. Non aux pyromanes\/pompiers! Les m\u00eames erreurs produiront les m\u00eame effets tragiques. Debout congolais, nation en danger!\u00a0\u00bb<\/em> s&rsquo;est exclam\u00e9 le propri\u00e9taire de l&rsquo;h\u00f4pital Panzi.<\/p>\n\n\n\n<p><strong><em>Le plan de balkanisation en marche<\/em><\/strong><\/p>\n\n\n\n<p><em>\u00ab\u00a0Ce qui lui manquait en 1998, le voisin vient de l&rsquo;obtenir formellement aujourd&rsquo;hui : Un droit l\u00e9gal \u00e0 occuper l\u00e9gitimement la partie Est, tant convoit\u00e9e, de notre pays\u00a0\u00bb<\/em> a d\u00e9nonc\u00e9 N\u00e9h\u00e9mie Mwilanya, d\u00e9put\u00e9 national et l&rsquo;un des plus proches collaborateurs de l&rsquo;ancien chef d&rsquo;\u00c9tat Joseph Kabila. Cette th\u00e8se de l\u00e9gitimation de la balkanisation est aussi soutenue par Devos Kitoko Mulenda, secr\u00e9taire g\u00e9n\u00e9ral de Engagement Citoyens pour le d\u00e9veloppement et l&rsquo;\u00e9veil, ECIDE, le parti de Martin Fayulu.<\/p>\n\n\n\n<p><em>\u00ab\u00a0R\u00e9veillons nous, disons d&rsquo;une seule voix :Trop c&rsquo;est trop. Les frappeurs sont entrain de livrer le pays \u00e0 leur parrain . Le projet d&rsquo;implosion, de Balkanisation et liquidation de notre pays a enregistr\u00e9 une avanc\u00e9e fulgurante. R\u00e9voltons-nous, agissons avant qu&rsquo;il soit tard\u00a0\u00bb<\/em> \u00e0-t-il d\u00e9nonc\u00e9.<\/p>\n\n\n\n<p><em>\u00ab\u00a0On dirait qu&rsquo;avant que les arm\u00e9es \u00e9trang\u00e8res n&rsquo;arrachent nos terres par la balkanisation et l&rsquo;occupation militaire, Dieu avait d&rsquo;abord arrach\u00e9 le cerveau \u00e0 tant des Congolais aujourd&rsquo;hui complices\u00a0\u00bb.<\/em> a rench\u00e9rit le Professeur Rapha\u00ebl Nyabirungu qui a exprim\u00e9 son regret.<\/p>\n\n\n\n<p>No\u00ebl Tshiani quant \u00e0 lui, d\u00e9nonce la na\u00efvet\u00e9 des autorit\u00e9s congolaise : <\/p>\n\n\n\n<p><em>\u00ab\u00a0La Cour internationale de Justice a condamn\u00e9 en 2005 l\u2019Ouganda \u00e0 indemniser RDC ($10 milliards) pour pertes subies durant l\u2019occupation de son territoire (1997-2003). Au lieu de r\u00e9clamer ce paiement, la RDC autorise l\u2019arm\u00e9e ougandaise \u00e0 entrer sur son territoire. Quelle na\u00efvet\u00e9 !\u00a0\u00bb<\/em> \u00e9crit le candidat malheureux \u00e0 la pr\u00e9sidentielle de 2018.<\/p>\n\n\n\n<p><strong><em>\u00c9chec  de l&rsquo;\u00e9tat de si\u00e8ge ?<\/em><\/strong><\/p>\n\n\n\n<p>Cette d\u00e9cision s&rsquo;apparente \u00e0 un av\u0153 par les autorit\u00e9s de la RDC, de l&rsquo;\u00e9chec de l&rsquo;\u00e9tat de si\u00e8ge proclam\u00e9 depuis le moi de mai dernier par le pr\u00e9sident de la R\u00e9publique.<\/p>\n\n\n\n<p><em>\u00ab\u00a0Quel est le message que l&rsquo;on veut faire passer ? L&rsquo;arm\u00e9e congolaise est incapable ? L&rsquo;\u00e9tat de si\u00e8ge n&rsquo;a pas produit les r\u00e9sultats escompt\u00e9s, d&rsquo;o\u00f9 l&rsquo;intervention de Museveni et de l&rsquo;arm\u00e9e ougandaise ? L&rsquo;arm\u00e9e ougandaise vient-elle faire ce que nous sommes incapables de faire?\u00a0\u00bb<\/em> s&rsquo;est interrog\u00e9 sous le sceau de l&rsquo;anonymat, un cadre du parti pr\u00e9sidentiel contact\u00e9 par la r\u00e9daction de infos-droitshumains.net. Dans le m\u00eame ordre d&rsquo;id\u00e9e, un habitant de B\u00e9ni s&rsquo;est interrog\u00e9 si \u00ab\u00a0<em>Un espace en \u00e9tat de si\u00e8ge peut-il \u00eatre investi par l\u2019arm\u00e9e \u00e9trang\u00e8res?\u00a0\u00bb <\/em><\/p>\n\n\n\n<p><em>\u00ab\u00a0Qui seront les victimes de la confrontation entre l&rsquo;arm\u00e9e Ougandaise et ADF sur le sol congolais?\u00a0\u00bb<\/em> s&rsquo;est interrog\u00e9 un autre habitant de la ville  de B\u00e9ni.<\/p>\n\n\n\n<p><em><strong>La RDC malade de sida Politique !<\/strong><\/em><\/p>\n\n\n\n<p>Interrog\u00e9 par le journaliste de France 24 sur la crise en Somalie, le pr\u00e9sident Ougandais n&rsquo;\u00e9tait \u00e0 l&rsquo;\u00e9poque pas favorable d&rsquo;envoyer ses troupes pour aller accompagner l&rsquo;arm\u00e9e somalienne \u00e0 combattre les rebelles.<\/p>\n\n\n\n<p><em>\u00ab\u00a0C&rsquo;est une erreur de vouloir participer au guerre des autres. Un pays ne doit pas aller mener une guerre pour d&rsquo;autres population. Si ces gens veulent se battre qu&rsquo;il le fasse eux-m\u00eames. Les intervention \u00e9trang\u00e8re d\u00e9stabilise la situation int\u00e9rieure de ces pays\u00a0\u00bb<\/em> avait dit Yoweri Museveni avant de poursuivre <em>\u00ab\u00a0Ici nous avons combattu nous avons men\u00e9 beaucoup de guerre et nous avons combattu par nous-m\u00eame, nous n&rsquo;avons jamais demand\u00e9 \u00e0 personne de nous apporter une aide<\/em>\u00ab\u00a0.<\/p>\n\n\n\n<p><em>\u00ab\u00a0Il faut que la solution naisse et se d\u00e9veloppe int\u00e9rieurement. Un pays comme un corps doit pouvoir se d\u00e9fendre seul. S&rsquo;il ne peut pas le faire c&rsquo;est qu&rsquo;il souffre d&rsquo;une forme de sida politique. Quand vous avez le sida vos d\u00e9fenses immunitaires ne sont pas suffisante pour prot\u00e9ger votre corps\u00a0\u00bb<\/em> avait-il conclu son propos.<\/p>\n\n\n\n<p>Faisant suite \u00e0 cette d\u00e9claration faite \u00e0 l&rsquo;\u00e9poque par Museveni qui aujourd&rsquo;hui se propose  d&rsquo;accompagner l&rsquo;arm\u00e9e congolaise, la RDC sera consid\u00e9r\u00e9e comme malade de sida politique si cet accord arrivait \u00e0 se mat\u00e9rialiser.<\/p>\n\n\n\n<p>Jo\u00ebl Diawa<\/p>\n","protected":false},"excerpt":{"rendered":"<p>R\u00e9daction :+243817406088 C&rsquo;est une information qui a circul\u00e9 comme une tra\u00een\u00e9e de poudre ce dimanche&#8230;<\/p>\n","protected":false},"author":2,"featured_media":0,"comment_status":"closed","ping_status":"open","sticky":false,"template":"","format":"standard","meta":{"_jetpack_memberships_contains_paid_content":false,"footnotes":""},"categories":[1],"tags":[],"class_list":["post-1186","post","type-post","status-publish","format-standard","hentry","category-non-classe"],"yoast_head":"<!-- This site is optimized with the Yoast SEO plugin v27.5 - https:\/\/yoast.com\/product\/yoast-seo-wordpress\/ -->\n<title>Ex\u00e9cution du plan de balkanisation ou sida politique : Pourquoi la RDC a-t-elle autoris\u00e9 l&#039;arm\u00e9e ougandaise \u00e0 combattre les ADF sur son territoire ? - Infos Droits Humains<\/title>\n<meta name=\"robots\" content=\"index, follow, max-snippet:-1, max-image-preview:large, max-video-preview:-1\" \/>\n<link rel=\"canonical\" href=\"https:\/\/infos-droitshumains.net\/?p=1186\" \/>\n<meta property=\"og:locale\" content=\"fr_FR\" \/>\n<meta property=\"og:type\" content=\"article\" \/>\n<meta property=\"og:title\" content=\"Ex\u00e9cution du plan de balkanisation ou sida politique : Pourquoi la RDC a-t-elle autoris\u00e9 l&#039;arm\u00e9e ougandaise \u00e0 combattre les ADF sur son territoire ? - Infos Droits Humains\" \/>\n<meta property=\"og:description\" content=\"R\u00e9daction :+243817406088 C&rsquo;est une information qui a circul\u00e9 comme une tra\u00een\u00e9e de poudre ce dimanche...\" \/>\n<meta property=\"og:url\" content=\"https:\/\/infos-droitshumains.net\/?p=1186\" \/>\n<meta property=\"og:site_name\" content=\"Infos Droits Humains\" \/>\n<meta property=\"article:published_time\" content=\"2021-11-29T13:16:22+00:00\" \/>\n<meta property=\"article:modified_time\" content=\"2023-04-06T10:11:04+00:00\" \/>\n<meta name=\"author\" content=\"Jo\u00ebl Diawa\" \/>\n<meta name=\"twitter:card\" content=\"summary_large_image\" \/>\n<meta name=\"twitter:label1\" content=\"\u00c9crit par\" \/>\n\t<meta name=\"twitter:data1\" content=\"Jo\u00ebl Diawa\" \/>\n\t<meta name=\"twitter:label2\" content=\"Dur\u00e9e de lecture estim\u00e9e\" \/>\n\t<meta name=\"twitter:data2\" content=\"5 minutes\" \/>\n<script type=\"application\/ld+json\" class=\"yoast-schema-graph\">{\"@context\":\"https:\\\/\\\/schema.org\",\"@graph\":[{\"@type\":\"Article\",\"@id\":\"https:\\\/\\\/infos-droitshumains.net\\\/?p=1186#article\",\"isPartOf\":{\"@id\":\"https:\\\/\\\/infos-droitshumains.net\\\/?p=1186\"},\"author\":{\"name\":\"Jo\u00ebl Diawa\",\"@id\":\"https:\\\/\\\/infos-droitshumains.net\\\/#\\\/schema\\\/person\\\/3dc5e921c3302172e0ed4362f96faab7\"},\"headline\":\"Ex\u00e9cution du plan de balkanisation ou sida politique : Pourquoi la RDC a-t-elle autoris\u00e9 l&rsquo;arm\u00e9e ougandaise \u00e0 combattre les ADF sur son territoire ?\",\"datePublished\":\"2021-11-29T13:16:22+00:00\",\"dateModified\":\"2023-04-06T10:11:04+00:00\",\"mainEntityOfPage\":{\"@id\":\"https:\\\/\\\/infos-droitshumains.net\\\/?p=1186\"},\"wordCount\":1023,\"publisher\":{\"@id\":\"https:\\\/\\\/infos-droitshumains.net\\\/#organization\"},\"inLanguage\":\"fr-FR\"},{\"@type\":\"WebPage\",\"@id\":\"https:\\\/\\\/infos-droitshumains.net\\\/?p=1186\",\"url\":\"https:\\\/\\\/infos-droitshumains.net\\\/?p=1186\",\"name\":\"Ex\u00e9cution du plan de balkanisation ou sida politique : Pourquoi la RDC a-t-elle autoris\u00e9 l'arm\u00e9e ougandaise \u00e0 combattre les ADF sur son territoire ? - Infos Droits Humains\",\"isPartOf\":{\"@id\":\"https:\\\/\\\/infos-droitshumains.net\\\/#website\"},\"datePublished\":\"2021-11-29T13:16:22+00:00\",\"dateModified\":\"2023-04-06T10:11:04+00:00\",\"breadcrumb\":{\"@id\":\"https:\\\/\\\/infos-droitshumains.net\\\/?p=1186#breadcrumb\"},\"inLanguage\":\"fr-FR\",\"potentialAction\":[{\"@type\":\"ReadAction\",\"target\":[\"https:\\\/\\\/infos-droitshumains.net\\\/?p=1186\"]}]},{\"@type\":\"BreadcrumbList\",\"@id\":\"https:\\\/\\\/infos-droitshumains.net\\\/?p=1186#breadcrumb\",\"itemListElement\":[{\"@type\":\"ListItem\",\"position\":1,\"name\":\"Accueil\",\"item\":\"https:\\\/\\\/infos-droitshumains.net\\\/\"},{\"@type\":\"ListItem\",\"position\":2,\"name\":\"Ex\u00e9cution du plan de balkanisation ou sida politique : Pourquoi la RDC a-t-elle autoris\u00e9 l&rsquo;arm\u00e9e ougandaise \u00e0 combattre les ADF sur son territoire ?\"}]},{\"@type\":\"WebSite\",\"@id\":\"https:\\\/\\\/infos-droitshumains.net\\\/#website\",\"url\":\"https:\\\/\\\/infos-droitshumains.net\\\/\",\"name\":\"Infos Droits Humains\",\"description\":\"S&#039;informer est un droit\",\"publisher\":{\"@id\":\"https:\\\/\\\/infos-droitshumains.net\\\/#organization\"},\"potentialAction\":[{\"@type\":\"SearchAction\",\"target\":{\"@type\":\"EntryPoint\",\"urlTemplate\":\"https:\\\/\\\/infos-droitshumains.net\\\/?s={search_term_string}\"},\"query-input\":{\"@type\":\"PropertyValueSpecification\",\"valueRequired\":true,\"valueName\":\"search_term_string\"}}],\"inLanguage\":\"fr-FR\"},{\"@type\":\"Organization\",\"@id\":\"https:\\\/\\\/infos-droitshumains.net\\\/#organization\",\"name\":\"Infos Droits Humains\",\"url\":\"https:\\\/\\\/infos-droitshumains.net\\\/\",\"logo\":{\"@type\":\"ImageObject\",\"inLanguage\":\"fr-FR\",\"@id\":\"https:\\\/\\\/infos-droitshumains.net\\\/#\\\/schema\\\/logo\\\/image\\\/\",\"url\":\"https:\\\/\\\/i0.wp.com\\\/infos-droitshumains.net\\\/wp-content\\\/uploads\\\/2022\\\/05\\\/Logo.png?fit=333%2C129&ssl=1\",\"contentUrl\":\"https:\\\/\\\/i0.wp.com\\\/infos-droitshumains.net\\\/wp-content\\\/uploads\\\/2022\\\/05\\\/Logo.png?fit=333%2C129&ssl=1\",\"width\":333,\"height\":129,\"caption\":\"Infos Droits Humains\"},\"image\":{\"@id\":\"https:\\\/\\\/infos-droitshumains.net\\\/#\\\/schema\\\/logo\\\/image\\\/\"}},{\"@type\":\"Person\",\"@id\":\"https:\\\/\\\/infos-droitshumains.net\\\/#\\\/schema\\\/person\\\/3dc5e921c3302172e0ed4362f96faab7\",\"name\":\"Jo\u00ebl Diawa\",\"image\":{\"@type\":\"ImageObject\",\"inLanguage\":\"fr-FR\",\"@id\":\"https:\\\/\\\/secure.gravatar.com\\\/avatar\\\/729bea6ff4604c624417803c477363be8e3c7186deaa65713313f9b4b820f41c?s=96&d=mm&r=g\",\"url\":\"https:\\\/\\\/secure.gravatar.com\\\/avatar\\\/729bea6ff4604c624417803c477363be8e3c7186deaa65713313f9b4b820f41c?s=96&d=mm&r=g\",\"contentUrl\":\"https:\\\/\\\/secure.gravatar.com\\\/avatar\\\/729bea6ff4604c624417803c477363be8e3c7186deaa65713313f9b4b820f41c?s=96&d=mm&r=g\",\"caption\":\"Jo\u00ebl Diawa\"},\"sameAs\":[\"https:\\\/\\\/www.infos-droitshumains.net\"],\"url\":\"https:\\\/\\\/infos-droitshumains.net\\\/?author=2\"}]}<\/script>\n<!-- \/ Yoast SEO plugin. -->","yoast_head_json":{"title":"Ex\u00e9cution du plan de balkanisation ou sida politique : Pourquoi la RDC a-t-elle autoris\u00e9 l'arm\u00e9e ougandaise \u00e0 combattre les ADF sur son territoire ? - Infos Droits Humains","robots":{"index":"index","follow":"follow","max-snippet":"max-snippet:-1","max-image-preview":"max-image-preview:large","max-video-preview":"max-video-preview:-1"},"canonical":"https:\/\/infos-droitshumains.net\/?p=1186","og_locale":"fr_FR","og_type":"article","og_title":"Ex\u00e9cution du plan de balkanisation ou sida politique : Pourquoi la RDC a-t-elle autoris\u00e9 l'arm\u00e9e ougandaise \u00e0 combattre les ADF sur son territoire ? - Infos Droits Humains","og_description":"R\u00e9daction :+243817406088 C&rsquo;est une information qui a circul\u00e9 comme une tra\u00een\u00e9e de poudre ce dimanche...","og_url":"https:\/\/infos-droitshumains.net\/?p=1186","og_site_name":"Infos Droits Humains","article_published_time":"2021-11-29T13:16:22+00:00","article_modified_time":"2023-04-06T10:11:04+00:00","author":"Jo\u00ebl Diawa","twitter_card":"summary_large_image","twitter_misc":{"\u00c9crit par":"Jo\u00ebl Diawa","Dur\u00e9e de lecture estim\u00e9e":"5 minutes"},"schema":{"@context":"https:\/\/schema.org","@graph":[{"@type":"Article","@id":"https:\/\/infos-droitshumains.net\/?p=1186#article","isPartOf":{"@id":"https:\/\/infos-droitshumains.net\/?p=1186"},"author":{"name":"Jo\u00ebl Diawa","@id":"https:\/\/infos-droitshumains.net\/#\/schema\/person\/3dc5e921c3302172e0ed4362f96faab7"},"headline":"Ex\u00e9cution du plan de balkanisation ou sida politique : Pourquoi la RDC a-t-elle autoris\u00e9 l&rsquo;arm\u00e9e ougandaise \u00e0 combattre les ADF sur son territoire ?","datePublished":"2021-11-29T13:16:22+00:00","dateModified":"2023-04-06T10:11:04+00:00","mainEntityOfPage":{"@id":"https:\/\/infos-droitshumains.net\/?p=1186"},"wordCount":1023,"publisher":{"@id":"https:\/\/infos-droitshumains.net\/#organization"},"inLanguage":"fr-FR"},{"@type":"WebPage","@id":"https:\/\/infos-droitshumains.net\/?p=1186","url":"https:\/\/infos-droitshumains.net\/?p=1186","name":"Ex\u00e9cution du plan de balkanisation ou sida politique : Pourquoi la RDC a-t-elle autoris\u00e9 l'arm\u00e9e ougandaise \u00e0 combattre les ADF sur son territoire ? - Infos Droits Humains","isPartOf":{"@id":"https:\/\/infos-droitshumains.net\/#website"},"datePublished":"2021-11-29T13:16:22+00:00","dateModified":"2023-04-06T10:11:04+00:00","breadcrumb":{"@id":"https:\/\/infos-droitshumains.net\/?p=1186#breadcrumb"},"inLanguage":"fr-FR","potentialAction":[{"@type":"ReadAction","target":["https:\/\/infos-droitshumains.net\/?p=1186"]}]},{"@type":"BreadcrumbList","@id":"https:\/\/infos-droitshumains.net\/?p=1186#breadcrumb","itemListElement":[{"@type":"ListItem","position":1,"name":"Accueil","item":"https:\/\/infos-droitshumains.net\/"},{"@type":"ListItem","position":2,"name":"Ex\u00e9cution du plan de balkanisation ou sida politique : Pourquoi la RDC a-t-elle autoris\u00e9 l&rsquo;arm\u00e9e ougandaise \u00e0 combattre les ADF sur son territoire ?"}]},{"@type":"WebSite","@id":"https:\/\/infos-droitshumains.net\/#website","url":"https:\/\/infos-droitshumains.net\/","name":"Infos Droits Humains","description":"S&#039;informer est un droit","publisher":{"@id":"https:\/\/infos-droitshumains.net\/#organization"},"potentialAction":[{"@type":"SearchAction","target":{"@type":"EntryPoint","urlTemplate":"https:\/\/infos-droitshumains.net\/?s={search_term_string}"},"query-input":{"@type":"PropertyValueSpecification","valueRequired":true,"valueName":"search_term_string"}}],"inLanguage":"fr-FR"},{"@type":"Organization","@id":"https:\/\/infos-droitshumains.net\/#organization","name":"Infos Droits Humains","url":"https:\/\/infos-droitshumains.net\/","logo":{"@type":"ImageObject","inLanguage":"fr-FR","@id":"https:\/\/infos-droitshumains.net\/#\/schema\/logo\/image\/","url":"https:\/\/i0.wp.com\/infos-droitshumains.net\/wp-content\/uploads\/2022\/05\/Logo.png?fit=333%2C129&ssl=1","contentUrl":"https:\/\/i0.wp.com\/infos-droitshumains.net\/wp-content\/uploads\/2022\/05\/Logo.png?fit=333%2C129&ssl=1","width":333,"height":129,"caption":"Infos Droits Humains"},"image":{"@id":"https:\/\/infos-droitshumains.net\/#\/schema\/logo\/image\/"}},{"@type":"Person","@id":"https:\/\/infos-droitshumains.net\/#\/schema\/person\/3dc5e921c3302172e0ed4362f96faab7","name":"Jo\u00ebl Diawa","image":{"@type":"ImageObject","inLanguage":"fr-FR","@id":"https:\/\/secure.gravatar.com\/avatar\/729bea6ff4604c624417803c477363be8e3c7186deaa65713313f9b4b820f41c?s=96&d=mm&r=g","url":"https:\/\/secure.gravatar.com\/avatar\/729bea6ff4604c624417803c477363be8e3c7186deaa65713313f9b4b820f41c?s=96&d=mm&r=g","contentUrl":"https:\/\/secure.gravatar.com\/avatar\/729bea6ff4604c624417803c477363be8e3c7186deaa65713313f9b4b820f41c?s=96&d=mm&r=g","caption":"Jo\u00ebl Diawa"},"sameAs":["https:\/\/www.infos-droitshumains.net"],"url":"https:\/\/infos-droitshumains.net\/?author=2"}]}},"featured_image_urls":{"full":"","thumbnail":"","medium":"","medium_large":"","large":"","1536x1536":"","2048x2048":"","covernews-slider-full":"","covernews-slider-center":"","covernews-featured":"","covernews-medium":"","covernews-medium-square":""},"author_info":{"display_name":"Jo\u00ebl Diawa","author_link":"https:\/\/infos-droitshumains.net\/?author=2"},"category_info":"<a href=\"https:\/\/infos-droitshumains.net\/?cat=1\" rel=\"category\">Non class\u00e9<\/a>","tag_info":"Non class\u00e9","comment_count":"0","jetpack_featured_media_url":"","jetpack-related-posts":[],"jetpack_sharing_enabled":true,"_links":{"self":[{"href":"https:\/\/infos-droitshumains.net\/index.php?rest_route=\/wp\/v2\/posts\/1186","targetHints":{"allow":["GET"]}}],"collection":[{"href":"https:\/\/infos-droitshumains.net\/index.php?rest_route=\/wp\/v2\/posts"}],"about":[{"href":"https:\/\/infos-droitshumains.net\/index.php?rest_route=\/wp\/v2\/types\/post"}],"author":[{"embeddable":true,"href":"https:\/\/infos-droitshumains.net\/index.php?rest_route=\/wp\/v2\/users\/2"}],"replies":[{"embeddable":true,"href":"https:\/\/infos-droitshumains.net\/index.php?rest_route=%2Fwp%2Fv2%2Fcomments&post=1186"}],"version-history":[{"count":3,"href":"https:\/\/infos-droitshumains.net\/index.php?rest_route=\/wp\/v2\/posts\/1186\/revisions"}],"predecessor-version":[{"id":1195,"href":"https:\/\/infos-droitshumains.net\/index.php?rest_route=\/wp\/v2\/posts\/1186\/revisions\/1195"}],"wp:attachment":[{"href":"https:\/\/infos-droitshumains.net\/index.php?rest_route=%2Fwp%2Fv2%2Fmedia&parent=1186"}],"wp:term":[{"taxonomy":"category","embeddable":true,"href":"https:\/\/infos-droitshumains.net\/index.php?rest_route=%2Fwp%2Fv2%2Fcategories&post=1186"},{"taxonomy":"post_tag","embeddable":true,"href":"https:\/\/infos-droitshumains.net\/index.php?rest_route=%2Fwp%2Fv2%2Ftags&post=1186"}],"curies":[{"name":"wp","href":"https:\/\/api.w.org\/{rel}","templated":true}]}}