{"id":11835,"date":"2024-11-19T17:32:00","date_gmt":"2024-11-19T16:32:00","guid":{"rendered":"https:\/\/infos-droitshumains.net\/?p=11835"},"modified":"2024-11-20T15:26:10","modified_gmt":"2024-11-20T14:26:10","slug":"rdc-delly-sesanga-etait-parmi-les-plus-fervents-avocats-de-la-revision-de-la-constitution-patrick-muyaya","status":"publish","type":"post","link":"https:\/\/infos-droitshumains.net\/?p=11835","title":{"rendered":"RDC : \u00ab Delly Sesanga \u00e9tait parmi les plus fervents avocats de la r\u00e9vision de la constitution \u00bb (Patrick Muyaya)"},"content":{"rendered":"\n<p><strong>R\u00e9daction: +243 817 406 088<\/strong><\/p>\n\n\n\n<h3 class=\"wp-block-heading has-vivid-red-color has-text-color has-link-color wp-elements-221561a91b3819a11dd950a00656ff01\">La question relative au changement ou \u00e0 la r\u00e9vision de la constitution continue de d\u00e9frayer la chronique apr\u00e8s la r\u00e9cente d\u00e9claration du Pr\u00e9sident de la R\u00e9publique. Cette question d\u2019actualit\u00e9 n\u2019a pas \u00e9t\u00e9 \u00e9lud\u00e9e lors  du briefing sp\u00e9cial anim\u00e9 le lundi 18 novembre \u00e0 Lubumbashi par le porte-parole du gouvernement.Patrick Muyaya y est revenu sur \u00e0 la r\u00e9cente sortie m\u00e9diatique de l\u2019opposant Delly Sesanga.<\/h3>\n\n\n\n<p>Le Ministre de communication et m\u00e9dias a \u00e0 cet effet, rappel\u00e9 au pr\u00e9sident du parti ENVOL le combat qu\u2019ils avaient men\u00e9 ensemble pour changer, voire modifier la constitution du 18 f\u00e9vrier 2006 dans le cadre du G13. Il est <em><strong>\u00abincompr\u00e9hensible\u00bb<\/strong><\/em> \u00e0 l&rsquo;en croire, de voir cet opposant prendre aujourd\u2019hui pour pr\u00e9texte l\u2019avis du chef de l\u2019\u00c9tat sur cette question, pour s\u2019en prendre \u00e0 lui.<\/p>\n\n\n\n<p><em>\u00ab Nous \u00e9tions ensemble au G13 (Groupe de 13 parlementaires) qui avait, notamment milit\u00e9 pour des r\u00e9formes \u00e9lectorales. Je me souviens qu\u2019ici \u00e0 Lubumbashi, nous sommes venus \u00e0 l\u2019\u00e9poque pour rencontrer Mo\u00efse Katumbi pour lui faire part de nos propositions, nous avions rencontr\u00e9 le pr\u00e9sident de la R\u00e9publique pour lui faire part des r\u00e9flexions que nous avions r\u00e9colt\u00e9es pour am\u00e9liorer notre processus \u00e9lectoral \u00bb<\/em>, a rappel\u00e9 Patrick Muyaya. Dans les propositions qui ont \u00e9t\u00e9 faites, a-t-il rench\u00e9ri, <em>\u00ab nous tous nous avions endoss\u00e9 l\u2019id\u00e9e de faire la r\u00e9vision de la constitution, notamment pour qu\u2019on retourne au deuxi\u00e8me tour (de l\u2019\u00e9lection pr\u00e9sidentielle), nous \u00e9tions re\u00e7us \u00e0 deux reprises par le pr\u00e9sident de la R\u00e9publique, le seul groupe qui ne nous avait pas re\u00e7u, c\u2019est le FCC et nous avions fait l\u2019unanimit\u00e9 sur ce sujet \u00bb<\/em>.<\/p>\n\n\n\n<p>Aujourd\u2019hui, le porte-parole du gouvernement se dit constern\u00e9 par le mode op\u00e9ratoire et la versatilit\u00e9 de son ex compagnon de G13 :<\/p>\n\n\n\n<p><em>\u00ab \u2026moi je me d\u00e9sole, je ne sais pas si on veut faire la politique en termes de choses, je ne sais pas si c\u2019est une forme de haine qu\u2019on veut d\u00e9velopper vis-\u00e0-vis de la personne du Pr\u00e9sident de la R\u00e9publique, parce que je ne pense pas que le d\u00e9bat devrait se faire : si Oui ou Non on devrait retoucher \u00e0 notre constitution, Delly Sesanga \u00e9tait parmi les plus fervents avocats de cette r\u00e9vision \u00bb<\/em>, a insist\u00e9 Muyaya.<\/p>\n\n\n\n<p>Delly Sesanga fait partie des opposants au r\u00e9gime de Tshisekedi qui militent contre tout projet de changement ou r\u00e9vision de la constitution. Ensemble avec d\u2019autres opposants comme Katumbi, Martin Fayulu, Mukwege, Kabila, Lubaya, Matata, ils ont pr\u00e9vue une d\u00e9claration dans ce sens le mercredi 20 novembre.<\/p>\n\n\n\n<p>Jo\u00ebl Diawa <\/p>\n","protected":false},"excerpt":{"rendered":"<p>R\u00e9daction: +243 817 406 088 La question relative au changement ou \u00e0 la r\u00e9vision de&#8230;<\/p>\n","protected":false},"author":2,"featured_media":11838,"comment_status":"open","ping_status":"open","sticky":false,"template":"","format":"standard","meta":{"_jetpack_memberships_contains_paid_content":false,"footnotes":""},"categories":[3],"tags":[],"class_list":["post-11835","post","type-post","status-publish","format-standard","has-post-thumbnail","hentry","category-politique"],"yoast_head":"<!-- This site is optimized with the Yoast SEO plugin v27.5 - https:\/\/yoast.com\/product\/yoast-seo-wordpress\/ -->\n<title>RDC : \u00ab Delly Sesanga \u00e9tait parmi les plus fervents avocats de la r\u00e9vision de la constitution \u00bb (Patrick Muyaya) - Infos Droits Humains<\/title>\n<meta name=\"robots\" content=\"index, follow, max-snippet:-1, max-image-preview:large, max-video-preview:-1\" \/>\n<link rel=\"canonical\" href=\"https:\/\/infos-droitshumains.net\/?p=11835\" \/>\n<meta property=\"og:locale\" content=\"fr_FR\" \/>\n<meta property=\"og:type\" content=\"article\" \/>\n<meta property=\"og:title\" content=\"RDC : \u00ab Delly Sesanga \u00e9tait parmi les plus fervents avocats de la r\u00e9vision de la constitution \u00bb (Patrick Muyaya) - Infos Droits Humains\" \/>\n<meta property=\"og:description\" content=\"R\u00e9daction: +243 817 406 088 La question relative au changement ou \u00e0 la r\u00e9vision de...\" \/>\n<meta property=\"og:url\" content=\"https:\/\/infos-droitshumains.net\/?p=11835\" \/>\n<meta property=\"og:site_name\" content=\"Infos Droits Humains\" \/>\n<meta property=\"article:published_time\" content=\"2024-11-19T16:32:00+00:00\" \/>\n<meta property=\"article:modified_time\" content=\"2024-11-20T14:26:10+00:00\" \/>\n<meta property=\"og:image\" content=\"https:\/\/infos-droitshumains.net\/wp-content\/uploads\/2024\/11\/20241120_145738.jpg\" \/>\n\t<meta property=\"og:image:width\" content=\"733\" \/>\n\t<meta property=\"og:image:height\" content=\"717\" \/>\n\t<meta property=\"og:image:type\" content=\"image\/jpeg\" \/>\n<meta name=\"author\" content=\"Jo\u00ebl Diawa\" \/>\n<meta name=\"twitter:card\" content=\"summary_large_image\" \/>\n<meta name=\"twitter:label1\" content=\"\u00c9crit par\" \/>\n\t<meta name=\"twitter:data1\" content=\"Jo\u00ebl Diawa\" \/>\n\t<meta name=\"twitter:label2\" content=\"Dur\u00e9e de lecture estim\u00e9e\" \/>\n\t<meta name=\"twitter:data2\" content=\"3 minutes\" \/>\n<script type=\"application\/ld+json\" class=\"yoast-schema-graph\">{\"@context\":\"https:\\\/\\\/schema.org\",\"@graph\":[{\"@type\":\"Article\",\"@id\":\"https:\\\/\\\/infos-droitshumains.net\\\/?p=11835#article\",\"isPartOf\":{\"@id\":\"https:\\\/\\\/infos-droitshumains.net\\\/?p=11835\"},\"author\":{\"name\":\"Jo\u00ebl Diawa\",\"@id\":\"https:\\\/\\\/infos-droitshumains.net\\\/#\\\/schema\\\/person\\\/3dc5e921c3302172e0ed4362f96faab7\"},\"headline\":\"RDC : \u00ab Delly Sesanga \u00e9tait parmi les plus fervents avocats de la r\u00e9vision de la constitution \u00bb (Patrick Muyaya)\",\"datePublished\":\"2024-11-19T16:32:00+00:00\",\"dateModified\":\"2024-11-20T14:26:10+00:00\",\"mainEntityOfPage\":{\"@id\":\"https:\\\/\\\/infos-droitshumains.net\\\/?p=11835\"},\"wordCount\":473,\"commentCount\":0,\"publisher\":{\"@id\":\"https:\\\/\\\/infos-droitshumains.net\\\/#organization\"},\"image\":{\"@id\":\"https:\\\/\\\/infos-droitshumains.net\\\/?p=11835#primaryimage\"},\"thumbnailUrl\":\"https:\\\/\\\/i0.wp.com\\\/infos-droitshumains.net\\\/wp-content\\\/uploads\\\/2024\\\/11\\\/20241120_145738.jpg?fit=733%2C717&ssl=1\",\"articleSection\":[\"Politique\"],\"inLanguage\":\"fr-FR\",\"potentialAction\":[{\"@type\":\"CommentAction\",\"name\":\"Comment\",\"target\":[\"https:\\\/\\\/infos-droitshumains.net\\\/?p=11835#respond\"]}]},{\"@type\":\"WebPage\",\"@id\":\"https:\\\/\\\/infos-droitshumains.net\\\/?p=11835\",\"url\":\"https:\\\/\\\/infos-droitshumains.net\\\/?p=11835\",\"name\":\"RDC : \u00ab Delly Sesanga \u00e9tait parmi les plus fervents avocats de la r\u00e9vision de la constitution \u00bb (Patrick Muyaya) - Infos Droits Humains\",\"isPartOf\":{\"@id\":\"https:\\\/\\\/infos-droitshumains.net\\\/#website\"},\"primaryImageOfPage\":{\"@id\":\"https:\\\/\\\/infos-droitshumains.net\\\/?p=11835#primaryimage\"},\"image\":{\"@id\":\"https:\\\/\\\/infos-droitshumains.net\\\/?p=11835#primaryimage\"},\"thumbnailUrl\":\"https:\\\/\\\/i0.wp.com\\\/infos-droitshumains.net\\\/wp-content\\\/uploads\\\/2024\\\/11\\\/20241120_145738.jpg?fit=733%2C717&ssl=1\",\"datePublished\":\"2024-11-19T16:32:00+00:00\",\"dateModified\":\"2024-11-20T14:26:10+00:00\",\"breadcrumb\":{\"@id\":\"https:\\\/\\\/infos-droitshumains.net\\\/?p=11835#breadcrumb\"},\"inLanguage\":\"fr-FR\",\"potentialAction\":[{\"@type\":\"ReadAction\",\"target\":[\"https:\\\/\\\/infos-droitshumains.net\\\/?p=11835\"]}]},{\"@type\":\"ImageObject\",\"inLanguage\":\"fr-FR\",\"@id\":\"https:\\\/\\\/infos-droitshumains.net\\\/?p=11835#primaryimage\",\"url\":\"https:\\\/\\\/i0.wp.com\\\/infos-droitshumains.net\\\/wp-content\\\/uploads\\\/2024\\\/11\\\/20241120_145738.jpg?fit=733%2C717&ssl=1\",\"contentUrl\":\"https:\\\/\\\/i0.wp.com\\\/infos-droitshumains.net\\\/wp-content\\\/uploads\\\/2024\\\/11\\\/20241120_145738.jpg?fit=733%2C717&ssl=1\",\"width\":733,\"height\":717},{\"@type\":\"BreadcrumbList\",\"@id\":\"https:\\\/\\\/infos-droitshumains.net\\\/?p=11835#breadcrumb\",\"itemListElement\":[{\"@type\":\"ListItem\",\"position\":1,\"name\":\"Accueil\",\"item\":\"https:\\\/\\\/infos-droitshumains.net\\\/\"},{\"@type\":\"ListItem\",\"position\":2,\"name\":\"RDC : \u00ab Delly Sesanga \u00e9tait parmi les plus fervents avocats de la r\u00e9vision de la constitution \u00bb (Patrick Muyaya)\"}]},{\"@type\":\"WebSite\",\"@id\":\"https:\\\/\\\/infos-droitshumains.net\\\/#website\",\"url\":\"https:\\\/\\\/infos-droitshumains.net\\\/\",\"name\":\"Infos Droits Humains\",\"description\":\"S&#039;informer est un droit\",\"publisher\":{\"@id\":\"https:\\\/\\\/infos-droitshumains.net\\\/#organization\"},\"potentialAction\":[{\"@type\":\"SearchAction\",\"target\":{\"@type\":\"EntryPoint\",\"urlTemplate\":\"https:\\\/\\\/infos-droitshumains.net\\\/?s={search_term_string}\"},\"query-input\":{\"@type\":\"PropertyValueSpecification\",\"valueRequired\":true,\"valueName\":\"search_term_string\"}}],\"inLanguage\":\"fr-FR\"},{\"@type\":\"Organization\",\"@id\":\"https:\\\/\\\/infos-droitshumains.net\\\/#organization\",\"name\":\"Infos Droits Humains\",\"url\":\"https:\\\/\\\/infos-droitshumains.net\\\/\",\"logo\":{\"@type\":\"ImageObject\",\"inLanguage\":\"fr-FR\",\"@id\":\"https:\\\/\\\/infos-droitshumains.net\\\/#\\\/schema\\\/logo\\\/image\\\/\",\"url\":\"https:\\\/\\\/i0.wp.com\\\/infos-droitshumains.net\\\/wp-content\\\/uploads\\\/2022\\\/05\\\/Logo.png?fit=333%2C129&ssl=1\",\"contentUrl\":\"https:\\\/\\\/i0.wp.com\\\/infos-droitshumains.net\\\/wp-content\\\/uploads\\\/2022\\\/05\\\/Logo.png?fit=333%2C129&ssl=1\",\"width\":333,\"height\":129,\"caption\":\"Infos Droits Humains\"},\"image\":{\"@id\":\"https:\\\/\\\/infos-droitshumains.net\\\/#\\\/schema\\\/logo\\\/image\\\/\"}},{\"@type\":\"Person\",\"@id\":\"https:\\\/\\\/infos-droitshumains.net\\\/#\\\/schema\\\/person\\\/3dc5e921c3302172e0ed4362f96faab7\",\"name\":\"Jo\u00ebl Diawa\",\"image\":{\"@type\":\"ImageObject\",\"inLanguage\":\"fr-FR\",\"@id\":\"https:\\\/\\\/secure.gravatar.com\\\/avatar\\\/729bea6ff4604c624417803c477363be8e3c7186deaa65713313f9b4b820f41c?s=96&d=mm&r=g\",\"url\":\"https:\\\/\\\/secure.gravatar.com\\\/avatar\\\/729bea6ff4604c624417803c477363be8e3c7186deaa65713313f9b4b820f41c?s=96&d=mm&r=g\",\"contentUrl\":\"https:\\\/\\\/secure.gravatar.com\\\/avatar\\\/729bea6ff4604c624417803c477363be8e3c7186deaa65713313f9b4b820f41c?s=96&d=mm&r=g\",\"caption\":\"Jo\u00ebl Diawa\"},\"sameAs\":[\"https:\\\/\\\/www.infos-droitshumains.net\"],\"url\":\"https:\\\/\\\/infos-droitshumains.net\\\/?author=2\"}]}<\/script>\n<!-- \/ Yoast SEO plugin. -->","yoast_head_json":{"title":"RDC : \u00ab Delly Sesanga \u00e9tait parmi les plus fervents avocats de la r\u00e9vision de la constitution \u00bb (Patrick Muyaya) - Infos Droits Humains","robots":{"index":"index","follow":"follow","max-snippet":"max-snippet:-1","max-image-preview":"max-image-preview:large","max-video-preview":"max-video-preview:-1"},"canonical":"https:\/\/infos-droitshumains.net\/?p=11835","og_locale":"fr_FR","og_type":"article","og_title":"RDC : \u00ab Delly Sesanga \u00e9tait parmi les plus fervents avocats de la r\u00e9vision de la constitution \u00bb (Patrick Muyaya) - Infos Droits Humains","og_description":"R\u00e9daction: +243 817 406 088 La question relative au changement ou \u00e0 la r\u00e9vision de...","og_url":"https:\/\/infos-droitshumains.net\/?p=11835","og_site_name":"Infos Droits Humains","article_published_time":"2024-11-19T16:32:00+00:00","article_modified_time":"2024-11-20T14:26:10+00:00","og_image":[{"width":733,"height":717,"url":"https:\/\/infos-droitshumains.net\/wp-content\/uploads\/2024\/11\/20241120_145738.jpg","type":"image\/jpeg"}],"author":"Jo\u00ebl Diawa","twitter_card":"summary_large_image","twitter_misc":{"\u00c9crit par":"Jo\u00ebl Diawa","Dur\u00e9e de lecture estim\u00e9e":"3 minutes"},"schema":{"@context":"https:\/\/schema.org","@graph":[{"@type":"Article","@id":"https:\/\/infos-droitshumains.net\/?p=11835#article","isPartOf":{"@id":"https:\/\/infos-droitshumains.net\/?p=11835"},"author":{"name":"Jo\u00ebl Diawa","@id":"https:\/\/infos-droitshumains.net\/#\/schema\/person\/3dc5e921c3302172e0ed4362f96faab7"},"headline":"RDC : \u00ab Delly Sesanga \u00e9tait parmi les plus fervents avocats de la r\u00e9vision de la constitution \u00bb (Patrick Muyaya)","datePublished":"2024-11-19T16:32:00+00:00","dateModified":"2024-11-20T14:26:10+00:00","mainEntityOfPage":{"@id":"https:\/\/infos-droitshumains.net\/?p=11835"},"wordCount":473,"commentCount":0,"publisher":{"@id":"https:\/\/infos-droitshumains.net\/#organization"},"image":{"@id":"https:\/\/infos-droitshumains.net\/?p=11835#primaryimage"},"thumbnailUrl":"https:\/\/i0.wp.com\/infos-droitshumains.net\/wp-content\/uploads\/2024\/11\/20241120_145738.jpg?fit=733%2C717&ssl=1","articleSection":["Politique"],"inLanguage":"fr-FR","potentialAction":[{"@type":"CommentAction","name":"Comment","target":["https:\/\/infos-droitshumains.net\/?p=11835#respond"]}]},{"@type":"WebPage","@id":"https:\/\/infos-droitshumains.net\/?p=11835","url":"https:\/\/infos-droitshumains.net\/?p=11835","name":"RDC : \u00ab Delly Sesanga \u00e9tait parmi les plus fervents avocats de la r\u00e9vision de la constitution \u00bb (Patrick Muyaya) - Infos Droits Humains","isPartOf":{"@id":"https:\/\/infos-droitshumains.net\/#website"},"primaryImageOfPage":{"@id":"https:\/\/infos-droitshumains.net\/?p=11835#primaryimage"},"image":{"@id":"https:\/\/infos-droitshumains.net\/?p=11835#primaryimage"},"thumbnailUrl":"https:\/\/i0.wp.com\/infos-droitshumains.net\/wp-content\/uploads\/2024\/11\/20241120_145738.jpg?fit=733%2C717&ssl=1","datePublished":"2024-11-19T16:32:00+00:00","dateModified":"2024-11-20T14:26:10+00:00","breadcrumb":{"@id":"https:\/\/infos-droitshumains.net\/?p=11835#breadcrumb"},"inLanguage":"fr-FR","potentialAction":[{"@type":"ReadAction","target":["https:\/\/infos-droitshumains.net\/?p=11835"]}]},{"@type":"ImageObject","inLanguage":"fr-FR","@id":"https:\/\/infos-droitshumains.net\/?p=11835#primaryimage","url":"https:\/\/i0.wp.com\/infos-droitshumains.net\/wp-content\/uploads\/2024\/11\/20241120_145738.jpg?fit=733%2C717&ssl=1","contentUrl":"https:\/\/i0.wp.com\/infos-droitshumains.net\/wp-content\/uploads\/2024\/11\/20241120_145738.jpg?fit=733%2C717&ssl=1","width":733,"height":717},{"@type":"BreadcrumbList","@id":"https:\/\/infos-droitshumains.net\/?p=11835#breadcrumb","itemListElement":[{"@type":"ListItem","position":1,"name":"Accueil","item":"https:\/\/infos-droitshumains.net\/"},{"@type":"ListItem","position":2,"name":"RDC : \u00ab Delly Sesanga \u00e9tait parmi les plus fervents avocats de la r\u00e9vision de la constitution \u00bb (Patrick Muyaya)"}]},{"@type":"WebSite","@id":"https:\/\/infos-droitshumains.net\/#website","url":"https:\/\/infos-droitshumains.net\/","name":"Infos Droits Humains","description":"S&#039;informer est un droit","publisher":{"@id":"https:\/\/infos-droitshumains.net\/#organization"},"potentialAction":[{"@type":"SearchAction","target":{"@type":"EntryPoint","urlTemplate":"https:\/\/infos-droitshumains.net\/?s={search_term_string}"},"query-input":{"@type":"PropertyValueSpecification","valueRequired":true,"valueName":"search_term_string"}}],"inLanguage":"fr-FR"},{"@type":"Organization","@id":"https:\/\/infos-droitshumains.net\/#organization","name":"Infos Droits Humains","url":"https:\/\/infos-droitshumains.net\/","logo":{"@type":"ImageObject","inLanguage":"fr-FR","@id":"https:\/\/infos-droitshumains.net\/#\/schema\/logo\/image\/","url":"https:\/\/i0.wp.com\/infos-droitshumains.net\/wp-content\/uploads\/2022\/05\/Logo.png?fit=333%2C129&ssl=1","contentUrl":"https:\/\/i0.wp.com\/infos-droitshumains.net\/wp-content\/uploads\/2022\/05\/Logo.png?fit=333%2C129&ssl=1","width":333,"height":129,"caption":"Infos Droits Humains"},"image":{"@id":"https:\/\/infos-droitshumains.net\/#\/schema\/logo\/image\/"}},{"@type":"Person","@id":"https:\/\/infos-droitshumains.net\/#\/schema\/person\/3dc5e921c3302172e0ed4362f96faab7","name":"Jo\u00ebl Diawa","image":{"@type":"ImageObject","inLanguage":"fr-FR","@id":"https:\/\/secure.gravatar.com\/avatar\/729bea6ff4604c624417803c477363be8e3c7186deaa65713313f9b4b820f41c?s=96&d=mm&r=g","url":"https:\/\/secure.gravatar.com\/avatar\/729bea6ff4604c624417803c477363be8e3c7186deaa65713313f9b4b820f41c?s=96&d=mm&r=g","contentUrl":"https:\/\/secure.gravatar.com\/avatar\/729bea6ff4604c624417803c477363be8e3c7186deaa65713313f9b4b820f41c?s=96&d=mm&r=g","caption":"Jo\u00ebl Diawa"},"sameAs":["https:\/\/www.infos-droitshumains.net"],"url":"https:\/\/infos-droitshumains.net\/?author=2"}]}},"featured_image_urls":{"full":["https:\/\/i0.wp.com\/infos-droitshumains.net\/wp-content\/uploads\/2024\/11\/20241120_145738.jpg?fit=733%2C717&ssl=1",733,717,false],"thumbnail":["https:\/\/i0.wp.com\/infos-droitshumains.net\/wp-content\/uploads\/2024\/11\/20241120_145738.jpg?resize=150%2C150&ssl=1",150,150,true],"medium":["https:\/\/i0.wp.com\/infos-droitshumains.net\/wp-content\/uploads\/2024\/11\/20241120_145738.jpg?fit=300%2C293&ssl=1",300,293,true],"medium_large":["https:\/\/i0.wp.com\/infos-droitshumains.net\/wp-content\/uploads\/2024\/11\/20241120_145738.jpg?fit=640%2C626&ssl=1",640,626,true],"large":["https:\/\/i0.wp.com\/infos-droitshumains.net\/wp-content\/uploads\/2024\/11\/20241120_145738.jpg?fit=640%2C626&ssl=1",640,626,true],"1536x1536":["https:\/\/i0.wp.com\/infos-droitshumains.net\/wp-content\/uploads\/2024\/11\/20241120_145738.jpg?fit=733%2C717&ssl=1",733,717,true],"2048x2048":["https:\/\/i0.wp.com\/infos-droitshumains.net\/wp-content\/uploads\/2024\/11\/20241120_145738.jpg?fit=733%2C717&ssl=1",733,717,true],"covernews-slider-full":["https:\/\/i0.wp.com\/infos-droitshumains.net\/wp-content\/uploads\/2024\/11\/20241120_145738.jpg?resize=733%2C715&ssl=1",733,715,true],"covernews-slider-center":["https:\/\/i0.wp.com\/infos-droitshumains.net\/wp-content\/uploads\/2024\/11\/20241120_145738.jpg?resize=733%2C500&ssl=1",733,500,true],"covernews-featured":["https:\/\/i0.wp.com\/infos-droitshumains.net\/wp-content\/uploads\/2024\/11\/20241120_145738.jpg?fit=733%2C717&ssl=1",733,717,true],"covernews-medium":["https:\/\/i0.wp.com\/infos-droitshumains.net\/wp-content\/uploads\/2024\/11\/20241120_145738.jpg?resize=540%2C340&ssl=1",540,340,true],"covernews-medium-square":["https:\/\/i0.wp.com\/infos-droitshumains.net\/wp-content\/uploads\/2024\/11\/20241120_145738.jpg?resize=400%2C250&ssl=1",400,250,true]},"author_info":{"display_name":"Jo\u00ebl Diawa","author_link":"https:\/\/infos-droitshumains.net\/?author=2"},"category_info":"<a href=\"https:\/\/infos-droitshumains.net\/?cat=3\" rel=\"category\">Politique<\/a>","tag_info":"Politique","comment_count":"0","jetpack_featured_media_url":"https:\/\/i0.wp.com\/infos-droitshumains.net\/wp-content\/uploads\/2024\/11\/20241120_145738.jpg?fit=733%2C717&ssl=1","jetpack-related-posts":[],"jetpack_sharing_enabled":true,"_links":{"self":[{"href":"https:\/\/infos-droitshumains.net\/index.php?rest_route=\/wp\/v2\/posts\/11835","targetHints":{"allow":["GET"]}}],"collection":[{"href":"https:\/\/infos-droitshumains.net\/index.php?rest_route=\/wp\/v2\/posts"}],"about":[{"href":"https:\/\/infos-droitshumains.net\/index.php?rest_route=\/wp\/v2\/types\/post"}],"author":[{"embeddable":true,"href":"https:\/\/infos-droitshumains.net\/index.php?rest_route=\/wp\/v2\/users\/2"}],"replies":[{"embeddable":true,"href":"https:\/\/infos-droitshumains.net\/index.php?rest_route=%2Fwp%2Fv2%2Fcomments&post=11835"}],"version-history":[{"count":2,"href":"https:\/\/infos-droitshumains.net\/index.php?rest_route=\/wp\/v2\/posts\/11835\/revisions"}],"predecessor-version":[{"id":11837,"href":"https:\/\/infos-droitshumains.net\/index.php?rest_route=\/wp\/v2\/posts\/11835\/revisions\/11837"}],"wp:featuredmedia":[{"embeddable":true,"href":"https:\/\/infos-droitshumains.net\/index.php?rest_route=\/wp\/v2\/media\/11838"}],"wp:attachment":[{"href":"https:\/\/infos-droitshumains.net\/index.php?rest_route=%2Fwp%2Fv2%2Fmedia&parent=11835"}],"wp:term":[{"taxonomy":"category","embeddable":true,"href":"https:\/\/infos-droitshumains.net\/index.php?rest_route=%2Fwp%2Fv2%2Fcategories&post=11835"},{"taxonomy":"post_tag","embeddable":true,"href":"https:\/\/infos-droitshumains.net\/index.php?rest_route=%2Fwp%2Fv2%2Ftags&post=11835"}],"curies":[{"name":"wp","href":"https:\/\/api.w.org\/{rel}","templated":true}]}}