{"id":11804,"date":"2024-11-18T21:08:04","date_gmt":"2024-11-18T20:08:04","guid":{"rendered":"https:\/\/infos-droitshumains.net\/?p=11804"},"modified":"2024-11-18T21:21:42","modified_gmt":"2024-11-18T20:21:42","slug":"instauration-de-la-filiere-de-medecine-legale-dans-les-universites-de-la-rdc-apres-production-et-validation-du-descripteur-la-maquette-de-formation-est-desormais-complete","status":"publish","type":"post","link":"https:\/\/infos-droitshumains.net\/?p=11804","title":{"rendered":"Instauration de la fili\u00e8re de m\u00e9decine l\u00e9gale dans les universit\u00e9s de la RDC : Apr\u00e8s production et validation du descripteur, la maquette de formation est d\u00e9sormais compl\u00e8te"},"content":{"rendered":"\n<p><strong>R\u00e9daction :+243817406088<\/strong><\/p>\n\n\n\n<h3 class=\"wp-block-heading has-vivid-red-color has-text-color has-link-color wp-elements-58c0271c13459ad5b8819587aed5264a\">La maquette de formation pour la mise en place de la fili\u00e8re de m\u00e9decine l\u00e9gale dans les universit\u00e9s de la R\u00e9publique D\u00e9mocratique du Congo est d\u00e9sormais compl\u00e8te apr\u00e8s la production et la validation du descripteur des unit\u00e9s d&rsquo;enseignements.<\/h3>\n\n\n\n<p>C&rsquo;est l&rsquo;issue de l&rsquo;atelier de la task force curriculaire organis\u00e9 du 15 au 17 novembre 2024 par le Bureau Conjoint des Nations Unies aux Droits de l&rsquo;Homme (BCNUDH).<\/p>\n\n\n\n<p><em>\u00ab Aujourd&rsquo;hui, nous venons de stabiliser le descripteur des unit\u00e9s d&rsquo;enseignements qui accompagne cette maquette de formation ; et c&rsquo;\u00e9tait \u00e7a qu&rsquo;on attendait comme le produit final de ce travail. La maquette est constitu\u00e9e de 20 unit\u00e9s d&rsquo;enseignements selon les exigences du syst\u00e8me LMD pour un cursus de 4 ans. il y a des unit\u00e9s d&rsquo;enseignements qui portent sur le droit p\u00e9nal, l&rsquo;autopsie et la recherche \u00bb<\/em>, a dit  le professeur Kabule Weva, coordonnateur de ces travaux.<\/p>\n\n\n\n<figure class=\"wp-block-image alignfull size-large\"><img data-recalc-dims=\"1\" fetchpriority=\"high\" decoding=\"async\" width=\"640\" height=\"480\" src=\"https:\/\/i0.wp.com\/infos-droitshumains.net\/wp-content\/uploads\/2024\/11\/IMG-20241118-WA0008.jpg?resize=640%2C480&#038;ssl=1\" alt=\"\" class=\"wp-image-11815\" srcset=\"https:\/\/i0.wp.com\/infos-droitshumains.net\/wp-content\/uploads\/2024\/11\/IMG-20241118-WA0008.jpg?resize=1024%2C768&amp;ssl=1 1024w, https:\/\/i0.wp.com\/infos-droitshumains.net\/wp-content\/uploads\/2024\/11\/IMG-20241118-WA0008.jpg?resize=300%2C225&amp;ssl=1 300w, https:\/\/i0.wp.com\/infos-droitshumains.net\/wp-content\/uploads\/2024\/11\/IMG-20241118-WA0008.jpg?resize=768%2C576&amp;ssl=1 768w, https:\/\/i0.wp.com\/infos-droitshumains.net\/wp-content\/uploads\/2024\/11\/IMG-20241118-WA0008.jpg?w=1280&amp;ssl=1 1280w\" sizes=\"(max-width: 640px) 100vw, 640px\" \/><\/figure>\n\n\n\n<p>Au vu du caract\u00e8re pluridisciplinaire de la m\u00e9decine l\u00e9gale, ces assises ont connu la participation des experts de diff\u00e9rents domaines des sciences humaines venus des autres provinces du pays et d&rsquo;ailleurs.<\/p>\n\n\n\n<p><em>\u00ab Concr\u00e8tement, j&rsquo;ai partag\u00e9 mon exp\u00e9rience en qualit\u00e9 de m\u00e9decin l\u00e9giste. J&rsquo;ai pr\u00e9sent\u00e9 aux amis la fa\u00e7on dont cette fili\u00e8re doit \u00eatre organis\u00e9e dans notre pays, quels sont les modules obligatoires que celui qui veut devenir m\u00e9decin l\u00e9giste doit apprendre, de quelle mani\u00e8re on doit les faire et qui doit dispenser ces cours \u00bb<\/em>, a rappel\u00e9 D\u00e9sir\u00e9 Almeti Munuali, professeur en m\u00e9decine l\u00e9gale.<\/p>\n\n\n\n<figure class=\"wp-block-image alignfull size-full\"><img data-recalc-dims=\"1\" decoding=\"async\" width=\"640\" height=\"480\" src=\"https:\/\/i0.wp.com\/infos-droitshumains.net\/wp-content\/uploads\/2024\/11\/IMG-20241118-WA0010.jpg?resize=640%2C480&#038;ssl=1\" alt=\"\" class=\"wp-image-11810\" srcset=\"https:\/\/i0.wp.com\/infos-droitshumains.net\/wp-content\/uploads\/2024\/11\/IMG-20241118-WA0010.jpg?w=1024&amp;ssl=1 1024w, https:\/\/i0.wp.com\/infos-droitshumains.net\/wp-content\/uploads\/2024\/11\/IMG-20241118-WA0010.jpg?resize=300%2C225&amp;ssl=1 300w, https:\/\/i0.wp.com\/infos-droitshumains.net\/wp-content\/uploads\/2024\/11\/IMG-20241118-WA0010.jpg?resize=768%2C576&amp;ssl=1 768w\" sizes=\"(max-width: 640px) 100vw, 640px\" \/><\/figure>\n\n\n\n<p>Et pour Albert Mbokolo Ntikala, professeur de droit, cette fili\u00e8re de m\u00e9decine l\u00e9gale tend \u00e0 s&rsquo;installer en RDC dans l&rsquo;objectif de <em>\u00ab lutter contre l&rsquo;impunit\u00e9. \u00bb<\/em> <em>\u00ab c&rsquo;est comme \u00e7a que dans le cadre de cette formation, il y a eu quelques unit\u00e9s d&rsquo;enseignement qui concernent les \u00e9l\u00e9ments du droit, mais aussi de la criminologie pour permettre aux m\u00e9decins l\u00e9gistes d&rsquo;\u00eatre complets \u00bb<\/em>, a-t-il poursuivi.<\/p>\n\n\n\n<figure class=\"wp-block-image alignfull size-full\"><img data-recalc-dims=\"1\" decoding=\"async\" width=\"640\" height=\"480\" src=\"https:\/\/i0.wp.com\/infos-droitshumains.net\/wp-content\/uploads\/2024\/11\/IMG-20241118-WA0009.jpg?resize=640%2C480&#038;ssl=1\" alt=\"\" class=\"wp-image-11813\" srcset=\"https:\/\/i0.wp.com\/infos-droitshumains.net\/wp-content\/uploads\/2024\/11\/IMG-20241118-WA0009.jpg?w=1024&amp;ssl=1 1024w, https:\/\/i0.wp.com\/infos-droitshumains.net\/wp-content\/uploads\/2024\/11\/IMG-20241118-WA0009.jpg?resize=300%2C225&amp;ssl=1 300w, https:\/\/i0.wp.com\/infos-droitshumains.net\/wp-content\/uploads\/2024\/11\/IMG-20241118-WA0009.jpg?resize=768%2C576&amp;ssl=1 768w\" sizes=\"(max-width: 640px) 100vw, 640px\" \/><\/figure>\n\n\n\n<p>Cette maquette de formation sera pr\u00e9sent\u00e9e au gouvernement avant sa mise en \u0153uvre en R\u00e9publique D\u00e9mocratique du Congo.<\/p>\n\n\n\n<p>AM<\/p>\n","protected":false},"excerpt":{"rendered":"<p>R\u00e9daction :+243817406088 La maquette de formation pour la mise en place de la fili\u00e8re de&#8230;<\/p>\n","protected":false},"author":2,"featured_media":11807,"comment_status":"open","ping_status":"open","sticky":false,"template":"","format":"standard","meta":{"_jetpack_memberships_contains_paid_content":false,"footnotes":""},"categories":[7],"tags":[],"class_list":["post-11804","post","type-post","status-publish","format-standard","has-post-thumbnail","hentry","category-droits-humains"],"yoast_head":"<!-- This site is optimized with the Yoast SEO plugin v27.5 - https:\/\/yoast.com\/product\/yoast-seo-wordpress\/ -->\n<title>Instauration de la fili\u00e8re de m\u00e9decine l\u00e9gale dans les universit\u00e9s de la RDC : Apr\u00e8s production et validation du descripteur, la maquette de formation est d\u00e9sormais compl\u00e8te - Infos Droits Humains<\/title>\n<meta name=\"robots\" content=\"index, follow, max-snippet:-1, max-image-preview:large, max-video-preview:-1\" \/>\n<link rel=\"canonical\" href=\"https:\/\/infos-droitshumains.net\/?p=11804\" \/>\n<meta property=\"og:locale\" content=\"fr_FR\" \/>\n<meta property=\"og:type\" content=\"article\" \/>\n<meta property=\"og:title\" content=\"Instauration de la fili\u00e8re de m\u00e9decine l\u00e9gale dans les universit\u00e9s de la RDC : Apr\u00e8s production et validation du descripteur, la maquette de formation est d\u00e9sormais compl\u00e8te - Infos Droits Humains\" \/>\n<meta property=\"og:description\" content=\"R\u00e9daction :+243817406088 La maquette de formation pour la mise en place de la fili\u00e8re de...\" \/>\n<meta property=\"og:url\" content=\"https:\/\/infos-droitshumains.net\/?p=11804\" \/>\n<meta property=\"og:site_name\" content=\"Infos Droits Humains\" \/>\n<meta property=\"article:published_time\" content=\"2024-11-18T20:08:04+00:00\" \/>\n<meta property=\"article:modified_time\" content=\"2024-11-18T20:21:42+00:00\" \/>\n<meta property=\"og:image\" content=\"https:\/\/infos-droitshumains.net\/wp-content\/uploads\/2024\/11\/IMG-20241118-WA0011_1.jpg\" \/>\n\t<meta property=\"og:image:width\" content=\"1029\" \/>\n\t<meta property=\"og:image:height\" content=\"693\" \/>\n\t<meta property=\"og:image:type\" content=\"image\/jpeg\" \/>\n<meta name=\"author\" content=\"Jo\u00ebl Diawa\" \/>\n<meta name=\"twitter:card\" content=\"summary_large_image\" \/>\n<meta name=\"twitter:label1\" content=\"\u00c9crit par\" \/>\n\t<meta name=\"twitter:data1\" content=\"Jo\u00ebl Diawa\" \/>\n\t<meta name=\"twitter:label2\" content=\"Dur\u00e9e de lecture estim\u00e9e\" \/>\n\t<meta name=\"twitter:data2\" content=\"3 minutes\" \/>\n<script type=\"application\/ld+json\" class=\"yoast-schema-graph\">{\"@context\":\"https:\\\/\\\/schema.org\",\"@graph\":[{\"@type\":\"Article\",\"@id\":\"https:\\\/\\\/infos-droitshumains.net\\\/?p=11804#article\",\"isPartOf\":{\"@id\":\"https:\\\/\\\/infos-droitshumains.net\\\/?p=11804\"},\"author\":{\"name\":\"Jo\u00ebl Diawa\",\"@id\":\"https:\\\/\\\/infos-droitshumains.net\\\/#\\\/schema\\\/person\\\/3dc5e921c3302172e0ed4362f96faab7\"},\"headline\":\"Instauration de la fili\u00e8re de m\u00e9decine l\u00e9gale dans les universit\u00e9s de la RDC : Apr\u00e8s production et validation du descripteur, la maquette de formation est d\u00e9sormais compl\u00e8te\",\"datePublished\":\"2024-11-18T20:08:04+00:00\",\"dateModified\":\"2024-11-18T20:21:42+00:00\",\"mainEntityOfPage\":{\"@id\":\"https:\\\/\\\/infos-droitshumains.net\\\/?p=11804\"},\"wordCount\":388,\"commentCount\":0,\"publisher\":{\"@id\":\"https:\\\/\\\/infos-droitshumains.net\\\/#organization\"},\"image\":{\"@id\":\"https:\\\/\\\/infos-droitshumains.net\\\/?p=11804#primaryimage\"},\"thumbnailUrl\":\"https:\\\/\\\/i0.wp.com\\\/infos-droitshumains.net\\\/wp-content\\\/uploads\\\/2024\\\/11\\\/IMG-20241118-WA0011_1.jpg?fit=1029%2C693&ssl=1\",\"articleSection\":[\"Droits Humains\"],\"inLanguage\":\"fr-FR\",\"potentialAction\":[{\"@type\":\"CommentAction\",\"name\":\"Comment\",\"target\":[\"https:\\\/\\\/infos-droitshumains.net\\\/?p=11804#respond\"]}]},{\"@type\":\"WebPage\",\"@id\":\"https:\\\/\\\/infos-droitshumains.net\\\/?p=11804\",\"url\":\"https:\\\/\\\/infos-droitshumains.net\\\/?p=11804\",\"name\":\"Instauration de la fili\u00e8re de m\u00e9decine l\u00e9gale dans les universit\u00e9s de la RDC : Apr\u00e8s production et validation du descripteur, la maquette de formation est d\u00e9sormais compl\u00e8te - Infos Droits Humains\",\"isPartOf\":{\"@id\":\"https:\\\/\\\/infos-droitshumains.net\\\/#website\"},\"primaryImageOfPage\":{\"@id\":\"https:\\\/\\\/infos-droitshumains.net\\\/?p=11804#primaryimage\"},\"image\":{\"@id\":\"https:\\\/\\\/infos-droitshumains.net\\\/?p=11804#primaryimage\"},\"thumbnailUrl\":\"https:\\\/\\\/i0.wp.com\\\/infos-droitshumains.net\\\/wp-content\\\/uploads\\\/2024\\\/11\\\/IMG-20241118-WA0011_1.jpg?fit=1029%2C693&ssl=1\",\"datePublished\":\"2024-11-18T20:08:04+00:00\",\"dateModified\":\"2024-11-18T20:21:42+00:00\",\"breadcrumb\":{\"@id\":\"https:\\\/\\\/infos-droitshumains.net\\\/?p=11804#breadcrumb\"},\"inLanguage\":\"fr-FR\",\"potentialAction\":[{\"@type\":\"ReadAction\",\"target\":[\"https:\\\/\\\/infos-droitshumains.net\\\/?p=11804\"]}]},{\"@type\":\"ImageObject\",\"inLanguage\":\"fr-FR\",\"@id\":\"https:\\\/\\\/infos-droitshumains.net\\\/?p=11804#primaryimage\",\"url\":\"https:\\\/\\\/i0.wp.com\\\/infos-droitshumains.net\\\/wp-content\\\/uploads\\\/2024\\\/11\\\/IMG-20241118-WA0011_1.jpg?fit=1029%2C693&ssl=1\",\"contentUrl\":\"https:\\\/\\\/i0.wp.com\\\/infos-droitshumains.net\\\/wp-content\\\/uploads\\\/2024\\\/11\\\/IMG-20241118-WA0011_1.jpg?fit=1029%2C693&ssl=1\",\"width\":1029,\"height\":693},{\"@type\":\"BreadcrumbList\",\"@id\":\"https:\\\/\\\/infos-droitshumains.net\\\/?p=11804#breadcrumb\",\"itemListElement\":[{\"@type\":\"ListItem\",\"position\":1,\"name\":\"Accueil\",\"item\":\"https:\\\/\\\/infos-droitshumains.net\\\/\"},{\"@type\":\"ListItem\",\"position\":2,\"name\":\"Instauration de la fili\u00e8re de m\u00e9decine l\u00e9gale dans les universit\u00e9s de la RDC : Apr\u00e8s production et validation du descripteur, la maquette de formation est d\u00e9sormais compl\u00e8te\"}]},{\"@type\":\"WebSite\",\"@id\":\"https:\\\/\\\/infos-droitshumains.net\\\/#website\",\"url\":\"https:\\\/\\\/infos-droitshumains.net\\\/\",\"name\":\"Infos Droits Humains\",\"description\":\"S&#039;informer est un droit\",\"publisher\":{\"@id\":\"https:\\\/\\\/infos-droitshumains.net\\\/#organization\"},\"potentialAction\":[{\"@type\":\"SearchAction\",\"target\":{\"@type\":\"EntryPoint\",\"urlTemplate\":\"https:\\\/\\\/infos-droitshumains.net\\\/?s={search_term_string}\"},\"query-input\":{\"@type\":\"PropertyValueSpecification\",\"valueRequired\":true,\"valueName\":\"search_term_string\"}}],\"inLanguage\":\"fr-FR\"},{\"@type\":\"Organization\",\"@id\":\"https:\\\/\\\/infos-droitshumains.net\\\/#organization\",\"name\":\"Infos Droits Humains\",\"url\":\"https:\\\/\\\/infos-droitshumains.net\\\/\",\"logo\":{\"@type\":\"ImageObject\",\"inLanguage\":\"fr-FR\",\"@id\":\"https:\\\/\\\/infos-droitshumains.net\\\/#\\\/schema\\\/logo\\\/image\\\/\",\"url\":\"https:\\\/\\\/i0.wp.com\\\/infos-droitshumains.net\\\/wp-content\\\/uploads\\\/2022\\\/05\\\/Logo.png?fit=333%2C129&ssl=1\",\"contentUrl\":\"https:\\\/\\\/i0.wp.com\\\/infos-droitshumains.net\\\/wp-content\\\/uploads\\\/2022\\\/05\\\/Logo.png?fit=333%2C129&ssl=1\",\"width\":333,\"height\":129,\"caption\":\"Infos Droits Humains\"},\"image\":{\"@id\":\"https:\\\/\\\/infos-droitshumains.net\\\/#\\\/schema\\\/logo\\\/image\\\/\"}},{\"@type\":\"Person\",\"@id\":\"https:\\\/\\\/infos-droitshumains.net\\\/#\\\/schema\\\/person\\\/3dc5e921c3302172e0ed4362f96faab7\",\"name\":\"Jo\u00ebl Diawa\",\"image\":{\"@type\":\"ImageObject\",\"inLanguage\":\"fr-FR\",\"@id\":\"https:\\\/\\\/secure.gravatar.com\\\/avatar\\\/729bea6ff4604c624417803c477363be8e3c7186deaa65713313f9b4b820f41c?s=96&d=mm&r=g\",\"url\":\"https:\\\/\\\/secure.gravatar.com\\\/avatar\\\/729bea6ff4604c624417803c477363be8e3c7186deaa65713313f9b4b820f41c?s=96&d=mm&r=g\",\"contentUrl\":\"https:\\\/\\\/secure.gravatar.com\\\/avatar\\\/729bea6ff4604c624417803c477363be8e3c7186deaa65713313f9b4b820f41c?s=96&d=mm&r=g\",\"caption\":\"Jo\u00ebl Diawa\"},\"sameAs\":[\"https:\\\/\\\/www.infos-droitshumains.net\"],\"url\":\"https:\\\/\\\/infos-droitshumains.net\\\/?author=2\"}]}<\/script>\n<!-- \/ Yoast SEO plugin. -->","yoast_head_json":{"title":"Instauration de la fili\u00e8re de m\u00e9decine l\u00e9gale dans les universit\u00e9s de la RDC : Apr\u00e8s production et validation du descripteur, la maquette de formation est d\u00e9sormais compl\u00e8te - Infos Droits Humains","robots":{"index":"index","follow":"follow","max-snippet":"max-snippet:-1","max-image-preview":"max-image-preview:large","max-video-preview":"max-video-preview:-1"},"canonical":"https:\/\/infos-droitshumains.net\/?p=11804","og_locale":"fr_FR","og_type":"article","og_title":"Instauration de la fili\u00e8re de m\u00e9decine l\u00e9gale dans les universit\u00e9s de la RDC : Apr\u00e8s production et validation du descripteur, la maquette de formation est d\u00e9sormais compl\u00e8te - Infos Droits Humains","og_description":"R\u00e9daction :+243817406088 La maquette de formation pour la mise en place de la fili\u00e8re de...","og_url":"https:\/\/infos-droitshumains.net\/?p=11804","og_site_name":"Infos Droits Humains","article_published_time":"2024-11-18T20:08:04+00:00","article_modified_time":"2024-11-18T20:21:42+00:00","og_image":[{"width":1029,"height":693,"url":"https:\/\/infos-droitshumains.net\/wp-content\/uploads\/2024\/11\/IMG-20241118-WA0011_1.jpg","type":"image\/jpeg"}],"author":"Jo\u00ebl Diawa","twitter_card":"summary_large_image","twitter_misc":{"\u00c9crit par":"Jo\u00ebl Diawa","Dur\u00e9e de lecture estim\u00e9e":"3 minutes"},"schema":{"@context":"https:\/\/schema.org","@graph":[{"@type":"Article","@id":"https:\/\/infos-droitshumains.net\/?p=11804#article","isPartOf":{"@id":"https:\/\/infos-droitshumains.net\/?p=11804"},"author":{"name":"Jo\u00ebl Diawa","@id":"https:\/\/infos-droitshumains.net\/#\/schema\/person\/3dc5e921c3302172e0ed4362f96faab7"},"headline":"Instauration de la fili\u00e8re de m\u00e9decine l\u00e9gale dans les universit\u00e9s de la RDC : Apr\u00e8s production et validation du descripteur, la maquette de formation est d\u00e9sormais compl\u00e8te","datePublished":"2024-11-18T20:08:04+00:00","dateModified":"2024-11-18T20:21:42+00:00","mainEntityOfPage":{"@id":"https:\/\/infos-droitshumains.net\/?p=11804"},"wordCount":388,"commentCount":0,"publisher":{"@id":"https:\/\/infos-droitshumains.net\/#organization"},"image":{"@id":"https:\/\/infos-droitshumains.net\/?p=11804#primaryimage"},"thumbnailUrl":"https:\/\/i0.wp.com\/infos-droitshumains.net\/wp-content\/uploads\/2024\/11\/IMG-20241118-WA0011_1.jpg?fit=1029%2C693&ssl=1","articleSection":["Droits Humains"],"inLanguage":"fr-FR","potentialAction":[{"@type":"CommentAction","name":"Comment","target":["https:\/\/infos-droitshumains.net\/?p=11804#respond"]}]},{"@type":"WebPage","@id":"https:\/\/infos-droitshumains.net\/?p=11804","url":"https:\/\/infos-droitshumains.net\/?p=11804","name":"Instauration de la fili\u00e8re de m\u00e9decine l\u00e9gale dans les universit\u00e9s de la RDC : Apr\u00e8s production et validation du descripteur, la maquette de formation est d\u00e9sormais compl\u00e8te - Infos Droits Humains","isPartOf":{"@id":"https:\/\/infos-droitshumains.net\/#website"},"primaryImageOfPage":{"@id":"https:\/\/infos-droitshumains.net\/?p=11804#primaryimage"},"image":{"@id":"https:\/\/infos-droitshumains.net\/?p=11804#primaryimage"},"thumbnailUrl":"https:\/\/i0.wp.com\/infos-droitshumains.net\/wp-content\/uploads\/2024\/11\/IMG-20241118-WA0011_1.jpg?fit=1029%2C693&ssl=1","datePublished":"2024-11-18T20:08:04+00:00","dateModified":"2024-11-18T20:21:42+00:00","breadcrumb":{"@id":"https:\/\/infos-droitshumains.net\/?p=11804#breadcrumb"},"inLanguage":"fr-FR","potentialAction":[{"@type":"ReadAction","target":["https:\/\/infos-droitshumains.net\/?p=11804"]}]},{"@type":"ImageObject","inLanguage":"fr-FR","@id":"https:\/\/infos-droitshumains.net\/?p=11804#primaryimage","url":"https:\/\/i0.wp.com\/infos-droitshumains.net\/wp-content\/uploads\/2024\/11\/IMG-20241118-WA0011_1.jpg?fit=1029%2C693&ssl=1","contentUrl":"https:\/\/i0.wp.com\/infos-droitshumains.net\/wp-content\/uploads\/2024\/11\/IMG-20241118-WA0011_1.jpg?fit=1029%2C693&ssl=1","width":1029,"height":693},{"@type":"BreadcrumbList","@id":"https:\/\/infos-droitshumains.net\/?p=11804#breadcrumb","itemListElement":[{"@type":"ListItem","position":1,"name":"Accueil","item":"https:\/\/infos-droitshumains.net\/"},{"@type":"ListItem","position":2,"name":"Instauration de la fili\u00e8re de m\u00e9decine l\u00e9gale dans les universit\u00e9s de la RDC : Apr\u00e8s production et validation du descripteur, la maquette de formation est d\u00e9sormais compl\u00e8te"}]},{"@type":"WebSite","@id":"https:\/\/infos-droitshumains.net\/#website","url":"https:\/\/infos-droitshumains.net\/","name":"Infos Droits Humains","description":"S&#039;informer est un droit","publisher":{"@id":"https:\/\/infos-droitshumains.net\/#organization"},"potentialAction":[{"@type":"SearchAction","target":{"@type":"EntryPoint","urlTemplate":"https:\/\/infos-droitshumains.net\/?s={search_term_string}"},"query-input":{"@type":"PropertyValueSpecification","valueRequired":true,"valueName":"search_term_string"}}],"inLanguage":"fr-FR"},{"@type":"Organization","@id":"https:\/\/infos-droitshumains.net\/#organization","name":"Infos Droits Humains","url":"https:\/\/infos-droitshumains.net\/","logo":{"@type":"ImageObject","inLanguage":"fr-FR","@id":"https:\/\/infos-droitshumains.net\/#\/schema\/logo\/image\/","url":"https:\/\/i0.wp.com\/infos-droitshumains.net\/wp-content\/uploads\/2022\/05\/Logo.png?fit=333%2C129&ssl=1","contentUrl":"https:\/\/i0.wp.com\/infos-droitshumains.net\/wp-content\/uploads\/2022\/05\/Logo.png?fit=333%2C129&ssl=1","width":333,"height":129,"caption":"Infos Droits Humains"},"image":{"@id":"https:\/\/infos-droitshumains.net\/#\/schema\/logo\/image\/"}},{"@type":"Person","@id":"https:\/\/infos-droitshumains.net\/#\/schema\/person\/3dc5e921c3302172e0ed4362f96faab7","name":"Jo\u00ebl Diawa","image":{"@type":"ImageObject","inLanguage":"fr-FR","@id":"https:\/\/secure.gravatar.com\/avatar\/729bea6ff4604c624417803c477363be8e3c7186deaa65713313f9b4b820f41c?s=96&d=mm&r=g","url":"https:\/\/secure.gravatar.com\/avatar\/729bea6ff4604c624417803c477363be8e3c7186deaa65713313f9b4b820f41c?s=96&d=mm&r=g","contentUrl":"https:\/\/secure.gravatar.com\/avatar\/729bea6ff4604c624417803c477363be8e3c7186deaa65713313f9b4b820f41c?s=96&d=mm&r=g","caption":"Jo\u00ebl Diawa"},"sameAs":["https:\/\/www.infos-droitshumains.net"],"url":"https:\/\/infos-droitshumains.net\/?author=2"}]}},"featured_image_urls":{"full":["https:\/\/i0.wp.com\/infos-droitshumains.net\/wp-content\/uploads\/2024\/11\/IMG-20241118-WA0011_1.jpg?fit=1029%2C693&ssl=1",1029,693,false],"thumbnail":["https:\/\/i0.wp.com\/infos-droitshumains.net\/wp-content\/uploads\/2024\/11\/IMG-20241118-WA0011_1.jpg?resize=150%2C150&ssl=1",150,150,true],"medium":["https:\/\/i0.wp.com\/infos-droitshumains.net\/wp-content\/uploads\/2024\/11\/IMG-20241118-WA0011_1.jpg?fit=300%2C202&ssl=1",300,202,true],"medium_large":["https:\/\/i0.wp.com\/infos-droitshumains.net\/wp-content\/uploads\/2024\/11\/IMG-20241118-WA0011_1.jpg?fit=640%2C431&ssl=1",640,431,true],"large":["https:\/\/i0.wp.com\/infos-droitshumains.net\/wp-content\/uploads\/2024\/11\/IMG-20241118-WA0011_1.jpg?fit=640%2C431&ssl=1",640,431,true],"1536x1536":["https:\/\/i0.wp.com\/infos-droitshumains.net\/wp-content\/uploads\/2024\/11\/IMG-20241118-WA0011_1.jpg?fit=1029%2C693&ssl=1",1029,693,true],"2048x2048":["https:\/\/i0.wp.com\/infos-droitshumains.net\/wp-content\/uploads\/2024\/11\/IMG-20241118-WA0011_1.jpg?fit=1029%2C693&ssl=1",1029,693,true],"covernews-slider-full":["https:\/\/i0.wp.com\/infos-droitshumains.net\/wp-content\/uploads\/2024\/11\/IMG-20241118-WA0011_1.jpg?resize=1029%2C693&ssl=1",1029,693,true],"covernews-slider-center":["https:\/\/i0.wp.com\/infos-droitshumains.net\/wp-content\/uploads\/2024\/11\/IMG-20241118-WA0011_1.jpg?resize=800%2C500&ssl=1",800,500,true],"covernews-featured":["https:\/\/i0.wp.com\/infos-droitshumains.net\/wp-content\/uploads\/2024\/11\/IMG-20241118-WA0011_1.jpg?fit=1024%2C690&ssl=1",1024,690,true],"covernews-medium":["https:\/\/i0.wp.com\/infos-droitshumains.net\/wp-content\/uploads\/2024\/11\/IMG-20241118-WA0011_1.jpg?resize=540%2C340&ssl=1",540,340,true],"covernews-medium-square":["https:\/\/i0.wp.com\/infos-droitshumains.net\/wp-content\/uploads\/2024\/11\/IMG-20241118-WA0011_1.jpg?resize=400%2C250&ssl=1",400,250,true]},"author_info":{"display_name":"Jo\u00ebl Diawa","author_link":"https:\/\/infos-droitshumains.net\/?author=2"},"category_info":"<a href=\"https:\/\/infos-droitshumains.net\/?cat=7\" rel=\"category\">Droits Humains<\/a>","tag_info":"Droits Humains","comment_count":"0","jetpack_featured_media_url":"https:\/\/i0.wp.com\/infos-droitshumains.net\/wp-content\/uploads\/2024\/11\/IMG-20241118-WA0011_1.jpg?fit=1029%2C693&ssl=1","jetpack-related-posts":[],"jetpack_sharing_enabled":true,"_links":{"self":[{"href":"https:\/\/infos-droitshumains.net\/index.php?rest_route=\/wp\/v2\/posts\/11804","targetHints":{"allow":["GET"]}}],"collection":[{"href":"https:\/\/infos-droitshumains.net\/index.php?rest_route=\/wp\/v2\/posts"}],"about":[{"href":"https:\/\/infos-droitshumains.net\/index.php?rest_route=\/wp\/v2\/types\/post"}],"author":[{"embeddable":true,"href":"https:\/\/infos-droitshumains.net\/index.php?rest_route=\/wp\/v2\/users\/2"}],"replies":[{"embeddable":true,"href":"https:\/\/infos-droitshumains.net\/index.php?rest_route=%2Fwp%2Fv2%2Fcomments&post=11804"}],"version-history":[{"count":6,"href":"https:\/\/infos-droitshumains.net\/index.php?rest_route=\/wp\/v2\/posts\/11804\/revisions"}],"predecessor-version":[{"id":11816,"href":"https:\/\/infos-droitshumains.net\/index.php?rest_route=\/wp\/v2\/posts\/11804\/revisions\/11816"}],"wp:featuredmedia":[{"embeddable":true,"href":"https:\/\/infos-droitshumains.net\/index.php?rest_route=\/wp\/v2\/media\/11807"}],"wp:attachment":[{"href":"https:\/\/infos-droitshumains.net\/index.php?rest_route=%2Fwp%2Fv2%2Fmedia&parent=11804"}],"wp:term":[{"taxonomy":"category","embeddable":true,"href":"https:\/\/infos-droitshumains.net\/index.php?rest_route=%2Fwp%2Fv2%2Fcategories&post=11804"},{"taxonomy":"post_tag","embeddable":true,"href":"https:\/\/infos-droitshumains.net\/index.php?rest_route=%2Fwp%2Fv2%2Ftags&post=11804"}],"curies":[{"name":"wp","href":"https:\/\/api.w.org\/{rel}","templated":true}]}}