{"id":1179,"date":"2021-11-28T16:16:08","date_gmt":"2021-11-28T15:16:08","guid":{"rendered":"https:\/\/infos-droitshumains.net\/?p=1179"},"modified":"2023-04-06T12:11:04","modified_gmt":"2023-04-06T10:11:04","slug":"ceni-albert-moleka-relance-le-debat-sur-le-rapprochement-de-d-kadima-avec-ludps","status":"publish","type":"post","link":"https:\/\/infos-droitshumains.net\/?p=1179","title":{"rendered":"Ceni : Albert Moleka relance le d\u00e9bat sur le rapprochement de D. Kadima avec l&rsquo;UDPS"},"content":{"rendered":"\n<p><strong>R\u00e9daction: +243817406088<\/strong><\/p>\n\n\n\n<p><em>\u00ab\u00a0Je dis que Denis Kadima est proche du camp pr\u00e9sidentiel. Et notamment de l&rsquo;UDPS. Je crois que personne ne pourra d\u00e9mentir ces faits. Moi-m\u00eame j&rsquo;en suis t\u00e9moin et je le dis\u00a0\u00bb.<\/em> Ce sont l\u00e0, les quelques phrases d&rsquo;Albert Moleka qui ont enflamm\u00e9 la toile.<\/p>\n\n\n\n<p>Pour l&rsquo;ancien directeur de cabinet d&rsquo;\u00c9tienne Tshisekedi, point n&rsquo;est question de tergiverser, il en veut pour preuve non seulement son passage \u00e0 l&rsquo;Union pour la D\u00e9mocratie et le Progr\u00e8s Social, mais surtout, la f\u00e9d\u00e9ration de ce parti politique au pays de Nelson Mandela :<\/p>\n\n\n\n<p><em>\u00ab\u00a0J&rsquo;\u00e9tais membre de l&rsquo;UDPS et \u00e7a fait tr\u00e8s tr\u00e8s longtemps je suis \u00e0 m\u00eame de savoir qui est proche de l&rsquo;UDPS qui ne l&rsquo;est pas. Renseignez-vous aupr\u00e8s de notre f\u00e9d\u00e9ration d&rsquo;Afrique du Sud les gens ne vont pas vous mentir\u00a0\u00bb.<\/em><\/p>\n\n\n\n<p>Pour Albert Moleka, c&rsquo;est clair, il y a risque que le nouveau pr\u00e9sident de la centrale \u00e9lectorale soit la caisse de r\u00e9sonance d&rsquo;o\u00f9 il est proche :<\/p>\n\n\n\n<p><em>\u00ab\u00a0En aucun moment je remets en <br> doute les comp\u00e9tences de Denis Kadima en mati\u00e8re \u00e9lectorale. En RDC nous avons des milliers d&rsquo;expert \u00e9lectoraux, mais l\u00e0 o\u00f9 les b\u00e2ts blessent, c&rsquo;est la proximit\u00e9 d&rsquo;un candidat pr\u00e9sidentiel au niveau de la CENI avec le camp au pouvoir. \u00c7a cr\u00e9e un probl\u00e8me d&rsquo;abord pour le candidat lui-m\u00eame puisque c&rsquo;est difficile de r\u00e9sister \u00e0 certains appels du sir\u00e8ne d&rsquo;autant plus que si vous avez des relations particuli\u00e8res privil\u00e9gi\u00e9es avec un camp, c&rsquo;est difficile de r\u00e9sister aux pressions donc vous serez victime\u00a0\u00bb.<\/em><\/p>\n\n\n\n<p>Cette r\u00e9v\u00e9lation d&rsquo;Albert Moleka tombe au moment o\u00f9 les \u00e9glises catholique et protestante qui avaient remis en cause le processus de d\u00e9signation de Denis Kadima \u00e0 la t\u00eate de la Commission \u00c9lectorale Nationale Ind\u00e9pendante, sont en passe de fumer le calumet de la paix et d&rsquo;oublier le passer pour repartir sur des nouvelles bases comme l&rsquo;avait d\u00e9clarer le cardinal Fridolin Ambongo au sortir de ses \u00e9changes avec le chef de l&rsquo;\u00c9tat.<\/p>\n\n\n\n<p>Reste \u00e0 savoir si ces r\u00e9v\u00e9lations d&rsquo;un proche du parti pr\u00e9sidentiel vont relancer le d\u00e9bat sur la cr\u00e9dibilit\u00e9 et la probit\u00e9 morale de celui qui doit organiser les scrutins de 2023.<\/p>\n\n\n\n<p>Par Jo\u00ebl Diawa<\/p>\n","protected":false},"excerpt":{"rendered":"<p>R\u00e9daction: +243817406088 \u00ab\u00a0Je dis que Denis Kadima est proche du camp pr\u00e9sidentiel. Et notamment de&#8230;<\/p>\n","protected":false},"author":2,"featured_media":0,"comment_status":"closed","ping_status":"open","sticky":false,"template":"","format":"standard","meta":{"_jetpack_memberships_contains_paid_content":false,"footnotes":""},"categories":[1],"tags":[],"class_list":["post-1179","post","type-post","status-publish","format-standard","hentry","category-non-classe"],"yoast_head":"<!-- This site is optimized with the Yoast SEO plugin v27.5 - https:\/\/yoast.com\/product\/yoast-seo-wordpress\/ -->\n<title>Ceni : Albert Moleka relance le d\u00e9bat sur le rapprochement de D. Kadima avec l&#039;UDPS - Infos Droits Humains<\/title>\n<meta name=\"robots\" content=\"index, follow, max-snippet:-1, max-image-preview:large, max-video-preview:-1\" \/>\n<link rel=\"canonical\" href=\"https:\/\/infos-droitshumains.net\/?p=1179\" \/>\n<meta property=\"og:locale\" content=\"fr_FR\" \/>\n<meta property=\"og:type\" content=\"article\" \/>\n<meta property=\"og:title\" content=\"Ceni : Albert Moleka relance le d\u00e9bat sur le rapprochement de D. Kadima avec l&#039;UDPS - Infos Droits Humains\" \/>\n<meta property=\"og:description\" content=\"R\u00e9daction: +243817406088 \u00ab\u00a0Je dis que Denis Kadima est proche du camp pr\u00e9sidentiel. Et notamment de...\" \/>\n<meta property=\"og:url\" content=\"https:\/\/infos-droitshumains.net\/?p=1179\" \/>\n<meta property=\"og:site_name\" content=\"Infos Droits Humains\" \/>\n<meta property=\"article:published_time\" content=\"2021-11-28T15:16:08+00:00\" \/>\n<meta property=\"article:modified_time\" content=\"2023-04-06T10:11:04+00:00\" \/>\n<meta name=\"author\" content=\"Jo\u00ebl Diawa\" \/>\n<meta name=\"twitter:card\" content=\"summary_large_image\" \/>\n<meta name=\"twitter:label1\" content=\"\u00c9crit par\" \/>\n\t<meta name=\"twitter:data1\" content=\"Jo\u00ebl Diawa\" \/>\n\t<meta name=\"twitter:label2\" content=\"Dur\u00e9e de lecture estim\u00e9e\" \/>\n\t<meta name=\"twitter:data2\" content=\"2 minutes\" \/>\n<script type=\"application\/ld+json\" class=\"yoast-schema-graph\">{\"@context\":\"https:\\\/\\\/schema.org\",\"@graph\":[{\"@type\":\"Article\",\"@id\":\"https:\\\/\\\/infos-droitshumains.net\\\/?p=1179#article\",\"isPartOf\":{\"@id\":\"https:\\\/\\\/infos-droitshumains.net\\\/?p=1179\"},\"author\":{\"name\":\"Jo\u00ebl Diawa\",\"@id\":\"https:\\\/\\\/infos-droitshumains.net\\\/#\\\/schema\\\/person\\\/3dc5e921c3302172e0ed4362f96faab7\"},\"headline\":\"Ceni : Albert Moleka relance le d\u00e9bat sur le rapprochement de D. Kadima avec l&rsquo;UDPS\",\"datePublished\":\"2021-11-28T15:16:08+00:00\",\"dateModified\":\"2023-04-06T10:11:04+00:00\",\"mainEntityOfPage\":{\"@id\":\"https:\\\/\\\/infos-droitshumains.net\\\/?p=1179\"},\"wordCount\":400,\"publisher\":{\"@id\":\"https:\\\/\\\/infos-droitshumains.net\\\/#organization\"},\"inLanguage\":\"fr-FR\"},{\"@type\":\"WebPage\",\"@id\":\"https:\\\/\\\/infos-droitshumains.net\\\/?p=1179\",\"url\":\"https:\\\/\\\/infos-droitshumains.net\\\/?p=1179\",\"name\":\"Ceni : Albert Moleka relance le d\u00e9bat sur le rapprochement de D. Kadima avec l'UDPS - Infos Droits Humains\",\"isPartOf\":{\"@id\":\"https:\\\/\\\/infos-droitshumains.net\\\/#website\"},\"datePublished\":\"2021-11-28T15:16:08+00:00\",\"dateModified\":\"2023-04-06T10:11:04+00:00\",\"breadcrumb\":{\"@id\":\"https:\\\/\\\/infos-droitshumains.net\\\/?p=1179#breadcrumb\"},\"inLanguage\":\"fr-FR\",\"potentialAction\":[{\"@type\":\"ReadAction\",\"target\":[\"https:\\\/\\\/infos-droitshumains.net\\\/?p=1179\"]}]},{\"@type\":\"BreadcrumbList\",\"@id\":\"https:\\\/\\\/infos-droitshumains.net\\\/?p=1179#breadcrumb\",\"itemListElement\":[{\"@type\":\"ListItem\",\"position\":1,\"name\":\"Accueil\",\"item\":\"https:\\\/\\\/infos-droitshumains.net\\\/\"},{\"@type\":\"ListItem\",\"position\":2,\"name\":\"Ceni : Albert Moleka relance le d\u00e9bat sur le rapprochement de D. Kadima avec l&rsquo;UDPS\"}]},{\"@type\":\"WebSite\",\"@id\":\"https:\\\/\\\/infos-droitshumains.net\\\/#website\",\"url\":\"https:\\\/\\\/infos-droitshumains.net\\\/\",\"name\":\"Infos Droits Humains\",\"description\":\"S&#039;informer est un droit\",\"publisher\":{\"@id\":\"https:\\\/\\\/infos-droitshumains.net\\\/#organization\"},\"potentialAction\":[{\"@type\":\"SearchAction\",\"target\":{\"@type\":\"EntryPoint\",\"urlTemplate\":\"https:\\\/\\\/infos-droitshumains.net\\\/?s={search_term_string}\"},\"query-input\":{\"@type\":\"PropertyValueSpecification\",\"valueRequired\":true,\"valueName\":\"search_term_string\"}}],\"inLanguage\":\"fr-FR\"},{\"@type\":\"Organization\",\"@id\":\"https:\\\/\\\/infos-droitshumains.net\\\/#organization\",\"name\":\"Infos Droits Humains\",\"url\":\"https:\\\/\\\/infos-droitshumains.net\\\/\",\"logo\":{\"@type\":\"ImageObject\",\"inLanguage\":\"fr-FR\",\"@id\":\"https:\\\/\\\/infos-droitshumains.net\\\/#\\\/schema\\\/logo\\\/image\\\/\",\"url\":\"https:\\\/\\\/i0.wp.com\\\/infos-droitshumains.net\\\/wp-content\\\/uploads\\\/2022\\\/05\\\/Logo.png?fit=333%2C129&ssl=1\",\"contentUrl\":\"https:\\\/\\\/i0.wp.com\\\/infos-droitshumains.net\\\/wp-content\\\/uploads\\\/2022\\\/05\\\/Logo.png?fit=333%2C129&ssl=1\",\"width\":333,\"height\":129,\"caption\":\"Infos Droits Humains\"},\"image\":{\"@id\":\"https:\\\/\\\/infos-droitshumains.net\\\/#\\\/schema\\\/logo\\\/image\\\/\"}},{\"@type\":\"Person\",\"@id\":\"https:\\\/\\\/infos-droitshumains.net\\\/#\\\/schema\\\/person\\\/3dc5e921c3302172e0ed4362f96faab7\",\"name\":\"Jo\u00ebl Diawa\",\"image\":{\"@type\":\"ImageObject\",\"inLanguage\":\"fr-FR\",\"@id\":\"https:\\\/\\\/secure.gravatar.com\\\/avatar\\\/729bea6ff4604c624417803c477363be8e3c7186deaa65713313f9b4b820f41c?s=96&d=mm&r=g\",\"url\":\"https:\\\/\\\/secure.gravatar.com\\\/avatar\\\/729bea6ff4604c624417803c477363be8e3c7186deaa65713313f9b4b820f41c?s=96&d=mm&r=g\",\"contentUrl\":\"https:\\\/\\\/secure.gravatar.com\\\/avatar\\\/729bea6ff4604c624417803c477363be8e3c7186deaa65713313f9b4b820f41c?s=96&d=mm&r=g\",\"caption\":\"Jo\u00ebl Diawa\"},\"sameAs\":[\"https:\\\/\\\/www.infos-droitshumains.net\"],\"url\":\"https:\\\/\\\/infos-droitshumains.net\\\/?author=2\"}]}<\/script>\n<!-- \/ Yoast SEO plugin. -->","yoast_head_json":{"title":"Ceni : Albert Moleka relance le d\u00e9bat sur le rapprochement de D. Kadima avec l'UDPS - Infos Droits Humains","robots":{"index":"index","follow":"follow","max-snippet":"max-snippet:-1","max-image-preview":"max-image-preview:large","max-video-preview":"max-video-preview:-1"},"canonical":"https:\/\/infos-droitshumains.net\/?p=1179","og_locale":"fr_FR","og_type":"article","og_title":"Ceni : Albert Moleka relance le d\u00e9bat sur le rapprochement de D. Kadima avec l'UDPS - Infos Droits Humains","og_description":"R\u00e9daction: +243817406088 \u00ab\u00a0Je dis que Denis Kadima est proche du camp pr\u00e9sidentiel. Et notamment de...","og_url":"https:\/\/infos-droitshumains.net\/?p=1179","og_site_name":"Infos Droits Humains","article_published_time":"2021-11-28T15:16:08+00:00","article_modified_time":"2023-04-06T10:11:04+00:00","author":"Jo\u00ebl Diawa","twitter_card":"summary_large_image","twitter_misc":{"\u00c9crit par":"Jo\u00ebl Diawa","Dur\u00e9e de lecture estim\u00e9e":"2 minutes"},"schema":{"@context":"https:\/\/schema.org","@graph":[{"@type":"Article","@id":"https:\/\/infos-droitshumains.net\/?p=1179#article","isPartOf":{"@id":"https:\/\/infos-droitshumains.net\/?p=1179"},"author":{"name":"Jo\u00ebl Diawa","@id":"https:\/\/infos-droitshumains.net\/#\/schema\/person\/3dc5e921c3302172e0ed4362f96faab7"},"headline":"Ceni : Albert Moleka relance le d\u00e9bat sur le rapprochement de D. Kadima avec l&rsquo;UDPS","datePublished":"2021-11-28T15:16:08+00:00","dateModified":"2023-04-06T10:11:04+00:00","mainEntityOfPage":{"@id":"https:\/\/infos-droitshumains.net\/?p=1179"},"wordCount":400,"publisher":{"@id":"https:\/\/infos-droitshumains.net\/#organization"},"inLanguage":"fr-FR"},{"@type":"WebPage","@id":"https:\/\/infos-droitshumains.net\/?p=1179","url":"https:\/\/infos-droitshumains.net\/?p=1179","name":"Ceni : Albert Moleka relance le d\u00e9bat sur le rapprochement de D. Kadima avec l'UDPS - Infos Droits Humains","isPartOf":{"@id":"https:\/\/infos-droitshumains.net\/#website"},"datePublished":"2021-11-28T15:16:08+00:00","dateModified":"2023-04-06T10:11:04+00:00","breadcrumb":{"@id":"https:\/\/infos-droitshumains.net\/?p=1179#breadcrumb"},"inLanguage":"fr-FR","potentialAction":[{"@type":"ReadAction","target":["https:\/\/infos-droitshumains.net\/?p=1179"]}]},{"@type":"BreadcrumbList","@id":"https:\/\/infos-droitshumains.net\/?p=1179#breadcrumb","itemListElement":[{"@type":"ListItem","position":1,"name":"Accueil","item":"https:\/\/infos-droitshumains.net\/"},{"@type":"ListItem","position":2,"name":"Ceni : Albert Moleka relance le d\u00e9bat sur le rapprochement de D. Kadima avec l&rsquo;UDPS"}]},{"@type":"WebSite","@id":"https:\/\/infos-droitshumains.net\/#website","url":"https:\/\/infos-droitshumains.net\/","name":"Infos Droits Humains","description":"S&#039;informer est un droit","publisher":{"@id":"https:\/\/infos-droitshumains.net\/#organization"},"potentialAction":[{"@type":"SearchAction","target":{"@type":"EntryPoint","urlTemplate":"https:\/\/infos-droitshumains.net\/?s={search_term_string}"},"query-input":{"@type":"PropertyValueSpecification","valueRequired":true,"valueName":"search_term_string"}}],"inLanguage":"fr-FR"},{"@type":"Organization","@id":"https:\/\/infos-droitshumains.net\/#organization","name":"Infos Droits Humains","url":"https:\/\/infos-droitshumains.net\/","logo":{"@type":"ImageObject","inLanguage":"fr-FR","@id":"https:\/\/infos-droitshumains.net\/#\/schema\/logo\/image\/","url":"https:\/\/i0.wp.com\/infos-droitshumains.net\/wp-content\/uploads\/2022\/05\/Logo.png?fit=333%2C129&ssl=1","contentUrl":"https:\/\/i0.wp.com\/infos-droitshumains.net\/wp-content\/uploads\/2022\/05\/Logo.png?fit=333%2C129&ssl=1","width":333,"height":129,"caption":"Infos Droits Humains"},"image":{"@id":"https:\/\/infos-droitshumains.net\/#\/schema\/logo\/image\/"}},{"@type":"Person","@id":"https:\/\/infos-droitshumains.net\/#\/schema\/person\/3dc5e921c3302172e0ed4362f96faab7","name":"Jo\u00ebl Diawa","image":{"@type":"ImageObject","inLanguage":"fr-FR","@id":"https:\/\/secure.gravatar.com\/avatar\/729bea6ff4604c624417803c477363be8e3c7186deaa65713313f9b4b820f41c?s=96&d=mm&r=g","url":"https:\/\/secure.gravatar.com\/avatar\/729bea6ff4604c624417803c477363be8e3c7186deaa65713313f9b4b820f41c?s=96&d=mm&r=g","contentUrl":"https:\/\/secure.gravatar.com\/avatar\/729bea6ff4604c624417803c477363be8e3c7186deaa65713313f9b4b820f41c?s=96&d=mm&r=g","caption":"Jo\u00ebl Diawa"},"sameAs":["https:\/\/www.infos-droitshumains.net"],"url":"https:\/\/infos-droitshumains.net\/?author=2"}]}},"featured_image_urls":{"full":"","thumbnail":"","medium":"","medium_large":"","large":"","1536x1536":"","2048x2048":"","covernews-slider-full":"","covernews-slider-center":"","covernews-featured":"","covernews-medium":"","covernews-medium-square":""},"author_info":{"display_name":"Jo\u00ebl Diawa","author_link":"https:\/\/infos-droitshumains.net\/?author=2"},"category_info":"<a href=\"https:\/\/infos-droitshumains.net\/?cat=1\" rel=\"category\">Non class\u00e9<\/a>","tag_info":"Non class\u00e9","comment_count":"0","jetpack_featured_media_url":"","jetpack-related-posts":[],"jetpack_sharing_enabled":true,"_links":{"self":[{"href":"https:\/\/infos-droitshumains.net\/index.php?rest_route=\/wp\/v2\/posts\/1179","targetHints":{"allow":["GET"]}}],"collection":[{"href":"https:\/\/infos-droitshumains.net\/index.php?rest_route=\/wp\/v2\/posts"}],"about":[{"href":"https:\/\/infos-droitshumains.net\/index.php?rest_route=\/wp\/v2\/types\/post"}],"author":[{"embeddable":true,"href":"https:\/\/infos-droitshumains.net\/index.php?rest_route=\/wp\/v2\/users\/2"}],"replies":[{"embeddable":true,"href":"https:\/\/infos-droitshumains.net\/index.php?rest_route=%2Fwp%2Fv2%2Fcomments&post=1179"}],"version-history":[{"count":3,"href":"https:\/\/infos-droitshumains.net\/index.php?rest_route=\/wp\/v2\/posts\/1179\/revisions"}],"predecessor-version":[{"id":1184,"href":"https:\/\/infos-droitshumains.net\/index.php?rest_route=\/wp\/v2\/posts\/1179\/revisions\/1184"}],"wp:attachment":[{"href":"https:\/\/infos-droitshumains.net\/index.php?rest_route=%2Fwp%2Fv2%2Fmedia&parent=1179"}],"wp:term":[{"taxonomy":"category","embeddable":true,"href":"https:\/\/infos-droitshumains.net\/index.php?rest_route=%2Fwp%2Fv2%2Fcategories&post=1179"},{"taxonomy":"post_tag","embeddable":true,"href":"https:\/\/infos-droitshumains.net\/index.php?rest_route=%2Fwp%2Fv2%2Ftags&post=1179"}],"curies":[{"name":"wp","href":"https:\/\/api.w.org\/{rel}","templated":true}]}}