{"id":11736,"date":"2024-11-12T06:53:05","date_gmt":"2024-11-12T05:53:05","guid":{"rendered":"https:\/\/infos-droitshumains.net\/?p=11736"},"modified":"2024-11-12T07:06:28","modified_gmt":"2024-11-12T06:06:28","slug":"rdc-apres-un-constat-avec-amertume-de-theatralisation-du-deroulement-des-etats-generaux-de-la-justice-les-syndicats-des-magistrats-redoutent-que-les-objectifs-poursuivis-ne-soient-pas","status":"publish","type":"post","link":"https:\/\/infos-droitshumains.net\/?p=11736","title":{"rendered":"RDC : Apr\u00e8s constat avec amertume de la \u00ab th\u00e9\u00e2tralisation \u00bb du d\u00e9roulement des \u00e9tats g\u00e9n\u00e9raux de la justice, les syndicats des Magistrats redoutent que les objectifs poursuivis ne soient pas atteints"},"content":{"rendered":"\n<p><strong>R\u00e9daction: +243 817 406 088<\/strong><\/p>\n\n\n\n<h3 class=\"wp-block-heading has-vivid-red-color has-text-color has-link-color wp-elements-d5ea0aa6c020a82aad2c66ec4229f103\">Ouverts depuis le 06 novembre dernier par le Pr\u00e9sident de la R\u00e9publique, les \u00e9tats g\u00e9n\u00e9raux de la justice qui, \u00e0 en croire le ministre de la justice et garde des sceaux, auraient d\u00fb administrer une <strong>\u2018\u2019th\u00e9rapie de choc\u2019\u2019 pour gu\u00e9rir la justice \u2018\u2019malade\u2019<\/strong>\u2019, semblent s\u2019\u00eatre d\u00e9tourn\u00e9s  des ses objectifs principaux. Les syndicats des Magistrats de la R\u00e9publique D\u00e9mocratique du Congo d\u00e9noncent \u00e0 cet effet, la th\u00e9\u00e2tralisation des travaux.<\/h3>\n\n\n\n<p>Dans un communiqu\u00e9 conjointement sign\u00e9, par le Syndicat Autonome des Magistrats du Congo, la Justice Ind\u00e9pendante, le Syndicat Chr\u00e9tien des Magistrats du Congo et le Syndicat des Magistrats du Congo, tous sont unanimes du constat et rappellent  que les assises actuelles des \u00e9tats g\u00e9n\u00e9raux de la justice font suite \u00e0 celles organis\u00e9es du 27 avril au 02 mai 2015 lesquelles avaient formul\u00e9es 350 recommandations ayant abouties \u00e0 la mise en place d&rsquo;une <em>\u00ab Politique Nationale de R\u00e9forme de la Justice \u00bb<\/em>  Pour la p\u00e9riode 2017-2026 et <em>\u00ab d&rsquo;un programme d&rsquo;action Prioritaires \u00bb<\/em>, en vue de contribuer \u00e0 l&rsquo;am\u00e9lioration du fonctionnement du secteur de la justice.<\/p>\n\n\n\n<p>Il ressort des statistiques \u00e9tablies \u00e0 la suite de l\u2019\u00e9volution faite par le minist\u00e8re de la justice et les partenaires techniques et financiers pr\u00e9cise ce communiqu\u00e9, que ces r\u00e9solutions n\u2019ont \u00e9t\u00e9 ex\u00e9cut\u00e9es qu\u2019\u00e0 hauteur <em>\u00ab de 0,8%, soit en dessous de 1% \u00bb,<\/em> une situation disent-ils, qui n\u2019a fait qu\u2019 <em>\u00ab aggraver le dysfonctionnement d\u00e9cri\u00e9 de la justice congolaise. \u00bb<\/em><\/p>\n\n\n\n<p>Les \u00e9tats g\u00e9n\u00e9raux en cours ont pour objectif poursuit ce communiqu\u00e9, <em>\u00ab d\u2019\u00e9valuer la mise en \u0153uvre de la Politique Nationale de la R\u00e9forme de la justice, de poser le diagnostic sans complaisance du dysfonctionnement du secteur de la justice et d\u2019identifier les actions \u00e0 entreprendre pour la bonne administration de la justice. \u00bb<\/em><\/p>\n\n\n\n<p>Cependant, les syndicats des magistrats du Congo rel\u00e8vent plusieurs irr\u00e9gularit\u00e9s dans l\u2019organisation desdits travaux notamment, <em>\u00ab le Conseil Sup\u00e9rieur de la Magistrature, organe de gestion du pouvoir judiciaire et les autres acteurs majeurs de la justice n\u2019ont pas \u00e9t\u00e9 associ\u00e9s dans les pr\u00e9sents travaux ; la pl\u00e9thore des participants estim\u00e9e \u00e0 3500,  dont la majorit\u00e9 se recrute parmi les \u00e9tudiants et les militants des partis politiques ; la tr\u00e8s faible prise en charge des participants, en particulier les magistrats venus des provinces ; le fonctionnement occulte du secr\u00e9tariat technique, dont les membres ne sont pas connus par les participants ; la s\u00e9lection int\u00e9ress\u00e9e et orient\u00e9e des intervenants et des th\u00e8mes d\u00e9velopp\u00e9s en panels ; le temps des travaux en atelier r\u00e9duit \u00e0 un seul jour, risque de rendre superficiels les d\u00e9bats. \u00bb<\/em><\/p>\n\n\n\n<p>Tout en saluant la tenue de ces assises, les syndicats des Magistrats de la RDC dit constater avec <em>\u00ab amertume \u00bb<\/em> \u00ab <em>la th\u00e9\u00e2tralisation de leur d\u00e9roulement et redoutent que les objectifs poursuivis ne soient pas atteints. \u00bb<\/em><\/p>\n\n\n\n<p>Par ailleurs, un constat similaire est fait  par plusieurs observateurs et participants qui d\u00e9noncent la politisation des travaux et l\u2019imbroglio m\u00e9thodologique.<\/p>\n\n\n\n<p>Jo\u00ebl Diawa<\/p>\n","protected":false},"excerpt":{"rendered":"<p>R\u00e9daction: +243 817 406 088 Ouverts depuis le 06 novembre dernier par le Pr\u00e9sident de&#8230;<\/p>\n","protected":false},"author":2,"featured_media":11739,"comment_status":"open","ping_status":"open","sticky":false,"template":"","format":"standard","meta":{"_jetpack_memberships_contains_paid_content":false,"footnotes":""},"categories":[6],"tags":[],"class_list":["post-11736","post","type-post","status-publish","format-standard","has-post-thumbnail","hentry","category-justice"],"yoast_head":"<!-- This site is optimized with the Yoast SEO plugin v27.5 - https:\/\/yoast.com\/product\/yoast-seo-wordpress\/ -->\n<title>RDC : Apr\u00e8s constat avec amertume de la \u00ab th\u00e9\u00e2tralisation \u00bb du d\u00e9roulement des \u00e9tats g\u00e9n\u00e9raux de la justice, les syndicats des Magistrats redoutent que les objectifs poursuivis ne soient pas atteints - Infos Droits Humains<\/title>\n<meta name=\"robots\" content=\"index, follow, max-snippet:-1, max-image-preview:large, max-video-preview:-1\" \/>\n<link rel=\"canonical\" href=\"https:\/\/infos-droitshumains.net\/?p=11736\" \/>\n<meta property=\"og:locale\" content=\"fr_FR\" \/>\n<meta property=\"og:type\" content=\"article\" \/>\n<meta property=\"og:title\" content=\"RDC : Apr\u00e8s constat avec amertume de la \u00ab th\u00e9\u00e2tralisation \u00bb du d\u00e9roulement des \u00e9tats g\u00e9n\u00e9raux de la justice, les syndicats des Magistrats redoutent que les objectifs poursuivis ne soient pas atteints - Infos Droits Humains\" \/>\n<meta property=\"og:description\" content=\"R\u00e9daction: +243 817 406 088 Ouverts depuis le 06 novembre dernier par le Pr\u00e9sident de...\" \/>\n<meta property=\"og:url\" content=\"https:\/\/infos-droitshumains.net\/?p=11736\" \/>\n<meta property=\"og:site_name\" content=\"Infos Droits Humains\" \/>\n<meta property=\"article:published_time\" content=\"2024-11-12T05:53:05+00:00\" \/>\n<meta property=\"article:modified_time\" content=\"2024-11-12T06:06:28+00:00\" \/>\n<meta property=\"og:image\" content=\"https:\/\/infos-droitshumains.net\/wp-content\/uploads\/2024\/11\/images-67_1.jpeg\" \/>\n\t<meta property=\"og:image:width\" content=\"554\" \/>\n\t<meta property=\"og:image:height\" content=\"507\" \/>\n\t<meta property=\"og:image:type\" content=\"image\/jpeg\" \/>\n<meta name=\"author\" content=\"Jo\u00ebl Diawa\" \/>\n<meta name=\"twitter:card\" content=\"summary_large_image\" \/>\n<meta name=\"twitter:label1\" content=\"\u00c9crit par\" \/>\n\t<meta name=\"twitter:data1\" content=\"Jo\u00ebl Diawa\" \/>\n\t<meta name=\"twitter:label2\" content=\"Dur\u00e9e de lecture estim\u00e9e\" \/>\n\t<meta name=\"twitter:data2\" content=\"3 minutes\" \/>\n<script type=\"application\/ld+json\" class=\"yoast-schema-graph\">{\"@context\":\"https:\\\/\\\/schema.org\",\"@graph\":[{\"@type\":\"Article\",\"@id\":\"https:\\\/\\\/infos-droitshumains.net\\\/?p=11736#article\",\"isPartOf\":{\"@id\":\"https:\\\/\\\/infos-droitshumains.net\\\/?p=11736\"},\"author\":{\"name\":\"Jo\u00ebl Diawa\",\"@id\":\"https:\\\/\\\/infos-droitshumains.net\\\/#\\\/schema\\\/person\\\/3dc5e921c3302172e0ed4362f96faab7\"},\"headline\":\"RDC : Apr\u00e8s constat avec amertume de la \u00ab th\u00e9\u00e2tralisation \u00bb du d\u00e9roulement des \u00e9tats g\u00e9n\u00e9raux de la justice, les syndicats des Magistrats redoutent que les objectifs poursuivis ne soient pas atteints\",\"datePublished\":\"2024-11-12T05:53:05+00:00\",\"dateModified\":\"2024-11-12T06:06:28+00:00\",\"mainEntityOfPage\":{\"@id\":\"https:\\\/\\\/infos-droitshumains.net\\\/?p=11736\"},\"wordCount\":541,\"commentCount\":0,\"publisher\":{\"@id\":\"https:\\\/\\\/infos-droitshumains.net\\\/#organization\"},\"image\":{\"@id\":\"https:\\\/\\\/infos-droitshumains.net\\\/?p=11736#primaryimage\"},\"thumbnailUrl\":\"https:\\\/\\\/i0.wp.com\\\/infos-droitshumains.net\\\/wp-content\\\/uploads\\\/2024\\\/11\\\/images-67_1.jpeg?fit=554%2C507&ssl=1\",\"articleSection\":[\"Justice\"],\"inLanguage\":\"fr-FR\",\"potentialAction\":[{\"@type\":\"CommentAction\",\"name\":\"Comment\",\"target\":[\"https:\\\/\\\/infos-droitshumains.net\\\/?p=11736#respond\"]}]},{\"@type\":\"WebPage\",\"@id\":\"https:\\\/\\\/infos-droitshumains.net\\\/?p=11736\",\"url\":\"https:\\\/\\\/infos-droitshumains.net\\\/?p=11736\",\"name\":\"RDC : Apr\u00e8s constat avec amertume de la \u00ab th\u00e9\u00e2tralisation \u00bb du d\u00e9roulement des \u00e9tats g\u00e9n\u00e9raux de la justice, les syndicats des Magistrats redoutent que les objectifs poursuivis ne soient pas atteints - Infos Droits Humains\",\"isPartOf\":{\"@id\":\"https:\\\/\\\/infos-droitshumains.net\\\/#website\"},\"primaryImageOfPage\":{\"@id\":\"https:\\\/\\\/infos-droitshumains.net\\\/?p=11736#primaryimage\"},\"image\":{\"@id\":\"https:\\\/\\\/infos-droitshumains.net\\\/?p=11736#primaryimage\"},\"thumbnailUrl\":\"https:\\\/\\\/i0.wp.com\\\/infos-droitshumains.net\\\/wp-content\\\/uploads\\\/2024\\\/11\\\/images-67_1.jpeg?fit=554%2C507&ssl=1\",\"datePublished\":\"2024-11-12T05:53:05+00:00\",\"dateModified\":\"2024-11-12T06:06:28+00:00\",\"breadcrumb\":{\"@id\":\"https:\\\/\\\/infos-droitshumains.net\\\/?p=11736#breadcrumb\"},\"inLanguage\":\"fr-FR\",\"potentialAction\":[{\"@type\":\"ReadAction\",\"target\":[\"https:\\\/\\\/infos-droitshumains.net\\\/?p=11736\"]}]},{\"@type\":\"ImageObject\",\"inLanguage\":\"fr-FR\",\"@id\":\"https:\\\/\\\/infos-droitshumains.net\\\/?p=11736#primaryimage\",\"url\":\"https:\\\/\\\/i0.wp.com\\\/infos-droitshumains.net\\\/wp-content\\\/uploads\\\/2024\\\/11\\\/images-67_1.jpeg?fit=554%2C507&ssl=1\",\"contentUrl\":\"https:\\\/\\\/i0.wp.com\\\/infos-droitshumains.net\\\/wp-content\\\/uploads\\\/2024\\\/11\\\/images-67_1.jpeg?fit=554%2C507&ssl=1\",\"width\":554,\"height\":507},{\"@type\":\"BreadcrumbList\",\"@id\":\"https:\\\/\\\/infos-droitshumains.net\\\/?p=11736#breadcrumb\",\"itemListElement\":[{\"@type\":\"ListItem\",\"position\":1,\"name\":\"Accueil\",\"item\":\"https:\\\/\\\/infos-droitshumains.net\\\/\"},{\"@type\":\"ListItem\",\"position\":2,\"name\":\"RDC : Apr\u00e8s constat avec amertume de la \u00ab th\u00e9\u00e2tralisation \u00bb du d\u00e9roulement des \u00e9tats g\u00e9n\u00e9raux de la justice, les syndicats des Magistrats redoutent que les objectifs poursuivis ne soient pas atteints\"}]},{\"@type\":\"WebSite\",\"@id\":\"https:\\\/\\\/infos-droitshumains.net\\\/#website\",\"url\":\"https:\\\/\\\/infos-droitshumains.net\\\/\",\"name\":\"Infos Droits Humains\",\"description\":\"S&#039;informer est un droit\",\"publisher\":{\"@id\":\"https:\\\/\\\/infos-droitshumains.net\\\/#organization\"},\"potentialAction\":[{\"@type\":\"SearchAction\",\"target\":{\"@type\":\"EntryPoint\",\"urlTemplate\":\"https:\\\/\\\/infos-droitshumains.net\\\/?s={search_term_string}\"},\"query-input\":{\"@type\":\"PropertyValueSpecification\",\"valueRequired\":true,\"valueName\":\"search_term_string\"}}],\"inLanguage\":\"fr-FR\"},{\"@type\":\"Organization\",\"@id\":\"https:\\\/\\\/infos-droitshumains.net\\\/#organization\",\"name\":\"Infos Droits Humains\",\"url\":\"https:\\\/\\\/infos-droitshumains.net\\\/\",\"logo\":{\"@type\":\"ImageObject\",\"inLanguage\":\"fr-FR\",\"@id\":\"https:\\\/\\\/infos-droitshumains.net\\\/#\\\/schema\\\/logo\\\/image\\\/\",\"url\":\"https:\\\/\\\/i0.wp.com\\\/infos-droitshumains.net\\\/wp-content\\\/uploads\\\/2022\\\/05\\\/Logo.png?fit=333%2C129&ssl=1\",\"contentUrl\":\"https:\\\/\\\/i0.wp.com\\\/infos-droitshumains.net\\\/wp-content\\\/uploads\\\/2022\\\/05\\\/Logo.png?fit=333%2C129&ssl=1\",\"width\":333,\"height\":129,\"caption\":\"Infos Droits Humains\"},\"image\":{\"@id\":\"https:\\\/\\\/infos-droitshumains.net\\\/#\\\/schema\\\/logo\\\/image\\\/\"}},{\"@type\":\"Person\",\"@id\":\"https:\\\/\\\/infos-droitshumains.net\\\/#\\\/schema\\\/person\\\/3dc5e921c3302172e0ed4362f96faab7\",\"name\":\"Jo\u00ebl Diawa\",\"image\":{\"@type\":\"ImageObject\",\"inLanguage\":\"fr-FR\",\"@id\":\"https:\\\/\\\/secure.gravatar.com\\\/avatar\\\/729bea6ff4604c624417803c477363be8e3c7186deaa65713313f9b4b820f41c?s=96&d=mm&r=g\",\"url\":\"https:\\\/\\\/secure.gravatar.com\\\/avatar\\\/729bea6ff4604c624417803c477363be8e3c7186deaa65713313f9b4b820f41c?s=96&d=mm&r=g\",\"contentUrl\":\"https:\\\/\\\/secure.gravatar.com\\\/avatar\\\/729bea6ff4604c624417803c477363be8e3c7186deaa65713313f9b4b820f41c?s=96&d=mm&r=g\",\"caption\":\"Jo\u00ebl Diawa\"},\"sameAs\":[\"https:\\\/\\\/www.infos-droitshumains.net\"],\"url\":\"https:\\\/\\\/infos-droitshumains.net\\\/?author=2\"}]}<\/script>\n<!-- \/ Yoast SEO plugin. -->","yoast_head_json":{"title":"RDC : Apr\u00e8s constat avec amertume de la \u00ab th\u00e9\u00e2tralisation \u00bb du d\u00e9roulement des \u00e9tats g\u00e9n\u00e9raux de la justice, les syndicats des Magistrats redoutent que les objectifs poursuivis ne soient pas atteints - Infos Droits Humains","robots":{"index":"index","follow":"follow","max-snippet":"max-snippet:-1","max-image-preview":"max-image-preview:large","max-video-preview":"max-video-preview:-1"},"canonical":"https:\/\/infos-droitshumains.net\/?p=11736","og_locale":"fr_FR","og_type":"article","og_title":"RDC : Apr\u00e8s constat avec amertume de la \u00ab th\u00e9\u00e2tralisation \u00bb du d\u00e9roulement des \u00e9tats g\u00e9n\u00e9raux de la justice, les syndicats des Magistrats redoutent que les objectifs poursuivis ne soient pas atteints - Infos Droits Humains","og_description":"R\u00e9daction: +243 817 406 088 Ouverts depuis le 06 novembre dernier par le Pr\u00e9sident de...","og_url":"https:\/\/infos-droitshumains.net\/?p=11736","og_site_name":"Infos Droits Humains","article_published_time":"2024-11-12T05:53:05+00:00","article_modified_time":"2024-11-12T06:06:28+00:00","og_image":[{"width":554,"height":507,"url":"https:\/\/infos-droitshumains.net\/wp-content\/uploads\/2024\/11\/images-67_1.jpeg","type":"image\/jpeg"}],"author":"Jo\u00ebl Diawa","twitter_card":"summary_large_image","twitter_misc":{"\u00c9crit par":"Jo\u00ebl Diawa","Dur\u00e9e de lecture estim\u00e9e":"3 minutes"},"schema":{"@context":"https:\/\/schema.org","@graph":[{"@type":"Article","@id":"https:\/\/infos-droitshumains.net\/?p=11736#article","isPartOf":{"@id":"https:\/\/infos-droitshumains.net\/?p=11736"},"author":{"name":"Jo\u00ebl Diawa","@id":"https:\/\/infos-droitshumains.net\/#\/schema\/person\/3dc5e921c3302172e0ed4362f96faab7"},"headline":"RDC : Apr\u00e8s constat avec amertume de la \u00ab th\u00e9\u00e2tralisation \u00bb du d\u00e9roulement des \u00e9tats g\u00e9n\u00e9raux de la justice, les syndicats des Magistrats redoutent que les objectifs poursuivis ne soient pas atteints","datePublished":"2024-11-12T05:53:05+00:00","dateModified":"2024-11-12T06:06:28+00:00","mainEntityOfPage":{"@id":"https:\/\/infos-droitshumains.net\/?p=11736"},"wordCount":541,"commentCount":0,"publisher":{"@id":"https:\/\/infos-droitshumains.net\/#organization"},"image":{"@id":"https:\/\/infos-droitshumains.net\/?p=11736#primaryimage"},"thumbnailUrl":"https:\/\/i0.wp.com\/infos-droitshumains.net\/wp-content\/uploads\/2024\/11\/images-67_1.jpeg?fit=554%2C507&ssl=1","articleSection":["Justice"],"inLanguage":"fr-FR","potentialAction":[{"@type":"CommentAction","name":"Comment","target":["https:\/\/infos-droitshumains.net\/?p=11736#respond"]}]},{"@type":"WebPage","@id":"https:\/\/infos-droitshumains.net\/?p=11736","url":"https:\/\/infos-droitshumains.net\/?p=11736","name":"RDC : Apr\u00e8s constat avec amertume de la \u00ab th\u00e9\u00e2tralisation \u00bb du d\u00e9roulement des \u00e9tats g\u00e9n\u00e9raux de la justice, les syndicats des Magistrats redoutent que les objectifs poursuivis ne soient pas atteints - Infos Droits Humains","isPartOf":{"@id":"https:\/\/infos-droitshumains.net\/#website"},"primaryImageOfPage":{"@id":"https:\/\/infos-droitshumains.net\/?p=11736#primaryimage"},"image":{"@id":"https:\/\/infos-droitshumains.net\/?p=11736#primaryimage"},"thumbnailUrl":"https:\/\/i0.wp.com\/infos-droitshumains.net\/wp-content\/uploads\/2024\/11\/images-67_1.jpeg?fit=554%2C507&ssl=1","datePublished":"2024-11-12T05:53:05+00:00","dateModified":"2024-11-12T06:06:28+00:00","breadcrumb":{"@id":"https:\/\/infos-droitshumains.net\/?p=11736#breadcrumb"},"inLanguage":"fr-FR","potentialAction":[{"@type":"ReadAction","target":["https:\/\/infos-droitshumains.net\/?p=11736"]}]},{"@type":"ImageObject","inLanguage":"fr-FR","@id":"https:\/\/infos-droitshumains.net\/?p=11736#primaryimage","url":"https:\/\/i0.wp.com\/infos-droitshumains.net\/wp-content\/uploads\/2024\/11\/images-67_1.jpeg?fit=554%2C507&ssl=1","contentUrl":"https:\/\/i0.wp.com\/infos-droitshumains.net\/wp-content\/uploads\/2024\/11\/images-67_1.jpeg?fit=554%2C507&ssl=1","width":554,"height":507},{"@type":"BreadcrumbList","@id":"https:\/\/infos-droitshumains.net\/?p=11736#breadcrumb","itemListElement":[{"@type":"ListItem","position":1,"name":"Accueil","item":"https:\/\/infos-droitshumains.net\/"},{"@type":"ListItem","position":2,"name":"RDC : Apr\u00e8s constat avec amertume de la \u00ab th\u00e9\u00e2tralisation \u00bb du d\u00e9roulement des \u00e9tats g\u00e9n\u00e9raux de la justice, les syndicats des Magistrats redoutent que les objectifs poursuivis ne soient pas atteints"}]},{"@type":"WebSite","@id":"https:\/\/infos-droitshumains.net\/#website","url":"https:\/\/infos-droitshumains.net\/","name":"Infos Droits Humains","description":"S&#039;informer est un droit","publisher":{"@id":"https:\/\/infos-droitshumains.net\/#organization"},"potentialAction":[{"@type":"SearchAction","target":{"@type":"EntryPoint","urlTemplate":"https:\/\/infos-droitshumains.net\/?s={search_term_string}"},"query-input":{"@type":"PropertyValueSpecification","valueRequired":true,"valueName":"search_term_string"}}],"inLanguage":"fr-FR"},{"@type":"Organization","@id":"https:\/\/infos-droitshumains.net\/#organization","name":"Infos Droits Humains","url":"https:\/\/infos-droitshumains.net\/","logo":{"@type":"ImageObject","inLanguage":"fr-FR","@id":"https:\/\/infos-droitshumains.net\/#\/schema\/logo\/image\/","url":"https:\/\/i0.wp.com\/infos-droitshumains.net\/wp-content\/uploads\/2022\/05\/Logo.png?fit=333%2C129&ssl=1","contentUrl":"https:\/\/i0.wp.com\/infos-droitshumains.net\/wp-content\/uploads\/2022\/05\/Logo.png?fit=333%2C129&ssl=1","width":333,"height":129,"caption":"Infos Droits Humains"},"image":{"@id":"https:\/\/infos-droitshumains.net\/#\/schema\/logo\/image\/"}},{"@type":"Person","@id":"https:\/\/infos-droitshumains.net\/#\/schema\/person\/3dc5e921c3302172e0ed4362f96faab7","name":"Jo\u00ebl Diawa","image":{"@type":"ImageObject","inLanguage":"fr-FR","@id":"https:\/\/secure.gravatar.com\/avatar\/729bea6ff4604c624417803c477363be8e3c7186deaa65713313f9b4b820f41c?s=96&d=mm&r=g","url":"https:\/\/secure.gravatar.com\/avatar\/729bea6ff4604c624417803c477363be8e3c7186deaa65713313f9b4b820f41c?s=96&d=mm&r=g","contentUrl":"https:\/\/secure.gravatar.com\/avatar\/729bea6ff4604c624417803c477363be8e3c7186deaa65713313f9b4b820f41c?s=96&d=mm&r=g","caption":"Jo\u00ebl Diawa"},"sameAs":["https:\/\/www.infos-droitshumains.net"],"url":"https:\/\/infos-droitshumains.net\/?author=2"}]}},"featured_image_urls":{"full":["https:\/\/i0.wp.com\/infos-droitshumains.net\/wp-content\/uploads\/2024\/11\/images-67_1.jpeg?fit=554%2C507&ssl=1",554,507,false],"thumbnail":["https:\/\/i0.wp.com\/infos-droitshumains.net\/wp-content\/uploads\/2024\/11\/images-67_1.jpeg?resize=150%2C150&ssl=1",150,150,true],"medium":["https:\/\/i0.wp.com\/infos-droitshumains.net\/wp-content\/uploads\/2024\/11\/images-67_1.jpeg?fit=300%2C275&ssl=1",300,275,true],"medium_large":["https:\/\/i0.wp.com\/infos-droitshumains.net\/wp-content\/uploads\/2024\/11\/images-67_1.jpeg?fit=554%2C507&ssl=1",554,507,true],"large":["https:\/\/i0.wp.com\/infos-droitshumains.net\/wp-content\/uploads\/2024\/11\/images-67_1.jpeg?fit=554%2C507&ssl=1",554,507,true],"1536x1536":["https:\/\/i0.wp.com\/infos-droitshumains.net\/wp-content\/uploads\/2024\/11\/images-67_1.jpeg?fit=554%2C507&ssl=1",554,507,true],"2048x2048":["https:\/\/i0.wp.com\/infos-droitshumains.net\/wp-content\/uploads\/2024\/11\/images-67_1.jpeg?fit=554%2C507&ssl=1",554,507,true],"covernews-slider-full":["https:\/\/i0.wp.com\/infos-droitshumains.net\/wp-content\/uploads\/2024\/11\/images-67_1.jpeg?resize=554%2C507&ssl=1",554,507,true],"covernews-slider-center":["https:\/\/i0.wp.com\/infos-droitshumains.net\/wp-content\/uploads\/2024\/11\/images-67_1.jpeg?resize=554%2C500&ssl=1",554,500,true],"covernews-featured":["https:\/\/i0.wp.com\/infos-droitshumains.net\/wp-content\/uploads\/2024\/11\/images-67_1.jpeg?fit=554%2C507&ssl=1",554,507,true],"covernews-medium":["https:\/\/i0.wp.com\/infos-droitshumains.net\/wp-content\/uploads\/2024\/11\/images-67_1.jpeg?resize=540%2C340&ssl=1",540,340,true],"covernews-medium-square":["https:\/\/i0.wp.com\/infos-droitshumains.net\/wp-content\/uploads\/2024\/11\/images-67_1.jpeg?resize=400%2C250&ssl=1",400,250,true]},"author_info":{"display_name":"Jo\u00ebl Diawa","author_link":"https:\/\/infos-droitshumains.net\/?author=2"},"category_info":"<a href=\"https:\/\/infos-droitshumains.net\/?cat=6\" rel=\"category\">Justice<\/a>","tag_info":"Justice","comment_count":"0","jetpack_featured_media_url":"https:\/\/i0.wp.com\/infos-droitshumains.net\/wp-content\/uploads\/2024\/11\/images-67_1.jpeg?fit=554%2C507&ssl=1","jetpack-related-posts":[],"jetpack_sharing_enabled":true,"_links":{"self":[{"href":"https:\/\/infos-droitshumains.net\/index.php?rest_route=\/wp\/v2\/posts\/11736","targetHints":{"allow":["GET"]}}],"collection":[{"href":"https:\/\/infos-droitshumains.net\/index.php?rest_route=\/wp\/v2\/posts"}],"about":[{"href":"https:\/\/infos-droitshumains.net\/index.php?rest_route=\/wp\/v2\/types\/post"}],"author":[{"embeddable":true,"href":"https:\/\/infos-droitshumains.net\/index.php?rest_route=\/wp\/v2\/users\/2"}],"replies":[{"embeddable":true,"href":"https:\/\/infos-droitshumains.net\/index.php?rest_route=%2Fwp%2Fv2%2Fcomments&post=11736"}],"version-history":[{"count":4,"href":"https:\/\/infos-droitshumains.net\/index.php?rest_route=\/wp\/v2\/posts\/11736\/revisions"}],"predecessor-version":[{"id":11741,"href":"https:\/\/infos-droitshumains.net\/index.php?rest_route=\/wp\/v2\/posts\/11736\/revisions\/11741"}],"wp:featuredmedia":[{"embeddable":true,"href":"https:\/\/infos-droitshumains.net\/index.php?rest_route=\/wp\/v2\/media\/11739"}],"wp:attachment":[{"href":"https:\/\/infos-droitshumains.net\/index.php?rest_route=%2Fwp%2Fv2%2Fmedia&parent=11736"}],"wp:term":[{"taxonomy":"category","embeddable":true,"href":"https:\/\/infos-droitshumains.net\/index.php?rest_route=%2Fwp%2Fv2%2Fcategories&post=11736"},{"taxonomy":"post_tag","embeddable":true,"href":"https:\/\/infos-droitshumains.net\/index.php?rest_route=%2Fwp%2Fv2%2Ftags&post=11736"}],"curies":[{"name":"wp","href":"https:\/\/api.w.org\/{rel}","templated":true}]}}