{"id":1172,"date":"2021-11-26T22:39:27","date_gmt":"2021-11-26T21:39:27","guid":{"rendered":"https:\/\/infos-droitshumains.net\/?p=1172"},"modified":"2023-04-06T12:11:04","modified_gmt":"2023-04-06T10:11:04","slug":"le-delit-de-port-illegal-duniforme-etude-comparee-du-droit-tribune-de-me-tychique-fataki","status":"publish","type":"post","link":"https:\/\/infos-droitshumains.net\/?p=1172","title":{"rendered":"Le d\u00e9lit de port ill\u00e9gal d&rsquo;uniforme, \u00e9tude compar\u00e9e du droit (Tribune de Me Tychique Fataki)"},"content":{"rendered":"\n<p><strong>R\u00e9daction:  +243817406088<\/strong><\/p>\n\n\n\n<p>L\u2019usurpation d\u2019uniformes, ou le port ill\u00e9gal d&rsquo;uniforme est un d\u00e9lit p\u00e9nal qui r\u00e9prime le fait de porter sans autorisation une uniforme, d\u00e9coration, signe distinctif ou embl\u00e8me dont le port est r\u00e9serv\u00e9 par la loi \u00e0 certaines personnes exer\u00e7ant une mission de service public ou d\u00e9positaire de l&rsquo;autorit\u00e9 publique.<\/p>\n\n\n\n<p>Sous d&rsquo;autres cieux, comme aux \u00c9tats- Unis, le port ill\u00e9gal d&rsquo;uniforme est aussi prohib\u00e9, n\u00e9anmoins, des exceptions sont pr\u00e9vues pour les acteurs, sous r\u00e9serve de ne pas donner une image n\u00e9gative de l&rsquo;arm\u00e9e. Par l&rsquo;arr\u00eat Schacht v. United States (en), la Cour supr\u00eame des \u00c9tats-Unis consid\u00e8re que les manifestations contre la guerre du Vi\u00eat Nam entrent dans le cadre d&rsquo;une expression th\u00e9\u00e2trale en public, et sont autoris\u00e9es m\u00eame si elles donnent une image n\u00e9gative de l&rsquo;arm\u00e9e.<\/p>\n\n\n\n<p>En droit belge, l&rsquo;article 228 du code p\u00e9nal belge, r\u00e9primer toute personne qui aura publiquement port\u00e9 un costume, un uniforme, une d\u00e9coration, un ruban ou autres insignes d&rsquo;un ordre qui ne lui appartient pas, d&rsquo;une peine d&rsquo;amende seulement.<\/p>\n\n\n\n<p>Tandis qu&rsquo;en droit allemand, le port d&rsquo;uniforme aux couleurs de la police ainsi qu&rsquo;une matraque factice, m\u00eame s&rsquo;il s&rsquo;agit d&rsquo;un m\u00e9lange de d\u00e9guisement de carnaval, constitue un d\u00e9lit.<\/p>\n\n\n\n<p>Que dire de ces cas factuels en RDC?Consid\u00e9rant que tout r\u00e9cemment, un artiste musicien s&rsquo;est offert all\u00e8grement une photo en tenue militaire aux c\u00f4t\u00e9 d&rsquo;un haut responsable militaire, pr\u00eatant confusion avec ce dernier, laquelle image \u00e0 fait des tours sur les r\u00e9seaux sociaux ?<\/p>\n\n\n\n<figure class=\"wp-block-image alignfull size-large\"><img data-recalc-dims=\"1\" decoding=\"async\" src=\"https:\/\/i0.wp.com\/infos-droitshumains.net\/wp-content\/uploads\/2021\/11\/IMG-20211126-WA0049_1.jpg?w=640&#038;ssl=1\" alt=\"\" class=\"wp-image-1167\" \/><\/figure>\n\n\n\n<p>En effet, en RDC, le port ill\u00e9gal d&rsquo;uniforme trouve sa justification juridique dans la loi N\u00b0 024\/2002 du 18 novembre 2002, portant Code p\u00e9nal militaire, sp\u00e9cialement en ses articles 85 et 86: le port public des d\u00e9corations, m\u00e9dailles, insignes, uniformes ou costumes militaires sans en avoir le droit est dangereusement punissable de la peine de Servitude p\u00e9nale allant jusqu&rsquo;\u00e0 5 ans.<\/p>\n\n\n\n<p>La m\u00eame peine peut aussi \u00eatre prononc\u00e9e contre tout militaire, ou assimil\u00e9, ou tout individu employ\u00e9 par le Minist\u00e8re de la D\u00e9fense qui porte des d\u00e9corations, m\u00e9dailles, insignes, uniformes ou costumes militaires \u00e9trangers sans y avoir \u00e9t\u00e9 pr\u00e9alablement autoris\u00e9. <\/p>\n\n\n\n<p>Par contre, en temps de guerre ou dans une r\u00e9gion o\u00f9 l\u2019\u00e9tat de si\u00e8ge ou d\u2019urgence est proclam\u00e9 ou \u00e0 l\u2019occasion d\u2019une op\u00e9ration de police tendant au maintien ou au <br> r\u00e9tablissement de l\u2019ordre public, en violation des lois et coutumes de la <br> guerre, toute personne qui emploie ind\u00fbment les insignes distinctifs et embl\u00e8mes d\u00e9finis par les conventions internationales pour assurer le respect des personnes, des biens ainsi que des lieux prot\u00e9g\u00e9s par ces conventions, est passible d&rsquo;une peine de Servitude p\u00e9nale allant jusqu&rsquo;\u00e0 10 ans.<\/p>\n\n\n\n<p>C&rsquo;est dans cette optique que l&rsquo;ancien  vice-Premier ministre et ministre de l\u2019Int\u00e9rieur, de la S\u00e9curit\u00e9 et des Affaires coutumi\u00e8res, Gilbert Kankonde, dans sa d\u00e9cision du 31 Mars 2020, avait interdit \u00e0 \u00ab toute personne, sans qualit\u00e9 ni droit, d\u2019acqu\u00e9rir, de distribuer ou de porter des uniformes, tenues et\/ou accessoires  des forces de d\u00e9fense, de l\u2019ordre ou des services de s\u00e9curit\u00e9, ou tous autres effets similaires \u00bb.<\/p>\n\n\n\n<p>Selon cet arr\u00eat\u00e9, les contrevenants pourraient s&rsquo;exposer aux sanctions p\u00e9nales. Cette interdiction, selon le vice-Premier ministre et ministre de l\u2019Int\u00e9rieur, de l&rsquo;\u00e9poque, concernait particuli\u00e8rement les membres et sympathisants des partis ou regroupements politiques, des  mouvements associatifs et des soci\u00e9t\u00e9s de gardiennage, mais aussi, cette d\u00e9cision fut motiv\u00e9e par \u00ab la n\u00e9cessit\u00e9 de combattre la criminalit\u00e9 sur toute l\u2019\u00e9tendue du territoire national cr\u00e9\u00e9e par des inciviques qui arborent des tenues ou autres insignes similaires aux forces de d\u00e9fense, de l\u2019ordre et des services de s\u00e9curit\u00e9, pr\u00eatant ainsi confusion dans le chef de la population \u00bb.<\/p>\n\n\n\n<p>Dans certains cas, Il est t\u00e9moign\u00e9 que des criminels portent ces tenues similaires \u00e0 celles des forces arm\u00e9es ou de la police, Il s\u2019agit des b\u00e9rets ou des tenues commun\u00e9ment appel\u00e9es \u00ab <em>pentagones<\/em> \u00bb ou \u00ab <em>bazonkion<\/em> en vue de brouiller les pistes.<\/p>\n\n\n\n<p>C\u2019est donc pour \u00e9viter ces confusions et faciliter le travail aux enqu\u00eateurs que le vice-Premier ministre et ministre de l\u2019Int\u00e9rieur, de la S\u00e9curit\u00e9 et des Affaires coutumi\u00e8res avait  pris cet arr\u00eat\u00e9 interdisant l\u2019acquisition, la distribution ou le port des uniformes, tenues et\/ou accessoires des forces de d\u00e9fense, de l\u2019ordre ou des services de s\u00e9curit\u00e9, ou tous autres effets similaires.<\/p>\n\n\n\n<p>Pour cl\u00f4re cette r\u00e9flexion, nous ne devons pas ignorer que l&rsquo;\u00c9tat de droit n&rsquo;est pas un simple slogan mystificateur, la primaut\u00e9 des textes juridiques doit \u00eatre une r\u00e9alit\u00e9 et l&rsquo;on doit r\u00e9primer tout acte proscrit par la loi s&rsquo;il le faut. Nous d\u00e9non\u00e7ons la commercialisation des tenues pr\u00eatant confusion \u00e0 celles des militaires ou  assimil\u00e9s.<\/p>\n\n\n\n<p><br> Me Tychique FATAKI.<\/p>\n","protected":false},"excerpt":{"rendered":"<p>R\u00e9daction: +243817406088 L\u2019usurpation d\u2019uniformes, ou le port ill\u00e9gal d&rsquo;uniforme est un d\u00e9lit p\u00e9nal qui r\u00e9prime&#8230;<\/p>\n","protected":false},"author":2,"featured_media":0,"comment_status":"closed","ping_status":"open","sticky":false,"template":"","format":"standard","meta":{"_jetpack_memberships_contains_paid_content":false,"footnotes":""},"categories":[1],"tags":[],"class_list":["post-1172","post","type-post","status-publish","format-standard","hentry","category-non-classe"],"yoast_head":"<!-- This site is optimized with the Yoast SEO plugin v27.5 - https:\/\/yoast.com\/product\/yoast-seo-wordpress\/ -->\n<title>Le d\u00e9lit de port ill\u00e9gal d&#039;uniforme, \u00e9tude compar\u00e9e du droit (Tribune de Me Tychique Fataki) - Infos Droits Humains<\/title>\n<meta name=\"robots\" content=\"index, follow, max-snippet:-1, max-image-preview:large, max-video-preview:-1\" \/>\n<link rel=\"canonical\" href=\"https:\/\/infos-droitshumains.net\/?p=1172\" \/>\n<meta property=\"og:locale\" content=\"fr_FR\" \/>\n<meta property=\"og:type\" content=\"article\" \/>\n<meta property=\"og:title\" content=\"Le d\u00e9lit de port ill\u00e9gal d&#039;uniforme, \u00e9tude compar\u00e9e du droit (Tribune de Me Tychique Fataki) - Infos Droits Humains\" \/>\n<meta property=\"og:description\" content=\"R\u00e9daction: +243817406088 L\u2019usurpation d\u2019uniformes, ou le port ill\u00e9gal d&rsquo;uniforme est un d\u00e9lit p\u00e9nal qui r\u00e9prime...\" \/>\n<meta property=\"og:url\" content=\"https:\/\/infos-droitshumains.net\/?p=1172\" \/>\n<meta property=\"og:site_name\" content=\"Infos Droits Humains\" \/>\n<meta property=\"article:published_time\" content=\"2021-11-26T21:39:27+00:00\" \/>\n<meta property=\"article:modified_time\" content=\"2023-04-06T10:11:04+00:00\" \/>\n<meta property=\"og:image\" content=\"https:\/\/infos-droitshumains.net\/wp-content\/uploads\/2021\/11\/IMG-20211126-WA0049_1.jpg\" \/>\n<meta name=\"author\" content=\"Jo\u00ebl Diawa\" \/>\n<meta name=\"twitter:card\" content=\"summary_large_image\" \/>\n<meta name=\"twitter:label1\" content=\"\u00c9crit par\" \/>\n\t<meta name=\"twitter:data1\" content=\"Jo\u00ebl Diawa\" \/>\n\t<meta name=\"twitter:label2\" content=\"Dur\u00e9e de lecture estim\u00e9e\" \/>\n\t<meta name=\"twitter:data2\" content=\"4 minutes\" \/>\n<script type=\"application\/ld+json\" class=\"yoast-schema-graph\">{\"@context\":\"https:\\\/\\\/schema.org\",\"@graph\":[{\"@type\":\"Article\",\"@id\":\"https:\\\/\\\/infos-droitshumains.net\\\/?p=1172#article\",\"isPartOf\":{\"@id\":\"https:\\\/\\\/infos-droitshumains.net\\\/?p=1172\"},\"author\":{\"name\":\"Jo\u00ebl Diawa\",\"@id\":\"https:\\\/\\\/infos-droitshumains.net\\\/#\\\/schema\\\/person\\\/3dc5e921c3302172e0ed4362f96faab7\"},\"headline\":\"Le d\u00e9lit de port ill\u00e9gal d&rsquo;uniforme, \u00e9tude compar\u00e9e du droit (Tribune de Me Tychique Fataki)\",\"datePublished\":\"2021-11-26T21:39:27+00:00\",\"dateModified\":\"2023-04-06T10:11:04+00:00\",\"mainEntityOfPage\":{\"@id\":\"https:\\\/\\\/infos-droitshumains.net\\\/?p=1172\"},\"wordCount\":858,\"publisher\":{\"@id\":\"https:\\\/\\\/infos-droitshumains.net\\\/#organization\"},\"image\":{\"@id\":\"https:\\\/\\\/infos-droitshumains.net\\\/?p=1172#primaryimage\"},\"thumbnailUrl\":\"https:\\\/\\\/infos-droitshumains.net\\\/wp-content\\\/uploads\\\/2021\\\/11\\\/IMG-20211126-WA0049_1.jpg\",\"inLanguage\":\"fr-FR\"},{\"@type\":\"WebPage\",\"@id\":\"https:\\\/\\\/infos-droitshumains.net\\\/?p=1172\",\"url\":\"https:\\\/\\\/infos-droitshumains.net\\\/?p=1172\",\"name\":\"Le d\u00e9lit de port ill\u00e9gal d'uniforme, \u00e9tude compar\u00e9e du droit (Tribune de Me Tychique Fataki) - Infos Droits Humains\",\"isPartOf\":{\"@id\":\"https:\\\/\\\/infos-droitshumains.net\\\/#website\"},\"primaryImageOfPage\":{\"@id\":\"https:\\\/\\\/infos-droitshumains.net\\\/?p=1172#primaryimage\"},\"image\":{\"@id\":\"https:\\\/\\\/infos-droitshumains.net\\\/?p=1172#primaryimage\"},\"thumbnailUrl\":\"https:\\\/\\\/infos-droitshumains.net\\\/wp-content\\\/uploads\\\/2021\\\/11\\\/IMG-20211126-WA0049_1.jpg\",\"datePublished\":\"2021-11-26T21:39:27+00:00\",\"dateModified\":\"2023-04-06T10:11:04+00:00\",\"breadcrumb\":{\"@id\":\"https:\\\/\\\/infos-droitshumains.net\\\/?p=1172#breadcrumb\"},\"inLanguage\":\"fr-FR\",\"potentialAction\":[{\"@type\":\"ReadAction\",\"target\":[\"https:\\\/\\\/infos-droitshumains.net\\\/?p=1172\"]}]},{\"@type\":\"ImageObject\",\"inLanguage\":\"fr-FR\",\"@id\":\"https:\\\/\\\/infos-droitshumains.net\\\/?p=1172#primaryimage\",\"url\":\"https:\\\/\\\/infos-droitshumains.net\\\/wp-content\\\/uploads\\\/2021\\\/11\\\/IMG-20211126-WA0049_1.jpg\",\"contentUrl\":\"https:\\\/\\\/infos-droitshumains.net\\\/wp-content\\\/uploads\\\/2021\\\/11\\\/IMG-20211126-WA0049_1.jpg\"},{\"@type\":\"BreadcrumbList\",\"@id\":\"https:\\\/\\\/infos-droitshumains.net\\\/?p=1172#breadcrumb\",\"itemListElement\":[{\"@type\":\"ListItem\",\"position\":1,\"name\":\"Accueil\",\"item\":\"https:\\\/\\\/infos-droitshumains.net\\\/\"},{\"@type\":\"ListItem\",\"position\":2,\"name\":\"Le d\u00e9lit de port ill\u00e9gal d&rsquo;uniforme, \u00e9tude compar\u00e9e du droit (Tribune de Me Tychique Fataki)\"}]},{\"@type\":\"WebSite\",\"@id\":\"https:\\\/\\\/infos-droitshumains.net\\\/#website\",\"url\":\"https:\\\/\\\/infos-droitshumains.net\\\/\",\"name\":\"Infos Droits Humains\",\"description\":\"S&#039;informer est un droit\",\"publisher\":{\"@id\":\"https:\\\/\\\/infos-droitshumains.net\\\/#organization\"},\"potentialAction\":[{\"@type\":\"SearchAction\",\"target\":{\"@type\":\"EntryPoint\",\"urlTemplate\":\"https:\\\/\\\/infos-droitshumains.net\\\/?s={search_term_string}\"},\"query-input\":{\"@type\":\"PropertyValueSpecification\",\"valueRequired\":true,\"valueName\":\"search_term_string\"}}],\"inLanguage\":\"fr-FR\"},{\"@type\":\"Organization\",\"@id\":\"https:\\\/\\\/infos-droitshumains.net\\\/#organization\",\"name\":\"Infos Droits Humains\",\"url\":\"https:\\\/\\\/infos-droitshumains.net\\\/\",\"logo\":{\"@type\":\"ImageObject\",\"inLanguage\":\"fr-FR\",\"@id\":\"https:\\\/\\\/infos-droitshumains.net\\\/#\\\/schema\\\/logo\\\/image\\\/\",\"url\":\"https:\\\/\\\/i0.wp.com\\\/infos-droitshumains.net\\\/wp-content\\\/uploads\\\/2022\\\/05\\\/Logo.png?fit=333%2C129&ssl=1\",\"contentUrl\":\"https:\\\/\\\/i0.wp.com\\\/infos-droitshumains.net\\\/wp-content\\\/uploads\\\/2022\\\/05\\\/Logo.png?fit=333%2C129&ssl=1\",\"width\":333,\"height\":129,\"caption\":\"Infos Droits Humains\"},\"image\":{\"@id\":\"https:\\\/\\\/infos-droitshumains.net\\\/#\\\/schema\\\/logo\\\/image\\\/\"}},{\"@type\":\"Person\",\"@id\":\"https:\\\/\\\/infos-droitshumains.net\\\/#\\\/schema\\\/person\\\/3dc5e921c3302172e0ed4362f96faab7\",\"name\":\"Jo\u00ebl Diawa\",\"image\":{\"@type\":\"ImageObject\",\"inLanguage\":\"fr-FR\",\"@id\":\"https:\\\/\\\/secure.gravatar.com\\\/avatar\\\/729bea6ff4604c624417803c477363be8e3c7186deaa65713313f9b4b820f41c?s=96&d=mm&r=g\",\"url\":\"https:\\\/\\\/secure.gravatar.com\\\/avatar\\\/729bea6ff4604c624417803c477363be8e3c7186deaa65713313f9b4b820f41c?s=96&d=mm&r=g\",\"contentUrl\":\"https:\\\/\\\/secure.gravatar.com\\\/avatar\\\/729bea6ff4604c624417803c477363be8e3c7186deaa65713313f9b4b820f41c?s=96&d=mm&r=g\",\"caption\":\"Jo\u00ebl Diawa\"},\"sameAs\":[\"https:\\\/\\\/www.infos-droitshumains.net\"],\"url\":\"https:\\\/\\\/infos-droitshumains.net\\\/?author=2\"}]}<\/script>\n<!-- \/ Yoast SEO plugin. -->","yoast_head_json":{"title":"Le d\u00e9lit de port ill\u00e9gal d'uniforme, \u00e9tude compar\u00e9e du droit (Tribune de Me Tychique Fataki) - Infos Droits Humains","robots":{"index":"index","follow":"follow","max-snippet":"max-snippet:-1","max-image-preview":"max-image-preview:large","max-video-preview":"max-video-preview:-1"},"canonical":"https:\/\/infos-droitshumains.net\/?p=1172","og_locale":"fr_FR","og_type":"article","og_title":"Le d\u00e9lit de port ill\u00e9gal d'uniforme, \u00e9tude compar\u00e9e du droit (Tribune de Me Tychique Fataki) - Infos Droits Humains","og_description":"R\u00e9daction: +243817406088 L\u2019usurpation d\u2019uniformes, ou le port ill\u00e9gal d&rsquo;uniforme est un d\u00e9lit p\u00e9nal qui r\u00e9prime...","og_url":"https:\/\/infos-droitshumains.net\/?p=1172","og_site_name":"Infos Droits Humains","article_published_time":"2021-11-26T21:39:27+00:00","article_modified_time":"2023-04-06T10:11:04+00:00","og_image":[{"url":"https:\/\/infos-droitshumains.net\/wp-content\/uploads\/2021\/11\/IMG-20211126-WA0049_1.jpg","type":"","width":"","height":""}],"author":"Jo\u00ebl Diawa","twitter_card":"summary_large_image","twitter_misc":{"\u00c9crit par":"Jo\u00ebl Diawa","Dur\u00e9e de lecture estim\u00e9e":"4 minutes"},"schema":{"@context":"https:\/\/schema.org","@graph":[{"@type":"Article","@id":"https:\/\/infos-droitshumains.net\/?p=1172#article","isPartOf":{"@id":"https:\/\/infos-droitshumains.net\/?p=1172"},"author":{"name":"Jo\u00ebl Diawa","@id":"https:\/\/infos-droitshumains.net\/#\/schema\/person\/3dc5e921c3302172e0ed4362f96faab7"},"headline":"Le d\u00e9lit de port ill\u00e9gal d&rsquo;uniforme, \u00e9tude compar\u00e9e du droit (Tribune de Me Tychique Fataki)","datePublished":"2021-11-26T21:39:27+00:00","dateModified":"2023-04-06T10:11:04+00:00","mainEntityOfPage":{"@id":"https:\/\/infos-droitshumains.net\/?p=1172"},"wordCount":858,"publisher":{"@id":"https:\/\/infos-droitshumains.net\/#organization"},"image":{"@id":"https:\/\/infos-droitshumains.net\/?p=1172#primaryimage"},"thumbnailUrl":"https:\/\/infos-droitshumains.net\/wp-content\/uploads\/2021\/11\/IMG-20211126-WA0049_1.jpg","inLanguage":"fr-FR"},{"@type":"WebPage","@id":"https:\/\/infos-droitshumains.net\/?p=1172","url":"https:\/\/infos-droitshumains.net\/?p=1172","name":"Le d\u00e9lit de port ill\u00e9gal d'uniforme, \u00e9tude compar\u00e9e du droit (Tribune de Me Tychique Fataki) - Infos Droits Humains","isPartOf":{"@id":"https:\/\/infos-droitshumains.net\/#website"},"primaryImageOfPage":{"@id":"https:\/\/infos-droitshumains.net\/?p=1172#primaryimage"},"image":{"@id":"https:\/\/infos-droitshumains.net\/?p=1172#primaryimage"},"thumbnailUrl":"https:\/\/infos-droitshumains.net\/wp-content\/uploads\/2021\/11\/IMG-20211126-WA0049_1.jpg","datePublished":"2021-11-26T21:39:27+00:00","dateModified":"2023-04-06T10:11:04+00:00","breadcrumb":{"@id":"https:\/\/infos-droitshumains.net\/?p=1172#breadcrumb"},"inLanguage":"fr-FR","potentialAction":[{"@type":"ReadAction","target":["https:\/\/infos-droitshumains.net\/?p=1172"]}]},{"@type":"ImageObject","inLanguage":"fr-FR","@id":"https:\/\/infos-droitshumains.net\/?p=1172#primaryimage","url":"https:\/\/infos-droitshumains.net\/wp-content\/uploads\/2021\/11\/IMG-20211126-WA0049_1.jpg","contentUrl":"https:\/\/infos-droitshumains.net\/wp-content\/uploads\/2021\/11\/IMG-20211126-WA0049_1.jpg"},{"@type":"BreadcrumbList","@id":"https:\/\/infos-droitshumains.net\/?p=1172#breadcrumb","itemListElement":[{"@type":"ListItem","position":1,"name":"Accueil","item":"https:\/\/infos-droitshumains.net\/"},{"@type":"ListItem","position":2,"name":"Le d\u00e9lit de port ill\u00e9gal d&rsquo;uniforme, \u00e9tude compar\u00e9e du droit (Tribune de Me Tychique Fataki)"}]},{"@type":"WebSite","@id":"https:\/\/infos-droitshumains.net\/#website","url":"https:\/\/infos-droitshumains.net\/","name":"Infos Droits Humains","description":"S&#039;informer est un droit","publisher":{"@id":"https:\/\/infos-droitshumains.net\/#organization"},"potentialAction":[{"@type":"SearchAction","target":{"@type":"EntryPoint","urlTemplate":"https:\/\/infos-droitshumains.net\/?s={search_term_string}"},"query-input":{"@type":"PropertyValueSpecification","valueRequired":true,"valueName":"search_term_string"}}],"inLanguage":"fr-FR"},{"@type":"Organization","@id":"https:\/\/infos-droitshumains.net\/#organization","name":"Infos Droits Humains","url":"https:\/\/infos-droitshumains.net\/","logo":{"@type":"ImageObject","inLanguage":"fr-FR","@id":"https:\/\/infos-droitshumains.net\/#\/schema\/logo\/image\/","url":"https:\/\/i0.wp.com\/infos-droitshumains.net\/wp-content\/uploads\/2022\/05\/Logo.png?fit=333%2C129&ssl=1","contentUrl":"https:\/\/i0.wp.com\/infos-droitshumains.net\/wp-content\/uploads\/2022\/05\/Logo.png?fit=333%2C129&ssl=1","width":333,"height":129,"caption":"Infos Droits Humains"},"image":{"@id":"https:\/\/infos-droitshumains.net\/#\/schema\/logo\/image\/"}},{"@type":"Person","@id":"https:\/\/infos-droitshumains.net\/#\/schema\/person\/3dc5e921c3302172e0ed4362f96faab7","name":"Jo\u00ebl Diawa","image":{"@type":"ImageObject","inLanguage":"fr-FR","@id":"https:\/\/secure.gravatar.com\/avatar\/729bea6ff4604c624417803c477363be8e3c7186deaa65713313f9b4b820f41c?s=96&d=mm&r=g","url":"https:\/\/secure.gravatar.com\/avatar\/729bea6ff4604c624417803c477363be8e3c7186deaa65713313f9b4b820f41c?s=96&d=mm&r=g","contentUrl":"https:\/\/secure.gravatar.com\/avatar\/729bea6ff4604c624417803c477363be8e3c7186deaa65713313f9b4b820f41c?s=96&d=mm&r=g","caption":"Jo\u00ebl Diawa"},"sameAs":["https:\/\/www.infos-droitshumains.net"],"url":"https:\/\/infos-droitshumains.net\/?author=2"}]}},"featured_image_urls":{"full":"","thumbnail":"","medium":"","medium_large":"","large":"","1536x1536":"","2048x2048":"","covernews-slider-full":"","covernews-slider-center":"","covernews-featured":"","covernews-medium":"","covernews-medium-square":""},"author_info":{"display_name":"Jo\u00ebl Diawa","author_link":"https:\/\/infos-droitshumains.net\/?author=2"},"category_info":"<a href=\"https:\/\/infos-droitshumains.net\/?cat=1\" rel=\"category\">Non class\u00e9<\/a>","tag_info":"Non class\u00e9","comment_count":"0","jetpack_featured_media_url":"","jetpack-related-posts":[],"jetpack_sharing_enabled":true,"_links":{"self":[{"href":"https:\/\/infos-droitshumains.net\/index.php?rest_route=\/wp\/v2\/posts\/1172","targetHints":{"allow":["GET"]}}],"collection":[{"href":"https:\/\/infos-droitshumains.net\/index.php?rest_route=\/wp\/v2\/posts"}],"about":[{"href":"https:\/\/infos-droitshumains.net\/index.php?rest_route=\/wp\/v2\/types\/post"}],"author":[{"embeddable":true,"href":"https:\/\/infos-droitshumains.net\/index.php?rest_route=\/wp\/v2\/users\/2"}],"replies":[{"embeddable":true,"href":"https:\/\/infos-droitshumains.net\/index.php?rest_route=%2Fwp%2Fv2%2Fcomments&post=1172"}],"version-history":[{"count":2,"href":"https:\/\/infos-droitshumains.net\/index.php?rest_route=\/wp\/v2\/posts\/1172\/revisions"}],"predecessor-version":[{"id":1177,"href":"https:\/\/infos-droitshumains.net\/index.php?rest_route=\/wp\/v2\/posts\/1172\/revisions\/1177"}],"wp:attachment":[{"href":"https:\/\/infos-droitshumains.net\/index.php?rest_route=%2Fwp%2Fv2%2Fmedia&parent=1172"}],"wp:term":[{"taxonomy":"category","embeddable":true,"href":"https:\/\/infos-droitshumains.net\/index.php?rest_route=%2Fwp%2Fv2%2Fcategories&post=1172"},{"taxonomy":"post_tag","embeddable":true,"href":"https:\/\/infos-droitshumains.net\/index.php?rest_route=%2Fwp%2Fv2%2Ftags&post=1172"}],"curies":[{"name":"wp","href":"https:\/\/api.w.org\/{rel}","templated":true}]}}