{"id":11716,"date":"2024-11-09T12:24:46","date_gmt":"2024-11-09T11:24:46","guid":{"rendered":"https:\/\/infos-droitshumains.net\/?p=11716"},"modified":"2024-11-09T12:24:50","modified_gmt":"2024-11-09T11:24:50","slug":"assemblee-nationale-les-presidents-des-assemblees-provinciales-plaident-pour-le-renforcement-des-mecanismes-de-decentralisation","status":"publish","type":"post","link":"https:\/\/infos-droitshumains.net\/?p=11716","title":{"rendered":"Assembl\u00e9e Nationale : Les pr\u00e9sidents des assembl\u00e9es provinciales plaident pour le renforcement des m\u00e9canismes de d\u00e9centralisation"},"content":{"rendered":"\n<p><strong>R\u00e9daction: +243 817 406 088<\/strong><\/p>\n\n\n\n<h3 class=\"wp-block-heading has-vivid-red-color has-text-color has-link-color wp-elements-c000790f5120bdf851e13f0e74cd9d97\">En s\u00e9jour de travail \u00e0 Kinshasa o\u00f9 ils prennent part aux \u00e9tats g\u00e9n\u00e9raux de la justice, les Pr\u00e9sidents des Assembl\u00e9es Provinciales ont saisi opportunit\u00e9 pour \u00e9changer avec le Pr\u00e9sident de l&rsquo;Assembl\u00e9e Nationale. Les Pr\u00e9sidents des organes d\u00e9lib\u00e9rants ont pr\u00e9sent\u00e9 \u00e0 Vital Kamerhe les conditions pr\u00e9caires de travail \u00e9lus provinciaux ainsi que celles g\u00e9n\u00e9rales de leurs respectives.<\/h3>\n\n\n\n<figure class=\"wp-block-image alignfull size-large\"><img data-recalc-dims=\"1\" fetchpriority=\"high\" decoding=\"async\" width=\"640\" height=\"427\" src=\"https:\/\/i0.wp.com\/infos-droitshumains.net\/wp-content\/uploads\/2024\/11\/IMG-20241109-WA0038.jpg?resize=640%2C427&#038;ssl=1\" alt=\"\" class=\"wp-image-11719\" srcset=\"https:\/\/i0.wp.com\/infos-droitshumains.net\/wp-content\/uploads\/2024\/11\/IMG-20241109-WA0038.jpg?resize=1024%2C683&amp;ssl=1 1024w, https:\/\/i0.wp.com\/infos-droitshumains.net\/wp-content\/uploads\/2024\/11\/IMG-20241109-WA0038.jpg?resize=300%2C200&amp;ssl=1 300w, https:\/\/i0.wp.com\/infos-droitshumains.net\/wp-content\/uploads\/2024\/11\/IMG-20241109-WA0038.jpg?resize=768%2C512&amp;ssl=1 768w, https:\/\/i0.wp.com\/infos-droitshumains.net\/wp-content\/uploads\/2024\/11\/IMG-20241109-WA0038.jpg?resize=1536%2C1025&amp;ssl=1 1536w, https:\/\/i0.wp.com\/infos-droitshumains.net\/wp-content\/uploads\/2024\/11\/IMG-20241109-WA0038.jpg?resize=2048%2C1366&amp;ssl=1 2048w, https:\/\/i0.wp.com\/infos-droitshumains.net\/wp-content\/uploads\/2024\/11\/IMG-20241109-WA0038.jpg?w=1280&amp;ssl=1 1280w, https:\/\/i0.wp.com\/infos-droitshumains.net\/wp-content\/uploads\/2024\/11\/IMG-20241109-WA0038.jpg?w=1920&amp;ssl=1 1920w\" sizes=\"(max-width: 640px) 100vw, 640px\" \/><\/figure>\n\n\n\n<p>Sur la table du speaker de la chambre basse du parlement, trois probl\u00e8mes majeurs ont \u00e9t\u00e9 soumis&nbsp;; il s&rsquo;agit premi\u00e8rement, des arri\u00e9r\u00e9s de plusieurs mois d\u2019\u00e9moluments et des frais de fonctionnement des Assembl\u00e9es Provinciales. Cette situation fait suite \u00e0 en croire ces d\u00e9put\u00e9s, <em>\u2018\u2019au nom respect du d\u00e9caissement suivant les pr\u00e9visions budg\u00e9taires\u2019\u2019<\/em>&nbsp;; il y a ensuite, r\u00e9habilitation du pouvoir et du statut du d\u00e9put\u00e9 provincial face \u00e0 l&rsquo;ex\u00e9cutif provincial&nbsp;; et enfin, la sollicitation d&rsquo;un renforcement des capacit\u00e9s du personnel administratif des Assembl\u00e9es Provinciales par les experts de l&rsquo;Assembl\u00e9e Nationale.<\/p>\n\n\n\n<figure class=\"wp-block-image alignfull size-large\"><img data-recalc-dims=\"1\" decoding=\"async\" width=\"640\" height=\"427\" src=\"https:\/\/i0.wp.com\/infos-droitshumains.net\/wp-content\/uploads\/2024\/11\/IMG-20241109-WA0031.jpg?resize=640%2C427&#038;ssl=1\" alt=\"\" class=\"wp-image-11721\" srcset=\"https:\/\/i0.wp.com\/infos-droitshumains.net\/wp-content\/uploads\/2024\/11\/IMG-20241109-WA0031.jpg?resize=1024%2C683&amp;ssl=1 1024w, https:\/\/i0.wp.com\/infos-droitshumains.net\/wp-content\/uploads\/2024\/11\/IMG-20241109-WA0031.jpg?resize=300%2C200&amp;ssl=1 300w, https:\/\/i0.wp.com\/infos-droitshumains.net\/wp-content\/uploads\/2024\/11\/IMG-20241109-WA0031.jpg?resize=768%2C512&amp;ssl=1 768w, https:\/\/i0.wp.com\/infos-droitshumains.net\/wp-content\/uploads\/2024\/11\/IMG-20241109-WA0031.jpg?resize=1536%2C1025&amp;ssl=1 1536w, https:\/\/i0.wp.com\/infos-droitshumains.net\/wp-content\/uploads\/2024\/11\/IMG-20241109-WA0031.jpg?resize=2048%2C1366&amp;ssl=1 2048w, https:\/\/i0.wp.com\/infos-droitshumains.net\/wp-content\/uploads\/2024\/11\/IMG-20241109-WA0031.jpg?w=1280&amp;ssl=1 1280w, https:\/\/i0.wp.com\/infos-droitshumains.net\/wp-content\/uploads\/2024\/11\/IMG-20241109-WA0031.jpg?w=1920&amp;ssl=1 1920w\" sizes=\"(max-width: 640px) 100vw, 640px\" \/><\/figure>\n\n\n\n<p>Le Professeur Vital Kamerhe qui n&rsquo;ignore pas cette situation a rencontr\u00e9 chacune des pr\u00e9occupations soulev\u00e9es. \u00c0 la question des arri\u00e9r\u00e9s sur la prise en charge des \u00e9lus provinciaux, le Pr\u00e9sident de l&rsquo;Assembl\u00e9e Nationale, a fait savoir que son combat primordial reste la mise en place d&rsquo;un budget qui r\u00e9pond \u00e0 suffisance aux attentes de la population et de veiller sur son ex\u00e9cution conform\u00e9ment aux lignes budg\u00e9taires inscrites. Il a ainsi promis son implication, \u00e0 travers la Commission \u00c9cofin pour corriger toutes les irr\u00e9gularit\u00e9s dans l&rsquo;ex\u00e9cution du budget de l\u2019exercice 2025.<\/p>\n\n\n\n<figure class=\"wp-block-image alignfull size-large\"><img data-recalc-dims=\"1\" decoding=\"async\" width=\"640\" height=\"427\" src=\"https:\/\/i0.wp.com\/infos-droitshumains.net\/wp-content\/uploads\/2024\/11\/IMG-20241109-WA0004.jpg?resize=640%2C427&#038;ssl=1\" alt=\"\" class=\"wp-image-11722\" srcset=\"https:\/\/i0.wp.com\/infos-droitshumains.net\/wp-content\/uploads\/2024\/11\/IMG-20241109-WA0004.jpg?resize=1024%2C683&amp;ssl=1 1024w, https:\/\/i0.wp.com\/infos-droitshumains.net\/wp-content\/uploads\/2024\/11\/IMG-20241109-WA0004.jpg?resize=300%2C200&amp;ssl=1 300w, https:\/\/i0.wp.com\/infos-droitshumains.net\/wp-content\/uploads\/2024\/11\/IMG-20241109-WA0004.jpg?resize=768%2C512&amp;ssl=1 768w, https:\/\/i0.wp.com\/infos-droitshumains.net\/wp-content\/uploads\/2024\/11\/IMG-20241109-WA0004.jpg?resize=1536%2C1025&amp;ssl=1 1536w, https:\/\/i0.wp.com\/infos-droitshumains.net\/wp-content\/uploads\/2024\/11\/IMG-20241109-WA0004.jpg?resize=2048%2C1366&amp;ssl=1 2048w, https:\/\/i0.wp.com\/infos-droitshumains.net\/wp-content\/uploads\/2024\/11\/IMG-20241109-WA0004.jpg?w=1280&amp;ssl=1 1280w, https:\/\/i0.wp.com\/infos-droitshumains.net\/wp-content\/uploads\/2024\/11\/IMG-20241109-WA0004.jpg?w=1920&amp;ssl=1 1920w\" sizes=\"(max-width: 640px) 100vw, 640px\" \/><\/figure>\n\n\n\n<p>Il a en outre demand\u00e9 aux \u00e9lus provinciaux d&rsquo;\u00e9laborer un agenda suivant les sp\u00e9cificit\u00e9s de chaque province qu&rsquo;ils pourront soumettre au Chef de l&rsquo;Etat lors de la conf\u00e9rence des gouverneurs qui se tiendra dans les prochains jours. Il les a cependant demand\u00e9s de rester fixer sur la vision du Pr\u00e9sident de la R\u00e9publique.<\/p>\n\n\n\n<p>Favorable \u00e0 la demande relative \u00e0 l&rsquo;organisation d&rsquo;un s\u00e9minaire de renforcement des capacit\u00e9s du personnel administratif des assembl\u00e9es provinciales, le Pr\u00e9sident Kamerhe a d\u00e9cid\u00e9 de la cr\u00e9ation d&rsquo;un point d&rsquo;encrage entre le l\u00e9gislatif national les l\u00e9gislatifs provinciaux dit-il, <strong><em>\u2018\u2019pour maintenir une liaison permanente\u2019\u2019<\/em><\/strong> entre les deux parties.<\/p>\n\n\n\n<p>Jo\u00ebl Diawa<\/p>\n","protected":false},"excerpt":{"rendered":"<p>R\u00e9daction: +243 817 406 088 En s\u00e9jour de travail \u00e0 Kinshasa o\u00f9 ils prennent part&#8230;<\/p>\n","protected":false},"author":2,"featured_media":11718,"comment_status":"open","ping_status":"open","sticky":false,"template":"","format":"standard","meta":{"_jetpack_memberships_contains_paid_content":false,"footnotes":""},"categories":[3],"tags":[],"class_list":["post-11716","post","type-post","status-publish","format-standard","has-post-thumbnail","hentry","category-politique"],"yoast_head":"<!-- This site is optimized with the Yoast SEO plugin v27.5 - https:\/\/yoast.com\/product\/yoast-seo-wordpress\/ -->\n<title>Assembl\u00e9e Nationale : Les pr\u00e9sidents des assembl\u00e9es provinciales plaident pour le renforcement des m\u00e9canismes de d\u00e9centralisation - Infos Droits Humains<\/title>\n<meta name=\"robots\" content=\"index, follow, max-snippet:-1, max-image-preview:large, max-video-preview:-1\" \/>\n<link rel=\"canonical\" href=\"https:\/\/infos-droitshumains.net\/?p=11716\" \/>\n<meta property=\"og:locale\" content=\"fr_FR\" \/>\n<meta property=\"og:type\" content=\"article\" \/>\n<meta property=\"og:title\" content=\"Assembl\u00e9e Nationale : Les pr\u00e9sidents des assembl\u00e9es provinciales plaident pour le renforcement des m\u00e9canismes de d\u00e9centralisation - Infos Droits Humains\" \/>\n<meta property=\"og:description\" content=\"R\u00e9daction: +243 817 406 088 En s\u00e9jour de travail \u00e0 Kinshasa o\u00f9 ils prennent part...\" \/>\n<meta property=\"og:url\" content=\"https:\/\/infos-droitshumains.net\/?p=11716\" \/>\n<meta property=\"og:site_name\" content=\"Infos Droits Humains\" \/>\n<meta property=\"article:published_time\" content=\"2024-11-09T11:24:46+00:00\" \/>\n<meta property=\"article:modified_time\" content=\"2024-11-09T11:24:50+00:00\" \/>\n<meta property=\"og:image\" content=\"https:\/\/infos-droitshumains.net\/wp-content\/uploads\/2024\/11\/IMG-20241109-WA0046.jpg\" \/>\n\t<meta property=\"og:image:width\" content=\"2560\" \/>\n\t<meta property=\"og:image:height\" content=\"1725\" \/>\n\t<meta property=\"og:image:type\" content=\"image\/jpeg\" \/>\n<meta name=\"author\" content=\"Jo\u00ebl Diawa\" \/>\n<meta name=\"twitter:card\" content=\"summary_large_image\" \/>\n<meta name=\"twitter:label1\" content=\"\u00c9crit par\" \/>\n\t<meta name=\"twitter:data1\" content=\"Jo\u00ebl Diawa\" \/>\n\t<meta name=\"twitter:label2\" content=\"Dur\u00e9e de lecture estim\u00e9e\" \/>\n\t<meta name=\"twitter:data2\" content=\"3 minutes\" \/>\n<script type=\"application\/ld+json\" class=\"yoast-schema-graph\">{\"@context\":\"https:\\\/\\\/schema.org\",\"@graph\":[{\"@type\":\"Article\",\"@id\":\"https:\\\/\\\/infos-droitshumains.net\\\/?p=11716#article\",\"isPartOf\":{\"@id\":\"https:\\\/\\\/infos-droitshumains.net\\\/?p=11716\"},\"author\":{\"name\":\"Jo\u00ebl Diawa\",\"@id\":\"https:\\\/\\\/infos-droitshumains.net\\\/#\\\/schema\\\/person\\\/3dc5e921c3302172e0ed4362f96faab7\"},\"headline\":\"Assembl\u00e9e Nationale : Les pr\u00e9sidents des assembl\u00e9es provinciales plaident pour le renforcement des m\u00e9canismes de d\u00e9centralisation\",\"datePublished\":\"2024-11-09T11:24:46+00:00\",\"dateModified\":\"2024-11-09T11:24:50+00:00\",\"mainEntityOfPage\":{\"@id\":\"https:\\\/\\\/infos-droitshumains.net\\\/?p=11716\"},\"wordCount\":413,\"commentCount\":0,\"publisher\":{\"@id\":\"https:\\\/\\\/infos-droitshumains.net\\\/#organization\"},\"image\":{\"@id\":\"https:\\\/\\\/infos-droitshumains.net\\\/?p=11716#primaryimage\"},\"thumbnailUrl\":\"https:\\\/\\\/i0.wp.com\\\/infos-droitshumains.net\\\/wp-content\\\/uploads\\\/2024\\\/11\\\/IMG-20241109-WA0046.jpg?fit=2560%2C1725&ssl=1\",\"articleSection\":[\"Politique\"],\"inLanguage\":\"fr-FR\",\"potentialAction\":[{\"@type\":\"CommentAction\",\"name\":\"Comment\",\"target\":[\"https:\\\/\\\/infos-droitshumains.net\\\/?p=11716#respond\"]}]},{\"@type\":\"WebPage\",\"@id\":\"https:\\\/\\\/infos-droitshumains.net\\\/?p=11716\",\"url\":\"https:\\\/\\\/infos-droitshumains.net\\\/?p=11716\",\"name\":\"Assembl\u00e9e Nationale : Les pr\u00e9sidents des assembl\u00e9es provinciales plaident pour le renforcement des m\u00e9canismes de d\u00e9centralisation - Infos Droits Humains\",\"isPartOf\":{\"@id\":\"https:\\\/\\\/infos-droitshumains.net\\\/#website\"},\"primaryImageOfPage\":{\"@id\":\"https:\\\/\\\/infos-droitshumains.net\\\/?p=11716#primaryimage\"},\"image\":{\"@id\":\"https:\\\/\\\/infos-droitshumains.net\\\/?p=11716#primaryimage\"},\"thumbnailUrl\":\"https:\\\/\\\/i0.wp.com\\\/infos-droitshumains.net\\\/wp-content\\\/uploads\\\/2024\\\/11\\\/IMG-20241109-WA0046.jpg?fit=2560%2C1725&ssl=1\",\"datePublished\":\"2024-11-09T11:24:46+00:00\",\"dateModified\":\"2024-11-09T11:24:50+00:00\",\"breadcrumb\":{\"@id\":\"https:\\\/\\\/infos-droitshumains.net\\\/?p=11716#breadcrumb\"},\"inLanguage\":\"fr-FR\",\"potentialAction\":[{\"@type\":\"ReadAction\",\"target\":[\"https:\\\/\\\/infos-droitshumains.net\\\/?p=11716\"]}]},{\"@type\":\"ImageObject\",\"inLanguage\":\"fr-FR\",\"@id\":\"https:\\\/\\\/infos-droitshumains.net\\\/?p=11716#primaryimage\",\"url\":\"https:\\\/\\\/i0.wp.com\\\/infos-droitshumains.net\\\/wp-content\\\/uploads\\\/2024\\\/11\\\/IMG-20241109-WA0046.jpg?fit=2560%2C1725&ssl=1\",\"contentUrl\":\"https:\\\/\\\/i0.wp.com\\\/infos-droitshumains.net\\\/wp-content\\\/uploads\\\/2024\\\/11\\\/IMG-20241109-WA0046.jpg?fit=2560%2C1725&ssl=1\",\"width\":2560,\"height\":1725},{\"@type\":\"BreadcrumbList\",\"@id\":\"https:\\\/\\\/infos-droitshumains.net\\\/?p=11716#breadcrumb\",\"itemListElement\":[{\"@type\":\"ListItem\",\"position\":1,\"name\":\"Accueil\",\"item\":\"https:\\\/\\\/infos-droitshumains.net\\\/\"},{\"@type\":\"ListItem\",\"position\":2,\"name\":\"Assembl\u00e9e Nationale : Les pr\u00e9sidents des assembl\u00e9es provinciales plaident pour le renforcement des m\u00e9canismes de d\u00e9centralisation\"}]},{\"@type\":\"WebSite\",\"@id\":\"https:\\\/\\\/infos-droitshumains.net\\\/#website\",\"url\":\"https:\\\/\\\/infos-droitshumains.net\\\/\",\"name\":\"Infos Droits Humains\",\"description\":\"S&#039;informer est un droit\",\"publisher\":{\"@id\":\"https:\\\/\\\/infos-droitshumains.net\\\/#organization\"},\"potentialAction\":[{\"@type\":\"SearchAction\",\"target\":{\"@type\":\"EntryPoint\",\"urlTemplate\":\"https:\\\/\\\/infos-droitshumains.net\\\/?s={search_term_string}\"},\"query-input\":{\"@type\":\"PropertyValueSpecification\",\"valueRequired\":true,\"valueName\":\"search_term_string\"}}],\"inLanguage\":\"fr-FR\"},{\"@type\":\"Organization\",\"@id\":\"https:\\\/\\\/infos-droitshumains.net\\\/#organization\",\"name\":\"Infos Droits Humains\",\"url\":\"https:\\\/\\\/infos-droitshumains.net\\\/\",\"logo\":{\"@type\":\"ImageObject\",\"inLanguage\":\"fr-FR\",\"@id\":\"https:\\\/\\\/infos-droitshumains.net\\\/#\\\/schema\\\/logo\\\/image\\\/\",\"url\":\"https:\\\/\\\/i0.wp.com\\\/infos-droitshumains.net\\\/wp-content\\\/uploads\\\/2022\\\/05\\\/Logo.png?fit=333%2C129&ssl=1\",\"contentUrl\":\"https:\\\/\\\/i0.wp.com\\\/infos-droitshumains.net\\\/wp-content\\\/uploads\\\/2022\\\/05\\\/Logo.png?fit=333%2C129&ssl=1\",\"width\":333,\"height\":129,\"caption\":\"Infos Droits Humains\"},\"image\":{\"@id\":\"https:\\\/\\\/infos-droitshumains.net\\\/#\\\/schema\\\/logo\\\/image\\\/\"}},{\"@type\":\"Person\",\"@id\":\"https:\\\/\\\/infos-droitshumains.net\\\/#\\\/schema\\\/person\\\/3dc5e921c3302172e0ed4362f96faab7\",\"name\":\"Jo\u00ebl Diawa\",\"image\":{\"@type\":\"ImageObject\",\"inLanguage\":\"fr-FR\",\"@id\":\"https:\\\/\\\/secure.gravatar.com\\\/avatar\\\/729bea6ff4604c624417803c477363be8e3c7186deaa65713313f9b4b820f41c?s=96&d=mm&r=g\",\"url\":\"https:\\\/\\\/secure.gravatar.com\\\/avatar\\\/729bea6ff4604c624417803c477363be8e3c7186deaa65713313f9b4b820f41c?s=96&d=mm&r=g\",\"contentUrl\":\"https:\\\/\\\/secure.gravatar.com\\\/avatar\\\/729bea6ff4604c624417803c477363be8e3c7186deaa65713313f9b4b820f41c?s=96&d=mm&r=g\",\"caption\":\"Jo\u00ebl Diawa\"},\"sameAs\":[\"https:\\\/\\\/www.infos-droitshumains.net\"],\"url\":\"https:\\\/\\\/infos-droitshumains.net\\\/?author=2\"}]}<\/script>\n<!-- \/ Yoast SEO plugin. -->","yoast_head_json":{"title":"Assembl\u00e9e Nationale : Les pr\u00e9sidents des assembl\u00e9es provinciales plaident pour le renforcement des m\u00e9canismes de d\u00e9centralisation - Infos Droits Humains","robots":{"index":"index","follow":"follow","max-snippet":"max-snippet:-1","max-image-preview":"max-image-preview:large","max-video-preview":"max-video-preview:-1"},"canonical":"https:\/\/infos-droitshumains.net\/?p=11716","og_locale":"fr_FR","og_type":"article","og_title":"Assembl\u00e9e Nationale : Les pr\u00e9sidents des assembl\u00e9es provinciales plaident pour le renforcement des m\u00e9canismes de d\u00e9centralisation - Infos Droits Humains","og_description":"R\u00e9daction: +243 817 406 088 En s\u00e9jour de travail \u00e0 Kinshasa o\u00f9 ils prennent part...","og_url":"https:\/\/infos-droitshumains.net\/?p=11716","og_site_name":"Infos Droits Humains","article_published_time":"2024-11-09T11:24:46+00:00","article_modified_time":"2024-11-09T11:24:50+00:00","og_image":[{"width":2560,"height":1725,"url":"https:\/\/infos-droitshumains.net\/wp-content\/uploads\/2024\/11\/IMG-20241109-WA0046.jpg","type":"image\/jpeg"}],"author":"Jo\u00ebl Diawa","twitter_card":"summary_large_image","twitter_misc":{"\u00c9crit par":"Jo\u00ebl Diawa","Dur\u00e9e de lecture estim\u00e9e":"3 minutes"},"schema":{"@context":"https:\/\/schema.org","@graph":[{"@type":"Article","@id":"https:\/\/infos-droitshumains.net\/?p=11716#article","isPartOf":{"@id":"https:\/\/infos-droitshumains.net\/?p=11716"},"author":{"name":"Jo\u00ebl Diawa","@id":"https:\/\/infos-droitshumains.net\/#\/schema\/person\/3dc5e921c3302172e0ed4362f96faab7"},"headline":"Assembl\u00e9e Nationale : Les pr\u00e9sidents des assembl\u00e9es provinciales plaident pour le renforcement des m\u00e9canismes de d\u00e9centralisation","datePublished":"2024-11-09T11:24:46+00:00","dateModified":"2024-11-09T11:24:50+00:00","mainEntityOfPage":{"@id":"https:\/\/infos-droitshumains.net\/?p=11716"},"wordCount":413,"commentCount":0,"publisher":{"@id":"https:\/\/infos-droitshumains.net\/#organization"},"image":{"@id":"https:\/\/infos-droitshumains.net\/?p=11716#primaryimage"},"thumbnailUrl":"https:\/\/i0.wp.com\/infos-droitshumains.net\/wp-content\/uploads\/2024\/11\/IMG-20241109-WA0046.jpg?fit=2560%2C1725&ssl=1","articleSection":["Politique"],"inLanguage":"fr-FR","potentialAction":[{"@type":"CommentAction","name":"Comment","target":["https:\/\/infos-droitshumains.net\/?p=11716#respond"]}]},{"@type":"WebPage","@id":"https:\/\/infos-droitshumains.net\/?p=11716","url":"https:\/\/infos-droitshumains.net\/?p=11716","name":"Assembl\u00e9e Nationale : Les pr\u00e9sidents des assembl\u00e9es provinciales plaident pour le renforcement des m\u00e9canismes de d\u00e9centralisation - Infos Droits Humains","isPartOf":{"@id":"https:\/\/infos-droitshumains.net\/#website"},"primaryImageOfPage":{"@id":"https:\/\/infos-droitshumains.net\/?p=11716#primaryimage"},"image":{"@id":"https:\/\/infos-droitshumains.net\/?p=11716#primaryimage"},"thumbnailUrl":"https:\/\/i0.wp.com\/infos-droitshumains.net\/wp-content\/uploads\/2024\/11\/IMG-20241109-WA0046.jpg?fit=2560%2C1725&ssl=1","datePublished":"2024-11-09T11:24:46+00:00","dateModified":"2024-11-09T11:24:50+00:00","breadcrumb":{"@id":"https:\/\/infos-droitshumains.net\/?p=11716#breadcrumb"},"inLanguage":"fr-FR","potentialAction":[{"@type":"ReadAction","target":["https:\/\/infos-droitshumains.net\/?p=11716"]}]},{"@type":"ImageObject","inLanguage":"fr-FR","@id":"https:\/\/infos-droitshumains.net\/?p=11716#primaryimage","url":"https:\/\/i0.wp.com\/infos-droitshumains.net\/wp-content\/uploads\/2024\/11\/IMG-20241109-WA0046.jpg?fit=2560%2C1725&ssl=1","contentUrl":"https:\/\/i0.wp.com\/infos-droitshumains.net\/wp-content\/uploads\/2024\/11\/IMG-20241109-WA0046.jpg?fit=2560%2C1725&ssl=1","width":2560,"height":1725},{"@type":"BreadcrumbList","@id":"https:\/\/infos-droitshumains.net\/?p=11716#breadcrumb","itemListElement":[{"@type":"ListItem","position":1,"name":"Accueil","item":"https:\/\/infos-droitshumains.net\/"},{"@type":"ListItem","position":2,"name":"Assembl\u00e9e Nationale : Les pr\u00e9sidents des assembl\u00e9es provinciales plaident pour le renforcement des m\u00e9canismes de d\u00e9centralisation"}]},{"@type":"WebSite","@id":"https:\/\/infos-droitshumains.net\/#website","url":"https:\/\/infos-droitshumains.net\/","name":"Infos Droits Humains","description":"S&#039;informer est un droit","publisher":{"@id":"https:\/\/infos-droitshumains.net\/#organization"},"potentialAction":[{"@type":"SearchAction","target":{"@type":"EntryPoint","urlTemplate":"https:\/\/infos-droitshumains.net\/?s={search_term_string}"},"query-input":{"@type":"PropertyValueSpecification","valueRequired":true,"valueName":"search_term_string"}}],"inLanguage":"fr-FR"},{"@type":"Organization","@id":"https:\/\/infos-droitshumains.net\/#organization","name":"Infos Droits Humains","url":"https:\/\/infos-droitshumains.net\/","logo":{"@type":"ImageObject","inLanguage":"fr-FR","@id":"https:\/\/infos-droitshumains.net\/#\/schema\/logo\/image\/","url":"https:\/\/i0.wp.com\/infos-droitshumains.net\/wp-content\/uploads\/2022\/05\/Logo.png?fit=333%2C129&ssl=1","contentUrl":"https:\/\/i0.wp.com\/infos-droitshumains.net\/wp-content\/uploads\/2022\/05\/Logo.png?fit=333%2C129&ssl=1","width":333,"height":129,"caption":"Infos Droits Humains"},"image":{"@id":"https:\/\/infos-droitshumains.net\/#\/schema\/logo\/image\/"}},{"@type":"Person","@id":"https:\/\/infos-droitshumains.net\/#\/schema\/person\/3dc5e921c3302172e0ed4362f96faab7","name":"Jo\u00ebl Diawa","image":{"@type":"ImageObject","inLanguage":"fr-FR","@id":"https:\/\/secure.gravatar.com\/avatar\/729bea6ff4604c624417803c477363be8e3c7186deaa65713313f9b4b820f41c?s=96&d=mm&r=g","url":"https:\/\/secure.gravatar.com\/avatar\/729bea6ff4604c624417803c477363be8e3c7186deaa65713313f9b4b820f41c?s=96&d=mm&r=g","contentUrl":"https:\/\/secure.gravatar.com\/avatar\/729bea6ff4604c624417803c477363be8e3c7186deaa65713313f9b4b820f41c?s=96&d=mm&r=g","caption":"Jo\u00ebl Diawa"},"sameAs":["https:\/\/www.infos-droitshumains.net"],"url":"https:\/\/infos-droitshumains.net\/?author=2"}]}},"featured_image_urls":{"full":["https:\/\/i0.wp.com\/infos-droitshumains.net\/wp-content\/uploads\/2024\/11\/IMG-20241109-WA0046.jpg?fit=2560%2C1725&ssl=1",2560,1725,false],"thumbnail":["https:\/\/i0.wp.com\/infos-droitshumains.net\/wp-content\/uploads\/2024\/11\/IMG-20241109-WA0046.jpg?resize=150%2C150&ssl=1",150,150,true],"medium":["https:\/\/i0.wp.com\/infos-droitshumains.net\/wp-content\/uploads\/2024\/11\/IMG-20241109-WA0046.jpg?fit=300%2C202&ssl=1",300,202,true],"medium_large":["https:\/\/i0.wp.com\/infos-droitshumains.net\/wp-content\/uploads\/2024\/11\/IMG-20241109-WA0046.jpg?fit=640%2C432&ssl=1",640,432,true],"large":["https:\/\/i0.wp.com\/infos-droitshumains.net\/wp-content\/uploads\/2024\/11\/IMG-20241109-WA0046.jpg?fit=640%2C431&ssl=1",640,431,true],"1536x1536":["https:\/\/i0.wp.com\/infos-droitshumains.net\/wp-content\/uploads\/2024\/11\/IMG-20241109-WA0046.jpg?fit=1536%2C1035&ssl=1",1536,1035,true],"2048x2048":["https:\/\/i0.wp.com\/infos-droitshumains.net\/wp-content\/uploads\/2024\/11\/IMG-20241109-WA0046.jpg?fit=2048%2C1380&ssl=1",2048,1380,true],"covernews-slider-full":["https:\/\/i0.wp.com\/infos-droitshumains.net\/wp-content\/uploads\/2024\/11\/IMG-20241109-WA0046.jpg?resize=1115%2C715&ssl=1",1115,715,true],"covernews-slider-center":["https:\/\/i0.wp.com\/infos-droitshumains.net\/wp-content\/uploads\/2024\/11\/IMG-20241109-WA0046.jpg?resize=800%2C500&ssl=1",800,500,true],"covernews-featured":["https:\/\/i0.wp.com\/infos-droitshumains.net\/wp-content\/uploads\/2024\/11\/IMG-20241109-WA0046.jpg?fit=1024%2C690&ssl=1",1024,690,true],"covernews-medium":["https:\/\/i0.wp.com\/infos-droitshumains.net\/wp-content\/uploads\/2024\/11\/IMG-20241109-WA0046.jpg?resize=540%2C340&ssl=1",540,340,true],"covernews-medium-square":["https:\/\/i0.wp.com\/infos-droitshumains.net\/wp-content\/uploads\/2024\/11\/IMG-20241109-WA0046.jpg?resize=400%2C250&ssl=1",400,250,true]},"author_info":{"display_name":"Jo\u00ebl Diawa","author_link":"https:\/\/infos-droitshumains.net\/?author=2"},"category_info":"<a href=\"https:\/\/infos-droitshumains.net\/?cat=3\" rel=\"category\">Politique<\/a>","tag_info":"Politique","comment_count":"0","jetpack_featured_media_url":"https:\/\/i0.wp.com\/infos-droitshumains.net\/wp-content\/uploads\/2024\/11\/IMG-20241109-WA0046.jpg?fit=2560%2C1725&ssl=1","jetpack-related-posts":[],"jetpack_sharing_enabled":true,"_links":{"self":[{"href":"https:\/\/infos-droitshumains.net\/index.php?rest_route=\/wp\/v2\/posts\/11716","targetHints":{"allow":["GET"]}}],"collection":[{"href":"https:\/\/infos-droitshumains.net\/index.php?rest_route=\/wp\/v2\/posts"}],"about":[{"href":"https:\/\/infos-droitshumains.net\/index.php?rest_route=\/wp\/v2\/types\/post"}],"author":[{"embeddable":true,"href":"https:\/\/infos-droitshumains.net\/index.php?rest_route=\/wp\/v2\/users\/2"}],"replies":[{"embeddable":true,"href":"https:\/\/infos-droitshumains.net\/index.php?rest_route=%2Fwp%2Fv2%2Fcomments&post=11716"}],"version-history":[{"count":1,"href":"https:\/\/infos-droitshumains.net\/index.php?rest_route=\/wp\/v2\/posts\/11716\/revisions"}],"predecessor-version":[{"id":11723,"href":"https:\/\/infos-droitshumains.net\/index.php?rest_route=\/wp\/v2\/posts\/11716\/revisions\/11723"}],"wp:featuredmedia":[{"embeddable":true,"href":"https:\/\/infos-droitshumains.net\/index.php?rest_route=\/wp\/v2\/media\/11718"}],"wp:attachment":[{"href":"https:\/\/infos-droitshumains.net\/index.php?rest_route=%2Fwp%2Fv2%2Fmedia&parent=11716"}],"wp:term":[{"taxonomy":"category","embeddable":true,"href":"https:\/\/infos-droitshumains.net\/index.php?rest_route=%2Fwp%2Fv2%2Fcategories&post=11716"},{"taxonomy":"post_tag","embeddable":true,"href":"https:\/\/infos-droitshumains.net\/index.php?rest_route=%2Fwp%2Fv2%2Ftags&post=11716"}],"curies":[{"name":"wp","href":"https:\/\/api.w.org\/{rel}","templated":true}]}}