{"id":11699,"date":"2024-11-06T21:40:46","date_gmt":"2024-11-06T20:40:46","guid":{"rendered":"https:\/\/infos-droitshumains.net\/?p=11699"},"modified":"2024-11-06T23:31:32","modified_gmt":"2024-11-06T22:31:32","slug":"etats-generaux-de-la-justice-quelles-reformes-envisagee-pour-une-bonne-administration-de-la-justice-chronique-de-joel-diawa","status":"publish","type":"post","link":"https:\/\/infos-droitshumains.net\/?p=11699","title":{"rendered":"\u00c9tats g\u00e9n\u00e9raux de la justice\u00a0: Quelles r\u00e9formes envisager pour une bonne administration de la justice\u00a0? (Chronique de Jo\u00ebl Diawa)"},"content":{"rendered":"\n<p><strong>R\u00e9daction: +243 817 406 088<\/strong><\/p>\n\n\n\n<h3 class=\"wp-block-heading has-vivid-red-color has-text-color has-link-color wp-elements-98eee239bdb7b5c3c43df23c1cd428a8\">Les \u00e9tats g\u00e9n\u00e9raux de la justice en R\u00e9publique D\u00e9mocratique du Congo ont \u00e9t\u00e9 ouverts ce mercredi 06 novembre \u00e0 Kinshasa par le Chef de l\u2019Etat. D\u2019apr\u00e8s le Ministre de la justice et garde des sceaux qui a initi\u00e9 ce projet, l\u2019objectif consiste \u00e0 contribuer \u00e0 l\u2019instauration de l\u2019Etat de droit et qu\u2019il faille attendre une nouvelle politique nationale de la justice. Mais quelles r\u00e9formes envisager pour la bonne administration de la justice&nbsp;? C\u2019est la question que l\u2019opinion se pose et \u00e0 laquelle nous essayons de r\u00e9pondre.<\/h3>\n\n\n\n<p>Juillet 2023, au terme de son premier quinquennat, Felix Tshisekedi d\u00e9clarait&nbsp;: <em>\u00ab&nbsp;S\u2019il y a un b\u00e9mol \u00e0 mettre sur mon bilan, je ne suis pas satisfait du bilan dans le domaine de la justice. J\u2019ai beaucoup compt\u00e9 sur le pouvoir judiciaire. Comme on le dit dans la bible, la justice \u00e9l\u00e8ve une nation. Malheureusement dans notre cas, la justice d\u00e9truit notre nation. La justice pourrait \u00eatre consid\u00e9r\u00e9e comme la tache d\u2019huile sur mon premier quinquennat.&nbsp;\u00bb<\/em><\/p>\n\n\n\n<p>Si cette justice est \u2018\u2019malade\u2019\u2019, les causes pathologiques sont tr\u00e8s bien de tous sans m\u00eame faire de diagnostic et qu\u2019au regard des enjeux de l\u2019heure dans le secteur, les r\u00e9formes envisag\u00e9es doivent touch\u00e9es des vrais probl\u00e8mes que nous pr\u00e9sentons dans cette chronique.<\/p>\n\n\n\n<p><strong>La probl\u00e9matique de dotation financi\u00e8re<\/strong><\/p>\n\n\n\n<p>Le plus grand b\u00e9mol de la justice en R\u00e9publique D\u00e9mocratique du Congo reste le financement. Aucune juridiction, aucun parquet ne b\u00e9n\u00e9ficie de dotation en termes de frais de fonctionnement. Ce qui rend tr\u00e8s difficile leurs fonctionnements et, les chefs de ces juridictions se trouvent en difficult\u00e9 pour devoir faire fonctionner des palais comme il se devait.<\/p>\n\n\n\n<p>Dans un rapport publi\u00e9 en juin 2021, l\u2019Association Congolaise pour l\u2019Acc\u00e8s \u00e0 la Justice (ACAJ) avait d\u00e9nombr\u00e9 par exemple entre janvier 2019 et mai 2021, 12800 cas d\u2019ineffectivit\u00e9 des voies de recours, de trafic d\u2019influence, de d\u00e9nis de justice et d\u2019impunit\u00e9 des faits de corruption. Selon cette ONG, ce constat serait tributaire au fait que <em>\u00ab&nbsp;le pouvoir judiciaire ne re\u00e7oit pas toujours de dotation financi\u00e8re pour notamment couvrir ses frais de fonctionnement et d\u2019investissement afin de disposer des infrastructures ad\u00e9quates.&nbsp;\u00bb<\/em><\/p>\n\n\n\n<p><strong>La r\u00e9mun\u00e9ration inad\u00e9quate des acteurs<\/strong><\/p>\n\n\n\n<p>Le salaire moyen du magistrat le moins grad\u00e9 est d\u2019environ 2&nbsp;500&nbsp;000 CDF qui repr\u00e9sentent \u00e0 peu pr\u00e8s 892 USD. Une enveloppe salariale qui parait tr\u00e8s minime pour un citoyen qui est cens\u00e9 faire son travail en toute ind\u00e9pendance surtout lorsque l\u2019on sait combien gagne les acteurs des deux autres pouvoirs.<\/p>\n\n\n\n<p>Souvent les magistrats sont concentr\u00e9s dans des centres urbains, avec une r\u00e9mun\u00e9ration insuffisante. La plus part ne souhaite pas \u00eatre affect\u00e9 \u00e0 l\u2019int\u00e9rieur du pays faute aux conditions de travail. Ceux qui acceptent d\u2019y aller travailler, ne b\u00e9n\u00e9ficient pas de prime de brousse, ils doivent se d\u00e9placer avec leurs propres frais et &nbsp;s\u2019installer avec leurs propres moyens.<\/p>\n\n\n\n<p><strong>Les infrastructures non adapt\u00e9es<\/strong><\/p>\n\n\n\n<p>En dehors de certains palais de justice dans certains centres urbains qui pr\u00e9sentent un visage appr\u00e9ciable, le pouvoir judiciaire est dans sa quasi-totalit\u00e9, d\u00e9pourvu d\u2019infrastructures. Dans certaines provinces, les juridictions sans b\u00e2timent tiennent les audiences sous les arbres, dans des conditions d\u00e9plorables. Certains Chefs de juridictions doivent d\u00e9falquer leurs propres comptes pour se doter de cadres de travail.<\/p>\n\n\n\n<p><strong>Les autres maillons de la justice<\/strong><\/p>\n\n\n\n<p>Souvent quand il y a des abus au sein de l\u2019appareil judiciaire, ce sont les magistrats qui sont point\u00e9s du doigt oubliant le r\u00f4le crucial que jouent les greffiers. Ces derniers sont souvent cit\u00e9s certains abus comme, la falsification des d\u00e9cisions judicaires ou la production des faux jugements. La meilleure fa\u00e7on de mettre fin \u00e0 ces pratiques, c\u2019est d\u2019am\u00e9liorer les conditions salariales de ces fonctionnaires de la justice. Il faudra noter en outre, la plus part des greffiers sont soit nouvelles unit\u00e9s, soit non pay\u00e9s ce, depuis plusieurs ann\u00e9es. Le seul moyen pour trouver de quoi vivre reste la mafia.<\/p>\n\n\n\n<p>Certes, il y a au sein de la magistrature, certains moutons noirs caract\u00e9ris\u00e9s souvent la corruption, l\u2019impunit\u00e9 qu\u2019il faille sans doute extirper du troupeau en renfor\u00e7ant des mesures disciplinaires, mais les grands maux qui gangr\u00e8nent le pouvoir judiciaire sont ceux-l\u00e0 qu\u2019il va falloir examiner au premier lieu sans citer les interf\u00e9rences de l\u2019homme politique.<\/p>\n\n\n\n<p>Les \u00e9tats g\u00e9n\u00e9raux de 2015 dont les 350 recommandations tardent \u00e0 \u00eatre appliqu\u00e9es doit servir de base aux travaux de 2024 qui aborde une cinquantaine de th\u00e9matiques. Les probl\u00e9matiques soulev\u00e9es ci-haut doivent rester le centre neuropl\u00e9gique des \u00e9changes et cela pourra constituer une v\u00e9ritable th\u00e9rapie de choc pour gu\u00e9rir la justice congolaise.<\/p>\n\n\n\n<p>Jo\u00ebl Diawa<\/p>\n","protected":false},"excerpt":{"rendered":"<p>Vue d&rsquo;ensemble de la salle qui abrite les \u00e9tats g\u00e9n\u00e9raux de la justice.<br \/>\nCr\u00e9dit photo: Pr\u00e9sidence de la R\u00e9publique<\/p>\n","protected":false},"author":2,"featured_media":11700,"comment_status":"open","ping_status":"open","sticky":false,"template":"","format":"standard","meta":{"_jetpack_memberships_contains_paid_content":false,"footnotes":""},"categories":[6],"tags":[],"class_list":["post-11699","post","type-post","status-publish","format-standard","has-post-thumbnail","hentry","category-justice"],"yoast_head":"<!-- This site is optimized with the Yoast SEO plugin v27.5 - https:\/\/yoast.com\/product\/yoast-seo-wordpress\/ -->\n<title>\u00c9tats g\u00e9n\u00e9raux de la justice\u00a0: Quelles r\u00e9formes envisager pour une bonne administration de la justice\u00a0? (Chronique de Jo\u00ebl Diawa) - Infos Droits Humains<\/title>\n<meta name=\"robots\" content=\"index, follow, max-snippet:-1, max-image-preview:large, max-video-preview:-1\" \/>\n<link rel=\"canonical\" href=\"https:\/\/infos-droitshumains.net\/?p=11699\" \/>\n<meta property=\"og:locale\" content=\"fr_FR\" \/>\n<meta property=\"og:type\" content=\"article\" \/>\n<meta property=\"og:title\" content=\"\u00c9tats g\u00e9n\u00e9raux de la justice\u00a0: Quelles r\u00e9formes envisager pour une bonne administration de la justice\u00a0? (Chronique de Jo\u00ebl Diawa) - Infos Droits Humains\" \/>\n<meta property=\"og:description\" content=\"Vue d&#039;ensemble de la salle qui abrite les \u00e9tats g\u00e9n\u00e9raux de la justice. Cr\u00e9dit photo: Pr\u00e9sidence de la R\u00e9publique\" \/>\n<meta property=\"og:url\" content=\"https:\/\/infos-droitshumains.net\/?p=11699\" \/>\n<meta property=\"og:site_name\" content=\"Infos Droits Humains\" \/>\n<meta property=\"article:published_time\" content=\"2024-11-06T20:40:46+00:00\" \/>\n<meta property=\"article:modified_time\" content=\"2024-11-06T22:31:32+00:00\" \/>\n<meta property=\"og:image\" content=\"https:\/\/infos-droitshumains.net\/wp-content\/uploads\/2024\/11\/20241106_213159.jpg\" \/>\n\t<meta property=\"og:image:width\" content=\"1600\" \/>\n\t<meta property=\"og:image:height\" content=\"1066\" \/>\n\t<meta property=\"og:image:type\" content=\"image\/jpeg\" \/>\n<meta name=\"author\" content=\"Jo\u00ebl Diawa\" \/>\n<meta name=\"twitter:card\" content=\"summary_large_image\" \/>\n<meta name=\"twitter:label1\" content=\"\u00c9crit par\" \/>\n\t<meta name=\"twitter:data1\" content=\"Jo\u00ebl Diawa\" \/>\n\t<meta name=\"twitter:label2\" content=\"Dur\u00e9e de lecture estim\u00e9e\" \/>\n\t<meta name=\"twitter:data2\" content=\"4 minutes\" \/>\n<script type=\"application\/ld+json\" class=\"yoast-schema-graph\">{\"@context\":\"https:\\\/\\\/schema.org\",\"@graph\":[{\"@type\":\"Article\",\"@id\":\"https:\\\/\\\/infos-droitshumains.net\\\/?p=11699#article\",\"isPartOf\":{\"@id\":\"https:\\\/\\\/infos-droitshumains.net\\\/?p=11699\"},\"author\":{\"name\":\"Jo\u00ebl Diawa\",\"@id\":\"https:\\\/\\\/infos-droitshumains.net\\\/#\\\/schema\\\/person\\\/3dc5e921c3302172e0ed4362f96faab7\"},\"headline\":\"\u00c9tats g\u00e9n\u00e9raux de la justice\u00a0: Quelles r\u00e9formes envisager pour une bonne administration de la justice\u00a0? (Chronique de Jo\u00ebl Diawa)\",\"datePublished\":\"2024-11-06T20:40:46+00:00\",\"dateModified\":\"2024-11-06T22:31:32+00:00\",\"mainEntityOfPage\":{\"@id\":\"https:\\\/\\\/infos-droitshumains.net\\\/?p=11699\"},\"wordCount\":857,\"commentCount\":0,\"publisher\":{\"@id\":\"https:\\\/\\\/infos-droitshumains.net\\\/#organization\"},\"image\":{\"@id\":\"https:\\\/\\\/infos-droitshumains.net\\\/?p=11699#primaryimage\"},\"thumbnailUrl\":\"https:\\\/\\\/i0.wp.com\\\/infos-droitshumains.net\\\/wp-content\\\/uploads\\\/2024\\\/11\\\/20241106_213159.jpg?fit=1600%2C1066&ssl=1\",\"articleSection\":[\"Justice\"],\"inLanguage\":\"fr-FR\",\"potentialAction\":[{\"@type\":\"CommentAction\",\"name\":\"Comment\",\"target\":[\"https:\\\/\\\/infos-droitshumains.net\\\/?p=11699#respond\"]}]},{\"@type\":\"WebPage\",\"@id\":\"https:\\\/\\\/infos-droitshumains.net\\\/?p=11699\",\"url\":\"https:\\\/\\\/infos-droitshumains.net\\\/?p=11699\",\"name\":\"\u00c9tats g\u00e9n\u00e9raux de la justice\u00a0: Quelles r\u00e9formes envisager pour une bonne administration de la justice\u00a0? (Chronique de Jo\u00ebl Diawa) - Infos Droits Humains\",\"isPartOf\":{\"@id\":\"https:\\\/\\\/infos-droitshumains.net\\\/#website\"},\"primaryImageOfPage\":{\"@id\":\"https:\\\/\\\/infos-droitshumains.net\\\/?p=11699#primaryimage\"},\"image\":{\"@id\":\"https:\\\/\\\/infos-droitshumains.net\\\/?p=11699#primaryimage\"},\"thumbnailUrl\":\"https:\\\/\\\/i0.wp.com\\\/infos-droitshumains.net\\\/wp-content\\\/uploads\\\/2024\\\/11\\\/20241106_213159.jpg?fit=1600%2C1066&ssl=1\",\"datePublished\":\"2024-11-06T20:40:46+00:00\",\"dateModified\":\"2024-11-06T22:31:32+00:00\",\"breadcrumb\":{\"@id\":\"https:\\\/\\\/infos-droitshumains.net\\\/?p=11699#breadcrumb\"},\"inLanguage\":\"fr-FR\",\"potentialAction\":[{\"@type\":\"ReadAction\",\"target\":[\"https:\\\/\\\/infos-droitshumains.net\\\/?p=11699\"]}]},{\"@type\":\"ImageObject\",\"inLanguage\":\"fr-FR\",\"@id\":\"https:\\\/\\\/infos-droitshumains.net\\\/?p=11699#primaryimage\",\"url\":\"https:\\\/\\\/i0.wp.com\\\/infos-droitshumains.net\\\/wp-content\\\/uploads\\\/2024\\\/11\\\/20241106_213159.jpg?fit=1600%2C1066&ssl=1\",\"contentUrl\":\"https:\\\/\\\/i0.wp.com\\\/infos-droitshumains.net\\\/wp-content\\\/uploads\\\/2024\\\/11\\\/20241106_213159.jpg?fit=1600%2C1066&ssl=1\",\"width\":1600,\"height\":1066},{\"@type\":\"BreadcrumbList\",\"@id\":\"https:\\\/\\\/infos-droitshumains.net\\\/?p=11699#breadcrumb\",\"itemListElement\":[{\"@type\":\"ListItem\",\"position\":1,\"name\":\"Accueil\",\"item\":\"https:\\\/\\\/infos-droitshumains.net\\\/\"},{\"@type\":\"ListItem\",\"position\":2,\"name\":\"\u00c9tats g\u00e9n\u00e9raux de la justice\u00a0: Quelles r\u00e9formes envisager pour une bonne administration de la justice\u00a0? (Chronique de Jo\u00ebl Diawa)\"}]},{\"@type\":\"WebSite\",\"@id\":\"https:\\\/\\\/infos-droitshumains.net\\\/#website\",\"url\":\"https:\\\/\\\/infos-droitshumains.net\\\/\",\"name\":\"Infos Droits Humains\",\"description\":\"S&#039;informer est un droit\",\"publisher\":{\"@id\":\"https:\\\/\\\/infos-droitshumains.net\\\/#organization\"},\"potentialAction\":[{\"@type\":\"SearchAction\",\"target\":{\"@type\":\"EntryPoint\",\"urlTemplate\":\"https:\\\/\\\/infos-droitshumains.net\\\/?s={search_term_string}\"},\"query-input\":{\"@type\":\"PropertyValueSpecification\",\"valueRequired\":true,\"valueName\":\"search_term_string\"}}],\"inLanguage\":\"fr-FR\"},{\"@type\":\"Organization\",\"@id\":\"https:\\\/\\\/infos-droitshumains.net\\\/#organization\",\"name\":\"Infos Droits Humains\",\"url\":\"https:\\\/\\\/infos-droitshumains.net\\\/\",\"logo\":{\"@type\":\"ImageObject\",\"inLanguage\":\"fr-FR\",\"@id\":\"https:\\\/\\\/infos-droitshumains.net\\\/#\\\/schema\\\/logo\\\/image\\\/\",\"url\":\"https:\\\/\\\/i0.wp.com\\\/infos-droitshumains.net\\\/wp-content\\\/uploads\\\/2022\\\/05\\\/Logo.png?fit=333%2C129&ssl=1\",\"contentUrl\":\"https:\\\/\\\/i0.wp.com\\\/infos-droitshumains.net\\\/wp-content\\\/uploads\\\/2022\\\/05\\\/Logo.png?fit=333%2C129&ssl=1\",\"width\":333,\"height\":129,\"caption\":\"Infos Droits Humains\"},\"image\":{\"@id\":\"https:\\\/\\\/infos-droitshumains.net\\\/#\\\/schema\\\/logo\\\/image\\\/\"}},{\"@type\":\"Person\",\"@id\":\"https:\\\/\\\/infos-droitshumains.net\\\/#\\\/schema\\\/person\\\/3dc5e921c3302172e0ed4362f96faab7\",\"name\":\"Jo\u00ebl Diawa\",\"image\":{\"@type\":\"ImageObject\",\"inLanguage\":\"fr-FR\",\"@id\":\"https:\\\/\\\/secure.gravatar.com\\\/avatar\\\/729bea6ff4604c624417803c477363be8e3c7186deaa65713313f9b4b820f41c?s=96&d=mm&r=g\",\"url\":\"https:\\\/\\\/secure.gravatar.com\\\/avatar\\\/729bea6ff4604c624417803c477363be8e3c7186deaa65713313f9b4b820f41c?s=96&d=mm&r=g\",\"contentUrl\":\"https:\\\/\\\/secure.gravatar.com\\\/avatar\\\/729bea6ff4604c624417803c477363be8e3c7186deaa65713313f9b4b820f41c?s=96&d=mm&r=g\",\"caption\":\"Jo\u00ebl Diawa\"},\"sameAs\":[\"https:\\\/\\\/www.infos-droitshumains.net\"],\"url\":\"https:\\\/\\\/infos-droitshumains.net\\\/?author=2\"}]}<\/script>\n<!-- \/ Yoast SEO plugin. -->","yoast_head_json":{"title":"\u00c9tats g\u00e9n\u00e9raux de la justice\u00a0: Quelles r\u00e9formes envisager pour une bonne administration de la justice\u00a0? (Chronique de Jo\u00ebl Diawa) - Infos Droits Humains","robots":{"index":"index","follow":"follow","max-snippet":"max-snippet:-1","max-image-preview":"max-image-preview:large","max-video-preview":"max-video-preview:-1"},"canonical":"https:\/\/infos-droitshumains.net\/?p=11699","og_locale":"fr_FR","og_type":"article","og_title":"\u00c9tats g\u00e9n\u00e9raux de la justice\u00a0: Quelles r\u00e9formes envisager pour une bonne administration de la justice\u00a0? (Chronique de Jo\u00ebl Diawa) - Infos Droits Humains","og_description":"Vue d'ensemble de la salle qui abrite les \u00e9tats g\u00e9n\u00e9raux de la justice. Cr\u00e9dit photo: Pr\u00e9sidence de la R\u00e9publique","og_url":"https:\/\/infos-droitshumains.net\/?p=11699","og_site_name":"Infos Droits Humains","article_published_time":"2024-11-06T20:40:46+00:00","article_modified_time":"2024-11-06T22:31:32+00:00","og_image":[{"width":1600,"height":1066,"url":"https:\/\/infos-droitshumains.net\/wp-content\/uploads\/2024\/11\/20241106_213159.jpg","type":"image\/jpeg"}],"author":"Jo\u00ebl Diawa","twitter_card":"summary_large_image","twitter_misc":{"\u00c9crit par":"Jo\u00ebl Diawa","Dur\u00e9e de lecture estim\u00e9e":"4 minutes"},"schema":{"@context":"https:\/\/schema.org","@graph":[{"@type":"Article","@id":"https:\/\/infos-droitshumains.net\/?p=11699#article","isPartOf":{"@id":"https:\/\/infos-droitshumains.net\/?p=11699"},"author":{"name":"Jo\u00ebl Diawa","@id":"https:\/\/infos-droitshumains.net\/#\/schema\/person\/3dc5e921c3302172e0ed4362f96faab7"},"headline":"\u00c9tats g\u00e9n\u00e9raux de la justice\u00a0: Quelles r\u00e9formes envisager pour une bonne administration de la justice\u00a0? (Chronique de Jo\u00ebl Diawa)","datePublished":"2024-11-06T20:40:46+00:00","dateModified":"2024-11-06T22:31:32+00:00","mainEntityOfPage":{"@id":"https:\/\/infos-droitshumains.net\/?p=11699"},"wordCount":857,"commentCount":0,"publisher":{"@id":"https:\/\/infos-droitshumains.net\/#organization"},"image":{"@id":"https:\/\/infos-droitshumains.net\/?p=11699#primaryimage"},"thumbnailUrl":"https:\/\/i0.wp.com\/infos-droitshumains.net\/wp-content\/uploads\/2024\/11\/20241106_213159.jpg?fit=1600%2C1066&ssl=1","articleSection":["Justice"],"inLanguage":"fr-FR","potentialAction":[{"@type":"CommentAction","name":"Comment","target":["https:\/\/infos-droitshumains.net\/?p=11699#respond"]}]},{"@type":"WebPage","@id":"https:\/\/infos-droitshumains.net\/?p=11699","url":"https:\/\/infos-droitshumains.net\/?p=11699","name":"\u00c9tats g\u00e9n\u00e9raux de la justice\u00a0: Quelles r\u00e9formes envisager pour une bonne administration de la justice\u00a0? (Chronique de Jo\u00ebl Diawa) - Infos Droits Humains","isPartOf":{"@id":"https:\/\/infos-droitshumains.net\/#website"},"primaryImageOfPage":{"@id":"https:\/\/infos-droitshumains.net\/?p=11699#primaryimage"},"image":{"@id":"https:\/\/infos-droitshumains.net\/?p=11699#primaryimage"},"thumbnailUrl":"https:\/\/i0.wp.com\/infos-droitshumains.net\/wp-content\/uploads\/2024\/11\/20241106_213159.jpg?fit=1600%2C1066&ssl=1","datePublished":"2024-11-06T20:40:46+00:00","dateModified":"2024-11-06T22:31:32+00:00","breadcrumb":{"@id":"https:\/\/infos-droitshumains.net\/?p=11699#breadcrumb"},"inLanguage":"fr-FR","potentialAction":[{"@type":"ReadAction","target":["https:\/\/infos-droitshumains.net\/?p=11699"]}]},{"@type":"ImageObject","inLanguage":"fr-FR","@id":"https:\/\/infos-droitshumains.net\/?p=11699#primaryimage","url":"https:\/\/i0.wp.com\/infos-droitshumains.net\/wp-content\/uploads\/2024\/11\/20241106_213159.jpg?fit=1600%2C1066&ssl=1","contentUrl":"https:\/\/i0.wp.com\/infos-droitshumains.net\/wp-content\/uploads\/2024\/11\/20241106_213159.jpg?fit=1600%2C1066&ssl=1","width":1600,"height":1066},{"@type":"BreadcrumbList","@id":"https:\/\/infos-droitshumains.net\/?p=11699#breadcrumb","itemListElement":[{"@type":"ListItem","position":1,"name":"Accueil","item":"https:\/\/infos-droitshumains.net\/"},{"@type":"ListItem","position":2,"name":"\u00c9tats g\u00e9n\u00e9raux de la justice\u00a0: Quelles r\u00e9formes envisager pour une bonne administration de la justice\u00a0? (Chronique de Jo\u00ebl Diawa)"}]},{"@type":"WebSite","@id":"https:\/\/infos-droitshumains.net\/#website","url":"https:\/\/infos-droitshumains.net\/","name":"Infos Droits Humains","description":"S&#039;informer est un droit","publisher":{"@id":"https:\/\/infos-droitshumains.net\/#organization"},"potentialAction":[{"@type":"SearchAction","target":{"@type":"EntryPoint","urlTemplate":"https:\/\/infos-droitshumains.net\/?s={search_term_string}"},"query-input":{"@type":"PropertyValueSpecification","valueRequired":true,"valueName":"search_term_string"}}],"inLanguage":"fr-FR"},{"@type":"Organization","@id":"https:\/\/infos-droitshumains.net\/#organization","name":"Infos Droits Humains","url":"https:\/\/infos-droitshumains.net\/","logo":{"@type":"ImageObject","inLanguage":"fr-FR","@id":"https:\/\/infos-droitshumains.net\/#\/schema\/logo\/image\/","url":"https:\/\/i0.wp.com\/infos-droitshumains.net\/wp-content\/uploads\/2022\/05\/Logo.png?fit=333%2C129&ssl=1","contentUrl":"https:\/\/i0.wp.com\/infos-droitshumains.net\/wp-content\/uploads\/2022\/05\/Logo.png?fit=333%2C129&ssl=1","width":333,"height":129,"caption":"Infos Droits Humains"},"image":{"@id":"https:\/\/infos-droitshumains.net\/#\/schema\/logo\/image\/"}},{"@type":"Person","@id":"https:\/\/infos-droitshumains.net\/#\/schema\/person\/3dc5e921c3302172e0ed4362f96faab7","name":"Jo\u00ebl Diawa","image":{"@type":"ImageObject","inLanguage":"fr-FR","@id":"https:\/\/secure.gravatar.com\/avatar\/729bea6ff4604c624417803c477363be8e3c7186deaa65713313f9b4b820f41c?s=96&d=mm&r=g","url":"https:\/\/secure.gravatar.com\/avatar\/729bea6ff4604c624417803c477363be8e3c7186deaa65713313f9b4b820f41c?s=96&d=mm&r=g","contentUrl":"https:\/\/secure.gravatar.com\/avatar\/729bea6ff4604c624417803c477363be8e3c7186deaa65713313f9b4b820f41c?s=96&d=mm&r=g","caption":"Jo\u00ebl Diawa"},"sameAs":["https:\/\/www.infos-droitshumains.net"],"url":"https:\/\/infos-droitshumains.net\/?author=2"}]}},"featured_image_urls":{"full":["https:\/\/i0.wp.com\/infos-droitshumains.net\/wp-content\/uploads\/2024\/11\/20241106_213159.jpg?fit=1600%2C1066&ssl=1",1600,1066,false],"thumbnail":["https:\/\/i0.wp.com\/infos-droitshumains.net\/wp-content\/uploads\/2024\/11\/20241106_213159.jpg?resize=150%2C150&ssl=1",150,150,true],"medium":["https:\/\/i0.wp.com\/infos-droitshumains.net\/wp-content\/uploads\/2024\/11\/20241106_213159.jpg?fit=300%2C200&ssl=1",300,200,true],"medium_large":["https:\/\/i0.wp.com\/infos-droitshumains.net\/wp-content\/uploads\/2024\/11\/20241106_213159.jpg?fit=640%2C427&ssl=1",640,427,true],"large":["https:\/\/i0.wp.com\/infos-droitshumains.net\/wp-content\/uploads\/2024\/11\/20241106_213159.jpg?fit=640%2C426&ssl=1",640,426,true],"1536x1536":["https:\/\/i0.wp.com\/infos-droitshumains.net\/wp-content\/uploads\/2024\/11\/20241106_213159.jpg?fit=1536%2C1023&ssl=1",1536,1023,true],"2048x2048":["https:\/\/i0.wp.com\/infos-droitshumains.net\/wp-content\/uploads\/2024\/11\/20241106_213159.jpg?fit=1600%2C1066&ssl=1",1600,1066,true],"covernews-slider-full":["https:\/\/i0.wp.com\/infos-droitshumains.net\/wp-content\/uploads\/2024\/11\/20241106_213159.jpg?resize=1115%2C715&ssl=1",1115,715,true],"covernews-slider-center":["https:\/\/i0.wp.com\/infos-droitshumains.net\/wp-content\/uploads\/2024\/11\/20241106_213159.jpg?resize=800%2C500&ssl=1",800,500,true],"covernews-featured":["https:\/\/i0.wp.com\/infos-droitshumains.net\/wp-content\/uploads\/2024\/11\/20241106_213159.jpg?fit=1024%2C682&ssl=1",1024,682,true],"covernews-medium":["https:\/\/i0.wp.com\/infos-droitshumains.net\/wp-content\/uploads\/2024\/11\/20241106_213159.jpg?resize=540%2C340&ssl=1",540,340,true],"covernews-medium-square":["https:\/\/i0.wp.com\/infos-droitshumains.net\/wp-content\/uploads\/2024\/11\/20241106_213159.jpg?resize=400%2C250&ssl=1",400,250,true]},"author_info":{"display_name":"Jo\u00ebl Diawa","author_link":"https:\/\/infos-droitshumains.net\/?author=2"},"category_info":"<a href=\"https:\/\/infos-droitshumains.net\/?cat=6\" rel=\"category\">Justice<\/a>","tag_info":"Justice","comment_count":"0","jetpack_featured_media_url":"https:\/\/i0.wp.com\/infos-droitshumains.net\/wp-content\/uploads\/2024\/11\/20241106_213159.jpg?fit=1600%2C1066&ssl=1","jetpack-related-posts":[],"jetpack_sharing_enabled":true,"_links":{"self":[{"href":"https:\/\/infos-droitshumains.net\/index.php?rest_route=\/wp\/v2\/posts\/11699","targetHints":{"allow":["GET"]}}],"collection":[{"href":"https:\/\/infos-droitshumains.net\/index.php?rest_route=\/wp\/v2\/posts"}],"about":[{"href":"https:\/\/infos-droitshumains.net\/index.php?rest_route=\/wp\/v2\/types\/post"}],"author":[{"embeddable":true,"href":"https:\/\/infos-droitshumains.net\/index.php?rest_route=\/wp\/v2\/users\/2"}],"replies":[{"embeddable":true,"href":"https:\/\/infos-droitshumains.net\/index.php?rest_route=%2Fwp%2Fv2%2Fcomments&post=11699"}],"version-history":[{"count":3,"href":"https:\/\/infos-droitshumains.net\/index.php?rest_route=\/wp\/v2\/posts\/11699\/revisions"}],"predecessor-version":[{"id":11703,"href":"https:\/\/infos-droitshumains.net\/index.php?rest_route=\/wp\/v2\/posts\/11699\/revisions\/11703"}],"wp:featuredmedia":[{"embeddable":true,"href":"https:\/\/infos-droitshumains.net\/index.php?rest_route=\/wp\/v2\/media\/11700"}],"wp:attachment":[{"href":"https:\/\/infos-droitshumains.net\/index.php?rest_route=%2Fwp%2Fv2%2Fmedia&parent=11699"}],"wp:term":[{"taxonomy":"category","embeddable":true,"href":"https:\/\/infos-droitshumains.net\/index.php?rest_route=%2Fwp%2Fv2%2Fcategories&post=11699"},{"taxonomy":"post_tag","embeddable":true,"href":"https:\/\/infos-droitshumains.net\/index.php?rest_route=%2Fwp%2Fv2%2Ftags&post=11699"}],"curies":[{"name":"wp","href":"https:\/\/api.w.org\/{rel}","templated":true}]}}