{"id":11545,"date":"2024-10-23T23:03:12","date_gmt":"2024-10-23T21:03:12","guid":{"rendered":"https:\/\/infos-droitshumains.net\/?p=11545"},"modified":"2024-10-23T23:14:55","modified_gmt":"2024-10-23T21:14:55","slug":"rdc-le-bcnudh-renforce-la-capacites-des-cadres-du-secretariat-de-la-cndh-sur-le-traitement-des-plaintes-et-le-rapportage-sur-les-violations-des-droits-de-lhomme","status":"publish","type":"post","link":"https:\/\/infos-droitshumains.net\/?p=11545","title":{"rendered":"RDC\u00a0: Le BCNUDH renforce les capacit\u00e9s des cadres du secr\u00e9tariat de la CNDH sur le traitement des plaintes et le rapportage sur les violations des droits de l&rsquo;homme"},"content":{"rendered":"\n<p><strong>R\u00e9daction : +243 817 406 088<\/strong><\/p>\n\n\n\n<h3 class=\"wp-block-heading has-vivid-red-color has-text-color has-link-color wp-elements-d3afb43d644dfc771fda4ad8aca8a628\">Le traitement des plaintes et le rapportage sur les violations des droits de l&rsquo;homme, ce sujet est au c\u0153ur d&rsquo;un atelier de formation qu&rsquo;organise \u00e0 Kinshasa, le Bureau Conjoint des Nations Unies aux Droits de l&rsquo;Homme du 23 au 25 octobre 2024, \u00e0 l&rsquo;intention des cadres du secr\u00e9tariat de la Commission Nationale des Droits de l&rsquo;Homme.<\/h3>\n\n\n\n<p>La premi\u00e8re raison de cet atelier est <em>\u00ab\u00a0de vous permettre d&rsquo;\u00eatre au m\u00eame niveau de la ma\u00eetrise des techniques de traitement des plaintes et de rapportage sur les violations des droits de l&rsquo;homme\u00a0\u00bb<\/em>, a dit Patrice Vahard aux participants.<\/p>\n\n\n\n<p><em>\u00ab\u00a0Quand des plaintes sont trait\u00e9es avec c\u00e9l\u00e9rit\u00e9, selon les r\u00e8gles de l&rsquo;art, cela renforce la confiance entre les justiciables et l&rsquo;autorit\u00e9 judiciaire, \u00e7a renforce l&rsquo;\u00e9tat de droit. Cet aspect de votre travail\u2026 doit toujours \u00eatre trait\u00e9 avec rigueur car, \u00e7a facilite les enqu\u00eates judiciaires\u2026\u00a0\u00bb<\/em>, a poursuivi le directeur du BCNUDH pour qui, la seconde raison de cet atelier est de <em>\u00ab\u00a0s&rsquo;assurer d&rsquo;une CNDH efficace.\u00a0\u00bb<\/em><\/p>\n\n\n\n<p>Au regard de la n\u00e9cessit\u00e9 des mati\u00e8res de ces assises qui r\u00e9sument le travail de son institution, le Pr\u00e9sident de la Commission Nationale des Droits de l&rsquo;Homme, a invit\u00e9 les participants \u00e0 l&rsquo;assiduit\u00e9 et \u00e0 la pratique des connaissances acquises&nbsp;:<\/p>\n\n\n\n<p><em>\u00ab\u00a0La CNDH demeure engag\u00e9e \u00e0 p\u00e9renniser les acquis de ces trois jours de formation. les cadres ici pr\u00e9sents sont appel\u00e9s \u00e0 mettre en pratique les le\u00e7ons apprises. J\u2019en appelle donc chers coll\u00e8gues de la CNDH \u00e0 l&rsquo;unit\u00e9, au patriotisme et \u00e0 l&rsquo;assiduit\u00e9 afin que des objectifs fix\u00e9s soient r\u00e9ellement un succ\u00e8s pour tous\u00a0\u00bb<\/em>, a d\u00e9clar\u00e9 Paul Nsapu Mukulu.<\/p>\n\n\n\n<p>Plusieurs sessions constituent les mati\u00e8res de cet atelier de formation notamment la protection des sources et t\u00e9moins, l\u2019entretiens avec les victimes et t\u00e9moins des violations des droits de l&rsquo;homme, le rapportage des violations des droits de l&rsquo;homme, la protection des enfants en temps de conflit et monitoring des six graves violations des droits de l&rsquo;enfant et \u00e9tat des lieux en mati\u00e8re de traitement des plaintes par la CNDH.<\/p>\n\n\n\n<p>AM<\/p>\n","protected":false},"excerpt":{"rendered":"<p>R\u00e9daction : +243 817 406 088 Le traitement des plaintes et le rapportage sur les&#8230;<\/p>\n","protected":false},"author":2,"featured_media":11550,"comment_status":"open","ping_status":"open","sticky":false,"template":"","format":"standard","meta":{"_jetpack_memberships_contains_paid_content":false,"footnotes":""},"categories":[7],"tags":[],"class_list":["post-11545","post","type-post","status-publish","format-standard","has-post-thumbnail","hentry","category-droits-humains"],"yoast_head":"<!-- This site is optimized with the Yoast SEO plugin v27.5 - https:\/\/yoast.com\/product\/yoast-seo-wordpress\/ -->\n<title>RDC\u00a0: Le BCNUDH renforce les capacit\u00e9s des cadres du secr\u00e9tariat de la CNDH sur le traitement des plaintes et le rapportage sur les violations des droits de l&#039;homme - Infos Droits Humains<\/title>\n<meta name=\"robots\" content=\"index, follow, max-snippet:-1, max-image-preview:large, max-video-preview:-1\" \/>\n<link rel=\"canonical\" href=\"https:\/\/infos-droitshumains.net\/?p=11545\" \/>\n<meta property=\"og:locale\" content=\"fr_FR\" \/>\n<meta property=\"og:type\" content=\"article\" \/>\n<meta property=\"og:title\" content=\"RDC\u00a0: Le BCNUDH renforce les capacit\u00e9s des cadres du secr\u00e9tariat de la CNDH sur le traitement des plaintes et le rapportage sur les violations des droits de l&#039;homme - Infos Droits Humains\" \/>\n<meta property=\"og:description\" content=\"R\u00e9daction : +243 817 406 088 Le traitement des plaintes et le rapportage sur les...\" \/>\n<meta property=\"og:url\" content=\"https:\/\/infos-droitshumains.net\/?p=11545\" \/>\n<meta property=\"og:site_name\" content=\"Infos Droits Humains\" \/>\n<meta property=\"article:published_time\" content=\"2024-10-23T21:03:12+00:00\" \/>\n<meta property=\"article:modified_time\" content=\"2024-10-23T21:14:55+00:00\" \/>\n<meta property=\"og:image\" content=\"https:\/\/infos-droitshumains.net\/wp-content\/uploads\/2024\/10\/IMG-20241023-WA0060_1.jpg\" \/>\n\t<meta property=\"og:image:width\" content=\"1016\" \/>\n\t<meta property=\"og:image:height\" content=\"586\" \/>\n\t<meta property=\"og:image:type\" content=\"image\/jpeg\" \/>\n<meta name=\"author\" content=\"Jo\u00ebl Diawa\" \/>\n<meta name=\"twitter:card\" content=\"summary_large_image\" \/>\n<meta name=\"twitter:label1\" content=\"\u00c9crit par\" \/>\n\t<meta name=\"twitter:data1\" content=\"Jo\u00ebl Diawa\" \/>\n\t<meta name=\"twitter:label2\" content=\"Dur\u00e9e de lecture estim\u00e9e\" \/>\n\t<meta name=\"twitter:data2\" content=\"2 minutes\" \/>\n<script type=\"application\/ld+json\" class=\"yoast-schema-graph\">{\"@context\":\"https:\\\/\\\/schema.org\",\"@graph\":[{\"@type\":\"Article\",\"@id\":\"https:\\\/\\\/infos-droitshumains.net\\\/?p=11545#article\",\"isPartOf\":{\"@id\":\"https:\\\/\\\/infos-droitshumains.net\\\/?p=11545\"},\"author\":{\"name\":\"Jo\u00ebl Diawa\",\"@id\":\"https:\\\/\\\/infos-droitshumains.net\\\/#\\\/schema\\\/person\\\/3dc5e921c3302172e0ed4362f96faab7\"},\"headline\":\"RDC\u00a0: Le BCNUDH renforce les capacit\u00e9s des cadres du secr\u00e9tariat de la CNDH sur le traitement des plaintes et le rapportage sur les violations des droits de l&rsquo;homme\",\"datePublished\":\"2024-10-23T21:03:12+00:00\",\"dateModified\":\"2024-10-23T21:14:55+00:00\",\"mainEntityOfPage\":{\"@id\":\"https:\\\/\\\/infos-droitshumains.net\\\/?p=11545\"},\"wordCount\":380,\"commentCount\":0,\"publisher\":{\"@id\":\"https:\\\/\\\/infos-droitshumains.net\\\/#organization\"},\"image\":{\"@id\":\"https:\\\/\\\/infos-droitshumains.net\\\/?p=11545#primaryimage\"},\"thumbnailUrl\":\"https:\\\/\\\/i0.wp.com\\\/infos-droitshumains.net\\\/wp-content\\\/uploads\\\/2024\\\/10\\\/IMG-20241023-WA0060_1.jpg?fit=1016%2C586&ssl=1\",\"articleSection\":[\"Droits Humains\"],\"inLanguage\":\"fr-FR\",\"potentialAction\":[{\"@type\":\"CommentAction\",\"name\":\"Comment\",\"target\":[\"https:\\\/\\\/infos-droitshumains.net\\\/?p=11545#respond\"]}]},{\"@type\":\"WebPage\",\"@id\":\"https:\\\/\\\/infos-droitshumains.net\\\/?p=11545\",\"url\":\"https:\\\/\\\/infos-droitshumains.net\\\/?p=11545\",\"name\":\"RDC\u00a0: Le BCNUDH renforce les capacit\u00e9s des cadres du secr\u00e9tariat de la CNDH sur le traitement des plaintes et le rapportage sur les violations des droits de l'homme - Infos Droits Humains\",\"isPartOf\":{\"@id\":\"https:\\\/\\\/infos-droitshumains.net\\\/#website\"},\"primaryImageOfPage\":{\"@id\":\"https:\\\/\\\/infos-droitshumains.net\\\/?p=11545#primaryimage\"},\"image\":{\"@id\":\"https:\\\/\\\/infos-droitshumains.net\\\/?p=11545#primaryimage\"},\"thumbnailUrl\":\"https:\\\/\\\/i0.wp.com\\\/infos-droitshumains.net\\\/wp-content\\\/uploads\\\/2024\\\/10\\\/IMG-20241023-WA0060_1.jpg?fit=1016%2C586&ssl=1\",\"datePublished\":\"2024-10-23T21:03:12+00:00\",\"dateModified\":\"2024-10-23T21:14:55+00:00\",\"breadcrumb\":{\"@id\":\"https:\\\/\\\/infos-droitshumains.net\\\/?p=11545#breadcrumb\"},\"inLanguage\":\"fr-FR\",\"potentialAction\":[{\"@type\":\"ReadAction\",\"target\":[\"https:\\\/\\\/infos-droitshumains.net\\\/?p=11545\"]}]},{\"@type\":\"ImageObject\",\"inLanguage\":\"fr-FR\",\"@id\":\"https:\\\/\\\/infos-droitshumains.net\\\/?p=11545#primaryimage\",\"url\":\"https:\\\/\\\/i0.wp.com\\\/infos-droitshumains.net\\\/wp-content\\\/uploads\\\/2024\\\/10\\\/IMG-20241023-WA0060_1.jpg?fit=1016%2C586&ssl=1\",\"contentUrl\":\"https:\\\/\\\/i0.wp.com\\\/infos-droitshumains.net\\\/wp-content\\\/uploads\\\/2024\\\/10\\\/IMG-20241023-WA0060_1.jpg?fit=1016%2C586&ssl=1\",\"width\":1016,\"height\":586},{\"@type\":\"BreadcrumbList\",\"@id\":\"https:\\\/\\\/infos-droitshumains.net\\\/?p=11545#breadcrumb\",\"itemListElement\":[{\"@type\":\"ListItem\",\"position\":1,\"name\":\"Accueil\",\"item\":\"https:\\\/\\\/infos-droitshumains.net\\\/\"},{\"@type\":\"ListItem\",\"position\":2,\"name\":\"RDC\u00a0: Le BCNUDH renforce les capacit\u00e9s des cadres du secr\u00e9tariat de la CNDH sur le traitement des plaintes et le rapportage sur les violations des droits de l&rsquo;homme\"}]},{\"@type\":\"WebSite\",\"@id\":\"https:\\\/\\\/infos-droitshumains.net\\\/#website\",\"url\":\"https:\\\/\\\/infos-droitshumains.net\\\/\",\"name\":\"Infos Droits Humains\",\"description\":\"S&#039;informer est un droit\",\"publisher\":{\"@id\":\"https:\\\/\\\/infos-droitshumains.net\\\/#organization\"},\"potentialAction\":[{\"@type\":\"SearchAction\",\"target\":{\"@type\":\"EntryPoint\",\"urlTemplate\":\"https:\\\/\\\/infos-droitshumains.net\\\/?s={search_term_string}\"},\"query-input\":{\"@type\":\"PropertyValueSpecification\",\"valueRequired\":true,\"valueName\":\"search_term_string\"}}],\"inLanguage\":\"fr-FR\"},{\"@type\":\"Organization\",\"@id\":\"https:\\\/\\\/infos-droitshumains.net\\\/#organization\",\"name\":\"Infos Droits Humains\",\"url\":\"https:\\\/\\\/infos-droitshumains.net\\\/\",\"logo\":{\"@type\":\"ImageObject\",\"inLanguage\":\"fr-FR\",\"@id\":\"https:\\\/\\\/infos-droitshumains.net\\\/#\\\/schema\\\/logo\\\/image\\\/\",\"url\":\"https:\\\/\\\/i0.wp.com\\\/infos-droitshumains.net\\\/wp-content\\\/uploads\\\/2022\\\/05\\\/Logo.png?fit=333%2C129&ssl=1\",\"contentUrl\":\"https:\\\/\\\/i0.wp.com\\\/infos-droitshumains.net\\\/wp-content\\\/uploads\\\/2022\\\/05\\\/Logo.png?fit=333%2C129&ssl=1\",\"width\":333,\"height\":129,\"caption\":\"Infos Droits Humains\"},\"image\":{\"@id\":\"https:\\\/\\\/infos-droitshumains.net\\\/#\\\/schema\\\/logo\\\/image\\\/\"}},{\"@type\":\"Person\",\"@id\":\"https:\\\/\\\/infos-droitshumains.net\\\/#\\\/schema\\\/person\\\/3dc5e921c3302172e0ed4362f96faab7\",\"name\":\"Jo\u00ebl Diawa\",\"image\":{\"@type\":\"ImageObject\",\"inLanguage\":\"fr-FR\",\"@id\":\"https:\\\/\\\/secure.gravatar.com\\\/avatar\\\/729bea6ff4604c624417803c477363be8e3c7186deaa65713313f9b4b820f41c?s=96&d=mm&r=g\",\"url\":\"https:\\\/\\\/secure.gravatar.com\\\/avatar\\\/729bea6ff4604c624417803c477363be8e3c7186deaa65713313f9b4b820f41c?s=96&d=mm&r=g\",\"contentUrl\":\"https:\\\/\\\/secure.gravatar.com\\\/avatar\\\/729bea6ff4604c624417803c477363be8e3c7186deaa65713313f9b4b820f41c?s=96&d=mm&r=g\",\"caption\":\"Jo\u00ebl Diawa\"},\"sameAs\":[\"https:\\\/\\\/www.infos-droitshumains.net\"],\"url\":\"https:\\\/\\\/infos-droitshumains.net\\\/?author=2\"}]}<\/script>\n<!-- \/ Yoast SEO plugin. -->","yoast_head_json":{"title":"RDC\u00a0: Le BCNUDH renforce les capacit\u00e9s des cadres du secr\u00e9tariat de la CNDH sur le traitement des plaintes et le rapportage sur les violations des droits de l'homme - Infos Droits Humains","robots":{"index":"index","follow":"follow","max-snippet":"max-snippet:-1","max-image-preview":"max-image-preview:large","max-video-preview":"max-video-preview:-1"},"canonical":"https:\/\/infos-droitshumains.net\/?p=11545","og_locale":"fr_FR","og_type":"article","og_title":"RDC\u00a0: Le BCNUDH renforce les capacit\u00e9s des cadres du secr\u00e9tariat de la CNDH sur le traitement des plaintes et le rapportage sur les violations des droits de l'homme - Infos Droits Humains","og_description":"R\u00e9daction : +243 817 406 088 Le traitement des plaintes et le rapportage sur les...","og_url":"https:\/\/infos-droitshumains.net\/?p=11545","og_site_name":"Infos Droits Humains","article_published_time":"2024-10-23T21:03:12+00:00","article_modified_time":"2024-10-23T21:14:55+00:00","og_image":[{"width":1016,"height":586,"url":"https:\/\/infos-droitshumains.net\/wp-content\/uploads\/2024\/10\/IMG-20241023-WA0060_1.jpg","type":"image\/jpeg"}],"author":"Jo\u00ebl Diawa","twitter_card":"summary_large_image","twitter_misc":{"\u00c9crit par":"Jo\u00ebl Diawa","Dur\u00e9e de lecture estim\u00e9e":"2 minutes"},"schema":{"@context":"https:\/\/schema.org","@graph":[{"@type":"Article","@id":"https:\/\/infos-droitshumains.net\/?p=11545#article","isPartOf":{"@id":"https:\/\/infos-droitshumains.net\/?p=11545"},"author":{"name":"Jo\u00ebl Diawa","@id":"https:\/\/infos-droitshumains.net\/#\/schema\/person\/3dc5e921c3302172e0ed4362f96faab7"},"headline":"RDC\u00a0: Le BCNUDH renforce les capacit\u00e9s des cadres du secr\u00e9tariat de la CNDH sur le traitement des plaintes et le rapportage sur les violations des droits de l&rsquo;homme","datePublished":"2024-10-23T21:03:12+00:00","dateModified":"2024-10-23T21:14:55+00:00","mainEntityOfPage":{"@id":"https:\/\/infos-droitshumains.net\/?p=11545"},"wordCount":380,"commentCount":0,"publisher":{"@id":"https:\/\/infos-droitshumains.net\/#organization"},"image":{"@id":"https:\/\/infos-droitshumains.net\/?p=11545#primaryimage"},"thumbnailUrl":"https:\/\/i0.wp.com\/infos-droitshumains.net\/wp-content\/uploads\/2024\/10\/IMG-20241023-WA0060_1.jpg?fit=1016%2C586&ssl=1","articleSection":["Droits Humains"],"inLanguage":"fr-FR","potentialAction":[{"@type":"CommentAction","name":"Comment","target":["https:\/\/infos-droitshumains.net\/?p=11545#respond"]}]},{"@type":"WebPage","@id":"https:\/\/infos-droitshumains.net\/?p=11545","url":"https:\/\/infos-droitshumains.net\/?p=11545","name":"RDC\u00a0: Le BCNUDH renforce les capacit\u00e9s des cadres du secr\u00e9tariat de la CNDH sur le traitement des plaintes et le rapportage sur les violations des droits de l'homme - Infos Droits Humains","isPartOf":{"@id":"https:\/\/infos-droitshumains.net\/#website"},"primaryImageOfPage":{"@id":"https:\/\/infos-droitshumains.net\/?p=11545#primaryimage"},"image":{"@id":"https:\/\/infos-droitshumains.net\/?p=11545#primaryimage"},"thumbnailUrl":"https:\/\/i0.wp.com\/infos-droitshumains.net\/wp-content\/uploads\/2024\/10\/IMG-20241023-WA0060_1.jpg?fit=1016%2C586&ssl=1","datePublished":"2024-10-23T21:03:12+00:00","dateModified":"2024-10-23T21:14:55+00:00","breadcrumb":{"@id":"https:\/\/infos-droitshumains.net\/?p=11545#breadcrumb"},"inLanguage":"fr-FR","potentialAction":[{"@type":"ReadAction","target":["https:\/\/infos-droitshumains.net\/?p=11545"]}]},{"@type":"ImageObject","inLanguage":"fr-FR","@id":"https:\/\/infos-droitshumains.net\/?p=11545#primaryimage","url":"https:\/\/i0.wp.com\/infos-droitshumains.net\/wp-content\/uploads\/2024\/10\/IMG-20241023-WA0060_1.jpg?fit=1016%2C586&ssl=1","contentUrl":"https:\/\/i0.wp.com\/infos-droitshumains.net\/wp-content\/uploads\/2024\/10\/IMG-20241023-WA0060_1.jpg?fit=1016%2C586&ssl=1","width":1016,"height":586},{"@type":"BreadcrumbList","@id":"https:\/\/infos-droitshumains.net\/?p=11545#breadcrumb","itemListElement":[{"@type":"ListItem","position":1,"name":"Accueil","item":"https:\/\/infos-droitshumains.net\/"},{"@type":"ListItem","position":2,"name":"RDC\u00a0: Le BCNUDH renforce les capacit\u00e9s des cadres du secr\u00e9tariat de la CNDH sur le traitement des plaintes et le rapportage sur les violations des droits de l&rsquo;homme"}]},{"@type":"WebSite","@id":"https:\/\/infos-droitshumains.net\/#website","url":"https:\/\/infos-droitshumains.net\/","name":"Infos Droits Humains","description":"S&#039;informer est un droit","publisher":{"@id":"https:\/\/infos-droitshumains.net\/#organization"},"potentialAction":[{"@type":"SearchAction","target":{"@type":"EntryPoint","urlTemplate":"https:\/\/infos-droitshumains.net\/?s={search_term_string}"},"query-input":{"@type":"PropertyValueSpecification","valueRequired":true,"valueName":"search_term_string"}}],"inLanguage":"fr-FR"},{"@type":"Organization","@id":"https:\/\/infos-droitshumains.net\/#organization","name":"Infos Droits Humains","url":"https:\/\/infos-droitshumains.net\/","logo":{"@type":"ImageObject","inLanguage":"fr-FR","@id":"https:\/\/infos-droitshumains.net\/#\/schema\/logo\/image\/","url":"https:\/\/i0.wp.com\/infos-droitshumains.net\/wp-content\/uploads\/2022\/05\/Logo.png?fit=333%2C129&ssl=1","contentUrl":"https:\/\/i0.wp.com\/infos-droitshumains.net\/wp-content\/uploads\/2022\/05\/Logo.png?fit=333%2C129&ssl=1","width":333,"height":129,"caption":"Infos Droits Humains"},"image":{"@id":"https:\/\/infos-droitshumains.net\/#\/schema\/logo\/image\/"}},{"@type":"Person","@id":"https:\/\/infos-droitshumains.net\/#\/schema\/person\/3dc5e921c3302172e0ed4362f96faab7","name":"Jo\u00ebl Diawa","image":{"@type":"ImageObject","inLanguage":"fr-FR","@id":"https:\/\/secure.gravatar.com\/avatar\/729bea6ff4604c624417803c477363be8e3c7186deaa65713313f9b4b820f41c?s=96&d=mm&r=g","url":"https:\/\/secure.gravatar.com\/avatar\/729bea6ff4604c624417803c477363be8e3c7186deaa65713313f9b4b820f41c?s=96&d=mm&r=g","contentUrl":"https:\/\/secure.gravatar.com\/avatar\/729bea6ff4604c624417803c477363be8e3c7186deaa65713313f9b4b820f41c?s=96&d=mm&r=g","caption":"Jo\u00ebl Diawa"},"sameAs":["https:\/\/www.infos-droitshumains.net"],"url":"https:\/\/infos-droitshumains.net\/?author=2"}]}},"featured_image_urls":{"full":["https:\/\/i0.wp.com\/infos-droitshumains.net\/wp-content\/uploads\/2024\/10\/IMG-20241023-WA0060_1.jpg?fit=1016%2C586&ssl=1",1016,586,false],"thumbnail":["https:\/\/i0.wp.com\/infos-droitshumains.net\/wp-content\/uploads\/2024\/10\/IMG-20241023-WA0060_1.jpg?resize=150%2C150&ssl=1",150,150,true],"medium":["https:\/\/i0.wp.com\/infos-droitshumains.net\/wp-content\/uploads\/2024\/10\/IMG-20241023-WA0060_1.jpg?fit=300%2C173&ssl=1",300,173,true],"medium_large":["https:\/\/i0.wp.com\/infos-droitshumains.net\/wp-content\/uploads\/2024\/10\/IMG-20241023-WA0060_1.jpg?fit=640%2C369&ssl=1",640,369,true],"large":["https:\/\/i0.wp.com\/infos-droitshumains.net\/wp-content\/uploads\/2024\/10\/IMG-20241023-WA0060_1.jpg?fit=640%2C369&ssl=1",640,369,true],"1536x1536":["https:\/\/i0.wp.com\/infos-droitshumains.net\/wp-content\/uploads\/2024\/10\/IMG-20241023-WA0060_1.jpg?fit=1016%2C586&ssl=1",1016,586,true],"2048x2048":["https:\/\/i0.wp.com\/infos-droitshumains.net\/wp-content\/uploads\/2024\/10\/IMG-20241023-WA0060_1.jpg?fit=1016%2C586&ssl=1",1016,586,true],"covernews-slider-full":["https:\/\/i0.wp.com\/infos-droitshumains.net\/wp-content\/uploads\/2024\/10\/IMG-20241023-WA0060_1.jpg?resize=1016%2C586&ssl=1",1016,586,true],"covernews-slider-center":["https:\/\/i0.wp.com\/infos-droitshumains.net\/wp-content\/uploads\/2024\/10\/IMG-20241023-WA0060_1.jpg?resize=800%2C500&ssl=1",800,500,true],"covernews-featured":["https:\/\/i0.wp.com\/infos-droitshumains.net\/wp-content\/uploads\/2024\/10\/IMG-20241023-WA0060_1.jpg?fit=1016%2C586&ssl=1",1016,586,true],"covernews-medium":["https:\/\/i0.wp.com\/infos-droitshumains.net\/wp-content\/uploads\/2024\/10\/IMG-20241023-WA0060_1.jpg?resize=540%2C340&ssl=1",540,340,true],"covernews-medium-square":["https:\/\/i0.wp.com\/infos-droitshumains.net\/wp-content\/uploads\/2024\/10\/IMG-20241023-WA0060_1.jpg?resize=400%2C250&ssl=1",400,250,true]},"author_info":{"display_name":"Jo\u00ebl Diawa","author_link":"https:\/\/infos-droitshumains.net\/?author=2"},"category_info":"<a href=\"https:\/\/infos-droitshumains.net\/?cat=7\" rel=\"category\">Droits Humains<\/a>","tag_info":"Droits Humains","comment_count":"0","jetpack_featured_media_url":"https:\/\/i0.wp.com\/infos-droitshumains.net\/wp-content\/uploads\/2024\/10\/IMG-20241023-WA0060_1.jpg?fit=1016%2C586&ssl=1","jetpack-related-posts":[],"jetpack_sharing_enabled":true,"_links":{"self":[{"href":"https:\/\/infos-droitshumains.net\/index.php?rest_route=\/wp\/v2\/posts\/11545","targetHints":{"allow":["GET"]}}],"collection":[{"href":"https:\/\/infos-droitshumains.net\/index.php?rest_route=\/wp\/v2\/posts"}],"about":[{"href":"https:\/\/infos-droitshumains.net\/index.php?rest_route=\/wp\/v2\/types\/post"}],"author":[{"embeddable":true,"href":"https:\/\/infos-droitshumains.net\/index.php?rest_route=\/wp\/v2\/users\/2"}],"replies":[{"embeddable":true,"href":"https:\/\/infos-droitshumains.net\/index.php?rest_route=%2Fwp%2Fv2%2Fcomments&post=11545"}],"version-history":[{"count":3,"href":"https:\/\/infos-droitshumains.net\/index.php?rest_route=\/wp\/v2\/posts\/11545\/revisions"}],"predecessor-version":[{"id":11549,"href":"https:\/\/infos-droitshumains.net\/index.php?rest_route=\/wp\/v2\/posts\/11545\/revisions\/11549"}],"wp:featuredmedia":[{"embeddable":true,"href":"https:\/\/infos-droitshumains.net\/index.php?rest_route=\/wp\/v2\/media\/11550"}],"wp:attachment":[{"href":"https:\/\/infos-droitshumains.net\/index.php?rest_route=%2Fwp%2Fv2%2Fmedia&parent=11545"}],"wp:term":[{"taxonomy":"category","embeddable":true,"href":"https:\/\/infos-droitshumains.net\/index.php?rest_route=%2Fwp%2Fv2%2Fcategories&post=11545"},{"taxonomy":"post_tag","embeddable":true,"href":"https:\/\/infos-droitshumains.net\/index.php?rest_route=%2Fwp%2Fv2%2Ftags&post=11545"}],"curies":[{"name":"wp","href":"https:\/\/api.w.org\/{rel}","templated":true}]}}