{"id":11522,"date":"2024-10-21T22:25:12","date_gmt":"2024-10-21T20:25:12","guid":{"rendered":"https:\/\/infos-droitshumains.net\/?p=11522"},"modified":"2024-10-21T22:25:19","modified_gmt":"2024-10-21T20:25:19","slug":"unprpd-le-bcnudh-et-les-parties-prenantes-impliquees-pour-cette-cause-partagent-les-bonnes-pratiques-et-modeles-sur-la-protection-des-droits-des-personnes-vivant-avec-handicap","status":"publish","type":"post","link":"https:\/\/infos-droitshumains.net\/?p=11522","title":{"rendered":"UNPRPD : Le BCNUDH et les parties prenantes impliqu\u00e9es pour cette cause partagent les bonnes pratiques et mod\u00e8les sur la protection des droits des personnes vivant avec handicap"},"content":{"rendered":"\n<p><strong>R\u00e9daction :+243817406088<\/strong><\/p>\n\n\n\n<h3 class=\"wp-block-heading has-vivid-red-color has-text-color has-link-color wp-elements-4969137b3461d387bda77a8a41c73a97\">Dans le cadre du programme du partenariat des Nations Unies pour la promotion des droits des personnes vivant avec handicap (UNPRPD), un atelier de partage de bonnes pratiques et mod\u00e8les sur la protection des personnes vivant avec handicap est organis\u00e9 \u00e0 Kinshasa du 21 au 22 octobre 2024 par le Bureau Conjoint des Nations Unies aux Droits de l&rsquo;Homme en collaboration avec des partenaires impliqu\u00e9s dans cette cause.<\/h3>\n\n\n\n<figure class=\"wp-block-image alignfull size-full\"><img data-recalc-dims=\"1\" fetchpriority=\"high\" decoding=\"async\" width=\"640\" height=\"480\" src=\"https:\/\/i0.wp.com\/infos-droitshumains.net\/wp-content\/uploads\/2024\/10\/IMG-20241021-WA0071.jpg?resize=640%2C480&#038;ssl=1\" alt=\"\" class=\"wp-image-11524\" srcset=\"https:\/\/i0.wp.com\/infos-droitshumains.net\/wp-content\/uploads\/2024\/10\/IMG-20241021-WA0071.jpg?w=1016&amp;ssl=1 1016w, https:\/\/i0.wp.com\/infos-droitshumains.net\/wp-content\/uploads\/2024\/10\/IMG-20241021-WA0071.jpg?resize=300%2C225&amp;ssl=1 300w, https:\/\/i0.wp.com\/infos-droitshumains.net\/wp-content\/uploads\/2024\/10\/IMG-20241021-WA0071.jpg?resize=768%2C576&amp;ssl=1 768w\" sizes=\"(max-width: 640px) 100vw, 640px\" \/><\/figure>\n\n\n\n<p><em>\u00ab&nbsp;Le pr\u00e9sent atelier de partage d\u2019exp\u00e9riences sous le sceau du programme UNPRPD est d\u2019une importance particuli\u00e8re, car il est av\u00e9r\u00e9 qu\u2019une synergie d\u2019actions, une mutualisation des efforts et des strat\u00e9gies d\u2019interventions sont indispensables pour une plus grande efficacit\u00e9 dans nos actions quotidiennes de protection et de promotion des droits des Personnes Vivant avec Handicap (PVH). Le partage d\u2019exp\u00e9riences et de bonnes pratiques permet d\u2019\u00e9changer et de diffuser des m\u00e9thodes, des strat\u00e9gies et des approches qui s\u2019av\u00e8rent efficaces et plus appropri\u00e9es dans la r\u00e9solution des d\u00e9fis identifi\u00e9s&nbsp;\u00bb<\/em>, a d\u00e9clar\u00e9 Anne-Marie Dongui, directrice adjointe du BCNUDH.<\/p>\n\n\n\n<figure class=\"wp-block-image alignfull size-full\"><img data-recalc-dims=\"1\" decoding=\"async\" width=\"640\" height=\"480\" src=\"https:\/\/i0.wp.com\/infos-droitshumains.net\/wp-content\/uploads\/2024\/10\/IMG-20241021-WA0033.jpg?resize=640%2C480&#038;ssl=1\" alt=\"\" class=\"wp-image-11525\" srcset=\"https:\/\/i0.wp.com\/infos-droitshumains.net\/wp-content\/uploads\/2024\/10\/IMG-20241021-WA0033.jpg?w=1016&amp;ssl=1 1016w, https:\/\/i0.wp.com\/infos-droitshumains.net\/wp-content\/uploads\/2024\/10\/IMG-20241021-WA0033.jpg?resize=300%2C225&amp;ssl=1 300w, https:\/\/i0.wp.com\/infos-droitshumains.net\/wp-content\/uploads\/2024\/10\/IMG-20241021-WA0033.jpg?resize=768%2C576&amp;ssl=1 768w\" sizes=\"(max-width: 640px) 100vw, 640px\" \/><\/figure>\n\n\n\n<p>\u00c0 en croire la vice-pr\u00e9sidente du R\u00e9seau National des Associations des Femmes vivant avec Handicap du Congo(RENAFHAC) et membre de la F\u00e9d\u00e9ration Nationale des Associations des Personnes Handicap\u00e9es du Congo(FENAPHACO),&nbsp; cet atelier constitue une opportunit\u00e9 pour les personnes handicap\u00e9es \u00e0 faire entendre leur cause aupr\u00e8s du gouvernement.<\/p>\n\n\n\n<p><em>\u00ab&nbsp;La FENAPHACO demande aux personnes vivant avec handicap de profiter de ces assises pour faire entendre leurs voix afin d&rsquo;amener le gouvernement \u00e0 mettre en pratique la loi organique portant protection et promotion des droits des PVH ainsi que leurs mesures d&rsquo;application afin que les personnes vivant avec handicap puissent jouir de leurs droits&nbsp;\u00bb<\/em>, a dit Rachel Mbuyi Kabongo.<\/p>\n\n\n\n<figure class=\"wp-block-image alignfull size-full\"><img data-recalc-dims=\"1\" decoding=\"async\" width=\"640\" height=\"480\" src=\"https:\/\/i0.wp.com\/infos-droitshumains.net\/wp-content\/uploads\/2024\/10\/IMG-20241021-WA0075.jpg?resize=640%2C480&#038;ssl=1\" alt=\"\" class=\"wp-image-11526\" srcset=\"https:\/\/i0.wp.com\/infos-droitshumains.net\/wp-content\/uploads\/2024\/10\/IMG-20241021-WA0075.jpg?w=1016&amp;ssl=1 1016w, https:\/\/i0.wp.com\/infos-droitshumains.net\/wp-content\/uploads\/2024\/10\/IMG-20241021-WA0075.jpg?resize=300%2C225&amp;ssl=1 300w, https:\/\/i0.wp.com\/infos-droitshumains.net\/wp-content\/uploads\/2024\/10\/IMG-20241021-WA0075.jpg?resize=768%2C576&amp;ssl=1 768w\" sizes=\"(max-width: 640px) 100vw, 640px\" \/><\/figure>\n\n\n\n<p>De son c\u00f4t\u00e9, Ir\u00e8ne Esambo, ministre d\u00e9l\u00e9gu\u00e9 en charge des personnes vivant avec handicap et autres personnes vuln\u00e9rables a indiqu\u00e9 que le secteur d&rsquo;handicap \u00e9volue positivement en RDC depuis l&rsquo;av\u00e8nement du pr\u00e9sident de la R\u00e9publique actuel.<\/p>\n\n\n\n<p><em>\u00ab&nbsp;La question de la promotion des personnes vivant avec handicap fait partie des priorit\u00e9s de notre gouvernement. Cela suite \u00e0 la vision innovatrice du pr\u00e9sident F\u00e9lix Tshisekedi qui a mis cette question parmi les grandes actions de son mandat. Depuis son av\u00e8nement \u00e0 la t\u00eate du pays, le secteur d&rsquo;handicap est entrain d&rsquo;\u00e9voluer positivement avec des \u00e9vidences notamment la promulgation de la loi portant protection et promotion des droits des personnes vivant avec handicap, la mise en place du minist\u00e8re en charge de cette cat\u00e9gorie des personnes et son secr\u00e9tariat g\u00e9n\u00e9ral&nbsp;\u00bb<\/em>, a rappel\u00e9 la Ministre Esambo.<\/p>\n\n\n\n<figure class=\"wp-block-image alignfull size-full\"><img data-recalc-dims=\"1\" loading=\"lazy\" decoding=\"async\" width=\"640\" height=\"480\" src=\"https:\/\/i0.wp.com\/infos-droitshumains.net\/wp-content\/uploads\/2024\/10\/IMG-20241021-WA0072.jpg?resize=640%2C480&#038;ssl=1\" alt=\"\" class=\"wp-image-11527\" srcset=\"https:\/\/i0.wp.com\/infos-droitshumains.net\/wp-content\/uploads\/2024\/10\/IMG-20241021-WA0072.jpg?w=1016&amp;ssl=1 1016w, https:\/\/i0.wp.com\/infos-droitshumains.net\/wp-content\/uploads\/2024\/10\/IMG-20241021-WA0072.jpg?resize=300%2C225&amp;ssl=1 300w, https:\/\/i0.wp.com\/infos-droitshumains.net\/wp-content\/uploads\/2024\/10\/IMG-20241021-WA0072.jpg?resize=768%2C576&amp;ssl=1 768w\" sizes=\"(max-width: 640px) 100vw, 640px\" \/><\/figure>\n\n\n\n<p>Ces assises de partage d&rsquo;exp\u00e9riences ont tourn\u00e9 sur plusieurs sujets notamment la convention des nations unies relative aux droits des personnes handicap\u00e9es et plaidoyer pour sa mise en \u0153uvre en RDC, la loi organique n\u00b022\/033 du 3 mai 2022 portant protection et promotion des droits des personnes vivant avec handicap et ses 4 d\u00e9crets d&rsquo;application et charte des nations unies sur l&rsquo;inclusion des personnes handicap\u00e9es dans l&rsquo;action humanitaire.<\/p>\n\n\n\n<p>Notons que le projet UNPRPD dans lequel s&rsquo;inscrit cet atelier vise renforcer les capacit\u00e9s des acteurs nationaux \u00e9tatiques et non \u00e9tatiques sur l\u2019int\u00e9gration des conditions essentielles \u00e0 la mise en \u0153uvre de la Convention relative aux droits des personnes vivant avec handicap dans la formulation, l\u2019\u00e9laboration, la mise en \u0153uvre et le suivi des politiques publiques et programmes inclusifs qui tiennent compte du handicap.<\/p>\n\n\n\n<p>AM<\/p>\n","protected":false},"excerpt":{"rendered":"<p>R\u00e9daction :+243817406088 Dans le cadre du programme du partenariat des Nations Unies pour la promotion&#8230;<\/p>\n","protected":false},"author":2,"featured_media":11523,"comment_status":"open","ping_status":"open","sticky":false,"template":"","format":"standard","meta":{"_jetpack_memberships_contains_paid_content":false,"footnotes":""},"categories":[7],"tags":[],"class_list":["post-11522","post","type-post","status-publish","format-standard","has-post-thumbnail","hentry","category-droits-humains"],"yoast_head":"<!-- This site is optimized with the Yoast SEO plugin v27.5 - https:\/\/yoast.com\/product\/yoast-seo-wordpress\/ -->\n<title>UNPRPD : Le BCNUDH et les parties prenantes impliqu\u00e9es pour cette cause partagent les bonnes pratiques et mod\u00e8les sur la protection des droits des personnes vivant avec handicap - Infos Droits Humains<\/title>\n<meta name=\"robots\" content=\"index, follow, max-snippet:-1, max-image-preview:large, max-video-preview:-1\" \/>\n<link rel=\"canonical\" href=\"https:\/\/infos-droitshumains.net\/?p=11522\" \/>\n<meta property=\"og:locale\" content=\"fr_FR\" \/>\n<meta property=\"og:type\" content=\"article\" \/>\n<meta property=\"og:title\" content=\"UNPRPD : Le BCNUDH et les parties prenantes impliqu\u00e9es pour cette cause partagent les bonnes pratiques et mod\u00e8les sur la protection des droits des personnes vivant avec handicap - Infos Droits Humains\" \/>\n<meta property=\"og:description\" content=\"R\u00e9daction :+243817406088 Dans le cadre du programme du partenariat des Nations Unies pour la promotion...\" \/>\n<meta property=\"og:url\" content=\"https:\/\/infos-droitshumains.net\/?p=11522\" \/>\n<meta property=\"og:site_name\" content=\"Infos Droits Humains\" \/>\n<meta property=\"article:published_time\" content=\"2024-10-21T20:25:12+00:00\" \/>\n<meta property=\"article:modified_time\" content=\"2024-10-21T20:25:19+00:00\" \/>\n<meta property=\"og:image\" content=\"https:\/\/infos-droitshumains.net\/wp-content\/uploads\/2024\/10\/IMG-20241021-WA0065.jpg\" \/>\n\t<meta property=\"og:image:width\" content=\"1016\" \/>\n\t<meta property=\"og:image:height\" content=\"762\" \/>\n\t<meta property=\"og:image:type\" content=\"image\/jpeg\" \/>\n<meta name=\"author\" content=\"Jo\u00ebl Diawa\" \/>\n<meta name=\"twitter:card\" content=\"summary_large_image\" \/>\n<meta name=\"twitter:label1\" content=\"\u00c9crit par\" \/>\n\t<meta name=\"twitter:data1\" content=\"Jo\u00ebl Diawa\" \/>\n\t<meta name=\"twitter:label2\" content=\"Dur\u00e9e de lecture estim\u00e9e\" \/>\n\t<meta name=\"twitter:data2\" content=\"4 minutes\" \/>\n<script type=\"application\/ld+json\" class=\"yoast-schema-graph\">{\"@context\":\"https:\\\/\\\/schema.org\",\"@graph\":[{\"@type\":\"Article\",\"@id\":\"https:\\\/\\\/infos-droitshumains.net\\\/?p=11522#article\",\"isPartOf\":{\"@id\":\"https:\\\/\\\/infos-droitshumains.net\\\/?p=11522\"},\"author\":{\"name\":\"Jo\u00ebl Diawa\",\"@id\":\"https:\\\/\\\/infos-droitshumains.net\\\/#\\\/schema\\\/person\\\/3dc5e921c3302172e0ed4362f96faab7\"},\"headline\":\"UNPRPD : Le BCNUDH et les parties prenantes impliqu\u00e9es pour cette cause partagent les bonnes pratiques et mod\u00e8les sur la protection des droits des personnes vivant avec handicap\",\"datePublished\":\"2024-10-21T20:25:12+00:00\",\"dateModified\":\"2024-10-21T20:25:19+00:00\",\"mainEntityOfPage\":{\"@id\":\"https:\\\/\\\/infos-droitshumains.net\\\/?p=11522\"},\"wordCount\":618,\"commentCount\":0,\"publisher\":{\"@id\":\"https:\\\/\\\/infos-droitshumains.net\\\/#organization\"},\"image\":{\"@id\":\"https:\\\/\\\/infos-droitshumains.net\\\/?p=11522#primaryimage\"},\"thumbnailUrl\":\"https:\\\/\\\/i0.wp.com\\\/infos-droitshumains.net\\\/wp-content\\\/uploads\\\/2024\\\/10\\\/IMG-20241021-WA0065.jpg?fit=1016%2C762&ssl=1\",\"articleSection\":[\"Droits Humains\"],\"inLanguage\":\"fr-FR\",\"potentialAction\":[{\"@type\":\"CommentAction\",\"name\":\"Comment\",\"target\":[\"https:\\\/\\\/infos-droitshumains.net\\\/?p=11522#respond\"]}]},{\"@type\":\"WebPage\",\"@id\":\"https:\\\/\\\/infos-droitshumains.net\\\/?p=11522\",\"url\":\"https:\\\/\\\/infos-droitshumains.net\\\/?p=11522\",\"name\":\"UNPRPD : Le BCNUDH et les parties prenantes impliqu\u00e9es pour cette cause partagent les bonnes pratiques et mod\u00e8les sur la protection des droits des personnes vivant avec handicap - Infos Droits Humains\",\"isPartOf\":{\"@id\":\"https:\\\/\\\/infos-droitshumains.net\\\/#website\"},\"primaryImageOfPage\":{\"@id\":\"https:\\\/\\\/infos-droitshumains.net\\\/?p=11522#primaryimage\"},\"image\":{\"@id\":\"https:\\\/\\\/infos-droitshumains.net\\\/?p=11522#primaryimage\"},\"thumbnailUrl\":\"https:\\\/\\\/i0.wp.com\\\/infos-droitshumains.net\\\/wp-content\\\/uploads\\\/2024\\\/10\\\/IMG-20241021-WA0065.jpg?fit=1016%2C762&ssl=1\",\"datePublished\":\"2024-10-21T20:25:12+00:00\",\"dateModified\":\"2024-10-21T20:25:19+00:00\",\"breadcrumb\":{\"@id\":\"https:\\\/\\\/infos-droitshumains.net\\\/?p=11522#breadcrumb\"},\"inLanguage\":\"fr-FR\",\"potentialAction\":[{\"@type\":\"ReadAction\",\"target\":[\"https:\\\/\\\/infos-droitshumains.net\\\/?p=11522\"]}]},{\"@type\":\"ImageObject\",\"inLanguage\":\"fr-FR\",\"@id\":\"https:\\\/\\\/infos-droitshumains.net\\\/?p=11522#primaryimage\",\"url\":\"https:\\\/\\\/i0.wp.com\\\/infos-droitshumains.net\\\/wp-content\\\/uploads\\\/2024\\\/10\\\/IMG-20241021-WA0065.jpg?fit=1016%2C762&ssl=1\",\"contentUrl\":\"https:\\\/\\\/i0.wp.com\\\/infos-droitshumains.net\\\/wp-content\\\/uploads\\\/2024\\\/10\\\/IMG-20241021-WA0065.jpg?fit=1016%2C762&ssl=1\",\"width\":1016,\"height\":762},{\"@type\":\"BreadcrumbList\",\"@id\":\"https:\\\/\\\/infos-droitshumains.net\\\/?p=11522#breadcrumb\",\"itemListElement\":[{\"@type\":\"ListItem\",\"position\":1,\"name\":\"Accueil\",\"item\":\"https:\\\/\\\/infos-droitshumains.net\\\/\"},{\"@type\":\"ListItem\",\"position\":2,\"name\":\"UNPRPD : Le BCNUDH et les parties prenantes impliqu\u00e9es pour cette cause partagent les bonnes pratiques et mod\u00e8les sur la protection des droits des personnes vivant avec handicap\"}]},{\"@type\":\"WebSite\",\"@id\":\"https:\\\/\\\/infos-droitshumains.net\\\/#website\",\"url\":\"https:\\\/\\\/infos-droitshumains.net\\\/\",\"name\":\"Infos Droits Humains\",\"description\":\"S&#039;informer est un droit\",\"publisher\":{\"@id\":\"https:\\\/\\\/infos-droitshumains.net\\\/#organization\"},\"potentialAction\":[{\"@type\":\"SearchAction\",\"target\":{\"@type\":\"EntryPoint\",\"urlTemplate\":\"https:\\\/\\\/infos-droitshumains.net\\\/?s={search_term_string}\"},\"query-input\":{\"@type\":\"PropertyValueSpecification\",\"valueRequired\":true,\"valueName\":\"search_term_string\"}}],\"inLanguage\":\"fr-FR\"},{\"@type\":\"Organization\",\"@id\":\"https:\\\/\\\/infos-droitshumains.net\\\/#organization\",\"name\":\"Infos Droits Humains\",\"url\":\"https:\\\/\\\/infos-droitshumains.net\\\/\",\"logo\":{\"@type\":\"ImageObject\",\"inLanguage\":\"fr-FR\",\"@id\":\"https:\\\/\\\/infos-droitshumains.net\\\/#\\\/schema\\\/logo\\\/image\\\/\",\"url\":\"https:\\\/\\\/i0.wp.com\\\/infos-droitshumains.net\\\/wp-content\\\/uploads\\\/2022\\\/05\\\/Logo.png?fit=333%2C129&ssl=1\",\"contentUrl\":\"https:\\\/\\\/i0.wp.com\\\/infos-droitshumains.net\\\/wp-content\\\/uploads\\\/2022\\\/05\\\/Logo.png?fit=333%2C129&ssl=1\",\"width\":333,\"height\":129,\"caption\":\"Infos Droits Humains\"},\"image\":{\"@id\":\"https:\\\/\\\/infos-droitshumains.net\\\/#\\\/schema\\\/logo\\\/image\\\/\"}},{\"@type\":\"Person\",\"@id\":\"https:\\\/\\\/infos-droitshumains.net\\\/#\\\/schema\\\/person\\\/3dc5e921c3302172e0ed4362f96faab7\",\"name\":\"Jo\u00ebl Diawa\",\"image\":{\"@type\":\"ImageObject\",\"inLanguage\":\"fr-FR\",\"@id\":\"https:\\\/\\\/secure.gravatar.com\\\/avatar\\\/729bea6ff4604c624417803c477363be8e3c7186deaa65713313f9b4b820f41c?s=96&d=mm&r=g\",\"url\":\"https:\\\/\\\/secure.gravatar.com\\\/avatar\\\/729bea6ff4604c624417803c477363be8e3c7186deaa65713313f9b4b820f41c?s=96&d=mm&r=g\",\"contentUrl\":\"https:\\\/\\\/secure.gravatar.com\\\/avatar\\\/729bea6ff4604c624417803c477363be8e3c7186deaa65713313f9b4b820f41c?s=96&d=mm&r=g\",\"caption\":\"Jo\u00ebl Diawa\"},\"sameAs\":[\"https:\\\/\\\/www.infos-droitshumains.net\"],\"url\":\"https:\\\/\\\/infos-droitshumains.net\\\/?author=2\"}]}<\/script>\n<!-- \/ Yoast SEO plugin. -->","yoast_head_json":{"title":"UNPRPD : Le BCNUDH et les parties prenantes impliqu\u00e9es pour cette cause partagent les bonnes pratiques et mod\u00e8les sur la protection des droits des personnes vivant avec handicap - Infos Droits Humains","robots":{"index":"index","follow":"follow","max-snippet":"max-snippet:-1","max-image-preview":"max-image-preview:large","max-video-preview":"max-video-preview:-1"},"canonical":"https:\/\/infos-droitshumains.net\/?p=11522","og_locale":"fr_FR","og_type":"article","og_title":"UNPRPD : Le BCNUDH et les parties prenantes impliqu\u00e9es pour cette cause partagent les bonnes pratiques et mod\u00e8les sur la protection des droits des personnes vivant avec handicap - Infos Droits Humains","og_description":"R\u00e9daction :+243817406088 Dans le cadre du programme du partenariat des Nations Unies pour la promotion...","og_url":"https:\/\/infos-droitshumains.net\/?p=11522","og_site_name":"Infos Droits Humains","article_published_time":"2024-10-21T20:25:12+00:00","article_modified_time":"2024-10-21T20:25:19+00:00","og_image":[{"width":1016,"height":762,"url":"https:\/\/infos-droitshumains.net\/wp-content\/uploads\/2024\/10\/IMG-20241021-WA0065.jpg","type":"image\/jpeg"}],"author":"Jo\u00ebl Diawa","twitter_card":"summary_large_image","twitter_misc":{"\u00c9crit par":"Jo\u00ebl Diawa","Dur\u00e9e de lecture estim\u00e9e":"4 minutes"},"schema":{"@context":"https:\/\/schema.org","@graph":[{"@type":"Article","@id":"https:\/\/infos-droitshumains.net\/?p=11522#article","isPartOf":{"@id":"https:\/\/infos-droitshumains.net\/?p=11522"},"author":{"name":"Jo\u00ebl Diawa","@id":"https:\/\/infos-droitshumains.net\/#\/schema\/person\/3dc5e921c3302172e0ed4362f96faab7"},"headline":"UNPRPD : Le BCNUDH et les parties prenantes impliqu\u00e9es pour cette cause partagent les bonnes pratiques et mod\u00e8les sur la protection des droits des personnes vivant avec handicap","datePublished":"2024-10-21T20:25:12+00:00","dateModified":"2024-10-21T20:25:19+00:00","mainEntityOfPage":{"@id":"https:\/\/infos-droitshumains.net\/?p=11522"},"wordCount":618,"commentCount":0,"publisher":{"@id":"https:\/\/infos-droitshumains.net\/#organization"},"image":{"@id":"https:\/\/infos-droitshumains.net\/?p=11522#primaryimage"},"thumbnailUrl":"https:\/\/i0.wp.com\/infos-droitshumains.net\/wp-content\/uploads\/2024\/10\/IMG-20241021-WA0065.jpg?fit=1016%2C762&ssl=1","articleSection":["Droits Humains"],"inLanguage":"fr-FR","potentialAction":[{"@type":"CommentAction","name":"Comment","target":["https:\/\/infos-droitshumains.net\/?p=11522#respond"]}]},{"@type":"WebPage","@id":"https:\/\/infos-droitshumains.net\/?p=11522","url":"https:\/\/infos-droitshumains.net\/?p=11522","name":"UNPRPD : Le BCNUDH et les parties prenantes impliqu\u00e9es pour cette cause partagent les bonnes pratiques et mod\u00e8les sur la protection des droits des personnes vivant avec handicap - Infos Droits Humains","isPartOf":{"@id":"https:\/\/infos-droitshumains.net\/#website"},"primaryImageOfPage":{"@id":"https:\/\/infos-droitshumains.net\/?p=11522#primaryimage"},"image":{"@id":"https:\/\/infos-droitshumains.net\/?p=11522#primaryimage"},"thumbnailUrl":"https:\/\/i0.wp.com\/infos-droitshumains.net\/wp-content\/uploads\/2024\/10\/IMG-20241021-WA0065.jpg?fit=1016%2C762&ssl=1","datePublished":"2024-10-21T20:25:12+00:00","dateModified":"2024-10-21T20:25:19+00:00","breadcrumb":{"@id":"https:\/\/infos-droitshumains.net\/?p=11522#breadcrumb"},"inLanguage":"fr-FR","potentialAction":[{"@type":"ReadAction","target":["https:\/\/infos-droitshumains.net\/?p=11522"]}]},{"@type":"ImageObject","inLanguage":"fr-FR","@id":"https:\/\/infos-droitshumains.net\/?p=11522#primaryimage","url":"https:\/\/i0.wp.com\/infos-droitshumains.net\/wp-content\/uploads\/2024\/10\/IMG-20241021-WA0065.jpg?fit=1016%2C762&ssl=1","contentUrl":"https:\/\/i0.wp.com\/infos-droitshumains.net\/wp-content\/uploads\/2024\/10\/IMG-20241021-WA0065.jpg?fit=1016%2C762&ssl=1","width":1016,"height":762},{"@type":"BreadcrumbList","@id":"https:\/\/infos-droitshumains.net\/?p=11522#breadcrumb","itemListElement":[{"@type":"ListItem","position":1,"name":"Accueil","item":"https:\/\/infos-droitshumains.net\/"},{"@type":"ListItem","position":2,"name":"UNPRPD : Le BCNUDH et les parties prenantes impliqu\u00e9es pour cette cause partagent les bonnes pratiques et mod\u00e8les sur la protection des droits des personnes vivant avec handicap"}]},{"@type":"WebSite","@id":"https:\/\/infos-droitshumains.net\/#website","url":"https:\/\/infos-droitshumains.net\/","name":"Infos Droits Humains","description":"S&#039;informer est un droit","publisher":{"@id":"https:\/\/infos-droitshumains.net\/#organization"},"potentialAction":[{"@type":"SearchAction","target":{"@type":"EntryPoint","urlTemplate":"https:\/\/infos-droitshumains.net\/?s={search_term_string}"},"query-input":{"@type":"PropertyValueSpecification","valueRequired":true,"valueName":"search_term_string"}}],"inLanguage":"fr-FR"},{"@type":"Organization","@id":"https:\/\/infos-droitshumains.net\/#organization","name":"Infos Droits Humains","url":"https:\/\/infos-droitshumains.net\/","logo":{"@type":"ImageObject","inLanguage":"fr-FR","@id":"https:\/\/infos-droitshumains.net\/#\/schema\/logo\/image\/","url":"https:\/\/i0.wp.com\/infos-droitshumains.net\/wp-content\/uploads\/2022\/05\/Logo.png?fit=333%2C129&ssl=1","contentUrl":"https:\/\/i0.wp.com\/infos-droitshumains.net\/wp-content\/uploads\/2022\/05\/Logo.png?fit=333%2C129&ssl=1","width":333,"height":129,"caption":"Infos Droits Humains"},"image":{"@id":"https:\/\/infos-droitshumains.net\/#\/schema\/logo\/image\/"}},{"@type":"Person","@id":"https:\/\/infos-droitshumains.net\/#\/schema\/person\/3dc5e921c3302172e0ed4362f96faab7","name":"Jo\u00ebl Diawa","image":{"@type":"ImageObject","inLanguage":"fr-FR","@id":"https:\/\/secure.gravatar.com\/avatar\/729bea6ff4604c624417803c477363be8e3c7186deaa65713313f9b4b820f41c?s=96&d=mm&r=g","url":"https:\/\/secure.gravatar.com\/avatar\/729bea6ff4604c624417803c477363be8e3c7186deaa65713313f9b4b820f41c?s=96&d=mm&r=g","contentUrl":"https:\/\/secure.gravatar.com\/avatar\/729bea6ff4604c624417803c477363be8e3c7186deaa65713313f9b4b820f41c?s=96&d=mm&r=g","caption":"Jo\u00ebl Diawa"},"sameAs":["https:\/\/www.infos-droitshumains.net"],"url":"https:\/\/infos-droitshumains.net\/?author=2"}]}},"featured_image_urls":{"full":["https:\/\/i0.wp.com\/infos-droitshumains.net\/wp-content\/uploads\/2024\/10\/IMG-20241021-WA0065.jpg?fit=1016%2C762&ssl=1",1016,762,false],"thumbnail":["https:\/\/i0.wp.com\/infos-droitshumains.net\/wp-content\/uploads\/2024\/10\/IMG-20241021-WA0065.jpg?resize=150%2C150&ssl=1",150,150,true],"medium":["https:\/\/i0.wp.com\/infos-droitshumains.net\/wp-content\/uploads\/2024\/10\/IMG-20241021-WA0065.jpg?fit=300%2C225&ssl=1",300,225,true],"medium_large":["https:\/\/i0.wp.com\/infos-droitshumains.net\/wp-content\/uploads\/2024\/10\/IMG-20241021-WA0065.jpg?fit=640%2C480&ssl=1",640,480,true],"large":["https:\/\/i0.wp.com\/infos-droitshumains.net\/wp-content\/uploads\/2024\/10\/IMG-20241021-WA0065.jpg?fit=640%2C480&ssl=1",640,480,true],"1536x1536":["https:\/\/i0.wp.com\/infos-droitshumains.net\/wp-content\/uploads\/2024\/10\/IMG-20241021-WA0065.jpg?fit=1016%2C762&ssl=1",1016,762,true],"2048x2048":["https:\/\/i0.wp.com\/infos-droitshumains.net\/wp-content\/uploads\/2024\/10\/IMG-20241021-WA0065.jpg?fit=1016%2C762&ssl=1",1016,762,true],"covernews-slider-full":["https:\/\/i0.wp.com\/infos-droitshumains.net\/wp-content\/uploads\/2024\/10\/IMG-20241021-WA0065.jpg?resize=1016%2C715&ssl=1",1016,715,true],"covernews-slider-center":["https:\/\/i0.wp.com\/infos-droitshumains.net\/wp-content\/uploads\/2024\/10\/IMG-20241021-WA0065.jpg?resize=800%2C500&ssl=1",800,500,true],"covernews-featured":["https:\/\/i0.wp.com\/infos-droitshumains.net\/wp-content\/uploads\/2024\/10\/IMG-20241021-WA0065.jpg?fit=1016%2C762&ssl=1",1016,762,true],"covernews-medium":["https:\/\/i0.wp.com\/infos-droitshumains.net\/wp-content\/uploads\/2024\/10\/IMG-20241021-WA0065.jpg?resize=540%2C340&ssl=1",540,340,true],"covernews-medium-square":["https:\/\/i0.wp.com\/infos-droitshumains.net\/wp-content\/uploads\/2024\/10\/IMG-20241021-WA0065.jpg?resize=400%2C250&ssl=1",400,250,true]},"author_info":{"display_name":"Jo\u00ebl Diawa","author_link":"https:\/\/infos-droitshumains.net\/?author=2"},"category_info":"<a href=\"https:\/\/infos-droitshumains.net\/?cat=7\" rel=\"category\">Droits Humains<\/a>","tag_info":"Droits Humains","comment_count":"0","jetpack_featured_media_url":"https:\/\/i0.wp.com\/infos-droitshumains.net\/wp-content\/uploads\/2024\/10\/IMG-20241021-WA0065.jpg?fit=1016%2C762&ssl=1","jetpack-related-posts":[],"jetpack_sharing_enabled":true,"_links":{"self":[{"href":"https:\/\/infos-droitshumains.net\/index.php?rest_route=\/wp\/v2\/posts\/11522","targetHints":{"allow":["GET"]}}],"collection":[{"href":"https:\/\/infos-droitshumains.net\/index.php?rest_route=\/wp\/v2\/posts"}],"about":[{"href":"https:\/\/infos-droitshumains.net\/index.php?rest_route=\/wp\/v2\/types\/post"}],"author":[{"embeddable":true,"href":"https:\/\/infos-droitshumains.net\/index.php?rest_route=\/wp\/v2\/users\/2"}],"replies":[{"embeddable":true,"href":"https:\/\/infos-droitshumains.net\/index.php?rest_route=%2Fwp%2Fv2%2Fcomments&post=11522"}],"version-history":[{"count":1,"href":"https:\/\/infos-droitshumains.net\/index.php?rest_route=\/wp\/v2\/posts\/11522\/revisions"}],"predecessor-version":[{"id":11528,"href":"https:\/\/infos-droitshumains.net\/index.php?rest_route=\/wp\/v2\/posts\/11522\/revisions\/11528"}],"wp:featuredmedia":[{"embeddable":true,"href":"https:\/\/infos-droitshumains.net\/index.php?rest_route=\/wp\/v2\/media\/11523"}],"wp:attachment":[{"href":"https:\/\/infos-droitshumains.net\/index.php?rest_route=%2Fwp%2Fv2%2Fmedia&parent=11522"}],"wp:term":[{"taxonomy":"category","embeddable":true,"href":"https:\/\/infos-droitshumains.net\/index.php?rest_route=%2Fwp%2Fv2%2Fcategories&post=11522"},{"taxonomy":"post_tag","embeddable":true,"href":"https:\/\/infos-droitshumains.net\/index.php?rest_route=%2Fwp%2Fv2%2Ftags&post=11522"}],"curies":[{"name":"wp","href":"https:\/\/api.w.org\/{rel}","templated":true}]}}