{"id":11514,"date":"2024-10-21T09:49:12","date_gmt":"2024-10-21T07:49:12","guid":{"rendered":"https:\/\/infos-droitshumains.net\/?p=11514"},"modified":"2024-10-21T09:57:31","modified_gmt":"2024-10-21T07:57:31","slug":"rdc-laffaire-du-journaliste-patrick-lokola-fixee-au-tribunal-de-paix-de-la-gombe-tout-savoir-sur-les-faits-mis-a-sa-charge","status":"publish","type":"post","link":"https:\/\/infos-droitshumains.net\/?p=11514","title":{"rendered":"RDC\u00a0: L\u2019affaire du journaliste Patrick Lokola fix\u00e9e au Tribunal de Paix de la Gombe. Tout savoir sur les faits mis \u00e0 sa charge"},"content":{"rendered":"\n<p><strong>R\u00e9daction: +243 817 406 088<\/strong><\/p>\n\n\n\n<h3 class=\"wp-block-heading has-vivid-red-color has-text-color has-link-color wp-elements-da9747bbe58a9fad0fe96821d78754d6\">Interpell\u00e9 depuis lundi 07 octobre, le journaliste ind\u00e9pendant Patrick Lokala est depuis, d\u00e9tenu \u00e0 l\u2019amigo du Parquet pr\u00e8s le Tribunal de Grande Instance de Kinshasa\/Gombe. Le Parquet ayant fini son instruction pr\u00e9juridictionnelle, a r\u00e9uni tous les \u00e9l\u00e9ments n\u00e9cessaires et envoy\u00e9 l\u2019affaire en fixation. A ce stade, l\u2019on en sait un peu plus sur les faits mis \u00e0 sa charge.<\/h3>\n\n\n\n<p>L\u2019affaire est envoy\u00e9e en fixation au Tribunal de Paix de Kinshasa\/Gombe. Si le parquet a \u00e9t\u00e9 au d\u00e9part saisi sur plainte de Christian Lusakueno, dans le cadre de sa mission de recherche des infractions, il s\u2019est en outre saisi d\u2019officie \u00a0sur d\u2019autres faits. Au total, neuf griefs sont mis \u00e0 charge du pr\u00e9venu. Le parquet s\u2019est assis sur certaines affirmations publi\u00e9es par le pr\u00e9venu dans les r\u00e9seaux sociaux dont voici certaines\u00a0:<\/p>\n\n\n\n<p><em>\u00ab&nbsp;La descente aux enfers de top Congo a commenc\u00e9 le jour o\u00f9 Lusakueno et ses dupons avaient diffam\u00e9s &nbsp;tata cardinal. Comment peut-on vendre sa conscience \u00e0 300.000 USD, pour d\u00e9fendre la pr\u00e9dation financi\u00e8re&nbsp;? Chers compatriotes, sachez que Lusakueno s\u2019est alli\u00e9 avec Nocols Kazadi et que Top Congo a \u00e9t\u00e9 corrompu avec l\u2019argent des forages pour salir Alingete Jules&nbsp;\u00bb, \u00ab&nbsp;Confusion ou ignorance de la part de Christian Lusakueno de Top Congo, le journaliste SeyGautier \u00e9claire l\u2019opinion induit en erreur avec un seul but de jouer le jeu de la pr\u00e9dation\u2026&nbsp;\u00bb, \u00ab&nbsp;Affaire forage&nbsp;: Nicolas Kazadi alias Papa tito a mis en jeu 1&nbsp;800&nbsp;000 USD pour sauver son image. Cour des comptes = 700&nbsp;000USD, CSAC&nbsp;= 500&nbsp;000 USD, UNPC= 300&nbsp;000 USD, Top Congo= 300&nbsp;000 USD\u2026&nbsp;\u00bb, \u00ab&nbsp;Le CEPAS une fois de plus cit\u00e9 dans un sale coup contre l\u2019int\u00e9r\u00eat g\u00e9n\u00e9ral du pays. Une messe noire s\u2019est tenue jeudi soir dans ses installations pour pr\u00e9parer le point de presse en faveur de Nicolas Kazadi. Comme annonc\u00e9, la LUCHA qui a d\u00e9j\u00e0 rencontr\u00e9 Nicolas Kazadi en Europe va conjointement animer un point de presse ce vendredi 19 juillet avec les mouvements citoyens et quelques ONG de la soci\u00e9t\u00e9 civile pour d\u00e9fendre l\u2019ex-ministre des finances et s\u2019attaquer \u00e0 l\u2019IGF. Ayant r\u00e9dig\u00e9 le plan d\u2019activit\u00e9, Lusakueno&nbsp; diffusera en boucle les diff\u00e9rentes d\u00e9clarations sur Top Congo\u2026&nbsp;\u00bb<\/em><\/p>\n\n\n\n<p>Ces d\u00e9clarations publi\u00e9es dans les r\u00e9seaux sociaux peuvent \u00eatre constitutives des infractions d\u2019imputation dommageable, faux et usage des faux, du harc\u00e8lement par le biais d\u2019une communication \u00e9lectronique etc\u2026 si et seulement si, l\u2019inculp\u00e9 ne parvient pas \u00e0 prouver la v\u00e9racit\u00e9 des faits imput\u00e9s pendant le proc\u00e8s dont la date n\u2019a pas encore \u00e9t\u00e9 fix\u00e9e.<\/p>\n\n\n\n<p>Il n&rsquo;est donc pas question d&rsquo;un quelconque outrage aux magistrats comme certaines sources l&rsquo;avaient annonc\u00e9. Mais connaissant l\u2019efficacit\u00e9 de Patrick Lokala et ses sources souvent dignes de foi, il va sans nul doute prouver ses affirmations et \u00eatre acquitt\u00e9.<\/p>\n\n\n\n<p>Jo\u00ebl Diawa<\/p>\n","protected":false},"excerpt":{"rendered":"<p>R\u00e9daction: +243 817 406 088 Interpell\u00e9 depuis lundi 07 octobre, le journaliste ind\u00e9pendant Patrick Lokala&#8230;<\/p>\n","protected":false},"author":2,"featured_media":11335,"comment_status":"open","ping_status":"open","sticky":false,"template":"","format":"standard","meta":{"_jetpack_memberships_contains_paid_content":false,"footnotes":""},"categories":[6],"tags":[],"class_list":["post-11514","post","type-post","status-publish","format-standard","has-post-thumbnail","hentry","category-justice"],"yoast_head":"<!-- This site is optimized with the Yoast SEO plugin v27.5 - https:\/\/yoast.com\/product\/yoast-seo-wordpress\/ -->\n<title>RDC\u00a0: L\u2019affaire du journaliste Patrick Lokola fix\u00e9e au Tribunal de Paix de la Gombe. Tout savoir sur les faits mis \u00e0 sa charge - Infos Droits Humains<\/title>\n<meta name=\"robots\" content=\"index, follow, max-snippet:-1, max-image-preview:large, max-video-preview:-1\" \/>\n<link rel=\"canonical\" href=\"https:\/\/infos-droitshumains.net\/?p=11514\" \/>\n<meta property=\"og:locale\" content=\"fr_FR\" \/>\n<meta property=\"og:type\" content=\"article\" \/>\n<meta property=\"og:title\" content=\"RDC\u00a0: L\u2019affaire du journaliste Patrick Lokola fix\u00e9e au Tribunal de Paix de la Gombe. Tout savoir sur les faits mis \u00e0 sa charge - Infos Droits Humains\" \/>\n<meta property=\"og:description\" content=\"R\u00e9daction: +243 817 406 088 Interpell\u00e9 depuis lundi 07 octobre, le journaliste ind\u00e9pendant Patrick Lokala...\" \/>\n<meta property=\"og:url\" content=\"https:\/\/infos-droitshumains.net\/?p=11514\" \/>\n<meta property=\"og:site_name\" content=\"Infos Droits Humains\" \/>\n<meta property=\"article:published_time\" content=\"2024-10-21T07:49:12+00:00\" \/>\n<meta property=\"article:modified_time\" content=\"2024-10-21T07:57:31+00:00\" \/>\n<meta property=\"og:image\" content=\"https:\/\/infos-droitshumains.net\/wp-content\/uploads\/2024\/10\/20241008_82816.jpg\" \/>\n\t<meta property=\"og:image:width\" content=\"813\" \/>\n\t<meta property=\"og:image:height\" content=\"1024\" \/>\n\t<meta property=\"og:image:type\" content=\"image\/jpeg\" \/>\n<meta name=\"author\" content=\"Jo\u00ebl Diawa\" \/>\n<meta name=\"twitter:card\" content=\"summary_large_image\" \/>\n<meta name=\"twitter:label1\" content=\"\u00c9crit par\" \/>\n\t<meta name=\"twitter:data1\" content=\"Jo\u00ebl Diawa\" \/>\n\t<meta name=\"twitter:label2\" content=\"Dur\u00e9e de lecture estim\u00e9e\" \/>\n\t<meta name=\"twitter:data2\" content=\"3 minutes\" \/>\n<script type=\"application\/ld+json\" class=\"yoast-schema-graph\">{\"@context\":\"https:\\\/\\\/schema.org\",\"@graph\":[{\"@type\":\"Article\",\"@id\":\"https:\\\/\\\/infos-droitshumains.net\\\/?p=11514#article\",\"isPartOf\":{\"@id\":\"https:\\\/\\\/infos-droitshumains.net\\\/?p=11514\"},\"author\":{\"name\":\"Jo\u00ebl Diawa\",\"@id\":\"https:\\\/\\\/infos-droitshumains.net\\\/#\\\/schema\\\/person\\\/3dc5e921c3302172e0ed4362f96faab7\"},\"headline\":\"RDC\u00a0: L\u2019affaire du journaliste Patrick Lokola fix\u00e9e au Tribunal de Paix de la Gombe. Tout savoir sur les faits mis \u00e0 sa charge\",\"datePublished\":\"2024-10-21T07:49:12+00:00\",\"dateModified\":\"2024-10-21T07:57:31+00:00\",\"mainEntityOfPage\":{\"@id\":\"https:\\\/\\\/infos-droitshumains.net\\\/?p=11514\"},\"wordCount\":534,\"commentCount\":0,\"publisher\":{\"@id\":\"https:\\\/\\\/infos-droitshumains.net\\\/#organization\"},\"image\":{\"@id\":\"https:\\\/\\\/infos-droitshumains.net\\\/?p=11514#primaryimage\"},\"thumbnailUrl\":\"https:\\\/\\\/i0.wp.com\\\/infos-droitshumains.net\\\/wp-content\\\/uploads\\\/2024\\\/10\\\/20241008_82816.jpg?fit=813%2C1024&ssl=1\",\"articleSection\":[\"Justice\"],\"inLanguage\":\"fr-FR\",\"potentialAction\":[{\"@type\":\"CommentAction\",\"name\":\"Comment\",\"target\":[\"https:\\\/\\\/infos-droitshumains.net\\\/?p=11514#respond\"]}]},{\"@type\":\"WebPage\",\"@id\":\"https:\\\/\\\/infos-droitshumains.net\\\/?p=11514\",\"url\":\"https:\\\/\\\/infos-droitshumains.net\\\/?p=11514\",\"name\":\"RDC\u00a0: L\u2019affaire du journaliste Patrick Lokola fix\u00e9e au Tribunal de Paix de la Gombe. Tout savoir sur les faits mis \u00e0 sa charge - Infos Droits Humains\",\"isPartOf\":{\"@id\":\"https:\\\/\\\/infos-droitshumains.net\\\/#website\"},\"primaryImageOfPage\":{\"@id\":\"https:\\\/\\\/infos-droitshumains.net\\\/?p=11514#primaryimage\"},\"image\":{\"@id\":\"https:\\\/\\\/infos-droitshumains.net\\\/?p=11514#primaryimage\"},\"thumbnailUrl\":\"https:\\\/\\\/i0.wp.com\\\/infos-droitshumains.net\\\/wp-content\\\/uploads\\\/2024\\\/10\\\/20241008_82816.jpg?fit=813%2C1024&ssl=1\",\"datePublished\":\"2024-10-21T07:49:12+00:00\",\"dateModified\":\"2024-10-21T07:57:31+00:00\",\"breadcrumb\":{\"@id\":\"https:\\\/\\\/infos-droitshumains.net\\\/?p=11514#breadcrumb\"},\"inLanguage\":\"fr-FR\",\"potentialAction\":[{\"@type\":\"ReadAction\",\"target\":[\"https:\\\/\\\/infos-droitshumains.net\\\/?p=11514\"]}]},{\"@type\":\"ImageObject\",\"inLanguage\":\"fr-FR\",\"@id\":\"https:\\\/\\\/infos-droitshumains.net\\\/?p=11514#primaryimage\",\"url\":\"https:\\\/\\\/i0.wp.com\\\/infos-droitshumains.net\\\/wp-content\\\/uploads\\\/2024\\\/10\\\/20241008_82816.jpg?fit=813%2C1024&ssl=1\",\"contentUrl\":\"https:\\\/\\\/i0.wp.com\\\/infos-droitshumains.net\\\/wp-content\\\/uploads\\\/2024\\\/10\\\/20241008_82816.jpg?fit=813%2C1024&ssl=1\",\"width\":813,\"height\":1024},{\"@type\":\"BreadcrumbList\",\"@id\":\"https:\\\/\\\/infos-droitshumains.net\\\/?p=11514#breadcrumb\",\"itemListElement\":[{\"@type\":\"ListItem\",\"position\":1,\"name\":\"Accueil\",\"item\":\"https:\\\/\\\/infos-droitshumains.net\\\/\"},{\"@type\":\"ListItem\",\"position\":2,\"name\":\"RDC\u00a0: L\u2019affaire du journaliste Patrick Lokola fix\u00e9e au Tribunal de Paix de la Gombe. Tout savoir sur les faits mis \u00e0 sa charge\"}]},{\"@type\":\"WebSite\",\"@id\":\"https:\\\/\\\/infos-droitshumains.net\\\/#website\",\"url\":\"https:\\\/\\\/infos-droitshumains.net\\\/\",\"name\":\"Infos Droits Humains\",\"description\":\"S&#039;informer est un droit\",\"publisher\":{\"@id\":\"https:\\\/\\\/infos-droitshumains.net\\\/#organization\"},\"potentialAction\":[{\"@type\":\"SearchAction\",\"target\":{\"@type\":\"EntryPoint\",\"urlTemplate\":\"https:\\\/\\\/infos-droitshumains.net\\\/?s={search_term_string}\"},\"query-input\":{\"@type\":\"PropertyValueSpecification\",\"valueRequired\":true,\"valueName\":\"search_term_string\"}}],\"inLanguage\":\"fr-FR\"},{\"@type\":\"Organization\",\"@id\":\"https:\\\/\\\/infos-droitshumains.net\\\/#organization\",\"name\":\"Infos Droits Humains\",\"url\":\"https:\\\/\\\/infos-droitshumains.net\\\/\",\"logo\":{\"@type\":\"ImageObject\",\"inLanguage\":\"fr-FR\",\"@id\":\"https:\\\/\\\/infos-droitshumains.net\\\/#\\\/schema\\\/logo\\\/image\\\/\",\"url\":\"https:\\\/\\\/i0.wp.com\\\/infos-droitshumains.net\\\/wp-content\\\/uploads\\\/2022\\\/05\\\/Logo.png?fit=333%2C129&ssl=1\",\"contentUrl\":\"https:\\\/\\\/i0.wp.com\\\/infos-droitshumains.net\\\/wp-content\\\/uploads\\\/2022\\\/05\\\/Logo.png?fit=333%2C129&ssl=1\",\"width\":333,\"height\":129,\"caption\":\"Infos Droits Humains\"},\"image\":{\"@id\":\"https:\\\/\\\/infos-droitshumains.net\\\/#\\\/schema\\\/logo\\\/image\\\/\"}},{\"@type\":\"Person\",\"@id\":\"https:\\\/\\\/infos-droitshumains.net\\\/#\\\/schema\\\/person\\\/3dc5e921c3302172e0ed4362f96faab7\",\"name\":\"Jo\u00ebl Diawa\",\"image\":{\"@type\":\"ImageObject\",\"inLanguage\":\"fr-FR\",\"@id\":\"https:\\\/\\\/secure.gravatar.com\\\/avatar\\\/729bea6ff4604c624417803c477363be8e3c7186deaa65713313f9b4b820f41c?s=96&d=mm&r=g\",\"url\":\"https:\\\/\\\/secure.gravatar.com\\\/avatar\\\/729bea6ff4604c624417803c477363be8e3c7186deaa65713313f9b4b820f41c?s=96&d=mm&r=g\",\"contentUrl\":\"https:\\\/\\\/secure.gravatar.com\\\/avatar\\\/729bea6ff4604c624417803c477363be8e3c7186deaa65713313f9b4b820f41c?s=96&d=mm&r=g\",\"caption\":\"Jo\u00ebl Diawa\"},\"sameAs\":[\"https:\\\/\\\/www.infos-droitshumains.net\"],\"url\":\"https:\\\/\\\/infos-droitshumains.net\\\/?author=2\"}]}<\/script>\n<!-- \/ Yoast SEO plugin. -->","yoast_head_json":{"title":"RDC\u00a0: L\u2019affaire du journaliste Patrick Lokola fix\u00e9e au Tribunal de Paix de la Gombe. Tout savoir sur les faits mis \u00e0 sa charge - Infos Droits Humains","robots":{"index":"index","follow":"follow","max-snippet":"max-snippet:-1","max-image-preview":"max-image-preview:large","max-video-preview":"max-video-preview:-1"},"canonical":"https:\/\/infos-droitshumains.net\/?p=11514","og_locale":"fr_FR","og_type":"article","og_title":"RDC\u00a0: L\u2019affaire du journaliste Patrick Lokola fix\u00e9e au Tribunal de Paix de la Gombe. Tout savoir sur les faits mis \u00e0 sa charge - Infos Droits Humains","og_description":"R\u00e9daction: +243 817 406 088 Interpell\u00e9 depuis lundi 07 octobre, le journaliste ind\u00e9pendant Patrick Lokala...","og_url":"https:\/\/infos-droitshumains.net\/?p=11514","og_site_name":"Infos Droits Humains","article_published_time":"2024-10-21T07:49:12+00:00","article_modified_time":"2024-10-21T07:57:31+00:00","og_image":[{"width":813,"height":1024,"url":"https:\/\/infos-droitshumains.net\/wp-content\/uploads\/2024\/10\/20241008_82816.jpg","type":"image\/jpeg"}],"author":"Jo\u00ebl Diawa","twitter_card":"summary_large_image","twitter_misc":{"\u00c9crit par":"Jo\u00ebl Diawa","Dur\u00e9e de lecture estim\u00e9e":"3 minutes"},"schema":{"@context":"https:\/\/schema.org","@graph":[{"@type":"Article","@id":"https:\/\/infos-droitshumains.net\/?p=11514#article","isPartOf":{"@id":"https:\/\/infos-droitshumains.net\/?p=11514"},"author":{"name":"Jo\u00ebl Diawa","@id":"https:\/\/infos-droitshumains.net\/#\/schema\/person\/3dc5e921c3302172e0ed4362f96faab7"},"headline":"RDC\u00a0: L\u2019affaire du journaliste Patrick Lokola fix\u00e9e au Tribunal de Paix de la Gombe. Tout savoir sur les faits mis \u00e0 sa charge","datePublished":"2024-10-21T07:49:12+00:00","dateModified":"2024-10-21T07:57:31+00:00","mainEntityOfPage":{"@id":"https:\/\/infos-droitshumains.net\/?p=11514"},"wordCount":534,"commentCount":0,"publisher":{"@id":"https:\/\/infos-droitshumains.net\/#organization"},"image":{"@id":"https:\/\/infos-droitshumains.net\/?p=11514#primaryimage"},"thumbnailUrl":"https:\/\/i0.wp.com\/infos-droitshumains.net\/wp-content\/uploads\/2024\/10\/20241008_82816.jpg?fit=813%2C1024&ssl=1","articleSection":["Justice"],"inLanguage":"fr-FR","potentialAction":[{"@type":"CommentAction","name":"Comment","target":["https:\/\/infos-droitshumains.net\/?p=11514#respond"]}]},{"@type":"WebPage","@id":"https:\/\/infos-droitshumains.net\/?p=11514","url":"https:\/\/infos-droitshumains.net\/?p=11514","name":"RDC\u00a0: L\u2019affaire du journaliste Patrick Lokola fix\u00e9e au Tribunal de Paix de la Gombe. Tout savoir sur les faits mis \u00e0 sa charge - Infos Droits Humains","isPartOf":{"@id":"https:\/\/infos-droitshumains.net\/#website"},"primaryImageOfPage":{"@id":"https:\/\/infos-droitshumains.net\/?p=11514#primaryimage"},"image":{"@id":"https:\/\/infos-droitshumains.net\/?p=11514#primaryimage"},"thumbnailUrl":"https:\/\/i0.wp.com\/infos-droitshumains.net\/wp-content\/uploads\/2024\/10\/20241008_82816.jpg?fit=813%2C1024&ssl=1","datePublished":"2024-10-21T07:49:12+00:00","dateModified":"2024-10-21T07:57:31+00:00","breadcrumb":{"@id":"https:\/\/infos-droitshumains.net\/?p=11514#breadcrumb"},"inLanguage":"fr-FR","potentialAction":[{"@type":"ReadAction","target":["https:\/\/infos-droitshumains.net\/?p=11514"]}]},{"@type":"ImageObject","inLanguage":"fr-FR","@id":"https:\/\/infos-droitshumains.net\/?p=11514#primaryimage","url":"https:\/\/i0.wp.com\/infos-droitshumains.net\/wp-content\/uploads\/2024\/10\/20241008_82816.jpg?fit=813%2C1024&ssl=1","contentUrl":"https:\/\/i0.wp.com\/infos-droitshumains.net\/wp-content\/uploads\/2024\/10\/20241008_82816.jpg?fit=813%2C1024&ssl=1","width":813,"height":1024},{"@type":"BreadcrumbList","@id":"https:\/\/infos-droitshumains.net\/?p=11514#breadcrumb","itemListElement":[{"@type":"ListItem","position":1,"name":"Accueil","item":"https:\/\/infos-droitshumains.net\/"},{"@type":"ListItem","position":2,"name":"RDC\u00a0: L\u2019affaire du journaliste Patrick Lokola fix\u00e9e au Tribunal de Paix de la Gombe. Tout savoir sur les faits mis \u00e0 sa charge"}]},{"@type":"WebSite","@id":"https:\/\/infos-droitshumains.net\/#website","url":"https:\/\/infos-droitshumains.net\/","name":"Infos Droits Humains","description":"S&#039;informer est un droit","publisher":{"@id":"https:\/\/infos-droitshumains.net\/#organization"},"potentialAction":[{"@type":"SearchAction","target":{"@type":"EntryPoint","urlTemplate":"https:\/\/infos-droitshumains.net\/?s={search_term_string}"},"query-input":{"@type":"PropertyValueSpecification","valueRequired":true,"valueName":"search_term_string"}}],"inLanguage":"fr-FR"},{"@type":"Organization","@id":"https:\/\/infos-droitshumains.net\/#organization","name":"Infos Droits Humains","url":"https:\/\/infos-droitshumains.net\/","logo":{"@type":"ImageObject","inLanguage":"fr-FR","@id":"https:\/\/infos-droitshumains.net\/#\/schema\/logo\/image\/","url":"https:\/\/i0.wp.com\/infos-droitshumains.net\/wp-content\/uploads\/2022\/05\/Logo.png?fit=333%2C129&ssl=1","contentUrl":"https:\/\/i0.wp.com\/infos-droitshumains.net\/wp-content\/uploads\/2022\/05\/Logo.png?fit=333%2C129&ssl=1","width":333,"height":129,"caption":"Infos Droits Humains"},"image":{"@id":"https:\/\/infos-droitshumains.net\/#\/schema\/logo\/image\/"}},{"@type":"Person","@id":"https:\/\/infos-droitshumains.net\/#\/schema\/person\/3dc5e921c3302172e0ed4362f96faab7","name":"Jo\u00ebl Diawa","image":{"@type":"ImageObject","inLanguage":"fr-FR","@id":"https:\/\/secure.gravatar.com\/avatar\/729bea6ff4604c624417803c477363be8e3c7186deaa65713313f9b4b820f41c?s=96&d=mm&r=g","url":"https:\/\/secure.gravatar.com\/avatar\/729bea6ff4604c624417803c477363be8e3c7186deaa65713313f9b4b820f41c?s=96&d=mm&r=g","contentUrl":"https:\/\/secure.gravatar.com\/avatar\/729bea6ff4604c624417803c477363be8e3c7186deaa65713313f9b4b820f41c?s=96&d=mm&r=g","caption":"Jo\u00ebl Diawa"},"sameAs":["https:\/\/www.infos-droitshumains.net"],"url":"https:\/\/infos-droitshumains.net\/?author=2"}]}},"featured_image_urls":{"full":["https:\/\/i0.wp.com\/infos-droitshumains.net\/wp-content\/uploads\/2024\/10\/20241008_82816.jpg?fit=813%2C1024&ssl=1",813,1024,false],"thumbnail":["https:\/\/i0.wp.com\/infos-droitshumains.net\/wp-content\/uploads\/2024\/10\/20241008_82816.jpg?resize=150%2C150&ssl=1",150,150,true],"medium":["https:\/\/i0.wp.com\/infos-droitshumains.net\/wp-content\/uploads\/2024\/10\/20241008_82816.jpg?fit=238%2C300&ssl=1",238,300,true],"medium_large":["https:\/\/i0.wp.com\/infos-droitshumains.net\/wp-content\/uploads\/2024\/10\/20241008_82816.jpg?fit=640%2C806&ssl=1",640,806,true],"large":["https:\/\/i0.wp.com\/infos-droitshumains.net\/wp-content\/uploads\/2024\/10\/20241008_82816.jpg?fit=640%2C806&ssl=1",640,806,true],"1536x1536":["https:\/\/i0.wp.com\/infos-droitshumains.net\/wp-content\/uploads\/2024\/10\/20241008_82816.jpg?fit=813%2C1024&ssl=1",813,1024,true],"2048x2048":["https:\/\/i0.wp.com\/infos-droitshumains.net\/wp-content\/uploads\/2024\/10\/20241008_82816.jpg?fit=813%2C1024&ssl=1",813,1024,true],"covernews-slider-full":["https:\/\/i0.wp.com\/infos-droitshumains.net\/wp-content\/uploads\/2024\/10\/20241008_82816.jpg?resize=813%2C715&ssl=1",813,715,true],"covernews-slider-center":["https:\/\/i0.wp.com\/infos-droitshumains.net\/wp-content\/uploads\/2024\/10\/20241008_82816.jpg?resize=800%2C500&ssl=1",800,500,true],"covernews-featured":["https:\/\/i0.wp.com\/infos-droitshumains.net\/wp-content\/uploads\/2024\/10\/20241008_82816.jpg?fit=813%2C1024&ssl=1",813,1024,true],"covernews-medium":["https:\/\/i0.wp.com\/infos-droitshumains.net\/wp-content\/uploads\/2024\/10\/20241008_82816.jpg?resize=540%2C340&ssl=1",540,340,true],"covernews-medium-square":["https:\/\/i0.wp.com\/infos-droitshumains.net\/wp-content\/uploads\/2024\/10\/20241008_82816.jpg?resize=400%2C250&ssl=1",400,250,true]},"author_info":{"display_name":"Jo\u00ebl Diawa","author_link":"https:\/\/infos-droitshumains.net\/?author=2"},"category_info":"<a href=\"https:\/\/infos-droitshumains.net\/?cat=6\" rel=\"category\">Justice<\/a>","tag_info":"Justice","comment_count":"0","jetpack_featured_media_url":"https:\/\/i0.wp.com\/infos-droitshumains.net\/wp-content\/uploads\/2024\/10\/20241008_82816.jpg?fit=813%2C1024&ssl=1","jetpack-related-posts":[],"jetpack_sharing_enabled":true,"_links":{"self":[{"href":"https:\/\/infos-droitshumains.net\/index.php?rest_route=\/wp\/v2\/posts\/11514","targetHints":{"allow":["GET"]}}],"collection":[{"href":"https:\/\/infos-droitshumains.net\/index.php?rest_route=\/wp\/v2\/posts"}],"about":[{"href":"https:\/\/infos-droitshumains.net\/index.php?rest_route=\/wp\/v2\/types\/post"}],"author":[{"embeddable":true,"href":"https:\/\/infos-droitshumains.net\/index.php?rest_route=\/wp\/v2\/users\/2"}],"replies":[{"embeddable":true,"href":"https:\/\/infos-droitshumains.net\/index.php?rest_route=%2Fwp%2Fv2%2Fcomments&post=11514"}],"version-history":[{"count":5,"href":"https:\/\/infos-droitshumains.net\/index.php?rest_route=\/wp\/v2\/posts\/11514\/revisions"}],"predecessor-version":[{"id":11520,"href":"https:\/\/infos-droitshumains.net\/index.php?rest_route=\/wp\/v2\/posts\/11514\/revisions\/11520"}],"wp:featuredmedia":[{"embeddable":true,"href":"https:\/\/infos-droitshumains.net\/index.php?rest_route=\/wp\/v2\/media\/11335"}],"wp:attachment":[{"href":"https:\/\/infos-droitshumains.net\/index.php?rest_route=%2Fwp%2Fv2%2Fmedia&parent=11514"}],"wp:term":[{"taxonomy":"category","embeddable":true,"href":"https:\/\/infos-droitshumains.net\/index.php?rest_route=%2Fwp%2Fv2%2Fcategories&post=11514"},{"taxonomy":"post_tag","embeddable":true,"href":"https:\/\/infos-droitshumains.net\/index.php?rest_route=%2Fwp%2Fv2%2Ftags&post=11514"}],"curies":[{"name":"wp","href":"https:\/\/api.w.org\/{rel}","templated":true}]}}