{"id":11393,"date":"2024-10-14T21:41:04","date_gmt":"2024-10-14T19:41:04","guid":{"rendered":"https:\/\/infos-droitshumains.net\/?p=11393"},"modified":"2024-10-14T22:40:32","modified_gmt":"2024-10-14T20:40:32","slug":"uncc-ils-ont-mon-accompagnement-et-mon-soutien-total-tout-au-long-de-leur-mandat-le-rapporteur-de-lassemblee-provinciale-de-kinshasa-rassure-le-nouveau-comite-executif","status":"publish","type":"post","link":"https:\/\/infos-droitshumains.net\/?p=11393","title":{"rendered":"UNCC\u00a0: Ils ont mon accompagnement et mon soutien total tout au long de leur mandat. Le Rapporteur de l\u2019Assembl\u00e9e Provinciale de Kinshasa rassure le nouveau comit\u00e9 ex\u00e9cutif"},"content":{"rendered":"\n<p><strong>R\u00e9daction: +243 817 406 088<\/strong><\/p>\n\n\n\n<h3 class=\"wp-block-heading has-vivid-red-color has-text-color has-link-color wp-elements-56f94bc026b0349546db8148b0fb65ba\">L\u2019Union Nationale des cameramen du Congo, UNCC a proc\u00e9d\u00e9 ce dimanche 14 octobre, \u00e0 la remise et reprise entre le comit\u00e9 des sages qui a g\u00e9r\u00e9 la p\u00e9riode transitoire et le comit\u00e9 ex\u00e9cutif issu des \u00e9lections du 29 septembre dernier.<\/h3>\n\n\n\n<figure class=\"wp-block-image alignfull size-full\"><img data-recalc-dims=\"1\" fetchpriority=\"high\" decoding=\"async\" width=\"640\" height=\"360\" src=\"https:\/\/i0.wp.com\/infos-droitshumains.net\/wp-content\/uploads\/2024\/10\/IMG-20241014-WA0048.jpg?resize=640%2C360&#038;ssl=1\" alt=\"\" class=\"wp-image-11396\" srcset=\"https:\/\/i0.wp.com\/infos-droitshumains.net\/wp-content\/uploads\/2024\/10\/IMG-20241014-WA0048.jpg?w=1024&amp;ssl=1 1024w, https:\/\/i0.wp.com\/infos-droitshumains.net\/wp-content\/uploads\/2024\/10\/IMG-20241014-WA0048.jpg?resize=300%2C169&amp;ssl=1 300w, https:\/\/i0.wp.com\/infos-droitshumains.net\/wp-content\/uploads\/2024\/10\/IMG-20241014-WA0048.jpg?resize=768%2C432&amp;ssl=1 768w\" sizes=\"(max-width: 640px) 100vw, 640px\" \/><\/figure>\n\n\n\n<figure class=\"wp-block-image alignfull size-large\"><img data-recalc-dims=\"1\" decoding=\"async\" width=\"640\" height=\"426\" src=\"https:\/\/i0.wp.com\/infos-droitshumains.net\/wp-content\/uploads\/2024\/10\/IMG-20241014-WA0046-1.jpg?resize=640%2C426&#038;ssl=1\" alt=\"\" class=\"wp-image-11397\" srcset=\"https:\/\/i0.wp.com\/infos-droitshumains.net\/wp-content\/uploads\/2024\/10\/IMG-20241014-WA0046-1.jpg?resize=1024%2C682&amp;ssl=1 1024w, https:\/\/i0.wp.com\/infos-droitshumains.net\/wp-content\/uploads\/2024\/10\/IMG-20241014-WA0046-1.jpg?resize=300%2C200&amp;ssl=1 300w, https:\/\/i0.wp.com\/infos-droitshumains.net\/wp-content\/uploads\/2024\/10\/IMG-20241014-WA0046-1.jpg?resize=768%2C511&amp;ssl=1 768w, https:\/\/i0.wp.com\/infos-droitshumains.net\/wp-content\/uploads\/2024\/10\/IMG-20241014-WA0046-1.jpg?w=1080&amp;ssl=1 1080w\" sizes=\"(max-width: 640px) 100vw, 640px\" \/><\/figure>\n\n\n\n<p>Une c\u00e9r\u00e9monie qui a connu la participation de plusieurs personnalit\u00e9s du pays au nombre desquelles, le d\u00e9put\u00e9 Andr\u00e9 NKongolo Wa Nkongolo. Le rapporteur de l\u2019Assembl\u00e9e Provinciale de Kinshasa a tenu personnellement \u00e0 prendre part \u00e0 cette c\u00e9r\u00e9monie pour montrer la place qu\u2019il accorde \u00e0 l\u2019op\u00e9rateur de prise de vue. Il a \u00e0 cet effet, \u00e0 la conscience professionnelle pour valoriser leur m\u00e9tier&nbsp;:<\/p>\n\n\n\n<p><em>\u00ab&nbsp;Le souci est que cette structure ait de l\u2019avant. Si les cameramen ne valorisent pas leur m\u00e9tier, personne d\u2019autre ne le fera \u00e0 leur place. Ils doivent travailler mains dans la main afin que cette structure soit connue de tous et puisse prendre de l\u2019ampleur. Ils sont certes des acteurs principaux dans le domaine de l\u2019audiovisuel. Sans eux\u2026 Ils doivent accompagner leur pr\u00e9sident car, un pr\u00e9sident \u00e0 lui seul ne peut rien faire, mais avec l\u2019appui de tous, il peut faire quelque chose&nbsp;\u00bb<\/em>, a rappel\u00e9 le Rapporteur de l\u2019Assembl\u00e9e Provinciale de Kinshasa.<\/p>\n\n\n\n<figure class=\"wp-block-image alignfull size-full\"><img data-recalc-dims=\"1\" decoding=\"async\" width=\"640\" height=\"707\" src=\"https:\/\/i0.wp.com\/infos-droitshumains.net\/wp-content\/uploads\/2024\/10\/IMG-20241014-WA0074-1.jpg?resize=640%2C707&#038;ssl=1\" alt=\"\" class=\"wp-image-11395\" srcset=\"https:\/\/i0.wp.com\/infos-droitshumains.net\/wp-content\/uploads\/2024\/10\/IMG-20241014-WA0074-1.jpg?w=911&amp;ssl=1 911w, https:\/\/i0.wp.com\/infos-droitshumains.net\/wp-content\/uploads\/2024\/10\/IMG-20241014-WA0074-1.jpg?resize=272%2C300&amp;ssl=1 272w, https:\/\/i0.wp.com\/infos-droitshumains.net\/wp-content\/uploads\/2024\/10\/IMG-20241014-WA0074-1.jpg?resize=768%2C848&amp;ssl=1 768w\" sizes=\"(max-width: 640px) 100vw, 640px\" \/><\/figure>\n\n\n\n<p>Andr\u00e9 Nkongolo a en outre, promis son accompagne au comit\u00e9 ex\u00e9cutif qui a \u00e9t\u00e9 install\u00e9 en ce jour&nbsp;:<\/p>\n\n\n\n<p><em>\u00ab&nbsp;En ce qui me concerne, je tiens \u00e0 f\u00e9liciter toute l\u2019\u00e9quipe nouvellement \u00e9lue pour prendre la commande&nbsp; de cette structure, elle a &nbsp;mon accompagnement et mon soutien total tout au long de son mandat&nbsp;\u00bb<\/em>, a-t-il assur\u00e9 \u00e0 la grande satisfaction de l\u2019auditoire.<\/p>\n\n\n\n<figure class=\"wp-block-image alignfull size-large\"><img data-recalc-dims=\"1\" loading=\"lazy\" decoding=\"async\" width=\"640\" height=\"381\" src=\"https:\/\/i0.wp.com\/infos-droitshumains.net\/wp-content\/uploads\/2024\/10\/IMG-20241014-WA0073.jpg?resize=640%2C381&#038;ssl=1\" alt=\"\" class=\"wp-image-11398\" srcset=\"https:\/\/i0.wp.com\/infos-droitshumains.net\/wp-content\/uploads\/2024\/10\/IMG-20241014-WA0073.jpg?resize=1024%2C610&amp;ssl=1 1024w, https:\/\/i0.wp.com\/infos-droitshumains.net\/wp-content\/uploads\/2024\/10\/IMG-20241014-WA0073.jpg?resize=300%2C179&amp;ssl=1 300w, https:\/\/i0.wp.com\/infos-droitshumains.net\/wp-content\/uploads\/2024\/10\/IMG-20241014-WA0073.jpg?resize=768%2C457&amp;ssl=1 768w, https:\/\/i0.wp.com\/infos-droitshumains.net\/wp-content\/uploads\/2024\/10\/IMG-20241014-WA0073.jpg?w=1080&amp;ssl=1 1080w\" sizes=\"(max-width: 640px) 100vw, 640px\" \/><\/figure>\n\n\n\n<p>Le nouveau comit\u00e9 ex\u00e9cutif de l\u2019Union Nationale des Camermen du Congo sera dirig\u00e9 pour les cinq prochaines ann\u00e9es par Merlin Kamalandua qui sera second\u00e9 entre autre par C\u00e9dric Embangu, Delta Ndonda, alpha Olenga, Cea Mbavu ou encore David Bwandona.<\/p>\n\n\n\n<p>Jo\u00ebl Diawa<\/p>\n","protected":false},"excerpt":{"rendered":"<p>R\u00e9daction: +243 817 406 088 L\u2019Union Nationale des cameramen du Congo, UNCC a proc\u00e9d\u00e9 ce&#8230;<\/p>\n","protected":false},"author":2,"featured_media":11405,"comment_status":"open","ping_status":"open","sticky":false,"template":"","format":"standard","meta":{"_jetpack_memberships_contains_paid_content":false,"footnotes":""},"categories":[8],"tags":[],"class_list":["post-11393","post","type-post","status-publish","format-standard","has-post-thumbnail","hentry","category-societe"],"yoast_head":"<!-- This site is optimized with the Yoast SEO plugin v27.5 - https:\/\/yoast.com\/product\/yoast-seo-wordpress\/ -->\n<title>UNCC\u00a0: Ils ont mon accompagnement et mon soutien total tout au long de leur mandat. Le Rapporteur de l\u2019Assembl\u00e9e Provinciale de Kinshasa rassure le nouveau comit\u00e9 ex\u00e9cutif - Infos Droits Humains<\/title>\n<meta name=\"robots\" content=\"index, follow, max-snippet:-1, max-image-preview:large, max-video-preview:-1\" \/>\n<link rel=\"canonical\" href=\"https:\/\/infos-droitshumains.net\/?p=11393\" \/>\n<meta property=\"og:locale\" content=\"fr_FR\" \/>\n<meta property=\"og:type\" content=\"article\" \/>\n<meta property=\"og:title\" content=\"UNCC\u00a0: Ils ont mon accompagnement et mon soutien total tout au long de leur mandat. Le Rapporteur de l\u2019Assembl\u00e9e Provinciale de Kinshasa rassure le nouveau comit\u00e9 ex\u00e9cutif - Infos Droits Humains\" \/>\n<meta property=\"og:description\" content=\"R\u00e9daction: +243 817 406 088 L\u2019Union Nationale des cameramen du Congo, UNCC a proc\u00e9d\u00e9 ce...\" \/>\n<meta property=\"og:url\" content=\"https:\/\/infos-droitshumains.net\/?p=11393\" \/>\n<meta property=\"og:site_name\" content=\"Infos Droits Humains\" \/>\n<meta property=\"article:published_time\" content=\"2024-10-14T19:41:04+00:00\" \/>\n<meta property=\"article:modified_time\" content=\"2024-10-14T20:40:32+00:00\" \/>\n<meta property=\"og:image\" content=\"https:\/\/infos-droitshumains.net\/wp-content\/uploads\/2024\/10\/IMG_1259.jpg\" \/>\n\t<meta property=\"og:image:width\" content=\"781\" \/>\n\t<meta property=\"og:image:height\" content=\"535\" \/>\n\t<meta property=\"og:image:type\" content=\"image\/jpeg\" \/>\n<meta name=\"author\" content=\"Jo\u00ebl Diawa\" \/>\n<meta name=\"twitter:card\" content=\"summary_large_image\" \/>\n<meta name=\"twitter:label1\" content=\"\u00c9crit par\" \/>\n\t<meta name=\"twitter:data1\" content=\"Jo\u00ebl Diawa\" \/>\n\t<meta name=\"twitter:label2\" content=\"Dur\u00e9e de lecture estim\u00e9e\" \/>\n\t<meta name=\"twitter:data2\" content=\"3 minutes\" \/>\n<script type=\"application\/ld+json\" class=\"yoast-schema-graph\">{\"@context\":\"https:\\\/\\\/schema.org\",\"@graph\":[{\"@type\":\"Article\",\"@id\":\"https:\\\/\\\/infos-droitshumains.net\\\/?p=11393#article\",\"isPartOf\":{\"@id\":\"https:\\\/\\\/infos-droitshumains.net\\\/?p=11393\"},\"author\":{\"name\":\"Jo\u00ebl Diawa\",\"@id\":\"https:\\\/\\\/infos-droitshumains.net\\\/#\\\/schema\\\/person\\\/3dc5e921c3302172e0ed4362f96faab7\"},\"headline\":\"UNCC\u00a0: Ils ont mon accompagnement et mon soutien total tout au long de leur mandat. Le Rapporteur de l\u2019Assembl\u00e9e Provinciale de Kinshasa rassure le nouveau comit\u00e9 ex\u00e9cutif\",\"datePublished\":\"2024-10-14T19:41:04+00:00\",\"dateModified\":\"2024-10-14T20:40:32+00:00\",\"mainEntityOfPage\":{\"@id\":\"https:\\\/\\\/infos-droitshumains.net\\\/?p=11393\"},\"wordCount\":359,\"commentCount\":0,\"publisher\":{\"@id\":\"https:\\\/\\\/infos-droitshumains.net\\\/#organization\"},\"image\":{\"@id\":\"https:\\\/\\\/infos-droitshumains.net\\\/?p=11393#primaryimage\"},\"thumbnailUrl\":\"https:\\\/\\\/i0.wp.com\\\/infos-droitshumains.net\\\/wp-content\\\/uploads\\\/2024\\\/10\\\/IMG_1259.jpg?fit=781%2C535&ssl=1\",\"articleSection\":[\"Soci\u00e9t\u00e9\"],\"inLanguage\":\"fr-FR\",\"potentialAction\":[{\"@type\":\"CommentAction\",\"name\":\"Comment\",\"target\":[\"https:\\\/\\\/infos-droitshumains.net\\\/?p=11393#respond\"]}]},{\"@type\":\"WebPage\",\"@id\":\"https:\\\/\\\/infos-droitshumains.net\\\/?p=11393\",\"url\":\"https:\\\/\\\/infos-droitshumains.net\\\/?p=11393\",\"name\":\"UNCC\u00a0: Ils ont mon accompagnement et mon soutien total tout au long de leur mandat. Le Rapporteur de l\u2019Assembl\u00e9e Provinciale de Kinshasa rassure le nouveau comit\u00e9 ex\u00e9cutif - Infos Droits Humains\",\"isPartOf\":{\"@id\":\"https:\\\/\\\/infos-droitshumains.net\\\/#website\"},\"primaryImageOfPage\":{\"@id\":\"https:\\\/\\\/infos-droitshumains.net\\\/?p=11393#primaryimage\"},\"image\":{\"@id\":\"https:\\\/\\\/infos-droitshumains.net\\\/?p=11393#primaryimage\"},\"thumbnailUrl\":\"https:\\\/\\\/i0.wp.com\\\/infos-droitshumains.net\\\/wp-content\\\/uploads\\\/2024\\\/10\\\/IMG_1259.jpg?fit=781%2C535&ssl=1\",\"datePublished\":\"2024-10-14T19:41:04+00:00\",\"dateModified\":\"2024-10-14T20:40:32+00:00\",\"breadcrumb\":{\"@id\":\"https:\\\/\\\/infos-droitshumains.net\\\/?p=11393#breadcrumb\"},\"inLanguage\":\"fr-FR\",\"potentialAction\":[{\"@type\":\"ReadAction\",\"target\":[\"https:\\\/\\\/infos-droitshumains.net\\\/?p=11393\"]}]},{\"@type\":\"ImageObject\",\"inLanguage\":\"fr-FR\",\"@id\":\"https:\\\/\\\/infos-droitshumains.net\\\/?p=11393#primaryimage\",\"url\":\"https:\\\/\\\/i0.wp.com\\\/infos-droitshumains.net\\\/wp-content\\\/uploads\\\/2024\\\/10\\\/IMG_1259.jpg?fit=781%2C535&ssl=1\",\"contentUrl\":\"https:\\\/\\\/i0.wp.com\\\/infos-droitshumains.net\\\/wp-content\\\/uploads\\\/2024\\\/10\\\/IMG_1259.jpg?fit=781%2C535&ssl=1\",\"width\":781,\"height\":535},{\"@type\":\"BreadcrumbList\",\"@id\":\"https:\\\/\\\/infos-droitshumains.net\\\/?p=11393#breadcrumb\",\"itemListElement\":[{\"@type\":\"ListItem\",\"position\":1,\"name\":\"Accueil\",\"item\":\"https:\\\/\\\/infos-droitshumains.net\\\/\"},{\"@type\":\"ListItem\",\"position\":2,\"name\":\"UNCC\u00a0: Ils ont mon accompagnement et mon soutien total tout au long de leur mandat. Le Rapporteur de l\u2019Assembl\u00e9e Provinciale de Kinshasa rassure le nouveau comit\u00e9 ex\u00e9cutif\"}]},{\"@type\":\"WebSite\",\"@id\":\"https:\\\/\\\/infos-droitshumains.net\\\/#website\",\"url\":\"https:\\\/\\\/infos-droitshumains.net\\\/\",\"name\":\"Infos Droits Humains\",\"description\":\"S&#039;informer est un droit\",\"publisher\":{\"@id\":\"https:\\\/\\\/infos-droitshumains.net\\\/#organization\"},\"potentialAction\":[{\"@type\":\"SearchAction\",\"target\":{\"@type\":\"EntryPoint\",\"urlTemplate\":\"https:\\\/\\\/infos-droitshumains.net\\\/?s={search_term_string}\"},\"query-input\":{\"@type\":\"PropertyValueSpecification\",\"valueRequired\":true,\"valueName\":\"search_term_string\"}}],\"inLanguage\":\"fr-FR\"},{\"@type\":\"Organization\",\"@id\":\"https:\\\/\\\/infos-droitshumains.net\\\/#organization\",\"name\":\"Infos Droits Humains\",\"url\":\"https:\\\/\\\/infos-droitshumains.net\\\/\",\"logo\":{\"@type\":\"ImageObject\",\"inLanguage\":\"fr-FR\",\"@id\":\"https:\\\/\\\/infos-droitshumains.net\\\/#\\\/schema\\\/logo\\\/image\\\/\",\"url\":\"https:\\\/\\\/i0.wp.com\\\/infos-droitshumains.net\\\/wp-content\\\/uploads\\\/2022\\\/05\\\/Logo.png?fit=333%2C129&ssl=1\",\"contentUrl\":\"https:\\\/\\\/i0.wp.com\\\/infos-droitshumains.net\\\/wp-content\\\/uploads\\\/2022\\\/05\\\/Logo.png?fit=333%2C129&ssl=1\",\"width\":333,\"height\":129,\"caption\":\"Infos Droits Humains\"},\"image\":{\"@id\":\"https:\\\/\\\/infos-droitshumains.net\\\/#\\\/schema\\\/logo\\\/image\\\/\"}},{\"@type\":\"Person\",\"@id\":\"https:\\\/\\\/infos-droitshumains.net\\\/#\\\/schema\\\/person\\\/3dc5e921c3302172e0ed4362f96faab7\",\"name\":\"Jo\u00ebl Diawa\",\"image\":{\"@type\":\"ImageObject\",\"inLanguage\":\"fr-FR\",\"@id\":\"https:\\\/\\\/secure.gravatar.com\\\/avatar\\\/729bea6ff4604c624417803c477363be8e3c7186deaa65713313f9b4b820f41c?s=96&d=mm&r=g\",\"url\":\"https:\\\/\\\/secure.gravatar.com\\\/avatar\\\/729bea6ff4604c624417803c477363be8e3c7186deaa65713313f9b4b820f41c?s=96&d=mm&r=g\",\"contentUrl\":\"https:\\\/\\\/secure.gravatar.com\\\/avatar\\\/729bea6ff4604c624417803c477363be8e3c7186deaa65713313f9b4b820f41c?s=96&d=mm&r=g\",\"caption\":\"Jo\u00ebl Diawa\"},\"sameAs\":[\"https:\\\/\\\/www.infos-droitshumains.net\"],\"url\":\"https:\\\/\\\/infos-droitshumains.net\\\/?author=2\"}]}<\/script>\n<!-- \/ Yoast SEO plugin. -->","yoast_head_json":{"title":"UNCC\u00a0: Ils ont mon accompagnement et mon soutien total tout au long de leur mandat. Le Rapporteur de l\u2019Assembl\u00e9e Provinciale de Kinshasa rassure le nouveau comit\u00e9 ex\u00e9cutif - Infos Droits Humains","robots":{"index":"index","follow":"follow","max-snippet":"max-snippet:-1","max-image-preview":"max-image-preview:large","max-video-preview":"max-video-preview:-1"},"canonical":"https:\/\/infos-droitshumains.net\/?p=11393","og_locale":"fr_FR","og_type":"article","og_title":"UNCC\u00a0: Ils ont mon accompagnement et mon soutien total tout au long de leur mandat. Le Rapporteur de l\u2019Assembl\u00e9e Provinciale de Kinshasa rassure le nouveau comit\u00e9 ex\u00e9cutif - Infos Droits Humains","og_description":"R\u00e9daction: +243 817 406 088 L\u2019Union Nationale des cameramen du Congo, UNCC a proc\u00e9d\u00e9 ce...","og_url":"https:\/\/infos-droitshumains.net\/?p=11393","og_site_name":"Infos Droits Humains","article_published_time":"2024-10-14T19:41:04+00:00","article_modified_time":"2024-10-14T20:40:32+00:00","og_image":[{"width":781,"height":535,"url":"https:\/\/infos-droitshumains.net\/wp-content\/uploads\/2024\/10\/IMG_1259.jpg","type":"image\/jpeg"}],"author":"Jo\u00ebl Diawa","twitter_card":"summary_large_image","twitter_misc":{"\u00c9crit par":"Jo\u00ebl Diawa","Dur\u00e9e de lecture estim\u00e9e":"3 minutes"},"schema":{"@context":"https:\/\/schema.org","@graph":[{"@type":"Article","@id":"https:\/\/infos-droitshumains.net\/?p=11393#article","isPartOf":{"@id":"https:\/\/infos-droitshumains.net\/?p=11393"},"author":{"name":"Jo\u00ebl Diawa","@id":"https:\/\/infos-droitshumains.net\/#\/schema\/person\/3dc5e921c3302172e0ed4362f96faab7"},"headline":"UNCC\u00a0: Ils ont mon accompagnement et mon soutien total tout au long de leur mandat. Le Rapporteur de l\u2019Assembl\u00e9e Provinciale de Kinshasa rassure le nouveau comit\u00e9 ex\u00e9cutif","datePublished":"2024-10-14T19:41:04+00:00","dateModified":"2024-10-14T20:40:32+00:00","mainEntityOfPage":{"@id":"https:\/\/infos-droitshumains.net\/?p=11393"},"wordCount":359,"commentCount":0,"publisher":{"@id":"https:\/\/infos-droitshumains.net\/#organization"},"image":{"@id":"https:\/\/infos-droitshumains.net\/?p=11393#primaryimage"},"thumbnailUrl":"https:\/\/i0.wp.com\/infos-droitshumains.net\/wp-content\/uploads\/2024\/10\/IMG_1259.jpg?fit=781%2C535&ssl=1","articleSection":["Soci\u00e9t\u00e9"],"inLanguage":"fr-FR","potentialAction":[{"@type":"CommentAction","name":"Comment","target":["https:\/\/infos-droitshumains.net\/?p=11393#respond"]}]},{"@type":"WebPage","@id":"https:\/\/infos-droitshumains.net\/?p=11393","url":"https:\/\/infos-droitshumains.net\/?p=11393","name":"UNCC\u00a0: Ils ont mon accompagnement et mon soutien total tout au long de leur mandat. Le Rapporteur de l\u2019Assembl\u00e9e Provinciale de Kinshasa rassure le nouveau comit\u00e9 ex\u00e9cutif - Infos Droits Humains","isPartOf":{"@id":"https:\/\/infos-droitshumains.net\/#website"},"primaryImageOfPage":{"@id":"https:\/\/infos-droitshumains.net\/?p=11393#primaryimage"},"image":{"@id":"https:\/\/infos-droitshumains.net\/?p=11393#primaryimage"},"thumbnailUrl":"https:\/\/i0.wp.com\/infos-droitshumains.net\/wp-content\/uploads\/2024\/10\/IMG_1259.jpg?fit=781%2C535&ssl=1","datePublished":"2024-10-14T19:41:04+00:00","dateModified":"2024-10-14T20:40:32+00:00","breadcrumb":{"@id":"https:\/\/infos-droitshumains.net\/?p=11393#breadcrumb"},"inLanguage":"fr-FR","potentialAction":[{"@type":"ReadAction","target":["https:\/\/infos-droitshumains.net\/?p=11393"]}]},{"@type":"ImageObject","inLanguage":"fr-FR","@id":"https:\/\/infos-droitshumains.net\/?p=11393#primaryimage","url":"https:\/\/i0.wp.com\/infos-droitshumains.net\/wp-content\/uploads\/2024\/10\/IMG_1259.jpg?fit=781%2C535&ssl=1","contentUrl":"https:\/\/i0.wp.com\/infos-droitshumains.net\/wp-content\/uploads\/2024\/10\/IMG_1259.jpg?fit=781%2C535&ssl=1","width":781,"height":535},{"@type":"BreadcrumbList","@id":"https:\/\/infos-droitshumains.net\/?p=11393#breadcrumb","itemListElement":[{"@type":"ListItem","position":1,"name":"Accueil","item":"https:\/\/infos-droitshumains.net\/"},{"@type":"ListItem","position":2,"name":"UNCC\u00a0: Ils ont mon accompagnement et mon soutien total tout au long de leur mandat. Le Rapporteur de l\u2019Assembl\u00e9e Provinciale de Kinshasa rassure le nouveau comit\u00e9 ex\u00e9cutif"}]},{"@type":"WebSite","@id":"https:\/\/infos-droitshumains.net\/#website","url":"https:\/\/infos-droitshumains.net\/","name":"Infos Droits Humains","description":"S&#039;informer est un droit","publisher":{"@id":"https:\/\/infos-droitshumains.net\/#organization"},"potentialAction":[{"@type":"SearchAction","target":{"@type":"EntryPoint","urlTemplate":"https:\/\/infos-droitshumains.net\/?s={search_term_string}"},"query-input":{"@type":"PropertyValueSpecification","valueRequired":true,"valueName":"search_term_string"}}],"inLanguage":"fr-FR"},{"@type":"Organization","@id":"https:\/\/infos-droitshumains.net\/#organization","name":"Infos Droits Humains","url":"https:\/\/infos-droitshumains.net\/","logo":{"@type":"ImageObject","inLanguage":"fr-FR","@id":"https:\/\/infos-droitshumains.net\/#\/schema\/logo\/image\/","url":"https:\/\/i0.wp.com\/infos-droitshumains.net\/wp-content\/uploads\/2022\/05\/Logo.png?fit=333%2C129&ssl=1","contentUrl":"https:\/\/i0.wp.com\/infos-droitshumains.net\/wp-content\/uploads\/2022\/05\/Logo.png?fit=333%2C129&ssl=1","width":333,"height":129,"caption":"Infos Droits Humains"},"image":{"@id":"https:\/\/infos-droitshumains.net\/#\/schema\/logo\/image\/"}},{"@type":"Person","@id":"https:\/\/infos-droitshumains.net\/#\/schema\/person\/3dc5e921c3302172e0ed4362f96faab7","name":"Jo\u00ebl Diawa","image":{"@type":"ImageObject","inLanguage":"fr-FR","@id":"https:\/\/secure.gravatar.com\/avatar\/729bea6ff4604c624417803c477363be8e3c7186deaa65713313f9b4b820f41c?s=96&d=mm&r=g","url":"https:\/\/secure.gravatar.com\/avatar\/729bea6ff4604c624417803c477363be8e3c7186deaa65713313f9b4b820f41c?s=96&d=mm&r=g","contentUrl":"https:\/\/secure.gravatar.com\/avatar\/729bea6ff4604c624417803c477363be8e3c7186deaa65713313f9b4b820f41c?s=96&d=mm&r=g","caption":"Jo\u00ebl Diawa"},"sameAs":["https:\/\/www.infos-droitshumains.net"],"url":"https:\/\/infos-droitshumains.net\/?author=2"}]}},"featured_image_urls":{"full":["https:\/\/i0.wp.com\/infos-droitshumains.net\/wp-content\/uploads\/2024\/10\/IMG_1259.jpg?fit=781%2C535&ssl=1",781,535,false],"thumbnail":["https:\/\/i0.wp.com\/infos-droitshumains.net\/wp-content\/uploads\/2024\/10\/IMG_1259.jpg?resize=150%2C150&ssl=1",150,150,true],"medium":["https:\/\/i0.wp.com\/infos-droitshumains.net\/wp-content\/uploads\/2024\/10\/IMG_1259.jpg?fit=300%2C206&ssl=1",300,206,true],"medium_large":["https:\/\/i0.wp.com\/infos-droitshumains.net\/wp-content\/uploads\/2024\/10\/IMG_1259.jpg?fit=640%2C438&ssl=1",640,438,true],"large":["https:\/\/i0.wp.com\/infos-droitshumains.net\/wp-content\/uploads\/2024\/10\/IMG_1259.jpg?fit=640%2C438&ssl=1",640,438,true],"1536x1536":["https:\/\/i0.wp.com\/infos-droitshumains.net\/wp-content\/uploads\/2024\/10\/IMG_1259.jpg?fit=781%2C535&ssl=1",781,535,true],"2048x2048":["https:\/\/i0.wp.com\/infos-droitshumains.net\/wp-content\/uploads\/2024\/10\/IMG_1259.jpg?fit=781%2C535&ssl=1",781,535,true],"covernews-slider-full":["https:\/\/i0.wp.com\/infos-droitshumains.net\/wp-content\/uploads\/2024\/10\/IMG_1259.jpg?resize=781%2C535&ssl=1",781,535,true],"covernews-slider-center":["https:\/\/i0.wp.com\/infos-droitshumains.net\/wp-content\/uploads\/2024\/10\/IMG_1259.jpg?resize=781%2C500&ssl=1",781,500,true],"covernews-featured":["https:\/\/i0.wp.com\/infos-droitshumains.net\/wp-content\/uploads\/2024\/10\/IMG_1259.jpg?fit=781%2C535&ssl=1",781,535,true],"covernews-medium":["https:\/\/i0.wp.com\/infos-droitshumains.net\/wp-content\/uploads\/2024\/10\/IMG_1259.jpg?resize=540%2C340&ssl=1",540,340,true],"covernews-medium-square":["https:\/\/i0.wp.com\/infos-droitshumains.net\/wp-content\/uploads\/2024\/10\/IMG_1259.jpg?resize=400%2C250&ssl=1",400,250,true]},"author_info":{"display_name":"Jo\u00ebl Diawa","author_link":"https:\/\/infos-droitshumains.net\/?author=2"},"category_info":"<a href=\"https:\/\/infos-droitshumains.net\/?cat=8\" rel=\"category\">Soci\u00e9t\u00e9<\/a>","tag_info":"Soci\u00e9t\u00e9","comment_count":"0","jetpack_featured_media_url":"https:\/\/i0.wp.com\/infos-droitshumains.net\/wp-content\/uploads\/2024\/10\/IMG_1259.jpg?fit=781%2C535&ssl=1","jetpack-related-posts":[],"jetpack_sharing_enabled":true,"_links":{"self":[{"href":"https:\/\/infos-droitshumains.net\/index.php?rest_route=\/wp\/v2\/posts\/11393","targetHints":{"allow":["GET"]}}],"collection":[{"href":"https:\/\/infos-droitshumains.net\/index.php?rest_route=\/wp\/v2\/posts"}],"about":[{"href":"https:\/\/infos-droitshumains.net\/index.php?rest_route=\/wp\/v2\/types\/post"}],"author":[{"embeddable":true,"href":"https:\/\/infos-droitshumains.net\/index.php?rest_route=\/wp\/v2\/users\/2"}],"replies":[{"embeddable":true,"href":"https:\/\/infos-droitshumains.net\/index.php?rest_route=%2Fwp%2Fv2%2Fcomments&post=11393"}],"version-history":[{"count":2,"href":"https:\/\/infos-droitshumains.net\/index.php?rest_route=\/wp\/v2\/posts\/11393\/revisions"}],"predecessor-version":[{"id":11400,"href":"https:\/\/infos-droitshumains.net\/index.php?rest_route=\/wp\/v2\/posts\/11393\/revisions\/11400"}],"wp:featuredmedia":[{"embeddable":true,"href":"https:\/\/infos-droitshumains.net\/index.php?rest_route=\/wp\/v2\/media\/11405"}],"wp:attachment":[{"href":"https:\/\/infos-droitshumains.net\/index.php?rest_route=%2Fwp%2Fv2%2Fmedia&parent=11393"}],"wp:term":[{"taxonomy":"category","embeddable":true,"href":"https:\/\/infos-droitshumains.net\/index.php?rest_route=%2Fwp%2Fv2%2Fcategories&post=11393"},{"taxonomy":"post_tag","embeddable":true,"href":"https:\/\/infos-droitshumains.net\/index.php?rest_route=%2Fwp%2Fv2%2Ftags&post=11393"}],"curies":[{"name":"wp","href":"https:\/\/api.w.org\/{rel}","templated":true}]}}