{"id":11379,"date":"2024-10-14T21:21:40","date_gmt":"2024-10-14T19:21:40","guid":{"rendered":"https:\/\/infos-droitshumains.net\/?p=11379"},"modified":"2024-10-14T21:30:36","modified_gmt":"2024-10-14T19:30:36","slug":"remise-et-reprise-a-luncc-le-comite-kamalandua-officiellement-investi","status":"publish","type":"post","link":"https:\/\/infos-droitshumains.net\/?p=11379","title":{"rendered":"Remise et reprise \u00e0 l\u2019UNCC\u00a0: Le comit\u00e9 Kamalandua officiellement investi"},"content":{"rendered":"\n<p><strong>R\u00e9daction: +243 817 406 088<\/strong><\/p>\n\n\n\n<h3 class=\"wp-block-heading has-vivid-red-color has-text-color has-link-color wp-elements-7d1745046725d5f2bb9ae67f594d9563\">Le comit\u00e9 ex\u00e9cutif de l\u2019Union Nationale des Cameramen du Congo \u00e9lu lors des \u00e9lections du 29 septembre a \u00e9t\u00e9 officiellement investi ce dimanche 13 octobre 2024 \u00e0 Kinshasa.<\/h3>\n\n\n\n<p>Les 12 membres qui vont devoir dirig\u00e9 le comit\u00e9 ex\u00e9cutif de  l\u2019Union Nationale des Cameramen du Congo pendant les cinq prochaines ann\u00e9es ont pris officiellement possession de leur pouvoir au cours de la c\u00e9r\u00e9monie de remise et reprise avec le comit\u00e9 des sages qui a g\u00e9r\u00e9 la p\u00e9riode transitoire.<\/p>\n\n\n\n<p>Le d\u00e9sormais Pr\u00e9sident de l&rsquo;UNCC a, dans allocution de circonstance, rappel\u00e9 le contexte dans lequel ils ont h\u00e9rit\u00e9 de cet organe tout en \u00e9vitant les uns et les autres \u00e0 l\u2019unit\u00e9 pour hisser haut la flamme&nbsp;:<\/p>\n\n\n\n<p><em>\u00ab&nbsp;Point n\u2019est besoin de rappel\u00e9 que l\u2019UNCC a pass\u00e9 des moments tr\u00e8s tumultueux, des crises intestinales, des fortes temp\u00eates orageuses, mais aujourd\u2019hui cet orage semble pass\u00e9, place au travail. Bannissons la haine, bannissons la m\u00e9sentente, bannissons le tribalisme, cultivons l\u2019amour et le vivre ensemble. C\u2019est dans l\u2019amour et le vivre ensemble que nous allons hisser tr\u00e8s haut la flamme de l\u2019UNCC et dresser son front longtemps courb\u00e9&nbsp;\u00bb<\/em>, a dit Merlin Meyi Kamalandua.<\/p>\n\n\n\n<figure class=\"wp-block-image alignfull size-large\"><img data-recalc-dims=\"1\" fetchpriority=\"high\" decoding=\"async\" width=\"640\" height=\"961\" src=\"https:\/\/i0.wp.com\/infos-droitshumains.net\/wp-content\/uploads\/2024\/10\/IMG-20241014-WA0047.jpg?resize=640%2C961&#038;ssl=1\" alt=\"\" class=\"wp-image-11384\" srcset=\"https:\/\/i0.wp.com\/infos-droitshumains.net\/wp-content\/uploads\/2024\/10\/IMG-20241014-WA0047.jpg?resize=682%2C1024&amp;ssl=1 682w, https:\/\/i0.wp.com\/infos-droitshumains.net\/wp-content\/uploads\/2024\/10\/IMG-20241014-WA0047.jpg?resize=200%2C300&amp;ssl=1 200w, https:\/\/i0.wp.com\/infos-droitshumains.net\/wp-content\/uploads\/2024\/10\/IMG-20241014-WA0047.jpg?w=719&amp;ssl=1 719w\" sizes=\"(max-width: 640px) 100vw, 640px\" \/><\/figure>\n\n\n\n<p>Le Pr\u00e9sident de l\u2019UNCC est cependant, revenu sur quelques objectifs que s&rsquo;est assign\u00e9 son comit\u00e9 pour ce quinquennat&nbsp;:<\/p>\n\n\n\n<p><em>\u00ab&nbsp;Nous allons nous engager \u00e0 doter l\u2019UNCC d\u2019un si\u00e8ge qu\u2019il manque depuis sa cr\u00e9ation, nous allons \u00e9tendre l\u2019UNCC dans toutes les 26 provinces du pays et la ramifier dans toutes les entit\u00e9s territoriales d\u00e9centralis\u00e9es. Nous comptons \u00e9galement organiser les formations de remise \u00e0 niveau et renforcement des capacit\u00e9s des op\u00e9rateurs de prise de vue. En long terme, nous projetons notamment cr\u00e9er une \u00e9cole de formation professionnelle pour op\u00e9rateurs de prise de vue. Nous profitons de cette tribune pour solliciter des dirigeants des universit\u00e9s et instituts sup\u00e9rieurs qui organisent les sciences de l\u2019information et de la communication, de pouvoir r\u00e9fl\u00e9chir sur comment cr\u00e9er les fili\u00e8res qui formeraient les op\u00e9rateurs de prise de vue&nbsp;\u00bb<\/em>, a-t-il plaid\u00e9.<\/p>\n\n\n\n<figure class=\"wp-block-image alignfull size-large\"><img data-recalc-dims=\"1\" decoding=\"async\" width=\"640\" height=\"427\" src=\"https:\/\/i0.wp.com\/infos-droitshumains.net\/wp-content\/uploads\/2024\/10\/IMG-20241014-WA0049.jpg?resize=640%2C427&#038;ssl=1\" alt=\"\" class=\"wp-image-11386\" srcset=\"https:\/\/i0.wp.com\/infos-droitshumains.net\/wp-content\/uploads\/2024\/10\/IMG-20241014-WA0049.jpg?resize=1024%2C683&amp;ssl=1 1024w, https:\/\/i0.wp.com\/infos-droitshumains.net\/wp-content\/uploads\/2024\/10\/IMG-20241014-WA0049.jpg?resize=300%2C200&amp;ssl=1 300w, https:\/\/i0.wp.com\/infos-droitshumains.net\/wp-content\/uploads\/2024\/10\/IMG-20241014-WA0049.jpg?resize=768%2C512&amp;ssl=1 768w, https:\/\/i0.wp.com\/infos-droitshumains.net\/wp-content\/uploads\/2024\/10\/IMG-20241014-WA0049.jpg?w=1080&amp;ssl=1 1080w\" sizes=\"(max-width: 640px) 100vw, 640px\" \/><\/figure>\n\n\n\n<p>Cette c\u00e9r\u00e9monie a \u00e9t\u00e9 marqu\u00e9e par la pr\u00e9sence de plusieurs personnalit\u00e9s du pays au nombre desquelles, le Rapporteur de l&rsquo;Assembl\u00e9e Provinciale de Kinshasa. Au regard de l\u2019importance qu\u2019il accorde \u00e0 l\u2019audiovisuel, il a promis son accompagne sans faille&nbsp;:<\/p>\n\n\n\n<p><em>\u00ab&nbsp;Ils doivent accompagner leur pr\u00e9sident car, un pr\u00e9sident \u00e0 lui seul ne peut rien faire, mais avec l\u2019appui de tous, il peut faire quelque chose. En ce qui me concerne, je tiens \u00e0 remercier toute l\u2019\u00e9quipe nouvellement \u00e9lue, elle a mon accompagnement et mon soutien total tout au long de son mandat<\/em>&nbsp;\u00bb, a dit le d\u00e9put\u00e9 provincial Andr\u00e9 Nkongolo Wa Nkongolo.<\/p>\n\n\n\n<figure class=\"wp-block-image alignfull size-full\"><img data-recalc-dims=\"1\" decoding=\"async\" width=\"640\" height=\"707\" src=\"https:\/\/i0.wp.com\/infos-droitshumains.net\/wp-content\/uploads\/2024\/10\/IMG-20241014-WA0074.jpg?resize=640%2C707&#038;ssl=1\" alt=\"\" class=\"wp-image-11390\" srcset=\"https:\/\/i0.wp.com\/infos-droitshumains.net\/wp-content\/uploads\/2024\/10\/IMG-20241014-WA0074.jpg?w=911&amp;ssl=1 911w, https:\/\/i0.wp.com\/infos-droitshumains.net\/wp-content\/uploads\/2024\/10\/IMG-20241014-WA0074.jpg?resize=272%2C300&amp;ssl=1 272w, https:\/\/i0.wp.com\/infos-droitshumains.net\/wp-content\/uploads\/2024\/10\/IMG-20241014-WA0074.jpg?resize=768%2C848&amp;ssl=1 768w\" sizes=\"(max-width: 640px) 100vw, 640px\" \/><\/figure>\n\n\n\n<p>Autres personnalit\u00e9s de marque qui ont pris part \u00e0 cette c\u00e9r\u00e9monie, Le Ministre de Communication et M\u00e9dias absent du pays, qui a mandat\u00e9 son conseiller, le secr\u00e9taire g\u00e9n\u00e9ral de l\u2019UNPC qui a repr\u00e9sent\u00e9 son Pr\u00e9sident et le Ministre des finances, Doudou Fwamba Likunde-Libotoyi qui a \u00e9t\u00e9 pr\u00e9sent\u00e9 par Francis Bangala Boyoma.<\/p>\n\n\n\n<p>L\u2019\u00e9missaire de l&rsquo;argentier national a invit\u00e9 les cameramen \u00e0 se rendre \u00e0 l\u2019\u00e9vidence leur importance dans la soci\u00e9t\u00e9 et les a par ailleurs exhort\u00e9s \u00e0 accompagner et soutenir les actions du Pr\u00e9sident de la R\u00e9publique \u00e0 travers leurs images afin de vendre l\u2019image positive de la RDC dans le monde.<\/p>\n\n\n\n<p>Jo\u00ebl Diawa<\/p>\n","protected":false},"excerpt":{"rendered":"<p>R\u00e9daction: +243 817 406 088 Le comit\u00e9 ex\u00e9cutif de l\u2019Union Nationale des Cameramen du Congo&#8230;<\/p>\n","protected":false},"author":2,"featured_media":11380,"comment_status":"open","ping_status":"open","sticky":false,"template":"","format":"standard","meta":{"_jetpack_memberships_contains_paid_content":false,"footnotes":""},"categories":[8],"tags":[],"class_list":["post-11379","post","type-post","status-publish","format-standard","has-post-thumbnail","hentry","category-societe"],"yoast_head":"<!-- This site is optimized with the Yoast SEO plugin v27.5 - https:\/\/yoast.com\/product\/yoast-seo-wordpress\/ -->\n<title>Remise et reprise \u00e0 l\u2019UNCC\u00a0: Le comit\u00e9 Kamalandua officiellement investi - Infos Droits Humains<\/title>\n<meta name=\"robots\" content=\"index, follow, max-snippet:-1, max-image-preview:large, max-video-preview:-1\" \/>\n<link rel=\"canonical\" href=\"https:\/\/infos-droitshumains.net\/?p=11379\" \/>\n<meta property=\"og:locale\" content=\"fr_FR\" \/>\n<meta property=\"og:type\" content=\"article\" \/>\n<meta property=\"og:title\" content=\"Remise et reprise \u00e0 l\u2019UNCC\u00a0: Le comit\u00e9 Kamalandua officiellement investi - Infos Droits Humains\" \/>\n<meta property=\"og:description\" content=\"R\u00e9daction: +243 817 406 088 Le comit\u00e9 ex\u00e9cutif de l\u2019Union Nationale des Cameramen du Congo...\" \/>\n<meta property=\"og:url\" content=\"https:\/\/infos-droitshumains.net\/?p=11379\" \/>\n<meta property=\"og:site_name\" content=\"Infos Droits Humains\" \/>\n<meta property=\"article:published_time\" content=\"2024-10-14T19:21:40+00:00\" \/>\n<meta property=\"article:modified_time\" content=\"2024-10-14T19:30:36+00:00\" \/>\n<meta property=\"og:image\" content=\"https:\/\/infos-droitshumains.net\/wp-content\/uploads\/2024\/10\/IMG-20241014-WA0046.jpg\" \/>\n\t<meta property=\"og:image:width\" content=\"1080\" \/>\n\t<meta property=\"og:image:height\" content=\"719\" \/>\n\t<meta property=\"og:image:type\" content=\"image\/jpeg\" \/>\n<meta name=\"author\" content=\"Jo\u00ebl Diawa\" \/>\n<meta name=\"twitter:card\" content=\"summary_large_image\" \/>\n<meta name=\"twitter:label1\" content=\"\u00c9crit par\" \/>\n\t<meta name=\"twitter:data1\" content=\"Jo\u00ebl Diawa\" \/>\n\t<meta name=\"twitter:label2\" content=\"Dur\u00e9e de lecture estim\u00e9e\" \/>\n\t<meta name=\"twitter:data2\" content=\"4 minutes\" \/>\n<script type=\"application\/ld+json\" class=\"yoast-schema-graph\">{\"@context\":\"https:\\\/\\\/schema.org\",\"@graph\":[{\"@type\":\"Article\",\"@id\":\"https:\\\/\\\/infos-droitshumains.net\\\/?p=11379#article\",\"isPartOf\":{\"@id\":\"https:\\\/\\\/infos-droitshumains.net\\\/?p=11379\"},\"author\":{\"name\":\"Jo\u00ebl Diawa\",\"@id\":\"https:\\\/\\\/infos-droitshumains.net\\\/#\\\/schema\\\/person\\\/3dc5e921c3302172e0ed4362f96faab7\"},\"headline\":\"Remise et reprise \u00e0 l\u2019UNCC\u00a0: Le comit\u00e9 Kamalandua officiellement investi\",\"datePublished\":\"2024-10-14T19:21:40+00:00\",\"dateModified\":\"2024-10-14T19:30:36+00:00\",\"mainEntityOfPage\":{\"@id\":\"https:\\\/\\\/infos-droitshumains.net\\\/?p=11379\"},\"wordCount\":603,\"commentCount\":0,\"publisher\":{\"@id\":\"https:\\\/\\\/infos-droitshumains.net\\\/#organization\"},\"image\":{\"@id\":\"https:\\\/\\\/infos-droitshumains.net\\\/?p=11379#primaryimage\"},\"thumbnailUrl\":\"https:\\\/\\\/i0.wp.com\\\/infos-droitshumains.net\\\/wp-content\\\/uploads\\\/2024\\\/10\\\/IMG-20241014-WA0046.jpg?fit=1080%2C719&ssl=1\",\"articleSection\":[\"Soci\u00e9t\u00e9\"],\"inLanguage\":\"fr-FR\",\"potentialAction\":[{\"@type\":\"CommentAction\",\"name\":\"Comment\",\"target\":[\"https:\\\/\\\/infos-droitshumains.net\\\/?p=11379#respond\"]}]},{\"@type\":\"WebPage\",\"@id\":\"https:\\\/\\\/infos-droitshumains.net\\\/?p=11379\",\"url\":\"https:\\\/\\\/infos-droitshumains.net\\\/?p=11379\",\"name\":\"Remise et reprise \u00e0 l\u2019UNCC\u00a0: Le comit\u00e9 Kamalandua officiellement investi - Infos Droits Humains\",\"isPartOf\":{\"@id\":\"https:\\\/\\\/infos-droitshumains.net\\\/#website\"},\"primaryImageOfPage\":{\"@id\":\"https:\\\/\\\/infos-droitshumains.net\\\/?p=11379#primaryimage\"},\"image\":{\"@id\":\"https:\\\/\\\/infos-droitshumains.net\\\/?p=11379#primaryimage\"},\"thumbnailUrl\":\"https:\\\/\\\/i0.wp.com\\\/infos-droitshumains.net\\\/wp-content\\\/uploads\\\/2024\\\/10\\\/IMG-20241014-WA0046.jpg?fit=1080%2C719&ssl=1\",\"datePublished\":\"2024-10-14T19:21:40+00:00\",\"dateModified\":\"2024-10-14T19:30:36+00:00\",\"breadcrumb\":{\"@id\":\"https:\\\/\\\/infos-droitshumains.net\\\/?p=11379#breadcrumb\"},\"inLanguage\":\"fr-FR\",\"potentialAction\":[{\"@type\":\"ReadAction\",\"target\":[\"https:\\\/\\\/infos-droitshumains.net\\\/?p=11379\"]}]},{\"@type\":\"ImageObject\",\"inLanguage\":\"fr-FR\",\"@id\":\"https:\\\/\\\/infos-droitshumains.net\\\/?p=11379#primaryimage\",\"url\":\"https:\\\/\\\/i0.wp.com\\\/infos-droitshumains.net\\\/wp-content\\\/uploads\\\/2024\\\/10\\\/IMG-20241014-WA0046.jpg?fit=1080%2C719&ssl=1\",\"contentUrl\":\"https:\\\/\\\/i0.wp.com\\\/infos-droitshumains.net\\\/wp-content\\\/uploads\\\/2024\\\/10\\\/IMG-20241014-WA0046.jpg?fit=1080%2C719&ssl=1\",\"width\":1080,\"height\":719},{\"@type\":\"BreadcrumbList\",\"@id\":\"https:\\\/\\\/infos-droitshumains.net\\\/?p=11379#breadcrumb\",\"itemListElement\":[{\"@type\":\"ListItem\",\"position\":1,\"name\":\"Accueil\",\"item\":\"https:\\\/\\\/infos-droitshumains.net\\\/\"},{\"@type\":\"ListItem\",\"position\":2,\"name\":\"Remise et reprise \u00e0 l\u2019UNCC\u00a0: Le comit\u00e9 Kamalandua officiellement investi\"}]},{\"@type\":\"WebSite\",\"@id\":\"https:\\\/\\\/infos-droitshumains.net\\\/#website\",\"url\":\"https:\\\/\\\/infos-droitshumains.net\\\/\",\"name\":\"Infos Droits Humains\",\"description\":\"S&#039;informer est un droit\",\"publisher\":{\"@id\":\"https:\\\/\\\/infos-droitshumains.net\\\/#organization\"},\"potentialAction\":[{\"@type\":\"SearchAction\",\"target\":{\"@type\":\"EntryPoint\",\"urlTemplate\":\"https:\\\/\\\/infos-droitshumains.net\\\/?s={search_term_string}\"},\"query-input\":{\"@type\":\"PropertyValueSpecification\",\"valueRequired\":true,\"valueName\":\"search_term_string\"}}],\"inLanguage\":\"fr-FR\"},{\"@type\":\"Organization\",\"@id\":\"https:\\\/\\\/infos-droitshumains.net\\\/#organization\",\"name\":\"Infos Droits Humains\",\"url\":\"https:\\\/\\\/infos-droitshumains.net\\\/\",\"logo\":{\"@type\":\"ImageObject\",\"inLanguage\":\"fr-FR\",\"@id\":\"https:\\\/\\\/infos-droitshumains.net\\\/#\\\/schema\\\/logo\\\/image\\\/\",\"url\":\"https:\\\/\\\/i0.wp.com\\\/infos-droitshumains.net\\\/wp-content\\\/uploads\\\/2022\\\/05\\\/Logo.png?fit=333%2C129&ssl=1\",\"contentUrl\":\"https:\\\/\\\/i0.wp.com\\\/infos-droitshumains.net\\\/wp-content\\\/uploads\\\/2022\\\/05\\\/Logo.png?fit=333%2C129&ssl=1\",\"width\":333,\"height\":129,\"caption\":\"Infos Droits Humains\"},\"image\":{\"@id\":\"https:\\\/\\\/infos-droitshumains.net\\\/#\\\/schema\\\/logo\\\/image\\\/\"}},{\"@type\":\"Person\",\"@id\":\"https:\\\/\\\/infos-droitshumains.net\\\/#\\\/schema\\\/person\\\/3dc5e921c3302172e0ed4362f96faab7\",\"name\":\"Jo\u00ebl Diawa\",\"image\":{\"@type\":\"ImageObject\",\"inLanguage\":\"fr-FR\",\"@id\":\"https:\\\/\\\/secure.gravatar.com\\\/avatar\\\/729bea6ff4604c624417803c477363be8e3c7186deaa65713313f9b4b820f41c?s=96&d=mm&r=g\",\"url\":\"https:\\\/\\\/secure.gravatar.com\\\/avatar\\\/729bea6ff4604c624417803c477363be8e3c7186deaa65713313f9b4b820f41c?s=96&d=mm&r=g\",\"contentUrl\":\"https:\\\/\\\/secure.gravatar.com\\\/avatar\\\/729bea6ff4604c624417803c477363be8e3c7186deaa65713313f9b4b820f41c?s=96&d=mm&r=g\",\"caption\":\"Jo\u00ebl Diawa\"},\"sameAs\":[\"https:\\\/\\\/www.infos-droitshumains.net\"],\"url\":\"https:\\\/\\\/infos-droitshumains.net\\\/?author=2\"}]}<\/script>\n<!-- \/ Yoast SEO plugin. -->","yoast_head_json":{"title":"Remise et reprise \u00e0 l\u2019UNCC\u00a0: Le comit\u00e9 Kamalandua officiellement investi - Infos Droits Humains","robots":{"index":"index","follow":"follow","max-snippet":"max-snippet:-1","max-image-preview":"max-image-preview:large","max-video-preview":"max-video-preview:-1"},"canonical":"https:\/\/infos-droitshumains.net\/?p=11379","og_locale":"fr_FR","og_type":"article","og_title":"Remise et reprise \u00e0 l\u2019UNCC\u00a0: Le comit\u00e9 Kamalandua officiellement investi - Infos Droits Humains","og_description":"R\u00e9daction: +243 817 406 088 Le comit\u00e9 ex\u00e9cutif de l\u2019Union Nationale des Cameramen du Congo...","og_url":"https:\/\/infos-droitshumains.net\/?p=11379","og_site_name":"Infos Droits Humains","article_published_time":"2024-10-14T19:21:40+00:00","article_modified_time":"2024-10-14T19:30:36+00:00","og_image":[{"width":1080,"height":719,"url":"https:\/\/infos-droitshumains.net\/wp-content\/uploads\/2024\/10\/IMG-20241014-WA0046.jpg","type":"image\/jpeg"}],"author":"Jo\u00ebl Diawa","twitter_card":"summary_large_image","twitter_misc":{"\u00c9crit par":"Jo\u00ebl Diawa","Dur\u00e9e de lecture estim\u00e9e":"4 minutes"},"schema":{"@context":"https:\/\/schema.org","@graph":[{"@type":"Article","@id":"https:\/\/infos-droitshumains.net\/?p=11379#article","isPartOf":{"@id":"https:\/\/infos-droitshumains.net\/?p=11379"},"author":{"name":"Jo\u00ebl Diawa","@id":"https:\/\/infos-droitshumains.net\/#\/schema\/person\/3dc5e921c3302172e0ed4362f96faab7"},"headline":"Remise et reprise \u00e0 l\u2019UNCC\u00a0: Le comit\u00e9 Kamalandua officiellement investi","datePublished":"2024-10-14T19:21:40+00:00","dateModified":"2024-10-14T19:30:36+00:00","mainEntityOfPage":{"@id":"https:\/\/infos-droitshumains.net\/?p=11379"},"wordCount":603,"commentCount":0,"publisher":{"@id":"https:\/\/infos-droitshumains.net\/#organization"},"image":{"@id":"https:\/\/infos-droitshumains.net\/?p=11379#primaryimage"},"thumbnailUrl":"https:\/\/i0.wp.com\/infos-droitshumains.net\/wp-content\/uploads\/2024\/10\/IMG-20241014-WA0046.jpg?fit=1080%2C719&ssl=1","articleSection":["Soci\u00e9t\u00e9"],"inLanguage":"fr-FR","potentialAction":[{"@type":"CommentAction","name":"Comment","target":["https:\/\/infos-droitshumains.net\/?p=11379#respond"]}]},{"@type":"WebPage","@id":"https:\/\/infos-droitshumains.net\/?p=11379","url":"https:\/\/infos-droitshumains.net\/?p=11379","name":"Remise et reprise \u00e0 l\u2019UNCC\u00a0: Le comit\u00e9 Kamalandua officiellement investi - Infos Droits Humains","isPartOf":{"@id":"https:\/\/infos-droitshumains.net\/#website"},"primaryImageOfPage":{"@id":"https:\/\/infos-droitshumains.net\/?p=11379#primaryimage"},"image":{"@id":"https:\/\/infos-droitshumains.net\/?p=11379#primaryimage"},"thumbnailUrl":"https:\/\/i0.wp.com\/infos-droitshumains.net\/wp-content\/uploads\/2024\/10\/IMG-20241014-WA0046.jpg?fit=1080%2C719&ssl=1","datePublished":"2024-10-14T19:21:40+00:00","dateModified":"2024-10-14T19:30:36+00:00","breadcrumb":{"@id":"https:\/\/infos-droitshumains.net\/?p=11379#breadcrumb"},"inLanguage":"fr-FR","potentialAction":[{"@type":"ReadAction","target":["https:\/\/infos-droitshumains.net\/?p=11379"]}]},{"@type":"ImageObject","inLanguage":"fr-FR","@id":"https:\/\/infos-droitshumains.net\/?p=11379#primaryimage","url":"https:\/\/i0.wp.com\/infos-droitshumains.net\/wp-content\/uploads\/2024\/10\/IMG-20241014-WA0046.jpg?fit=1080%2C719&ssl=1","contentUrl":"https:\/\/i0.wp.com\/infos-droitshumains.net\/wp-content\/uploads\/2024\/10\/IMG-20241014-WA0046.jpg?fit=1080%2C719&ssl=1","width":1080,"height":719},{"@type":"BreadcrumbList","@id":"https:\/\/infos-droitshumains.net\/?p=11379#breadcrumb","itemListElement":[{"@type":"ListItem","position":1,"name":"Accueil","item":"https:\/\/infos-droitshumains.net\/"},{"@type":"ListItem","position":2,"name":"Remise et reprise \u00e0 l\u2019UNCC\u00a0: Le comit\u00e9 Kamalandua officiellement investi"}]},{"@type":"WebSite","@id":"https:\/\/infos-droitshumains.net\/#website","url":"https:\/\/infos-droitshumains.net\/","name":"Infos Droits Humains","description":"S&#039;informer est un droit","publisher":{"@id":"https:\/\/infos-droitshumains.net\/#organization"},"potentialAction":[{"@type":"SearchAction","target":{"@type":"EntryPoint","urlTemplate":"https:\/\/infos-droitshumains.net\/?s={search_term_string}"},"query-input":{"@type":"PropertyValueSpecification","valueRequired":true,"valueName":"search_term_string"}}],"inLanguage":"fr-FR"},{"@type":"Organization","@id":"https:\/\/infos-droitshumains.net\/#organization","name":"Infos Droits Humains","url":"https:\/\/infos-droitshumains.net\/","logo":{"@type":"ImageObject","inLanguage":"fr-FR","@id":"https:\/\/infos-droitshumains.net\/#\/schema\/logo\/image\/","url":"https:\/\/i0.wp.com\/infos-droitshumains.net\/wp-content\/uploads\/2022\/05\/Logo.png?fit=333%2C129&ssl=1","contentUrl":"https:\/\/i0.wp.com\/infos-droitshumains.net\/wp-content\/uploads\/2022\/05\/Logo.png?fit=333%2C129&ssl=1","width":333,"height":129,"caption":"Infos Droits Humains"},"image":{"@id":"https:\/\/infos-droitshumains.net\/#\/schema\/logo\/image\/"}},{"@type":"Person","@id":"https:\/\/infos-droitshumains.net\/#\/schema\/person\/3dc5e921c3302172e0ed4362f96faab7","name":"Jo\u00ebl Diawa","image":{"@type":"ImageObject","inLanguage":"fr-FR","@id":"https:\/\/secure.gravatar.com\/avatar\/729bea6ff4604c624417803c477363be8e3c7186deaa65713313f9b4b820f41c?s=96&d=mm&r=g","url":"https:\/\/secure.gravatar.com\/avatar\/729bea6ff4604c624417803c477363be8e3c7186deaa65713313f9b4b820f41c?s=96&d=mm&r=g","contentUrl":"https:\/\/secure.gravatar.com\/avatar\/729bea6ff4604c624417803c477363be8e3c7186deaa65713313f9b4b820f41c?s=96&d=mm&r=g","caption":"Jo\u00ebl Diawa"},"sameAs":["https:\/\/www.infos-droitshumains.net"],"url":"https:\/\/infos-droitshumains.net\/?author=2"}]}},"featured_image_urls":{"full":["https:\/\/i0.wp.com\/infos-droitshumains.net\/wp-content\/uploads\/2024\/10\/IMG-20241014-WA0046.jpg?fit=1080%2C719&ssl=1",1080,719,false],"thumbnail":["https:\/\/i0.wp.com\/infos-droitshumains.net\/wp-content\/uploads\/2024\/10\/IMG-20241014-WA0046.jpg?resize=150%2C150&ssl=1",150,150,true],"medium":["https:\/\/i0.wp.com\/infos-droitshumains.net\/wp-content\/uploads\/2024\/10\/IMG-20241014-WA0046.jpg?fit=300%2C200&ssl=1",300,200,true],"medium_large":["https:\/\/i0.wp.com\/infos-droitshumains.net\/wp-content\/uploads\/2024\/10\/IMG-20241014-WA0046.jpg?fit=640%2C426&ssl=1",640,426,true],"large":["https:\/\/i0.wp.com\/infos-droitshumains.net\/wp-content\/uploads\/2024\/10\/IMG-20241014-WA0046.jpg?fit=640%2C426&ssl=1",640,426,true],"1536x1536":["https:\/\/i0.wp.com\/infos-droitshumains.net\/wp-content\/uploads\/2024\/10\/IMG-20241014-WA0046.jpg?fit=1080%2C719&ssl=1",1080,719,true],"2048x2048":["https:\/\/i0.wp.com\/infos-droitshumains.net\/wp-content\/uploads\/2024\/10\/IMG-20241014-WA0046.jpg?fit=1080%2C719&ssl=1",1080,719,true],"covernews-slider-full":["https:\/\/i0.wp.com\/infos-droitshumains.net\/wp-content\/uploads\/2024\/10\/IMG-20241014-WA0046.jpg?resize=1080%2C715&ssl=1",1080,715,true],"covernews-slider-center":["https:\/\/i0.wp.com\/infos-droitshumains.net\/wp-content\/uploads\/2024\/10\/IMG-20241014-WA0046.jpg?resize=800%2C500&ssl=1",800,500,true],"covernews-featured":["https:\/\/i0.wp.com\/infos-droitshumains.net\/wp-content\/uploads\/2024\/10\/IMG-20241014-WA0046.jpg?fit=1024%2C682&ssl=1",1024,682,true],"covernews-medium":["https:\/\/i0.wp.com\/infos-droitshumains.net\/wp-content\/uploads\/2024\/10\/IMG-20241014-WA0046.jpg?resize=540%2C340&ssl=1",540,340,true],"covernews-medium-square":["https:\/\/i0.wp.com\/infos-droitshumains.net\/wp-content\/uploads\/2024\/10\/IMG-20241014-WA0046.jpg?resize=400%2C250&ssl=1",400,250,true]},"author_info":{"display_name":"Jo\u00ebl Diawa","author_link":"https:\/\/infos-droitshumains.net\/?author=2"},"category_info":"<a href=\"https:\/\/infos-droitshumains.net\/?cat=8\" rel=\"category\">Soci\u00e9t\u00e9<\/a>","tag_info":"Soci\u00e9t\u00e9","comment_count":"0","jetpack_featured_media_url":"https:\/\/i0.wp.com\/infos-droitshumains.net\/wp-content\/uploads\/2024\/10\/IMG-20241014-WA0046.jpg?fit=1080%2C719&ssl=1","jetpack-related-posts":[],"jetpack_sharing_enabled":true,"_links":{"self":[{"href":"https:\/\/infos-droitshumains.net\/index.php?rest_route=\/wp\/v2\/posts\/11379","targetHints":{"allow":["GET"]}}],"collection":[{"href":"https:\/\/infos-droitshumains.net\/index.php?rest_route=\/wp\/v2\/posts"}],"about":[{"href":"https:\/\/infos-droitshumains.net\/index.php?rest_route=\/wp\/v2\/types\/post"}],"author":[{"embeddable":true,"href":"https:\/\/infos-droitshumains.net\/index.php?rest_route=\/wp\/v2\/users\/2"}],"replies":[{"embeddable":true,"href":"https:\/\/infos-droitshumains.net\/index.php?rest_route=%2Fwp%2Fv2%2Fcomments&post=11379"}],"version-history":[{"count":7,"href":"https:\/\/infos-droitshumains.net\/index.php?rest_route=\/wp\/v2\/posts\/11379\/revisions"}],"predecessor-version":[{"id":11402,"href":"https:\/\/infos-droitshumains.net\/index.php?rest_route=\/wp\/v2\/posts\/11379\/revisions\/11402"}],"wp:featuredmedia":[{"embeddable":true,"href":"https:\/\/infos-droitshumains.net\/index.php?rest_route=\/wp\/v2\/media\/11380"}],"wp:attachment":[{"href":"https:\/\/infos-droitshumains.net\/index.php?rest_route=%2Fwp%2Fv2%2Fmedia&parent=11379"}],"wp:term":[{"taxonomy":"category","embeddable":true,"href":"https:\/\/infos-droitshumains.net\/index.php?rest_route=%2Fwp%2Fv2%2Fcategories&post=11379"},{"taxonomy":"post_tag","embeddable":true,"href":"https:\/\/infos-droitshumains.net\/index.php?rest_route=%2Fwp%2Fv2%2Ftags&post=11379"}],"curies":[{"name":"wp","href":"https:\/\/api.w.org\/{rel}","templated":true}]}}