{"id":11336,"date":"2024-10-08T10:48:12","date_gmt":"2024-10-08T08:48:12","guid":{"rendered":"https:\/\/infos-droitshumains.net\/?p=11336"},"modified":"2024-10-08T14:52:00","modified_gmt":"2024-10-08T12:52:00","slug":"rdc-le-nouveau-comite-executif-dedie-son-mandat-entre-les-mains-de-dieu","status":"publish","type":"post","link":"https:\/\/infos-droitshumains.net\/?p=11336","title":{"rendered":"RDC\u00a0: Le nouveau comit\u00e9 ex\u00e9cutif de l&rsquo;UNCC d\u00e9die son mandat entre les mains de Dieu"},"content":{"rendered":"\n<p><strong>R\u00e9daction: +243 817 406 088<\/strong><\/p>\n\n\n\n<h3 class=\"wp-block-heading has-vivid-red-color has-text-color has-link-color wp-elements-1964df7db70e1f0c6fb75e553c86a2ba\">Bien avant son investiture pr\u00e9vue le nouveau comit\u00e9 ex\u00e9cutif de l\u2019Union Nationale des Cameramen du Congo a particip\u00e9 au culte d\u2019action de gr\u00e2ce ce dimanche octobre 2024, question&nbsp; de d\u00e9dier son mandat entre les mains de l\u2019\u00e9ternel.<\/h3>\n\n\n\n<p>C\u2019est au centre \u00e9vang\u00e9lique de la foi en christ du pasteur Jean-Paul Mayata que les membres du comit\u00e9 ex\u00e9cutif de l\u2019Union National des Cameramen du Congo ont rendu gr\u00e2ce \u00e0 Dieu pour leur \u00e9lection au terme des scrutins organis\u00e9s le dimanche 29 Septembre dernier.<\/p>\n\n\n\n<p>Pour le Pr\u00e9sident de l\u2019UNCC, cette initiative est due au fait que, leur \u00e9lection rel\u00e8ve de la b\u00e9n\u00e9diction de l\u2019\u00e9ternel.<\/p>\n\n\n\n<p><em>\u00ab&nbsp;Nous louons le Dieu tout puissant, le ma\u00eetre des temps et des circonstances qui a permis ce rendez-vous avec tous les saints en ce lieu. Nous disons aussi merci \u00e0 notre p\u00e8re, le pasteur Jean-Paul pour cette opportunit\u00e9 nous offerte et la disponibilit\u00e9 \u00e0 nous recevoir. C\u2019\u00e9tait pour la premi\u00e8re fois que les \u00e9lections s\u2019organisent depuis la cr\u00e9ation de l\u2019UNCC. Il y avait d\u2019autres candidats qui n\u2019ont pas d\u00e9m\u00e9rit\u00e9, mais Dieu nous a fait la gr\u00e2ce pour que moi et l\u2019ensemble du ticket gagnant, puissions remporter ces \u00e9lections. Etant chr\u00e9tiens, nous nous sommes dit de venir rendre gr\u00e2ce \u00e0 Dieu car nous estimons ne l\u2019avoir pas fait par nos propres forces&nbsp;\u00bb<\/em>, a dit Merlin Kamalandua.<\/p>\n\n\n\n<p>La participation \u00e0 ce culte d\u2019action de gr\u00e2ce \u00e9tait aussi l\u2019occasion pour le comit\u00e9 ex\u00e9cutif de l\u2019UNCC de d\u00e9dier son mandat entre les saintes mains de Dieu.<\/p>\n\n\n\n<p><em>\u00ab&nbsp;Nous sommes \u00e9galement venus d\u00e9dier notre mandat de 5 ans entre ses mains afin qu\u2019il soit notre guide. Nous sommes venus chez papa Jean-Paul parce que non seulement c\u2019est lui notre p\u00e8re spirituel, mais aussi, nous nous sommes rendu compte que c\u2019est un papa tr\u00e8s humble. Nous avons voulu qu\u2019il nous communique cette m\u00eame humilit\u00e9 qui le caract\u00e9rise. Dans vos pri\u00e8res, aidez-nous pour que l\u2019UNCC aille de l\u2019avant&nbsp;\u00bb<\/em>, a sollicit\u00e9 le Pr\u00e9sident Merlin Kamalandua.<\/p>\n\n\n\n<p>A la fin de la c\u00e9l\u00e9bration, le pasteur Jean-Paul MAYATA a re\u00e7u tous les membres dans son bureau. Ils ont ensemble \u00e9chang\u00e9 sur plusieurs projets relatifs \u00e0 la bonne marche de cette association. Tr\u00e8s heureux de l\u2019initiative, l\u2019homme de Dieu les a prodigu\u00e9 des riches et sages conseils, promettant son accompagnement ind\u00e9fectible et sans faille.<\/p>\n\n\n\n<p>Le choix du Centre Evang\u00e9lique la foi en Christ se justifie par le fait que son initiateur soit un ancien op\u00e9rateur de prise de vue. L\u2019UNCC a bien voulu faire de lui un mod\u00e8le et un p\u00e8re spirituel au regard de son parcours si \u00e9logieux.<\/p>\n\n\n\n<p>Jo\u00ebl Diawa<\/p>\n","protected":false},"excerpt":{"rendered":"<p>R\u00e9daction: +243 817 406 088 Bien avant son investiture pr\u00e9vue le nouveau comit\u00e9 ex\u00e9cutif de&#8230;<\/p>\n","protected":false},"author":2,"featured_media":11341,"comment_status":"open","ping_status":"open","sticky":false,"template":"","format":"standard","meta":{"_jetpack_memberships_contains_paid_content":false,"footnotes":""},"categories":[8],"tags":[],"class_list":["post-11336","post","type-post","status-publish","format-standard","has-post-thumbnail","hentry","category-societe"],"yoast_head":"<!-- This site is optimized with the Yoast SEO plugin v27.5 - https:\/\/yoast.com\/product\/yoast-seo-wordpress\/ -->\n<title>RDC\u00a0: Le nouveau comit\u00e9 ex\u00e9cutif de l&#039;UNCC d\u00e9die son mandat entre les mains de Dieu - Infos Droits Humains<\/title>\n<meta name=\"robots\" content=\"index, follow, max-snippet:-1, max-image-preview:large, max-video-preview:-1\" \/>\n<link rel=\"canonical\" href=\"https:\/\/infos-droitshumains.net\/?p=11336\" \/>\n<meta property=\"og:locale\" content=\"fr_FR\" \/>\n<meta property=\"og:type\" content=\"article\" \/>\n<meta property=\"og:title\" content=\"RDC\u00a0: Le nouveau comit\u00e9 ex\u00e9cutif de l&#039;UNCC d\u00e9die son mandat entre les mains de Dieu - Infos Droits Humains\" \/>\n<meta property=\"og:description\" content=\"R\u00e9daction: +243 817 406 088 Bien avant son investiture pr\u00e9vue le nouveau comit\u00e9 ex\u00e9cutif de...\" \/>\n<meta property=\"og:url\" content=\"https:\/\/infos-droitshumains.net\/?p=11336\" \/>\n<meta property=\"og:site_name\" content=\"Infos Droits Humains\" \/>\n<meta property=\"article:published_time\" content=\"2024-10-08T08:48:12+00:00\" \/>\n<meta property=\"article:modified_time\" content=\"2024-10-08T12:52:00+00:00\" \/>\n<meta property=\"og:image\" content=\"https:\/\/infos-droitshumains.net\/wp-content\/uploads\/2024\/10\/IMG-20241008-WA0011_1.jpg\" \/>\n\t<meta property=\"og:image:width\" content=\"1080\" \/>\n\t<meta property=\"og:image:height\" content=\"719\" \/>\n\t<meta property=\"og:image:type\" content=\"image\/jpeg\" \/>\n<meta name=\"author\" content=\"Jo\u00ebl Diawa\" \/>\n<meta name=\"twitter:card\" content=\"summary_large_image\" \/>\n<meta name=\"twitter:label1\" content=\"\u00c9crit par\" \/>\n\t<meta name=\"twitter:data1\" content=\"Jo\u00ebl Diawa\" \/>\n\t<meta name=\"twitter:label2\" content=\"Dur\u00e9e de lecture estim\u00e9e\" \/>\n\t<meta name=\"twitter:data2\" content=\"3 minutes\" \/>\n<script type=\"application\/ld+json\" class=\"yoast-schema-graph\">{\"@context\":\"https:\\\/\\\/schema.org\",\"@graph\":[{\"@type\":\"Article\",\"@id\":\"https:\\\/\\\/infos-droitshumains.net\\\/?p=11336#article\",\"isPartOf\":{\"@id\":\"https:\\\/\\\/infos-droitshumains.net\\\/?p=11336\"},\"author\":{\"name\":\"Jo\u00ebl Diawa\",\"@id\":\"https:\\\/\\\/infos-droitshumains.net\\\/#\\\/schema\\\/person\\\/3dc5e921c3302172e0ed4362f96faab7\"},\"headline\":\"RDC\u00a0: Le nouveau comit\u00e9 ex\u00e9cutif de l&rsquo;UNCC d\u00e9die son mandat entre les mains de Dieu\",\"datePublished\":\"2024-10-08T08:48:12+00:00\",\"dateModified\":\"2024-10-08T12:52:00+00:00\",\"mainEntityOfPage\":{\"@id\":\"https:\\\/\\\/infos-droitshumains.net\\\/?p=11336\"},\"wordCount\":501,\"commentCount\":0,\"publisher\":{\"@id\":\"https:\\\/\\\/infos-droitshumains.net\\\/#organization\"},\"image\":{\"@id\":\"https:\\\/\\\/infos-droitshumains.net\\\/?p=11336#primaryimage\"},\"thumbnailUrl\":\"https:\\\/\\\/i0.wp.com\\\/infos-droitshumains.net\\\/wp-content\\\/uploads\\\/2024\\\/10\\\/IMG-20241008-WA0011_1.jpg?fit=1080%2C719&ssl=1\",\"articleSection\":[\"Soci\u00e9t\u00e9\"],\"inLanguage\":\"fr-FR\",\"potentialAction\":[{\"@type\":\"CommentAction\",\"name\":\"Comment\",\"target\":[\"https:\\\/\\\/infos-droitshumains.net\\\/?p=11336#respond\"]}]},{\"@type\":\"WebPage\",\"@id\":\"https:\\\/\\\/infos-droitshumains.net\\\/?p=11336\",\"url\":\"https:\\\/\\\/infos-droitshumains.net\\\/?p=11336\",\"name\":\"RDC\u00a0: Le nouveau comit\u00e9 ex\u00e9cutif de l'UNCC d\u00e9die son mandat entre les mains de Dieu - Infos Droits Humains\",\"isPartOf\":{\"@id\":\"https:\\\/\\\/infos-droitshumains.net\\\/#website\"},\"primaryImageOfPage\":{\"@id\":\"https:\\\/\\\/infos-droitshumains.net\\\/?p=11336#primaryimage\"},\"image\":{\"@id\":\"https:\\\/\\\/infos-droitshumains.net\\\/?p=11336#primaryimage\"},\"thumbnailUrl\":\"https:\\\/\\\/i0.wp.com\\\/infos-droitshumains.net\\\/wp-content\\\/uploads\\\/2024\\\/10\\\/IMG-20241008-WA0011_1.jpg?fit=1080%2C719&ssl=1\",\"datePublished\":\"2024-10-08T08:48:12+00:00\",\"dateModified\":\"2024-10-08T12:52:00+00:00\",\"breadcrumb\":{\"@id\":\"https:\\\/\\\/infos-droitshumains.net\\\/?p=11336#breadcrumb\"},\"inLanguage\":\"fr-FR\",\"potentialAction\":[{\"@type\":\"ReadAction\",\"target\":[\"https:\\\/\\\/infos-droitshumains.net\\\/?p=11336\"]}]},{\"@type\":\"ImageObject\",\"inLanguage\":\"fr-FR\",\"@id\":\"https:\\\/\\\/infos-droitshumains.net\\\/?p=11336#primaryimage\",\"url\":\"https:\\\/\\\/i0.wp.com\\\/infos-droitshumains.net\\\/wp-content\\\/uploads\\\/2024\\\/10\\\/IMG-20241008-WA0011_1.jpg?fit=1080%2C719&ssl=1\",\"contentUrl\":\"https:\\\/\\\/i0.wp.com\\\/infos-droitshumains.net\\\/wp-content\\\/uploads\\\/2024\\\/10\\\/IMG-20241008-WA0011_1.jpg?fit=1080%2C719&ssl=1\",\"width\":1080,\"height\":719},{\"@type\":\"BreadcrumbList\",\"@id\":\"https:\\\/\\\/infos-droitshumains.net\\\/?p=11336#breadcrumb\",\"itemListElement\":[{\"@type\":\"ListItem\",\"position\":1,\"name\":\"Accueil\",\"item\":\"https:\\\/\\\/infos-droitshumains.net\\\/\"},{\"@type\":\"ListItem\",\"position\":2,\"name\":\"RDC\u00a0: Le nouveau comit\u00e9 ex\u00e9cutif de l&rsquo;UNCC d\u00e9die son mandat entre les mains de Dieu\"}]},{\"@type\":\"WebSite\",\"@id\":\"https:\\\/\\\/infos-droitshumains.net\\\/#website\",\"url\":\"https:\\\/\\\/infos-droitshumains.net\\\/\",\"name\":\"Infos Droits Humains\",\"description\":\"S&#039;informer est un droit\",\"publisher\":{\"@id\":\"https:\\\/\\\/infos-droitshumains.net\\\/#organization\"},\"potentialAction\":[{\"@type\":\"SearchAction\",\"target\":{\"@type\":\"EntryPoint\",\"urlTemplate\":\"https:\\\/\\\/infos-droitshumains.net\\\/?s={search_term_string}\"},\"query-input\":{\"@type\":\"PropertyValueSpecification\",\"valueRequired\":true,\"valueName\":\"search_term_string\"}}],\"inLanguage\":\"fr-FR\"},{\"@type\":\"Organization\",\"@id\":\"https:\\\/\\\/infos-droitshumains.net\\\/#organization\",\"name\":\"Infos Droits Humains\",\"url\":\"https:\\\/\\\/infos-droitshumains.net\\\/\",\"logo\":{\"@type\":\"ImageObject\",\"inLanguage\":\"fr-FR\",\"@id\":\"https:\\\/\\\/infos-droitshumains.net\\\/#\\\/schema\\\/logo\\\/image\\\/\",\"url\":\"https:\\\/\\\/i0.wp.com\\\/infos-droitshumains.net\\\/wp-content\\\/uploads\\\/2022\\\/05\\\/Logo.png?fit=333%2C129&ssl=1\",\"contentUrl\":\"https:\\\/\\\/i0.wp.com\\\/infos-droitshumains.net\\\/wp-content\\\/uploads\\\/2022\\\/05\\\/Logo.png?fit=333%2C129&ssl=1\",\"width\":333,\"height\":129,\"caption\":\"Infos Droits Humains\"},\"image\":{\"@id\":\"https:\\\/\\\/infos-droitshumains.net\\\/#\\\/schema\\\/logo\\\/image\\\/\"}},{\"@type\":\"Person\",\"@id\":\"https:\\\/\\\/infos-droitshumains.net\\\/#\\\/schema\\\/person\\\/3dc5e921c3302172e0ed4362f96faab7\",\"name\":\"Jo\u00ebl Diawa\",\"image\":{\"@type\":\"ImageObject\",\"inLanguage\":\"fr-FR\",\"@id\":\"https:\\\/\\\/secure.gravatar.com\\\/avatar\\\/729bea6ff4604c624417803c477363be8e3c7186deaa65713313f9b4b820f41c?s=96&d=mm&r=g\",\"url\":\"https:\\\/\\\/secure.gravatar.com\\\/avatar\\\/729bea6ff4604c624417803c477363be8e3c7186deaa65713313f9b4b820f41c?s=96&d=mm&r=g\",\"contentUrl\":\"https:\\\/\\\/secure.gravatar.com\\\/avatar\\\/729bea6ff4604c624417803c477363be8e3c7186deaa65713313f9b4b820f41c?s=96&d=mm&r=g\",\"caption\":\"Jo\u00ebl Diawa\"},\"sameAs\":[\"https:\\\/\\\/www.infos-droitshumains.net\"],\"url\":\"https:\\\/\\\/infos-droitshumains.net\\\/?author=2\"}]}<\/script>\n<!-- \/ Yoast SEO plugin. -->","yoast_head_json":{"title":"RDC\u00a0: Le nouveau comit\u00e9 ex\u00e9cutif de l'UNCC d\u00e9die son mandat entre les mains de Dieu - Infos Droits Humains","robots":{"index":"index","follow":"follow","max-snippet":"max-snippet:-1","max-image-preview":"max-image-preview:large","max-video-preview":"max-video-preview:-1"},"canonical":"https:\/\/infos-droitshumains.net\/?p=11336","og_locale":"fr_FR","og_type":"article","og_title":"RDC\u00a0: Le nouveau comit\u00e9 ex\u00e9cutif de l'UNCC d\u00e9die son mandat entre les mains de Dieu - Infos Droits Humains","og_description":"R\u00e9daction: +243 817 406 088 Bien avant son investiture pr\u00e9vue le nouveau comit\u00e9 ex\u00e9cutif de...","og_url":"https:\/\/infos-droitshumains.net\/?p=11336","og_site_name":"Infos Droits Humains","article_published_time":"2024-10-08T08:48:12+00:00","article_modified_time":"2024-10-08T12:52:00+00:00","og_image":[{"width":1080,"height":719,"url":"https:\/\/infos-droitshumains.net\/wp-content\/uploads\/2024\/10\/IMG-20241008-WA0011_1.jpg","type":"image\/jpeg"}],"author":"Jo\u00ebl Diawa","twitter_card":"summary_large_image","twitter_misc":{"\u00c9crit par":"Jo\u00ebl Diawa","Dur\u00e9e de lecture estim\u00e9e":"3 minutes"},"schema":{"@context":"https:\/\/schema.org","@graph":[{"@type":"Article","@id":"https:\/\/infos-droitshumains.net\/?p=11336#article","isPartOf":{"@id":"https:\/\/infos-droitshumains.net\/?p=11336"},"author":{"name":"Jo\u00ebl Diawa","@id":"https:\/\/infos-droitshumains.net\/#\/schema\/person\/3dc5e921c3302172e0ed4362f96faab7"},"headline":"RDC\u00a0: Le nouveau comit\u00e9 ex\u00e9cutif de l&rsquo;UNCC d\u00e9die son mandat entre les mains de Dieu","datePublished":"2024-10-08T08:48:12+00:00","dateModified":"2024-10-08T12:52:00+00:00","mainEntityOfPage":{"@id":"https:\/\/infos-droitshumains.net\/?p=11336"},"wordCount":501,"commentCount":0,"publisher":{"@id":"https:\/\/infos-droitshumains.net\/#organization"},"image":{"@id":"https:\/\/infos-droitshumains.net\/?p=11336#primaryimage"},"thumbnailUrl":"https:\/\/i0.wp.com\/infos-droitshumains.net\/wp-content\/uploads\/2024\/10\/IMG-20241008-WA0011_1.jpg?fit=1080%2C719&ssl=1","articleSection":["Soci\u00e9t\u00e9"],"inLanguage":"fr-FR","potentialAction":[{"@type":"CommentAction","name":"Comment","target":["https:\/\/infos-droitshumains.net\/?p=11336#respond"]}]},{"@type":"WebPage","@id":"https:\/\/infos-droitshumains.net\/?p=11336","url":"https:\/\/infos-droitshumains.net\/?p=11336","name":"RDC\u00a0: Le nouveau comit\u00e9 ex\u00e9cutif de l'UNCC d\u00e9die son mandat entre les mains de Dieu - Infos Droits Humains","isPartOf":{"@id":"https:\/\/infos-droitshumains.net\/#website"},"primaryImageOfPage":{"@id":"https:\/\/infos-droitshumains.net\/?p=11336#primaryimage"},"image":{"@id":"https:\/\/infos-droitshumains.net\/?p=11336#primaryimage"},"thumbnailUrl":"https:\/\/i0.wp.com\/infos-droitshumains.net\/wp-content\/uploads\/2024\/10\/IMG-20241008-WA0011_1.jpg?fit=1080%2C719&ssl=1","datePublished":"2024-10-08T08:48:12+00:00","dateModified":"2024-10-08T12:52:00+00:00","breadcrumb":{"@id":"https:\/\/infos-droitshumains.net\/?p=11336#breadcrumb"},"inLanguage":"fr-FR","potentialAction":[{"@type":"ReadAction","target":["https:\/\/infos-droitshumains.net\/?p=11336"]}]},{"@type":"ImageObject","inLanguage":"fr-FR","@id":"https:\/\/infos-droitshumains.net\/?p=11336#primaryimage","url":"https:\/\/i0.wp.com\/infos-droitshumains.net\/wp-content\/uploads\/2024\/10\/IMG-20241008-WA0011_1.jpg?fit=1080%2C719&ssl=1","contentUrl":"https:\/\/i0.wp.com\/infos-droitshumains.net\/wp-content\/uploads\/2024\/10\/IMG-20241008-WA0011_1.jpg?fit=1080%2C719&ssl=1","width":1080,"height":719},{"@type":"BreadcrumbList","@id":"https:\/\/infos-droitshumains.net\/?p=11336#breadcrumb","itemListElement":[{"@type":"ListItem","position":1,"name":"Accueil","item":"https:\/\/infos-droitshumains.net\/"},{"@type":"ListItem","position":2,"name":"RDC\u00a0: Le nouveau comit\u00e9 ex\u00e9cutif de l&rsquo;UNCC d\u00e9die son mandat entre les mains de Dieu"}]},{"@type":"WebSite","@id":"https:\/\/infos-droitshumains.net\/#website","url":"https:\/\/infos-droitshumains.net\/","name":"Infos Droits Humains","description":"S&#039;informer est un droit","publisher":{"@id":"https:\/\/infos-droitshumains.net\/#organization"},"potentialAction":[{"@type":"SearchAction","target":{"@type":"EntryPoint","urlTemplate":"https:\/\/infos-droitshumains.net\/?s={search_term_string}"},"query-input":{"@type":"PropertyValueSpecification","valueRequired":true,"valueName":"search_term_string"}}],"inLanguage":"fr-FR"},{"@type":"Organization","@id":"https:\/\/infos-droitshumains.net\/#organization","name":"Infos Droits Humains","url":"https:\/\/infos-droitshumains.net\/","logo":{"@type":"ImageObject","inLanguage":"fr-FR","@id":"https:\/\/infos-droitshumains.net\/#\/schema\/logo\/image\/","url":"https:\/\/i0.wp.com\/infos-droitshumains.net\/wp-content\/uploads\/2022\/05\/Logo.png?fit=333%2C129&ssl=1","contentUrl":"https:\/\/i0.wp.com\/infos-droitshumains.net\/wp-content\/uploads\/2022\/05\/Logo.png?fit=333%2C129&ssl=1","width":333,"height":129,"caption":"Infos Droits Humains"},"image":{"@id":"https:\/\/infos-droitshumains.net\/#\/schema\/logo\/image\/"}},{"@type":"Person","@id":"https:\/\/infos-droitshumains.net\/#\/schema\/person\/3dc5e921c3302172e0ed4362f96faab7","name":"Jo\u00ebl Diawa","image":{"@type":"ImageObject","inLanguage":"fr-FR","@id":"https:\/\/secure.gravatar.com\/avatar\/729bea6ff4604c624417803c477363be8e3c7186deaa65713313f9b4b820f41c?s=96&d=mm&r=g","url":"https:\/\/secure.gravatar.com\/avatar\/729bea6ff4604c624417803c477363be8e3c7186deaa65713313f9b4b820f41c?s=96&d=mm&r=g","contentUrl":"https:\/\/secure.gravatar.com\/avatar\/729bea6ff4604c624417803c477363be8e3c7186deaa65713313f9b4b820f41c?s=96&d=mm&r=g","caption":"Jo\u00ebl Diawa"},"sameAs":["https:\/\/www.infos-droitshumains.net"],"url":"https:\/\/infos-droitshumains.net\/?author=2"}]}},"featured_image_urls":{"full":["https:\/\/i0.wp.com\/infos-droitshumains.net\/wp-content\/uploads\/2024\/10\/IMG-20241008-WA0011_1.jpg?fit=1080%2C719&ssl=1",1080,719,false],"thumbnail":["https:\/\/i0.wp.com\/infos-droitshumains.net\/wp-content\/uploads\/2024\/10\/IMG-20241008-WA0011_1.jpg?resize=150%2C150&ssl=1",150,150,true],"medium":["https:\/\/i0.wp.com\/infos-droitshumains.net\/wp-content\/uploads\/2024\/10\/IMG-20241008-WA0011_1.jpg?fit=300%2C200&ssl=1",300,200,true],"medium_large":["https:\/\/i0.wp.com\/infos-droitshumains.net\/wp-content\/uploads\/2024\/10\/IMG-20241008-WA0011_1.jpg?fit=640%2C426&ssl=1",640,426,true],"large":["https:\/\/i0.wp.com\/infos-droitshumains.net\/wp-content\/uploads\/2024\/10\/IMG-20241008-WA0011_1.jpg?fit=640%2C426&ssl=1",640,426,true],"1536x1536":["https:\/\/i0.wp.com\/infos-droitshumains.net\/wp-content\/uploads\/2024\/10\/IMG-20241008-WA0011_1.jpg?fit=1080%2C719&ssl=1",1080,719,true],"2048x2048":["https:\/\/i0.wp.com\/infos-droitshumains.net\/wp-content\/uploads\/2024\/10\/IMG-20241008-WA0011_1.jpg?fit=1080%2C719&ssl=1",1080,719,true],"covernews-slider-full":["https:\/\/i0.wp.com\/infos-droitshumains.net\/wp-content\/uploads\/2024\/10\/IMG-20241008-WA0011_1.jpg?resize=1080%2C715&ssl=1",1080,715,true],"covernews-slider-center":["https:\/\/i0.wp.com\/infos-droitshumains.net\/wp-content\/uploads\/2024\/10\/IMG-20241008-WA0011_1.jpg?resize=800%2C500&ssl=1",800,500,true],"covernews-featured":["https:\/\/i0.wp.com\/infos-droitshumains.net\/wp-content\/uploads\/2024\/10\/IMG-20241008-WA0011_1.jpg?fit=1024%2C682&ssl=1",1024,682,true],"covernews-medium":["https:\/\/i0.wp.com\/infos-droitshumains.net\/wp-content\/uploads\/2024\/10\/IMG-20241008-WA0011_1.jpg?resize=540%2C340&ssl=1",540,340,true],"covernews-medium-square":["https:\/\/i0.wp.com\/infos-droitshumains.net\/wp-content\/uploads\/2024\/10\/IMG-20241008-WA0011_1.jpg?resize=400%2C250&ssl=1",400,250,true]},"author_info":{"display_name":"Jo\u00ebl Diawa","author_link":"https:\/\/infos-droitshumains.net\/?author=2"},"category_info":"<a href=\"https:\/\/infos-droitshumains.net\/?cat=8\" rel=\"category\">Soci\u00e9t\u00e9<\/a>","tag_info":"Soci\u00e9t\u00e9","comment_count":"0","jetpack_featured_media_url":"https:\/\/i0.wp.com\/infos-droitshumains.net\/wp-content\/uploads\/2024\/10\/IMG-20241008-WA0011_1.jpg?fit=1080%2C719&ssl=1","jetpack-related-posts":[],"jetpack_sharing_enabled":true,"_links":{"self":[{"href":"https:\/\/infos-droitshumains.net\/index.php?rest_route=\/wp\/v2\/posts\/11336","targetHints":{"allow":["GET"]}}],"collection":[{"href":"https:\/\/infos-droitshumains.net\/index.php?rest_route=\/wp\/v2\/posts"}],"about":[{"href":"https:\/\/infos-droitshumains.net\/index.php?rest_route=\/wp\/v2\/types\/post"}],"author":[{"embeddable":true,"href":"https:\/\/infos-droitshumains.net\/index.php?rest_route=\/wp\/v2\/users\/2"}],"replies":[{"embeddable":true,"href":"https:\/\/infos-droitshumains.net\/index.php?rest_route=%2Fwp%2Fv2%2Fcomments&post=11336"}],"version-history":[{"count":3,"href":"https:\/\/infos-droitshumains.net\/index.php?rest_route=\/wp\/v2\/posts\/11336\/revisions"}],"predecessor-version":[{"id":11342,"href":"https:\/\/infos-droitshumains.net\/index.php?rest_route=\/wp\/v2\/posts\/11336\/revisions\/11342"}],"wp:featuredmedia":[{"embeddable":true,"href":"https:\/\/infos-droitshumains.net\/index.php?rest_route=\/wp\/v2\/media\/11341"}],"wp:attachment":[{"href":"https:\/\/infos-droitshumains.net\/index.php?rest_route=%2Fwp%2Fv2%2Fmedia&parent=11336"}],"wp:term":[{"taxonomy":"category","embeddable":true,"href":"https:\/\/infos-droitshumains.net\/index.php?rest_route=%2Fwp%2Fv2%2Fcategories&post=11336"},{"taxonomy":"post_tag","embeddable":true,"href":"https:\/\/infos-droitshumains.net\/index.php?rest_route=%2Fwp%2Fv2%2Ftags&post=11336"}],"curies":[{"name":"wp","href":"https:\/\/api.w.org\/{rel}","templated":true}]}}