{"id":11185,"date":"2024-09-21T09:42:15","date_gmt":"2024-09-21T07:42:15","guid":{"rendered":"https:\/\/infos-droitshumains.net\/?p=11185"},"modified":"2024-09-21T10:52:21","modified_gmt":"2024-09-21T08:52:21","slug":"election-a-lunpc-kamanda-wa-kamanda-et-son-equipe-une-victoire-de-la-raison-salue-luncc","status":"publish","type":"post","link":"https:\/\/infos-droitshumains.net\/?p=11185","title":{"rendered":"Election \u00e0 l\u2019UNPC\u00a0: Kamanda Wa Kamanda et son \u00e9quipe, une victoire de la raison salu\u00e9e par l\u2019UNCC"},"content":{"rendered":"\n<p><strong>R\u00e9daction : +243 817 406 088<\/strong><\/p>\n\n\n\n<h3 class=\"wp-block-heading has-vivid-red-color has-text-color has-link-color wp-elements-0d3e7942b198d8079337d689d2f2dcbc\">\u00a0Le 10<sup>\u00e8me<\/sup> congr\u00e8s de l\u2019Union Nationale de la Presse du Congo s\u2019est cl\u00f4tur\u00e9 ce vendredi 20 septembre 2024 au centre Nganda \u00e0 Kinshasa avec \u00e0 la cl\u00e9, l\u2019\u00e9lection des nouveaux membres du comit\u00e9 directeur. Ce comit\u00e9 sera dirig\u00e9 par l\u2019ancien correspondant de la Radio France Internationale, Baudouin Kamanda Wa Kamanda Muzembe qui sera second\u00e9 par Cyrille Kileba, Marianne Mujing Yva Muland, Jasbey Zegbia, Rachel Kitsita et Sergine Rehema, respectivement 1<sup>er<\/sup> et 2<sup>\u00e8me<\/sup> Vice-Pr\u00e9sident, Secr\u00e9taire G\u00e9n\u00e9ral, Tr\u00e9sori\u00e8re et Conseill\u00e8re du Comit\u00e9 Directeur.<\/h3>\n\n\n\n<p>Une \u00e9lection vivement salu\u00e9e par l\u2019Union Nationale des Cameramen du Congo, une structure partenaire inconditionnelle de l\u2019UNPC qui voit en ce nouveau comit\u00e9, une solution ad\u00e9quate face aux diff\u00e9rentes vagues ayant \u00e9maill\u00e9es cette corporation journaliste dans le pass\u00e9.<\/p>\n\n\n\n<p><em>\u00ab&nbsp;Le doyen Kamanda Wa Kamanda est un journaliste chevronn\u00e9 dont personne ignore les potentialit\u00e9s. Pendant plus de 20 ans, il a \u00e9t\u00e9 correspondant de la rfi ici en RDC. Son exp\u00e9rience et sa connaissance ne souffrent d\u2019aucune contestation. Nous sommes convaincus que tout ce qu\u2019il a amass\u00e9 durant sa riche carri\u00e8re de journaliste sera mis en contribution pour l\u2019int\u00e9r\u00eat de l\u2019UNCC. Parmi les autres membres de son \u00e9quipe, il y a aussi des potentialit\u00e9s qui seront \u00e0 mesure de l\u2019accompagner \u00e0 accomplir cette lourde tache.&nbsp;\u00bb<\/em><\/p>\n\n\n\n<p>L\u2019UNCC invite par ailleurs la nouvelle \u00e9quipe d\u2019assainir la corporation qui est inond\u00e9 des moutons noirs&nbsp;:<\/p>\n\n\n\n<p><em>\u00ab&nbsp;Aujourd\u2019hui, c\u2019est tr\u00e8s difficile d\u2019identifier qui est journaliste qui ne l\u2019ai pas. Tout le monde qui passe soit aux m\u00e9dias classiques soit sur dans les r\u00e9seaux sociaux se dit journaliste. La nouvelle \u00e9quipe devra avant tout d\u00e9finir qui est journaliste qui ne l\u2019est pas. Cela \u00e9viterait de la confusion et je crois que \u00e7a pourrait assainir cette corporation.&nbsp;\u00bb<\/em><\/p>\n\n\n\n<p>Cette \u00e9lection permettra ainsi une parfaite collaboration entre l\u2019UNPC et l\u2019UNCC pour l\u2019int\u00e9r\u00eat de la presse en R\u00e9publique D\u00e9mocratique du Congo&nbsp;:<\/p>\n\n\n\n<p><em>\u00ab&nbsp;L\u2019UNPC et l\u2019UNCC doivent \u0153uvrer comme le recto et le verso d\u2019une feuille. Nous sommes candidat pour les prochaines \u00e9lections au sein de l\u2019UNCC. Une fois \u00e9lus, nous allons pouvoir rencontrer cette nouvelle \u00e9quipe pour d\u00e9finir le mode de collaboration entre les deux structures. Il existe une repr\u00e9sentation des cameramen parmi les structures de l\u2019UNPC. Nous voulons cette fois-ci que, des personnes qui nous qui y vont nous pr\u00e9senter soient envoy\u00e9es par l\u2019Union Nationale des Cameramen du Congo. Cela \u00e9viterait les d\u00e9sordres qu\u2019on a connus dans le pass\u00e9.&nbsp;\u00bb<\/em><\/p>\n\n\n\n<p>l\u2019Union Nationale des Cameramen du Congo pr\u00e9vues pour le dimanche 29 Septembre prochain.<\/p>\n\n\n\n<p>L\u2019Union Nationale des Cameramen du Congo quant \u00e0 elle organisera son Assembl\u00e9e G\u00e9n\u00e9rale \u00e9lective le dimanche 29 Septembre prochain en vue de se choisir des nouveaux dirigeants. D\u2019apr\u00e8s les sondages et estimations, c\u2019est Merlin Kamalandua qui part favori pour pouvoir \u00eatre \u00e9lu Pr\u00e9sident du Comit\u00e9 ex\u00e9cutif de cette structure.<\/p>\n\n\n\n<p>R\u00e9daction<\/p>\n","protected":false},"excerpt":{"rendered":"<p>R\u00e9daction : +243 817 406 088 \u00a0Le 10\u00e8me congr\u00e8s de l\u2019Union Nationale de la Presse&#8230;<\/p>\n","protected":false},"author":2,"featured_media":11187,"comment_status":"open","ping_status":"open","sticky":false,"template":"","format":"standard","meta":{"_jetpack_memberships_contains_paid_content":false,"footnotes":""},"categories":[8],"tags":[],"class_list":["post-11185","post","type-post","status-publish","format-standard","has-post-thumbnail","hentry","category-societe"],"yoast_head":"<!-- This site is optimized with the Yoast SEO plugin v27.5 - https:\/\/yoast.com\/product\/yoast-seo-wordpress\/ -->\n<title>Election \u00e0 l\u2019UNPC\u00a0: Kamanda Wa Kamanda et son \u00e9quipe, une victoire de la raison salu\u00e9e par l\u2019UNCC - Infos Droits Humains<\/title>\n<meta name=\"robots\" content=\"index, follow, max-snippet:-1, max-image-preview:large, max-video-preview:-1\" \/>\n<link rel=\"canonical\" href=\"https:\/\/infos-droitshumains.net\/?p=11185\" \/>\n<meta property=\"og:locale\" content=\"fr_FR\" \/>\n<meta property=\"og:type\" content=\"article\" \/>\n<meta property=\"og:title\" content=\"Election \u00e0 l\u2019UNPC\u00a0: Kamanda Wa Kamanda et son \u00e9quipe, une victoire de la raison salu\u00e9e par l\u2019UNCC - Infos Droits Humains\" \/>\n<meta property=\"og:description\" content=\"R\u00e9daction : +243 817 406 088 \u00a0Le 10\u00e8me congr\u00e8s de l\u2019Union Nationale de la Presse...\" \/>\n<meta property=\"og:url\" content=\"https:\/\/infos-droitshumains.net\/?p=11185\" \/>\n<meta property=\"og:site_name\" content=\"Infos Droits Humains\" \/>\n<meta property=\"article:published_time\" content=\"2024-09-21T07:42:15+00:00\" \/>\n<meta property=\"article:modified_time\" content=\"2024-09-21T08:52:21+00:00\" \/>\n<meta property=\"og:image\" content=\"https:\/\/infos-droitshumains.net\/wp-content\/uploads\/2024\/09\/IMG-20240921-WA0013.jpg\" \/>\n\t<meta property=\"og:image:width\" content=\"640\" \/>\n\t<meta property=\"og:image:height\" content=\"640\" \/>\n\t<meta property=\"og:image:type\" content=\"image\/jpeg\" \/>\n<meta name=\"author\" content=\"Jo\u00ebl Diawa\" \/>\n<meta name=\"twitter:card\" content=\"summary_large_image\" \/>\n<meta name=\"twitter:label1\" content=\"\u00c9crit par\" \/>\n\t<meta name=\"twitter:data1\" content=\"Jo\u00ebl Diawa\" \/>\n\t<meta name=\"twitter:label2\" content=\"Dur\u00e9e de lecture estim\u00e9e\" \/>\n\t<meta name=\"twitter:data2\" content=\"3 minutes\" \/>\n<script type=\"application\/ld+json\" class=\"yoast-schema-graph\">{\"@context\":\"https:\\\/\\\/schema.org\",\"@graph\":[{\"@type\":\"Article\",\"@id\":\"https:\\\/\\\/infos-droitshumains.net\\\/?p=11185#article\",\"isPartOf\":{\"@id\":\"https:\\\/\\\/infos-droitshumains.net\\\/?p=11185\"},\"author\":{\"name\":\"Jo\u00ebl Diawa\",\"@id\":\"https:\\\/\\\/infos-droitshumains.net\\\/#\\\/schema\\\/person\\\/3dc5e921c3302172e0ed4362f96faab7\"},\"headline\":\"Election \u00e0 l\u2019UNPC\u00a0: Kamanda Wa Kamanda et son \u00e9quipe, une victoire de la raison salu\u00e9e par l\u2019UNCC\",\"datePublished\":\"2024-09-21T07:42:15+00:00\",\"dateModified\":\"2024-09-21T08:52:21+00:00\",\"mainEntityOfPage\":{\"@id\":\"https:\\\/\\\/infos-droitshumains.net\\\/?p=11185\"},\"wordCount\":541,\"commentCount\":0,\"publisher\":{\"@id\":\"https:\\\/\\\/infos-droitshumains.net\\\/#organization\"},\"image\":{\"@id\":\"https:\\\/\\\/infos-droitshumains.net\\\/?p=11185#primaryimage\"},\"thumbnailUrl\":\"https:\\\/\\\/i0.wp.com\\\/infos-droitshumains.net\\\/wp-content\\\/uploads\\\/2024\\\/09\\\/IMG-20240921-WA0013.jpg?fit=640%2C640&ssl=1\",\"articleSection\":[\"Soci\u00e9t\u00e9\"],\"inLanguage\":\"fr-FR\",\"potentialAction\":[{\"@type\":\"CommentAction\",\"name\":\"Comment\",\"target\":[\"https:\\\/\\\/infos-droitshumains.net\\\/?p=11185#respond\"]}]},{\"@type\":\"WebPage\",\"@id\":\"https:\\\/\\\/infos-droitshumains.net\\\/?p=11185\",\"url\":\"https:\\\/\\\/infos-droitshumains.net\\\/?p=11185\",\"name\":\"Election \u00e0 l\u2019UNPC\u00a0: Kamanda Wa Kamanda et son \u00e9quipe, une victoire de la raison salu\u00e9e par l\u2019UNCC - Infos Droits Humains\",\"isPartOf\":{\"@id\":\"https:\\\/\\\/infos-droitshumains.net\\\/#website\"},\"primaryImageOfPage\":{\"@id\":\"https:\\\/\\\/infos-droitshumains.net\\\/?p=11185#primaryimage\"},\"image\":{\"@id\":\"https:\\\/\\\/infos-droitshumains.net\\\/?p=11185#primaryimage\"},\"thumbnailUrl\":\"https:\\\/\\\/i0.wp.com\\\/infos-droitshumains.net\\\/wp-content\\\/uploads\\\/2024\\\/09\\\/IMG-20240921-WA0013.jpg?fit=640%2C640&ssl=1\",\"datePublished\":\"2024-09-21T07:42:15+00:00\",\"dateModified\":\"2024-09-21T08:52:21+00:00\",\"breadcrumb\":{\"@id\":\"https:\\\/\\\/infos-droitshumains.net\\\/?p=11185#breadcrumb\"},\"inLanguage\":\"fr-FR\",\"potentialAction\":[{\"@type\":\"ReadAction\",\"target\":[\"https:\\\/\\\/infos-droitshumains.net\\\/?p=11185\"]}]},{\"@type\":\"ImageObject\",\"inLanguage\":\"fr-FR\",\"@id\":\"https:\\\/\\\/infos-droitshumains.net\\\/?p=11185#primaryimage\",\"url\":\"https:\\\/\\\/i0.wp.com\\\/infos-droitshumains.net\\\/wp-content\\\/uploads\\\/2024\\\/09\\\/IMG-20240921-WA0013.jpg?fit=640%2C640&ssl=1\",\"contentUrl\":\"https:\\\/\\\/i0.wp.com\\\/infos-droitshumains.net\\\/wp-content\\\/uploads\\\/2024\\\/09\\\/IMG-20240921-WA0013.jpg?fit=640%2C640&ssl=1\",\"width\":640,\"height\":640},{\"@type\":\"BreadcrumbList\",\"@id\":\"https:\\\/\\\/infos-droitshumains.net\\\/?p=11185#breadcrumb\",\"itemListElement\":[{\"@type\":\"ListItem\",\"position\":1,\"name\":\"Accueil\",\"item\":\"https:\\\/\\\/infos-droitshumains.net\\\/\"},{\"@type\":\"ListItem\",\"position\":2,\"name\":\"Election \u00e0 l\u2019UNPC\u00a0: Kamanda Wa Kamanda et son \u00e9quipe, une victoire de la raison salu\u00e9e par l\u2019UNCC\"}]},{\"@type\":\"WebSite\",\"@id\":\"https:\\\/\\\/infos-droitshumains.net\\\/#website\",\"url\":\"https:\\\/\\\/infos-droitshumains.net\\\/\",\"name\":\"Infos Droits Humains\",\"description\":\"S&#039;informer est un droit\",\"publisher\":{\"@id\":\"https:\\\/\\\/infos-droitshumains.net\\\/#organization\"},\"potentialAction\":[{\"@type\":\"SearchAction\",\"target\":{\"@type\":\"EntryPoint\",\"urlTemplate\":\"https:\\\/\\\/infos-droitshumains.net\\\/?s={search_term_string}\"},\"query-input\":{\"@type\":\"PropertyValueSpecification\",\"valueRequired\":true,\"valueName\":\"search_term_string\"}}],\"inLanguage\":\"fr-FR\"},{\"@type\":\"Organization\",\"@id\":\"https:\\\/\\\/infos-droitshumains.net\\\/#organization\",\"name\":\"Infos Droits Humains\",\"url\":\"https:\\\/\\\/infos-droitshumains.net\\\/\",\"logo\":{\"@type\":\"ImageObject\",\"inLanguage\":\"fr-FR\",\"@id\":\"https:\\\/\\\/infos-droitshumains.net\\\/#\\\/schema\\\/logo\\\/image\\\/\",\"url\":\"https:\\\/\\\/i0.wp.com\\\/infos-droitshumains.net\\\/wp-content\\\/uploads\\\/2022\\\/05\\\/Logo.png?fit=333%2C129&ssl=1\",\"contentUrl\":\"https:\\\/\\\/i0.wp.com\\\/infos-droitshumains.net\\\/wp-content\\\/uploads\\\/2022\\\/05\\\/Logo.png?fit=333%2C129&ssl=1\",\"width\":333,\"height\":129,\"caption\":\"Infos Droits Humains\"},\"image\":{\"@id\":\"https:\\\/\\\/infos-droitshumains.net\\\/#\\\/schema\\\/logo\\\/image\\\/\"}},{\"@type\":\"Person\",\"@id\":\"https:\\\/\\\/infos-droitshumains.net\\\/#\\\/schema\\\/person\\\/3dc5e921c3302172e0ed4362f96faab7\",\"name\":\"Jo\u00ebl Diawa\",\"image\":{\"@type\":\"ImageObject\",\"inLanguage\":\"fr-FR\",\"@id\":\"https:\\\/\\\/secure.gravatar.com\\\/avatar\\\/729bea6ff4604c624417803c477363be8e3c7186deaa65713313f9b4b820f41c?s=96&d=mm&r=g\",\"url\":\"https:\\\/\\\/secure.gravatar.com\\\/avatar\\\/729bea6ff4604c624417803c477363be8e3c7186deaa65713313f9b4b820f41c?s=96&d=mm&r=g\",\"contentUrl\":\"https:\\\/\\\/secure.gravatar.com\\\/avatar\\\/729bea6ff4604c624417803c477363be8e3c7186deaa65713313f9b4b820f41c?s=96&d=mm&r=g\",\"caption\":\"Jo\u00ebl Diawa\"},\"sameAs\":[\"https:\\\/\\\/www.infos-droitshumains.net\"],\"url\":\"https:\\\/\\\/infos-droitshumains.net\\\/?author=2\"}]}<\/script>\n<!-- \/ Yoast SEO plugin. -->","yoast_head_json":{"title":"Election \u00e0 l\u2019UNPC\u00a0: Kamanda Wa Kamanda et son \u00e9quipe, une victoire de la raison salu\u00e9e par l\u2019UNCC - Infos Droits Humains","robots":{"index":"index","follow":"follow","max-snippet":"max-snippet:-1","max-image-preview":"max-image-preview:large","max-video-preview":"max-video-preview:-1"},"canonical":"https:\/\/infos-droitshumains.net\/?p=11185","og_locale":"fr_FR","og_type":"article","og_title":"Election \u00e0 l\u2019UNPC\u00a0: Kamanda Wa Kamanda et son \u00e9quipe, une victoire de la raison salu\u00e9e par l\u2019UNCC - Infos Droits Humains","og_description":"R\u00e9daction : +243 817 406 088 \u00a0Le 10\u00e8me congr\u00e8s de l\u2019Union Nationale de la Presse...","og_url":"https:\/\/infos-droitshumains.net\/?p=11185","og_site_name":"Infos Droits Humains","article_published_time":"2024-09-21T07:42:15+00:00","article_modified_time":"2024-09-21T08:52:21+00:00","og_image":[{"width":640,"height":640,"url":"https:\/\/infos-droitshumains.net\/wp-content\/uploads\/2024\/09\/IMG-20240921-WA0013.jpg","type":"image\/jpeg"}],"author":"Jo\u00ebl Diawa","twitter_card":"summary_large_image","twitter_misc":{"\u00c9crit par":"Jo\u00ebl Diawa","Dur\u00e9e de lecture estim\u00e9e":"3 minutes"},"schema":{"@context":"https:\/\/schema.org","@graph":[{"@type":"Article","@id":"https:\/\/infos-droitshumains.net\/?p=11185#article","isPartOf":{"@id":"https:\/\/infos-droitshumains.net\/?p=11185"},"author":{"name":"Jo\u00ebl Diawa","@id":"https:\/\/infos-droitshumains.net\/#\/schema\/person\/3dc5e921c3302172e0ed4362f96faab7"},"headline":"Election \u00e0 l\u2019UNPC\u00a0: Kamanda Wa Kamanda et son \u00e9quipe, une victoire de la raison salu\u00e9e par l\u2019UNCC","datePublished":"2024-09-21T07:42:15+00:00","dateModified":"2024-09-21T08:52:21+00:00","mainEntityOfPage":{"@id":"https:\/\/infos-droitshumains.net\/?p=11185"},"wordCount":541,"commentCount":0,"publisher":{"@id":"https:\/\/infos-droitshumains.net\/#organization"},"image":{"@id":"https:\/\/infos-droitshumains.net\/?p=11185#primaryimage"},"thumbnailUrl":"https:\/\/i0.wp.com\/infos-droitshumains.net\/wp-content\/uploads\/2024\/09\/IMG-20240921-WA0013.jpg?fit=640%2C640&ssl=1","articleSection":["Soci\u00e9t\u00e9"],"inLanguage":"fr-FR","potentialAction":[{"@type":"CommentAction","name":"Comment","target":["https:\/\/infos-droitshumains.net\/?p=11185#respond"]}]},{"@type":"WebPage","@id":"https:\/\/infos-droitshumains.net\/?p=11185","url":"https:\/\/infos-droitshumains.net\/?p=11185","name":"Election \u00e0 l\u2019UNPC\u00a0: Kamanda Wa Kamanda et son \u00e9quipe, une victoire de la raison salu\u00e9e par l\u2019UNCC - Infos Droits Humains","isPartOf":{"@id":"https:\/\/infos-droitshumains.net\/#website"},"primaryImageOfPage":{"@id":"https:\/\/infos-droitshumains.net\/?p=11185#primaryimage"},"image":{"@id":"https:\/\/infos-droitshumains.net\/?p=11185#primaryimage"},"thumbnailUrl":"https:\/\/i0.wp.com\/infos-droitshumains.net\/wp-content\/uploads\/2024\/09\/IMG-20240921-WA0013.jpg?fit=640%2C640&ssl=1","datePublished":"2024-09-21T07:42:15+00:00","dateModified":"2024-09-21T08:52:21+00:00","breadcrumb":{"@id":"https:\/\/infos-droitshumains.net\/?p=11185#breadcrumb"},"inLanguage":"fr-FR","potentialAction":[{"@type":"ReadAction","target":["https:\/\/infos-droitshumains.net\/?p=11185"]}]},{"@type":"ImageObject","inLanguage":"fr-FR","@id":"https:\/\/infos-droitshumains.net\/?p=11185#primaryimage","url":"https:\/\/i0.wp.com\/infos-droitshumains.net\/wp-content\/uploads\/2024\/09\/IMG-20240921-WA0013.jpg?fit=640%2C640&ssl=1","contentUrl":"https:\/\/i0.wp.com\/infos-droitshumains.net\/wp-content\/uploads\/2024\/09\/IMG-20240921-WA0013.jpg?fit=640%2C640&ssl=1","width":640,"height":640},{"@type":"BreadcrumbList","@id":"https:\/\/infos-droitshumains.net\/?p=11185#breadcrumb","itemListElement":[{"@type":"ListItem","position":1,"name":"Accueil","item":"https:\/\/infos-droitshumains.net\/"},{"@type":"ListItem","position":2,"name":"Election \u00e0 l\u2019UNPC\u00a0: Kamanda Wa Kamanda et son \u00e9quipe, une victoire de la raison salu\u00e9e par l\u2019UNCC"}]},{"@type":"WebSite","@id":"https:\/\/infos-droitshumains.net\/#website","url":"https:\/\/infos-droitshumains.net\/","name":"Infos Droits Humains","description":"S&#039;informer est un droit","publisher":{"@id":"https:\/\/infos-droitshumains.net\/#organization"},"potentialAction":[{"@type":"SearchAction","target":{"@type":"EntryPoint","urlTemplate":"https:\/\/infos-droitshumains.net\/?s={search_term_string}"},"query-input":{"@type":"PropertyValueSpecification","valueRequired":true,"valueName":"search_term_string"}}],"inLanguage":"fr-FR"},{"@type":"Organization","@id":"https:\/\/infos-droitshumains.net\/#organization","name":"Infos Droits Humains","url":"https:\/\/infos-droitshumains.net\/","logo":{"@type":"ImageObject","inLanguage":"fr-FR","@id":"https:\/\/infos-droitshumains.net\/#\/schema\/logo\/image\/","url":"https:\/\/i0.wp.com\/infos-droitshumains.net\/wp-content\/uploads\/2022\/05\/Logo.png?fit=333%2C129&ssl=1","contentUrl":"https:\/\/i0.wp.com\/infos-droitshumains.net\/wp-content\/uploads\/2022\/05\/Logo.png?fit=333%2C129&ssl=1","width":333,"height":129,"caption":"Infos Droits Humains"},"image":{"@id":"https:\/\/infos-droitshumains.net\/#\/schema\/logo\/image\/"}},{"@type":"Person","@id":"https:\/\/infos-droitshumains.net\/#\/schema\/person\/3dc5e921c3302172e0ed4362f96faab7","name":"Jo\u00ebl Diawa","image":{"@type":"ImageObject","inLanguage":"fr-FR","@id":"https:\/\/secure.gravatar.com\/avatar\/729bea6ff4604c624417803c477363be8e3c7186deaa65713313f9b4b820f41c?s=96&d=mm&r=g","url":"https:\/\/secure.gravatar.com\/avatar\/729bea6ff4604c624417803c477363be8e3c7186deaa65713313f9b4b820f41c?s=96&d=mm&r=g","contentUrl":"https:\/\/secure.gravatar.com\/avatar\/729bea6ff4604c624417803c477363be8e3c7186deaa65713313f9b4b820f41c?s=96&d=mm&r=g","caption":"Jo\u00ebl Diawa"},"sameAs":["https:\/\/www.infos-droitshumains.net"],"url":"https:\/\/infos-droitshumains.net\/?author=2"}]}},"featured_image_urls":{"full":["https:\/\/i0.wp.com\/infos-droitshumains.net\/wp-content\/uploads\/2024\/09\/IMG-20240921-WA0013.jpg?fit=640%2C640&ssl=1",640,640,false],"thumbnail":["https:\/\/i0.wp.com\/infos-droitshumains.net\/wp-content\/uploads\/2024\/09\/IMG-20240921-WA0013.jpg?resize=150%2C150&ssl=1",150,150,true],"medium":["https:\/\/i0.wp.com\/infos-droitshumains.net\/wp-content\/uploads\/2024\/09\/IMG-20240921-WA0013.jpg?fit=300%2C300&ssl=1",300,300,true],"medium_large":["https:\/\/i0.wp.com\/infos-droitshumains.net\/wp-content\/uploads\/2024\/09\/IMG-20240921-WA0013.jpg?fit=640%2C640&ssl=1",640,640,true],"large":["https:\/\/i0.wp.com\/infos-droitshumains.net\/wp-content\/uploads\/2024\/09\/IMG-20240921-WA0013.jpg?fit=640%2C640&ssl=1",640,640,true],"1536x1536":["https:\/\/i0.wp.com\/infos-droitshumains.net\/wp-content\/uploads\/2024\/09\/IMG-20240921-WA0013.jpg?fit=640%2C640&ssl=1",640,640,true],"2048x2048":["https:\/\/i0.wp.com\/infos-droitshumains.net\/wp-content\/uploads\/2024\/09\/IMG-20240921-WA0013.jpg?fit=640%2C640&ssl=1",640,640,true],"covernews-slider-full":["https:\/\/i0.wp.com\/infos-droitshumains.net\/wp-content\/uploads\/2024\/09\/IMG-20240921-WA0013.jpg?resize=640%2C640&ssl=1",640,640,true],"covernews-slider-center":["https:\/\/i0.wp.com\/infos-droitshumains.net\/wp-content\/uploads\/2024\/09\/IMG-20240921-WA0013.jpg?resize=640%2C500&ssl=1",640,500,true],"covernews-featured":["https:\/\/i0.wp.com\/infos-droitshumains.net\/wp-content\/uploads\/2024\/09\/IMG-20240921-WA0013.jpg?fit=640%2C640&ssl=1",640,640,true],"covernews-medium":["https:\/\/i0.wp.com\/infos-droitshumains.net\/wp-content\/uploads\/2024\/09\/IMG-20240921-WA0013.jpg?resize=540%2C340&ssl=1",540,340,true],"covernews-medium-square":["https:\/\/i0.wp.com\/infos-droitshumains.net\/wp-content\/uploads\/2024\/09\/IMG-20240921-WA0013.jpg?resize=400%2C250&ssl=1",400,250,true]},"author_info":{"display_name":"Jo\u00ebl Diawa","author_link":"https:\/\/infos-droitshumains.net\/?author=2"},"category_info":"<a href=\"https:\/\/infos-droitshumains.net\/?cat=8\" rel=\"category\">Soci\u00e9t\u00e9<\/a>","tag_info":"Soci\u00e9t\u00e9","comment_count":"0","jetpack_featured_media_url":"https:\/\/i0.wp.com\/infos-droitshumains.net\/wp-content\/uploads\/2024\/09\/IMG-20240921-WA0013.jpg?fit=640%2C640&ssl=1","jetpack-related-posts":[],"jetpack_sharing_enabled":true,"_links":{"self":[{"href":"https:\/\/infos-droitshumains.net\/index.php?rest_route=\/wp\/v2\/posts\/11185","targetHints":{"allow":["GET"]}}],"collection":[{"href":"https:\/\/infos-droitshumains.net\/index.php?rest_route=\/wp\/v2\/posts"}],"about":[{"href":"https:\/\/infos-droitshumains.net\/index.php?rest_route=\/wp\/v2\/types\/post"}],"author":[{"embeddable":true,"href":"https:\/\/infos-droitshumains.net\/index.php?rest_route=\/wp\/v2\/users\/2"}],"replies":[{"embeddable":true,"href":"https:\/\/infos-droitshumains.net\/index.php?rest_route=%2Fwp%2Fv2%2Fcomments&post=11185"}],"version-history":[{"count":3,"href":"https:\/\/infos-droitshumains.net\/index.php?rest_route=\/wp\/v2\/posts\/11185\/revisions"}],"predecessor-version":[{"id":11189,"href":"https:\/\/infos-droitshumains.net\/index.php?rest_route=\/wp\/v2\/posts\/11185\/revisions\/11189"}],"wp:featuredmedia":[{"embeddable":true,"href":"https:\/\/infos-droitshumains.net\/index.php?rest_route=\/wp\/v2\/media\/11187"}],"wp:attachment":[{"href":"https:\/\/infos-droitshumains.net\/index.php?rest_route=%2Fwp%2Fv2%2Fmedia&parent=11185"}],"wp:term":[{"taxonomy":"category","embeddable":true,"href":"https:\/\/infos-droitshumains.net\/index.php?rest_route=%2Fwp%2Fv2%2Fcategories&post=11185"},{"taxonomy":"post_tag","embeddable":true,"href":"https:\/\/infos-droitshumains.net\/index.php?rest_route=%2Fwp%2Fv2%2Ftags&post=11185"}],"curies":[{"name":"wp","href":"https:\/\/api.w.org\/{rel}","templated":true}]}}