{"id":11172,"date":"2024-09-19T23:41:30","date_gmt":"2024-09-19T21:41:30","guid":{"rendered":"https:\/\/infos-droitshumains.net\/?p=11172"},"modified":"2024-09-20T09:58:14","modified_gmt":"2024-09-20T07:58:14","slug":"12eme-conference-des-presidents-des-parlements-africains-vital-kamerhe-presente-la-position-strategique-de-rdc-qui-lui-confere-le-statut-de-pays-solution-aux-grands-problemes-daf","status":"publish","type":"post","link":"https:\/\/infos-droitshumains.net\/?p=11172","title":{"rendered":"12\u00e8me conf\u00e9rence des pr\u00e9sidents des parlements africains\u00a0: Vital Kamerhe pr\u00e9sente la position strat\u00e9gique de la RDC \u00a0qui lui conf\u00e8re le statut de pays solution aux grands probl\u00e8mes d\u2019Afrique et du monde"},"content":{"rendered":"\n<p><strong>R\u00e9daction : +243 817 406 088<\/strong><\/p>\n\n\n\n<h3 class=\"wp-block-heading has-vivid-red-color has-text-color has-link-color wp-elements-1d834ecb463e9d9465be8c786ddcd3af\">La 12<sup>\u00e8me<\/sup> conf\u00e9rence des pr\u00e9sidents des parlements africains organis\u00e9e par le parlement panafricain s\u2019est poursuivie ce jeudi 19 septembre 2024 \u00e0 Johannesburg. Le Pr\u00e9sident de l\u2019Assembl\u00e9e Nationale congolais a pris la parole du haut de la tribune de ces assises.<\/h3>\n\n\n\n<figure class=\"wp-block-image alignfull size-full\"><img data-recalc-dims=\"1\" fetchpriority=\"high\" decoding=\"async\" width=\"640\" height=\"427\" src=\"https:\/\/i0.wp.com\/infos-droitshumains.net\/wp-content\/uploads\/2024\/09\/IMG-20240919-WA0061.jpg?resize=640%2C427&#038;ssl=1\" alt=\"\" class=\"wp-image-11176\" srcset=\"https:\/\/i0.wp.com\/infos-droitshumains.net\/wp-content\/uploads\/2024\/09\/IMG-20240919-WA0061.jpg?w=1000&amp;ssl=1 1000w, https:\/\/i0.wp.com\/infos-droitshumains.net\/wp-content\/uploads\/2024\/09\/IMG-20240919-WA0061.jpg?resize=300%2C200&amp;ssl=1 300w, https:\/\/i0.wp.com\/infos-droitshumains.net\/wp-content\/uploads\/2024\/09\/IMG-20240919-WA0061.jpg?resize=768%2C512&amp;ssl=1 768w\" sizes=\"(max-width: 640px) 100vw, 640px\" \/><\/figure>\n\n\n\n<p>Vital Kamerhe a interpell\u00e9 ses paires africains sur le danger que court l\u2019Afrique en laissant porte ouverte aux conflits arm\u00e9s entre \u00e9tats comme c\u2019est le cas avec la guerre d\u2019agression impos\u00e9e \u00e0 la R\u00e9publique D\u00e9mocratique du Congo dans sa partie Est. Il a fait savoir que, par sa position strat\u00e9gique, la RDC n\u2019a pas la vocation de faire la guerre \u00e0 ses voisins mais elle a plut\u00f4t une ambition, celle de booster le d\u00e9veloppement de&nbsp; l\u2019Afrique.<\/p>\n\n\n\n<p><em>\u00abLes efforts que nous sommes en train de vouloir impulser \u00e0 partir de nos r\u00e9flexions, les efforts de d\u00e9veloppement qui doivent concr\u00e9tiser notre r\u00eave de voir l\u2019Afrique se lever et marcher risquent d\u2019\u00eatre annul\u00e9s si nous n\u2019arrivons pas \u00e0 ramener la paix sur l\u2019ensemble de l\u2019Afrique. La R\u00e9publique D\u00e9mocratique du Congo aujourd\u2019hui, connait une agression pas de la part des Pays venants d\u2019un autre continent, mais des Pays africains qui sont ses voisins. Il est inadmissible que les conflits qui nous d\u00e9chirent aujourd\u2019hui soient le fait des africains eux-m\u00eames\u00bb<\/em>, a pr\u00e9cis\u00e9 le Professeur Vital Kamerhe.<\/p>\n\n\n\n<p>L\u2019Afrique que nous voulons a-t-il rench\u00e9ri, <em>\u00ab&nbsp;est celle qui tournera d\u00e9finitivement la page des guerres et conflits entre africains et qui se mobilisera ensemble pour une vision partag\u00e9e pour le bonheur de nos peuples.\u00bb<\/em><\/p>\n\n\n\n<figure class=\"wp-block-image alignfull size-full\"><img data-recalc-dims=\"1\" decoding=\"async\" width=\"640\" height=\"427\" src=\"https:\/\/i0.wp.com\/infos-droitshumains.net\/wp-content\/uploads\/2024\/09\/IMG-20240919-WA0057.jpg?resize=640%2C427&#038;ssl=1\" alt=\"\" class=\"wp-image-11179\" srcset=\"https:\/\/i0.wp.com\/infos-droitshumains.net\/wp-content\/uploads\/2024\/09\/IMG-20240919-WA0057.jpg?w=1000&amp;ssl=1 1000w, https:\/\/i0.wp.com\/infos-droitshumains.net\/wp-content\/uploads\/2024\/09\/IMG-20240919-WA0057.jpg?resize=300%2C200&amp;ssl=1 300w, https:\/\/i0.wp.com\/infos-droitshumains.net\/wp-content\/uploads\/2024\/09\/IMG-20240919-WA0057.jpg?resize=768%2C512&amp;ssl=1 768w\" sizes=\"(max-width: 640px) 100vw, 640px\" \/><\/figure>\n\n\n\n<p>Vital Kamerhe a par ailleurs, insist\u00e9 sur la position strat\u00e9gique de la R\u00e9publique D\u00e9mocratique du Congo qui lui conf\u00e8re le statut de pays solution aux grands probl\u00e8mes d\u2019Afrique et du monde avec un accent mis sur les ressources mini\u00e8res, \u00a0l\u2019hydrographie et l\u2019\u00e9nergie avec le projet grand Inga.<\/p>\n\n\n\n<figure class=\"wp-block-image alignfull size-full\"><img data-recalc-dims=\"1\" decoding=\"async\" width=\"640\" height=\"427\" src=\"https:\/\/i0.wp.com\/infos-droitshumains.net\/wp-content\/uploads\/2024\/09\/IMG-20240919-WA0066.jpg?resize=640%2C427&#038;ssl=1\" alt=\"\" class=\"wp-image-11181\" srcset=\"https:\/\/i0.wp.com\/infos-droitshumains.net\/wp-content\/uploads\/2024\/09\/IMG-20240919-WA0066.jpg?w=1000&amp;ssl=1 1000w, https:\/\/i0.wp.com\/infos-droitshumains.net\/wp-content\/uploads\/2024\/09\/IMG-20240919-WA0066.jpg?resize=300%2C200&amp;ssl=1 300w, https:\/\/i0.wp.com\/infos-droitshumains.net\/wp-content\/uploads\/2024\/09\/IMG-20240919-WA0066.jpg?resize=768%2C512&amp;ssl=1 768w\" sizes=\"(max-width: 640px) 100vw, 640px\" \/><\/figure>\n\n\n\n<p><em>\u00abDans le domaine de l\u2019\u00e9nergie, dans le cadre du plan du d\u00e9veloppement de l\u2019Afrique, Inga devrait industrialiser l\u2019ensemble de l\u2019Afrique et une partie de l&rsquo;Asie du sud-est et la partie de l\u2019Europe du Sud. Dans le domaine de l\u2019eau, les r\u00e9serves de la R\u00e9publique D\u00e9mocratique du Congo sont estim\u00e9es \u00e0 53% de toutes les eaux douces d\u2019Afrique, 13% de toutes les eaux du monde. Si aujourd\u2019hui nous sommes agress\u00e9 \u00e0 cause de nos minerais, certainement demain \u00e7a sera \u00e0 cause de l\u2019eau si nous nous mettons pas ensemble pour r\u00e9fl\u00e9chir comment renflouer le lac Tchad ass\u00e9ch\u00e9 et ceci pourrait constituer une solution \u00e0 plus de cinq Pays\u00bb<\/em>, a rappel\u00e9 le Pr\u00e9sident de l\u2019Assembl\u00e9e Nationale.<\/p>\n\n\n\n<figure class=\"wp-block-image alignfull size-full\"><img data-recalc-dims=\"1\" loading=\"lazy\" decoding=\"async\" width=\"640\" height=\"427\" src=\"https:\/\/i0.wp.com\/infos-droitshumains.net\/wp-content\/uploads\/2024\/09\/IMG-20240919-WA0064.jpg?resize=640%2C427&#038;ssl=1\" alt=\"\" class=\"wp-image-11180\" srcset=\"https:\/\/i0.wp.com\/infos-droitshumains.net\/wp-content\/uploads\/2024\/09\/IMG-20240919-WA0064.jpg?w=1000&amp;ssl=1 1000w, https:\/\/i0.wp.com\/infos-droitshumains.net\/wp-content\/uploads\/2024\/09\/IMG-20240919-WA0064.jpg?resize=300%2C200&amp;ssl=1 300w, https:\/\/i0.wp.com\/infos-droitshumains.net\/wp-content\/uploads\/2024\/09\/IMG-20240919-WA0064.jpg?resize=768%2C512&amp;ssl=1 768w\" sizes=\"(max-width: 640px) 100vw, 640px\" \/><\/figure>\n\n\n\n<p>Le Professeur Vital Kamerhe est aussi revenu sur les efforts d\u00e9j\u00e0 d\u00e9ploy\u00e9s par le Pr\u00e9sident F\u00e9lix-Antoine Tshisekedi notamment sur la gratuit\u00e9 de l\u2019enseignement de base qui a permis de r\u00e9duire \u00e0 plus de 80% le taux d\u2019analphab\u00e9tisme en RDC mais aussi, sur la couverture sant\u00e9 Universelle avec la cristallisation sur la gratuit\u00e9 de la maternit\u00e9 et sur l\u2019ambitieux programme du d\u00e9veloppement des 145 territoires.<\/p>\n\n\n\n<p>Depuis son av\u00e8nement \u00e0 la t\u00eate de l\u2019Assembl\u00e9e Nationale, le Professeur Vital Kamerhe ne cesse d\u2019intensifier la diplomatie parlementaire ax\u00e9e essentiellement sur la sensibilisation de la Communaut\u00e9 Internationale et des pays d\u2019Afrique sur le drame que vit la populations du Nord-Kivu et de l\u2019Ituri \u00e0 cause de l\u2019agression Rwandaise et Ougandaise.<\/p>\n\n\n\n<p>Jo\u00ebl Diawa<\/p>\n","protected":false},"excerpt":{"rendered":"<p>R\u00e9daction : +243 817 406 088 La 12\u00e8me conf\u00e9rence des pr\u00e9sidents des parlements africains organis\u00e9e&#8230;<\/p>\n","protected":false},"author":2,"featured_media":11173,"comment_status":"open","ping_status":"open","sticky":false,"template":"","format":"standard","meta":{"_jetpack_memberships_contains_paid_content":false,"footnotes":""},"categories":[6],"tags":[],"class_list":["post-11172","post","type-post","status-publish","format-standard","has-post-thumbnail","hentry","category-justice"],"yoast_head":"<!-- This site is optimized with the Yoast SEO plugin v27.5 - https:\/\/yoast.com\/product\/yoast-seo-wordpress\/ -->\n<title>12\u00e8me conf\u00e9rence des pr\u00e9sidents des parlements africains\u00a0: Vital Kamerhe pr\u00e9sente la position strat\u00e9gique de la RDC \u00a0qui lui conf\u00e8re le statut de pays solution aux grands probl\u00e8mes d\u2019Afrique et du monde - Infos Droits Humains<\/title>\n<meta name=\"robots\" content=\"index, follow, max-snippet:-1, max-image-preview:large, max-video-preview:-1\" \/>\n<link rel=\"canonical\" href=\"https:\/\/infos-droitshumains.net\/?p=11172\" \/>\n<meta property=\"og:locale\" content=\"fr_FR\" \/>\n<meta property=\"og:type\" content=\"article\" \/>\n<meta property=\"og:title\" content=\"12\u00e8me conf\u00e9rence des pr\u00e9sidents des parlements africains\u00a0: Vital Kamerhe pr\u00e9sente la position strat\u00e9gique de la RDC \u00a0qui lui conf\u00e8re le statut de pays solution aux grands probl\u00e8mes d\u2019Afrique et du monde - Infos Droits Humains\" \/>\n<meta property=\"og:description\" content=\"R\u00e9daction : +243 817 406 088 La 12\u00e8me conf\u00e9rence des pr\u00e9sidents des parlements africains organis\u00e9e...\" \/>\n<meta property=\"og:url\" content=\"https:\/\/infos-droitshumains.net\/?p=11172\" \/>\n<meta property=\"og:site_name\" content=\"Infos Droits Humains\" \/>\n<meta property=\"article:published_time\" content=\"2024-09-19T21:41:30+00:00\" \/>\n<meta property=\"article:modified_time\" content=\"2024-09-20T07:58:14+00:00\" \/>\n<meta property=\"og:image\" content=\"https:\/\/infos-droitshumains.net\/wp-content\/uploads\/2024\/09\/IMG-20240919-WA0062.jpg\" \/>\n\t<meta property=\"og:image:width\" content=\"1000\" \/>\n\t<meta property=\"og:image:height\" content=\"667\" \/>\n\t<meta property=\"og:image:type\" content=\"image\/jpeg\" \/>\n<meta name=\"author\" content=\"Jo\u00ebl Diawa\" \/>\n<meta name=\"twitter:card\" content=\"summary_large_image\" \/>\n<meta name=\"twitter:label1\" content=\"\u00c9crit par\" \/>\n\t<meta name=\"twitter:data1\" content=\"Jo\u00ebl Diawa\" \/>\n\t<meta name=\"twitter:label2\" content=\"Dur\u00e9e de lecture estim\u00e9e\" \/>\n\t<meta name=\"twitter:data2\" content=\"4 minutes\" \/>\n<script type=\"application\/ld+json\" class=\"yoast-schema-graph\">{\"@context\":\"https:\\\/\\\/schema.org\",\"@graph\":[{\"@type\":\"Article\",\"@id\":\"https:\\\/\\\/infos-droitshumains.net\\\/?p=11172#article\",\"isPartOf\":{\"@id\":\"https:\\\/\\\/infos-droitshumains.net\\\/?p=11172\"},\"author\":{\"name\":\"Jo\u00ebl Diawa\",\"@id\":\"https:\\\/\\\/infos-droitshumains.net\\\/#\\\/schema\\\/person\\\/3dc5e921c3302172e0ed4362f96faab7\"},\"headline\":\"12\u00e8me conf\u00e9rence des pr\u00e9sidents des parlements africains\u00a0: Vital Kamerhe pr\u00e9sente la position strat\u00e9gique de la RDC \u00a0qui lui conf\u00e8re le statut de pays solution aux grands probl\u00e8mes d\u2019Afrique et du monde\",\"datePublished\":\"2024-09-19T21:41:30+00:00\",\"dateModified\":\"2024-09-20T07:58:14+00:00\",\"mainEntityOfPage\":{\"@id\":\"https:\\\/\\\/infos-droitshumains.net\\\/?p=11172\"},\"wordCount\":638,\"commentCount\":0,\"publisher\":{\"@id\":\"https:\\\/\\\/infos-droitshumains.net\\\/#organization\"},\"image\":{\"@id\":\"https:\\\/\\\/infos-droitshumains.net\\\/?p=11172#primaryimage\"},\"thumbnailUrl\":\"https:\\\/\\\/i0.wp.com\\\/infos-droitshumains.net\\\/wp-content\\\/uploads\\\/2024\\\/09\\\/IMG-20240919-WA0062.jpg?fit=1000%2C667&ssl=1\",\"articleSection\":[\"Justice\"],\"inLanguage\":\"fr-FR\",\"potentialAction\":[{\"@type\":\"CommentAction\",\"name\":\"Comment\",\"target\":[\"https:\\\/\\\/infos-droitshumains.net\\\/?p=11172#respond\"]}]},{\"@type\":\"WebPage\",\"@id\":\"https:\\\/\\\/infos-droitshumains.net\\\/?p=11172\",\"url\":\"https:\\\/\\\/infos-droitshumains.net\\\/?p=11172\",\"name\":\"12\u00e8me conf\u00e9rence des pr\u00e9sidents des parlements africains\u00a0: Vital Kamerhe pr\u00e9sente la position strat\u00e9gique de la RDC \u00a0qui lui conf\u00e8re le statut de pays solution aux grands probl\u00e8mes d\u2019Afrique et du monde - Infos Droits Humains\",\"isPartOf\":{\"@id\":\"https:\\\/\\\/infos-droitshumains.net\\\/#website\"},\"primaryImageOfPage\":{\"@id\":\"https:\\\/\\\/infos-droitshumains.net\\\/?p=11172#primaryimage\"},\"image\":{\"@id\":\"https:\\\/\\\/infos-droitshumains.net\\\/?p=11172#primaryimage\"},\"thumbnailUrl\":\"https:\\\/\\\/i0.wp.com\\\/infos-droitshumains.net\\\/wp-content\\\/uploads\\\/2024\\\/09\\\/IMG-20240919-WA0062.jpg?fit=1000%2C667&ssl=1\",\"datePublished\":\"2024-09-19T21:41:30+00:00\",\"dateModified\":\"2024-09-20T07:58:14+00:00\",\"breadcrumb\":{\"@id\":\"https:\\\/\\\/infos-droitshumains.net\\\/?p=11172#breadcrumb\"},\"inLanguage\":\"fr-FR\",\"potentialAction\":[{\"@type\":\"ReadAction\",\"target\":[\"https:\\\/\\\/infos-droitshumains.net\\\/?p=11172\"]}]},{\"@type\":\"ImageObject\",\"inLanguage\":\"fr-FR\",\"@id\":\"https:\\\/\\\/infos-droitshumains.net\\\/?p=11172#primaryimage\",\"url\":\"https:\\\/\\\/i0.wp.com\\\/infos-droitshumains.net\\\/wp-content\\\/uploads\\\/2024\\\/09\\\/IMG-20240919-WA0062.jpg?fit=1000%2C667&ssl=1\",\"contentUrl\":\"https:\\\/\\\/i0.wp.com\\\/infos-droitshumains.net\\\/wp-content\\\/uploads\\\/2024\\\/09\\\/IMG-20240919-WA0062.jpg?fit=1000%2C667&ssl=1\",\"width\":1000,\"height\":667},{\"@type\":\"BreadcrumbList\",\"@id\":\"https:\\\/\\\/infos-droitshumains.net\\\/?p=11172#breadcrumb\",\"itemListElement\":[{\"@type\":\"ListItem\",\"position\":1,\"name\":\"Accueil\",\"item\":\"https:\\\/\\\/infos-droitshumains.net\\\/\"},{\"@type\":\"ListItem\",\"position\":2,\"name\":\"12\u00e8me conf\u00e9rence des pr\u00e9sidents des parlements africains\u00a0: Vital Kamerhe pr\u00e9sente la position strat\u00e9gique de la RDC \u00a0qui lui conf\u00e8re le statut de pays solution aux grands probl\u00e8mes d\u2019Afrique et du monde\"}]},{\"@type\":\"WebSite\",\"@id\":\"https:\\\/\\\/infos-droitshumains.net\\\/#website\",\"url\":\"https:\\\/\\\/infos-droitshumains.net\\\/\",\"name\":\"Infos Droits Humains\",\"description\":\"S&#039;informer est un droit\",\"publisher\":{\"@id\":\"https:\\\/\\\/infos-droitshumains.net\\\/#organization\"},\"potentialAction\":[{\"@type\":\"SearchAction\",\"target\":{\"@type\":\"EntryPoint\",\"urlTemplate\":\"https:\\\/\\\/infos-droitshumains.net\\\/?s={search_term_string}\"},\"query-input\":{\"@type\":\"PropertyValueSpecification\",\"valueRequired\":true,\"valueName\":\"search_term_string\"}}],\"inLanguage\":\"fr-FR\"},{\"@type\":\"Organization\",\"@id\":\"https:\\\/\\\/infos-droitshumains.net\\\/#organization\",\"name\":\"Infos Droits Humains\",\"url\":\"https:\\\/\\\/infos-droitshumains.net\\\/\",\"logo\":{\"@type\":\"ImageObject\",\"inLanguage\":\"fr-FR\",\"@id\":\"https:\\\/\\\/infos-droitshumains.net\\\/#\\\/schema\\\/logo\\\/image\\\/\",\"url\":\"https:\\\/\\\/i0.wp.com\\\/infos-droitshumains.net\\\/wp-content\\\/uploads\\\/2022\\\/05\\\/Logo.png?fit=333%2C129&ssl=1\",\"contentUrl\":\"https:\\\/\\\/i0.wp.com\\\/infos-droitshumains.net\\\/wp-content\\\/uploads\\\/2022\\\/05\\\/Logo.png?fit=333%2C129&ssl=1\",\"width\":333,\"height\":129,\"caption\":\"Infos Droits Humains\"},\"image\":{\"@id\":\"https:\\\/\\\/infos-droitshumains.net\\\/#\\\/schema\\\/logo\\\/image\\\/\"}},{\"@type\":\"Person\",\"@id\":\"https:\\\/\\\/infos-droitshumains.net\\\/#\\\/schema\\\/person\\\/3dc5e921c3302172e0ed4362f96faab7\",\"name\":\"Jo\u00ebl Diawa\",\"image\":{\"@type\":\"ImageObject\",\"inLanguage\":\"fr-FR\",\"@id\":\"https:\\\/\\\/secure.gravatar.com\\\/avatar\\\/729bea6ff4604c624417803c477363be8e3c7186deaa65713313f9b4b820f41c?s=96&d=mm&r=g\",\"url\":\"https:\\\/\\\/secure.gravatar.com\\\/avatar\\\/729bea6ff4604c624417803c477363be8e3c7186deaa65713313f9b4b820f41c?s=96&d=mm&r=g\",\"contentUrl\":\"https:\\\/\\\/secure.gravatar.com\\\/avatar\\\/729bea6ff4604c624417803c477363be8e3c7186deaa65713313f9b4b820f41c?s=96&d=mm&r=g\",\"caption\":\"Jo\u00ebl Diawa\"},\"sameAs\":[\"https:\\\/\\\/www.infos-droitshumains.net\"],\"url\":\"https:\\\/\\\/infos-droitshumains.net\\\/?author=2\"}]}<\/script>\n<!-- \/ Yoast SEO plugin. -->","yoast_head_json":{"title":"12\u00e8me conf\u00e9rence des pr\u00e9sidents des parlements africains\u00a0: Vital Kamerhe pr\u00e9sente la position strat\u00e9gique de la RDC \u00a0qui lui conf\u00e8re le statut de pays solution aux grands probl\u00e8mes d\u2019Afrique et du monde - Infos Droits Humains","robots":{"index":"index","follow":"follow","max-snippet":"max-snippet:-1","max-image-preview":"max-image-preview:large","max-video-preview":"max-video-preview:-1"},"canonical":"https:\/\/infos-droitshumains.net\/?p=11172","og_locale":"fr_FR","og_type":"article","og_title":"12\u00e8me conf\u00e9rence des pr\u00e9sidents des parlements africains\u00a0: Vital Kamerhe pr\u00e9sente la position strat\u00e9gique de la RDC \u00a0qui lui conf\u00e8re le statut de pays solution aux grands probl\u00e8mes d\u2019Afrique et du monde - Infos Droits Humains","og_description":"R\u00e9daction : +243 817 406 088 La 12\u00e8me conf\u00e9rence des pr\u00e9sidents des parlements africains organis\u00e9e...","og_url":"https:\/\/infos-droitshumains.net\/?p=11172","og_site_name":"Infos Droits Humains","article_published_time":"2024-09-19T21:41:30+00:00","article_modified_time":"2024-09-20T07:58:14+00:00","og_image":[{"width":1000,"height":667,"url":"https:\/\/infos-droitshumains.net\/wp-content\/uploads\/2024\/09\/IMG-20240919-WA0062.jpg","type":"image\/jpeg"}],"author":"Jo\u00ebl Diawa","twitter_card":"summary_large_image","twitter_misc":{"\u00c9crit par":"Jo\u00ebl Diawa","Dur\u00e9e de lecture estim\u00e9e":"4 minutes"},"schema":{"@context":"https:\/\/schema.org","@graph":[{"@type":"Article","@id":"https:\/\/infos-droitshumains.net\/?p=11172#article","isPartOf":{"@id":"https:\/\/infos-droitshumains.net\/?p=11172"},"author":{"name":"Jo\u00ebl Diawa","@id":"https:\/\/infos-droitshumains.net\/#\/schema\/person\/3dc5e921c3302172e0ed4362f96faab7"},"headline":"12\u00e8me conf\u00e9rence des pr\u00e9sidents des parlements africains\u00a0: Vital Kamerhe pr\u00e9sente la position strat\u00e9gique de la RDC \u00a0qui lui conf\u00e8re le statut de pays solution aux grands probl\u00e8mes d\u2019Afrique et du monde","datePublished":"2024-09-19T21:41:30+00:00","dateModified":"2024-09-20T07:58:14+00:00","mainEntityOfPage":{"@id":"https:\/\/infos-droitshumains.net\/?p=11172"},"wordCount":638,"commentCount":0,"publisher":{"@id":"https:\/\/infos-droitshumains.net\/#organization"},"image":{"@id":"https:\/\/infos-droitshumains.net\/?p=11172#primaryimage"},"thumbnailUrl":"https:\/\/i0.wp.com\/infos-droitshumains.net\/wp-content\/uploads\/2024\/09\/IMG-20240919-WA0062.jpg?fit=1000%2C667&ssl=1","articleSection":["Justice"],"inLanguage":"fr-FR","potentialAction":[{"@type":"CommentAction","name":"Comment","target":["https:\/\/infos-droitshumains.net\/?p=11172#respond"]}]},{"@type":"WebPage","@id":"https:\/\/infos-droitshumains.net\/?p=11172","url":"https:\/\/infos-droitshumains.net\/?p=11172","name":"12\u00e8me conf\u00e9rence des pr\u00e9sidents des parlements africains\u00a0: Vital Kamerhe pr\u00e9sente la position strat\u00e9gique de la RDC \u00a0qui lui conf\u00e8re le statut de pays solution aux grands probl\u00e8mes d\u2019Afrique et du monde - Infos Droits Humains","isPartOf":{"@id":"https:\/\/infos-droitshumains.net\/#website"},"primaryImageOfPage":{"@id":"https:\/\/infos-droitshumains.net\/?p=11172#primaryimage"},"image":{"@id":"https:\/\/infos-droitshumains.net\/?p=11172#primaryimage"},"thumbnailUrl":"https:\/\/i0.wp.com\/infos-droitshumains.net\/wp-content\/uploads\/2024\/09\/IMG-20240919-WA0062.jpg?fit=1000%2C667&ssl=1","datePublished":"2024-09-19T21:41:30+00:00","dateModified":"2024-09-20T07:58:14+00:00","breadcrumb":{"@id":"https:\/\/infos-droitshumains.net\/?p=11172#breadcrumb"},"inLanguage":"fr-FR","potentialAction":[{"@type":"ReadAction","target":["https:\/\/infos-droitshumains.net\/?p=11172"]}]},{"@type":"ImageObject","inLanguage":"fr-FR","@id":"https:\/\/infos-droitshumains.net\/?p=11172#primaryimage","url":"https:\/\/i0.wp.com\/infos-droitshumains.net\/wp-content\/uploads\/2024\/09\/IMG-20240919-WA0062.jpg?fit=1000%2C667&ssl=1","contentUrl":"https:\/\/i0.wp.com\/infos-droitshumains.net\/wp-content\/uploads\/2024\/09\/IMG-20240919-WA0062.jpg?fit=1000%2C667&ssl=1","width":1000,"height":667},{"@type":"BreadcrumbList","@id":"https:\/\/infos-droitshumains.net\/?p=11172#breadcrumb","itemListElement":[{"@type":"ListItem","position":1,"name":"Accueil","item":"https:\/\/infos-droitshumains.net\/"},{"@type":"ListItem","position":2,"name":"12\u00e8me conf\u00e9rence des pr\u00e9sidents des parlements africains\u00a0: Vital Kamerhe pr\u00e9sente la position strat\u00e9gique de la RDC \u00a0qui lui conf\u00e8re le statut de pays solution aux grands probl\u00e8mes d\u2019Afrique et du monde"}]},{"@type":"WebSite","@id":"https:\/\/infos-droitshumains.net\/#website","url":"https:\/\/infos-droitshumains.net\/","name":"Infos Droits Humains","description":"S&#039;informer est un droit","publisher":{"@id":"https:\/\/infos-droitshumains.net\/#organization"},"potentialAction":[{"@type":"SearchAction","target":{"@type":"EntryPoint","urlTemplate":"https:\/\/infos-droitshumains.net\/?s={search_term_string}"},"query-input":{"@type":"PropertyValueSpecification","valueRequired":true,"valueName":"search_term_string"}}],"inLanguage":"fr-FR"},{"@type":"Organization","@id":"https:\/\/infos-droitshumains.net\/#organization","name":"Infos Droits Humains","url":"https:\/\/infos-droitshumains.net\/","logo":{"@type":"ImageObject","inLanguage":"fr-FR","@id":"https:\/\/infos-droitshumains.net\/#\/schema\/logo\/image\/","url":"https:\/\/i0.wp.com\/infos-droitshumains.net\/wp-content\/uploads\/2022\/05\/Logo.png?fit=333%2C129&ssl=1","contentUrl":"https:\/\/i0.wp.com\/infos-droitshumains.net\/wp-content\/uploads\/2022\/05\/Logo.png?fit=333%2C129&ssl=1","width":333,"height":129,"caption":"Infos Droits Humains"},"image":{"@id":"https:\/\/infos-droitshumains.net\/#\/schema\/logo\/image\/"}},{"@type":"Person","@id":"https:\/\/infos-droitshumains.net\/#\/schema\/person\/3dc5e921c3302172e0ed4362f96faab7","name":"Jo\u00ebl Diawa","image":{"@type":"ImageObject","inLanguage":"fr-FR","@id":"https:\/\/secure.gravatar.com\/avatar\/729bea6ff4604c624417803c477363be8e3c7186deaa65713313f9b4b820f41c?s=96&d=mm&r=g","url":"https:\/\/secure.gravatar.com\/avatar\/729bea6ff4604c624417803c477363be8e3c7186deaa65713313f9b4b820f41c?s=96&d=mm&r=g","contentUrl":"https:\/\/secure.gravatar.com\/avatar\/729bea6ff4604c624417803c477363be8e3c7186deaa65713313f9b4b820f41c?s=96&d=mm&r=g","caption":"Jo\u00ebl Diawa"},"sameAs":["https:\/\/www.infos-droitshumains.net"],"url":"https:\/\/infos-droitshumains.net\/?author=2"}]}},"featured_image_urls":{"full":["https:\/\/i0.wp.com\/infos-droitshumains.net\/wp-content\/uploads\/2024\/09\/IMG-20240919-WA0062.jpg?fit=1000%2C667&ssl=1",1000,667,false],"thumbnail":["https:\/\/i0.wp.com\/infos-droitshumains.net\/wp-content\/uploads\/2024\/09\/IMG-20240919-WA0062.jpg?resize=150%2C150&ssl=1",150,150,true],"medium":["https:\/\/i0.wp.com\/infos-droitshumains.net\/wp-content\/uploads\/2024\/09\/IMG-20240919-WA0062.jpg?fit=300%2C200&ssl=1",300,200,true],"medium_large":["https:\/\/i0.wp.com\/infos-droitshumains.net\/wp-content\/uploads\/2024\/09\/IMG-20240919-WA0062.jpg?fit=640%2C427&ssl=1",640,427,true],"large":["https:\/\/i0.wp.com\/infos-droitshumains.net\/wp-content\/uploads\/2024\/09\/IMG-20240919-WA0062.jpg?fit=640%2C427&ssl=1",640,427,true],"1536x1536":["https:\/\/i0.wp.com\/infos-droitshumains.net\/wp-content\/uploads\/2024\/09\/IMG-20240919-WA0062.jpg?fit=1000%2C667&ssl=1",1000,667,true],"2048x2048":["https:\/\/i0.wp.com\/infos-droitshumains.net\/wp-content\/uploads\/2024\/09\/IMG-20240919-WA0062.jpg?fit=1000%2C667&ssl=1",1000,667,true],"covernews-slider-full":["https:\/\/i0.wp.com\/infos-droitshumains.net\/wp-content\/uploads\/2024\/09\/IMG-20240919-WA0062.jpg?resize=1000%2C667&ssl=1",1000,667,true],"covernews-slider-center":["https:\/\/i0.wp.com\/infos-droitshumains.net\/wp-content\/uploads\/2024\/09\/IMG-20240919-WA0062.jpg?resize=800%2C500&ssl=1",800,500,true],"covernews-featured":["https:\/\/i0.wp.com\/infos-droitshumains.net\/wp-content\/uploads\/2024\/09\/IMG-20240919-WA0062.jpg?fit=1000%2C667&ssl=1",1000,667,true],"covernews-medium":["https:\/\/i0.wp.com\/infos-droitshumains.net\/wp-content\/uploads\/2024\/09\/IMG-20240919-WA0062.jpg?resize=540%2C340&ssl=1",540,340,true],"covernews-medium-square":["https:\/\/i0.wp.com\/infos-droitshumains.net\/wp-content\/uploads\/2024\/09\/IMG-20240919-WA0062.jpg?resize=400%2C250&ssl=1",400,250,true]},"author_info":{"display_name":"Jo\u00ebl Diawa","author_link":"https:\/\/infos-droitshumains.net\/?author=2"},"category_info":"<a href=\"https:\/\/infos-droitshumains.net\/?cat=6\" rel=\"category\">Justice<\/a>","tag_info":"Justice","comment_count":"0","jetpack_featured_media_url":"https:\/\/i0.wp.com\/infos-droitshumains.net\/wp-content\/uploads\/2024\/09\/IMG-20240919-WA0062.jpg?fit=1000%2C667&ssl=1","jetpack-related-posts":[],"jetpack_sharing_enabled":true,"_links":{"self":[{"href":"https:\/\/infos-droitshumains.net\/index.php?rest_route=\/wp\/v2\/posts\/11172","targetHints":{"allow":["GET"]}}],"collection":[{"href":"https:\/\/infos-droitshumains.net\/index.php?rest_route=\/wp\/v2\/posts"}],"about":[{"href":"https:\/\/infos-droitshumains.net\/index.php?rest_route=\/wp\/v2\/types\/post"}],"author":[{"embeddable":true,"href":"https:\/\/infos-droitshumains.net\/index.php?rest_route=\/wp\/v2\/users\/2"}],"replies":[{"embeddable":true,"href":"https:\/\/infos-droitshumains.net\/index.php?rest_route=%2Fwp%2Fv2%2Fcomments&post=11172"}],"version-history":[{"count":5,"href":"https:\/\/infos-droitshumains.net\/index.php?rest_route=\/wp\/v2\/posts\/11172\/revisions"}],"predecessor-version":[{"id":11184,"href":"https:\/\/infos-droitshumains.net\/index.php?rest_route=\/wp\/v2\/posts\/11172\/revisions\/11184"}],"wp:featuredmedia":[{"embeddable":true,"href":"https:\/\/infos-droitshumains.net\/index.php?rest_route=\/wp\/v2\/media\/11173"}],"wp:attachment":[{"href":"https:\/\/infos-droitshumains.net\/index.php?rest_route=%2Fwp%2Fv2%2Fmedia&parent=11172"}],"wp:term":[{"taxonomy":"category","embeddable":true,"href":"https:\/\/infos-droitshumains.net\/index.php?rest_route=%2Fwp%2Fv2%2Fcategories&post=11172"},{"taxonomy":"post_tag","embeddable":true,"href":"https:\/\/infos-droitshumains.net\/index.php?rest_route=%2Fwp%2Fv2%2Ftags&post=11172"}],"curies":[{"name":"wp","href":"https:\/\/api.w.org\/{rel}","templated":true}]}}