{"id":11050,"date":"2024-09-17T00:43:38","date_gmt":"2024-09-16T22:43:38","guid":{"rendered":"https:\/\/infos-droitshumains.net\/?p=11050"},"modified":"2024-09-17T00:43:41","modified_gmt":"2024-09-16T22:43:41","slug":"modernisation-de-la-salle-daudience-du-tribunal-de-paix-de-kinshasa-lemba-et-construction-dun-nouveau-batiment-au-parquet-y-rattache-le-depute-steve-mulumba-encourage-les-auto","status":"publish","type":"post","link":"https:\/\/infos-droitshumains.net\/?p=11050","title":{"rendered":"Modernisation de la salle d\u2019audience du Tribunal de Paix de Kinshasa-Lemba et construction d\u2019un nouveau b\u00e2timent au Parquet y rattach\u00e9\u00a0: Le D\u00e9put\u00e9 Steve Mulumba encourage les autorit\u00e9s de ce palais de justice \u00e0 continuer sur un tel \u00e9lan"},"content":{"rendered":"\n<p><strong>R\u00e9daction : +243 817 406 088<\/strong><\/p>\n\n\n\n<h3 class=\"wp-block-heading has-vivid-red-color has-text-color has-link-color wp-elements-fae123c559e193b547867a51d574357b\">La salle d\u2019audience r\u00e9habilit\u00e9e et modernis\u00e9e du Tribunal de Paix de Kinshasa\/Lemba et le b\u00e2timent nouvellement construit au Parquet pr\u00e8s ce Tribunal ont \u00e9t\u00e9 inaugur\u00e9 ce samedi 14 Septembre au cours en marge de la premi\u00e8re \u00e9dition de la journ\u00e9e scientifique organis\u00e9e dans ce palais de justice.<\/h3>\n\n\n\n<p>Plusieurs autorit\u00e9s tant judiciaire que politiques ont r\u00e9pondues \u00e0 l\u2019invitation de Madame la Pr\u00e9sidente de ce Tribunal et du Procureur de la R\u00e9publique faisant fonction de Chef du Parquet y rattach\u00e9 pour prendre part \u00e0 cette journ\u00e9e tant scientifique que culturelle.<\/p>\n\n\n\n<p>Au nombre des invit\u00e9s, l\u2019on pouvait apercevoir le D\u00e9put\u00e9 provincial Steve Mulumba. L\u2019\u00e9lu de Lemba a saisi cette opportunit\u00e9 pour garnir sa biblioth\u00e8que en se procurant quelques ouvrages \u00e9crits par le Procureur de la R\u00e9publique Emmanuel Amouri Kitenge dont, <strong>\u2018\u2019Autorit\u00e9 de la chose jug\u00e9e, action publique et autres exception\u2019\u2019 <\/strong>qui a \u00e9t\u00e9 port\u00e9 sur les fonts baptismaux \u00e0 l\u2019occasion de cette journ\u00e9e.<\/p>\n\n\n\n<p>Cet \u00e9lu du peuple estime que la cohabitation entre les trois pouvoirs dans tous les \u00e9chelons s\u2019av\u00e8re incontournable pour l\u2019int\u00e9r\u00eat sup\u00e9rieur de la population&nbsp;:<\/p>\n\n\n\n<p><em>\u00ab&nbsp;\u2026Entend que l\u00e9gislateur, il faille \u00eatre toujours aux c\u00f4t\u00e9s du pouvoir judiciaire pour soit, apprendre ou cr\u00e9er des nouveaux \u00e9diles qui&nbsp; pourront permettre \u00e0 ces praticiens du droit de pouvoir bien fonctionner\u00bb, <\/em>a-t-il indiqu\u00e9.<\/p>\n\n\n\n<p>Steve Mulumba soutient par ailleurs l\u2019initiative de ces deux autorit\u00e9s judiciaires et les invite \u00e0 continuer sur cette lanc\u00e9e&nbsp;:<\/p>\n\n\n\n<p>\u00ab&nbsp;<em>D<\/em>\u2019abord<em>, je pr\u00e9sente des tr\u00e8s grandes f\u00e9licitations \u00e0 la Pr\u00e9sidente pourquoi pas au Procureur de la R\u00e9publique faisant fonction de Chef du Parquet pr\u00e8s ce Tribunal. Nous savons, entant qu\u2019Homme d\u2019Etat, il est difficile pour qu\u2019un agent public de l\u2019Etat puisse prendre de sa poche de l\u2019argent, pour le placer dans des b\u00e2timents \u00e0 caract\u00e8re \u00e9tatique, mais quand ces derniers arrivent \u00e0 le faire, ce sont des personnes \u00e0 f\u00e9liciter. Dans ce sens, nous ne pouvons que leur demander \u00e0 continuer sur cet \u00e9lan&nbsp;\u00bb<\/em>, a rench\u00e9ri l\u2019\u00e9lu de Lemba.<\/p>\n\n\n\n<p>L\u2019on a \u00e9galement signal\u00e9 la pr\u00e9sence de Jean-Serge Poba, Bourgmestre de la Commune de Lemba. L\u2019\u00e9lu de provincial Mulumba reste cependant persuad\u00e9 que de cette parfaite collaboration en les trois pouvoir demeure le socle d\u2019un d\u00e9veloppement de cette commune dite des intellectuels.<\/p>\n\n\n\n<p>Jo\u00ebl Diawa<\/p>\n","protected":false},"excerpt":{"rendered":"<p>R\u00e9daction : +243 817 406 088 La salle d\u2019audience r\u00e9habilit\u00e9e et modernis\u00e9e du Tribunal de&#8230;<\/p>\n","protected":false},"author":2,"featured_media":11051,"comment_status":"open","ping_status":"open","sticky":false,"template":"","format":"standard","meta":{"_jetpack_memberships_contains_paid_content":false,"footnotes":""},"categories":[6],"tags":[],"class_list":["post-11050","post","type-post","status-publish","format-standard","has-post-thumbnail","hentry","category-justice"],"yoast_head":"<!-- This site is optimized with the Yoast SEO plugin v27.5 - https:\/\/yoast.com\/product\/yoast-seo-wordpress\/ -->\n<title>Modernisation de la salle d\u2019audience du Tribunal de Paix de Kinshasa-Lemba et construction d\u2019un nouveau b\u00e2timent au Parquet y rattach\u00e9\u00a0: Le D\u00e9put\u00e9 Steve Mulumba encourage les autorit\u00e9s de ce palais de justice \u00e0 continuer sur un tel \u00e9lan - Infos Droits Humains<\/title>\n<meta name=\"robots\" content=\"index, follow, max-snippet:-1, max-image-preview:large, max-video-preview:-1\" \/>\n<link rel=\"canonical\" href=\"https:\/\/infos-droitshumains.net\/?p=11050\" \/>\n<meta property=\"og:locale\" content=\"fr_FR\" \/>\n<meta property=\"og:type\" content=\"article\" \/>\n<meta property=\"og:title\" content=\"Modernisation de la salle d\u2019audience du Tribunal de Paix de Kinshasa-Lemba et construction d\u2019un nouveau b\u00e2timent au Parquet y rattach\u00e9\u00a0: Le D\u00e9put\u00e9 Steve Mulumba encourage les autorit\u00e9s de ce palais de justice \u00e0 continuer sur un tel \u00e9lan - Infos Droits Humains\" \/>\n<meta property=\"og:description\" content=\"R\u00e9daction : +243 817 406 088 La salle d\u2019audience r\u00e9habilit\u00e9e et modernis\u00e9e du Tribunal de...\" \/>\n<meta property=\"og:url\" content=\"https:\/\/infos-droitshumains.net\/?p=11050\" \/>\n<meta property=\"og:site_name\" content=\"Infos Droits Humains\" \/>\n<meta property=\"article:published_time\" content=\"2024-09-16T22:43:38+00:00\" \/>\n<meta property=\"article:modified_time\" content=\"2024-09-16T22:43:41+00:00\" \/>\n<meta property=\"og:image\" content=\"https:\/\/infos-droitshumains.net\/wp-content\/uploads\/2024\/09\/IMG-20240916-WA0028.jpg\" \/>\n\t<meta property=\"og:image:width\" content=\"1044\" \/>\n\t<meta property=\"og:image:height\" content=\"696\" \/>\n\t<meta property=\"og:image:type\" content=\"image\/jpeg\" \/>\n<meta name=\"author\" content=\"Jo\u00ebl Diawa\" \/>\n<meta name=\"twitter:card\" content=\"summary_large_image\" \/>\n<meta name=\"twitter:label1\" content=\"\u00c9crit par\" \/>\n\t<meta name=\"twitter:data1\" content=\"Jo\u00ebl Diawa\" \/>\n\t<meta name=\"twitter:label2\" content=\"Dur\u00e9e de lecture estim\u00e9e\" \/>\n\t<meta name=\"twitter:data2\" content=\"3 minutes\" \/>\n<script type=\"application\/ld+json\" class=\"yoast-schema-graph\">{\"@context\":\"https:\\\/\\\/schema.org\",\"@graph\":[{\"@type\":\"Article\",\"@id\":\"https:\\\/\\\/infos-droitshumains.net\\\/?p=11050#article\",\"isPartOf\":{\"@id\":\"https:\\\/\\\/infos-droitshumains.net\\\/?p=11050\"},\"author\":{\"name\":\"Jo\u00ebl Diawa\",\"@id\":\"https:\\\/\\\/infos-droitshumains.net\\\/#\\\/schema\\\/person\\\/3dc5e921c3302172e0ed4362f96faab7\"},\"headline\":\"Modernisation de la salle d\u2019audience du Tribunal de Paix de Kinshasa-Lemba et construction d\u2019un nouveau b\u00e2timent au Parquet y rattach\u00e9\u00a0: Le D\u00e9put\u00e9 Steve Mulumba encourage les autorit\u00e9s de ce palais de justice \u00e0 continuer sur un tel \u00e9lan\",\"datePublished\":\"2024-09-16T22:43:38+00:00\",\"dateModified\":\"2024-09-16T22:43:41+00:00\",\"mainEntityOfPage\":{\"@id\":\"https:\\\/\\\/infos-droitshumains.net\\\/?p=11050\"},\"wordCount\":460,\"commentCount\":0,\"publisher\":{\"@id\":\"https:\\\/\\\/infos-droitshumains.net\\\/#organization\"},\"image\":{\"@id\":\"https:\\\/\\\/infos-droitshumains.net\\\/?p=11050#primaryimage\"},\"thumbnailUrl\":\"https:\\\/\\\/i0.wp.com\\\/infos-droitshumains.net\\\/wp-content\\\/uploads\\\/2024\\\/09\\\/IMG-20240916-WA0028.jpg?fit=1044%2C696&ssl=1\",\"articleSection\":[\"Justice\"],\"inLanguage\":\"fr-FR\",\"potentialAction\":[{\"@type\":\"CommentAction\",\"name\":\"Comment\",\"target\":[\"https:\\\/\\\/infos-droitshumains.net\\\/?p=11050#respond\"]}]},{\"@type\":\"WebPage\",\"@id\":\"https:\\\/\\\/infos-droitshumains.net\\\/?p=11050\",\"url\":\"https:\\\/\\\/infos-droitshumains.net\\\/?p=11050\",\"name\":\"Modernisation de la salle d\u2019audience du Tribunal de Paix de Kinshasa-Lemba et construction d\u2019un nouveau b\u00e2timent au Parquet y rattach\u00e9\u00a0: Le D\u00e9put\u00e9 Steve Mulumba encourage les autorit\u00e9s de ce palais de justice \u00e0 continuer sur un tel \u00e9lan - Infos Droits Humains\",\"isPartOf\":{\"@id\":\"https:\\\/\\\/infos-droitshumains.net\\\/#website\"},\"primaryImageOfPage\":{\"@id\":\"https:\\\/\\\/infos-droitshumains.net\\\/?p=11050#primaryimage\"},\"image\":{\"@id\":\"https:\\\/\\\/infos-droitshumains.net\\\/?p=11050#primaryimage\"},\"thumbnailUrl\":\"https:\\\/\\\/i0.wp.com\\\/infos-droitshumains.net\\\/wp-content\\\/uploads\\\/2024\\\/09\\\/IMG-20240916-WA0028.jpg?fit=1044%2C696&ssl=1\",\"datePublished\":\"2024-09-16T22:43:38+00:00\",\"dateModified\":\"2024-09-16T22:43:41+00:00\",\"breadcrumb\":{\"@id\":\"https:\\\/\\\/infos-droitshumains.net\\\/?p=11050#breadcrumb\"},\"inLanguage\":\"fr-FR\",\"potentialAction\":[{\"@type\":\"ReadAction\",\"target\":[\"https:\\\/\\\/infos-droitshumains.net\\\/?p=11050\"]}]},{\"@type\":\"ImageObject\",\"inLanguage\":\"fr-FR\",\"@id\":\"https:\\\/\\\/infos-droitshumains.net\\\/?p=11050#primaryimage\",\"url\":\"https:\\\/\\\/i0.wp.com\\\/infos-droitshumains.net\\\/wp-content\\\/uploads\\\/2024\\\/09\\\/IMG-20240916-WA0028.jpg?fit=1044%2C696&ssl=1\",\"contentUrl\":\"https:\\\/\\\/i0.wp.com\\\/infos-droitshumains.net\\\/wp-content\\\/uploads\\\/2024\\\/09\\\/IMG-20240916-WA0028.jpg?fit=1044%2C696&ssl=1\",\"width\":1044,\"height\":696},{\"@type\":\"BreadcrumbList\",\"@id\":\"https:\\\/\\\/infos-droitshumains.net\\\/?p=11050#breadcrumb\",\"itemListElement\":[{\"@type\":\"ListItem\",\"position\":1,\"name\":\"Accueil\",\"item\":\"https:\\\/\\\/infos-droitshumains.net\\\/\"},{\"@type\":\"ListItem\",\"position\":2,\"name\":\"Modernisation de la salle d\u2019audience du Tribunal de Paix de Kinshasa-Lemba et construction d\u2019un nouveau b\u00e2timent au Parquet y rattach\u00e9\u00a0: Le D\u00e9put\u00e9 Steve Mulumba encourage les autorit\u00e9s de ce palais de justice \u00e0 continuer sur un tel \u00e9lan\"}]},{\"@type\":\"WebSite\",\"@id\":\"https:\\\/\\\/infos-droitshumains.net\\\/#website\",\"url\":\"https:\\\/\\\/infos-droitshumains.net\\\/\",\"name\":\"Infos Droits Humains\",\"description\":\"S&#039;informer est un droit\",\"publisher\":{\"@id\":\"https:\\\/\\\/infos-droitshumains.net\\\/#organization\"},\"potentialAction\":[{\"@type\":\"SearchAction\",\"target\":{\"@type\":\"EntryPoint\",\"urlTemplate\":\"https:\\\/\\\/infos-droitshumains.net\\\/?s={search_term_string}\"},\"query-input\":{\"@type\":\"PropertyValueSpecification\",\"valueRequired\":true,\"valueName\":\"search_term_string\"}}],\"inLanguage\":\"fr-FR\"},{\"@type\":\"Organization\",\"@id\":\"https:\\\/\\\/infos-droitshumains.net\\\/#organization\",\"name\":\"Infos Droits Humains\",\"url\":\"https:\\\/\\\/infos-droitshumains.net\\\/\",\"logo\":{\"@type\":\"ImageObject\",\"inLanguage\":\"fr-FR\",\"@id\":\"https:\\\/\\\/infos-droitshumains.net\\\/#\\\/schema\\\/logo\\\/image\\\/\",\"url\":\"https:\\\/\\\/i0.wp.com\\\/infos-droitshumains.net\\\/wp-content\\\/uploads\\\/2022\\\/05\\\/Logo.png?fit=333%2C129&ssl=1\",\"contentUrl\":\"https:\\\/\\\/i0.wp.com\\\/infos-droitshumains.net\\\/wp-content\\\/uploads\\\/2022\\\/05\\\/Logo.png?fit=333%2C129&ssl=1\",\"width\":333,\"height\":129,\"caption\":\"Infos Droits Humains\"},\"image\":{\"@id\":\"https:\\\/\\\/infos-droitshumains.net\\\/#\\\/schema\\\/logo\\\/image\\\/\"}},{\"@type\":\"Person\",\"@id\":\"https:\\\/\\\/infos-droitshumains.net\\\/#\\\/schema\\\/person\\\/3dc5e921c3302172e0ed4362f96faab7\",\"name\":\"Jo\u00ebl Diawa\",\"image\":{\"@type\":\"ImageObject\",\"inLanguage\":\"fr-FR\",\"@id\":\"https:\\\/\\\/secure.gravatar.com\\\/avatar\\\/729bea6ff4604c624417803c477363be8e3c7186deaa65713313f9b4b820f41c?s=96&d=mm&r=g\",\"url\":\"https:\\\/\\\/secure.gravatar.com\\\/avatar\\\/729bea6ff4604c624417803c477363be8e3c7186deaa65713313f9b4b820f41c?s=96&d=mm&r=g\",\"contentUrl\":\"https:\\\/\\\/secure.gravatar.com\\\/avatar\\\/729bea6ff4604c624417803c477363be8e3c7186deaa65713313f9b4b820f41c?s=96&d=mm&r=g\",\"caption\":\"Jo\u00ebl Diawa\"},\"sameAs\":[\"https:\\\/\\\/www.infos-droitshumains.net\"],\"url\":\"https:\\\/\\\/infos-droitshumains.net\\\/?author=2\"}]}<\/script>\n<!-- \/ Yoast SEO plugin. -->","yoast_head_json":{"title":"Modernisation de la salle d\u2019audience du Tribunal de Paix de Kinshasa-Lemba et construction d\u2019un nouveau b\u00e2timent au Parquet y rattach\u00e9\u00a0: Le D\u00e9put\u00e9 Steve Mulumba encourage les autorit\u00e9s de ce palais de justice \u00e0 continuer sur un tel \u00e9lan - Infos Droits Humains","robots":{"index":"index","follow":"follow","max-snippet":"max-snippet:-1","max-image-preview":"max-image-preview:large","max-video-preview":"max-video-preview:-1"},"canonical":"https:\/\/infos-droitshumains.net\/?p=11050","og_locale":"fr_FR","og_type":"article","og_title":"Modernisation de la salle d\u2019audience du Tribunal de Paix de Kinshasa-Lemba et construction d\u2019un nouveau b\u00e2timent au Parquet y rattach\u00e9\u00a0: Le D\u00e9put\u00e9 Steve Mulumba encourage les autorit\u00e9s de ce palais de justice \u00e0 continuer sur un tel \u00e9lan - Infos Droits Humains","og_description":"R\u00e9daction : +243 817 406 088 La salle d\u2019audience r\u00e9habilit\u00e9e et modernis\u00e9e du Tribunal de...","og_url":"https:\/\/infos-droitshumains.net\/?p=11050","og_site_name":"Infos Droits Humains","article_published_time":"2024-09-16T22:43:38+00:00","article_modified_time":"2024-09-16T22:43:41+00:00","og_image":[{"width":1044,"height":696,"url":"https:\/\/infos-droitshumains.net\/wp-content\/uploads\/2024\/09\/IMG-20240916-WA0028.jpg","type":"image\/jpeg"}],"author":"Jo\u00ebl Diawa","twitter_card":"summary_large_image","twitter_misc":{"\u00c9crit par":"Jo\u00ebl Diawa","Dur\u00e9e de lecture estim\u00e9e":"3 minutes"},"schema":{"@context":"https:\/\/schema.org","@graph":[{"@type":"Article","@id":"https:\/\/infos-droitshumains.net\/?p=11050#article","isPartOf":{"@id":"https:\/\/infos-droitshumains.net\/?p=11050"},"author":{"name":"Jo\u00ebl Diawa","@id":"https:\/\/infos-droitshumains.net\/#\/schema\/person\/3dc5e921c3302172e0ed4362f96faab7"},"headline":"Modernisation de la salle d\u2019audience du Tribunal de Paix de Kinshasa-Lemba et construction d\u2019un nouveau b\u00e2timent au Parquet y rattach\u00e9\u00a0: Le D\u00e9put\u00e9 Steve Mulumba encourage les autorit\u00e9s de ce palais de justice \u00e0 continuer sur un tel \u00e9lan","datePublished":"2024-09-16T22:43:38+00:00","dateModified":"2024-09-16T22:43:41+00:00","mainEntityOfPage":{"@id":"https:\/\/infos-droitshumains.net\/?p=11050"},"wordCount":460,"commentCount":0,"publisher":{"@id":"https:\/\/infos-droitshumains.net\/#organization"},"image":{"@id":"https:\/\/infos-droitshumains.net\/?p=11050#primaryimage"},"thumbnailUrl":"https:\/\/i0.wp.com\/infos-droitshumains.net\/wp-content\/uploads\/2024\/09\/IMG-20240916-WA0028.jpg?fit=1044%2C696&ssl=1","articleSection":["Justice"],"inLanguage":"fr-FR","potentialAction":[{"@type":"CommentAction","name":"Comment","target":["https:\/\/infos-droitshumains.net\/?p=11050#respond"]}]},{"@type":"WebPage","@id":"https:\/\/infos-droitshumains.net\/?p=11050","url":"https:\/\/infos-droitshumains.net\/?p=11050","name":"Modernisation de la salle d\u2019audience du Tribunal de Paix de Kinshasa-Lemba et construction d\u2019un nouveau b\u00e2timent au Parquet y rattach\u00e9\u00a0: Le D\u00e9put\u00e9 Steve Mulumba encourage les autorit\u00e9s de ce palais de justice \u00e0 continuer sur un tel \u00e9lan - Infos Droits Humains","isPartOf":{"@id":"https:\/\/infos-droitshumains.net\/#website"},"primaryImageOfPage":{"@id":"https:\/\/infos-droitshumains.net\/?p=11050#primaryimage"},"image":{"@id":"https:\/\/infos-droitshumains.net\/?p=11050#primaryimage"},"thumbnailUrl":"https:\/\/i0.wp.com\/infos-droitshumains.net\/wp-content\/uploads\/2024\/09\/IMG-20240916-WA0028.jpg?fit=1044%2C696&ssl=1","datePublished":"2024-09-16T22:43:38+00:00","dateModified":"2024-09-16T22:43:41+00:00","breadcrumb":{"@id":"https:\/\/infos-droitshumains.net\/?p=11050#breadcrumb"},"inLanguage":"fr-FR","potentialAction":[{"@type":"ReadAction","target":["https:\/\/infos-droitshumains.net\/?p=11050"]}]},{"@type":"ImageObject","inLanguage":"fr-FR","@id":"https:\/\/infos-droitshumains.net\/?p=11050#primaryimage","url":"https:\/\/i0.wp.com\/infos-droitshumains.net\/wp-content\/uploads\/2024\/09\/IMG-20240916-WA0028.jpg?fit=1044%2C696&ssl=1","contentUrl":"https:\/\/i0.wp.com\/infos-droitshumains.net\/wp-content\/uploads\/2024\/09\/IMG-20240916-WA0028.jpg?fit=1044%2C696&ssl=1","width":1044,"height":696},{"@type":"BreadcrumbList","@id":"https:\/\/infos-droitshumains.net\/?p=11050#breadcrumb","itemListElement":[{"@type":"ListItem","position":1,"name":"Accueil","item":"https:\/\/infos-droitshumains.net\/"},{"@type":"ListItem","position":2,"name":"Modernisation de la salle d\u2019audience du Tribunal de Paix de Kinshasa-Lemba et construction d\u2019un nouveau b\u00e2timent au Parquet y rattach\u00e9\u00a0: Le D\u00e9put\u00e9 Steve Mulumba encourage les autorit\u00e9s de ce palais de justice \u00e0 continuer sur un tel \u00e9lan"}]},{"@type":"WebSite","@id":"https:\/\/infos-droitshumains.net\/#website","url":"https:\/\/infos-droitshumains.net\/","name":"Infos Droits Humains","description":"S&#039;informer est un droit","publisher":{"@id":"https:\/\/infos-droitshumains.net\/#organization"},"potentialAction":[{"@type":"SearchAction","target":{"@type":"EntryPoint","urlTemplate":"https:\/\/infos-droitshumains.net\/?s={search_term_string}"},"query-input":{"@type":"PropertyValueSpecification","valueRequired":true,"valueName":"search_term_string"}}],"inLanguage":"fr-FR"},{"@type":"Organization","@id":"https:\/\/infos-droitshumains.net\/#organization","name":"Infos Droits Humains","url":"https:\/\/infos-droitshumains.net\/","logo":{"@type":"ImageObject","inLanguage":"fr-FR","@id":"https:\/\/infos-droitshumains.net\/#\/schema\/logo\/image\/","url":"https:\/\/i0.wp.com\/infos-droitshumains.net\/wp-content\/uploads\/2022\/05\/Logo.png?fit=333%2C129&ssl=1","contentUrl":"https:\/\/i0.wp.com\/infos-droitshumains.net\/wp-content\/uploads\/2022\/05\/Logo.png?fit=333%2C129&ssl=1","width":333,"height":129,"caption":"Infos Droits Humains"},"image":{"@id":"https:\/\/infos-droitshumains.net\/#\/schema\/logo\/image\/"}},{"@type":"Person","@id":"https:\/\/infos-droitshumains.net\/#\/schema\/person\/3dc5e921c3302172e0ed4362f96faab7","name":"Jo\u00ebl Diawa","image":{"@type":"ImageObject","inLanguage":"fr-FR","@id":"https:\/\/secure.gravatar.com\/avatar\/729bea6ff4604c624417803c477363be8e3c7186deaa65713313f9b4b820f41c?s=96&d=mm&r=g","url":"https:\/\/secure.gravatar.com\/avatar\/729bea6ff4604c624417803c477363be8e3c7186deaa65713313f9b4b820f41c?s=96&d=mm&r=g","contentUrl":"https:\/\/secure.gravatar.com\/avatar\/729bea6ff4604c624417803c477363be8e3c7186deaa65713313f9b4b820f41c?s=96&d=mm&r=g","caption":"Jo\u00ebl Diawa"},"sameAs":["https:\/\/www.infos-droitshumains.net"],"url":"https:\/\/infos-droitshumains.net\/?author=2"}]}},"featured_image_urls":{"full":["https:\/\/i0.wp.com\/infos-droitshumains.net\/wp-content\/uploads\/2024\/09\/IMG-20240916-WA0028.jpg?fit=1044%2C696&ssl=1",1044,696,false],"thumbnail":["https:\/\/i0.wp.com\/infos-droitshumains.net\/wp-content\/uploads\/2024\/09\/IMG-20240916-WA0028.jpg?resize=150%2C150&ssl=1",150,150,true],"medium":["https:\/\/i0.wp.com\/infos-droitshumains.net\/wp-content\/uploads\/2024\/09\/IMG-20240916-WA0028.jpg?fit=300%2C200&ssl=1",300,200,true],"medium_large":["https:\/\/i0.wp.com\/infos-droitshumains.net\/wp-content\/uploads\/2024\/09\/IMG-20240916-WA0028.jpg?fit=640%2C427&ssl=1",640,427,true],"large":["https:\/\/i0.wp.com\/infos-droitshumains.net\/wp-content\/uploads\/2024\/09\/IMG-20240916-WA0028.jpg?fit=640%2C427&ssl=1",640,427,true],"1536x1536":["https:\/\/i0.wp.com\/infos-droitshumains.net\/wp-content\/uploads\/2024\/09\/IMG-20240916-WA0028.jpg?fit=1044%2C696&ssl=1",1044,696,true],"2048x2048":["https:\/\/i0.wp.com\/infos-droitshumains.net\/wp-content\/uploads\/2024\/09\/IMG-20240916-WA0028.jpg?fit=1044%2C696&ssl=1",1044,696,true],"covernews-slider-full":["https:\/\/i0.wp.com\/infos-droitshumains.net\/wp-content\/uploads\/2024\/09\/IMG-20240916-WA0028.jpg?resize=1044%2C696&ssl=1",1044,696,true],"covernews-slider-center":["https:\/\/i0.wp.com\/infos-droitshumains.net\/wp-content\/uploads\/2024\/09\/IMG-20240916-WA0028.jpg?resize=800%2C500&ssl=1",800,500,true],"covernews-featured":["https:\/\/i0.wp.com\/infos-droitshumains.net\/wp-content\/uploads\/2024\/09\/IMG-20240916-WA0028.jpg?fit=1024%2C683&ssl=1",1024,683,true],"covernews-medium":["https:\/\/i0.wp.com\/infos-droitshumains.net\/wp-content\/uploads\/2024\/09\/IMG-20240916-WA0028.jpg?resize=540%2C340&ssl=1",540,340,true],"covernews-medium-square":["https:\/\/i0.wp.com\/infos-droitshumains.net\/wp-content\/uploads\/2024\/09\/IMG-20240916-WA0028.jpg?resize=400%2C250&ssl=1",400,250,true]},"author_info":{"display_name":"Jo\u00ebl Diawa","author_link":"https:\/\/infos-droitshumains.net\/?author=2"},"category_info":"<a href=\"https:\/\/infos-droitshumains.net\/?cat=6\" rel=\"category\">Justice<\/a>","tag_info":"Justice","comment_count":"0","jetpack_featured_media_url":"https:\/\/i0.wp.com\/infos-droitshumains.net\/wp-content\/uploads\/2024\/09\/IMG-20240916-WA0028.jpg?fit=1044%2C696&ssl=1","jetpack-related-posts":[],"jetpack_sharing_enabled":true,"_links":{"self":[{"href":"https:\/\/infos-droitshumains.net\/index.php?rest_route=\/wp\/v2\/posts\/11050","targetHints":{"allow":["GET"]}}],"collection":[{"href":"https:\/\/infos-droitshumains.net\/index.php?rest_route=\/wp\/v2\/posts"}],"about":[{"href":"https:\/\/infos-droitshumains.net\/index.php?rest_route=\/wp\/v2\/types\/post"}],"author":[{"embeddable":true,"href":"https:\/\/infos-droitshumains.net\/index.php?rest_route=\/wp\/v2\/users\/2"}],"replies":[{"embeddable":true,"href":"https:\/\/infos-droitshumains.net\/index.php?rest_route=%2Fwp%2Fv2%2Fcomments&post=11050"}],"version-history":[{"count":1,"href":"https:\/\/infos-droitshumains.net\/index.php?rest_route=\/wp\/v2\/posts\/11050\/revisions"}],"predecessor-version":[{"id":11052,"href":"https:\/\/infos-droitshumains.net\/index.php?rest_route=\/wp\/v2\/posts\/11050\/revisions\/11052"}],"wp:featuredmedia":[{"embeddable":true,"href":"https:\/\/infos-droitshumains.net\/index.php?rest_route=\/wp\/v2\/media\/11051"}],"wp:attachment":[{"href":"https:\/\/infos-droitshumains.net\/index.php?rest_route=%2Fwp%2Fv2%2Fmedia&parent=11050"}],"wp:term":[{"taxonomy":"category","embeddable":true,"href":"https:\/\/infos-droitshumains.net\/index.php?rest_route=%2Fwp%2Fv2%2Fcategories&post=11050"},{"taxonomy":"post_tag","embeddable":true,"href":"https:\/\/infos-droitshumains.net\/index.php?rest_route=%2Fwp%2Fv2%2Ftags&post=11050"}],"curies":[{"name":"wp","href":"https:\/\/api.w.org\/{rel}","templated":true}]}}