{"id":11031,"date":"2024-09-16T23:33:06","date_gmt":"2024-09-16T21:33:06","guid":{"rendered":"https:\/\/infos-droitshumains.net\/?p=11031"},"modified":"2024-09-16T23:52:06","modified_gmt":"2024-09-16T21:52:06","slug":"rentree-scientifique-le-tribunal-de-paix-de-kinshasa-lemba-et-le-parquet-y-rattache-gagnent-le-pari","status":"publish","type":"post","link":"https:\/\/infos-droitshumains.net\/?p=11031","title":{"rendered":"Premi\u00e8re \u00e9dition de la rentr\u00e9e scientifique\u00a0: Le Tribunal de Paix de Kinshasa\/Lemba et le Parquet y rattach\u00e9 gagnent le pari"},"content":{"rendered":"\n<p><strong>R\u00e9daction : +243 817 406 088<\/strong><\/p>\n\n\n\n<h3 class=\"wp-block-heading has-vivid-red-color has-text-color has-link-color wp-elements-ab2c07fa90168488bdaaa283274c2827\">C\u2019est une premi\u00e8re dans les palais de justice de la R\u00e9publique D\u00e9mocratique du Congo. Si c\u2019est la rentr\u00e9e judiciaire qui est une c\u00e9r\u00e9monie officielle, le Tribunal de Paix de Kinshasa\/Lemba ainsi que le Parquet y rattach\u00e9 ont plut\u00f4t organis\u00e9 ce samedi 14 Septembre, la rentr\u00e9e scientifique. Une activit\u00e9 tant scientifique que culturelle.<\/h3>\n\n\n\n<figure class=\"wp-block-image alignfull size-large\"><img data-recalc-dims=\"1\" fetchpriority=\"high\" decoding=\"async\" width=\"640\" height=\"427\" src=\"https:\/\/i0.wp.com\/infos-droitshumains.net\/wp-content\/uploads\/2024\/09\/IMG-20240916-WA0013.jpg?resize=640%2C427&#038;ssl=1\" alt=\"\" class=\"wp-image-11034\" srcset=\"https:\/\/i0.wp.com\/infos-droitshumains.net\/wp-content\/uploads\/2024\/09\/IMG-20240916-WA0013.jpg?resize=1024%2C683&amp;ssl=1 1024w, https:\/\/i0.wp.com\/infos-droitshumains.net\/wp-content\/uploads\/2024\/09\/IMG-20240916-WA0013.jpg?resize=300%2C200&amp;ssl=1 300w, https:\/\/i0.wp.com\/infos-droitshumains.net\/wp-content\/uploads\/2024\/09\/IMG-20240916-WA0013.jpg?resize=768%2C512&amp;ssl=1 768w, https:\/\/i0.wp.com\/infos-droitshumains.net\/wp-content\/uploads\/2024\/09\/IMG-20240916-WA0013.jpg?w=1044&amp;ssl=1 1044w\" sizes=\"(max-width: 640px) 100vw, 640px\" \/><\/figure>\n\n\n\n<p>Plusieurs activit\u00e9s ont \u00e9t\u00e9 au rendez-vous de cette journ\u00e9e si riche au nombre desquelles, le vernissage de l\u2019ouvrage intitul\u00e9&nbsp;: \u2018\u2019Autorit\u00e9 de la chose jug\u00e9e, action publique et autres exception\u2019\u2019 du Procureur de la R\u00e9publique Emmanuel Amouri Kitenge, faisant fonction du Chef du Parquet pr\u00e8s le Tribunal de Paix de Kinshasa\/Lemba.<\/p>\n\n\n\n<p>A en croire le Procureur G\u00e9n\u00e9ral pr\u00e8s la Cour d\u2019Appel de Kinshasa\/Matete qui a port\u00e9 ledit ouvrage sur les fonts baptismaux, cet ouvrage vient enrichir qualitativement les biblioth\u00e8ques.<\/p>\n\n\n\n<p><em>\u00ab&nbsp;Nous invitons les coll\u00e8gues \u00e0 pouvoir lire cet ouvrage avec beaucoup d\u2019int\u00e9r\u00eat et en tirer profit, c\u2019est un ouvrage qui est pratique, il ne s\u2019agit pas de la th\u00e9orie. Lorsqu\u2019on parle de l\u2019autorit\u00e9 de la chose jug\u00e9e, c\u2019est tant au civil qu\u2019au p\u00e9nal. C\u2019est tous les magistrats qui ont int\u00e9r\u00eat \u00e0 lire cet ouvrage qui, croyez-moi, est tr\u00e8s enrichissant&nbsp;\u00bb<\/em>, a dit le Procureur G\u00e9n\u00e9ral Willy Nzoko.<\/p>\n\n\n\n<figure class=\"wp-block-image alignfull size-large\"><img data-recalc-dims=\"1\" decoding=\"async\" width=\"640\" height=\"427\" src=\"https:\/\/i0.wp.com\/infos-droitshumains.net\/wp-content\/uploads\/2024\/09\/IMG-20240916-WA0016.jpg?resize=640%2C427&#038;ssl=1\" alt=\"\" class=\"wp-image-11042\" srcset=\"https:\/\/i0.wp.com\/infos-droitshumains.net\/wp-content\/uploads\/2024\/09\/IMG-20240916-WA0016.jpg?resize=1024%2C683&amp;ssl=1 1024w, https:\/\/i0.wp.com\/infos-droitshumains.net\/wp-content\/uploads\/2024\/09\/IMG-20240916-WA0016.jpg?resize=300%2C200&amp;ssl=1 300w, https:\/\/i0.wp.com\/infos-droitshumains.net\/wp-content\/uploads\/2024\/09\/IMG-20240916-WA0016.jpg?resize=768%2C512&amp;ssl=1 768w, https:\/\/i0.wp.com\/infos-droitshumains.net\/wp-content\/uploads\/2024\/09\/IMG-20240916-WA0016.jpg?w=1044&amp;ssl=1 1044w\" sizes=\"(max-width: 640px) 100vw, 640px\" \/><\/figure>\n\n\n\n<p>Cette c\u00e9r\u00e9monie a \u00e9t\u00e9 aussi l\u2019occasion pour le Tribunal et le Parquet d\u2019inaugurer respectivement la salle d\u2019audience r\u00e9habilit\u00e9e et modernis\u00e9e pour le premier, et le b\u00e2timent nouvellement construit pour le second.<\/p>\n\n\n\n<figure class=\"wp-block-image alignfull size-large\"><img data-recalc-dims=\"1\" decoding=\"async\" width=\"640\" height=\"427\" src=\"https:\/\/i0.wp.com\/infos-droitshumains.net\/wp-content\/uploads\/2024\/09\/IMG-20240916-WA0010.jpg?resize=640%2C427&#038;ssl=1\" alt=\"\" class=\"wp-image-11040\" srcset=\"https:\/\/i0.wp.com\/infos-droitshumains.net\/wp-content\/uploads\/2024\/09\/IMG-20240916-WA0010.jpg?resize=1024%2C683&amp;ssl=1 1024w, https:\/\/i0.wp.com\/infos-droitshumains.net\/wp-content\/uploads\/2024\/09\/IMG-20240916-WA0010.jpg?resize=300%2C200&amp;ssl=1 300w, https:\/\/i0.wp.com\/infos-droitshumains.net\/wp-content\/uploads\/2024\/09\/IMG-20240916-WA0010.jpg?resize=768%2C512&amp;ssl=1 768w, https:\/\/i0.wp.com\/infos-droitshumains.net\/wp-content\/uploads\/2024\/09\/IMG-20240916-WA0010.jpg?w=1044&amp;ssl=1 1044w\" sizes=\"(max-width: 640px) 100vw, 640px\" \/><\/figure>\n\n\n\n<p>Pour la Pr\u00e9sidente Elys\u00e9e Kanjingamba du Tribunal de paix de Kinshasa\/Lemba, cette \u0153uvre t\u00e9moigne du sens du patriotisme qui les anime\u00a0:<\/p>\n\n\n\n<figure class=\"wp-block-image alignfull size-large\"><img data-recalc-dims=\"1\" loading=\"lazy\" decoding=\"async\" width=\"640\" height=\"427\" src=\"https:\/\/i0.wp.com\/infos-droitshumains.net\/wp-content\/uploads\/2024\/09\/IMG-20240916-WA0007.jpg?resize=640%2C427&#038;ssl=1\" alt=\"\" class=\"wp-image-11041\" srcset=\"https:\/\/i0.wp.com\/infos-droitshumains.net\/wp-content\/uploads\/2024\/09\/IMG-20240916-WA0007.jpg?resize=1024%2C683&amp;ssl=1 1024w, https:\/\/i0.wp.com\/infos-droitshumains.net\/wp-content\/uploads\/2024\/09\/IMG-20240916-WA0007.jpg?resize=300%2C200&amp;ssl=1 300w, https:\/\/i0.wp.com\/infos-droitshumains.net\/wp-content\/uploads\/2024\/09\/IMG-20240916-WA0007.jpg?resize=768%2C512&amp;ssl=1 768w, https:\/\/i0.wp.com\/infos-droitshumains.net\/wp-content\/uploads\/2024\/09\/IMG-20240916-WA0007.jpg?w=1044&amp;ssl=1 1044w\" sizes=\"(max-width: 640px) 100vw, 640px\" \/><\/figure>\n\n\n\n<p><em>\u00ab&nbsp;La salle d\u2019audience a \u00e9t\u00e9 trouv\u00e9e dans \u00e9tat de d\u00e9labrement total. Avec nos propres fonds, nous l\u2019avons r\u00e9habilit\u00e9. C\u2019est le sens du patriotisme qu\u2019on en soi qui a fait en sorte qu\u2019on puisse mettre la salle dans un \u00e9tat viable. Nous avons chang\u00e9 la toiture, nous avons carrel\u00e9 la salle, nous avons travaill\u00e9 le plafond, nous avons achet\u00e9 des bancs, nous avons install\u00e9 des split, nous ne voulons pas tirer notre propre gloire, nous rendons gloire \u00e0 Dieu le tout puissant qui nous a donner cette t\u00e2che, mais \u00e9galement, nous disons merci au Pr\u00e9sident de la R\u00e9publique qui a jug\u00e9 bon de nous nommer, mais \u00e9galement \u00e0 nos chefs hi\u00e9rarchiques parce que c\u2019est une grande responsabilit\u00e9, nous ne l\u2019avons pas m\u00e9rit\u00e9&nbsp;\u00bb<\/em>, a-t-elle indiqu\u00e9.<\/p>\n\n\n\n<figure class=\"wp-block-image alignfull size-large\"><img data-recalc-dims=\"1\" loading=\"lazy\" decoding=\"async\" width=\"640\" height=\"427\" src=\"https:\/\/i0.wp.com\/infos-droitshumains.net\/wp-content\/uploads\/2024\/09\/IMG-20240916-WA0012.jpg?resize=640%2C427&#038;ssl=1\" alt=\"\" class=\"wp-image-11038\" srcset=\"https:\/\/i0.wp.com\/infos-droitshumains.net\/wp-content\/uploads\/2024\/09\/IMG-20240916-WA0012.jpg?resize=1024%2C683&amp;ssl=1 1024w, https:\/\/i0.wp.com\/infos-droitshumains.net\/wp-content\/uploads\/2024\/09\/IMG-20240916-WA0012.jpg?resize=300%2C200&amp;ssl=1 300w, https:\/\/i0.wp.com\/infos-droitshumains.net\/wp-content\/uploads\/2024\/09\/IMG-20240916-WA0012.jpg?resize=768%2C512&amp;ssl=1 768w, https:\/\/i0.wp.com\/infos-droitshumains.net\/wp-content\/uploads\/2024\/09\/IMG-20240916-WA0012.jpg?w=1044&amp;ssl=1 1044w\" sizes=\"(max-width: 640px) 100vw, 640px\" \/><\/figure>\n\n\n\n<p>Le Procureur de la R\u00e9publique Emmanuel Amouri Kitenge a quant \u00e0 lui, invit\u00e9 l\u2019opinion \u00e0 <em>\u00ab&nbsp;tout simplement constater la bonne fois qu\u2019ils ont pour aider l\u2019Etat \u00e0 bien fonctionner \u00e0 travers le secteur la justice.&nbsp;\u00bb<\/em><\/p>\n\n\n\n<figure class=\"wp-block-image alignfull size-large\"><img data-recalc-dims=\"1\" loading=\"lazy\" decoding=\"async\" width=\"640\" height=\"427\" src=\"https:\/\/i0.wp.com\/infos-droitshumains.net\/wp-content\/uploads\/2024\/09\/IMG-20240916-WA0017.jpg?resize=640%2C427&#038;ssl=1\" alt=\"\" class=\"wp-image-11039\" srcset=\"https:\/\/i0.wp.com\/infos-droitshumains.net\/wp-content\/uploads\/2024\/09\/IMG-20240916-WA0017.jpg?resize=1024%2C683&amp;ssl=1 1024w, https:\/\/i0.wp.com\/infos-droitshumains.net\/wp-content\/uploads\/2024\/09\/IMG-20240916-WA0017.jpg?resize=300%2C200&amp;ssl=1 300w, https:\/\/i0.wp.com\/infos-droitshumains.net\/wp-content\/uploads\/2024\/09\/IMG-20240916-WA0017.jpg?resize=768%2C512&amp;ssl=1 768w, https:\/\/i0.wp.com\/infos-droitshumains.net\/wp-content\/uploads\/2024\/09\/IMG-20240916-WA0017.jpg?w=1044&amp;ssl=1 1044w\" sizes=\"(max-width: 640px) 100vw, 640px\" \/><\/figure>\n\n\n\n<p>Des efforts qui m\u00e9ritent reconnaissance et, le Procureur G\u00e9n\u00e9ral Willy Nzoko ne s\u2019en est pas pass\u00e9e&nbsp;:<\/p>\n\n\n\n<p><em>\u00ab&nbsp;Nous ne pouvons que f\u00e9liciter cette initiative tant de madame la Pr\u00e9sidente du Tribunal de Paix que du Procureur de la R\u00e9publique faisant fonction de Chef de Parquet. Vous imaginez qu\u2019en ce temps difficile, des magistrats qui se sacrifient avec leurs moyens propres pour construire. Vous avez vu, ce n\u2019est pas n\u2019importe quel ouvrage, c\u2019est un ouvrage de bonne qualit\u00e9 pour am\u00e9liorer justement le cadre de leur travail quotidien&nbsp;\u00bb<\/em>, a-t-il rench\u00e9ri.<\/p>\n\n\n\n<figure class=\"wp-block-image alignfull size-large\"><img data-recalc-dims=\"1\" loading=\"lazy\" decoding=\"async\" width=\"640\" height=\"427\" src=\"https:\/\/i0.wp.com\/infos-droitshumains.net\/wp-content\/uploads\/2024\/09\/IMG-20240916-WA0011-1.jpg?resize=640%2C427&#038;ssl=1\" alt=\"\" class=\"wp-image-11037\" srcset=\"https:\/\/i0.wp.com\/infos-droitshumains.net\/wp-content\/uploads\/2024\/09\/IMG-20240916-WA0011-1.jpg?resize=1024%2C683&amp;ssl=1 1024w, https:\/\/i0.wp.com\/infos-droitshumains.net\/wp-content\/uploads\/2024\/09\/IMG-20240916-WA0011-1.jpg?resize=300%2C200&amp;ssl=1 300w, https:\/\/i0.wp.com\/infos-droitshumains.net\/wp-content\/uploads\/2024\/09\/IMG-20240916-WA0011-1.jpg?resize=768%2C512&amp;ssl=1 768w, https:\/\/i0.wp.com\/infos-droitshumains.net\/wp-content\/uploads\/2024\/09\/IMG-20240916-WA0011-1.jpg?w=1044&amp;ssl=1 1044w\" sizes=\"(max-width: 640px) 100vw, 640px\" \/><\/figure>\n\n\n\n<p>Cette journ\u00e9e culturelle et scientifique a \u00e9galement connu la participation des autorit\u00e9s tant l\u00e9gislatives qu\u2019administratives de la municipalit\u00e9 de Lemba. Le D\u00e9put\u00e9 provincial Steve Mulumba \u00a0qui s\u2019est procur\u00e9 quelques exemplaires du livre <strong>\u2018\u2019Autorit\u00e9 de la chose jug\u00e9e, action publique et autres exception\u2019\u2019<\/strong> revient sur l\u2019importance d\u2019une cohabitation p\u00e9rennante entre les trois pouvoirs pour l\u2019int\u00e9r\u00eat de la population\u00a0:<\/p>\n\n\n\n<p><em>\u00ab&nbsp;Nous ne pouvons qu\u2019\u00eatre content parce qu\u2019entend que l\u00e9gislateur, il faille \u00eatre toujours aux cot\u00e9s du pouvoir judiciaire pour soit, apprendre ou cr\u00e9er des nouveaux \u00e9diles qui&nbsp; pourront permettre \u00e0 ces praticiens du droit de pouvoir bien fonctionner. D\u2019abord, je pr\u00e9sente des tr\u00e8s grandes f\u00e9licitations \u00e0 la Pr\u00e9sidente pourquoi pas au Procureur de la R\u00e9publique faisant fonction de Chef du Parquet pr\u00e8s ce Tribunal. Nous savons, entant qu\u2019homme d\u2019Etat, il est difficile pour qu\u2019un agent public de l\u2019Etat puisse prendre de sa poche de l\u2019argent, pour le placer dans des b\u00e2timents \u00e0 caract\u00e8re \u00e9tatique, mais quand ces derniers arrivent \u00e0 le faire, ce sont des personnes \u00e0 f\u00e9liciter. Dans ce sens, nous ne pouvons que leur demander \u00e0 continuer sur cet \u00e9lan&nbsp;\u00bb<\/em>, a dit l\u2019\u00e9lu de Lemba.<\/p>\n\n\n\n<figure class=\"wp-block-image alignfull size-large\"><img data-recalc-dims=\"1\" loading=\"lazy\" decoding=\"async\" width=\"640\" height=\"427\" src=\"https:\/\/i0.wp.com\/infos-droitshumains.net\/wp-content\/uploads\/2024\/09\/IMG-20240916-WA0027.jpg?resize=640%2C427&#038;ssl=1\" alt=\"\" class=\"wp-image-11044\" srcset=\"https:\/\/i0.wp.com\/infos-droitshumains.net\/wp-content\/uploads\/2024\/09\/IMG-20240916-WA0027.jpg?resize=1024%2C683&amp;ssl=1 1024w, https:\/\/i0.wp.com\/infos-droitshumains.net\/wp-content\/uploads\/2024\/09\/IMG-20240916-WA0027.jpg?resize=300%2C200&amp;ssl=1 300w, https:\/\/i0.wp.com\/infos-droitshumains.net\/wp-content\/uploads\/2024\/09\/IMG-20240916-WA0027.jpg?resize=768%2C512&amp;ssl=1 768w, https:\/\/i0.wp.com\/infos-droitshumains.net\/wp-content\/uploads\/2024\/09\/IMG-20240916-WA0027.jpg?w=1044&amp;ssl=1 1044w\" sizes=\"(max-width: 640px) 100vw, 640px\" \/><\/figure>\n\n\n\n<p>Le Bourgmestre de la Commune de Lemba a pour sa part, promis de poursuivre avec l\u2019\u00e9lan d\u00e9j\u00e0 entam\u00e9 pour que la justice \u00e9quitable soit toujours dite dans sa municipalit\u00e9&nbsp;:<\/p>\n\n\n\n<figure class=\"wp-block-image alignfull size-large\"><img data-recalc-dims=\"1\" loading=\"lazy\" decoding=\"async\" width=\"640\" height=\"427\" src=\"https:\/\/i0.wp.com\/infos-droitshumains.net\/wp-content\/uploads\/2024\/09\/IMG-20240916-WA0026.jpg?resize=640%2C427&#038;ssl=1\" alt=\"\" class=\"wp-image-11046\" srcset=\"https:\/\/i0.wp.com\/infos-droitshumains.net\/wp-content\/uploads\/2024\/09\/IMG-20240916-WA0026.jpg?resize=1024%2C683&amp;ssl=1 1024w, https:\/\/i0.wp.com\/infos-droitshumains.net\/wp-content\/uploads\/2024\/09\/IMG-20240916-WA0026.jpg?resize=300%2C200&amp;ssl=1 300w, https:\/\/i0.wp.com\/infos-droitshumains.net\/wp-content\/uploads\/2024\/09\/IMG-20240916-WA0026.jpg?resize=768%2C512&amp;ssl=1 768w, https:\/\/i0.wp.com\/infos-droitshumains.net\/wp-content\/uploads\/2024\/09\/IMG-20240916-WA0026.jpg?w=1044&amp;ssl=1 1044w\" sizes=\"(max-width: 640px) 100vw, 640px\" \/><\/figure>\n\n\n\n<p><em>\u00ab&nbsp;Les deux ont fait un travail fort, d\u2019ailleurs Monsieur le Procureur de la R\u00e9publique a dit tant\u00f4t que Lemba c\u2019est Berlin&nbsp;; c\u2019est une figure de forme juste pour dire que m\u00eame l\u2019appareil judiciaire veut moderniser la justice conform\u00e9ment \u00e0 la vision du Chef de l\u2019Etat. Voil\u00e0 pourquoi ils ont fait ce geste-l\u00e0, nous ne pouvons que leur f\u00e9liciter. On s\u2019accompagne mutuellement dans ce que nous faisons. Ils m\u2019accompagnent, je les accompagne aussi pour qu\u2019ils aient des bonnes conditions et ils m\u2019accompagnent aussi pour que la justice \u00e9quitable soit dite dans la circonscription de Lemba. On va continuer \u00e0 le faire parce que, si nous voulons vraiment que Lemba soit comme Berlin, nous devons nous tenir coude \u00e0 coude pour que les choses avancent bien&nbsp;\u00bb<\/em>, a rassur\u00e9 Jean-Serge Poba.<\/p>\n\n\n\n<p>Jo\u00ebl Diawa<\/p>\n","protected":false},"excerpt":{"rendered":"<p>R\u00e9daction : +243 817 406 088 C\u2019est une premi\u00e8re dans les palais de justice de&#8230;<\/p>\n","protected":false},"author":2,"featured_media":11033,"comment_status":"open","ping_status":"open","sticky":false,"template":"","format":"standard","meta":{"_jetpack_memberships_contains_paid_content":false,"footnotes":""},"categories":[6],"tags":[],"class_list":["post-11031","post","type-post","status-publish","format-standard","has-post-thumbnail","hentry","category-justice"],"yoast_head":"<!-- This site is optimized with the Yoast SEO plugin v27.5 - https:\/\/yoast.com\/product\/yoast-seo-wordpress\/ -->\n<title>Premi\u00e8re \u00e9dition de la rentr\u00e9e scientifique\u00a0: Le Tribunal de Paix de Kinshasa\/Lemba et le Parquet y rattach\u00e9 gagnent le pari - Infos Droits Humains<\/title>\n<meta name=\"robots\" content=\"index, follow, max-snippet:-1, max-image-preview:large, max-video-preview:-1\" \/>\n<link rel=\"canonical\" href=\"https:\/\/infos-droitshumains.net\/?p=11031\" \/>\n<meta property=\"og:locale\" content=\"fr_FR\" \/>\n<meta property=\"og:type\" content=\"article\" \/>\n<meta property=\"og:title\" content=\"Premi\u00e8re \u00e9dition de la rentr\u00e9e scientifique\u00a0: Le Tribunal de Paix de Kinshasa\/Lemba et le Parquet y rattach\u00e9 gagnent le pari - Infos Droits Humains\" \/>\n<meta property=\"og:description\" content=\"R\u00e9daction : +243 817 406 088 C\u2019est une premi\u00e8re dans les palais de justice de...\" \/>\n<meta property=\"og:url\" content=\"https:\/\/infos-droitshumains.net\/?p=11031\" \/>\n<meta property=\"og:site_name\" content=\"Infos Droits Humains\" \/>\n<meta property=\"article:published_time\" content=\"2024-09-16T21:33:06+00:00\" \/>\n<meta property=\"article:modified_time\" content=\"2024-09-16T21:52:06+00:00\" \/>\n<meta property=\"og:image\" content=\"https:\/\/infos-droitshumains.net\/wp-content\/uploads\/2024\/09\/IMG-20240916-WA0009.jpg\" \/>\n\t<meta property=\"og:image:width\" content=\"1044\" \/>\n\t<meta property=\"og:image:height\" content=\"696\" \/>\n\t<meta property=\"og:image:type\" content=\"image\/jpeg\" \/>\n<meta name=\"author\" content=\"Jo\u00ebl Diawa\" \/>\n<meta name=\"twitter:card\" content=\"summary_large_image\" \/>\n<meta name=\"twitter:label1\" content=\"\u00c9crit par\" \/>\n\t<meta name=\"twitter:data1\" content=\"Jo\u00ebl Diawa\" \/>\n\t<meta name=\"twitter:label2\" content=\"Dur\u00e9e de lecture estim\u00e9e\" \/>\n\t<meta name=\"twitter:data2\" content=\"7 minutes\" \/>\n<script type=\"application\/ld+json\" class=\"yoast-schema-graph\">{\"@context\":\"https:\\\/\\\/schema.org\",\"@graph\":[{\"@type\":\"Article\",\"@id\":\"https:\\\/\\\/infos-droitshumains.net\\\/?p=11031#article\",\"isPartOf\":{\"@id\":\"https:\\\/\\\/infos-droitshumains.net\\\/?p=11031\"},\"author\":{\"name\":\"Jo\u00ebl Diawa\",\"@id\":\"https:\\\/\\\/infos-droitshumains.net\\\/#\\\/schema\\\/person\\\/3dc5e921c3302172e0ed4362f96faab7\"},\"headline\":\"Premi\u00e8re \u00e9dition de la rentr\u00e9e scientifique\u00a0: Le Tribunal de Paix de Kinshasa\\\/Lemba et le Parquet y rattach\u00e9 gagnent le pari\",\"datePublished\":\"2024-09-16T21:33:06+00:00\",\"dateModified\":\"2024-09-16T21:52:06+00:00\",\"mainEntityOfPage\":{\"@id\":\"https:\\\/\\\/infos-droitshumains.net\\\/?p=11031\"},\"wordCount\":1000,\"commentCount\":0,\"publisher\":{\"@id\":\"https:\\\/\\\/infos-droitshumains.net\\\/#organization\"},\"image\":{\"@id\":\"https:\\\/\\\/infos-droitshumains.net\\\/?p=11031#primaryimage\"},\"thumbnailUrl\":\"https:\\\/\\\/i0.wp.com\\\/infos-droitshumains.net\\\/wp-content\\\/uploads\\\/2024\\\/09\\\/IMG-20240916-WA0009.jpg?fit=1044%2C696&ssl=1\",\"articleSection\":[\"Justice\"],\"inLanguage\":\"fr-FR\",\"potentialAction\":[{\"@type\":\"CommentAction\",\"name\":\"Comment\",\"target\":[\"https:\\\/\\\/infos-droitshumains.net\\\/?p=11031#respond\"]}]},{\"@type\":\"WebPage\",\"@id\":\"https:\\\/\\\/infos-droitshumains.net\\\/?p=11031\",\"url\":\"https:\\\/\\\/infos-droitshumains.net\\\/?p=11031\",\"name\":\"Premi\u00e8re \u00e9dition de la rentr\u00e9e scientifique\u00a0: Le Tribunal de Paix de Kinshasa\\\/Lemba et le Parquet y rattach\u00e9 gagnent le pari - Infos Droits Humains\",\"isPartOf\":{\"@id\":\"https:\\\/\\\/infos-droitshumains.net\\\/#website\"},\"primaryImageOfPage\":{\"@id\":\"https:\\\/\\\/infos-droitshumains.net\\\/?p=11031#primaryimage\"},\"image\":{\"@id\":\"https:\\\/\\\/infos-droitshumains.net\\\/?p=11031#primaryimage\"},\"thumbnailUrl\":\"https:\\\/\\\/i0.wp.com\\\/infos-droitshumains.net\\\/wp-content\\\/uploads\\\/2024\\\/09\\\/IMG-20240916-WA0009.jpg?fit=1044%2C696&ssl=1\",\"datePublished\":\"2024-09-16T21:33:06+00:00\",\"dateModified\":\"2024-09-16T21:52:06+00:00\",\"breadcrumb\":{\"@id\":\"https:\\\/\\\/infos-droitshumains.net\\\/?p=11031#breadcrumb\"},\"inLanguage\":\"fr-FR\",\"potentialAction\":[{\"@type\":\"ReadAction\",\"target\":[\"https:\\\/\\\/infos-droitshumains.net\\\/?p=11031\"]}]},{\"@type\":\"ImageObject\",\"inLanguage\":\"fr-FR\",\"@id\":\"https:\\\/\\\/infos-droitshumains.net\\\/?p=11031#primaryimage\",\"url\":\"https:\\\/\\\/i0.wp.com\\\/infos-droitshumains.net\\\/wp-content\\\/uploads\\\/2024\\\/09\\\/IMG-20240916-WA0009.jpg?fit=1044%2C696&ssl=1\",\"contentUrl\":\"https:\\\/\\\/i0.wp.com\\\/infos-droitshumains.net\\\/wp-content\\\/uploads\\\/2024\\\/09\\\/IMG-20240916-WA0009.jpg?fit=1044%2C696&ssl=1\",\"width\":1044,\"height\":696},{\"@type\":\"BreadcrumbList\",\"@id\":\"https:\\\/\\\/infos-droitshumains.net\\\/?p=11031#breadcrumb\",\"itemListElement\":[{\"@type\":\"ListItem\",\"position\":1,\"name\":\"Accueil\",\"item\":\"https:\\\/\\\/infos-droitshumains.net\\\/\"},{\"@type\":\"ListItem\",\"position\":2,\"name\":\"Premi\u00e8re \u00e9dition de la rentr\u00e9e scientifique\u00a0: Le Tribunal de Paix de Kinshasa\\\/Lemba et le Parquet y rattach\u00e9 gagnent le pari\"}]},{\"@type\":\"WebSite\",\"@id\":\"https:\\\/\\\/infos-droitshumains.net\\\/#website\",\"url\":\"https:\\\/\\\/infos-droitshumains.net\\\/\",\"name\":\"Infos Droits Humains\",\"description\":\"S&#039;informer est un droit\",\"publisher\":{\"@id\":\"https:\\\/\\\/infos-droitshumains.net\\\/#organization\"},\"potentialAction\":[{\"@type\":\"SearchAction\",\"target\":{\"@type\":\"EntryPoint\",\"urlTemplate\":\"https:\\\/\\\/infos-droitshumains.net\\\/?s={search_term_string}\"},\"query-input\":{\"@type\":\"PropertyValueSpecification\",\"valueRequired\":true,\"valueName\":\"search_term_string\"}}],\"inLanguage\":\"fr-FR\"},{\"@type\":\"Organization\",\"@id\":\"https:\\\/\\\/infos-droitshumains.net\\\/#organization\",\"name\":\"Infos Droits Humains\",\"url\":\"https:\\\/\\\/infos-droitshumains.net\\\/\",\"logo\":{\"@type\":\"ImageObject\",\"inLanguage\":\"fr-FR\",\"@id\":\"https:\\\/\\\/infos-droitshumains.net\\\/#\\\/schema\\\/logo\\\/image\\\/\",\"url\":\"https:\\\/\\\/i0.wp.com\\\/infos-droitshumains.net\\\/wp-content\\\/uploads\\\/2022\\\/05\\\/Logo.png?fit=333%2C129&ssl=1\",\"contentUrl\":\"https:\\\/\\\/i0.wp.com\\\/infos-droitshumains.net\\\/wp-content\\\/uploads\\\/2022\\\/05\\\/Logo.png?fit=333%2C129&ssl=1\",\"width\":333,\"height\":129,\"caption\":\"Infos Droits Humains\"},\"image\":{\"@id\":\"https:\\\/\\\/infos-droitshumains.net\\\/#\\\/schema\\\/logo\\\/image\\\/\"}},{\"@type\":\"Person\",\"@id\":\"https:\\\/\\\/infos-droitshumains.net\\\/#\\\/schema\\\/person\\\/3dc5e921c3302172e0ed4362f96faab7\",\"name\":\"Jo\u00ebl Diawa\",\"image\":{\"@type\":\"ImageObject\",\"inLanguage\":\"fr-FR\",\"@id\":\"https:\\\/\\\/secure.gravatar.com\\\/avatar\\\/729bea6ff4604c624417803c477363be8e3c7186deaa65713313f9b4b820f41c?s=96&d=mm&r=g\",\"url\":\"https:\\\/\\\/secure.gravatar.com\\\/avatar\\\/729bea6ff4604c624417803c477363be8e3c7186deaa65713313f9b4b820f41c?s=96&d=mm&r=g\",\"contentUrl\":\"https:\\\/\\\/secure.gravatar.com\\\/avatar\\\/729bea6ff4604c624417803c477363be8e3c7186deaa65713313f9b4b820f41c?s=96&d=mm&r=g\",\"caption\":\"Jo\u00ebl Diawa\"},\"sameAs\":[\"https:\\\/\\\/www.infos-droitshumains.net\"],\"url\":\"https:\\\/\\\/infos-droitshumains.net\\\/?author=2\"}]}<\/script>\n<!-- \/ Yoast SEO plugin. -->","yoast_head_json":{"title":"Premi\u00e8re \u00e9dition de la rentr\u00e9e scientifique\u00a0: Le Tribunal de Paix de Kinshasa\/Lemba et le Parquet y rattach\u00e9 gagnent le pari - Infos Droits Humains","robots":{"index":"index","follow":"follow","max-snippet":"max-snippet:-1","max-image-preview":"max-image-preview:large","max-video-preview":"max-video-preview:-1"},"canonical":"https:\/\/infos-droitshumains.net\/?p=11031","og_locale":"fr_FR","og_type":"article","og_title":"Premi\u00e8re \u00e9dition de la rentr\u00e9e scientifique\u00a0: Le Tribunal de Paix de Kinshasa\/Lemba et le Parquet y rattach\u00e9 gagnent le pari - Infos Droits Humains","og_description":"R\u00e9daction : +243 817 406 088 C\u2019est une premi\u00e8re dans les palais de justice de...","og_url":"https:\/\/infos-droitshumains.net\/?p=11031","og_site_name":"Infos Droits Humains","article_published_time":"2024-09-16T21:33:06+00:00","article_modified_time":"2024-09-16T21:52:06+00:00","og_image":[{"width":1044,"height":696,"url":"https:\/\/infos-droitshumains.net\/wp-content\/uploads\/2024\/09\/IMG-20240916-WA0009.jpg","type":"image\/jpeg"}],"author":"Jo\u00ebl Diawa","twitter_card":"summary_large_image","twitter_misc":{"\u00c9crit par":"Jo\u00ebl Diawa","Dur\u00e9e de lecture estim\u00e9e":"7 minutes"},"schema":{"@context":"https:\/\/schema.org","@graph":[{"@type":"Article","@id":"https:\/\/infos-droitshumains.net\/?p=11031#article","isPartOf":{"@id":"https:\/\/infos-droitshumains.net\/?p=11031"},"author":{"name":"Jo\u00ebl Diawa","@id":"https:\/\/infos-droitshumains.net\/#\/schema\/person\/3dc5e921c3302172e0ed4362f96faab7"},"headline":"Premi\u00e8re \u00e9dition de la rentr\u00e9e scientifique\u00a0: Le Tribunal de Paix de Kinshasa\/Lemba et le Parquet y rattach\u00e9 gagnent le pari","datePublished":"2024-09-16T21:33:06+00:00","dateModified":"2024-09-16T21:52:06+00:00","mainEntityOfPage":{"@id":"https:\/\/infos-droitshumains.net\/?p=11031"},"wordCount":1000,"commentCount":0,"publisher":{"@id":"https:\/\/infos-droitshumains.net\/#organization"},"image":{"@id":"https:\/\/infos-droitshumains.net\/?p=11031#primaryimage"},"thumbnailUrl":"https:\/\/i0.wp.com\/infos-droitshumains.net\/wp-content\/uploads\/2024\/09\/IMG-20240916-WA0009.jpg?fit=1044%2C696&ssl=1","articleSection":["Justice"],"inLanguage":"fr-FR","potentialAction":[{"@type":"CommentAction","name":"Comment","target":["https:\/\/infos-droitshumains.net\/?p=11031#respond"]}]},{"@type":"WebPage","@id":"https:\/\/infos-droitshumains.net\/?p=11031","url":"https:\/\/infos-droitshumains.net\/?p=11031","name":"Premi\u00e8re \u00e9dition de la rentr\u00e9e scientifique\u00a0: Le Tribunal de Paix de Kinshasa\/Lemba et le Parquet y rattach\u00e9 gagnent le pari - Infos Droits Humains","isPartOf":{"@id":"https:\/\/infos-droitshumains.net\/#website"},"primaryImageOfPage":{"@id":"https:\/\/infos-droitshumains.net\/?p=11031#primaryimage"},"image":{"@id":"https:\/\/infos-droitshumains.net\/?p=11031#primaryimage"},"thumbnailUrl":"https:\/\/i0.wp.com\/infos-droitshumains.net\/wp-content\/uploads\/2024\/09\/IMG-20240916-WA0009.jpg?fit=1044%2C696&ssl=1","datePublished":"2024-09-16T21:33:06+00:00","dateModified":"2024-09-16T21:52:06+00:00","breadcrumb":{"@id":"https:\/\/infos-droitshumains.net\/?p=11031#breadcrumb"},"inLanguage":"fr-FR","potentialAction":[{"@type":"ReadAction","target":["https:\/\/infos-droitshumains.net\/?p=11031"]}]},{"@type":"ImageObject","inLanguage":"fr-FR","@id":"https:\/\/infos-droitshumains.net\/?p=11031#primaryimage","url":"https:\/\/i0.wp.com\/infos-droitshumains.net\/wp-content\/uploads\/2024\/09\/IMG-20240916-WA0009.jpg?fit=1044%2C696&ssl=1","contentUrl":"https:\/\/i0.wp.com\/infos-droitshumains.net\/wp-content\/uploads\/2024\/09\/IMG-20240916-WA0009.jpg?fit=1044%2C696&ssl=1","width":1044,"height":696},{"@type":"BreadcrumbList","@id":"https:\/\/infos-droitshumains.net\/?p=11031#breadcrumb","itemListElement":[{"@type":"ListItem","position":1,"name":"Accueil","item":"https:\/\/infos-droitshumains.net\/"},{"@type":"ListItem","position":2,"name":"Premi\u00e8re \u00e9dition de la rentr\u00e9e scientifique\u00a0: Le Tribunal de Paix de Kinshasa\/Lemba et le Parquet y rattach\u00e9 gagnent le pari"}]},{"@type":"WebSite","@id":"https:\/\/infos-droitshumains.net\/#website","url":"https:\/\/infos-droitshumains.net\/","name":"Infos Droits Humains","description":"S&#039;informer est un droit","publisher":{"@id":"https:\/\/infos-droitshumains.net\/#organization"},"potentialAction":[{"@type":"SearchAction","target":{"@type":"EntryPoint","urlTemplate":"https:\/\/infos-droitshumains.net\/?s={search_term_string}"},"query-input":{"@type":"PropertyValueSpecification","valueRequired":true,"valueName":"search_term_string"}}],"inLanguage":"fr-FR"},{"@type":"Organization","@id":"https:\/\/infos-droitshumains.net\/#organization","name":"Infos Droits Humains","url":"https:\/\/infos-droitshumains.net\/","logo":{"@type":"ImageObject","inLanguage":"fr-FR","@id":"https:\/\/infos-droitshumains.net\/#\/schema\/logo\/image\/","url":"https:\/\/i0.wp.com\/infos-droitshumains.net\/wp-content\/uploads\/2022\/05\/Logo.png?fit=333%2C129&ssl=1","contentUrl":"https:\/\/i0.wp.com\/infos-droitshumains.net\/wp-content\/uploads\/2022\/05\/Logo.png?fit=333%2C129&ssl=1","width":333,"height":129,"caption":"Infos Droits Humains"},"image":{"@id":"https:\/\/infos-droitshumains.net\/#\/schema\/logo\/image\/"}},{"@type":"Person","@id":"https:\/\/infos-droitshumains.net\/#\/schema\/person\/3dc5e921c3302172e0ed4362f96faab7","name":"Jo\u00ebl Diawa","image":{"@type":"ImageObject","inLanguage":"fr-FR","@id":"https:\/\/secure.gravatar.com\/avatar\/729bea6ff4604c624417803c477363be8e3c7186deaa65713313f9b4b820f41c?s=96&d=mm&r=g","url":"https:\/\/secure.gravatar.com\/avatar\/729bea6ff4604c624417803c477363be8e3c7186deaa65713313f9b4b820f41c?s=96&d=mm&r=g","contentUrl":"https:\/\/secure.gravatar.com\/avatar\/729bea6ff4604c624417803c477363be8e3c7186deaa65713313f9b4b820f41c?s=96&d=mm&r=g","caption":"Jo\u00ebl Diawa"},"sameAs":["https:\/\/www.infos-droitshumains.net"],"url":"https:\/\/infos-droitshumains.net\/?author=2"}]}},"featured_image_urls":{"full":["https:\/\/i0.wp.com\/infos-droitshumains.net\/wp-content\/uploads\/2024\/09\/IMG-20240916-WA0009.jpg?fit=1044%2C696&ssl=1",1044,696,false],"thumbnail":["https:\/\/i0.wp.com\/infos-droitshumains.net\/wp-content\/uploads\/2024\/09\/IMG-20240916-WA0009.jpg?resize=150%2C150&ssl=1",150,150,true],"medium":["https:\/\/i0.wp.com\/infos-droitshumains.net\/wp-content\/uploads\/2024\/09\/IMG-20240916-WA0009.jpg?fit=300%2C200&ssl=1",300,200,true],"medium_large":["https:\/\/i0.wp.com\/infos-droitshumains.net\/wp-content\/uploads\/2024\/09\/IMG-20240916-WA0009.jpg?fit=640%2C427&ssl=1",640,427,true],"large":["https:\/\/i0.wp.com\/infos-droitshumains.net\/wp-content\/uploads\/2024\/09\/IMG-20240916-WA0009.jpg?fit=640%2C427&ssl=1",640,427,true],"1536x1536":["https:\/\/i0.wp.com\/infos-droitshumains.net\/wp-content\/uploads\/2024\/09\/IMG-20240916-WA0009.jpg?fit=1044%2C696&ssl=1",1044,696,true],"2048x2048":["https:\/\/i0.wp.com\/infos-droitshumains.net\/wp-content\/uploads\/2024\/09\/IMG-20240916-WA0009.jpg?fit=1044%2C696&ssl=1",1044,696,true],"covernews-slider-full":["https:\/\/i0.wp.com\/infos-droitshumains.net\/wp-content\/uploads\/2024\/09\/IMG-20240916-WA0009.jpg?resize=1044%2C696&ssl=1",1044,696,true],"covernews-slider-center":["https:\/\/i0.wp.com\/infos-droitshumains.net\/wp-content\/uploads\/2024\/09\/IMG-20240916-WA0009.jpg?resize=800%2C500&ssl=1",800,500,true],"covernews-featured":["https:\/\/i0.wp.com\/infos-droitshumains.net\/wp-content\/uploads\/2024\/09\/IMG-20240916-WA0009.jpg?fit=1024%2C683&ssl=1",1024,683,true],"covernews-medium":["https:\/\/i0.wp.com\/infos-droitshumains.net\/wp-content\/uploads\/2024\/09\/IMG-20240916-WA0009.jpg?resize=540%2C340&ssl=1",540,340,true],"covernews-medium-square":["https:\/\/i0.wp.com\/infos-droitshumains.net\/wp-content\/uploads\/2024\/09\/IMG-20240916-WA0009.jpg?resize=400%2C250&ssl=1",400,250,true]},"author_info":{"display_name":"Jo\u00ebl Diawa","author_link":"https:\/\/infos-droitshumains.net\/?author=2"},"category_info":"<a href=\"https:\/\/infos-droitshumains.net\/?cat=6\" rel=\"category\">Justice<\/a>","tag_info":"Justice","comment_count":"0","jetpack_featured_media_url":"https:\/\/i0.wp.com\/infos-droitshumains.net\/wp-content\/uploads\/2024\/09\/IMG-20240916-WA0009.jpg?fit=1044%2C696&ssl=1","jetpack-related-posts":[],"jetpack_sharing_enabled":true,"_links":{"self":[{"href":"https:\/\/infos-droitshumains.net\/index.php?rest_route=\/wp\/v2\/posts\/11031","targetHints":{"allow":["GET"]}}],"collection":[{"href":"https:\/\/infos-droitshumains.net\/index.php?rest_route=\/wp\/v2\/posts"}],"about":[{"href":"https:\/\/infos-droitshumains.net\/index.php?rest_route=\/wp\/v2\/types\/post"}],"author":[{"embeddable":true,"href":"https:\/\/infos-droitshumains.net\/index.php?rest_route=\/wp\/v2\/users\/2"}],"replies":[{"embeddable":true,"href":"https:\/\/infos-droitshumains.net\/index.php?rest_route=%2Fwp%2Fv2%2Fcomments&post=11031"}],"version-history":[{"count":5,"href":"https:\/\/infos-droitshumains.net\/index.php?rest_route=\/wp\/v2\/posts\/11031\/revisions"}],"predecessor-version":[{"id":11049,"href":"https:\/\/infos-droitshumains.net\/index.php?rest_route=\/wp\/v2\/posts\/11031\/revisions\/11049"}],"wp:featuredmedia":[{"embeddable":true,"href":"https:\/\/infos-droitshumains.net\/index.php?rest_route=\/wp\/v2\/media\/11033"}],"wp:attachment":[{"href":"https:\/\/infos-droitshumains.net\/index.php?rest_route=%2Fwp%2Fv2%2Fmedia&parent=11031"}],"wp:term":[{"taxonomy":"category","embeddable":true,"href":"https:\/\/infos-droitshumains.net\/index.php?rest_route=%2Fwp%2Fv2%2Fcategories&post=11031"},{"taxonomy":"post_tag","embeddable":true,"href":"https:\/\/infos-droitshumains.net\/index.php?rest_route=%2Fwp%2Fv2%2Ftags&post=11031"}],"curies":[{"name":"wp","href":"https:\/\/api.w.org\/{rel}","templated":true}]}}