{"id":11027,"date":"2024-09-16T21:42:02","date_gmt":"2024-09-16T19:42:02","guid":{"rendered":"https:\/\/infos-droitshumains.net\/?p=11027"},"modified":"2024-09-16T21:44:41","modified_gmt":"2024-09-16T19:44:41","slug":"rentree-parlementaire-le-depute-nationale-venance-eyanga-mboyo-promet-de-veiller-a-ce-que-les-investissements-aient-une-part-tres-importante-dans-le-budget-2025-pour-favoriser-la-diversificatio","status":"publish","type":"post","link":"https:\/\/infos-droitshumains.net\/?p=11027","title":{"rendered":"Rentr\u00e9e parlementaire\u00a0: Le D\u00e9put\u00e9 National Venance Eyanga Mboyo promet de veiller \u00e0 ce que les investissements aient une part tr\u00e8s importante dans le budget 2025 pour favoriser la diversification de l\u2019\u00e9conomie"},"content":{"rendered":"\n<p><strong>R\u00e9daction : +243 817 406 088<\/strong><\/p>\n\n\n\n<h3 class=\"wp-block-heading has-vivid-red-color has-text-color has-link-color wp-elements-44afacd63bed9989a576738554989ecb\">Les d\u00e9put\u00e9s nationaux de la R\u00e9publique D\u00e9mocratique du Congo ont repris le chemin de l\u2019h\u00e9micycle ce lundi 16 Septembre 2024. Lors de son discours inaugural, le Pr\u00e9sident de l\u2019Assembl\u00e9e Nationale, Vital Kamerhe a rappel\u00e9 que cette session ordinaire qui s\u2019ouvre est essentiellement budg\u00e9taire.<\/h3>\n\n\n\n<p><em>\u00ab&nbsp;<\/em><em>En tant que repr\u00e9sentants du peuple, nous avons le devoir de veiller \u00e0 ce que le budget de 2024 refl\u00e8te une r\u00e9ponse adapt\u00e9e \u00e0 ces d\u00e9fis, tout en restant centr\u00e9 sur les priorit\u00e9s qui concernent directement nos concitoyens\u00bb, <\/em>a dit le Pr\u00e9sident de l\u2019Assembl\u00e9e Nationale.<\/p>\n\n\n\n<p>Le Budget \u00e9tant un instrument de la politique \u00e9conomique, le D\u00e9put\u00e9 National V\u00e9nance Eyanga Mboyo estime que dans cet aspect des choses, <em>\u00ab&nbsp;il doit r\u00e9pondre aux questions \u00e9conomiques qui s\u2019imposent dans le pays.&nbsp;\u00bb<\/em> Pour la R\u00e9publique D\u00e9mocratique du Congo, ces questions \u00e0 l\u2019en croire sont notamment, celles du d\u00e9veloppement qui renvoi <em>\u00ab&nbsp;aux questions de l\u2019industrialisation, de la diversification de l\u2019\u00e9conomie, bref, aux questions des investissements&nbsp;\u00bb<\/em>.<\/p>\n\n\n\n<p>De ce fait, l\u2019\u00e9lu du Mont-Amba dans la ville de Kinshasa rassure vouloir apporter une touche particuli\u00e8re pour rendre effective la diversification de l\u2019\u00e9conomie nationale.<\/p>\n\n\n\n<p><em>\u00ab&nbsp;Lors de son programme, le Pr\u00e9sident avait dit qu\u2019il va veiller pour que le train de vie des institutions soit revu \u00e0 la baisse&nbsp;; parmi les m\u00e9canismes qu\u2019il avait propos\u00e9, c\u2019est notamment, de faire en sorte que les d\u00e9penses rattach\u00e9es aux institutions repr\u00e9sentent les 10% des recettes courantes. Ce sont les premiers indicateurs que nous allons surveiller&nbsp;\u00bb, <\/em>a promis le D\u00e9put\u00e9 V\u00e9nance Eyanga pour qui, ces indicateurs vont cependant permettre en second lieu <em>\u00ab&nbsp;d\u2019am\u00e9liorer le budget li\u00e9e aux investissements.&nbsp;\u00bb<\/em><\/p>\n\n\n\n<p><em>\u00ab&nbsp;Notre touche particuli\u00e8re sera de se rassurer que les investissements auront une part tr\u00e8s importante dans le budget 2025 pour favoriser la diversification de l\u2019\u00e9conomie de la R\u00e9publique D\u00e9mocratique du Congo&nbsp;\u00bb<\/em>, a-t-il insist\u00e9.<\/p>\n\n\n\n<p>Si la session de Septembre est essentiellement budg\u00e9taire, d\u2019autres questions de la vie nationale seront \u00e9galement abord\u00e9es notamment, la question s\u00e9curitaire. Elu dans une circonscription o\u00f9 plusieurs coins en proie de la criminalit\u00e9 urbaine grandissante, Venance Eyanga une recette afin que &nbsp;le budget r\u00e9serv\u00e9 \u00e0 la s\u00e9curit\u00e9 soit ex\u00e9cut\u00e9<\/p>\n\n\n\n<p><em>\u00ab&nbsp;Aujourd\u2019hui vous ne pouvez pas \u00e9laborer le budget en R\u00e9publique D\u00e9mocratique du Congo sans mettre un accent particulier sur la s\u00e9curit\u00e9. La premi\u00e8re des choses c\u2019est de permettre \u00e0 ce que le budget qui sera r\u00e9serv\u00e9 \u00e0 la s\u00e9curit\u00e9 permette de couvrir toutes les questions de ce secteur notamment, le recrutement et la formation des policiers et leur prise en&nbsp; charge. Nous avons des policiers qui ne sont pas form\u00e9s, nous avons aujourd\u2019hui des policiers qui travaillent mais ne sont pas pris en charge. Nous allons faire en sorte que le budget prenne en charge ces unit\u00e9s-l\u00e0 qui travaillent, les former et permette \u00e0 ce qu\u2019elles fassent leur travail tel qu\u2019il doit \u00eatre r\u00e9alis\u00e9&nbsp;\u00bb, <\/em>a-t-il promis.<\/p>\n\n\n\n<p>Notons que toutes ces propositions sont l\u2019\u00e9manation des diff\u00e9rents d\u00e9sid\u00e9ratas lui soumis par ses \u00e9lecteurs pendant ses vacances parlementaires. Ce notable du Mont-Amba qui a toujours \u00e9t\u00e9 avec sa base pendant ses vacances, a la maitrise parfaite des diff\u00e9rents probl\u00e8mes de sa base voil\u00e0 qu\u2019il est entrain de lier la parole \u00e0 l\u2019acte en les soumettant aux autorit\u00e9s comp\u00e9tentes afin que des solutions idoines soient trouv\u00e9es.<\/p>\n\n\n\n<p>Jo\u00ebl Diawa<\/p>\n","protected":false},"excerpt":{"rendered":"<p>R\u00e9daction : +243 817 406 088 Les d\u00e9put\u00e9s nationaux de la R\u00e9publique D\u00e9mocratique du Congo&#8230;<\/p>\n","protected":false},"author":2,"featured_media":11029,"comment_status":"open","ping_status":"open","sticky":false,"template":"","format":"standard","meta":{"_jetpack_memberships_contains_paid_content":false,"footnotes":""},"categories":[3],"tags":[],"class_list":["post-11027","post","type-post","status-publish","format-standard","has-post-thumbnail","hentry","category-politique"],"yoast_head":"<!-- This site is optimized with the Yoast SEO plugin v27.5 - https:\/\/yoast.com\/product\/yoast-seo-wordpress\/ -->\n<title>Rentr\u00e9e parlementaire\u00a0: Le D\u00e9put\u00e9 National Venance Eyanga Mboyo promet de veiller \u00e0 ce que les investissements aient une part tr\u00e8s importante dans le budget 2025 pour favoriser la diversification de l\u2019\u00e9conomie - Infos Droits Humains<\/title>\n<meta name=\"robots\" content=\"index, follow, max-snippet:-1, max-image-preview:large, max-video-preview:-1\" \/>\n<link rel=\"canonical\" href=\"https:\/\/infos-droitshumains.net\/?p=11027\" \/>\n<meta property=\"og:locale\" content=\"fr_FR\" \/>\n<meta property=\"og:type\" content=\"article\" \/>\n<meta property=\"og:title\" content=\"Rentr\u00e9e parlementaire\u00a0: Le D\u00e9put\u00e9 National Venance Eyanga Mboyo promet de veiller \u00e0 ce que les investissements aient une part tr\u00e8s importante dans le budget 2025 pour favoriser la diversification de l\u2019\u00e9conomie - Infos Droits Humains\" \/>\n<meta property=\"og:description\" content=\"R\u00e9daction : +243 817 406 088 Les d\u00e9put\u00e9s nationaux de la R\u00e9publique D\u00e9mocratique du Congo...\" \/>\n<meta property=\"og:url\" content=\"https:\/\/infos-droitshumains.net\/?p=11027\" \/>\n<meta property=\"og:site_name\" content=\"Infos Droits Humains\" \/>\n<meta property=\"article:published_time\" content=\"2024-09-16T19:42:02+00:00\" \/>\n<meta property=\"article:modified_time\" content=\"2024-09-16T19:44:41+00:00\" \/>\n<meta property=\"og:image\" content=\"https:\/\/infos-droitshumains.net\/wp-content\/uploads\/2024\/09\/IMG-20240916-WA0011.jpg\" \/>\n\t<meta property=\"og:image:width\" content=\"1080\" \/>\n\t<meta property=\"og:image:height\" content=\"1080\" \/>\n\t<meta property=\"og:image:type\" content=\"image\/jpeg\" \/>\n<meta name=\"author\" content=\"Jo\u00ebl Diawa\" \/>\n<meta name=\"twitter:card\" content=\"summary_large_image\" \/>\n<meta name=\"twitter:label1\" content=\"\u00c9crit par\" \/>\n\t<meta name=\"twitter:data1\" content=\"Jo\u00ebl Diawa\" \/>\n\t<meta name=\"twitter:label2\" content=\"Dur\u00e9e de lecture estim\u00e9e\" \/>\n\t<meta name=\"twitter:data2\" content=\"3 minutes\" \/>\n<script type=\"application\/ld+json\" class=\"yoast-schema-graph\">{\"@context\":\"https:\\\/\\\/schema.org\",\"@graph\":[{\"@type\":\"Article\",\"@id\":\"https:\\\/\\\/infos-droitshumains.net\\\/?p=11027#article\",\"isPartOf\":{\"@id\":\"https:\\\/\\\/infos-droitshumains.net\\\/?p=11027\"},\"author\":{\"name\":\"Jo\u00ebl Diawa\",\"@id\":\"https:\\\/\\\/infos-droitshumains.net\\\/#\\\/schema\\\/person\\\/3dc5e921c3302172e0ed4362f96faab7\"},\"headline\":\"Rentr\u00e9e parlementaire\u00a0: Le D\u00e9put\u00e9 National Venance Eyanga Mboyo promet de veiller \u00e0 ce que les investissements aient une part tr\u00e8s importante dans le budget 2025 pour favoriser la diversification de l\u2019\u00e9conomie\",\"datePublished\":\"2024-09-16T19:42:02+00:00\",\"dateModified\":\"2024-09-16T19:44:41+00:00\",\"mainEntityOfPage\":{\"@id\":\"https:\\\/\\\/infos-droitshumains.net\\\/?p=11027\"},\"wordCount\":644,\"commentCount\":0,\"publisher\":{\"@id\":\"https:\\\/\\\/infos-droitshumains.net\\\/#organization\"},\"image\":{\"@id\":\"https:\\\/\\\/infos-droitshumains.net\\\/?p=11027#primaryimage\"},\"thumbnailUrl\":\"https:\\\/\\\/i0.wp.com\\\/infos-droitshumains.net\\\/wp-content\\\/uploads\\\/2024\\\/09\\\/IMG-20240916-WA0011.jpg?fit=1080%2C1080&ssl=1\",\"articleSection\":[\"Politique\"],\"inLanguage\":\"fr-FR\",\"potentialAction\":[{\"@type\":\"CommentAction\",\"name\":\"Comment\",\"target\":[\"https:\\\/\\\/infos-droitshumains.net\\\/?p=11027#respond\"]}]},{\"@type\":\"WebPage\",\"@id\":\"https:\\\/\\\/infos-droitshumains.net\\\/?p=11027\",\"url\":\"https:\\\/\\\/infos-droitshumains.net\\\/?p=11027\",\"name\":\"Rentr\u00e9e parlementaire\u00a0: Le D\u00e9put\u00e9 National Venance Eyanga Mboyo promet de veiller \u00e0 ce que les investissements aient une part tr\u00e8s importante dans le budget 2025 pour favoriser la diversification de l\u2019\u00e9conomie - Infos Droits Humains\",\"isPartOf\":{\"@id\":\"https:\\\/\\\/infos-droitshumains.net\\\/#website\"},\"primaryImageOfPage\":{\"@id\":\"https:\\\/\\\/infos-droitshumains.net\\\/?p=11027#primaryimage\"},\"image\":{\"@id\":\"https:\\\/\\\/infos-droitshumains.net\\\/?p=11027#primaryimage\"},\"thumbnailUrl\":\"https:\\\/\\\/i0.wp.com\\\/infos-droitshumains.net\\\/wp-content\\\/uploads\\\/2024\\\/09\\\/IMG-20240916-WA0011.jpg?fit=1080%2C1080&ssl=1\",\"datePublished\":\"2024-09-16T19:42:02+00:00\",\"dateModified\":\"2024-09-16T19:44:41+00:00\",\"breadcrumb\":{\"@id\":\"https:\\\/\\\/infos-droitshumains.net\\\/?p=11027#breadcrumb\"},\"inLanguage\":\"fr-FR\",\"potentialAction\":[{\"@type\":\"ReadAction\",\"target\":[\"https:\\\/\\\/infos-droitshumains.net\\\/?p=11027\"]}]},{\"@type\":\"ImageObject\",\"inLanguage\":\"fr-FR\",\"@id\":\"https:\\\/\\\/infos-droitshumains.net\\\/?p=11027#primaryimage\",\"url\":\"https:\\\/\\\/i0.wp.com\\\/infos-droitshumains.net\\\/wp-content\\\/uploads\\\/2024\\\/09\\\/IMG-20240916-WA0011.jpg?fit=1080%2C1080&ssl=1\",\"contentUrl\":\"https:\\\/\\\/i0.wp.com\\\/infos-droitshumains.net\\\/wp-content\\\/uploads\\\/2024\\\/09\\\/IMG-20240916-WA0011.jpg?fit=1080%2C1080&ssl=1\",\"width\":1080,\"height\":1080},{\"@type\":\"BreadcrumbList\",\"@id\":\"https:\\\/\\\/infos-droitshumains.net\\\/?p=11027#breadcrumb\",\"itemListElement\":[{\"@type\":\"ListItem\",\"position\":1,\"name\":\"Accueil\",\"item\":\"https:\\\/\\\/infos-droitshumains.net\\\/\"},{\"@type\":\"ListItem\",\"position\":2,\"name\":\"Rentr\u00e9e parlementaire\u00a0: Le D\u00e9put\u00e9 National Venance Eyanga Mboyo promet de veiller \u00e0 ce que les investissements aient une part tr\u00e8s importante dans le budget 2025 pour favoriser la diversification de l\u2019\u00e9conomie\"}]},{\"@type\":\"WebSite\",\"@id\":\"https:\\\/\\\/infos-droitshumains.net\\\/#website\",\"url\":\"https:\\\/\\\/infos-droitshumains.net\\\/\",\"name\":\"Infos Droits Humains\",\"description\":\"S&#039;informer est un droit\",\"publisher\":{\"@id\":\"https:\\\/\\\/infos-droitshumains.net\\\/#organization\"},\"potentialAction\":[{\"@type\":\"SearchAction\",\"target\":{\"@type\":\"EntryPoint\",\"urlTemplate\":\"https:\\\/\\\/infos-droitshumains.net\\\/?s={search_term_string}\"},\"query-input\":{\"@type\":\"PropertyValueSpecification\",\"valueRequired\":true,\"valueName\":\"search_term_string\"}}],\"inLanguage\":\"fr-FR\"},{\"@type\":\"Organization\",\"@id\":\"https:\\\/\\\/infos-droitshumains.net\\\/#organization\",\"name\":\"Infos Droits Humains\",\"url\":\"https:\\\/\\\/infos-droitshumains.net\\\/\",\"logo\":{\"@type\":\"ImageObject\",\"inLanguage\":\"fr-FR\",\"@id\":\"https:\\\/\\\/infos-droitshumains.net\\\/#\\\/schema\\\/logo\\\/image\\\/\",\"url\":\"https:\\\/\\\/i0.wp.com\\\/infos-droitshumains.net\\\/wp-content\\\/uploads\\\/2022\\\/05\\\/Logo.png?fit=333%2C129&ssl=1\",\"contentUrl\":\"https:\\\/\\\/i0.wp.com\\\/infos-droitshumains.net\\\/wp-content\\\/uploads\\\/2022\\\/05\\\/Logo.png?fit=333%2C129&ssl=1\",\"width\":333,\"height\":129,\"caption\":\"Infos Droits Humains\"},\"image\":{\"@id\":\"https:\\\/\\\/infos-droitshumains.net\\\/#\\\/schema\\\/logo\\\/image\\\/\"}},{\"@type\":\"Person\",\"@id\":\"https:\\\/\\\/infos-droitshumains.net\\\/#\\\/schema\\\/person\\\/3dc5e921c3302172e0ed4362f96faab7\",\"name\":\"Jo\u00ebl Diawa\",\"image\":{\"@type\":\"ImageObject\",\"inLanguage\":\"fr-FR\",\"@id\":\"https:\\\/\\\/secure.gravatar.com\\\/avatar\\\/729bea6ff4604c624417803c477363be8e3c7186deaa65713313f9b4b820f41c?s=96&d=mm&r=g\",\"url\":\"https:\\\/\\\/secure.gravatar.com\\\/avatar\\\/729bea6ff4604c624417803c477363be8e3c7186deaa65713313f9b4b820f41c?s=96&d=mm&r=g\",\"contentUrl\":\"https:\\\/\\\/secure.gravatar.com\\\/avatar\\\/729bea6ff4604c624417803c477363be8e3c7186deaa65713313f9b4b820f41c?s=96&d=mm&r=g\",\"caption\":\"Jo\u00ebl Diawa\"},\"sameAs\":[\"https:\\\/\\\/www.infos-droitshumains.net\"],\"url\":\"https:\\\/\\\/infos-droitshumains.net\\\/?author=2\"}]}<\/script>\n<!-- \/ Yoast SEO plugin. -->","yoast_head_json":{"title":"Rentr\u00e9e parlementaire\u00a0: Le D\u00e9put\u00e9 National Venance Eyanga Mboyo promet de veiller \u00e0 ce que les investissements aient une part tr\u00e8s importante dans le budget 2025 pour favoriser la diversification de l\u2019\u00e9conomie - Infos Droits Humains","robots":{"index":"index","follow":"follow","max-snippet":"max-snippet:-1","max-image-preview":"max-image-preview:large","max-video-preview":"max-video-preview:-1"},"canonical":"https:\/\/infos-droitshumains.net\/?p=11027","og_locale":"fr_FR","og_type":"article","og_title":"Rentr\u00e9e parlementaire\u00a0: Le D\u00e9put\u00e9 National Venance Eyanga Mboyo promet de veiller \u00e0 ce que les investissements aient une part tr\u00e8s importante dans le budget 2025 pour favoriser la diversification de l\u2019\u00e9conomie - Infos Droits Humains","og_description":"R\u00e9daction : +243 817 406 088 Les d\u00e9put\u00e9s nationaux de la R\u00e9publique D\u00e9mocratique du Congo...","og_url":"https:\/\/infos-droitshumains.net\/?p=11027","og_site_name":"Infos Droits Humains","article_published_time":"2024-09-16T19:42:02+00:00","article_modified_time":"2024-09-16T19:44:41+00:00","og_image":[{"width":1080,"height":1080,"url":"https:\/\/infos-droitshumains.net\/wp-content\/uploads\/2024\/09\/IMG-20240916-WA0011.jpg","type":"image\/jpeg"}],"author":"Jo\u00ebl Diawa","twitter_card":"summary_large_image","twitter_misc":{"\u00c9crit par":"Jo\u00ebl Diawa","Dur\u00e9e de lecture estim\u00e9e":"3 minutes"},"schema":{"@context":"https:\/\/schema.org","@graph":[{"@type":"Article","@id":"https:\/\/infos-droitshumains.net\/?p=11027#article","isPartOf":{"@id":"https:\/\/infos-droitshumains.net\/?p=11027"},"author":{"name":"Jo\u00ebl Diawa","@id":"https:\/\/infos-droitshumains.net\/#\/schema\/person\/3dc5e921c3302172e0ed4362f96faab7"},"headline":"Rentr\u00e9e parlementaire\u00a0: Le D\u00e9put\u00e9 National Venance Eyanga Mboyo promet de veiller \u00e0 ce que les investissements aient une part tr\u00e8s importante dans le budget 2025 pour favoriser la diversification de l\u2019\u00e9conomie","datePublished":"2024-09-16T19:42:02+00:00","dateModified":"2024-09-16T19:44:41+00:00","mainEntityOfPage":{"@id":"https:\/\/infos-droitshumains.net\/?p=11027"},"wordCount":644,"commentCount":0,"publisher":{"@id":"https:\/\/infos-droitshumains.net\/#organization"},"image":{"@id":"https:\/\/infos-droitshumains.net\/?p=11027#primaryimage"},"thumbnailUrl":"https:\/\/i0.wp.com\/infos-droitshumains.net\/wp-content\/uploads\/2024\/09\/IMG-20240916-WA0011.jpg?fit=1080%2C1080&ssl=1","articleSection":["Politique"],"inLanguage":"fr-FR","potentialAction":[{"@type":"CommentAction","name":"Comment","target":["https:\/\/infos-droitshumains.net\/?p=11027#respond"]}]},{"@type":"WebPage","@id":"https:\/\/infos-droitshumains.net\/?p=11027","url":"https:\/\/infos-droitshumains.net\/?p=11027","name":"Rentr\u00e9e parlementaire\u00a0: Le D\u00e9put\u00e9 National Venance Eyanga Mboyo promet de veiller \u00e0 ce que les investissements aient une part tr\u00e8s importante dans le budget 2025 pour favoriser la diversification de l\u2019\u00e9conomie - Infos Droits Humains","isPartOf":{"@id":"https:\/\/infos-droitshumains.net\/#website"},"primaryImageOfPage":{"@id":"https:\/\/infos-droitshumains.net\/?p=11027#primaryimage"},"image":{"@id":"https:\/\/infos-droitshumains.net\/?p=11027#primaryimage"},"thumbnailUrl":"https:\/\/i0.wp.com\/infos-droitshumains.net\/wp-content\/uploads\/2024\/09\/IMG-20240916-WA0011.jpg?fit=1080%2C1080&ssl=1","datePublished":"2024-09-16T19:42:02+00:00","dateModified":"2024-09-16T19:44:41+00:00","breadcrumb":{"@id":"https:\/\/infos-droitshumains.net\/?p=11027#breadcrumb"},"inLanguage":"fr-FR","potentialAction":[{"@type":"ReadAction","target":["https:\/\/infos-droitshumains.net\/?p=11027"]}]},{"@type":"ImageObject","inLanguage":"fr-FR","@id":"https:\/\/infos-droitshumains.net\/?p=11027#primaryimage","url":"https:\/\/i0.wp.com\/infos-droitshumains.net\/wp-content\/uploads\/2024\/09\/IMG-20240916-WA0011.jpg?fit=1080%2C1080&ssl=1","contentUrl":"https:\/\/i0.wp.com\/infos-droitshumains.net\/wp-content\/uploads\/2024\/09\/IMG-20240916-WA0011.jpg?fit=1080%2C1080&ssl=1","width":1080,"height":1080},{"@type":"BreadcrumbList","@id":"https:\/\/infos-droitshumains.net\/?p=11027#breadcrumb","itemListElement":[{"@type":"ListItem","position":1,"name":"Accueil","item":"https:\/\/infos-droitshumains.net\/"},{"@type":"ListItem","position":2,"name":"Rentr\u00e9e parlementaire\u00a0: Le D\u00e9put\u00e9 National Venance Eyanga Mboyo promet de veiller \u00e0 ce que les investissements aient une part tr\u00e8s importante dans le budget 2025 pour favoriser la diversification de l\u2019\u00e9conomie"}]},{"@type":"WebSite","@id":"https:\/\/infos-droitshumains.net\/#website","url":"https:\/\/infos-droitshumains.net\/","name":"Infos Droits Humains","description":"S&#039;informer est un droit","publisher":{"@id":"https:\/\/infos-droitshumains.net\/#organization"},"potentialAction":[{"@type":"SearchAction","target":{"@type":"EntryPoint","urlTemplate":"https:\/\/infos-droitshumains.net\/?s={search_term_string}"},"query-input":{"@type":"PropertyValueSpecification","valueRequired":true,"valueName":"search_term_string"}}],"inLanguage":"fr-FR"},{"@type":"Organization","@id":"https:\/\/infos-droitshumains.net\/#organization","name":"Infos Droits Humains","url":"https:\/\/infos-droitshumains.net\/","logo":{"@type":"ImageObject","inLanguage":"fr-FR","@id":"https:\/\/infos-droitshumains.net\/#\/schema\/logo\/image\/","url":"https:\/\/i0.wp.com\/infos-droitshumains.net\/wp-content\/uploads\/2022\/05\/Logo.png?fit=333%2C129&ssl=1","contentUrl":"https:\/\/i0.wp.com\/infos-droitshumains.net\/wp-content\/uploads\/2022\/05\/Logo.png?fit=333%2C129&ssl=1","width":333,"height":129,"caption":"Infos Droits Humains"},"image":{"@id":"https:\/\/infos-droitshumains.net\/#\/schema\/logo\/image\/"}},{"@type":"Person","@id":"https:\/\/infos-droitshumains.net\/#\/schema\/person\/3dc5e921c3302172e0ed4362f96faab7","name":"Jo\u00ebl Diawa","image":{"@type":"ImageObject","inLanguage":"fr-FR","@id":"https:\/\/secure.gravatar.com\/avatar\/729bea6ff4604c624417803c477363be8e3c7186deaa65713313f9b4b820f41c?s=96&d=mm&r=g","url":"https:\/\/secure.gravatar.com\/avatar\/729bea6ff4604c624417803c477363be8e3c7186deaa65713313f9b4b820f41c?s=96&d=mm&r=g","contentUrl":"https:\/\/secure.gravatar.com\/avatar\/729bea6ff4604c624417803c477363be8e3c7186deaa65713313f9b4b820f41c?s=96&d=mm&r=g","caption":"Jo\u00ebl Diawa"},"sameAs":["https:\/\/www.infos-droitshumains.net"],"url":"https:\/\/infos-droitshumains.net\/?author=2"}]}},"featured_image_urls":{"full":["https:\/\/i0.wp.com\/infos-droitshumains.net\/wp-content\/uploads\/2024\/09\/IMG-20240916-WA0011.jpg?fit=1080%2C1080&ssl=1",1080,1080,false],"thumbnail":["https:\/\/i0.wp.com\/infos-droitshumains.net\/wp-content\/uploads\/2024\/09\/IMG-20240916-WA0011.jpg?resize=150%2C150&ssl=1",150,150,true],"medium":["https:\/\/i0.wp.com\/infos-droitshumains.net\/wp-content\/uploads\/2024\/09\/IMG-20240916-WA0011.jpg?fit=300%2C300&ssl=1",300,300,true],"medium_large":["https:\/\/i0.wp.com\/infos-droitshumains.net\/wp-content\/uploads\/2024\/09\/IMG-20240916-WA0011.jpg?fit=640%2C640&ssl=1",640,640,true],"large":["https:\/\/i0.wp.com\/infos-droitshumains.net\/wp-content\/uploads\/2024\/09\/IMG-20240916-WA0011.jpg?fit=640%2C640&ssl=1",640,640,true],"1536x1536":["https:\/\/i0.wp.com\/infos-droitshumains.net\/wp-content\/uploads\/2024\/09\/IMG-20240916-WA0011.jpg?fit=1080%2C1080&ssl=1",1080,1080,true],"2048x2048":["https:\/\/i0.wp.com\/infos-droitshumains.net\/wp-content\/uploads\/2024\/09\/IMG-20240916-WA0011.jpg?fit=1080%2C1080&ssl=1",1080,1080,true],"covernews-slider-full":["https:\/\/i0.wp.com\/infos-droitshumains.net\/wp-content\/uploads\/2024\/09\/IMG-20240916-WA0011.jpg?resize=1080%2C715&ssl=1",1080,715,true],"covernews-slider-center":["https:\/\/i0.wp.com\/infos-droitshumains.net\/wp-content\/uploads\/2024\/09\/IMG-20240916-WA0011.jpg?resize=800%2C500&ssl=1",800,500,true],"covernews-featured":["https:\/\/i0.wp.com\/infos-droitshumains.net\/wp-content\/uploads\/2024\/09\/IMG-20240916-WA0011.jpg?fit=1024%2C1024&ssl=1",1024,1024,true],"covernews-medium":["https:\/\/i0.wp.com\/infos-droitshumains.net\/wp-content\/uploads\/2024\/09\/IMG-20240916-WA0011.jpg?resize=540%2C340&ssl=1",540,340,true],"covernews-medium-square":["https:\/\/i0.wp.com\/infos-droitshumains.net\/wp-content\/uploads\/2024\/09\/IMG-20240916-WA0011.jpg?resize=400%2C250&ssl=1",400,250,true]},"author_info":{"display_name":"Jo\u00ebl Diawa","author_link":"https:\/\/infos-droitshumains.net\/?author=2"},"category_info":"<a href=\"https:\/\/infos-droitshumains.net\/?cat=3\" rel=\"category\">Politique<\/a>","tag_info":"Politique","comment_count":"0","jetpack_featured_media_url":"https:\/\/i0.wp.com\/infos-droitshumains.net\/wp-content\/uploads\/2024\/09\/IMG-20240916-WA0011.jpg?fit=1080%2C1080&ssl=1","jetpack-related-posts":[],"jetpack_sharing_enabled":true,"_links":{"self":[{"href":"https:\/\/infos-droitshumains.net\/index.php?rest_route=\/wp\/v2\/posts\/11027","targetHints":{"allow":["GET"]}}],"collection":[{"href":"https:\/\/infos-droitshumains.net\/index.php?rest_route=\/wp\/v2\/posts"}],"about":[{"href":"https:\/\/infos-droitshumains.net\/index.php?rest_route=\/wp\/v2\/types\/post"}],"author":[{"embeddable":true,"href":"https:\/\/infos-droitshumains.net\/index.php?rest_route=\/wp\/v2\/users\/2"}],"replies":[{"embeddable":true,"href":"https:\/\/infos-droitshumains.net\/index.php?rest_route=%2Fwp%2Fv2%2Fcomments&post=11027"}],"version-history":[{"count":2,"href":"https:\/\/infos-droitshumains.net\/index.php?rest_route=\/wp\/v2\/posts\/11027\/revisions"}],"predecessor-version":[{"id":11030,"href":"https:\/\/infos-droitshumains.net\/index.php?rest_route=\/wp\/v2\/posts\/11027\/revisions\/11030"}],"wp:featuredmedia":[{"embeddable":true,"href":"https:\/\/infos-droitshumains.net\/index.php?rest_route=\/wp\/v2\/media\/11029"}],"wp:attachment":[{"href":"https:\/\/infos-droitshumains.net\/index.php?rest_route=%2Fwp%2Fv2%2Fmedia&parent=11027"}],"wp:term":[{"taxonomy":"category","embeddable":true,"href":"https:\/\/infos-droitshumains.net\/index.php?rest_route=%2Fwp%2Fv2%2Fcategories&post=11027"},{"taxonomy":"post_tag","embeddable":true,"href":"https:\/\/infos-droitshumains.net\/index.php?rest_route=%2Fwp%2Fv2%2Ftags&post=11027"}],"curies":[{"name":"wp","href":"https:\/\/api.w.org\/{rel}","templated":true}]}}