{"id":11014,"date":"2024-09-16T21:07:35","date_gmt":"2024-09-16T19:07:35","guid":{"rendered":"https:\/\/infos-droitshumains.net\/?p=11014"},"modified":"2024-09-16T21:22:07","modified_gmt":"2024-09-16T19:22:07","slug":"ouverture-de-la-session-ordinaire-de-septembre-2024-a-lassemblee-nationale-le-president-vital-kamerhe-invite-les-deputes-a-voter-un-budget-qui-reflete-les-attentes-de-la-population","status":"publish","type":"post","link":"https:\/\/infos-droitshumains.net\/?p=11014","title":{"rendered":"Ouverture de la session ordinaire de septembre 2024: A l\u2019Assembl\u00e9e Nationale, le Pr\u00e9sident Vital Kamerhe invite les d\u00e9put\u00e9s \u00e0 voter un budget qui refl\u00e8te les attentes de la population"},"content":{"rendered":"\n<p><strong>R\u00e9daction : +243 817 406 088<\/strong><\/p>\n\n\n\n<h3 class=\"wp-block-heading has-vivid-red-color has-text-color has-link-color wp-elements-59de74327ed51959b57887bb0ba0294d\">Apr\u00e8s trois Mois des vacances parlementaires, les D\u00e9put\u00e9s Nationaux&nbsp; ont repris le chemin de l\u2019h\u00e9micycle&nbsp; ce lundi 16 Septembre pour entamer la session ordinaire de Septembre 2024. Dans son allocution, le Pr\u00e9sident de l\u2019Assembl\u00e9e Nationale a fait le tour d\u2019horizon des questions majeures qui devront \u00eatre discut\u00e9es&nbsp; au cours de cette session ordinaire.<\/h3>\n\n\n\n<figure class=\"wp-block-image alignfull size-large\"><img data-recalc-dims=\"1\" fetchpriority=\"high\" decoding=\"async\" width=\"640\" height=\"427\" src=\"https:\/\/i0.wp.com\/infos-droitshumains.net\/wp-content\/uploads\/2024\/09\/IMG-20240916-WA0077-1.jpg?resize=640%2C427&#038;ssl=1\" alt=\"\" class=\"wp-image-11023\" srcset=\"https:\/\/i0.wp.com\/infos-droitshumains.net\/wp-content\/uploads\/2024\/09\/IMG-20240916-WA0077-1.jpg?resize=1024%2C683&amp;ssl=1 1024w, https:\/\/i0.wp.com\/infos-droitshumains.net\/wp-content\/uploads\/2024\/09\/IMG-20240916-WA0077-1.jpg?resize=300%2C200&amp;ssl=1 300w, https:\/\/i0.wp.com\/infos-droitshumains.net\/wp-content\/uploads\/2024\/09\/IMG-20240916-WA0077-1.jpg?resize=768%2C512&amp;ssl=1 768w, https:\/\/i0.wp.com\/infos-droitshumains.net\/wp-content\/uploads\/2024\/09\/IMG-20240916-WA0077-1.jpg?resize=1536%2C1025&amp;ssl=1 1536w, https:\/\/i0.wp.com\/infos-droitshumains.net\/wp-content\/uploads\/2024\/09\/IMG-20240916-WA0077-1.jpg?resize=2048%2C1366&amp;ssl=1 2048w, https:\/\/i0.wp.com\/infos-droitshumains.net\/wp-content\/uploads\/2024\/09\/IMG-20240916-WA0077-1.jpg?w=1280&amp;ssl=1 1280w, https:\/\/i0.wp.com\/infos-droitshumains.net\/wp-content\/uploads\/2024\/09\/IMG-20240916-WA0077-1.jpg?w=1920&amp;ssl=1 1920w\" sizes=\"(max-width: 640px) 100vw, 640px\" \/><\/figure>\n\n\n\n<p>Parlant de la situation s\u00e9curitaire, Vital Kamerhe a&nbsp; rendu&nbsp; un vibrant hommage au&nbsp; Pr\u00e9sident de la R\u00e9publique, F\u00e9lix Antoine Tshisekedi Tshilombo qui ne m\u00e9nage aucun effort afin de pouvoir r\u00e9tablir la Paix et la s\u00e9curit\u00e9 sur toute l\u2019\u00e9tendue du Territoire National.<\/p>\n\n\n\n<p>Pour cette session ordinaire de Septembre 2024 qui sera essentiellement budg\u00e9taire, il a invit\u00e9 ses coll\u00e8gues \u00e0 veiller \u00e0 ce que le Budget 2024 refl\u00e8te une r\u00e9ponse adapt\u00e9e aux attentes de la Population, dont un accent est mis sur le&nbsp;&nbsp; r\u00e9tablissement de la paix sur l\u2019ensemble du territoire national,&nbsp; l&rsquo;am\u00e9lioration&nbsp; du social des congolais,&nbsp; le d\u00e9veloppement et la&nbsp; prosp\u00e9rit\u00e9.<\/p>\n\n\n\n<p><em>\u00abCette session au-del\u00e0 de son caract\u00e8re institutionnel marque un moment crucial dans la gestion de notre pays car elle engage notre capacit\u00e9 \u00e0 r\u00e9pondre aux attentes de notre peuple en termes de r\u00e9tablissement de la paix sur l\u2019ensemble du territoire national, de d\u00e9veloppement et de prosp\u00e9rit\u00e9<\/em>. <em>Cette ann\u00e9e plus que jamais, la conjoncture nationale et internationale exige de nous, une rigueur accrue et une vision strat\u00e9gique. Le contexte \u00e9conomique mondial est marqu\u00e9 par des incertitudes, des crises alimentaires, des d\u00e9fis climatiques et des tensions g\u00e9opolitiques. En tant que repr\u00e9sentants du peuple, nous avons le devoir de veiller \u00e0 ce que le budget de 2024 refl\u00e8te une r\u00e9ponse adapt\u00e9e \u00e0 ces d\u00e9fis, tout en restant centr\u00e9 sur les priorit\u00e9s qui concernent directement nos concitoyens\u00bb<\/em>, a dit le Speaker de la chambre basse du parlement.<\/p>\n\n\n\n<figure class=\"wp-block-image alignfull size-large\"><img data-recalc-dims=\"1\" decoding=\"async\" width=\"640\" height=\"428\" src=\"https:\/\/i0.wp.com\/infos-droitshumains.net\/wp-content\/uploads\/2024\/09\/IMG-20240916-WA0073.jpg?resize=640%2C428&#038;ssl=1\" alt=\"\" class=\"wp-image-11020\" srcset=\"https:\/\/i0.wp.com\/infos-droitshumains.net\/wp-content\/uploads\/2024\/09\/IMG-20240916-WA0073.jpg?resize=1024%2C684&amp;ssl=1 1024w, https:\/\/i0.wp.com\/infos-droitshumains.net\/wp-content\/uploads\/2024\/09\/IMG-20240916-WA0073.jpg?resize=300%2C200&amp;ssl=1 300w, https:\/\/i0.wp.com\/infos-droitshumains.net\/wp-content\/uploads\/2024\/09\/IMG-20240916-WA0073.jpg?resize=768%2C513&amp;ssl=1 768w, https:\/\/i0.wp.com\/infos-droitshumains.net\/wp-content\/uploads\/2024\/09\/IMG-20240916-WA0073.jpg?resize=1536%2C1025&amp;ssl=1 1536w, https:\/\/i0.wp.com\/infos-droitshumains.net\/wp-content\/uploads\/2024\/09\/IMG-20240916-WA0073.jpg?resize=2048%2C1367&amp;ssl=1 2048w, https:\/\/i0.wp.com\/infos-droitshumains.net\/wp-content\/uploads\/2024\/09\/IMG-20240916-WA0073.jpg?w=1280&amp;ssl=1 1280w, https:\/\/i0.wp.com\/infos-droitshumains.net\/wp-content\/uploads\/2024\/09\/IMG-20240916-WA0073.jpg?w=1920&amp;ssl=1 1920w\" sizes=\"(max-width: 640px) 100vw, 640px\" \/><\/figure>\n\n\n\n<p>Parmi les priorit\u00e9s essentielles de ce budget, Vital Kmarehe invite les d\u00e9put\u00e9s \u00e0 insister sur&nbsp;<em>\u00ab&nbsp;la s\u00e9curit\u00e9 et la stabilit\u00e9 nationale, l\u2019am\u00e9lioration des conditions de vie de nos population, la diversification de l\u2019\u00e9conomie, la gouvernance et la lutte contre la corruption&nbsp;\u00bb<\/em> car \u00e0 l\u2019en croire, <em>\u00ab&nbsp;Aucune r\u00e9forme budg\u00e9taire ne portera ses fruits si nous n\u2019am\u00e9liorons pas la gestion des finances publiques.&nbsp;\u00bb<\/em> C\u2019est ainsi qu\u2019il insiste sur la n\u00e9cessit\u00e9 d\u2019 <em>\u00ab&nbsp;intensifier nos efforts pour assurer la transparence et la redevabilit\u00e9 dans l\u2019utilisation des ressources de l\u2019Etat.&nbsp;\u00bb<\/em><\/p>\n\n\n\n<p>Invit\u00e9 d\u2019honneur \u00e0 cette session inaugurale, le Pr\u00e9sent de l\u2019Assembl\u00e9e Nationale ivoirienne a remerci\u00e9 le Pr\u00e9sident Vital Kamerhe pour cette invitation, une preuve que la RDC et la C\u00f4te-d\u2019Ivoire entretiennent des tr\u00e8s bonnes relations. Adama Bictogo a en outre, \u00e9mis le v\u0153u de voir la paix \u00eatre restaur\u00e9e sur toute l\u2019\u00e9tendue de la R\u00e9publique d\u00e9mocratique du Congo.<\/p>\n\n\n\n<figure class=\"wp-block-image alignfull size-large\"><img data-recalc-dims=\"1\" decoding=\"async\" width=\"640\" height=\"960\" src=\"https:\/\/i0.wp.com\/infos-droitshumains.net\/wp-content\/uploads\/2024\/09\/IMG-20240916-WA0089.jpg?resize=640%2C960&#038;ssl=1\" alt=\"\" class=\"wp-image-11022\" srcset=\"https:\/\/i0.wp.com\/infos-droitshumains.net\/wp-content\/uploads\/2024\/09\/IMG-20240916-WA0089.jpg?resize=683%2C1024&amp;ssl=1 683w, https:\/\/i0.wp.com\/infos-droitshumains.net\/wp-content\/uploads\/2024\/09\/IMG-20240916-WA0089.jpg?resize=200%2C300&amp;ssl=1 200w, https:\/\/i0.wp.com\/infos-droitshumains.net\/wp-content\/uploads\/2024\/09\/IMG-20240916-WA0089.jpg?resize=768%2C1151&amp;ssl=1 768w, https:\/\/i0.wp.com\/infos-droitshumains.net\/wp-content\/uploads\/2024\/09\/IMG-20240916-WA0089.jpg?resize=1025%2C1536&amp;ssl=1 1025w, https:\/\/i0.wp.com\/infos-droitshumains.net\/wp-content\/uploads\/2024\/09\/IMG-20240916-WA0089.jpg?resize=1367%2C2048&amp;ssl=1 1367w, https:\/\/i0.wp.com\/infos-droitshumains.net\/wp-content\/uploads\/2024\/09\/IMG-20240916-WA0089.jpg?resize=1024%2C1534&amp;ssl=1 1024w, https:\/\/i0.wp.com\/infos-droitshumains.net\/wp-content\/uploads\/2024\/09\/IMG-20240916-WA0089.jpg?w=1639&amp;ssl=1 1639w, https:\/\/i0.wp.com\/infos-droitshumains.net\/wp-content\/uploads\/2024\/09\/IMG-20240916-WA0089.jpg?w=1280&amp;ssl=1 1280w\" sizes=\"(max-width: 640px) 100vw, 640px\" \/><\/figure>\n\n\n\n<p><em>\u00ab Une RDC en paix, est une Afrique forte, plus r\u00e9siliante et capable de se projeter vers l\u2019avenir \u00bb<\/em>, a-t-il souhait\u00e9.<\/p>\n\n\n\n<p>Jo\u00ebl Diawa<\/p>\n","protected":false},"excerpt":{"rendered":"<p>R\u00e9daction : +243 817 406 088 Apr\u00e8s trois Mois des vacances parlementaires, les D\u00e9put\u00e9s Nationaux&nbsp;&#8230;<\/p>\n","protected":false},"author":2,"featured_media":11026,"comment_status":"open","ping_status":"open","sticky":false,"template":"","format":"standard","meta":{"_jetpack_memberships_contains_paid_content":false,"footnotes":""},"categories":[3],"tags":[],"class_list":["post-11014","post","type-post","status-publish","format-standard","has-post-thumbnail","hentry","category-politique"],"yoast_head":"<!-- This site is optimized with the Yoast SEO plugin v27.5 - https:\/\/yoast.com\/product\/yoast-seo-wordpress\/ -->\n<title>Ouverture de la session ordinaire de septembre 2024: A l\u2019Assembl\u00e9e Nationale, le Pr\u00e9sident Vital Kamerhe invite les d\u00e9put\u00e9s \u00e0 voter un budget qui refl\u00e8te les attentes de la population - Infos Droits Humains<\/title>\n<meta name=\"robots\" content=\"index, follow, max-snippet:-1, max-image-preview:large, max-video-preview:-1\" \/>\n<link rel=\"canonical\" href=\"https:\/\/infos-droitshumains.net\/?p=11014\" \/>\n<meta property=\"og:locale\" content=\"fr_FR\" \/>\n<meta property=\"og:type\" content=\"article\" \/>\n<meta property=\"og:title\" content=\"Ouverture de la session ordinaire de septembre 2024: A l\u2019Assembl\u00e9e Nationale, le Pr\u00e9sident Vital Kamerhe invite les d\u00e9put\u00e9s \u00e0 voter un budget qui refl\u00e8te les attentes de la population - Infos Droits Humains\" \/>\n<meta property=\"og:description\" content=\"R\u00e9daction : +243 817 406 088 Apr\u00e8s trois Mois des vacances parlementaires, les D\u00e9put\u00e9s Nationaux&nbsp;...\" \/>\n<meta property=\"og:url\" content=\"https:\/\/infos-droitshumains.net\/?p=11014\" \/>\n<meta property=\"og:site_name\" content=\"Infos Droits Humains\" \/>\n<meta property=\"article:published_time\" content=\"2024-09-16T19:07:35+00:00\" \/>\n<meta property=\"article:modified_time\" content=\"2024-09-16T19:22:07+00:00\" \/>\n<meta property=\"og:image\" content=\"https:\/\/infos-droitshumains.net\/wp-content\/uploads\/2024\/09\/PHOTO_1.jpg\" \/>\n\t<meta property=\"og:image:width\" content=\"799\" \/>\n\t<meta property=\"og:image:height\" content=\"552\" \/>\n\t<meta property=\"og:image:type\" content=\"image\/jpeg\" \/>\n<meta name=\"author\" content=\"Jo\u00ebl Diawa\" \/>\n<meta name=\"twitter:card\" content=\"summary_large_image\" \/>\n<meta name=\"twitter:label1\" content=\"\u00c9crit par\" \/>\n\t<meta name=\"twitter:data1\" content=\"Jo\u00ebl Diawa\" \/>\n\t<meta name=\"twitter:label2\" content=\"Dur\u00e9e de lecture estim\u00e9e\" \/>\n\t<meta name=\"twitter:data2\" content=\"4 minutes\" \/>\n<script type=\"application\/ld+json\" class=\"yoast-schema-graph\">{\"@context\":\"https:\\\/\\\/schema.org\",\"@graph\":[{\"@type\":\"Article\",\"@id\":\"https:\\\/\\\/infos-droitshumains.net\\\/?p=11014#article\",\"isPartOf\":{\"@id\":\"https:\\\/\\\/infos-droitshumains.net\\\/?p=11014\"},\"author\":{\"name\":\"Jo\u00ebl Diawa\",\"@id\":\"https:\\\/\\\/infos-droitshumains.net\\\/#\\\/schema\\\/person\\\/3dc5e921c3302172e0ed4362f96faab7\"},\"headline\":\"Ouverture de la session ordinaire de septembre 2024: A l\u2019Assembl\u00e9e Nationale, le Pr\u00e9sident Vital Kamerhe invite les d\u00e9put\u00e9s \u00e0 voter un budget qui refl\u00e8te les attentes de la population\",\"datePublished\":\"2024-09-16T19:07:35+00:00\",\"dateModified\":\"2024-09-16T19:22:07+00:00\",\"mainEntityOfPage\":{\"@id\":\"https:\\\/\\\/infos-droitshumains.net\\\/?p=11014\"},\"wordCount\":567,\"commentCount\":0,\"publisher\":{\"@id\":\"https:\\\/\\\/infos-droitshumains.net\\\/#organization\"},\"image\":{\"@id\":\"https:\\\/\\\/infos-droitshumains.net\\\/?p=11014#primaryimage\"},\"thumbnailUrl\":\"https:\\\/\\\/i0.wp.com\\\/infos-droitshumains.net\\\/wp-content\\\/uploads\\\/2024\\\/09\\\/PHOTO_1.jpg?fit=799%2C552&ssl=1\",\"articleSection\":[\"Politique\"],\"inLanguage\":\"fr-FR\",\"potentialAction\":[{\"@type\":\"CommentAction\",\"name\":\"Comment\",\"target\":[\"https:\\\/\\\/infos-droitshumains.net\\\/?p=11014#respond\"]}]},{\"@type\":\"WebPage\",\"@id\":\"https:\\\/\\\/infos-droitshumains.net\\\/?p=11014\",\"url\":\"https:\\\/\\\/infos-droitshumains.net\\\/?p=11014\",\"name\":\"Ouverture de la session ordinaire de septembre 2024: A l\u2019Assembl\u00e9e Nationale, le Pr\u00e9sident Vital Kamerhe invite les d\u00e9put\u00e9s \u00e0 voter un budget qui refl\u00e8te les attentes de la population - Infos Droits Humains\",\"isPartOf\":{\"@id\":\"https:\\\/\\\/infos-droitshumains.net\\\/#website\"},\"primaryImageOfPage\":{\"@id\":\"https:\\\/\\\/infos-droitshumains.net\\\/?p=11014#primaryimage\"},\"image\":{\"@id\":\"https:\\\/\\\/infos-droitshumains.net\\\/?p=11014#primaryimage\"},\"thumbnailUrl\":\"https:\\\/\\\/i0.wp.com\\\/infos-droitshumains.net\\\/wp-content\\\/uploads\\\/2024\\\/09\\\/PHOTO_1.jpg?fit=799%2C552&ssl=1\",\"datePublished\":\"2024-09-16T19:07:35+00:00\",\"dateModified\":\"2024-09-16T19:22:07+00:00\",\"breadcrumb\":{\"@id\":\"https:\\\/\\\/infos-droitshumains.net\\\/?p=11014#breadcrumb\"},\"inLanguage\":\"fr-FR\",\"potentialAction\":[{\"@type\":\"ReadAction\",\"target\":[\"https:\\\/\\\/infos-droitshumains.net\\\/?p=11014\"]}]},{\"@type\":\"ImageObject\",\"inLanguage\":\"fr-FR\",\"@id\":\"https:\\\/\\\/infos-droitshumains.net\\\/?p=11014#primaryimage\",\"url\":\"https:\\\/\\\/i0.wp.com\\\/infos-droitshumains.net\\\/wp-content\\\/uploads\\\/2024\\\/09\\\/PHOTO_1.jpg?fit=799%2C552&ssl=1\",\"contentUrl\":\"https:\\\/\\\/i0.wp.com\\\/infos-droitshumains.net\\\/wp-content\\\/uploads\\\/2024\\\/09\\\/PHOTO_1.jpg?fit=799%2C552&ssl=1\",\"width\":799,\"height\":552},{\"@type\":\"BreadcrumbList\",\"@id\":\"https:\\\/\\\/infos-droitshumains.net\\\/?p=11014#breadcrumb\",\"itemListElement\":[{\"@type\":\"ListItem\",\"position\":1,\"name\":\"Accueil\",\"item\":\"https:\\\/\\\/infos-droitshumains.net\\\/\"},{\"@type\":\"ListItem\",\"position\":2,\"name\":\"Ouverture de la session ordinaire de septembre 2024: A l\u2019Assembl\u00e9e Nationale, le Pr\u00e9sident Vital Kamerhe invite les d\u00e9put\u00e9s \u00e0 voter un budget qui refl\u00e8te les attentes de la population\"}]},{\"@type\":\"WebSite\",\"@id\":\"https:\\\/\\\/infos-droitshumains.net\\\/#website\",\"url\":\"https:\\\/\\\/infos-droitshumains.net\\\/\",\"name\":\"Infos Droits Humains\",\"description\":\"S&#039;informer est un droit\",\"publisher\":{\"@id\":\"https:\\\/\\\/infos-droitshumains.net\\\/#organization\"},\"potentialAction\":[{\"@type\":\"SearchAction\",\"target\":{\"@type\":\"EntryPoint\",\"urlTemplate\":\"https:\\\/\\\/infos-droitshumains.net\\\/?s={search_term_string}\"},\"query-input\":{\"@type\":\"PropertyValueSpecification\",\"valueRequired\":true,\"valueName\":\"search_term_string\"}}],\"inLanguage\":\"fr-FR\"},{\"@type\":\"Organization\",\"@id\":\"https:\\\/\\\/infos-droitshumains.net\\\/#organization\",\"name\":\"Infos Droits Humains\",\"url\":\"https:\\\/\\\/infos-droitshumains.net\\\/\",\"logo\":{\"@type\":\"ImageObject\",\"inLanguage\":\"fr-FR\",\"@id\":\"https:\\\/\\\/infos-droitshumains.net\\\/#\\\/schema\\\/logo\\\/image\\\/\",\"url\":\"https:\\\/\\\/i0.wp.com\\\/infos-droitshumains.net\\\/wp-content\\\/uploads\\\/2022\\\/05\\\/Logo.png?fit=333%2C129&ssl=1\",\"contentUrl\":\"https:\\\/\\\/i0.wp.com\\\/infos-droitshumains.net\\\/wp-content\\\/uploads\\\/2022\\\/05\\\/Logo.png?fit=333%2C129&ssl=1\",\"width\":333,\"height\":129,\"caption\":\"Infos Droits Humains\"},\"image\":{\"@id\":\"https:\\\/\\\/infos-droitshumains.net\\\/#\\\/schema\\\/logo\\\/image\\\/\"}},{\"@type\":\"Person\",\"@id\":\"https:\\\/\\\/infos-droitshumains.net\\\/#\\\/schema\\\/person\\\/3dc5e921c3302172e0ed4362f96faab7\",\"name\":\"Jo\u00ebl Diawa\",\"image\":{\"@type\":\"ImageObject\",\"inLanguage\":\"fr-FR\",\"@id\":\"https:\\\/\\\/secure.gravatar.com\\\/avatar\\\/729bea6ff4604c624417803c477363be8e3c7186deaa65713313f9b4b820f41c?s=96&d=mm&r=g\",\"url\":\"https:\\\/\\\/secure.gravatar.com\\\/avatar\\\/729bea6ff4604c624417803c477363be8e3c7186deaa65713313f9b4b820f41c?s=96&d=mm&r=g\",\"contentUrl\":\"https:\\\/\\\/secure.gravatar.com\\\/avatar\\\/729bea6ff4604c624417803c477363be8e3c7186deaa65713313f9b4b820f41c?s=96&d=mm&r=g\",\"caption\":\"Jo\u00ebl Diawa\"},\"sameAs\":[\"https:\\\/\\\/www.infos-droitshumains.net\"],\"url\":\"https:\\\/\\\/infos-droitshumains.net\\\/?author=2\"}]}<\/script>\n<!-- \/ Yoast SEO plugin. -->","yoast_head_json":{"title":"Ouverture de la session ordinaire de septembre 2024: A l\u2019Assembl\u00e9e Nationale, le Pr\u00e9sident Vital Kamerhe invite les d\u00e9put\u00e9s \u00e0 voter un budget qui refl\u00e8te les attentes de la population - Infos Droits Humains","robots":{"index":"index","follow":"follow","max-snippet":"max-snippet:-1","max-image-preview":"max-image-preview:large","max-video-preview":"max-video-preview:-1"},"canonical":"https:\/\/infos-droitshumains.net\/?p=11014","og_locale":"fr_FR","og_type":"article","og_title":"Ouverture de la session ordinaire de septembre 2024: A l\u2019Assembl\u00e9e Nationale, le Pr\u00e9sident Vital Kamerhe invite les d\u00e9put\u00e9s \u00e0 voter un budget qui refl\u00e8te les attentes de la population - Infos Droits Humains","og_description":"R\u00e9daction : +243 817 406 088 Apr\u00e8s trois Mois des vacances parlementaires, les D\u00e9put\u00e9s Nationaux&nbsp;...","og_url":"https:\/\/infos-droitshumains.net\/?p=11014","og_site_name":"Infos Droits Humains","article_published_time":"2024-09-16T19:07:35+00:00","article_modified_time":"2024-09-16T19:22:07+00:00","og_image":[{"width":799,"height":552,"url":"https:\/\/infos-droitshumains.net\/wp-content\/uploads\/2024\/09\/PHOTO_1.jpg","type":"image\/jpeg"}],"author":"Jo\u00ebl Diawa","twitter_card":"summary_large_image","twitter_misc":{"\u00c9crit par":"Jo\u00ebl Diawa","Dur\u00e9e de lecture estim\u00e9e":"4 minutes"},"schema":{"@context":"https:\/\/schema.org","@graph":[{"@type":"Article","@id":"https:\/\/infos-droitshumains.net\/?p=11014#article","isPartOf":{"@id":"https:\/\/infos-droitshumains.net\/?p=11014"},"author":{"name":"Jo\u00ebl Diawa","@id":"https:\/\/infos-droitshumains.net\/#\/schema\/person\/3dc5e921c3302172e0ed4362f96faab7"},"headline":"Ouverture de la session ordinaire de septembre 2024: A l\u2019Assembl\u00e9e Nationale, le Pr\u00e9sident Vital Kamerhe invite les d\u00e9put\u00e9s \u00e0 voter un budget qui refl\u00e8te les attentes de la population","datePublished":"2024-09-16T19:07:35+00:00","dateModified":"2024-09-16T19:22:07+00:00","mainEntityOfPage":{"@id":"https:\/\/infos-droitshumains.net\/?p=11014"},"wordCount":567,"commentCount":0,"publisher":{"@id":"https:\/\/infos-droitshumains.net\/#organization"},"image":{"@id":"https:\/\/infos-droitshumains.net\/?p=11014#primaryimage"},"thumbnailUrl":"https:\/\/i0.wp.com\/infos-droitshumains.net\/wp-content\/uploads\/2024\/09\/PHOTO_1.jpg?fit=799%2C552&ssl=1","articleSection":["Politique"],"inLanguage":"fr-FR","potentialAction":[{"@type":"CommentAction","name":"Comment","target":["https:\/\/infos-droitshumains.net\/?p=11014#respond"]}]},{"@type":"WebPage","@id":"https:\/\/infos-droitshumains.net\/?p=11014","url":"https:\/\/infos-droitshumains.net\/?p=11014","name":"Ouverture de la session ordinaire de septembre 2024: A l\u2019Assembl\u00e9e Nationale, le Pr\u00e9sident Vital Kamerhe invite les d\u00e9put\u00e9s \u00e0 voter un budget qui refl\u00e8te les attentes de la population - Infos Droits Humains","isPartOf":{"@id":"https:\/\/infos-droitshumains.net\/#website"},"primaryImageOfPage":{"@id":"https:\/\/infos-droitshumains.net\/?p=11014#primaryimage"},"image":{"@id":"https:\/\/infos-droitshumains.net\/?p=11014#primaryimage"},"thumbnailUrl":"https:\/\/i0.wp.com\/infos-droitshumains.net\/wp-content\/uploads\/2024\/09\/PHOTO_1.jpg?fit=799%2C552&ssl=1","datePublished":"2024-09-16T19:07:35+00:00","dateModified":"2024-09-16T19:22:07+00:00","breadcrumb":{"@id":"https:\/\/infos-droitshumains.net\/?p=11014#breadcrumb"},"inLanguage":"fr-FR","potentialAction":[{"@type":"ReadAction","target":["https:\/\/infos-droitshumains.net\/?p=11014"]}]},{"@type":"ImageObject","inLanguage":"fr-FR","@id":"https:\/\/infos-droitshumains.net\/?p=11014#primaryimage","url":"https:\/\/i0.wp.com\/infos-droitshumains.net\/wp-content\/uploads\/2024\/09\/PHOTO_1.jpg?fit=799%2C552&ssl=1","contentUrl":"https:\/\/i0.wp.com\/infos-droitshumains.net\/wp-content\/uploads\/2024\/09\/PHOTO_1.jpg?fit=799%2C552&ssl=1","width":799,"height":552},{"@type":"BreadcrumbList","@id":"https:\/\/infos-droitshumains.net\/?p=11014#breadcrumb","itemListElement":[{"@type":"ListItem","position":1,"name":"Accueil","item":"https:\/\/infos-droitshumains.net\/"},{"@type":"ListItem","position":2,"name":"Ouverture de la session ordinaire de septembre 2024: A l\u2019Assembl\u00e9e Nationale, le Pr\u00e9sident Vital Kamerhe invite les d\u00e9put\u00e9s \u00e0 voter un budget qui refl\u00e8te les attentes de la population"}]},{"@type":"WebSite","@id":"https:\/\/infos-droitshumains.net\/#website","url":"https:\/\/infos-droitshumains.net\/","name":"Infos Droits Humains","description":"S&#039;informer est un droit","publisher":{"@id":"https:\/\/infos-droitshumains.net\/#organization"},"potentialAction":[{"@type":"SearchAction","target":{"@type":"EntryPoint","urlTemplate":"https:\/\/infos-droitshumains.net\/?s={search_term_string}"},"query-input":{"@type":"PropertyValueSpecification","valueRequired":true,"valueName":"search_term_string"}}],"inLanguage":"fr-FR"},{"@type":"Organization","@id":"https:\/\/infos-droitshumains.net\/#organization","name":"Infos Droits Humains","url":"https:\/\/infos-droitshumains.net\/","logo":{"@type":"ImageObject","inLanguage":"fr-FR","@id":"https:\/\/infos-droitshumains.net\/#\/schema\/logo\/image\/","url":"https:\/\/i0.wp.com\/infos-droitshumains.net\/wp-content\/uploads\/2022\/05\/Logo.png?fit=333%2C129&ssl=1","contentUrl":"https:\/\/i0.wp.com\/infos-droitshumains.net\/wp-content\/uploads\/2022\/05\/Logo.png?fit=333%2C129&ssl=1","width":333,"height":129,"caption":"Infos Droits Humains"},"image":{"@id":"https:\/\/infos-droitshumains.net\/#\/schema\/logo\/image\/"}},{"@type":"Person","@id":"https:\/\/infos-droitshumains.net\/#\/schema\/person\/3dc5e921c3302172e0ed4362f96faab7","name":"Jo\u00ebl Diawa","image":{"@type":"ImageObject","inLanguage":"fr-FR","@id":"https:\/\/secure.gravatar.com\/avatar\/729bea6ff4604c624417803c477363be8e3c7186deaa65713313f9b4b820f41c?s=96&d=mm&r=g","url":"https:\/\/secure.gravatar.com\/avatar\/729bea6ff4604c624417803c477363be8e3c7186deaa65713313f9b4b820f41c?s=96&d=mm&r=g","contentUrl":"https:\/\/secure.gravatar.com\/avatar\/729bea6ff4604c624417803c477363be8e3c7186deaa65713313f9b4b820f41c?s=96&d=mm&r=g","caption":"Jo\u00ebl Diawa"},"sameAs":["https:\/\/www.infos-droitshumains.net"],"url":"https:\/\/infos-droitshumains.net\/?author=2"}]}},"featured_image_urls":{"full":["https:\/\/i0.wp.com\/infos-droitshumains.net\/wp-content\/uploads\/2024\/09\/PHOTO_1.jpg?fit=799%2C552&ssl=1",799,552,false],"thumbnail":["https:\/\/i0.wp.com\/infos-droitshumains.net\/wp-content\/uploads\/2024\/09\/PHOTO_1.jpg?resize=150%2C150&ssl=1",150,150,true],"medium":["https:\/\/i0.wp.com\/infos-droitshumains.net\/wp-content\/uploads\/2024\/09\/PHOTO_1.jpg?fit=300%2C207&ssl=1",300,207,true],"medium_large":["https:\/\/i0.wp.com\/infos-droitshumains.net\/wp-content\/uploads\/2024\/09\/PHOTO_1.jpg?fit=640%2C443&ssl=1",640,443,true],"large":["https:\/\/i0.wp.com\/infos-droitshumains.net\/wp-content\/uploads\/2024\/09\/PHOTO_1.jpg?fit=640%2C442&ssl=1",640,442,true],"1536x1536":["https:\/\/i0.wp.com\/infos-droitshumains.net\/wp-content\/uploads\/2024\/09\/PHOTO_1.jpg?fit=799%2C552&ssl=1",799,552,true],"2048x2048":["https:\/\/i0.wp.com\/infos-droitshumains.net\/wp-content\/uploads\/2024\/09\/PHOTO_1.jpg?fit=799%2C552&ssl=1",799,552,true],"covernews-slider-full":["https:\/\/i0.wp.com\/infos-droitshumains.net\/wp-content\/uploads\/2024\/09\/PHOTO_1.jpg?resize=799%2C552&ssl=1",799,552,true],"covernews-slider-center":["https:\/\/i0.wp.com\/infos-droitshumains.net\/wp-content\/uploads\/2024\/09\/PHOTO_1.jpg?resize=799%2C500&ssl=1",799,500,true],"covernews-featured":["https:\/\/i0.wp.com\/infos-droitshumains.net\/wp-content\/uploads\/2024\/09\/PHOTO_1.jpg?fit=799%2C552&ssl=1",799,552,true],"covernews-medium":["https:\/\/i0.wp.com\/infos-droitshumains.net\/wp-content\/uploads\/2024\/09\/PHOTO_1.jpg?resize=540%2C340&ssl=1",540,340,true],"covernews-medium-square":["https:\/\/i0.wp.com\/infos-droitshumains.net\/wp-content\/uploads\/2024\/09\/PHOTO_1.jpg?resize=400%2C250&ssl=1",400,250,true]},"author_info":{"display_name":"Jo\u00ebl Diawa","author_link":"https:\/\/infos-droitshumains.net\/?author=2"},"category_info":"<a href=\"https:\/\/infos-droitshumains.net\/?cat=3\" rel=\"category\">Politique<\/a>","tag_info":"Politique","comment_count":"0","jetpack_featured_media_url":"https:\/\/i0.wp.com\/infos-droitshumains.net\/wp-content\/uploads\/2024\/09\/PHOTO_1.jpg?fit=799%2C552&ssl=1","jetpack-related-posts":[],"jetpack_sharing_enabled":true,"_links":{"self":[{"href":"https:\/\/infos-droitshumains.net\/index.php?rest_route=\/wp\/v2\/posts\/11014","targetHints":{"allow":["GET"]}}],"collection":[{"href":"https:\/\/infos-droitshumains.net\/index.php?rest_route=\/wp\/v2\/posts"}],"about":[{"href":"https:\/\/infos-droitshumains.net\/index.php?rest_route=\/wp\/v2\/types\/post"}],"author":[{"embeddable":true,"href":"https:\/\/infos-droitshumains.net\/index.php?rest_route=\/wp\/v2\/users\/2"}],"replies":[{"embeddable":true,"href":"https:\/\/infos-droitshumains.net\/index.php?rest_route=%2Fwp%2Fv2%2Fcomments&post=11014"}],"version-history":[{"count":4,"href":"https:\/\/infos-droitshumains.net\/index.php?rest_route=\/wp\/v2\/posts\/11014\/revisions"}],"predecessor-version":[{"id":11025,"href":"https:\/\/infos-droitshumains.net\/index.php?rest_route=\/wp\/v2\/posts\/11014\/revisions\/11025"}],"wp:featuredmedia":[{"embeddable":true,"href":"https:\/\/infos-droitshumains.net\/index.php?rest_route=\/wp\/v2\/media\/11026"}],"wp:attachment":[{"href":"https:\/\/infos-droitshumains.net\/index.php?rest_route=%2Fwp%2Fv2%2Fmedia&parent=11014"}],"wp:term":[{"taxonomy":"category","embeddable":true,"href":"https:\/\/infos-droitshumains.net\/index.php?rest_route=%2Fwp%2Fv2%2Fcategories&post=11014"},{"taxonomy":"post_tag","embeddable":true,"href":"https:\/\/infos-droitshumains.net\/index.php?rest_route=%2Fwp%2Fv2%2Ftags&post=11014"}],"curies":[{"name":"wp","href":"https:\/\/api.w.org\/{rel}","templated":true}]}}