{"id":10997,"date":"2024-09-16T01:03:20","date_gmt":"2024-09-15T23:03:20","guid":{"rendered":"https:\/\/infos-droitshumains.net\/?p=10997"},"modified":"2024-09-16T01:12:24","modified_gmt":"2024-09-15T23:12:24","slug":"rdc-le-president-de-lassemblee-nationale-ivoirienne-a-kinshasa-pour-prendre-part-a-la-ceremonie-inaugurale-de-la-session-ordinaire-de-septembre","status":"publish","type":"post","link":"https:\/\/infos-droitshumains.net\/?p=10997","title":{"rendered":"RDC\u00a0: Le Pr\u00e9sident de l\u2019Assembl\u00e9e Nationale ivoirienne \u00e0 Kinshasa pour prendre part \u00e0 la c\u00e9r\u00e9monie inaugurale de la session ordinaire de Septembre"},"content":{"rendered":"\n<p><strong>R\u00e9daction : +243 817 406 088<\/strong><\/p>\n\n\n\n<h3 class=\"wp-block-heading has-vivid-red-color has-text-color has-link-color wp-elements-ff8776f3883d3f533910a65c22e5d6bd\">La diplomatie parlementaire se porte bien entre la R\u00e9publique D\u00e9mocratique du Congo et la Cote d\u2019Ivoire. Pour preuve, la pr\u00e9sence du Pr\u00e9sident de l\u2019Assembl\u00e9e Nationale Ivoirienne sur le sol congolais depuis la soir\u00e9e de ce dimanche.<\/h3>\n\n\n\n<p>Invit\u00e9 d\u2019honneur de son homologue congolais Vital Kamerhe, Adama Bictogo est venu prendre part \u00e0 la c\u00e9r\u00e9monie inaugurale de la session ordinaire de septembre 2024 pr\u00e9vue pour ce lundi.<\/p>\n\n\n\n<p>Au pied de l\u2019avion, Adama Bictogo a \u00e9t\u00e9 chaleureusement accueilli par le Professeur Vital Kamerhe, accompagn\u00e9 du personnel de l\u2019Ambassade Ivoirienne \u00e0 Kinshasa.<\/p>\n\n\n\n<figure class=\"wp-block-image alignfull size-large\"><img data-recalc-dims=\"1\" fetchpriority=\"high\" decoding=\"async\" width=\"640\" height=\"958\" src=\"https:\/\/i0.wp.com\/infos-droitshumains.net\/wp-content\/uploads\/2024\/09\/IMG-20240915-WA0045.jpg?resize=640%2C958&#038;ssl=1\" alt=\"\" class=\"wp-image-11002\" srcset=\"https:\/\/i0.wp.com\/infos-droitshumains.net\/wp-content\/uploads\/2024\/09\/IMG-20240915-WA0045.jpg?resize=684%2C1024&amp;ssl=1 684w, https:\/\/i0.wp.com\/infos-droitshumains.net\/wp-content\/uploads\/2024\/09\/IMG-20240915-WA0045.jpg?resize=200%2C300&amp;ssl=1 200w, https:\/\/i0.wp.com\/infos-droitshumains.net\/wp-content\/uploads\/2024\/09\/IMG-20240915-WA0045.jpg?resize=768%2C1150&amp;ssl=1 768w, https:\/\/i0.wp.com\/infos-droitshumains.net\/wp-content\/uploads\/2024\/09\/IMG-20240915-WA0045.jpg?resize=1025%2C1536&amp;ssl=1 1025w, https:\/\/i0.wp.com\/infos-droitshumains.net\/wp-content\/uploads\/2024\/09\/IMG-20240915-WA0045.jpg?resize=1367%2C2048&amp;ssl=1 1367w, https:\/\/i0.wp.com\/infos-droitshumains.net\/wp-content\/uploads\/2024\/09\/IMG-20240915-WA0045.jpg?resize=1024%2C1534&amp;ssl=1 1024w, https:\/\/i0.wp.com\/infos-droitshumains.net\/wp-content\/uploads\/2024\/09\/IMG-20240915-WA0045.jpg?w=1709&amp;ssl=1 1709w, https:\/\/i0.wp.com\/infos-droitshumains.net\/wp-content\/uploads\/2024\/09\/IMG-20240915-WA0045.jpg?w=1280&amp;ssl=1 1280w\" sizes=\"(max-width: 640px) 100vw, 640px\" \/><\/figure>\n\n\n\n<p>Il a assur\u00e9 \u00eatre venu r\u00e9pondre \u00e0 l\u2019invitation de son <em>\u00ab\u00a0homologue et Fr\u00e8re.\u00a0\u00bb<\/em> A cet effet, il a promis de \u00a0s\u2019adresser \u00e0 ses coll\u00e8gues D\u00e9put\u00e9s de la R\u00e9publique D\u00e9mocratique du Congo pour <em>\u00ab\u00a0partager l\u2019exp\u00e9rience parlementaire de la C\u00f4te d\u2019Ivoire.\u00a0\u00bb<\/em><\/p>\n\n\n\n<p><em>\u00ab\u00a0Il faut savoir que nos deux Pays entretiennent des tr\u00e8s bonnes relations \u00e0 travers leurs Pr\u00e9sident Alassane Ouattara et F\u00e9lix-Antoine Tshisekedi\u00bb<\/em>, a d\u00e9clar\u00e9 le Speaker de la repr\u00e9sentation nationale Ivoirienne \u00a0qui a cependant assur\u00e9 que c\u2019est suite \u00e0 l\u2019invitation qu\u2019il avait lanc\u00e9 \u00e0 son Homologue Congolais Vital Kamerhe pour \u00eatre l\u2019invit\u00e9 d\u2019honneur de l\u2019Assembl\u00e9e Nationale Ivoirienne le 1 Octobre prochain que ce dernier lui a rendu l\u2019ascenseur.<\/p>\n\n\n\n<figure class=\"wp-block-image alignfull size-large\"><img data-recalc-dims=\"1\" decoding=\"async\" width=\"640\" height=\"427\" src=\"https:\/\/i0.wp.com\/infos-droitshumains.net\/wp-content\/uploads\/2024\/09\/IMG-20240915-WA0035.jpg?resize=640%2C427&#038;ssl=1\" alt=\"\" class=\"wp-image-11003\" srcset=\"https:\/\/i0.wp.com\/infos-droitshumains.net\/wp-content\/uploads\/2024\/09\/IMG-20240915-WA0035.jpg?resize=1024%2C683&amp;ssl=1 1024w, https:\/\/i0.wp.com\/infos-droitshumains.net\/wp-content\/uploads\/2024\/09\/IMG-20240915-WA0035.jpg?resize=300%2C200&amp;ssl=1 300w, https:\/\/i0.wp.com\/infos-droitshumains.net\/wp-content\/uploads\/2024\/09\/IMG-20240915-WA0035.jpg?resize=768%2C512&amp;ssl=1 768w, https:\/\/i0.wp.com\/infos-droitshumains.net\/wp-content\/uploads\/2024\/09\/IMG-20240915-WA0035.jpg?resize=1536%2C1025&amp;ssl=1 1536w, https:\/\/i0.wp.com\/infos-droitshumains.net\/wp-content\/uploads\/2024\/09\/IMG-20240915-WA0035.jpg?resize=2048%2C1366&amp;ssl=1 2048w, https:\/\/i0.wp.com\/infos-droitshumains.net\/wp-content\/uploads\/2024\/09\/IMG-20240915-WA0035.jpg?w=1280&amp;ssl=1 1280w, https:\/\/i0.wp.com\/infos-droitshumains.net\/wp-content\/uploads\/2024\/09\/IMG-20240915-WA0035.jpg?w=1920&amp;ssl=1 1920w\" sizes=\"(max-width: 640px) 100vw, 640px\" \/><\/figure>\n\n\n\n<p>De son c\u00f4t\u00e9, le Professeur Vital Kamerhe a par ailleurs rappel\u00e9 que ces invitations mutuelles ont \u00e9t\u00e9 \u00e9chang\u00e9es &nbsp;lors de l\u2019Assembl\u00e9e parlementaire de la Francophonie qui s\u2019est tenue \u00e0 Montr\u00e9al&nbsp;:<\/p>\n\n\n\n<p><em>\u00ab&nbsp;Il avait \u00e9t\u00e9 d\u00e9cid\u00e9 que nous puissions nous rendre mutuellement visite entre Pr\u00e9sidents d\u2019Assembl\u00e9e Nationale africain dans le cadre de la diplomatie parlementaire. C\u2019est dans ce cadre que j\u2019ai invit\u00e9 mon coll\u00e8gue Adama Bictogo \u00e0 venir partager l\u2019exp\u00e9rience Ivoirienne avec les D\u00e9put\u00e9s Nationaux Congolais au cours de la c\u00e9r\u00e9monie inaugurale de la session de Septembre 2024 qui aura lieu ce lundi 16 septembre. Apr\u00e8s, il sera re\u00e7u par le Chef de l\u2019\u00c9tat F\u00e9lix Antoine Tshisekedi Tshilombo \u00bb<\/em> a pr\u00e9cis\u00e9 le Pr\u00e9sident de l\u2019Assembl\u00e9e Nationale Congolais.<\/p>\n\n\n\n<figure class=\"wp-block-image alignfull size-large\"><img data-recalc-dims=\"1\" decoding=\"async\" width=\"640\" height=\"427\" src=\"https:\/\/i0.wp.com\/infos-droitshumains.net\/wp-content\/uploads\/2024\/09\/IMG-20240915-WA0038.jpg?resize=640%2C427&#038;ssl=1\" alt=\"\" class=\"wp-image-11004\" srcset=\"https:\/\/i0.wp.com\/infos-droitshumains.net\/wp-content\/uploads\/2024\/09\/IMG-20240915-WA0038.jpg?resize=1024%2C683&amp;ssl=1 1024w, https:\/\/i0.wp.com\/infos-droitshumains.net\/wp-content\/uploads\/2024\/09\/IMG-20240915-WA0038.jpg?resize=300%2C200&amp;ssl=1 300w, https:\/\/i0.wp.com\/infos-droitshumains.net\/wp-content\/uploads\/2024\/09\/IMG-20240915-WA0038.jpg?resize=768%2C512&amp;ssl=1 768w, https:\/\/i0.wp.com\/infos-droitshumains.net\/wp-content\/uploads\/2024\/09\/IMG-20240915-WA0038.jpg?resize=1536%2C1025&amp;ssl=1 1536w, https:\/\/i0.wp.com\/infos-droitshumains.net\/wp-content\/uploads\/2024\/09\/IMG-20240915-WA0038.jpg?resize=2048%2C1366&amp;ssl=1 2048w, https:\/\/i0.wp.com\/infos-droitshumains.net\/wp-content\/uploads\/2024\/09\/IMG-20240915-WA0038.jpg?w=1280&amp;ssl=1 1280w, https:\/\/i0.wp.com\/infos-droitshumains.net\/wp-content\/uploads\/2024\/09\/IMG-20240915-WA0038.jpg?w=1920&amp;ssl=1 1920w\" sizes=\"(max-width: 640px) 100vw, 640px\" \/><\/figure>\n\n\n\n<p>Il a par la m\u00eame occasion confirm\u00e9 son d\u00e9placement \u00e0 Abidjan le 3 Octobre 2024 pour r\u00e9pondre \u00e0 l\u2019invitation de son Coll\u00e8gue afin de pouvoir partager lui aussi, l\u2019exp\u00e9rience parlementaire congolaise avec les D\u00e9put\u00e9s Nationaux de la R\u00e9publique s\u0153ur de C\u00f4te-d\u2019Ivoire.<\/p>\n\n\n\n<p>La d\u00e9l\u00e9gation de Bictogo est compos\u00e9e entre autre de C\u00e9lestine Trazere Olibe, Pr\u00e9sidente du caucus des femmes parlementaires, Mouminatou Barry Diaby, Ambassadrice et Directrice des Affaires ext\u00e9rieures et des relations interparlementaires. Cette visite officielle de trois jours sera sans nul doute une opportunit\u00e9 de renforcer les liens de coop\u00e9ration parlementaire entre les deux pays, ainsi que la promotion d\u2019une collaboration fructueuse dans diff\u00e9rents domaines strat\u00e9giques.<\/p>\n\n\n\n<p>Jo\u00ebl Diawa<\/p>\n","protected":false},"excerpt":{"rendered":"<p>R\u00e9daction : +243 817 406 088 La diplomatie parlementaire se porte bien entre la R\u00e9publique&#8230;<\/p>\n","protected":false},"author":2,"featured_media":10999,"comment_status":"open","ping_status":"open","sticky":false,"template":"","format":"standard","meta":{"_jetpack_memberships_contains_paid_content":false,"footnotes":""},"categories":[3],"tags":[],"class_list":["post-10997","post","type-post","status-publish","format-standard","has-post-thumbnail","hentry","category-politique"],"yoast_head":"<!-- This site is optimized with the Yoast SEO plugin v27.5 - https:\/\/yoast.com\/product\/yoast-seo-wordpress\/ -->\n<title>RDC\u00a0: Le Pr\u00e9sident de l\u2019Assembl\u00e9e Nationale ivoirienne \u00e0 Kinshasa pour prendre part \u00e0 la c\u00e9r\u00e9monie inaugurale de la session ordinaire de Septembre - Infos Droits Humains<\/title>\n<meta name=\"robots\" content=\"index, follow, max-snippet:-1, max-image-preview:large, max-video-preview:-1\" \/>\n<link rel=\"canonical\" href=\"https:\/\/infos-droitshumains.net\/?p=10997\" \/>\n<meta property=\"og:locale\" content=\"fr_FR\" \/>\n<meta property=\"og:type\" content=\"article\" \/>\n<meta property=\"og:title\" content=\"RDC\u00a0: Le Pr\u00e9sident de l\u2019Assembl\u00e9e Nationale ivoirienne \u00e0 Kinshasa pour prendre part \u00e0 la c\u00e9r\u00e9monie inaugurale de la session ordinaire de Septembre - Infos Droits Humains\" \/>\n<meta property=\"og:description\" content=\"R\u00e9daction : +243 817 406 088 La diplomatie parlementaire se porte bien entre la R\u00e9publique...\" \/>\n<meta property=\"og:url\" content=\"https:\/\/infos-droitshumains.net\/?p=10997\" \/>\n<meta property=\"og:site_name\" content=\"Infos Droits Humains\" \/>\n<meta property=\"article:published_time\" content=\"2024-09-15T23:03:20+00:00\" \/>\n<meta property=\"article:modified_time\" content=\"2024-09-15T23:12:24+00:00\" \/>\n<meta property=\"og:image\" content=\"https:\/\/infos-droitshumains.net\/wp-content\/uploads\/2024\/09\/IMG-20240915-WA0044.jpg\" \/>\n\t<meta property=\"og:image:width\" content=\"2560\" \/>\n\t<meta property=\"og:image:height\" content=\"1708\" \/>\n\t<meta property=\"og:image:type\" content=\"image\/jpeg\" \/>\n<meta name=\"author\" content=\"Jo\u00ebl Diawa\" \/>\n<meta name=\"twitter:card\" content=\"summary_large_image\" \/>\n<meta name=\"twitter:label1\" content=\"\u00c9crit par\" \/>\n\t<meta name=\"twitter:data1\" content=\"Jo\u00ebl Diawa\" \/>\n\t<meta name=\"twitter:label2\" content=\"Dur\u00e9e de lecture estim\u00e9e\" \/>\n\t<meta name=\"twitter:data2\" content=\"3 minutes\" \/>\n<script type=\"application\/ld+json\" class=\"yoast-schema-graph\">{\"@context\":\"https:\\\/\\\/schema.org\",\"@graph\":[{\"@type\":\"Article\",\"@id\":\"https:\\\/\\\/infos-droitshumains.net\\\/?p=10997#article\",\"isPartOf\":{\"@id\":\"https:\\\/\\\/infos-droitshumains.net\\\/?p=10997\"},\"author\":{\"name\":\"Jo\u00ebl Diawa\",\"@id\":\"https:\\\/\\\/infos-droitshumains.net\\\/#\\\/schema\\\/person\\\/3dc5e921c3302172e0ed4362f96faab7\"},\"headline\":\"RDC\u00a0: Le Pr\u00e9sident de l\u2019Assembl\u00e9e Nationale ivoirienne \u00e0 Kinshasa pour prendre part \u00e0 la c\u00e9r\u00e9monie inaugurale de la session ordinaire de Septembre\",\"datePublished\":\"2024-09-15T23:03:20+00:00\",\"dateModified\":\"2024-09-15T23:12:24+00:00\",\"mainEntityOfPage\":{\"@id\":\"https:\\\/\\\/infos-droitshumains.net\\\/?p=10997\"},\"wordCount\":520,\"commentCount\":0,\"publisher\":{\"@id\":\"https:\\\/\\\/infos-droitshumains.net\\\/#organization\"},\"image\":{\"@id\":\"https:\\\/\\\/infos-droitshumains.net\\\/?p=10997#primaryimage\"},\"thumbnailUrl\":\"https:\\\/\\\/i0.wp.com\\\/infos-droitshumains.net\\\/wp-content\\\/uploads\\\/2024\\\/09\\\/IMG-20240915-WA0044.jpg?fit=2560%2C1708&ssl=1\",\"articleSection\":[\"Politique\"],\"inLanguage\":\"fr-FR\",\"potentialAction\":[{\"@type\":\"CommentAction\",\"name\":\"Comment\",\"target\":[\"https:\\\/\\\/infos-droitshumains.net\\\/?p=10997#respond\"]}]},{\"@type\":\"WebPage\",\"@id\":\"https:\\\/\\\/infos-droitshumains.net\\\/?p=10997\",\"url\":\"https:\\\/\\\/infos-droitshumains.net\\\/?p=10997\",\"name\":\"RDC\u00a0: Le Pr\u00e9sident de l\u2019Assembl\u00e9e Nationale ivoirienne \u00e0 Kinshasa pour prendre part \u00e0 la c\u00e9r\u00e9monie inaugurale de la session ordinaire de Septembre - Infos Droits Humains\",\"isPartOf\":{\"@id\":\"https:\\\/\\\/infos-droitshumains.net\\\/#website\"},\"primaryImageOfPage\":{\"@id\":\"https:\\\/\\\/infos-droitshumains.net\\\/?p=10997#primaryimage\"},\"image\":{\"@id\":\"https:\\\/\\\/infos-droitshumains.net\\\/?p=10997#primaryimage\"},\"thumbnailUrl\":\"https:\\\/\\\/i0.wp.com\\\/infos-droitshumains.net\\\/wp-content\\\/uploads\\\/2024\\\/09\\\/IMG-20240915-WA0044.jpg?fit=2560%2C1708&ssl=1\",\"datePublished\":\"2024-09-15T23:03:20+00:00\",\"dateModified\":\"2024-09-15T23:12:24+00:00\",\"breadcrumb\":{\"@id\":\"https:\\\/\\\/infos-droitshumains.net\\\/?p=10997#breadcrumb\"},\"inLanguage\":\"fr-FR\",\"potentialAction\":[{\"@type\":\"ReadAction\",\"target\":[\"https:\\\/\\\/infos-droitshumains.net\\\/?p=10997\"]}]},{\"@type\":\"ImageObject\",\"inLanguage\":\"fr-FR\",\"@id\":\"https:\\\/\\\/infos-droitshumains.net\\\/?p=10997#primaryimage\",\"url\":\"https:\\\/\\\/i0.wp.com\\\/infos-droitshumains.net\\\/wp-content\\\/uploads\\\/2024\\\/09\\\/IMG-20240915-WA0044.jpg?fit=2560%2C1708&ssl=1\",\"contentUrl\":\"https:\\\/\\\/i0.wp.com\\\/infos-droitshumains.net\\\/wp-content\\\/uploads\\\/2024\\\/09\\\/IMG-20240915-WA0044.jpg?fit=2560%2C1708&ssl=1\",\"width\":2560,\"height\":1708},{\"@type\":\"BreadcrumbList\",\"@id\":\"https:\\\/\\\/infos-droitshumains.net\\\/?p=10997#breadcrumb\",\"itemListElement\":[{\"@type\":\"ListItem\",\"position\":1,\"name\":\"Accueil\",\"item\":\"https:\\\/\\\/infos-droitshumains.net\\\/\"},{\"@type\":\"ListItem\",\"position\":2,\"name\":\"RDC\u00a0: Le Pr\u00e9sident de l\u2019Assembl\u00e9e Nationale ivoirienne \u00e0 Kinshasa pour prendre part \u00e0 la c\u00e9r\u00e9monie inaugurale de la session ordinaire de Septembre\"}]},{\"@type\":\"WebSite\",\"@id\":\"https:\\\/\\\/infos-droitshumains.net\\\/#website\",\"url\":\"https:\\\/\\\/infos-droitshumains.net\\\/\",\"name\":\"Infos Droits Humains\",\"description\":\"S&#039;informer est un droit\",\"publisher\":{\"@id\":\"https:\\\/\\\/infos-droitshumains.net\\\/#organization\"},\"potentialAction\":[{\"@type\":\"SearchAction\",\"target\":{\"@type\":\"EntryPoint\",\"urlTemplate\":\"https:\\\/\\\/infos-droitshumains.net\\\/?s={search_term_string}\"},\"query-input\":{\"@type\":\"PropertyValueSpecification\",\"valueRequired\":true,\"valueName\":\"search_term_string\"}}],\"inLanguage\":\"fr-FR\"},{\"@type\":\"Organization\",\"@id\":\"https:\\\/\\\/infos-droitshumains.net\\\/#organization\",\"name\":\"Infos Droits Humains\",\"url\":\"https:\\\/\\\/infos-droitshumains.net\\\/\",\"logo\":{\"@type\":\"ImageObject\",\"inLanguage\":\"fr-FR\",\"@id\":\"https:\\\/\\\/infos-droitshumains.net\\\/#\\\/schema\\\/logo\\\/image\\\/\",\"url\":\"https:\\\/\\\/i0.wp.com\\\/infos-droitshumains.net\\\/wp-content\\\/uploads\\\/2022\\\/05\\\/Logo.png?fit=333%2C129&ssl=1\",\"contentUrl\":\"https:\\\/\\\/i0.wp.com\\\/infos-droitshumains.net\\\/wp-content\\\/uploads\\\/2022\\\/05\\\/Logo.png?fit=333%2C129&ssl=1\",\"width\":333,\"height\":129,\"caption\":\"Infos Droits Humains\"},\"image\":{\"@id\":\"https:\\\/\\\/infos-droitshumains.net\\\/#\\\/schema\\\/logo\\\/image\\\/\"}},{\"@type\":\"Person\",\"@id\":\"https:\\\/\\\/infos-droitshumains.net\\\/#\\\/schema\\\/person\\\/3dc5e921c3302172e0ed4362f96faab7\",\"name\":\"Jo\u00ebl Diawa\",\"image\":{\"@type\":\"ImageObject\",\"inLanguage\":\"fr-FR\",\"@id\":\"https:\\\/\\\/secure.gravatar.com\\\/avatar\\\/729bea6ff4604c624417803c477363be8e3c7186deaa65713313f9b4b820f41c?s=96&d=mm&r=g\",\"url\":\"https:\\\/\\\/secure.gravatar.com\\\/avatar\\\/729bea6ff4604c624417803c477363be8e3c7186deaa65713313f9b4b820f41c?s=96&d=mm&r=g\",\"contentUrl\":\"https:\\\/\\\/secure.gravatar.com\\\/avatar\\\/729bea6ff4604c624417803c477363be8e3c7186deaa65713313f9b4b820f41c?s=96&d=mm&r=g\",\"caption\":\"Jo\u00ebl Diawa\"},\"sameAs\":[\"https:\\\/\\\/www.infos-droitshumains.net\"],\"url\":\"https:\\\/\\\/infos-droitshumains.net\\\/?author=2\"}]}<\/script>\n<!-- \/ Yoast SEO plugin. -->","yoast_head_json":{"title":"RDC\u00a0: Le Pr\u00e9sident de l\u2019Assembl\u00e9e Nationale ivoirienne \u00e0 Kinshasa pour prendre part \u00e0 la c\u00e9r\u00e9monie inaugurale de la session ordinaire de Septembre - Infos Droits Humains","robots":{"index":"index","follow":"follow","max-snippet":"max-snippet:-1","max-image-preview":"max-image-preview:large","max-video-preview":"max-video-preview:-1"},"canonical":"https:\/\/infos-droitshumains.net\/?p=10997","og_locale":"fr_FR","og_type":"article","og_title":"RDC\u00a0: Le Pr\u00e9sident de l\u2019Assembl\u00e9e Nationale ivoirienne \u00e0 Kinshasa pour prendre part \u00e0 la c\u00e9r\u00e9monie inaugurale de la session ordinaire de Septembre - Infos Droits Humains","og_description":"R\u00e9daction : +243 817 406 088 La diplomatie parlementaire se porte bien entre la R\u00e9publique...","og_url":"https:\/\/infos-droitshumains.net\/?p=10997","og_site_name":"Infos Droits Humains","article_published_time":"2024-09-15T23:03:20+00:00","article_modified_time":"2024-09-15T23:12:24+00:00","og_image":[{"width":2560,"height":1708,"url":"https:\/\/infos-droitshumains.net\/wp-content\/uploads\/2024\/09\/IMG-20240915-WA0044.jpg","type":"image\/jpeg"}],"author":"Jo\u00ebl Diawa","twitter_card":"summary_large_image","twitter_misc":{"\u00c9crit par":"Jo\u00ebl Diawa","Dur\u00e9e de lecture estim\u00e9e":"3 minutes"},"schema":{"@context":"https:\/\/schema.org","@graph":[{"@type":"Article","@id":"https:\/\/infos-droitshumains.net\/?p=10997#article","isPartOf":{"@id":"https:\/\/infos-droitshumains.net\/?p=10997"},"author":{"name":"Jo\u00ebl Diawa","@id":"https:\/\/infos-droitshumains.net\/#\/schema\/person\/3dc5e921c3302172e0ed4362f96faab7"},"headline":"RDC\u00a0: Le Pr\u00e9sident de l\u2019Assembl\u00e9e Nationale ivoirienne \u00e0 Kinshasa pour prendre part \u00e0 la c\u00e9r\u00e9monie inaugurale de la session ordinaire de Septembre","datePublished":"2024-09-15T23:03:20+00:00","dateModified":"2024-09-15T23:12:24+00:00","mainEntityOfPage":{"@id":"https:\/\/infos-droitshumains.net\/?p=10997"},"wordCount":520,"commentCount":0,"publisher":{"@id":"https:\/\/infos-droitshumains.net\/#organization"},"image":{"@id":"https:\/\/infos-droitshumains.net\/?p=10997#primaryimage"},"thumbnailUrl":"https:\/\/i0.wp.com\/infos-droitshumains.net\/wp-content\/uploads\/2024\/09\/IMG-20240915-WA0044.jpg?fit=2560%2C1708&ssl=1","articleSection":["Politique"],"inLanguage":"fr-FR","potentialAction":[{"@type":"CommentAction","name":"Comment","target":["https:\/\/infos-droitshumains.net\/?p=10997#respond"]}]},{"@type":"WebPage","@id":"https:\/\/infos-droitshumains.net\/?p=10997","url":"https:\/\/infos-droitshumains.net\/?p=10997","name":"RDC\u00a0: Le Pr\u00e9sident de l\u2019Assembl\u00e9e Nationale ivoirienne \u00e0 Kinshasa pour prendre part \u00e0 la c\u00e9r\u00e9monie inaugurale de la session ordinaire de Septembre - Infos Droits Humains","isPartOf":{"@id":"https:\/\/infos-droitshumains.net\/#website"},"primaryImageOfPage":{"@id":"https:\/\/infos-droitshumains.net\/?p=10997#primaryimage"},"image":{"@id":"https:\/\/infos-droitshumains.net\/?p=10997#primaryimage"},"thumbnailUrl":"https:\/\/i0.wp.com\/infos-droitshumains.net\/wp-content\/uploads\/2024\/09\/IMG-20240915-WA0044.jpg?fit=2560%2C1708&ssl=1","datePublished":"2024-09-15T23:03:20+00:00","dateModified":"2024-09-15T23:12:24+00:00","breadcrumb":{"@id":"https:\/\/infos-droitshumains.net\/?p=10997#breadcrumb"},"inLanguage":"fr-FR","potentialAction":[{"@type":"ReadAction","target":["https:\/\/infos-droitshumains.net\/?p=10997"]}]},{"@type":"ImageObject","inLanguage":"fr-FR","@id":"https:\/\/infos-droitshumains.net\/?p=10997#primaryimage","url":"https:\/\/i0.wp.com\/infos-droitshumains.net\/wp-content\/uploads\/2024\/09\/IMG-20240915-WA0044.jpg?fit=2560%2C1708&ssl=1","contentUrl":"https:\/\/i0.wp.com\/infos-droitshumains.net\/wp-content\/uploads\/2024\/09\/IMG-20240915-WA0044.jpg?fit=2560%2C1708&ssl=1","width":2560,"height":1708},{"@type":"BreadcrumbList","@id":"https:\/\/infos-droitshumains.net\/?p=10997#breadcrumb","itemListElement":[{"@type":"ListItem","position":1,"name":"Accueil","item":"https:\/\/infos-droitshumains.net\/"},{"@type":"ListItem","position":2,"name":"RDC\u00a0: Le Pr\u00e9sident de l\u2019Assembl\u00e9e Nationale ivoirienne \u00e0 Kinshasa pour prendre part \u00e0 la c\u00e9r\u00e9monie inaugurale de la session ordinaire de Septembre"}]},{"@type":"WebSite","@id":"https:\/\/infos-droitshumains.net\/#website","url":"https:\/\/infos-droitshumains.net\/","name":"Infos Droits Humains","description":"S&#039;informer est un droit","publisher":{"@id":"https:\/\/infos-droitshumains.net\/#organization"},"potentialAction":[{"@type":"SearchAction","target":{"@type":"EntryPoint","urlTemplate":"https:\/\/infos-droitshumains.net\/?s={search_term_string}"},"query-input":{"@type":"PropertyValueSpecification","valueRequired":true,"valueName":"search_term_string"}}],"inLanguage":"fr-FR"},{"@type":"Organization","@id":"https:\/\/infos-droitshumains.net\/#organization","name":"Infos Droits Humains","url":"https:\/\/infos-droitshumains.net\/","logo":{"@type":"ImageObject","inLanguage":"fr-FR","@id":"https:\/\/infos-droitshumains.net\/#\/schema\/logo\/image\/","url":"https:\/\/i0.wp.com\/infos-droitshumains.net\/wp-content\/uploads\/2022\/05\/Logo.png?fit=333%2C129&ssl=1","contentUrl":"https:\/\/i0.wp.com\/infos-droitshumains.net\/wp-content\/uploads\/2022\/05\/Logo.png?fit=333%2C129&ssl=1","width":333,"height":129,"caption":"Infos Droits Humains"},"image":{"@id":"https:\/\/infos-droitshumains.net\/#\/schema\/logo\/image\/"}},{"@type":"Person","@id":"https:\/\/infos-droitshumains.net\/#\/schema\/person\/3dc5e921c3302172e0ed4362f96faab7","name":"Jo\u00ebl Diawa","image":{"@type":"ImageObject","inLanguage":"fr-FR","@id":"https:\/\/secure.gravatar.com\/avatar\/729bea6ff4604c624417803c477363be8e3c7186deaa65713313f9b4b820f41c?s=96&d=mm&r=g","url":"https:\/\/secure.gravatar.com\/avatar\/729bea6ff4604c624417803c477363be8e3c7186deaa65713313f9b4b820f41c?s=96&d=mm&r=g","contentUrl":"https:\/\/secure.gravatar.com\/avatar\/729bea6ff4604c624417803c477363be8e3c7186deaa65713313f9b4b820f41c?s=96&d=mm&r=g","caption":"Jo\u00ebl Diawa"},"sameAs":["https:\/\/www.infos-droitshumains.net"],"url":"https:\/\/infos-droitshumains.net\/?author=2"}]}},"featured_image_urls":{"full":["https:\/\/i0.wp.com\/infos-droitshumains.net\/wp-content\/uploads\/2024\/09\/IMG-20240915-WA0044.jpg?fit=2560%2C1708&ssl=1",2560,1708,false],"thumbnail":["https:\/\/i0.wp.com\/infos-droitshumains.net\/wp-content\/uploads\/2024\/09\/IMG-20240915-WA0044.jpg?resize=150%2C150&ssl=1",150,150,true],"medium":["https:\/\/i0.wp.com\/infos-droitshumains.net\/wp-content\/uploads\/2024\/09\/IMG-20240915-WA0044.jpg?fit=300%2C200&ssl=1",300,200,true],"medium_large":["https:\/\/i0.wp.com\/infos-droitshumains.net\/wp-content\/uploads\/2024\/09\/IMG-20240915-WA0044.jpg?fit=640%2C427&ssl=1",640,427,true],"large":["https:\/\/i0.wp.com\/infos-droitshumains.net\/wp-content\/uploads\/2024\/09\/IMG-20240915-WA0044.jpg?fit=640%2C427&ssl=1",640,427,true],"1536x1536":["https:\/\/i0.wp.com\/infos-droitshumains.net\/wp-content\/uploads\/2024\/09\/IMG-20240915-WA0044.jpg?fit=1536%2C1025&ssl=1",1536,1025,true],"2048x2048":["https:\/\/i0.wp.com\/infos-droitshumains.net\/wp-content\/uploads\/2024\/09\/IMG-20240915-WA0044.jpg?fit=2048%2C1366&ssl=1",2048,1366,true],"covernews-slider-full":["https:\/\/i0.wp.com\/infos-droitshumains.net\/wp-content\/uploads\/2024\/09\/IMG-20240915-WA0044.jpg?resize=1115%2C715&ssl=1",1115,715,true],"covernews-slider-center":["https:\/\/i0.wp.com\/infos-droitshumains.net\/wp-content\/uploads\/2024\/09\/IMG-20240915-WA0044.jpg?resize=800%2C500&ssl=1",800,500,true],"covernews-featured":["https:\/\/i0.wp.com\/infos-droitshumains.net\/wp-content\/uploads\/2024\/09\/IMG-20240915-WA0044.jpg?fit=1024%2C683&ssl=1",1024,683,true],"covernews-medium":["https:\/\/i0.wp.com\/infos-droitshumains.net\/wp-content\/uploads\/2024\/09\/IMG-20240915-WA0044.jpg?resize=540%2C340&ssl=1",540,340,true],"covernews-medium-square":["https:\/\/i0.wp.com\/infos-droitshumains.net\/wp-content\/uploads\/2024\/09\/IMG-20240915-WA0044.jpg?resize=400%2C250&ssl=1",400,250,true]},"author_info":{"display_name":"Jo\u00ebl Diawa","author_link":"https:\/\/infos-droitshumains.net\/?author=2"},"category_info":"<a href=\"https:\/\/infos-droitshumains.net\/?cat=3\" rel=\"category\">Politique<\/a>","tag_info":"Politique","comment_count":"0","jetpack_featured_media_url":"https:\/\/i0.wp.com\/infos-droitshumains.net\/wp-content\/uploads\/2024\/09\/IMG-20240915-WA0044.jpg?fit=2560%2C1708&ssl=1","jetpack-related-posts":[],"jetpack_sharing_enabled":true,"_links":{"self":[{"href":"https:\/\/infos-droitshumains.net\/index.php?rest_route=\/wp\/v2\/posts\/10997","targetHints":{"allow":["GET"]}}],"collection":[{"href":"https:\/\/infos-droitshumains.net\/index.php?rest_route=\/wp\/v2\/posts"}],"about":[{"href":"https:\/\/infos-droitshumains.net\/index.php?rest_route=\/wp\/v2\/types\/post"}],"author":[{"embeddable":true,"href":"https:\/\/infos-droitshumains.net\/index.php?rest_route=\/wp\/v2\/users\/2"}],"replies":[{"embeddable":true,"href":"https:\/\/infos-droitshumains.net\/index.php?rest_route=%2Fwp%2Fv2%2Fcomments&post=10997"}],"version-history":[{"count":3,"href":"https:\/\/infos-droitshumains.net\/index.php?rest_route=\/wp\/v2\/posts\/10997\/revisions"}],"predecessor-version":[{"id":11005,"href":"https:\/\/infos-droitshumains.net\/index.php?rest_route=\/wp\/v2\/posts\/10997\/revisions\/11005"}],"wp:featuredmedia":[{"embeddable":true,"href":"https:\/\/infos-droitshumains.net\/index.php?rest_route=\/wp\/v2\/media\/10999"}],"wp:attachment":[{"href":"https:\/\/infos-droitshumains.net\/index.php?rest_route=%2Fwp%2Fv2%2Fmedia&parent=10997"}],"wp:term":[{"taxonomy":"category","embeddable":true,"href":"https:\/\/infos-droitshumains.net\/index.php?rest_route=%2Fwp%2Fv2%2Fcategories&post=10997"},{"taxonomy":"post_tag","embeddable":true,"href":"https:\/\/infos-droitshumains.net\/index.php?rest_route=%2Fwp%2Fv2%2Ftags&post=10997"}],"curies":[{"name":"wp","href":"https:\/\/api.w.org\/{rel}","templated":true}]}}