{"id":10953,"date":"2024-09-14T21:05:53","date_gmt":"2024-09-14T19:05:53","guid":{"rendered":"https:\/\/infos-droitshumains.net\/?p=10953"},"modified":"2024-09-14T21:20:18","modified_gmt":"2024-09-14T19:20:18","slug":"assemblee-nationale-le-bureau-donne-les-dernieres-orientations-aux-president-des-groupes-parlementaires-avant-louverture-de-la-session-de-septembre","status":"publish","type":"post","link":"https:\/\/infos-droitshumains.net\/?p=10953","title":{"rendered":"Assembl\u00e9e Nationale : Le bureau donne les derni\u00e8res orientations aux pr\u00e9sidents des groupes parlementaires avant l\u2019ouverture de la session de Septembre"},"content":{"rendered":"\n<p><strong>R\u00e9daction: +243 817 406 088<\/strong><\/p>\n\n\n\n<h3 class=\"wp-block-heading has-vivid-red-color has-text-color has-link-color wp-elements-affe96a0100b9490bd42ea22c187aaf5\">La rentr\u00e9e parlementaire est confirm\u00e9e pour ce lundi 16 septembre 2024 dans les deux chambres. Le Pr\u00e9sident de l&rsquo;Assembl\u00e9e Nationale Vital Kamerhe tient \u00e0 la r\u00e9ussite de cette session essentiellement budg\u00e9taire. C&rsquo;est dans ce cadre qu&rsquo;il a initi\u00e9 une s\u00e9rie de consultations avec les parties prenantes. Apr\u00e8s les membres du Bureau de la chambre basse du Parlement, Vital Kamerhe a \u00e9chang\u00e9 ce samedi 14 septembre avec les Pr\u00e9sidents de tous les groupes parlementaires.<\/h3>\n\n\n\n<figure class=\"wp-block-image size-large\"><img data-recalc-dims=\"1\" fetchpriority=\"high\" decoding=\"async\" width=\"640\" height=\"427\" src=\"https:\/\/i0.wp.com\/infos-droitshumains.net\/wp-content\/uploads\/2024\/09\/IMG-20240914-WA0059.jpg?resize=640%2C427&#038;ssl=1\" alt=\"\" class=\"wp-image-10958\" srcset=\"https:\/\/i0.wp.com\/infos-droitshumains.net\/wp-content\/uploads\/2024\/09\/IMG-20240914-WA0059.jpg?resize=1024%2C683&amp;ssl=1 1024w, https:\/\/i0.wp.com\/infos-droitshumains.net\/wp-content\/uploads\/2024\/09\/IMG-20240914-WA0059.jpg?resize=300%2C200&amp;ssl=1 300w, https:\/\/i0.wp.com\/infos-droitshumains.net\/wp-content\/uploads\/2024\/09\/IMG-20240914-WA0059.jpg?resize=768%2C512&amp;ssl=1 768w, https:\/\/i0.wp.com\/infos-droitshumains.net\/wp-content\/uploads\/2024\/09\/IMG-20240914-WA0059.jpg?resize=1536%2C1025&amp;ssl=1 1536w, https:\/\/i0.wp.com\/infos-droitshumains.net\/wp-content\/uploads\/2024\/09\/IMG-20240914-WA0059.jpg?resize=2048%2C1366&amp;ssl=1 2048w, https:\/\/i0.wp.com\/infos-droitshumains.net\/wp-content\/uploads\/2024\/09\/IMG-20240914-WA0059.jpg?w=1280&amp;ssl=1 1280w, https:\/\/i0.wp.com\/infos-droitshumains.net\/wp-content\/uploads\/2024\/09\/IMG-20240914-WA0059.jpg?w=1920&amp;ssl=1 1920w\" sizes=\"(max-width: 640px) 100vw, 640px\" \/><\/figure>\n\n\n\n<p>Plusieurs questions ont \u00e9t\u00e9 abord\u00e9es lors de cette r\u00e9union notamment, celle relative \u00e0 la mise en place des commissions parlementaires.<\/p>\n\n\n\n<p><em>\u00ab Il \u00e9tait important que le Pr\u00e9sident, apr\u00e8s la r\u00e9union du bureau qui a eu lieu vendredi, puisse communiquer aux Pr\u00e9sidents des groupes parlementaires qui, \u00e0 leur tour, g\u00e8rent l&rsquo;ensemble des d\u00e9put\u00e9s, les dispositions qui sont prises, d&rsquo;abord pour la s\u00e9ance inaugurale qui aura lieu le lundi 16 septembre \u00bb<\/em>, a fait savoir Jacques Djoli, rapporteur de l\u2019Assembl\u00e9e Nationale selon qui, <em>\u00ab le Pr\u00e9sident de l\u2019Assembl\u00e9e Nationale a annonc\u00e9 au pr\u00e9sidium \u00e9galement l\u2019arriv\u00e9e du Pr\u00e9sident de l\u2019Assembl\u00e9e Nationale de la C\u00f4te d\u2019Ivoire Bitogo Adama qui va honorer de sa pr\u00e9sence, la session inaugurale de lundi.\u00bb<\/em><\/p>\n\n\n\n<figure class=\"wp-block-image alignfull size-large\"><img data-recalc-dims=\"1\" decoding=\"async\" width=\"640\" height=\"428\" src=\"https:\/\/i0.wp.com\/infos-droitshumains.net\/wp-content\/uploads\/2024\/09\/IMG-20240914-WA0066.jpg?resize=640%2C428&#038;ssl=1\" alt=\"\" class=\"wp-image-10962\" srcset=\"https:\/\/i0.wp.com\/infos-droitshumains.net\/wp-content\/uploads\/2024\/09\/IMG-20240914-WA0066.jpg?resize=1024%2C684&amp;ssl=1 1024w, https:\/\/i0.wp.com\/infos-droitshumains.net\/wp-content\/uploads\/2024\/09\/IMG-20240914-WA0066.jpg?resize=300%2C200&amp;ssl=1 300w, https:\/\/i0.wp.com\/infos-droitshumains.net\/wp-content\/uploads\/2024\/09\/IMG-20240914-WA0066.jpg?resize=768%2C513&amp;ssl=1 768w, https:\/\/i0.wp.com\/infos-droitshumains.net\/wp-content\/uploads\/2024\/09\/IMG-20240914-WA0066.jpg?resize=1536%2C1025&amp;ssl=1 1536w, https:\/\/i0.wp.com\/infos-droitshumains.net\/wp-content\/uploads\/2024\/09\/IMG-20240914-WA0066.jpg?resize=2048%2C1367&amp;ssl=1 2048w, https:\/\/i0.wp.com\/infos-droitshumains.net\/wp-content\/uploads\/2024\/09\/IMG-20240914-WA0066.jpg?w=1280&amp;ssl=1 1280w, https:\/\/i0.wp.com\/infos-droitshumains.net\/wp-content\/uploads\/2024\/09\/IMG-20240914-WA0066.jpg?w=1920&amp;ssl=1 1920w\" sizes=\"(max-width: 640px) 100vw, 640px\" \/><\/figure>\n\n\n\n<p>Le Pr\u00e9sident Kamerhe a aussi communiqu\u00e9 les dispositions prises en rapport avec l&rsquo;organisation mat\u00e9rielle de la reprise des travaux parlementaires dont la constitution des commissions permanentes et du comit\u00e9 des sages. Il a cependant, donn\u00e9 des orientations sur la diplomatie parlementaire tout en demandant aux Pr\u00e9sidents des groupes parlementaires de transmettre au bureau, les noms des d\u00e9put\u00e9s qui vont faire partie des groupes nationaux dans les relations multilat\u00e9rales.<\/p>\n\n\n\n<figure class=\"wp-block-image size-large\"><img data-recalc-dims=\"1\" decoding=\"async\" width=\"640\" height=\"427\" src=\"https:\/\/i0.wp.com\/infos-droitshumains.net\/wp-content\/uploads\/2024\/09\/IMG-20240914-WA0060.jpg?resize=640%2C427&#038;ssl=1\" alt=\"\" class=\"wp-image-10971\" srcset=\"https:\/\/i0.wp.com\/infos-droitshumains.net\/wp-content\/uploads\/2024\/09\/IMG-20240914-WA0060.jpg?resize=1024%2C683&amp;ssl=1 1024w, https:\/\/i0.wp.com\/infos-droitshumains.net\/wp-content\/uploads\/2024\/09\/IMG-20240914-WA0060.jpg?resize=300%2C200&amp;ssl=1 300w, https:\/\/i0.wp.com\/infos-droitshumains.net\/wp-content\/uploads\/2024\/09\/IMG-20240914-WA0060.jpg?resize=768%2C512&amp;ssl=1 768w, https:\/\/i0.wp.com\/infos-droitshumains.net\/wp-content\/uploads\/2024\/09\/IMG-20240914-WA0060.jpg?resize=1536%2C1025&amp;ssl=1 1536w, https:\/\/i0.wp.com\/infos-droitshumains.net\/wp-content\/uploads\/2024\/09\/IMG-20240914-WA0060.jpg?resize=2048%2C1366&amp;ssl=1 2048w, https:\/\/i0.wp.com\/infos-droitshumains.net\/wp-content\/uploads\/2024\/09\/IMG-20240914-WA0060.jpg?w=1280&amp;ssl=1 1280w, https:\/\/i0.wp.com\/infos-droitshumains.net\/wp-content\/uploads\/2024\/09\/IMG-20240914-WA0060.jpg?w=1920&amp;ssl=1 1920w\" sizes=\"(max-width: 640px) 100vw, 640px\" \/><\/figure>\n\n\n\n<p>Il a souhait\u00e9 en outre que le contenu du travail parlementaire qui va reprendre ce lundi 16 septembre puisse prendre en compte les questions essentielles de la vie des congolais.<\/p>\n\n\n\n<p>Sur ce, le speaker de la chambre basse du parlement souhaite que la production l\u00e9gislative soit concentrer notamment sur <em>\u00ab la question de la s\u00e9curit\u00e9 \u00e0 l&rsquo;Est, la question de la reconstruction nationale \u00e0 travers le programme de d\u00e9veloppement local de 145 territoires, avec les infrastructures, la question de l&rsquo;exploitation des ressources naturelles qui doit profiter au peuple, la question de l&rsquo;\u00e9valuation du Grand projet du chef de l&rsquo;Etat sur la gratuit\u00e9 de l&rsquo;enseignement de base, la question de l&rsquo;\u00e9valuation du projet du chef de l&rsquo;\u00c9tat sur la gratuit\u00e9 de la maternit\u00e9 et la couverture sant\u00e9 universelle et d&rsquo;autres questions qui doivent attirer l&rsquo;attention des honorables d\u00e9put\u00e9s \u00bb <\/em>, a rench\u00e9ri le professeur Djoli.<\/p>\n\n\n\n<figure class=\"wp-block-image alignfull size-large\"><img data-recalc-dims=\"1\" loading=\"lazy\" decoding=\"async\" width=\"640\" height=\"427\" src=\"https:\/\/i0.wp.com\/infos-droitshumains.net\/wp-content\/uploads\/2024\/09\/IMG-20240914-WA0070.jpg?resize=640%2C427&#038;ssl=1\" alt=\"\" class=\"wp-image-10978\" srcset=\"https:\/\/i0.wp.com\/infos-droitshumains.net\/wp-content\/uploads\/2024\/09\/IMG-20240914-WA0070.jpg?resize=1024%2C683&amp;ssl=1 1024w, https:\/\/i0.wp.com\/infos-droitshumains.net\/wp-content\/uploads\/2024\/09\/IMG-20240914-WA0070.jpg?resize=300%2C200&amp;ssl=1 300w, https:\/\/i0.wp.com\/infos-droitshumains.net\/wp-content\/uploads\/2024\/09\/IMG-20240914-WA0070.jpg?resize=768%2C512&amp;ssl=1 768w, https:\/\/i0.wp.com\/infos-droitshumains.net\/wp-content\/uploads\/2024\/09\/IMG-20240914-WA0070.jpg?resize=1536%2C1025&amp;ssl=1 1536w, https:\/\/i0.wp.com\/infos-droitshumains.net\/wp-content\/uploads\/2024\/09\/IMG-20240914-WA0070.jpg?resize=2048%2C1366&amp;ssl=1 2048w, https:\/\/i0.wp.com\/infos-droitshumains.net\/wp-content\/uploads\/2024\/09\/IMG-20240914-WA0070.jpg?w=1280&amp;ssl=1 1280w, https:\/\/i0.wp.com\/infos-droitshumains.net\/wp-content\/uploads\/2024\/09\/IMG-20240914-WA0070.jpg?w=1920&amp;ssl=1 1920w\" sizes=\"(max-width: 640px) 100vw, 640px\" \/><\/figure>\n\n\n\n<p>Concernant le contr\u00f4le parlementaire, Vital Kamerhe s&rsquo;est en outre, f\u00e9licit\u00e9 du travail abattu par les D\u00e9put\u00e9s Nationaux lors des vacances parlementaires, \u00e0 travers notamment des questions \u00e9crites qui peuvent se transformer \u00e9ventuellement en questions orales, voire des interpr\u00e9tations pour s&rsquo;assurer de la bonne gestion de la chose publique.<\/p>\n\n\n\n<p>Pour ce faire, il a \u00e9t\u00e9 indiqu\u00e9 que que durant cette session le rapport de la Commission Nationale des Droits de l&rsquo;Homme, la Commission \u00c9lectorale Nationale Ind\u00e9pendante seront aussi examin\u00e9s et il a \u00e9t\u00e9 d\u00e9cid\u00e9 que le processus \u00e9lectoral devait continuer jusqu&rsquo;au bout <em>\u00ab avec des \u00e9lections qui n&rsquo;ont pas eu lieu notamment \u00e0 Masimanimba et Yakoma. \u00bb<\/em><\/p>\n\n\n\n<p><em>\u00ab Il y a aussi le rapport de la cour des comptes qui doit faire l&rsquo;objet d&rsquo;examen. Sans oublier les deux questions essentielles et fondamentales inscrites \u00e0 l&rsquo;ordre du jour, \u00e0 savoir: le projet de loi des finances exercice 2025 et le projet de loi portant reddition des comptes 2024\u00bb<\/em>, a par ailleurs indiqu\u00e9 le rapport de l\u2019Assembl\u00e9e Nationale.<\/p>\n\n\n\n<p>Concernant les deux projets de lois pr\u00e9cit\u00e9s, la Premi\u00e8re Ministre Judith Suminua, qui a \u00e9t\u00e9 re\u00e7ue mardi 10 septembre, par le Pr\u00e9sident de l&rsquo;Assembl\u00e9e Nationale Vital Kamerhe, avait promis de d\u00e9poser ces textes dans les d\u00e9lais constitutionnels.<\/p>\n\n\n\n<p>Jo\u00ebl Diawa<\/p>\n","protected":false},"excerpt":{"rendered":"<p>R\u00e9daction: +243 817 406 088 La rentr\u00e9e parlementaire est confirm\u00e9e pour ce lundi 16 septembre&#8230;<\/p>\n","protected":false},"author":2,"featured_media":10955,"comment_status":"open","ping_status":"open","sticky":false,"template":"","format":"standard","meta":{"_jetpack_memberships_contains_paid_content":false,"footnotes":""},"categories":[3],"tags":[],"class_list":["post-10953","post","type-post","status-publish","format-standard","has-post-thumbnail","hentry","category-politique"],"yoast_head":"<!-- This site is optimized with the Yoast SEO plugin v27.5 - https:\/\/yoast.com\/product\/yoast-seo-wordpress\/ -->\n<title>Assembl\u00e9e Nationale : Le bureau donne les derni\u00e8res orientations aux pr\u00e9sidents des groupes parlementaires avant l\u2019ouverture de la session de Septembre - Infos Droits Humains<\/title>\n<meta name=\"robots\" content=\"index, follow, max-snippet:-1, max-image-preview:large, max-video-preview:-1\" \/>\n<link rel=\"canonical\" href=\"https:\/\/infos-droitshumains.net\/?p=10953\" \/>\n<meta property=\"og:locale\" content=\"fr_FR\" \/>\n<meta property=\"og:type\" content=\"article\" \/>\n<meta property=\"og:title\" content=\"Assembl\u00e9e Nationale : Le bureau donne les derni\u00e8res orientations aux pr\u00e9sidents des groupes parlementaires avant l\u2019ouverture de la session de Septembre - Infos Droits Humains\" \/>\n<meta property=\"og:description\" content=\"R\u00e9daction: +243 817 406 088 La rentr\u00e9e parlementaire est confirm\u00e9e pour ce lundi 16 septembre...\" \/>\n<meta property=\"og:url\" content=\"https:\/\/infos-droitshumains.net\/?p=10953\" \/>\n<meta property=\"og:site_name\" content=\"Infos Droits Humains\" \/>\n<meta property=\"article:published_time\" content=\"2024-09-14T19:05:53+00:00\" \/>\n<meta property=\"article:modified_time\" content=\"2024-09-14T19:20:18+00:00\" \/>\n<meta property=\"og:image\" content=\"https:\/\/infos-droitshumains.net\/wp-content\/uploads\/2024\/09\/IMG-20240914-WA0064.jpg\" \/>\n\t<meta property=\"og:image:width\" content=\"2560\" \/>\n\t<meta property=\"og:image:height\" content=\"1708\" \/>\n\t<meta property=\"og:image:type\" content=\"image\/jpeg\" \/>\n<meta name=\"author\" content=\"Jo\u00ebl Diawa\" \/>\n<meta name=\"twitter:card\" content=\"summary_large_image\" \/>\n<meta name=\"twitter:label1\" content=\"\u00c9crit par\" \/>\n\t<meta name=\"twitter:data1\" content=\"Jo\u00ebl Diawa\" \/>\n\t<meta name=\"twitter:label2\" content=\"Dur\u00e9e de lecture estim\u00e9e\" \/>\n\t<meta name=\"twitter:data2\" content=\"5 minutes\" \/>\n<script type=\"application\/ld+json\" class=\"yoast-schema-graph\">{\"@context\":\"https:\\\/\\\/schema.org\",\"@graph\":[{\"@type\":\"Article\",\"@id\":\"https:\\\/\\\/infos-droitshumains.net\\\/?p=10953#article\",\"isPartOf\":{\"@id\":\"https:\\\/\\\/infos-droitshumains.net\\\/?p=10953\"},\"author\":{\"name\":\"Jo\u00ebl Diawa\",\"@id\":\"https:\\\/\\\/infos-droitshumains.net\\\/#\\\/schema\\\/person\\\/3dc5e921c3302172e0ed4362f96faab7\"},\"headline\":\"Assembl\u00e9e Nationale : Le bureau donne les derni\u00e8res orientations aux pr\u00e9sidents des groupes parlementaires avant l\u2019ouverture de la session de Septembre\",\"datePublished\":\"2024-09-14T19:05:53+00:00\",\"dateModified\":\"2024-09-14T19:20:18+00:00\",\"mainEntityOfPage\":{\"@id\":\"https:\\\/\\\/infos-droitshumains.net\\\/?p=10953\"},\"wordCount\":670,\"commentCount\":0,\"publisher\":{\"@id\":\"https:\\\/\\\/infos-droitshumains.net\\\/#organization\"},\"image\":{\"@id\":\"https:\\\/\\\/infos-droitshumains.net\\\/?p=10953#primaryimage\"},\"thumbnailUrl\":\"https:\\\/\\\/i0.wp.com\\\/infos-droitshumains.net\\\/wp-content\\\/uploads\\\/2024\\\/09\\\/IMG-20240914-WA0064.jpg?fit=2560%2C1708&ssl=1\",\"articleSection\":[\"Politique\"],\"inLanguage\":\"fr-FR\",\"potentialAction\":[{\"@type\":\"CommentAction\",\"name\":\"Comment\",\"target\":[\"https:\\\/\\\/infos-droitshumains.net\\\/?p=10953#respond\"]}]},{\"@type\":\"WebPage\",\"@id\":\"https:\\\/\\\/infos-droitshumains.net\\\/?p=10953\",\"url\":\"https:\\\/\\\/infos-droitshumains.net\\\/?p=10953\",\"name\":\"Assembl\u00e9e Nationale : Le bureau donne les derni\u00e8res orientations aux pr\u00e9sidents des groupes parlementaires avant l\u2019ouverture de la session de Septembre - Infos Droits Humains\",\"isPartOf\":{\"@id\":\"https:\\\/\\\/infos-droitshumains.net\\\/#website\"},\"primaryImageOfPage\":{\"@id\":\"https:\\\/\\\/infos-droitshumains.net\\\/?p=10953#primaryimage\"},\"image\":{\"@id\":\"https:\\\/\\\/infos-droitshumains.net\\\/?p=10953#primaryimage\"},\"thumbnailUrl\":\"https:\\\/\\\/i0.wp.com\\\/infos-droitshumains.net\\\/wp-content\\\/uploads\\\/2024\\\/09\\\/IMG-20240914-WA0064.jpg?fit=2560%2C1708&ssl=1\",\"datePublished\":\"2024-09-14T19:05:53+00:00\",\"dateModified\":\"2024-09-14T19:20:18+00:00\",\"breadcrumb\":{\"@id\":\"https:\\\/\\\/infos-droitshumains.net\\\/?p=10953#breadcrumb\"},\"inLanguage\":\"fr-FR\",\"potentialAction\":[{\"@type\":\"ReadAction\",\"target\":[\"https:\\\/\\\/infos-droitshumains.net\\\/?p=10953\"]}]},{\"@type\":\"ImageObject\",\"inLanguage\":\"fr-FR\",\"@id\":\"https:\\\/\\\/infos-droitshumains.net\\\/?p=10953#primaryimage\",\"url\":\"https:\\\/\\\/i0.wp.com\\\/infos-droitshumains.net\\\/wp-content\\\/uploads\\\/2024\\\/09\\\/IMG-20240914-WA0064.jpg?fit=2560%2C1708&ssl=1\",\"contentUrl\":\"https:\\\/\\\/i0.wp.com\\\/infos-droitshumains.net\\\/wp-content\\\/uploads\\\/2024\\\/09\\\/IMG-20240914-WA0064.jpg?fit=2560%2C1708&ssl=1\",\"width\":2560,\"height\":1708},{\"@type\":\"BreadcrumbList\",\"@id\":\"https:\\\/\\\/infos-droitshumains.net\\\/?p=10953#breadcrumb\",\"itemListElement\":[{\"@type\":\"ListItem\",\"position\":1,\"name\":\"Accueil\",\"item\":\"https:\\\/\\\/infos-droitshumains.net\\\/\"},{\"@type\":\"ListItem\",\"position\":2,\"name\":\"Assembl\u00e9e Nationale : Le bureau donne les derni\u00e8res orientations aux pr\u00e9sidents des groupes parlementaires avant l\u2019ouverture de la session de Septembre\"}]},{\"@type\":\"WebSite\",\"@id\":\"https:\\\/\\\/infos-droitshumains.net\\\/#website\",\"url\":\"https:\\\/\\\/infos-droitshumains.net\\\/\",\"name\":\"Infos Droits Humains\",\"description\":\"S&#039;informer est un droit\",\"publisher\":{\"@id\":\"https:\\\/\\\/infos-droitshumains.net\\\/#organization\"},\"potentialAction\":[{\"@type\":\"SearchAction\",\"target\":{\"@type\":\"EntryPoint\",\"urlTemplate\":\"https:\\\/\\\/infos-droitshumains.net\\\/?s={search_term_string}\"},\"query-input\":{\"@type\":\"PropertyValueSpecification\",\"valueRequired\":true,\"valueName\":\"search_term_string\"}}],\"inLanguage\":\"fr-FR\"},{\"@type\":\"Organization\",\"@id\":\"https:\\\/\\\/infos-droitshumains.net\\\/#organization\",\"name\":\"Infos Droits Humains\",\"url\":\"https:\\\/\\\/infos-droitshumains.net\\\/\",\"logo\":{\"@type\":\"ImageObject\",\"inLanguage\":\"fr-FR\",\"@id\":\"https:\\\/\\\/infos-droitshumains.net\\\/#\\\/schema\\\/logo\\\/image\\\/\",\"url\":\"https:\\\/\\\/i0.wp.com\\\/infos-droitshumains.net\\\/wp-content\\\/uploads\\\/2022\\\/05\\\/Logo.png?fit=333%2C129&ssl=1\",\"contentUrl\":\"https:\\\/\\\/i0.wp.com\\\/infos-droitshumains.net\\\/wp-content\\\/uploads\\\/2022\\\/05\\\/Logo.png?fit=333%2C129&ssl=1\",\"width\":333,\"height\":129,\"caption\":\"Infos Droits Humains\"},\"image\":{\"@id\":\"https:\\\/\\\/infos-droitshumains.net\\\/#\\\/schema\\\/logo\\\/image\\\/\"}},{\"@type\":\"Person\",\"@id\":\"https:\\\/\\\/infos-droitshumains.net\\\/#\\\/schema\\\/person\\\/3dc5e921c3302172e0ed4362f96faab7\",\"name\":\"Jo\u00ebl Diawa\",\"image\":{\"@type\":\"ImageObject\",\"inLanguage\":\"fr-FR\",\"@id\":\"https:\\\/\\\/secure.gravatar.com\\\/avatar\\\/729bea6ff4604c624417803c477363be8e3c7186deaa65713313f9b4b820f41c?s=96&d=mm&r=g\",\"url\":\"https:\\\/\\\/secure.gravatar.com\\\/avatar\\\/729bea6ff4604c624417803c477363be8e3c7186deaa65713313f9b4b820f41c?s=96&d=mm&r=g\",\"contentUrl\":\"https:\\\/\\\/secure.gravatar.com\\\/avatar\\\/729bea6ff4604c624417803c477363be8e3c7186deaa65713313f9b4b820f41c?s=96&d=mm&r=g\",\"caption\":\"Jo\u00ebl Diawa\"},\"sameAs\":[\"https:\\\/\\\/www.infos-droitshumains.net\"],\"url\":\"https:\\\/\\\/infos-droitshumains.net\\\/?author=2\"}]}<\/script>\n<!-- \/ Yoast SEO plugin. -->","yoast_head_json":{"title":"Assembl\u00e9e Nationale : Le bureau donne les derni\u00e8res orientations aux pr\u00e9sidents des groupes parlementaires avant l\u2019ouverture de la session de Septembre - Infos Droits Humains","robots":{"index":"index","follow":"follow","max-snippet":"max-snippet:-1","max-image-preview":"max-image-preview:large","max-video-preview":"max-video-preview:-1"},"canonical":"https:\/\/infos-droitshumains.net\/?p=10953","og_locale":"fr_FR","og_type":"article","og_title":"Assembl\u00e9e Nationale : Le bureau donne les derni\u00e8res orientations aux pr\u00e9sidents des groupes parlementaires avant l\u2019ouverture de la session de Septembre - Infos Droits Humains","og_description":"R\u00e9daction: +243 817 406 088 La rentr\u00e9e parlementaire est confirm\u00e9e pour ce lundi 16 septembre...","og_url":"https:\/\/infos-droitshumains.net\/?p=10953","og_site_name":"Infos Droits Humains","article_published_time":"2024-09-14T19:05:53+00:00","article_modified_time":"2024-09-14T19:20:18+00:00","og_image":[{"width":2560,"height":1708,"url":"https:\/\/infos-droitshumains.net\/wp-content\/uploads\/2024\/09\/IMG-20240914-WA0064.jpg","type":"image\/jpeg"}],"author":"Jo\u00ebl Diawa","twitter_card":"summary_large_image","twitter_misc":{"\u00c9crit par":"Jo\u00ebl Diawa","Dur\u00e9e de lecture estim\u00e9e":"5 minutes"},"schema":{"@context":"https:\/\/schema.org","@graph":[{"@type":"Article","@id":"https:\/\/infos-droitshumains.net\/?p=10953#article","isPartOf":{"@id":"https:\/\/infos-droitshumains.net\/?p=10953"},"author":{"name":"Jo\u00ebl Diawa","@id":"https:\/\/infos-droitshumains.net\/#\/schema\/person\/3dc5e921c3302172e0ed4362f96faab7"},"headline":"Assembl\u00e9e Nationale : Le bureau donne les derni\u00e8res orientations aux pr\u00e9sidents des groupes parlementaires avant l\u2019ouverture de la session de Septembre","datePublished":"2024-09-14T19:05:53+00:00","dateModified":"2024-09-14T19:20:18+00:00","mainEntityOfPage":{"@id":"https:\/\/infos-droitshumains.net\/?p=10953"},"wordCount":670,"commentCount":0,"publisher":{"@id":"https:\/\/infos-droitshumains.net\/#organization"},"image":{"@id":"https:\/\/infos-droitshumains.net\/?p=10953#primaryimage"},"thumbnailUrl":"https:\/\/i0.wp.com\/infos-droitshumains.net\/wp-content\/uploads\/2024\/09\/IMG-20240914-WA0064.jpg?fit=2560%2C1708&ssl=1","articleSection":["Politique"],"inLanguage":"fr-FR","potentialAction":[{"@type":"CommentAction","name":"Comment","target":["https:\/\/infos-droitshumains.net\/?p=10953#respond"]}]},{"@type":"WebPage","@id":"https:\/\/infos-droitshumains.net\/?p=10953","url":"https:\/\/infos-droitshumains.net\/?p=10953","name":"Assembl\u00e9e Nationale : Le bureau donne les derni\u00e8res orientations aux pr\u00e9sidents des groupes parlementaires avant l\u2019ouverture de la session de Septembre - Infos Droits Humains","isPartOf":{"@id":"https:\/\/infos-droitshumains.net\/#website"},"primaryImageOfPage":{"@id":"https:\/\/infos-droitshumains.net\/?p=10953#primaryimage"},"image":{"@id":"https:\/\/infos-droitshumains.net\/?p=10953#primaryimage"},"thumbnailUrl":"https:\/\/i0.wp.com\/infos-droitshumains.net\/wp-content\/uploads\/2024\/09\/IMG-20240914-WA0064.jpg?fit=2560%2C1708&ssl=1","datePublished":"2024-09-14T19:05:53+00:00","dateModified":"2024-09-14T19:20:18+00:00","breadcrumb":{"@id":"https:\/\/infos-droitshumains.net\/?p=10953#breadcrumb"},"inLanguage":"fr-FR","potentialAction":[{"@type":"ReadAction","target":["https:\/\/infos-droitshumains.net\/?p=10953"]}]},{"@type":"ImageObject","inLanguage":"fr-FR","@id":"https:\/\/infos-droitshumains.net\/?p=10953#primaryimage","url":"https:\/\/i0.wp.com\/infos-droitshumains.net\/wp-content\/uploads\/2024\/09\/IMG-20240914-WA0064.jpg?fit=2560%2C1708&ssl=1","contentUrl":"https:\/\/i0.wp.com\/infos-droitshumains.net\/wp-content\/uploads\/2024\/09\/IMG-20240914-WA0064.jpg?fit=2560%2C1708&ssl=1","width":2560,"height":1708},{"@type":"BreadcrumbList","@id":"https:\/\/infos-droitshumains.net\/?p=10953#breadcrumb","itemListElement":[{"@type":"ListItem","position":1,"name":"Accueil","item":"https:\/\/infos-droitshumains.net\/"},{"@type":"ListItem","position":2,"name":"Assembl\u00e9e Nationale : Le bureau donne les derni\u00e8res orientations aux pr\u00e9sidents des groupes parlementaires avant l\u2019ouverture de la session de Septembre"}]},{"@type":"WebSite","@id":"https:\/\/infos-droitshumains.net\/#website","url":"https:\/\/infos-droitshumains.net\/","name":"Infos Droits Humains","description":"S&#039;informer est un droit","publisher":{"@id":"https:\/\/infos-droitshumains.net\/#organization"},"potentialAction":[{"@type":"SearchAction","target":{"@type":"EntryPoint","urlTemplate":"https:\/\/infos-droitshumains.net\/?s={search_term_string}"},"query-input":{"@type":"PropertyValueSpecification","valueRequired":true,"valueName":"search_term_string"}}],"inLanguage":"fr-FR"},{"@type":"Organization","@id":"https:\/\/infos-droitshumains.net\/#organization","name":"Infos Droits Humains","url":"https:\/\/infos-droitshumains.net\/","logo":{"@type":"ImageObject","inLanguage":"fr-FR","@id":"https:\/\/infos-droitshumains.net\/#\/schema\/logo\/image\/","url":"https:\/\/i0.wp.com\/infos-droitshumains.net\/wp-content\/uploads\/2022\/05\/Logo.png?fit=333%2C129&ssl=1","contentUrl":"https:\/\/i0.wp.com\/infos-droitshumains.net\/wp-content\/uploads\/2022\/05\/Logo.png?fit=333%2C129&ssl=1","width":333,"height":129,"caption":"Infos Droits Humains"},"image":{"@id":"https:\/\/infos-droitshumains.net\/#\/schema\/logo\/image\/"}},{"@type":"Person","@id":"https:\/\/infos-droitshumains.net\/#\/schema\/person\/3dc5e921c3302172e0ed4362f96faab7","name":"Jo\u00ebl Diawa","image":{"@type":"ImageObject","inLanguage":"fr-FR","@id":"https:\/\/secure.gravatar.com\/avatar\/729bea6ff4604c624417803c477363be8e3c7186deaa65713313f9b4b820f41c?s=96&d=mm&r=g","url":"https:\/\/secure.gravatar.com\/avatar\/729bea6ff4604c624417803c477363be8e3c7186deaa65713313f9b4b820f41c?s=96&d=mm&r=g","contentUrl":"https:\/\/secure.gravatar.com\/avatar\/729bea6ff4604c624417803c477363be8e3c7186deaa65713313f9b4b820f41c?s=96&d=mm&r=g","caption":"Jo\u00ebl Diawa"},"sameAs":["https:\/\/www.infos-droitshumains.net"],"url":"https:\/\/infos-droitshumains.net\/?author=2"}]}},"featured_image_urls":{"full":["https:\/\/i0.wp.com\/infos-droitshumains.net\/wp-content\/uploads\/2024\/09\/IMG-20240914-WA0064.jpg?fit=2560%2C1708&ssl=1",2560,1708,false],"thumbnail":["https:\/\/i0.wp.com\/infos-droitshumains.net\/wp-content\/uploads\/2024\/09\/IMG-20240914-WA0064.jpg?resize=150%2C150&ssl=1",150,150,true],"medium":["https:\/\/i0.wp.com\/infos-droitshumains.net\/wp-content\/uploads\/2024\/09\/IMG-20240914-WA0064.jpg?fit=300%2C200&ssl=1",300,200,true],"medium_large":["https:\/\/i0.wp.com\/infos-droitshumains.net\/wp-content\/uploads\/2024\/09\/IMG-20240914-WA0064.jpg?fit=640%2C427&ssl=1",640,427,true],"large":["https:\/\/i0.wp.com\/infos-droitshumains.net\/wp-content\/uploads\/2024\/09\/IMG-20240914-WA0064.jpg?fit=640%2C427&ssl=1",640,427,true],"1536x1536":["https:\/\/i0.wp.com\/infos-droitshumains.net\/wp-content\/uploads\/2024\/09\/IMG-20240914-WA0064.jpg?fit=1536%2C1025&ssl=1",1536,1025,true],"2048x2048":["https:\/\/i0.wp.com\/infos-droitshumains.net\/wp-content\/uploads\/2024\/09\/IMG-20240914-WA0064.jpg?fit=2048%2C1366&ssl=1",2048,1366,true],"covernews-slider-full":["https:\/\/i0.wp.com\/infos-droitshumains.net\/wp-content\/uploads\/2024\/09\/IMG-20240914-WA0064.jpg?resize=1115%2C715&ssl=1",1115,715,true],"covernews-slider-center":["https:\/\/i0.wp.com\/infos-droitshumains.net\/wp-content\/uploads\/2024\/09\/IMG-20240914-WA0064.jpg?resize=800%2C500&ssl=1",800,500,true],"covernews-featured":["https:\/\/i0.wp.com\/infos-droitshumains.net\/wp-content\/uploads\/2024\/09\/IMG-20240914-WA0064.jpg?fit=1024%2C683&ssl=1",1024,683,true],"covernews-medium":["https:\/\/i0.wp.com\/infos-droitshumains.net\/wp-content\/uploads\/2024\/09\/IMG-20240914-WA0064.jpg?resize=540%2C340&ssl=1",540,340,true],"covernews-medium-square":["https:\/\/i0.wp.com\/infos-droitshumains.net\/wp-content\/uploads\/2024\/09\/IMG-20240914-WA0064.jpg?resize=400%2C250&ssl=1",400,250,true]},"author_info":{"display_name":"Jo\u00ebl Diawa","author_link":"https:\/\/infos-droitshumains.net\/?author=2"},"category_info":"<a href=\"https:\/\/infos-droitshumains.net\/?cat=3\" rel=\"category\">Politique<\/a>","tag_info":"Politique","comment_count":"0","jetpack_featured_media_url":"https:\/\/i0.wp.com\/infos-droitshumains.net\/wp-content\/uploads\/2024\/09\/IMG-20240914-WA0064.jpg?fit=2560%2C1708&ssl=1","jetpack-related-posts":[],"jetpack_sharing_enabled":true,"_links":{"self":[{"href":"https:\/\/infos-droitshumains.net\/index.php?rest_route=\/wp\/v2\/posts\/10953","targetHints":{"allow":["GET"]}}],"collection":[{"href":"https:\/\/infos-droitshumains.net\/index.php?rest_route=\/wp\/v2\/posts"}],"about":[{"href":"https:\/\/infos-droitshumains.net\/index.php?rest_route=\/wp\/v2\/types\/post"}],"author":[{"embeddable":true,"href":"https:\/\/infos-droitshumains.net\/index.php?rest_route=\/wp\/v2\/users\/2"}],"replies":[{"embeddable":true,"href":"https:\/\/infos-droitshumains.net\/index.php?rest_route=%2Fwp%2Fv2%2Fcomments&post=10953"}],"version-history":[{"count":16,"href":"https:\/\/infos-droitshumains.net\/index.php?rest_route=\/wp\/v2\/posts\/10953\/revisions"}],"predecessor-version":[{"id":10982,"href":"https:\/\/infos-droitshumains.net\/index.php?rest_route=\/wp\/v2\/posts\/10953\/revisions\/10982"}],"wp:featuredmedia":[{"embeddable":true,"href":"https:\/\/infos-droitshumains.net\/index.php?rest_route=\/wp\/v2\/media\/10955"}],"wp:attachment":[{"href":"https:\/\/infos-droitshumains.net\/index.php?rest_route=%2Fwp%2Fv2%2Fmedia&parent=10953"}],"wp:term":[{"taxonomy":"category","embeddable":true,"href":"https:\/\/infos-droitshumains.net\/index.php?rest_route=%2Fwp%2Fv2%2Fcategories&post=10953"},{"taxonomy":"post_tag","embeddable":true,"href":"https:\/\/infos-droitshumains.net\/index.php?rest_route=%2Fwp%2Fv2%2Ftags&post=10953"}],"curies":[{"name":"wp","href":"https:\/\/api.w.org\/{rel}","templated":true}]}}