{"id":10923,"date":"2024-09-12T11:20:02","date_gmt":"2024-09-12T09:20:02","guid":{"rendered":"https:\/\/infos-droitshumains.net\/?p=10923"},"modified":"2024-09-12T11:25:42","modified_gmt":"2024-09-12T09:25:42","slug":"necessite-dassainir-lespace-mediatique-congolais-bosembe-presente-a-tshisekedi-un-plan-de-regulation-des-medias-traditionnels-et-sociaux","status":"publish","type":"post","link":"https:\/\/infos-droitshumains.net\/?p=10923","title":{"rendered":"N\u00e9cessit\u00e9 d\u2019assainir l\u2019espace m\u00e9diatique congolais : Bosembe pr\u00e9sente \u00e0 Tshisekedi un plan de r\u00e9gulation des m\u00e9dias traditionnels et sociaux"},"content":{"rendered":"\n<p><strong>R\u00e9daction:+243 817 406 088<\/strong><\/p>\n\n\n\n<h3 class=\"wp-block-heading has-vivid-red-color has-text-color has-link-color wp-elements-f8aa82d01fe2df8641d399a479baf6bc\">\u00c0 l\u2019\u00e8re de la prolif\u00e9ration des m\u00e9dias sociaux o\u00f9 le fake news et la d\u00e9sinformation dictent leurs loi dans la soci\u00e9t\u00e9, il s\u2019av\u00e8re n\u00e9cessaire que des mesures coercitives soient prises afin de prot\u00e9ger la soci\u00e9t\u00e9 contre ce fl\u00e9au.<\/h3>\n\n\n\n<p>C\u2019est dans ce cadre que Le Chef de l\u2019\u00c9tat a \u00e9chang\u00e9, ce mercredi avec le Pr\u00e9sident du Conseil Sup\u00e9rieur de l\u2019Audiovisuel et de la Communication, (CSAC). Des \u00e9changes ont tourn\u00e9s essentiellement autour de la n\u00e9cessit\u00e9 de la salubrit\u00e9 m\u00e9diatique en R\u00e9publique d\u00e9mocratique du Congo.<\/p>\n\n\n\n<p>Selon Christian Bosembe, <em>\u00ab la popularisation des r\u00e9seaux sociaux participe de mani\u00e8re inqui\u00e9tante \u00e0 la d\u00e9pravation des m\u0153urs et \u00e0 l\u2019acculturation des Congolais. \u00bb<\/em><\/p>\n\n\n\n<p>Devant cette situation, le Pr\u00e9sident du CSAC a pr\u00e9sent\u00e9 au Chef de l\u2019\u00c9tat F\u00e9lix Tshisekedi un <em>\u00ab plan de r\u00e9gulation des m\u00e9dias traditionnels et sociaux \u00bb<\/em>. Christian Bosembe a expos\u00e9 au Pr\u00e9sident de la R\u00e9publique quelques pistes de solution pour rendre salubre l\u2019environnement m\u00e9diatique congolais.<\/p>\n\n\n\n<p>Merlin Kamalandua<\/p>\n","protected":false},"excerpt":{"rendered":"<p>R\u00e9daction:+243 817 406 088 \u00c0 l\u2019\u00e8re de la prolif\u00e9ration des m\u00e9dias sociaux o\u00f9 le fake&#8230;<\/p>\n","protected":false},"author":2,"featured_media":10925,"comment_status":"open","ping_status":"open","sticky":false,"template":"","format":"standard","meta":{"_jetpack_memberships_contains_paid_content":false,"footnotes":""},"categories":[8],"tags":[],"class_list":["post-10923","post","type-post","status-publish","format-standard","has-post-thumbnail","hentry","category-societe"],"yoast_head":"<!-- This site is optimized with the Yoast SEO plugin v27.5 - https:\/\/yoast.com\/product\/yoast-seo-wordpress\/ -->\n<title>N\u00e9cessit\u00e9 d\u2019assainir l\u2019espace m\u00e9diatique congolais : Bosembe pr\u00e9sente \u00e0 Tshisekedi un plan de r\u00e9gulation des m\u00e9dias traditionnels et sociaux - Infos Droits Humains<\/title>\n<meta name=\"robots\" content=\"index, follow, max-snippet:-1, max-image-preview:large, max-video-preview:-1\" \/>\n<link rel=\"canonical\" href=\"https:\/\/infos-droitshumains.net\/?p=10923\" \/>\n<meta property=\"og:locale\" content=\"fr_FR\" \/>\n<meta property=\"og:type\" content=\"article\" \/>\n<meta property=\"og:title\" content=\"N\u00e9cessit\u00e9 d\u2019assainir l\u2019espace m\u00e9diatique congolais : Bosembe pr\u00e9sente \u00e0 Tshisekedi un plan de r\u00e9gulation des m\u00e9dias traditionnels et sociaux - Infos Droits Humains\" \/>\n<meta property=\"og:description\" content=\"R\u00e9daction:+243 817 406 088 \u00c0 l\u2019\u00e8re de la prolif\u00e9ration des m\u00e9dias sociaux o\u00f9 le fake...\" \/>\n<meta property=\"og:url\" content=\"https:\/\/infos-droitshumains.net\/?p=10923\" \/>\n<meta property=\"og:site_name\" content=\"Infos Droits Humains\" \/>\n<meta property=\"article:published_time\" content=\"2024-09-12T09:20:02+00:00\" \/>\n<meta property=\"article:modified_time\" content=\"2024-09-12T09:25:42+00:00\" \/>\n<meta property=\"og:image\" content=\"https:\/\/infos-droitshumains.net\/wp-content\/uploads\/2024\/09\/IMG-20240912-WA0013_1.jpg\" \/>\n\t<meta property=\"og:image:width\" content=\"720\" \/>\n\t<meta property=\"og:image:height\" content=\"489\" \/>\n\t<meta property=\"og:image:type\" content=\"image\/jpeg\" \/>\n<meta name=\"author\" content=\"Jo\u00ebl Diawa\" \/>\n<meta name=\"twitter:card\" content=\"summary_large_image\" \/>\n<meta name=\"twitter:label1\" content=\"\u00c9crit par\" \/>\n\t<meta name=\"twitter:data1\" content=\"Jo\u00ebl Diawa\" \/>\n\t<meta name=\"twitter:label2\" content=\"Dur\u00e9e de lecture estim\u00e9e\" \/>\n\t<meta name=\"twitter:data2\" content=\"1 minute\" \/>\n<script type=\"application\/ld+json\" class=\"yoast-schema-graph\">{\"@context\":\"https:\\\/\\\/schema.org\",\"@graph\":[{\"@type\":\"Article\",\"@id\":\"https:\\\/\\\/infos-droitshumains.net\\\/?p=10923#article\",\"isPartOf\":{\"@id\":\"https:\\\/\\\/infos-droitshumains.net\\\/?p=10923\"},\"author\":{\"name\":\"Jo\u00ebl Diawa\",\"@id\":\"https:\\\/\\\/infos-droitshumains.net\\\/#\\\/schema\\\/person\\\/3dc5e921c3302172e0ed4362f96faab7\"},\"headline\":\"N\u00e9cessit\u00e9 d\u2019assainir l\u2019espace m\u00e9diatique congolais : Bosembe pr\u00e9sente \u00e0 Tshisekedi un plan de r\u00e9gulation des m\u00e9dias traditionnels et sociaux\",\"datePublished\":\"2024-09-12T09:20:02+00:00\",\"dateModified\":\"2024-09-12T09:25:42+00:00\",\"mainEntityOfPage\":{\"@id\":\"https:\\\/\\\/infos-droitshumains.net\\\/?p=10923\"},\"wordCount\":209,\"commentCount\":0,\"publisher\":{\"@id\":\"https:\\\/\\\/infos-droitshumains.net\\\/#organization\"},\"image\":{\"@id\":\"https:\\\/\\\/infos-droitshumains.net\\\/?p=10923#primaryimage\"},\"thumbnailUrl\":\"https:\\\/\\\/i0.wp.com\\\/infos-droitshumains.net\\\/wp-content\\\/uploads\\\/2024\\\/09\\\/IMG-20240912-WA0013_1.jpg?fit=720%2C489&ssl=1\",\"articleSection\":[\"Soci\u00e9t\u00e9\"],\"inLanguage\":\"fr-FR\",\"potentialAction\":[{\"@type\":\"CommentAction\",\"name\":\"Comment\",\"target\":[\"https:\\\/\\\/infos-droitshumains.net\\\/?p=10923#respond\"]}]},{\"@type\":\"WebPage\",\"@id\":\"https:\\\/\\\/infos-droitshumains.net\\\/?p=10923\",\"url\":\"https:\\\/\\\/infos-droitshumains.net\\\/?p=10923\",\"name\":\"N\u00e9cessit\u00e9 d\u2019assainir l\u2019espace m\u00e9diatique congolais : Bosembe pr\u00e9sente \u00e0 Tshisekedi un plan de r\u00e9gulation des m\u00e9dias traditionnels et sociaux - Infos Droits Humains\",\"isPartOf\":{\"@id\":\"https:\\\/\\\/infos-droitshumains.net\\\/#website\"},\"primaryImageOfPage\":{\"@id\":\"https:\\\/\\\/infos-droitshumains.net\\\/?p=10923#primaryimage\"},\"image\":{\"@id\":\"https:\\\/\\\/infos-droitshumains.net\\\/?p=10923#primaryimage\"},\"thumbnailUrl\":\"https:\\\/\\\/i0.wp.com\\\/infos-droitshumains.net\\\/wp-content\\\/uploads\\\/2024\\\/09\\\/IMG-20240912-WA0013_1.jpg?fit=720%2C489&ssl=1\",\"datePublished\":\"2024-09-12T09:20:02+00:00\",\"dateModified\":\"2024-09-12T09:25:42+00:00\",\"breadcrumb\":{\"@id\":\"https:\\\/\\\/infos-droitshumains.net\\\/?p=10923#breadcrumb\"},\"inLanguage\":\"fr-FR\",\"potentialAction\":[{\"@type\":\"ReadAction\",\"target\":[\"https:\\\/\\\/infos-droitshumains.net\\\/?p=10923\"]}]},{\"@type\":\"ImageObject\",\"inLanguage\":\"fr-FR\",\"@id\":\"https:\\\/\\\/infos-droitshumains.net\\\/?p=10923#primaryimage\",\"url\":\"https:\\\/\\\/i0.wp.com\\\/infos-droitshumains.net\\\/wp-content\\\/uploads\\\/2024\\\/09\\\/IMG-20240912-WA0013_1.jpg?fit=720%2C489&ssl=1\",\"contentUrl\":\"https:\\\/\\\/i0.wp.com\\\/infos-droitshumains.net\\\/wp-content\\\/uploads\\\/2024\\\/09\\\/IMG-20240912-WA0013_1.jpg?fit=720%2C489&ssl=1\",\"width\":720,\"height\":489},{\"@type\":\"BreadcrumbList\",\"@id\":\"https:\\\/\\\/infos-droitshumains.net\\\/?p=10923#breadcrumb\",\"itemListElement\":[{\"@type\":\"ListItem\",\"position\":1,\"name\":\"Accueil\",\"item\":\"https:\\\/\\\/infos-droitshumains.net\\\/\"},{\"@type\":\"ListItem\",\"position\":2,\"name\":\"N\u00e9cessit\u00e9 d\u2019assainir l\u2019espace m\u00e9diatique congolais : Bosembe pr\u00e9sente \u00e0 Tshisekedi un plan de r\u00e9gulation des m\u00e9dias traditionnels et sociaux\"}]},{\"@type\":\"WebSite\",\"@id\":\"https:\\\/\\\/infos-droitshumains.net\\\/#website\",\"url\":\"https:\\\/\\\/infos-droitshumains.net\\\/\",\"name\":\"Infos Droits Humains\",\"description\":\"S&#039;informer est un droit\",\"publisher\":{\"@id\":\"https:\\\/\\\/infos-droitshumains.net\\\/#organization\"},\"potentialAction\":[{\"@type\":\"SearchAction\",\"target\":{\"@type\":\"EntryPoint\",\"urlTemplate\":\"https:\\\/\\\/infos-droitshumains.net\\\/?s={search_term_string}\"},\"query-input\":{\"@type\":\"PropertyValueSpecification\",\"valueRequired\":true,\"valueName\":\"search_term_string\"}}],\"inLanguage\":\"fr-FR\"},{\"@type\":\"Organization\",\"@id\":\"https:\\\/\\\/infos-droitshumains.net\\\/#organization\",\"name\":\"Infos Droits Humains\",\"url\":\"https:\\\/\\\/infos-droitshumains.net\\\/\",\"logo\":{\"@type\":\"ImageObject\",\"inLanguage\":\"fr-FR\",\"@id\":\"https:\\\/\\\/infos-droitshumains.net\\\/#\\\/schema\\\/logo\\\/image\\\/\",\"url\":\"https:\\\/\\\/i0.wp.com\\\/infos-droitshumains.net\\\/wp-content\\\/uploads\\\/2022\\\/05\\\/Logo.png?fit=333%2C129&ssl=1\",\"contentUrl\":\"https:\\\/\\\/i0.wp.com\\\/infos-droitshumains.net\\\/wp-content\\\/uploads\\\/2022\\\/05\\\/Logo.png?fit=333%2C129&ssl=1\",\"width\":333,\"height\":129,\"caption\":\"Infos Droits Humains\"},\"image\":{\"@id\":\"https:\\\/\\\/infos-droitshumains.net\\\/#\\\/schema\\\/logo\\\/image\\\/\"}},{\"@type\":\"Person\",\"@id\":\"https:\\\/\\\/infos-droitshumains.net\\\/#\\\/schema\\\/person\\\/3dc5e921c3302172e0ed4362f96faab7\",\"name\":\"Jo\u00ebl Diawa\",\"image\":{\"@type\":\"ImageObject\",\"inLanguage\":\"fr-FR\",\"@id\":\"https:\\\/\\\/secure.gravatar.com\\\/avatar\\\/729bea6ff4604c624417803c477363be8e3c7186deaa65713313f9b4b820f41c?s=96&d=mm&r=g\",\"url\":\"https:\\\/\\\/secure.gravatar.com\\\/avatar\\\/729bea6ff4604c624417803c477363be8e3c7186deaa65713313f9b4b820f41c?s=96&d=mm&r=g\",\"contentUrl\":\"https:\\\/\\\/secure.gravatar.com\\\/avatar\\\/729bea6ff4604c624417803c477363be8e3c7186deaa65713313f9b4b820f41c?s=96&d=mm&r=g\",\"caption\":\"Jo\u00ebl Diawa\"},\"sameAs\":[\"https:\\\/\\\/www.infos-droitshumains.net\"],\"url\":\"https:\\\/\\\/infos-droitshumains.net\\\/?author=2\"}]}<\/script>\n<!-- \/ Yoast SEO plugin. -->","yoast_head_json":{"title":"N\u00e9cessit\u00e9 d\u2019assainir l\u2019espace m\u00e9diatique congolais : Bosembe pr\u00e9sente \u00e0 Tshisekedi un plan de r\u00e9gulation des m\u00e9dias traditionnels et sociaux - Infos Droits Humains","robots":{"index":"index","follow":"follow","max-snippet":"max-snippet:-1","max-image-preview":"max-image-preview:large","max-video-preview":"max-video-preview:-1"},"canonical":"https:\/\/infos-droitshumains.net\/?p=10923","og_locale":"fr_FR","og_type":"article","og_title":"N\u00e9cessit\u00e9 d\u2019assainir l\u2019espace m\u00e9diatique congolais : Bosembe pr\u00e9sente \u00e0 Tshisekedi un plan de r\u00e9gulation des m\u00e9dias traditionnels et sociaux - Infos Droits Humains","og_description":"R\u00e9daction:+243 817 406 088 \u00c0 l\u2019\u00e8re de la prolif\u00e9ration des m\u00e9dias sociaux o\u00f9 le fake...","og_url":"https:\/\/infos-droitshumains.net\/?p=10923","og_site_name":"Infos Droits Humains","article_published_time":"2024-09-12T09:20:02+00:00","article_modified_time":"2024-09-12T09:25:42+00:00","og_image":[{"width":720,"height":489,"url":"https:\/\/infos-droitshumains.net\/wp-content\/uploads\/2024\/09\/IMG-20240912-WA0013_1.jpg","type":"image\/jpeg"}],"author":"Jo\u00ebl Diawa","twitter_card":"summary_large_image","twitter_misc":{"\u00c9crit par":"Jo\u00ebl Diawa","Dur\u00e9e de lecture estim\u00e9e":"1 minute"},"schema":{"@context":"https:\/\/schema.org","@graph":[{"@type":"Article","@id":"https:\/\/infos-droitshumains.net\/?p=10923#article","isPartOf":{"@id":"https:\/\/infos-droitshumains.net\/?p=10923"},"author":{"name":"Jo\u00ebl Diawa","@id":"https:\/\/infos-droitshumains.net\/#\/schema\/person\/3dc5e921c3302172e0ed4362f96faab7"},"headline":"N\u00e9cessit\u00e9 d\u2019assainir l\u2019espace m\u00e9diatique congolais : Bosembe pr\u00e9sente \u00e0 Tshisekedi un plan de r\u00e9gulation des m\u00e9dias traditionnels et sociaux","datePublished":"2024-09-12T09:20:02+00:00","dateModified":"2024-09-12T09:25:42+00:00","mainEntityOfPage":{"@id":"https:\/\/infos-droitshumains.net\/?p=10923"},"wordCount":209,"commentCount":0,"publisher":{"@id":"https:\/\/infos-droitshumains.net\/#organization"},"image":{"@id":"https:\/\/infos-droitshumains.net\/?p=10923#primaryimage"},"thumbnailUrl":"https:\/\/i0.wp.com\/infos-droitshumains.net\/wp-content\/uploads\/2024\/09\/IMG-20240912-WA0013_1.jpg?fit=720%2C489&ssl=1","articleSection":["Soci\u00e9t\u00e9"],"inLanguage":"fr-FR","potentialAction":[{"@type":"CommentAction","name":"Comment","target":["https:\/\/infos-droitshumains.net\/?p=10923#respond"]}]},{"@type":"WebPage","@id":"https:\/\/infos-droitshumains.net\/?p=10923","url":"https:\/\/infos-droitshumains.net\/?p=10923","name":"N\u00e9cessit\u00e9 d\u2019assainir l\u2019espace m\u00e9diatique congolais : Bosembe pr\u00e9sente \u00e0 Tshisekedi un plan de r\u00e9gulation des m\u00e9dias traditionnels et sociaux - Infos Droits Humains","isPartOf":{"@id":"https:\/\/infos-droitshumains.net\/#website"},"primaryImageOfPage":{"@id":"https:\/\/infos-droitshumains.net\/?p=10923#primaryimage"},"image":{"@id":"https:\/\/infos-droitshumains.net\/?p=10923#primaryimage"},"thumbnailUrl":"https:\/\/i0.wp.com\/infos-droitshumains.net\/wp-content\/uploads\/2024\/09\/IMG-20240912-WA0013_1.jpg?fit=720%2C489&ssl=1","datePublished":"2024-09-12T09:20:02+00:00","dateModified":"2024-09-12T09:25:42+00:00","breadcrumb":{"@id":"https:\/\/infos-droitshumains.net\/?p=10923#breadcrumb"},"inLanguage":"fr-FR","potentialAction":[{"@type":"ReadAction","target":["https:\/\/infos-droitshumains.net\/?p=10923"]}]},{"@type":"ImageObject","inLanguage":"fr-FR","@id":"https:\/\/infos-droitshumains.net\/?p=10923#primaryimage","url":"https:\/\/i0.wp.com\/infos-droitshumains.net\/wp-content\/uploads\/2024\/09\/IMG-20240912-WA0013_1.jpg?fit=720%2C489&ssl=1","contentUrl":"https:\/\/i0.wp.com\/infos-droitshumains.net\/wp-content\/uploads\/2024\/09\/IMG-20240912-WA0013_1.jpg?fit=720%2C489&ssl=1","width":720,"height":489},{"@type":"BreadcrumbList","@id":"https:\/\/infos-droitshumains.net\/?p=10923#breadcrumb","itemListElement":[{"@type":"ListItem","position":1,"name":"Accueil","item":"https:\/\/infos-droitshumains.net\/"},{"@type":"ListItem","position":2,"name":"N\u00e9cessit\u00e9 d\u2019assainir l\u2019espace m\u00e9diatique congolais : Bosembe pr\u00e9sente \u00e0 Tshisekedi un plan de r\u00e9gulation des m\u00e9dias traditionnels et sociaux"}]},{"@type":"WebSite","@id":"https:\/\/infos-droitshumains.net\/#website","url":"https:\/\/infos-droitshumains.net\/","name":"Infos Droits Humains","description":"S&#039;informer est un droit","publisher":{"@id":"https:\/\/infos-droitshumains.net\/#organization"},"potentialAction":[{"@type":"SearchAction","target":{"@type":"EntryPoint","urlTemplate":"https:\/\/infos-droitshumains.net\/?s={search_term_string}"},"query-input":{"@type":"PropertyValueSpecification","valueRequired":true,"valueName":"search_term_string"}}],"inLanguage":"fr-FR"},{"@type":"Organization","@id":"https:\/\/infos-droitshumains.net\/#organization","name":"Infos Droits Humains","url":"https:\/\/infos-droitshumains.net\/","logo":{"@type":"ImageObject","inLanguage":"fr-FR","@id":"https:\/\/infos-droitshumains.net\/#\/schema\/logo\/image\/","url":"https:\/\/i0.wp.com\/infos-droitshumains.net\/wp-content\/uploads\/2022\/05\/Logo.png?fit=333%2C129&ssl=1","contentUrl":"https:\/\/i0.wp.com\/infos-droitshumains.net\/wp-content\/uploads\/2022\/05\/Logo.png?fit=333%2C129&ssl=1","width":333,"height":129,"caption":"Infos Droits Humains"},"image":{"@id":"https:\/\/infos-droitshumains.net\/#\/schema\/logo\/image\/"}},{"@type":"Person","@id":"https:\/\/infos-droitshumains.net\/#\/schema\/person\/3dc5e921c3302172e0ed4362f96faab7","name":"Jo\u00ebl Diawa","image":{"@type":"ImageObject","inLanguage":"fr-FR","@id":"https:\/\/secure.gravatar.com\/avatar\/729bea6ff4604c624417803c477363be8e3c7186deaa65713313f9b4b820f41c?s=96&d=mm&r=g","url":"https:\/\/secure.gravatar.com\/avatar\/729bea6ff4604c624417803c477363be8e3c7186deaa65713313f9b4b820f41c?s=96&d=mm&r=g","contentUrl":"https:\/\/secure.gravatar.com\/avatar\/729bea6ff4604c624417803c477363be8e3c7186deaa65713313f9b4b820f41c?s=96&d=mm&r=g","caption":"Jo\u00ebl Diawa"},"sameAs":["https:\/\/www.infos-droitshumains.net"],"url":"https:\/\/infos-droitshumains.net\/?author=2"}]}},"featured_image_urls":{"full":["https:\/\/i0.wp.com\/infos-droitshumains.net\/wp-content\/uploads\/2024\/09\/IMG-20240912-WA0013_1.jpg?fit=720%2C489&ssl=1",720,489,false],"thumbnail":["https:\/\/i0.wp.com\/infos-droitshumains.net\/wp-content\/uploads\/2024\/09\/IMG-20240912-WA0013_1.jpg?resize=150%2C150&ssl=1",150,150,true],"medium":["https:\/\/i0.wp.com\/infos-droitshumains.net\/wp-content\/uploads\/2024\/09\/IMG-20240912-WA0013_1.jpg?fit=300%2C204&ssl=1",300,204,true],"medium_large":["https:\/\/i0.wp.com\/infos-droitshumains.net\/wp-content\/uploads\/2024\/09\/IMG-20240912-WA0013_1.jpg?fit=640%2C435&ssl=1",640,435,true],"large":["https:\/\/i0.wp.com\/infos-droitshumains.net\/wp-content\/uploads\/2024\/09\/IMG-20240912-WA0013_1.jpg?fit=640%2C435&ssl=1",640,435,true],"1536x1536":["https:\/\/i0.wp.com\/infos-droitshumains.net\/wp-content\/uploads\/2024\/09\/IMG-20240912-WA0013_1.jpg?fit=720%2C489&ssl=1",720,489,true],"2048x2048":["https:\/\/i0.wp.com\/infos-droitshumains.net\/wp-content\/uploads\/2024\/09\/IMG-20240912-WA0013_1.jpg?fit=720%2C489&ssl=1",720,489,true],"covernews-slider-full":["https:\/\/i0.wp.com\/infos-droitshumains.net\/wp-content\/uploads\/2024\/09\/IMG-20240912-WA0013_1.jpg?resize=720%2C489&ssl=1",720,489,true],"covernews-slider-center":["https:\/\/i0.wp.com\/infos-droitshumains.net\/wp-content\/uploads\/2024\/09\/IMG-20240912-WA0013_1.jpg?resize=720%2C489&ssl=1",720,489,true],"covernews-featured":["https:\/\/i0.wp.com\/infos-droitshumains.net\/wp-content\/uploads\/2024\/09\/IMG-20240912-WA0013_1.jpg?fit=720%2C489&ssl=1",720,489,true],"covernews-medium":["https:\/\/i0.wp.com\/infos-droitshumains.net\/wp-content\/uploads\/2024\/09\/IMG-20240912-WA0013_1.jpg?resize=540%2C340&ssl=1",540,340,true],"covernews-medium-square":["https:\/\/i0.wp.com\/infos-droitshumains.net\/wp-content\/uploads\/2024\/09\/IMG-20240912-WA0013_1.jpg?resize=400%2C250&ssl=1",400,250,true]},"author_info":{"display_name":"Jo\u00ebl Diawa","author_link":"https:\/\/infos-droitshumains.net\/?author=2"},"category_info":"<a href=\"https:\/\/infos-droitshumains.net\/?cat=8\" rel=\"category\">Soci\u00e9t\u00e9<\/a>","tag_info":"Soci\u00e9t\u00e9","comment_count":"0","jetpack_featured_media_url":"https:\/\/i0.wp.com\/infos-droitshumains.net\/wp-content\/uploads\/2024\/09\/IMG-20240912-WA0013_1.jpg?fit=720%2C489&ssl=1","jetpack-related-posts":[],"jetpack_sharing_enabled":true,"_links":{"self":[{"href":"https:\/\/infos-droitshumains.net\/index.php?rest_route=\/wp\/v2\/posts\/10923","targetHints":{"allow":["GET"]}}],"collection":[{"href":"https:\/\/infos-droitshumains.net\/index.php?rest_route=\/wp\/v2\/posts"}],"about":[{"href":"https:\/\/infos-droitshumains.net\/index.php?rest_route=\/wp\/v2\/types\/post"}],"author":[{"embeddable":true,"href":"https:\/\/infos-droitshumains.net\/index.php?rest_route=\/wp\/v2\/users\/2"}],"replies":[{"embeddable":true,"href":"https:\/\/infos-droitshumains.net\/index.php?rest_route=%2Fwp%2Fv2%2Fcomments&post=10923"}],"version-history":[{"count":3,"href":"https:\/\/infos-droitshumains.net\/index.php?rest_route=\/wp\/v2\/posts\/10923\/revisions"}],"predecessor-version":[{"id":10928,"href":"https:\/\/infos-droitshumains.net\/index.php?rest_route=\/wp\/v2\/posts\/10923\/revisions\/10928"}],"wp:featuredmedia":[{"embeddable":true,"href":"https:\/\/infos-droitshumains.net\/index.php?rest_route=\/wp\/v2\/media\/10925"}],"wp:attachment":[{"href":"https:\/\/infos-droitshumains.net\/index.php?rest_route=%2Fwp%2Fv2%2Fmedia&parent=10923"}],"wp:term":[{"taxonomy":"category","embeddable":true,"href":"https:\/\/infos-droitshumains.net\/index.php?rest_route=%2Fwp%2Fv2%2Fcategories&post=10923"},{"taxonomy":"post_tag","embeddable":true,"href":"https:\/\/infos-droitshumains.net\/index.php?rest_route=%2Fwp%2Fv2%2Ftags&post=10923"}],"curies":[{"name":"wp","href":"https:\/\/api.w.org\/{rel}","templated":true}]}}