{"id":10859,"date":"2024-09-10T01:30:20","date_gmt":"2024-09-09T23:30:20","guid":{"rendered":"https:\/\/infos-droitshumains.net\/?p=10859"},"modified":"2024-09-10T02:06:05","modified_gmt":"2024-09-10T00:06:05","slug":"rdc-la-mise-en-garde-severe-de-suminwa-contre-mutamba","status":"publish","type":"post","link":"https:\/\/infos-droitshumains.net\/?p=10859","title":{"rendered":"RDC : La mise en garde s\u00e9v\u00e8re de Suminwa contre Mutamba"},"content":{"rendered":"\n<p><strong>R\u00e9daction: +243 817 406 088<\/strong><\/p>\n\n\n\n<h3 class=\"wp-block-heading has-vivid-red-color has-text-color has-link-color wp-elements-a631e1951ee515e9b3e0ff8dc62b50a8\">Depuis un certain temps, les congolais sont habitu\u00e9s \u00e0 des communiqu\u00e9s, d\u00e9clarations et sorties m\u00e9diatiques intempestives du minist\u00e8re de la justice et garde des sceaux orient\u00e9es souvent dans le sens de jeter de l\u2019opprobre sur magistrats. D\u00e9sormais, cela ne sera plus le cas.<\/h3>\n\n\n\n<p>Des mesures strictes ont \u00e9t\u00e9 prises dans ce sens par la Premi\u00e8re Ministre. Judith Suminwa qui pr\u00e9sidait la r\u00e9union du conseil des ministres du vendredi 06 septembre dernier. Visiblement d\u00e9\u00e7ue par le modus opreandi de l\u2019un de ses \u00e9l\u00e9ments qui n\u2019honore pas la r\u00e9publique, elle a tap\u00e9 du point sur la table afin de stopper ce qu\u2019elle qualifie de la \u2018\u2019d\u00e9rive de la gouvernance \u2018\u2019<\/p>\n\n\n\n<p><em>\u00ab \u2026 la Premi\u00e8re Ministre a attir\u00e9 l\u2019attention des membres du Gouvernement sur la n\u00e9cessit\u00e9 de veiller \u00e0 faire toujours une communication coordonn\u00e9e et coh\u00e9rente mais aussi de s\u2019abstenir de tomber dans la d\u00e9rive de la Gouvernance \u00e0 travers les r\u00e9seaux sociaux. Elle a recommand\u00e9 aux uns et aux autres de faire preuve de la plus grande \u00bb<\/em>, li-t-on dans le compte rendu du conseil des ministres .<\/p>\n\n\n\n<p>La patronne du gouvernement reste convaincue que les r\u00e9formes de la justice de peuvent se faire sans pouvoir associer les magistrats, d\u2019o\u00f9 ce rappel \u00e0 l\u2019ordre.<\/p>\n\n\n\n<p><em>\u00ab R\u00e9affirmant la ferme volont\u00e9 du Gouvernement de mener \u00e0 terme les r\u00e9formes \u00e0 des fins th\u00e9rapeutiques, initi\u00e9es dans le secteur de la justice, la Premi\u00e8re Ministre a instruit le Ministre d\u2019Etat, Ministre de la Justice et Garde des Sceaux \u00e0 mettre \u00e0 profit le cadre de concertation existant entre son Minist\u00e8re et le Conseil Sup\u00e9rieur de la Magistrature, \u00e0 l\u2019effet de favoriser les \u00e9changes inter institutionnels dans un \u00e9lan de coh\u00e9sion sociale \u00bb<\/em>, rapporte par ailleurs le m\u00eame compte rendu.<\/p>\n\n\n\n<p>Des mots qui valent plus qu\u2019un avertissement contre celui qui a pris les magistrats comme la cible pour la qu\u00eate de sa popularit\u00e9 au sein de l\u2019opinion publique.<\/p>\n\n\n\n<p>Si le compte rendu du conseil des ministres n\u2019a rapport\u00e9 que cette mise en garde, d\u2019autres sources bien introduites au palais de la nation font plut\u00f4t \u00e9tat d\u2019une v\u00e9ritable douche froide pris par le patron de la justice face \u00e0 une mise en garde tr\u00e8s s\u00e9rieuse avec des mots justes. Comme des p\u00e9tards mouill\u00e9s, ni lui, ni son vice, personne n\u2019a su convaincre le conseil qui, pour la plus part de ses membres, d\u00e9sapprouvent la strat\u00e9gie Mutamba.<\/p>\n\n\n\n<p>D\u2019autre sources annoncent cependant, la suspension de certains membres du gouvernement \u00e0 cause d\u2019une communication tr\u00e8s rat\u00e9e autour de la tentative d\u2019\u00e9vasion \u00e0 la prison centrale de Makala.<\/p>\n\n\n\n<p>L\u2019avenir au sein du gouvernement s\u2019annonce beaucoup plus sombre pour ceux qui ont voulu ternir l\u2019image des magistrats congolais.<\/p>\n\n\n\n<p>Jo\u00ebl Diawa<\/p>\n","protected":false},"excerpt":{"rendered":"<p>R\u00e9daction: +243 817 406 088 Depuis un certain temps, les congolais sont habitu\u00e9s \u00e0 des&#8230;<\/p>\n","protected":false},"author":2,"featured_media":10862,"comment_status":"open","ping_status":"open","sticky":false,"template":"","format":"standard","meta":{"_jetpack_memberships_contains_paid_content":false,"footnotes":""},"categories":[3],"tags":[],"class_list":["post-10859","post","type-post","status-publish","format-standard","has-post-thumbnail","hentry","category-politique"],"yoast_head":"<!-- This site is optimized with the Yoast SEO plugin v27.5 - https:\/\/yoast.com\/product\/yoast-seo-wordpress\/ -->\n<title>RDC : La mise en garde s\u00e9v\u00e8re de Suminwa contre Mutamba - Infos Droits Humains<\/title>\n<meta name=\"robots\" content=\"index, follow, max-snippet:-1, max-image-preview:large, max-video-preview:-1\" \/>\n<link rel=\"canonical\" href=\"https:\/\/infos-droitshumains.net\/?p=10859\" \/>\n<meta property=\"og:locale\" content=\"fr_FR\" \/>\n<meta property=\"og:type\" content=\"article\" \/>\n<meta property=\"og:title\" content=\"RDC : La mise en garde s\u00e9v\u00e8re de Suminwa contre Mutamba - Infos Droits Humains\" \/>\n<meta property=\"og:description\" content=\"R\u00e9daction: +243 817 406 088 Depuis un certain temps, les congolais sont habitu\u00e9s \u00e0 des...\" \/>\n<meta property=\"og:url\" content=\"https:\/\/infos-droitshumains.net\/?p=10859\" \/>\n<meta property=\"og:site_name\" content=\"Infos Droits Humains\" \/>\n<meta property=\"article:published_time\" content=\"2024-09-09T23:30:20+00:00\" \/>\n<meta property=\"article:modified_time\" content=\"2024-09-10T00:06:05+00:00\" \/>\n<meta property=\"og:image\" content=\"https:\/\/infos-droitshumains.net\/wp-content\/uploads\/2024\/09\/InCollage_20240910_5030955.jpg\" \/>\n\t<meta property=\"og:image:width\" content=\"960\" \/>\n\t<meta property=\"og:image:height\" content=\"662\" \/>\n\t<meta property=\"og:image:type\" content=\"image\/jpeg\" \/>\n<meta name=\"author\" content=\"Jo\u00ebl Diawa\" \/>\n<meta name=\"twitter:card\" content=\"summary_large_image\" \/>\n<meta name=\"twitter:label1\" content=\"\u00c9crit par\" \/>\n\t<meta name=\"twitter:data1\" content=\"Jo\u00ebl Diawa\" \/>\n\t<meta name=\"twitter:label2\" content=\"Dur\u00e9e de lecture estim\u00e9e\" \/>\n\t<meta name=\"twitter:data2\" content=\"3 minutes\" \/>\n<script type=\"application\/ld+json\" class=\"yoast-schema-graph\">{\"@context\":\"https:\\\/\\\/schema.org\",\"@graph\":[{\"@type\":\"Article\",\"@id\":\"https:\\\/\\\/infos-droitshumains.net\\\/?p=10859#article\",\"isPartOf\":{\"@id\":\"https:\\\/\\\/infos-droitshumains.net\\\/?p=10859\"},\"author\":{\"name\":\"Jo\u00ebl Diawa\",\"@id\":\"https:\\\/\\\/infos-droitshumains.net\\\/#\\\/schema\\\/person\\\/3dc5e921c3302172e0ed4362f96faab7\"},\"headline\":\"RDC : La mise en garde s\u00e9v\u00e8re de Suminwa contre Mutamba\",\"datePublished\":\"2024-09-09T23:30:20+00:00\",\"dateModified\":\"2024-09-10T00:06:05+00:00\",\"mainEntityOfPage\":{\"@id\":\"https:\\\/\\\/infos-droitshumains.net\\\/?p=10859\"},\"wordCount\":495,\"commentCount\":0,\"publisher\":{\"@id\":\"https:\\\/\\\/infos-droitshumains.net\\\/#organization\"},\"image\":{\"@id\":\"https:\\\/\\\/infos-droitshumains.net\\\/?p=10859#primaryimage\"},\"thumbnailUrl\":\"https:\\\/\\\/i0.wp.com\\\/infos-droitshumains.net\\\/wp-content\\\/uploads\\\/2024\\\/09\\\/InCollage_20240910_5030955.jpg?fit=960%2C662&ssl=1\",\"articleSection\":[\"Politique\"],\"inLanguage\":\"fr-FR\",\"potentialAction\":[{\"@type\":\"CommentAction\",\"name\":\"Comment\",\"target\":[\"https:\\\/\\\/infos-droitshumains.net\\\/?p=10859#respond\"]}]},{\"@type\":\"WebPage\",\"@id\":\"https:\\\/\\\/infos-droitshumains.net\\\/?p=10859\",\"url\":\"https:\\\/\\\/infos-droitshumains.net\\\/?p=10859\",\"name\":\"RDC : La mise en garde s\u00e9v\u00e8re de Suminwa contre Mutamba - Infos Droits Humains\",\"isPartOf\":{\"@id\":\"https:\\\/\\\/infos-droitshumains.net\\\/#website\"},\"primaryImageOfPage\":{\"@id\":\"https:\\\/\\\/infos-droitshumains.net\\\/?p=10859#primaryimage\"},\"image\":{\"@id\":\"https:\\\/\\\/infos-droitshumains.net\\\/?p=10859#primaryimage\"},\"thumbnailUrl\":\"https:\\\/\\\/i0.wp.com\\\/infos-droitshumains.net\\\/wp-content\\\/uploads\\\/2024\\\/09\\\/InCollage_20240910_5030955.jpg?fit=960%2C662&ssl=1\",\"datePublished\":\"2024-09-09T23:30:20+00:00\",\"dateModified\":\"2024-09-10T00:06:05+00:00\",\"breadcrumb\":{\"@id\":\"https:\\\/\\\/infos-droitshumains.net\\\/?p=10859#breadcrumb\"},\"inLanguage\":\"fr-FR\",\"potentialAction\":[{\"@type\":\"ReadAction\",\"target\":[\"https:\\\/\\\/infos-droitshumains.net\\\/?p=10859\"]}]},{\"@type\":\"ImageObject\",\"inLanguage\":\"fr-FR\",\"@id\":\"https:\\\/\\\/infos-droitshumains.net\\\/?p=10859#primaryimage\",\"url\":\"https:\\\/\\\/i0.wp.com\\\/infos-droitshumains.net\\\/wp-content\\\/uploads\\\/2024\\\/09\\\/InCollage_20240910_5030955.jpg?fit=960%2C662&ssl=1\",\"contentUrl\":\"https:\\\/\\\/i0.wp.com\\\/infos-droitshumains.net\\\/wp-content\\\/uploads\\\/2024\\\/09\\\/InCollage_20240910_5030955.jpg?fit=960%2C662&ssl=1\",\"width\":960,\"height\":662},{\"@type\":\"BreadcrumbList\",\"@id\":\"https:\\\/\\\/infos-droitshumains.net\\\/?p=10859#breadcrumb\",\"itemListElement\":[{\"@type\":\"ListItem\",\"position\":1,\"name\":\"Accueil\",\"item\":\"https:\\\/\\\/infos-droitshumains.net\\\/\"},{\"@type\":\"ListItem\",\"position\":2,\"name\":\"RDC : La mise en garde s\u00e9v\u00e8re de Suminwa contre Mutamba\"}]},{\"@type\":\"WebSite\",\"@id\":\"https:\\\/\\\/infos-droitshumains.net\\\/#website\",\"url\":\"https:\\\/\\\/infos-droitshumains.net\\\/\",\"name\":\"Infos Droits Humains\",\"description\":\"S&#039;informer est un droit\",\"publisher\":{\"@id\":\"https:\\\/\\\/infos-droitshumains.net\\\/#organization\"},\"potentialAction\":[{\"@type\":\"SearchAction\",\"target\":{\"@type\":\"EntryPoint\",\"urlTemplate\":\"https:\\\/\\\/infos-droitshumains.net\\\/?s={search_term_string}\"},\"query-input\":{\"@type\":\"PropertyValueSpecification\",\"valueRequired\":true,\"valueName\":\"search_term_string\"}}],\"inLanguage\":\"fr-FR\"},{\"@type\":\"Organization\",\"@id\":\"https:\\\/\\\/infos-droitshumains.net\\\/#organization\",\"name\":\"Infos Droits Humains\",\"url\":\"https:\\\/\\\/infos-droitshumains.net\\\/\",\"logo\":{\"@type\":\"ImageObject\",\"inLanguage\":\"fr-FR\",\"@id\":\"https:\\\/\\\/infos-droitshumains.net\\\/#\\\/schema\\\/logo\\\/image\\\/\",\"url\":\"https:\\\/\\\/i0.wp.com\\\/infos-droitshumains.net\\\/wp-content\\\/uploads\\\/2022\\\/05\\\/Logo.png?fit=333%2C129&ssl=1\",\"contentUrl\":\"https:\\\/\\\/i0.wp.com\\\/infos-droitshumains.net\\\/wp-content\\\/uploads\\\/2022\\\/05\\\/Logo.png?fit=333%2C129&ssl=1\",\"width\":333,\"height\":129,\"caption\":\"Infos Droits Humains\"},\"image\":{\"@id\":\"https:\\\/\\\/infos-droitshumains.net\\\/#\\\/schema\\\/logo\\\/image\\\/\"}},{\"@type\":\"Person\",\"@id\":\"https:\\\/\\\/infos-droitshumains.net\\\/#\\\/schema\\\/person\\\/3dc5e921c3302172e0ed4362f96faab7\",\"name\":\"Jo\u00ebl Diawa\",\"image\":{\"@type\":\"ImageObject\",\"inLanguage\":\"fr-FR\",\"@id\":\"https:\\\/\\\/secure.gravatar.com\\\/avatar\\\/729bea6ff4604c624417803c477363be8e3c7186deaa65713313f9b4b820f41c?s=96&d=mm&r=g\",\"url\":\"https:\\\/\\\/secure.gravatar.com\\\/avatar\\\/729bea6ff4604c624417803c477363be8e3c7186deaa65713313f9b4b820f41c?s=96&d=mm&r=g\",\"contentUrl\":\"https:\\\/\\\/secure.gravatar.com\\\/avatar\\\/729bea6ff4604c624417803c477363be8e3c7186deaa65713313f9b4b820f41c?s=96&d=mm&r=g\",\"caption\":\"Jo\u00ebl Diawa\"},\"sameAs\":[\"https:\\\/\\\/www.infos-droitshumains.net\"],\"url\":\"https:\\\/\\\/infos-droitshumains.net\\\/?author=2\"}]}<\/script>\n<!-- \/ Yoast SEO plugin. -->","yoast_head_json":{"title":"RDC : La mise en garde s\u00e9v\u00e8re de Suminwa contre Mutamba - Infos Droits Humains","robots":{"index":"index","follow":"follow","max-snippet":"max-snippet:-1","max-image-preview":"max-image-preview:large","max-video-preview":"max-video-preview:-1"},"canonical":"https:\/\/infos-droitshumains.net\/?p=10859","og_locale":"fr_FR","og_type":"article","og_title":"RDC : La mise en garde s\u00e9v\u00e8re de Suminwa contre Mutamba - Infos Droits Humains","og_description":"R\u00e9daction: +243 817 406 088 Depuis un certain temps, les congolais sont habitu\u00e9s \u00e0 des...","og_url":"https:\/\/infos-droitshumains.net\/?p=10859","og_site_name":"Infos Droits Humains","article_published_time":"2024-09-09T23:30:20+00:00","article_modified_time":"2024-09-10T00:06:05+00:00","og_image":[{"width":960,"height":662,"url":"https:\/\/infos-droitshumains.net\/wp-content\/uploads\/2024\/09\/InCollage_20240910_5030955.jpg","type":"image\/jpeg"}],"author":"Jo\u00ebl Diawa","twitter_card":"summary_large_image","twitter_misc":{"\u00c9crit par":"Jo\u00ebl Diawa","Dur\u00e9e de lecture estim\u00e9e":"3 minutes"},"schema":{"@context":"https:\/\/schema.org","@graph":[{"@type":"Article","@id":"https:\/\/infos-droitshumains.net\/?p=10859#article","isPartOf":{"@id":"https:\/\/infos-droitshumains.net\/?p=10859"},"author":{"name":"Jo\u00ebl Diawa","@id":"https:\/\/infos-droitshumains.net\/#\/schema\/person\/3dc5e921c3302172e0ed4362f96faab7"},"headline":"RDC : La mise en garde s\u00e9v\u00e8re de Suminwa contre Mutamba","datePublished":"2024-09-09T23:30:20+00:00","dateModified":"2024-09-10T00:06:05+00:00","mainEntityOfPage":{"@id":"https:\/\/infos-droitshumains.net\/?p=10859"},"wordCount":495,"commentCount":0,"publisher":{"@id":"https:\/\/infos-droitshumains.net\/#organization"},"image":{"@id":"https:\/\/infos-droitshumains.net\/?p=10859#primaryimage"},"thumbnailUrl":"https:\/\/i0.wp.com\/infos-droitshumains.net\/wp-content\/uploads\/2024\/09\/InCollage_20240910_5030955.jpg?fit=960%2C662&ssl=1","articleSection":["Politique"],"inLanguage":"fr-FR","potentialAction":[{"@type":"CommentAction","name":"Comment","target":["https:\/\/infos-droitshumains.net\/?p=10859#respond"]}]},{"@type":"WebPage","@id":"https:\/\/infos-droitshumains.net\/?p=10859","url":"https:\/\/infos-droitshumains.net\/?p=10859","name":"RDC : La mise en garde s\u00e9v\u00e8re de Suminwa contre Mutamba - Infos Droits Humains","isPartOf":{"@id":"https:\/\/infos-droitshumains.net\/#website"},"primaryImageOfPage":{"@id":"https:\/\/infos-droitshumains.net\/?p=10859#primaryimage"},"image":{"@id":"https:\/\/infos-droitshumains.net\/?p=10859#primaryimage"},"thumbnailUrl":"https:\/\/i0.wp.com\/infos-droitshumains.net\/wp-content\/uploads\/2024\/09\/InCollage_20240910_5030955.jpg?fit=960%2C662&ssl=1","datePublished":"2024-09-09T23:30:20+00:00","dateModified":"2024-09-10T00:06:05+00:00","breadcrumb":{"@id":"https:\/\/infos-droitshumains.net\/?p=10859#breadcrumb"},"inLanguage":"fr-FR","potentialAction":[{"@type":"ReadAction","target":["https:\/\/infos-droitshumains.net\/?p=10859"]}]},{"@type":"ImageObject","inLanguage":"fr-FR","@id":"https:\/\/infos-droitshumains.net\/?p=10859#primaryimage","url":"https:\/\/i0.wp.com\/infos-droitshumains.net\/wp-content\/uploads\/2024\/09\/InCollage_20240910_5030955.jpg?fit=960%2C662&ssl=1","contentUrl":"https:\/\/i0.wp.com\/infos-droitshumains.net\/wp-content\/uploads\/2024\/09\/InCollage_20240910_5030955.jpg?fit=960%2C662&ssl=1","width":960,"height":662},{"@type":"BreadcrumbList","@id":"https:\/\/infos-droitshumains.net\/?p=10859#breadcrumb","itemListElement":[{"@type":"ListItem","position":1,"name":"Accueil","item":"https:\/\/infos-droitshumains.net\/"},{"@type":"ListItem","position":2,"name":"RDC : La mise en garde s\u00e9v\u00e8re de Suminwa contre Mutamba"}]},{"@type":"WebSite","@id":"https:\/\/infos-droitshumains.net\/#website","url":"https:\/\/infos-droitshumains.net\/","name":"Infos Droits Humains","description":"S&#039;informer est un droit","publisher":{"@id":"https:\/\/infos-droitshumains.net\/#organization"},"potentialAction":[{"@type":"SearchAction","target":{"@type":"EntryPoint","urlTemplate":"https:\/\/infos-droitshumains.net\/?s={search_term_string}"},"query-input":{"@type":"PropertyValueSpecification","valueRequired":true,"valueName":"search_term_string"}}],"inLanguage":"fr-FR"},{"@type":"Organization","@id":"https:\/\/infos-droitshumains.net\/#organization","name":"Infos Droits Humains","url":"https:\/\/infos-droitshumains.net\/","logo":{"@type":"ImageObject","inLanguage":"fr-FR","@id":"https:\/\/infos-droitshumains.net\/#\/schema\/logo\/image\/","url":"https:\/\/i0.wp.com\/infos-droitshumains.net\/wp-content\/uploads\/2022\/05\/Logo.png?fit=333%2C129&ssl=1","contentUrl":"https:\/\/i0.wp.com\/infos-droitshumains.net\/wp-content\/uploads\/2022\/05\/Logo.png?fit=333%2C129&ssl=1","width":333,"height":129,"caption":"Infos Droits Humains"},"image":{"@id":"https:\/\/infos-droitshumains.net\/#\/schema\/logo\/image\/"}},{"@type":"Person","@id":"https:\/\/infos-droitshumains.net\/#\/schema\/person\/3dc5e921c3302172e0ed4362f96faab7","name":"Jo\u00ebl Diawa","image":{"@type":"ImageObject","inLanguage":"fr-FR","@id":"https:\/\/secure.gravatar.com\/avatar\/729bea6ff4604c624417803c477363be8e3c7186deaa65713313f9b4b820f41c?s=96&d=mm&r=g","url":"https:\/\/secure.gravatar.com\/avatar\/729bea6ff4604c624417803c477363be8e3c7186deaa65713313f9b4b820f41c?s=96&d=mm&r=g","contentUrl":"https:\/\/secure.gravatar.com\/avatar\/729bea6ff4604c624417803c477363be8e3c7186deaa65713313f9b4b820f41c?s=96&d=mm&r=g","caption":"Jo\u00ebl Diawa"},"sameAs":["https:\/\/www.infos-droitshumains.net"],"url":"https:\/\/infos-droitshumains.net\/?author=2"}]}},"featured_image_urls":{"full":["https:\/\/i0.wp.com\/infos-droitshumains.net\/wp-content\/uploads\/2024\/09\/InCollage_20240910_5030955.jpg?fit=960%2C662&ssl=1",960,662,false],"thumbnail":["https:\/\/i0.wp.com\/infos-droitshumains.net\/wp-content\/uploads\/2024\/09\/InCollage_20240910_5030955.jpg?resize=150%2C150&ssl=1",150,150,true],"medium":["https:\/\/i0.wp.com\/infos-droitshumains.net\/wp-content\/uploads\/2024\/09\/InCollage_20240910_5030955.jpg?fit=300%2C207&ssl=1",300,207,true],"medium_large":["https:\/\/i0.wp.com\/infos-droitshumains.net\/wp-content\/uploads\/2024\/09\/InCollage_20240910_5030955.jpg?fit=640%2C442&ssl=1",640,442,true],"large":["https:\/\/i0.wp.com\/infos-droitshumains.net\/wp-content\/uploads\/2024\/09\/InCollage_20240910_5030955.jpg?fit=640%2C441&ssl=1",640,441,true],"1536x1536":["https:\/\/i0.wp.com\/infos-droitshumains.net\/wp-content\/uploads\/2024\/09\/InCollage_20240910_5030955.jpg?fit=960%2C662&ssl=1",960,662,true],"2048x2048":["https:\/\/i0.wp.com\/infos-droitshumains.net\/wp-content\/uploads\/2024\/09\/InCollage_20240910_5030955.jpg?fit=960%2C662&ssl=1",960,662,true],"covernews-slider-full":["https:\/\/i0.wp.com\/infos-droitshumains.net\/wp-content\/uploads\/2024\/09\/InCollage_20240910_5030955.jpg?resize=960%2C662&ssl=1",960,662,true],"covernews-slider-center":["https:\/\/i0.wp.com\/infos-droitshumains.net\/wp-content\/uploads\/2024\/09\/InCollage_20240910_5030955.jpg?resize=800%2C500&ssl=1",800,500,true],"covernews-featured":["https:\/\/i0.wp.com\/infos-droitshumains.net\/wp-content\/uploads\/2024\/09\/InCollage_20240910_5030955.jpg?fit=960%2C662&ssl=1",960,662,true],"covernews-medium":["https:\/\/i0.wp.com\/infos-droitshumains.net\/wp-content\/uploads\/2024\/09\/InCollage_20240910_5030955.jpg?resize=540%2C340&ssl=1",540,340,true],"covernews-medium-square":["https:\/\/i0.wp.com\/infos-droitshumains.net\/wp-content\/uploads\/2024\/09\/InCollage_20240910_5030955.jpg?resize=400%2C250&ssl=1",400,250,true]},"author_info":{"display_name":"Jo\u00ebl Diawa","author_link":"https:\/\/infos-droitshumains.net\/?author=2"},"category_info":"<a href=\"https:\/\/infos-droitshumains.net\/?cat=3\" rel=\"category\">Politique<\/a>","tag_info":"Politique","comment_count":"0","jetpack_featured_media_url":"https:\/\/i0.wp.com\/infos-droitshumains.net\/wp-content\/uploads\/2024\/09\/InCollage_20240910_5030955.jpg?fit=960%2C662&ssl=1","jetpack-related-posts":[],"jetpack_sharing_enabled":true,"_links":{"self":[{"href":"https:\/\/infos-droitshumains.net\/index.php?rest_route=\/wp\/v2\/posts\/10859","targetHints":{"allow":["GET"]}}],"collection":[{"href":"https:\/\/infos-droitshumains.net\/index.php?rest_route=\/wp\/v2\/posts"}],"about":[{"href":"https:\/\/infos-droitshumains.net\/index.php?rest_route=\/wp\/v2\/types\/post"}],"author":[{"embeddable":true,"href":"https:\/\/infos-droitshumains.net\/index.php?rest_route=\/wp\/v2\/users\/2"}],"replies":[{"embeddable":true,"href":"https:\/\/infos-droitshumains.net\/index.php?rest_route=%2Fwp%2Fv2%2Fcomments&post=10859"}],"version-history":[{"count":2,"href":"https:\/\/infos-droitshumains.net\/index.php?rest_route=\/wp\/v2\/posts\/10859\/revisions"}],"predecessor-version":[{"id":10861,"href":"https:\/\/infos-droitshumains.net\/index.php?rest_route=\/wp\/v2\/posts\/10859\/revisions\/10861"}],"wp:featuredmedia":[{"embeddable":true,"href":"https:\/\/infos-droitshumains.net\/index.php?rest_route=\/wp\/v2\/media\/10862"}],"wp:attachment":[{"href":"https:\/\/infos-droitshumains.net\/index.php?rest_route=%2Fwp%2Fv2%2Fmedia&parent=10859"}],"wp:term":[{"taxonomy":"category","embeddable":true,"href":"https:\/\/infos-droitshumains.net\/index.php?rest_route=%2Fwp%2Fv2%2Fcategories&post=10859"},{"taxonomy":"post_tag","embeddable":true,"href":"https:\/\/infos-droitshumains.net\/index.php?rest_route=%2Fwp%2Fv2%2Ftags&post=10859"}],"curies":[{"name":"wp","href":"https:\/\/api.w.org\/{rel}","templated":true}]}}