{"id":10805,"date":"2024-09-05T23:44:32","date_gmt":"2024-09-05T21:44:32","guid":{"rendered":"https:\/\/infos-droitshumains.net\/?p=10805"},"modified":"2024-09-05T23:51:29","modified_gmt":"2024-09-05T21:51:29","slug":"la-circulaire-du-ministere-de-la-justice-interdisant-le-transferement-a-la-prison-des-personnes-non-condamnees-na-pas-davenir-sur-le-plan-juridique-me-jean-marie-kabengela","status":"publish","type":"post","link":"https:\/\/infos-droitshumains.net\/?p=10805","title":{"rendered":"La circulaire du Minist\u00e8re de la justice interdisant le transf\u00e8rement \u00e0 la prison des personnes non condamn\u00e9es n\u2019a pas d\u2019avenir sur le plan juridique. (Me. Jean-Marie Kabengela)"},"content":{"rendered":"\n<p><strong>R\u00e9daction: +243 817 406 088<\/strong><\/p>\n\n\n\n<h3 class=\"wp-block-heading has-vivid-red-color has-text-color has-link-color wp-elements-e34ed3ef2579dc3a7dfcf82b759deacc\">Apr\u00e8s l&rsquo;incident de la prison central de Makala dans la nuit du 1 au 2 septembre dernier dont le bilan officiel s&rsquo;\u00e9l\u00e8ve \u00e0 129 et 54 bless\u00e9s, le Minist\u00e8re de la justice a pris la d\u00e9cision d\u2019interdire jusqu\u2019\u00e0 nouvel ordre, aux magistrats de transf\u00e9rer des personnes non condamn\u00e9es \u00e0 cette prison et \u00e0 la prison militaire de Ndolo, <strong>\u2018\u2019sauf d\u00e9rogation du Ministre\u2019\u2019,<\/strong> a indiqu\u00e9 son communiqu\u00e9 du 02 Septembre.<\/h3>\n\n\n\n<p>D\u00e9cision qui a \u00e9t\u00e9 coul\u00e9e sous forme d\u2019une circulaire qui selon Me. Jean-Marie Kabengela Ilunga, est un ordre <em>\u00ab manifestement ill\u00e9gal \u00bb<\/em> sur pied des dispositions de l\u2019article 70 de la loi organique portant organisation, fonctionnement et comp\u00e9tence des juridictions de l\u2019ordre judiciaire qui consacre l\u2019ind\u00e9pendance des magistrats du minist\u00e8re public vis-\u00e0-vis du Minist\u00e8re de la justice :<\/p>\n\n\n\n<p><em>\u00ab \u2026Celui-ci dispose d\u2019un pouvoir d\u2019injonction sur le parquet. Il l\u2019exerce en saisissant le Procureur G\u00e9n\u00e9ral pr\u00e8s la Cour de Cassation ou le Procureur G\u00e9n\u00e9ral pr\u00e8s la Cour d\u2019Appel selon les cas sans avoir \u00e0 interf\u00e9rer dans la conduite de l\u2019action publique \u00bb<\/em>, a-t-il rappel\u00e9 avant de d\u00e9masquer les nostalgies les intentions des animateurs de ce minist\u00e8re :<\/p>\n\n\n\n<p><em>\u00ab Quand bien-m\u00eame le ministre de la justice donnerait cette injonction, le magistrat du parquet reste ma\u00eetre de l\u2019action publique, il peut appr\u00e9cier autrement, continuer les poursuites ou ne pas poursuivre. Donc, le ministre ne peut pas aller au-del\u00e0. Nous l\u2019avons constat\u00e9 qu\u2019avec le changement l\u00e9gislatif, ceux qui animent le minist\u00e8re de la justice se sentent d\u00e9plum\u00e9s, ils consid\u00e8rent que le pouvoir qu\u2019ils avaient \u00e0 l\u2019\u00e9poque de la deuxi\u00e8me r\u00e9publique sur les magistrats leur \u00e9chappe. Nous avons voulu du pouvoir judiciaire ind\u00e9pendant, le dernier rempart de nos libert\u00e9s. Raison pour laquelle, il ne reste que cette passerelle d\u2019injonction positive ou n\u00e9gative avec l\u2019appr\u00e9ciation souveraine du magistrat du parquet. \u00bb<\/em><\/p>\n\n\n\n<p>Me. Kabengela a en outre d\u00e9montr\u00e9 combien cette circulaire, non seulement cr\u00e9\u00e9e l\u2019ins\u00e9curit\u00e9 juridique et judiciaire, mais surtout, d\u00e9fie le pouvoir du Chef de l\u2019Etat :<\/p>\n\n\n\n<p><em>\u00ab La constitution dit que le juge est ind\u00e9pendant dans l\u2019accomplissement de sa mission, il ne peut recevoir l\u2019ordre de personne. Les juges de paix, les juges de grandes instances prennent des ordonnances de mise en d\u00e9tention pr\u00e9ventive et, ces derni\u00e8res permettent \u00e0 ce que des personnes sur lesquelles p\u00e8sent les indices s\u00e9rieux de culpabilit\u00e9 soient \u00e9loign\u00e9es de la soci\u00e9t\u00e9, leur libert\u00e9 soit restreinte ; cette circulaire refuse aux juges de prendre des ordonnances qui doivent \u00eatre ex\u00e9cut\u00e9s au nom du Chef de l\u2019Etat. C\u2019est \u00e7a l\u2019ins\u00e9curit\u00e9 juridique et judiciaire. \u00bb<\/em>, a insist\u00e9 cet avocat de carri\u00e8re.<\/p>\n\n\n\n<p>Il met cependant quiconque en d\u00e9fi quant \u00e0 la non-ex\u00e9cution de la dite circulaire :<\/p>\n\n\n\n<p><em>\u00ab \u2026\u00c7a ne va pas \u00eatre ex\u00e9cut\u00e9e. Vous savez ce que repr\u00e9sente la criminalit\u00e9 dans notre pays ? L\u2019ex\u00e9cuter c\u2019est cr\u00e9er une ins\u00e9curit\u00e9 g\u00e9n\u00e9ralis\u00e9e dans le pays. L\u2019impunit\u00e9 que l\u2019on chante ce n\u2019est pas seulement vis-\u00e0-vis des officiels, des ministres, etc\u2026 L\u2019impunit\u00e9 c\u2019est aussi lorsqu\u2019on remet en libert\u00e9 quelqu\u2019un que le juge a trouv\u00e9 qu\u2019il repr\u00e9sente un danger av\u00e9r\u00e9 pour la soci\u00e9t\u00e9. Les magistrats du parquet qui sont bien form\u00e9s comprennent que dans cette circulaire, il y a l\u2019exception d\u2019ill\u00e9galit\u00e9 ; une ill\u00e9galit\u00e9 manifeste et l\u2019ex\u00e9cuter, c\u2019est mettre le pays en danger. \u00bb<\/em> Ce n\u2019est pas a-t-il poursuivi, <em>\u00ab parce que vous voulez que la politique de d\u00e9sengorgement ait des effets palpables \u00e0 l\u2019honneur d\u2019un homme que vous devez mettre en p\u00e9ril l\u2019int\u00e9r\u00eat g\u00e9n\u00e9ral, la vie et la s\u00e9curit\u00e9 de toute une population. \u00bb<\/em><\/p>\n\n\n\n<p>A l\u2019en croire, le d\u00e9sengorgement ne devrait pas avoir pour effet de favoriser la criminalit\u00e9, l\u2019impunit\u00e9 et devrait \u00eatre pr\u00e9c\u00e9d\u00e9 par la construction des nouvelles maisons d\u2019arr\u00eat et des nouvelles prisons pour que ceux qui sont entass\u00e9s trouvent de lieu de d\u00e9tention ailleurs.<\/p>\n\n\n\n<p>Me. Kabengela, l\u00e9galiste av\u00e9r\u00e9, a de ce fait, promis de saisir les instances judiciaires pour faire retirer cette circulaire si son auteur de le retire pas de soi :<\/p>\n\n\n\n<p><em>\u00ab C\u2019est une circulaire qui n\u2019a pas d\u2019avenir sur le plan juridique, il doit la retirer de lui-m\u00eame ou bien sur instruction de la Premi\u00e8re Ministre. Si ce n\u2019est pas fait, on est pr\u00eat \u00e0 l\u2019attaquer devant la Cour Constitutionnelle ou le Conseil d\u2019Etat selon le cas parce qu\u2019il y a les moyens \u00e0 la fois constitutionnels et l\u00e9gaux \u00e0 invoquer contre une telle circulaire. \u00bb<\/em><\/p>\n\n\n\n<p>Cette r\u00e9flexion de Jean-Marie Kabengela Ilunga est corrobor\u00e9e par plusieurs autres juristes qui ont pris la parole pour faire constater l\u2019ill\u00e9galit\u00e9 non seulement de cette circulaire, mais \u00e9galement de plusieurs autres mesures prises par Constant Mutamba depuis qu\u2019il a pris les commandes du Minist\u00e8re de la Justice et Garde des Sceaux.<\/p>\n\n\n\n<p>Jo\u00ebl Diawa<\/p>\n","protected":false},"excerpt":{"rendered":"<p>R\u00e9daction: +243 817 406 088 Apr\u00e8s l&rsquo;incident de la prison central de Makala dans la&#8230;<\/p>\n","protected":false},"author":2,"featured_media":10825,"comment_status":"open","ping_status":"open","sticky":false,"template":"","format":"standard","meta":{"_jetpack_memberships_contains_paid_content":false,"footnotes":""},"categories":[6],"tags":[],"class_list":["post-10805","post","type-post","status-publish","format-standard","has-post-thumbnail","hentry","category-justice"],"yoast_head":"<!-- This site is optimized with the Yoast SEO plugin v27.5 - https:\/\/yoast.com\/product\/yoast-seo-wordpress\/ -->\n<title>La circulaire du Minist\u00e8re de la justice interdisant le transf\u00e8rement \u00e0 la prison des personnes non condamn\u00e9es n\u2019a pas d\u2019avenir sur le plan juridique. (Me. Jean-Marie Kabengela) - Infos Droits Humains<\/title>\n<meta name=\"robots\" content=\"index, follow, max-snippet:-1, max-image-preview:large, max-video-preview:-1\" \/>\n<link rel=\"canonical\" href=\"https:\/\/infos-droitshumains.net\/?p=10805\" \/>\n<meta property=\"og:locale\" content=\"fr_FR\" \/>\n<meta property=\"og:type\" content=\"article\" \/>\n<meta property=\"og:title\" content=\"La circulaire du Minist\u00e8re de la justice interdisant le transf\u00e8rement \u00e0 la prison des personnes non condamn\u00e9es n\u2019a pas d\u2019avenir sur le plan juridique. (Me. Jean-Marie Kabengela) - Infos Droits Humains\" \/>\n<meta property=\"og:description\" content=\"R\u00e9daction: +243 817 406 088 Apr\u00e8s l&rsquo;incident de la prison central de Makala dans la...\" \/>\n<meta property=\"og:url\" content=\"https:\/\/infos-droitshumains.net\/?p=10805\" \/>\n<meta property=\"og:site_name\" content=\"Infos Droits Humains\" \/>\n<meta property=\"article:published_time\" content=\"2024-09-05T21:44:32+00:00\" \/>\n<meta property=\"article:modified_time\" content=\"2024-09-05T21:51:29+00:00\" \/>\n<meta property=\"og:image\" content=\"https:\/\/infos-droitshumains.net\/wp-content\/uploads\/2024\/09\/InCollage_20240905_224824058.jpg\" \/>\n\t<meta property=\"og:image:width\" content=\"960\" \/>\n\t<meta property=\"og:image:height\" content=\"825\" \/>\n\t<meta property=\"og:image:type\" content=\"image\/jpeg\" \/>\n<meta name=\"author\" content=\"Jo\u00ebl Diawa\" \/>\n<meta name=\"twitter:card\" content=\"summary_large_image\" \/>\n<meta name=\"twitter:label1\" content=\"\u00c9crit par\" \/>\n\t<meta name=\"twitter:data1\" content=\"Jo\u00ebl Diawa\" \/>\n\t<meta name=\"twitter:label2\" content=\"Dur\u00e9e de lecture estim\u00e9e\" \/>\n\t<meta name=\"twitter:data2\" content=\"4 minutes\" \/>\n<script type=\"application\/ld+json\" class=\"yoast-schema-graph\">{\"@context\":\"https:\\\/\\\/schema.org\",\"@graph\":[{\"@type\":\"Article\",\"@id\":\"https:\\\/\\\/infos-droitshumains.net\\\/?p=10805#article\",\"isPartOf\":{\"@id\":\"https:\\\/\\\/infos-droitshumains.net\\\/?p=10805\"},\"author\":{\"name\":\"Jo\u00ebl Diawa\",\"@id\":\"https:\\\/\\\/infos-droitshumains.net\\\/#\\\/schema\\\/person\\\/3dc5e921c3302172e0ed4362f96faab7\"},\"headline\":\"La circulaire du Minist\u00e8re de la justice interdisant le transf\u00e8rement \u00e0 la prison des personnes non condamn\u00e9es n\u2019a pas d\u2019avenir sur le plan juridique. (Me. Jean-Marie Kabengela)\",\"datePublished\":\"2024-09-05T21:44:32+00:00\",\"dateModified\":\"2024-09-05T21:51:29+00:00\",\"mainEntityOfPage\":{\"@id\":\"https:\\\/\\\/infos-droitshumains.net\\\/?p=10805\"},\"wordCount\":904,\"commentCount\":0,\"publisher\":{\"@id\":\"https:\\\/\\\/infos-droitshumains.net\\\/#organization\"},\"image\":{\"@id\":\"https:\\\/\\\/infos-droitshumains.net\\\/?p=10805#primaryimage\"},\"thumbnailUrl\":\"https:\\\/\\\/i0.wp.com\\\/infos-droitshumains.net\\\/wp-content\\\/uploads\\\/2024\\\/09\\\/InCollage_20240905_224824058.jpg?fit=960%2C825&ssl=1\",\"articleSection\":[\"Justice\"],\"inLanguage\":\"fr-FR\",\"potentialAction\":[{\"@type\":\"CommentAction\",\"name\":\"Comment\",\"target\":[\"https:\\\/\\\/infos-droitshumains.net\\\/?p=10805#respond\"]}]},{\"@type\":\"WebPage\",\"@id\":\"https:\\\/\\\/infos-droitshumains.net\\\/?p=10805\",\"url\":\"https:\\\/\\\/infos-droitshumains.net\\\/?p=10805\",\"name\":\"La circulaire du Minist\u00e8re de la justice interdisant le transf\u00e8rement \u00e0 la prison des personnes non condamn\u00e9es n\u2019a pas d\u2019avenir sur le plan juridique. (Me. Jean-Marie Kabengela) - Infos Droits Humains\",\"isPartOf\":{\"@id\":\"https:\\\/\\\/infos-droitshumains.net\\\/#website\"},\"primaryImageOfPage\":{\"@id\":\"https:\\\/\\\/infos-droitshumains.net\\\/?p=10805#primaryimage\"},\"image\":{\"@id\":\"https:\\\/\\\/infos-droitshumains.net\\\/?p=10805#primaryimage\"},\"thumbnailUrl\":\"https:\\\/\\\/i0.wp.com\\\/infos-droitshumains.net\\\/wp-content\\\/uploads\\\/2024\\\/09\\\/InCollage_20240905_224824058.jpg?fit=960%2C825&ssl=1\",\"datePublished\":\"2024-09-05T21:44:32+00:00\",\"dateModified\":\"2024-09-05T21:51:29+00:00\",\"breadcrumb\":{\"@id\":\"https:\\\/\\\/infos-droitshumains.net\\\/?p=10805#breadcrumb\"},\"inLanguage\":\"fr-FR\",\"potentialAction\":[{\"@type\":\"ReadAction\",\"target\":[\"https:\\\/\\\/infos-droitshumains.net\\\/?p=10805\"]}]},{\"@type\":\"ImageObject\",\"inLanguage\":\"fr-FR\",\"@id\":\"https:\\\/\\\/infos-droitshumains.net\\\/?p=10805#primaryimage\",\"url\":\"https:\\\/\\\/i0.wp.com\\\/infos-droitshumains.net\\\/wp-content\\\/uploads\\\/2024\\\/09\\\/InCollage_20240905_224824058.jpg?fit=960%2C825&ssl=1\",\"contentUrl\":\"https:\\\/\\\/i0.wp.com\\\/infos-droitshumains.net\\\/wp-content\\\/uploads\\\/2024\\\/09\\\/InCollage_20240905_224824058.jpg?fit=960%2C825&ssl=1\",\"width\":960,\"height\":825},{\"@type\":\"BreadcrumbList\",\"@id\":\"https:\\\/\\\/infos-droitshumains.net\\\/?p=10805#breadcrumb\",\"itemListElement\":[{\"@type\":\"ListItem\",\"position\":1,\"name\":\"Accueil\",\"item\":\"https:\\\/\\\/infos-droitshumains.net\\\/\"},{\"@type\":\"ListItem\",\"position\":2,\"name\":\"La circulaire du Minist\u00e8re de la justice interdisant le transf\u00e8rement \u00e0 la prison des personnes non condamn\u00e9es n\u2019a pas d\u2019avenir sur le plan juridique. (Me. Jean-Marie Kabengela)\"}]},{\"@type\":\"WebSite\",\"@id\":\"https:\\\/\\\/infos-droitshumains.net\\\/#website\",\"url\":\"https:\\\/\\\/infos-droitshumains.net\\\/\",\"name\":\"Infos Droits Humains\",\"description\":\"S&#039;informer est un droit\",\"publisher\":{\"@id\":\"https:\\\/\\\/infos-droitshumains.net\\\/#organization\"},\"potentialAction\":[{\"@type\":\"SearchAction\",\"target\":{\"@type\":\"EntryPoint\",\"urlTemplate\":\"https:\\\/\\\/infos-droitshumains.net\\\/?s={search_term_string}\"},\"query-input\":{\"@type\":\"PropertyValueSpecification\",\"valueRequired\":true,\"valueName\":\"search_term_string\"}}],\"inLanguage\":\"fr-FR\"},{\"@type\":\"Organization\",\"@id\":\"https:\\\/\\\/infos-droitshumains.net\\\/#organization\",\"name\":\"Infos Droits Humains\",\"url\":\"https:\\\/\\\/infos-droitshumains.net\\\/\",\"logo\":{\"@type\":\"ImageObject\",\"inLanguage\":\"fr-FR\",\"@id\":\"https:\\\/\\\/infos-droitshumains.net\\\/#\\\/schema\\\/logo\\\/image\\\/\",\"url\":\"https:\\\/\\\/i0.wp.com\\\/infos-droitshumains.net\\\/wp-content\\\/uploads\\\/2022\\\/05\\\/Logo.png?fit=333%2C129&ssl=1\",\"contentUrl\":\"https:\\\/\\\/i0.wp.com\\\/infos-droitshumains.net\\\/wp-content\\\/uploads\\\/2022\\\/05\\\/Logo.png?fit=333%2C129&ssl=1\",\"width\":333,\"height\":129,\"caption\":\"Infos Droits Humains\"},\"image\":{\"@id\":\"https:\\\/\\\/infos-droitshumains.net\\\/#\\\/schema\\\/logo\\\/image\\\/\"}},{\"@type\":\"Person\",\"@id\":\"https:\\\/\\\/infos-droitshumains.net\\\/#\\\/schema\\\/person\\\/3dc5e921c3302172e0ed4362f96faab7\",\"name\":\"Jo\u00ebl Diawa\",\"image\":{\"@type\":\"ImageObject\",\"inLanguage\":\"fr-FR\",\"@id\":\"https:\\\/\\\/secure.gravatar.com\\\/avatar\\\/729bea6ff4604c624417803c477363be8e3c7186deaa65713313f9b4b820f41c?s=96&d=mm&r=g\",\"url\":\"https:\\\/\\\/secure.gravatar.com\\\/avatar\\\/729bea6ff4604c624417803c477363be8e3c7186deaa65713313f9b4b820f41c?s=96&d=mm&r=g\",\"contentUrl\":\"https:\\\/\\\/secure.gravatar.com\\\/avatar\\\/729bea6ff4604c624417803c477363be8e3c7186deaa65713313f9b4b820f41c?s=96&d=mm&r=g\",\"caption\":\"Jo\u00ebl Diawa\"},\"sameAs\":[\"https:\\\/\\\/www.infos-droitshumains.net\"],\"url\":\"https:\\\/\\\/infos-droitshumains.net\\\/?author=2\"}]}<\/script>\n<!-- \/ Yoast SEO plugin. -->","yoast_head_json":{"title":"La circulaire du Minist\u00e8re de la justice interdisant le transf\u00e8rement \u00e0 la prison des personnes non condamn\u00e9es n\u2019a pas d\u2019avenir sur le plan juridique. (Me. Jean-Marie Kabengela) - Infos Droits Humains","robots":{"index":"index","follow":"follow","max-snippet":"max-snippet:-1","max-image-preview":"max-image-preview:large","max-video-preview":"max-video-preview:-1"},"canonical":"https:\/\/infos-droitshumains.net\/?p=10805","og_locale":"fr_FR","og_type":"article","og_title":"La circulaire du Minist\u00e8re de la justice interdisant le transf\u00e8rement \u00e0 la prison des personnes non condamn\u00e9es n\u2019a pas d\u2019avenir sur le plan juridique. (Me. Jean-Marie Kabengela) - Infos Droits Humains","og_description":"R\u00e9daction: +243 817 406 088 Apr\u00e8s l&rsquo;incident de la prison central de Makala dans la...","og_url":"https:\/\/infos-droitshumains.net\/?p=10805","og_site_name":"Infos Droits Humains","article_published_time":"2024-09-05T21:44:32+00:00","article_modified_time":"2024-09-05T21:51:29+00:00","og_image":[{"width":960,"height":825,"url":"https:\/\/infos-droitshumains.net\/wp-content\/uploads\/2024\/09\/InCollage_20240905_224824058.jpg","type":"image\/jpeg"}],"author":"Jo\u00ebl Diawa","twitter_card":"summary_large_image","twitter_misc":{"\u00c9crit par":"Jo\u00ebl Diawa","Dur\u00e9e de lecture estim\u00e9e":"4 minutes"},"schema":{"@context":"https:\/\/schema.org","@graph":[{"@type":"Article","@id":"https:\/\/infos-droitshumains.net\/?p=10805#article","isPartOf":{"@id":"https:\/\/infos-droitshumains.net\/?p=10805"},"author":{"name":"Jo\u00ebl Diawa","@id":"https:\/\/infos-droitshumains.net\/#\/schema\/person\/3dc5e921c3302172e0ed4362f96faab7"},"headline":"La circulaire du Minist\u00e8re de la justice interdisant le transf\u00e8rement \u00e0 la prison des personnes non condamn\u00e9es n\u2019a pas d\u2019avenir sur le plan juridique. (Me. Jean-Marie Kabengela)","datePublished":"2024-09-05T21:44:32+00:00","dateModified":"2024-09-05T21:51:29+00:00","mainEntityOfPage":{"@id":"https:\/\/infos-droitshumains.net\/?p=10805"},"wordCount":904,"commentCount":0,"publisher":{"@id":"https:\/\/infos-droitshumains.net\/#organization"},"image":{"@id":"https:\/\/infos-droitshumains.net\/?p=10805#primaryimage"},"thumbnailUrl":"https:\/\/i0.wp.com\/infos-droitshumains.net\/wp-content\/uploads\/2024\/09\/InCollage_20240905_224824058.jpg?fit=960%2C825&ssl=1","articleSection":["Justice"],"inLanguage":"fr-FR","potentialAction":[{"@type":"CommentAction","name":"Comment","target":["https:\/\/infos-droitshumains.net\/?p=10805#respond"]}]},{"@type":"WebPage","@id":"https:\/\/infos-droitshumains.net\/?p=10805","url":"https:\/\/infos-droitshumains.net\/?p=10805","name":"La circulaire du Minist\u00e8re de la justice interdisant le transf\u00e8rement \u00e0 la prison des personnes non condamn\u00e9es n\u2019a pas d\u2019avenir sur le plan juridique. (Me. Jean-Marie Kabengela) - Infos Droits Humains","isPartOf":{"@id":"https:\/\/infos-droitshumains.net\/#website"},"primaryImageOfPage":{"@id":"https:\/\/infos-droitshumains.net\/?p=10805#primaryimage"},"image":{"@id":"https:\/\/infos-droitshumains.net\/?p=10805#primaryimage"},"thumbnailUrl":"https:\/\/i0.wp.com\/infos-droitshumains.net\/wp-content\/uploads\/2024\/09\/InCollage_20240905_224824058.jpg?fit=960%2C825&ssl=1","datePublished":"2024-09-05T21:44:32+00:00","dateModified":"2024-09-05T21:51:29+00:00","breadcrumb":{"@id":"https:\/\/infos-droitshumains.net\/?p=10805#breadcrumb"},"inLanguage":"fr-FR","potentialAction":[{"@type":"ReadAction","target":["https:\/\/infos-droitshumains.net\/?p=10805"]}]},{"@type":"ImageObject","inLanguage":"fr-FR","@id":"https:\/\/infos-droitshumains.net\/?p=10805#primaryimage","url":"https:\/\/i0.wp.com\/infos-droitshumains.net\/wp-content\/uploads\/2024\/09\/InCollage_20240905_224824058.jpg?fit=960%2C825&ssl=1","contentUrl":"https:\/\/i0.wp.com\/infos-droitshumains.net\/wp-content\/uploads\/2024\/09\/InCollage_20240905_224824058.jpg?fit=960%2C825&ssl=1","width":960,"height":825},{"@type":"BreadcrumbList","@id":"https:\/\/infos-droitshumains.net\/?p=10805#breadcrumb","itemListElement":[{"@type":"ListItem","position":1,"name":"Accueil","item":"https:\/\/infos-droitshumains.net\/"},{"@type":"ListItem","position":2,"name":"La circulaire du Minist\u00e8re de la justice interdisant le transf\u00e8rement \u00e0 la prison des personnes non condamn\u00e9es n\u2019a pas d\u2019avenir sur le plan juridique. (Me. Jean-Marie Kabengela)"}]},{"@type":"WebSite","@id":"https:\/\/infos-droitshumains.net\/#website","url":"https:\/\/infos-droitshumains.net\/","name":"Infos Droits Humains","description":"S&#039;informer est un droit","publisher":{"@id":"https:\/\/infos-droitshumains.net\/#organization"},"potentialAction":[{"@type":"SearchAction","target":{"@type":"EntryPoint","urlTemplate":"https:\/\/infos-droitshumains.net\/?s={search_term_string}"},"query-input":{"@type":"PropertyValueSpecification","valueRequired":true,"valueName":"search_term_string"}}],"inLanguage":"fr-FR"},{"@type":"Organization","@id":"https:\/\/infos-droitshumains.net\/#organization","name":"Infos Droits Humains","url":"https:\/\/infos-droitshumains.net\/","logo":{"@type":"ImageObject","inLanguage":"fr-FR","@id":"https:\/\/infos-droitshumains.net\/#\/schema\/logo\/image\/","url":"https:\/\/i0.wp.com\/infos-droitshumains.net\/wp-content\/uploads\/2022\/05\/Logo.png?fit=333%2C129&ssl=1","contentUrl":"https:\/\/i0.wp.com\/infos-droitshumains.net\/wp-content\/uploads\/2022\/05\/Logo.png?fit=333%2C129&ssl=1","width":333,"height":129,"caption":"Infos Droits Humains"},"image":{"@id":"https:\/\/infos-droitshumains.net\/#\/schema\/logo\/image\/"}},{"@type":"Person","@id":"https:\/\/infos-droitshumains.net\/#\/schema\/person\/3dc5e921c3302172e0ed4362f96faab7","name":"Jo\u00ebl Diawa","image":{"@type":"ImageObject","inLanguage":"fr-FR","@id":"https:\/\/secure.gravatar.com\/avatar\/729bea6ff4604c624417803c477363be8e3c7186deaa65713313f9b4b820f41c?s=96&d=mm&r=g","url":"https:\/\/secure.gravatar.com\/avatar\/729bea6ff4604c624417803c477363be8e3c7186deaa65713313f9b4b820f41c?s=96&d=mm&r=g","contentUrl":"https:\/\/secure.gravatar.com\/avatar\/729bea6ff4604c624417803c477363be8e3c7186deaa65713313f9b4b820f41c?s=96&d=mm&r=g","caption":"Jo\u00ebl Diawa"},"sameAs":["https:\/\/www.infos-droitshumains.net"],"url":"https:\/\/infos-droitshumains.net\/?author=2"}]}},"featured_image_urls":{"full":["https:\/\/i0.wp.com\/infos-droitshumains.net\/wp-content\/uploads\/2024\/09\/InCollage_20240905_224824058.jpg?fit=960%2C825&ssl=1",960,825,false],"thumbnail":["https:\/\/i0.wp.com\/infos-droitshumains.net\/wp-content\/uploads\/2024\/09\/InCollage_20240905_224824058.jpg?resize=150%2C150&ssl=1",150,150,true],"medium":["https:\/\/i0.wp.com\/infos-droitshumains.net\/wp-content\/uploads\/2024\/09\/InCollage_20240905_224824058.jpg?fit=300%2C258&ssl=1",300,258,true],"medium_large":["https:\/\/i0.wp.com\/infos-droitshumains.net\/wp-content\/uploads\/2024\/09\/InCollage_20240905_224824058.jpg?fit=640%2C550&ssl=1",640,550,true],"large":["https:\/\/i0.wp.com\/infos-droitshumains.net\/wp-content\/uploads\/2024\/09\/InCollage_20240905_224824058.jpg?fit=640%2C550&ssl=1",640,550,true],"1536x1536":["https:\/\/i0.wp.com\/infos-droitshumains.net\/wp-content\/uploads\/2024\/09\/InCollage_20240905_224824058.jpg?fit=960%2C825&ssl=1",960,825,true],"2048x2048":["https:\/\/i0.wp.com\/infos-droitshumains.net\/wp-content\/uploads\/2024\/09\/InCollage_20240905_224824058.jpg?fit=960%2C825&ssl=1",960,825,true],"covernews-slider-full":["https:\/\/i0.wp.com\/infos-droitshumains.net\/wp-content\/uploads\/2024\/09\/InCollage_20240905_224824058.jpg?resize=960%2C715&ssl=1",960,715,true],"covernews-slider-center":["https:\/\/i0.wp.com\/infos-droitshumains.net\/wp-content\/uploads\/2024\/09\/InCollage_20240905_224824058.jpg?resize=800%2C500&ssl=1",800,500,true],"covernews-featured":["https:\/\/i0.wp.com\/infos-droitshumains.net\/wp-content\/uploads\/2024\/09\/InCollage_20240905_224824058.jpg?fit=960%2C825&ssl=1",960,825,true],"covernews-medium":["https:\/\/i0.wp.com\/infos-droitshumains.net\/wp-content\/uploads\/2024\/09\/InCollage_20240905_224824058.jpg?resize=540%2C340&ssl=1",540,340,true],"covernews-medium-square":["https:\/\/i0.wp.com\/infos-droitshumains.net\/wp-content\/uploads\/2024\/09\/InCollage_20240905_224824058.jpg?resize=400%2C250&ssl=1",400,250,true]},"author_info":{"display_name":"Jo\u00ebl Diawa","author_link":"https:\/\/infos-droitshumains.net\/?author=2"},"category_info":"<a href=\"https:\/\/infos-droitshumains.net\/?cat=6\" rel=\"category\">Justice<\/a>","tag_info":"Justice","comment_count":"0","jetpack_featured_media_url":"https:\/\/i0.wp.com\/infos-droitshumains.net\/wp-content\/uploads\/2024\/09\/InCollage_20240905_224824058.jpg?fit=960%2C825&ssl=1","jetpack-related-posts":[],"jetpack_sharing_enabled":true,"_links":{"self":[{"href":"https:\/\/infos-droitshumains.net\/index.php?rest_route=\/wp\/v2\/posts\/10805","targetHints":{"allow":["GET"]}}],"collection":[{"href":"https:\/\/infos-droitshumains.net\/index.php?rest_route=\/wp\/v2\/posts"}],"about":[{"href":"https:\/\/infos-droitshumains.net\/index.php?rest_route=\/wp\/v2\/types\/post"}],"author":[{"embeddable":true,"href":"https:\/\/infos-droitshumains.net\/index.php?rest_route=\/wp\/v2\/users\/2"}],"replies":[{"embeddable":true,"href":"https:\/\/infos-droitshumains.net\/index.php?rest_route=%2Fwp%2Fv2%2Fcomments&post=10805"}],"version-history":[{"count":12,"href":"https:\/\/infos-droitshumains.net\/index.php?rest_route=\/wp\/v2\/posts\/10805\/revisions"}],"predecessor-version":[{"id":10822,"href":"https:\/\/infos-droitshumains.net\/index.php?rest_route=\/wp\/v2\/posts\/10805\/revisions\/10822"}],"wp:featuredmedia":[{"embeddable":true,"href":"https:\/\/infos-droitshumains.net\/index.php?rest_route=\/wp\/v2\/media\/10825"}],"wp:attachment":[{"href":"https:\/\/infos-droitshumains.net\/index.php?rest_route=%2Fwp%2Fv2%2Fmedia&parent=10805"}],"wp:term":[{"taxonomy":"category","embeddable":true,"href":"https:\/\/infos-droitshumains.net\/index.php?rest_route=%2Fwp%2Fv2%2Fcategories&post=10805"},{"taxonomy":"post_tag","embeddable":true,"href":"https:\/\/infos-droitshumains.net\/index.php?rest_route=%2Fwp%2Fv2%2Ftags&post=10805"}],"curies":[{"name":"wp","href":"https:\/\/api.w.org\/{rel}","templated":true}]}}