{"id":10796,"date":"2024-09-04T23:51:01","date_gmt":"2024-09-04T21:51:01","guid":{"rendered":"https:\/\/infos-droitshumains.net\/?p=10796"},"modified":"2024-09-04T23:53:04","modified_gmt":"2024-09-04T21:53:04","slug":"production-du-livre-blanc-de-la-jeunesse-congolaise-vital-kamerhe-promet-laccompagnement-a-lassemblee-de-la-jeunesse-de-lunion-africaine","status":"publish","type":"post","link":"https:\/\/infos-droitshumains.net\/?p=10796","title":{"rendered":"Production du livre blanc de la jeunesse congolaise: Vital Kamerhe promet son accompagnement \u00e0 l&rsquo;assembl\u00e9e de la jeunesse de l&rsquo;Union Africaine"},"content":{"rendered":"\n<p><strong>R\u00e9daction: +243 817 406 088<\/strong><\/p>\n\n\n\n<h3 class=\"wp-block-heading has-vivid-red-color has-text-color has-link-color wp-elements-d23671b200b156496412599dcadcb2d8\">La production du livre blanc de la jeunesse congolaise \u00e9tait au centre des \u00e9changes ce mercredi 04 Septembre entre le Pr\u00e9sident de l\u2019Assembl\u00e9e Nationale et une d\u00e9l\u00e9gation de l&rsquo;Assembl\u00e9e de la Jeunesse de l&rsquo;Union Africaine section RDC. Ces jeunes ont pr\u00e9sent\u00e9 \u00e0 Vital Kamerhe leur cahier de charge qui annonce dans les prochains jours, une tourn\u00e9e dans toutes les provinces du pays.<\/h3>\n\n\n\n<figure class=\"wp-block-image alignfull size-large\"><img data-recalc-dims=\"1\" fetchpriority=\"high\" decoding=\"async\" width=\"640\" height=\"427\" src=\"https:\/\/i0.wp.com\/infos-droitshumains.net\/wp-content\/uploads\/2024\/09\/IMG-20240904-WA0092.jpg?resize=640%2C427&#038;ssl=1\" alt=\"\" class=\"wp-image-10798\" srcset=\"https:\/\/i0.wp.com\/infos-droitshumains.net\/wp-content\/uploads\/2024\/09\/IMG-20240904-WA0092.jpg?resize=1024%2C683&amp;ssl=1 1024w, https:\/\/i0.wp.com\/infos-droitshumains.net\/wp-content\/uploads\/2024\/09\/IMG-20240904-WA0092.jpg?resize=300%2C200&amp;ssl=1 300w, https:\/\/i0.wp.com\/infos-droitshumains.net\/wp-content\/uploads\/2024\/09\/IMG-20240904-WA0092.jpg?resize=768%2C512&amp;ssl=1 768w, https:\/\/i0.wp.com\/infos-droitshumains.net\/wp-content\/uploads\/2024\/09\/IMG-20240904-WA0092.jpg?resize=1536%2C1025&amp;ssl=1 1536w, https:\/\/i0.wp.com\/infos-droitshumains.net\/wp-content\/uploads\/2024\/09\/IMG-20240904-WA0092.jpg?resize=2048%2C1366&amp;ssl=1 2048w, https:\/\/i0.wp.com\/infos-droitshumains.net\/wp-content\/uploads\/2024\/09\/IMG-20240904-WA0092.jpg?w=1280&amp;ssl=1 1280w, https:\/\/i0.wp.com\/infos-droitshumains.net\/wp-content\/uploads\/2024\/09\/IMG-20240904-WA0092.jpg?w=1920&amp;ssl=1 1920w\" sizes=\"(max-width: 640px) 100vw, 640px\" \/><\/figure>\n\n\n\n<p>Il sera question \u00e0 en croire Jack Kambwa, Pr\u00e9sident pays de cette structure, d\u2019aller \u00e0 la rencontre des r\u00e9els probl\u00e8mes de la jeunesse congolaise avec toutes les particularit\u00e9s propres \u00e0 chaque zone g\u00e9ographique dans le contexte actuel. Cette tourn\u00e9e va permettre \u00e0 l&rsquo;Assembl\u00e9e&nbsp; de la Jeunesse de l&rsquo;Union Africaine section RDC de produire \u00e0 l&rsquo;intention des d\u00e9cideurs, un livre blanc en rapport avec la jeunesse.<\/p>\n\n\n\n<figure class=\"wp-block-image alignfull size-large\"><img data-recalc-dims=\"1\" decoding=\"async\" width=\"640\" height=\"427\" src=\"https:\/\/i0.wp.com\/infos-droitshumains.net\/wp-content\/uploads\/2024\/09\/IMG-20240904-WA0080.jpg?resize=640%2C427&#038;ssl=1\" alt=\"\" class=\"wp-image-10799\" srcset=\"https:\/\/i0.wp.com\/infos-droitshumains.net\/wp-content\/uploads\/2024\/09\/IMG-20240904-WA0080.jpg?resize=1024%2C683&amp;ssl=1 1024w, https:\/\/i0.wp.com\/infos-droitshumains.net\/wp-content\/uploads\/2024\/09\/IMG-20240904-WA0080.jpg?resize=300%2C200&amp;ssl=1 300w, https:\/\/i0.wp.com\/infos-droitshumains.net\/wp-content\/uploads\/2024\/09\/IMG-20240904-WA0080.jpg?resize=768%2C512&amp;ssl=1 768w, https:\/\/i0.wp.com\/infos-droitshumains.net\/wp-content\/uploads\/2024\/09\/IMG-20240904-WA0080.jpg?resize=1536%2C1025&amp;ssl=1 1536w, https:\/\/i0.wp.com\/infos-droitshumains.net\/wp-content\/uploads\/2024\/09\/IMG-20240904-WA0080.jpg?resize=2048%2C1366&amp;ssl=1 2048w, https:\/\/i0.wp.com\/infos-droitshumains.net\/wp-content\/uploads\/2024\/09\/IMG-20240904-WA0080.jpg?w=1280&amp;ssl=1 1280w, https:\/\/i0.wp.com\/infos-droitshumains.net\/wp-content\/uploads\/2024\/09\/IMG-20240904-WA0080.jpg?w=1920&amp;ssl=1 1920w\" sizes=\"(max-width: 640px) 100vw, 640px\" \/><\/figure>\n\n\n\n<p>Faisant d\u2019une pierre deux coups, cette d\u00e9l\u00e9gation \u00e0 fait \u00e9galement un plaidoyer pour que l&rsquo;Assembl\u00e9e Nationale introduise dans le budget de l&rsquo;\u00e9tat, une ligne budg\u00e9taire d\u00e9di\u00e9e au fonctionnement de ladite structure. \u00c0 cette m\u00eame occasion, Jack KAMBWA, a rappel\u00e9 au Pr\u00e9sident de l&rsquo;Assembl\u00e9e Nationale, la n\u00e9cessit\u00e9 d&rsquo;avoir aussi une ligne budg\u00e9taire pour soutenir tous les jeunes qui repr\u00e9sentent la R\u00e9publique D\u00e9mocratique du Congo valablement dans des \u00e9v\u00e9nements internationaux<\/p>\n\n\n\n<p><em>\u00ab Le Pr\u00e9sident de l\u2019Assembl\u00e9e Nationale en sa qualit\u00e9 de l&rsquo;organe l\u00e9gislatif et budg\u00e9taire et en tant que haut repr\u00e9sentant dans les Institutions de notre Pays, a \u00e9t\u00e9 tr\u00e8s attentif \u00e0 notre requ\u00eate et il a r\u00e9pondu tr\u00e8s favorablement en nous donnant ses orientations sur plusieurs points assez importants \u00e0 prendre en compte dans notre d\u00e9marche\u00bb<\/em>, a d\u00e9clar\u00e9 Jack Kambwa au sortir de l\u2019audience.<\/p>\n\n\n\n<figure class=\"wp-block-image alignfull size-large\"><img data-recalc-dims=\"1\" decoding=\"async\" width=\"640\" height=\"427\" src=\"https:\/\/i0.wp.com\/infos-droitshumains.net\/wp-content\/uploads\/2024\/09\/IMG-20240904-WA0072.jpg?resize=640%2C427&#038;ssl=1\" alt=\"\" class=\"wp-image-10800\" srcset=\"https:\/\/i0.wp.com\/infos-droitshumains.net\/wp-content\/uploads\/2024\/09\/IMG-20240904-WA0072.jpg?resize=1024%2C683&amp;ssl=1 1024w, https:\/\/i0.wp.com\/infos-droitshumains.net\/wp-content\/uploads\/2024\/09\/IMG-20240904-WA0072.jpg?resize=300%2C200&amp;ssl=1 300w, https:\/\/i0.wp.com\/infos-droitshumains.net\/wp-content\/uploads\/2024\/09\/IMG-20240904-WA0072.jpg?resize=768%2C512&amp;ssl=1 768w, https:\/\/i0.wp.com\/infos-droitshumains.net\/wp-content\/uploads\/2024\/09\/IMG-20240904-WA0072.jpg?resize=1536%2C1025&amp;ssl=1 1536w, https:\/\/i0.wp.com\/infos-droitshumains.net\/wp-content\/uploads\/2024\/09\/IMG-20240904-WA0072.jpg?resize=2048%2C1366&amp;ssl=1 2048w, https:\/\/i0.wp.com\/infos-droitshumains.net\/wp-content\/uploads\/2024\/09\/IMG-20240904-WA0072.jpg?w=1280&amp;ssl=1 1280w, https:\/\/i0.wp.com\/infos-droitshumains.net\/wp-content\/uploads\/2024\/09\/IMG-20240904-WA0072.jpg?w=1920&amp;ssl=1 1920w\" sizes=\"(max-width: 640px) 100vw, 640px\" \/><\/figure>\n\n\n\n<p>Le Professeur Vital Kamerhe de sa part, lou\u00e9 cette initiative en insistant sur l&rsquo;attention qu&rsquo;il faudra accorder \u00e0 l&rsquo;\u00e9valuation du niveau de formation et d&rsquo;instruction de la jeunesse en vue d&rsquo;avoir le tableau des potentialit\u00e9s de cette jeunesse en tant qu&rsquo;acteurs du d\u00e9veloppement \u00e9conomique et social du Pays car, ceci pourra permettre aux d\u00e9cideurs <em>\u00ab\u00a0d&rsquo;am\u00e9liorer objectivement le secteur \u00e9ducatif\u00a0\u00bb<\/em>, a-t-il insist\u00e9.<\/p>\n\n\n\n<figure class=\"wp-block-image alignfull size-large\"><img data-recalc-dims=\"1\" loading=\"lazy\" decoding=\"async\" width=\"640\" height=\"427\" src=\"https:\/\/i0.wp.com\/infos-droitshumains.net\/wp-content\/uploads\/2024\/09\/IMG-20240904-WA0093.jpg?resize=640%2C427&#038;ssl=1\" alt=\"\" class=\"wp-image-10801\" srcset=\"https:\/\/i0.wp.com\/infos-droitshumains.net\/wp-content\/uploads\/2024\/09\/IMG-20240904-WA0093.jpg?resize=1024%2C683&amp;ssl=1 1024w, https:\/\/i0.wp.com\/infos-droitshumains.net\/wp-content\/uploads\/2024\/09\/IMG-20240904-WA0093.jpg?resize=300%2C200&amp;ssl=1 300w, https:\/\/i0.wp.com\/infos-droitshumains.net\/wp-content\/uploads\/2024\/09\/IMG-20240904-WA0093.jpg?resize=768%2C512&amp;ssl=1 768w, https:\/\/i0.wp.com\/infos-droitshumains.net\/wp-content\/uploads\/2024\/09\/IMG-20240904-WA0093.jpg?resize=1536%2C1025&amp;ssl=1 1536w, https:\/\/i0.wp.com\/infos-droitshumains.net\/wp-content\/uploads\/2024\/09\/IMG-20240904-WA0093.jpg?resize=2048%2C1366&amp;ssl=1 2048w, https:\/\/i0.wp.com\/infos-droitshumains.net\/wp-content\/uploads\/2024\/09\/IMG-20240904-WA0093.jpg?w=1280&amp;ssl=1 1280w, https:\/\/i0.wp.com\/infos-droitshumains.net\/wp-content\/uploads\/2024\/09\/IMG-20240904-WA0093.jpg?w=1920&amp;ssl=1 1920w\" sizes=\"(max-width: 640px) 100vw, 640px\" \/><\/figure>\n\n\n\n<p>Il a en outre promis le soutien de l\u2019Assembl\u00e9e Nationale pour accompagner la section RDC de l&rsquo;Assembl\u00e9e de la Jeunesse de l&rsquo;Union Africaine dans sa d\u00e9marche.<\/p>\n\n\n\n<p>Jo\u00ebl Diawa<\/p>\n","protected":false},"excerpt":{"rendered":"<p>R\u00e9daction: +243 817 406 088 La production du livre blanc de la jeunesse congolaise \u00e9tait&#8230;<\/p>\n","protected":false},"author":2,"featured_media":10797,"comment_status":"open","ping_status":"open","sticky":false,"template":"","format":"standard","meta":{"_jetpack_memberships_contains_paid_content":false,"footnotes":""},"categories":[3],"tags":[],"class_list":["post-10796","post","type-post","status-publish","format-standard","has-post-thumbnail","hentry","category-politique"],"yoast_head":"<!-- This site is optimized with the Yoast SEO plugin v27.5 - https:\/\/yoast.com\/product\/yoast-seo-wordpress\/ -->\n<title>Production du livre blanc de la jeunesse congolaise: Vital Kamerhe promet son accompagnement \u00e0 l&#039;assembl\u00e9e de la jeunesse de l&#039;Union Africaine - Infos Droits Humains<\/title>\n<meta name=\"robots\" content=\"index, follow, max-snippet:-1, max-image-preview:large, max-video-preview:-1\" \/>\n<link rel=\"canonical\" href=\"https:\/\/infos-droitshumains.net\/?p=10796\" \/>\n<meta property=\"og:locale\" content=\"fr_FR\" \/>\n<meta property=\"og:type\" content=\"article\" \/>\n<meta property=\"og:title\" content=\"Production du livre blanc de la jeunesse congolaise: Vital Kamerhe promet son accompagnement \u00e0 l&#039;assembl\u00e9e de la jeunesse de l&#039;Union Africaine - Infos Droits Humains\" \/>\n<meta property=\"og:description\" content=\"R\u00e9daction: +243 817 406 088 La production du livre blanc de la jeunesse congolaise \u00e9tait...\" \/>\n<meta property=\"og:url\" content=\"https:\/\/infos-droitshumains.net\/?p=10796\" \/>\n<meta property=\"og:site_name\" content=\"Infos Droits Humains\" \/>\n<meta property=\"article:published_time\" content=\"2024-09-04T21:51:01+00:00\" \/>\n<meta property=\"article:modified_time\" content=\"2024-09-04T21:53:04+00:00\" \/>\n<meta property=\"og:image\" content=\"https:\/\/infos-droitshumains.net\/wp-content\/uploads\/2024\/09\/IMG-20240904-WA0074.jpg\" \/>\n\t<meta property=\"og:image:width\" content=\"2560\" \/>\n\t<meta property=\"og:image:height\" content=\"1708\" \/>\n\t<meta property=\"og:image:type\" content=\"image\/jpeg\" \/>\n<meta name=\"author\" content=\"Jo\u00ebl Diawa\" \/>\n<meta name=\"twitter:card\" content=\"summary_large_image\" \/>\n<meta name=\"twitter:label1\" content=\"\u00c9crit par\" \/>\n\t<meta name=\"twitter:data1\" content=\"Jo\u00ebl Diawa\" \/>\n\t<meta name=\"twitter:label2\" content=\"Dur\u00e9e de lecture estim\u00e9e\" \/>\n\t<meta name=\"twitter:data2\" content=\"3 minutes\" \/>\n<script type=\"application\/ld+json\" class=\"yoast-schema-graph\">{\"@context\":\"https:\\\/\\\/schema.org\",\"@graph\":[{\"@type\":\"Article\",\"@id\":\"https:\\\/\\\/infos-droitshumains.net\\\/?p=10796#article\",\"isPartOf\":{\"@id\":\"https:\\\/\\\/infos-droitshumains.net\\\/?p=10796\"},\"author\":{\"name\":\"Jo\u00ebl Diawa\",\"@id\":\"https:\\\/\\\/infos-droitshumains.net\\\/#\\\/schema\\\/person\\\/3dc5e921c3302172e0ed4362f96faab7\"},\"headline\":\"Production du livre blanc de la jeunesse congolaise: Vital Kamerhe promet son accompagnement \u00e0 l&rsquo;assembl\u00e9e de la jeunesse de l&rsquo;Union Africaine\",\"datePublished\":\"2024-09-04T21:51:01+00:00\",\"dateModified\":\"2024-09-04T21:53:04+00:00\",\"mainEntityOfPage\":{\"@id\":\"https:\\\/\\\/infos-droitshumains.net\\\/?p=10796\"},\"wordCount\":416,\"commentCount\":0,\"publisher\":{\"@id\":\"https:\\\/\\\/infos-droitshumains.net\\\/#organization\"},\"image\":{\"@id\":\"https:\\\/\\\/infos-droitshumains.net\\\/?p=10796#primaryimage\"},\"thumbnailUrl\":\"https:\\\/\\\/i0.wp.com\\\/infos-droitshumains.net\\\/wp-content\\\/uploads\\\/2024\\\/09\\\/IMG-20240904-WA0074.jpg?fit=2560%2C1708&ssl=1\",\"articleSection\":[\"Politique\"],\"inLanguage\":\"fr-FR\",\"potentialAction\":[{\"@type\":\"CommentAction\",\"name\":\"Comment\",\"target\":[\"https:\\\/\\\/infos-droitshumains.net\\\/?p=10796#respond\"]}]},{\"@type\":\"WebPage\",\"@id\":\"https:\\\/\\\/infos-droitshumains.net\\\/?p=10796\",\"url\":\"https:\\\/\\\/infos-droitshumains.net\\\/?p=10796\",\"name\":\"Production du livre blanc de la jeunesse congolaise: Vital Kamerhe promet son accompagnement \u00e0 l'assembl\u00e9e de la jeunesse de l'Union Africaine - Infos Droits Humains\",\"isPartOf\":{\"@id\":\"https:\\\/\\\/infos-droitshumains.net\\\/#website\"},\"primaryImageOfPage\":{\"@id\":\"https:\\\/\\\/infos-droitshumains.net\\\/?p=10796#primaryimage\"},\"image\":{\"@id\":\"https:\\\/\\\/infos-droitshumains.net\\\/?p=10796#primaryimage\"},\"thumbnailUrl\":\"https:\\\/\\\/i0.wp.com\\\/infos-droitshumains.net\\\/wp-content\\\/uploads\\\/2024\\\/09\\\/IMG-20240904-WA0074.jpg?fit=2560%2C1708&ssl=1\",\"datePublished\":\"2024-09-04T21:51:01+00:00\",\"dateModified\":\"2024-09-04T21:53:04+00:00\",\"breadcrumb\":{\"@id\":\"https:\\\/\\\/infos-droitshumains.net\\\/?p=10796#breadcrumb\"},\"inLanguage\":\"fr-FR\",\"potentialAction\":[{\"@type\":\"ReadAction\",\"target\":[\"https:\\\/\\\/infos-droitshumains.net\\\/?p=10796\"]}]},{\"@type\":\"ImageObject\",\"inLanguage\":\"fr-FR\",\"@id\":\"https:\\\/\\\/infos-droitshumains.net\\\/?p=10796#primaryimage\",\"url\":\"https:\\\/\\\/i0.wp.com\\\/infos-droitshumains.net\\\/wp-content\\\/uploads\\\/2024\\\/09\\\/IMG-20240904-WA0074.jpg?fit=2560%2C1708&ssl=1\",\"contentUrl\":\"https:\\\/\\\/i0.wp.com\\\/infos-droitshumains.net\\\/wp-content\\\/uploads\\\/2024\\\/09\\\/IMG-20240904-WA0074.jpg?fit=2560%2C1708&ssl=1\",\"width\":2560,\"height\":1708},{\"@type\":\"BreadcrumbList\",\"@id\":\"https:\\\/\\\/infos-droitshumains.net\\\/?p=10796#breadcrumb\",\"itemListElement\":[{\"@type\":\"ListItem\",\"position\":1,\"name\":\"Accueil\",\"item\":\"https:\\\/\\\/infos-droitshumains.net\\\/\"},{\"@type\":\"ListItem\",\"position\":2,\"name\":\"Production du livre blanc de la jeunesse congolaise: Vital Kamerhe promet son accompagnement \u00e0 l&rsquo;assembl\u00e9e de la jeunesse de l&rsquo;Union Africaine\"}]},{\"@type\":\"WebSite\",\"@id\":\"https:\\\/\\\/infos-droitshumains.net\\\/#website\",\"url\":\"https:\\\/\\\/infos-droitshumains.net\\\/\",\"name\":\"Infos Droits Humains\",\"description\":\"S&#039;informer est un droit\",\"publisher\":{\"@id\":\"https:\\\/\\\/infos-droitshumains.net\\\/#organization\"},\"potentialAction\":[{\"@type\":\"SearchAction\",\"target\":{\"@type\":\"EntryPoint\",\"urlTemplate\":\"https:\\\/\\\/infos-droitshumains.net\\\/?s={search_term_string}\"},\"query-input\":{\"@type\":\"PropertyValueSpecification\",\"valueRequired\":true,\"valueName\":\"search_term_string\"}}],\"inLanguage\":\"fr-FR\"},{\"@type\":\"Organization\",\"@id\":\"https:\\\/\\\/infos-droitshumains.net\\\/#organization\",\"name\":\"Infos Droits Humains\",\"url\":\"https:\\\/\\\/infos-droitshumains.net\\\/\",\"logo\":{\"@type\":\"ImageObject\",\"inLanguage\":\"fr-FR\",\"@id\":\"https:\\\/\\\/infos-droitshumains.net\\\/#\\\/schema\\\/logo\\\/image\\\/\",\"url\":\"https:\\\/\\\/i0.wp.com\\\/infos-droitshumains.net\\\/wp-content\\\/uploads\\\/2022\\\/05\\\/Logo.png?fit=333%2C129&ssl=1\",\"contentUrl\":\"https:\\\/\\\/i0.wp.com\\\/infos-droitshumains.net\\\/wp-content\\\/uploads\\\/2022\\\/05\\\/Logo.png?fit=333%2C129&ssl=1\",\"width\":333,\"height\":129,\"caption\":\"Infos Droits Humains\"},\"image\":{\"@id\":\"https:\\\/\\\/infos-droitshumains.net\\\/#\\\/schema\\\/logo\\\/image\\\/\"}},{\"@type\":\"Person\",\"@id\":\"https:\\\/\\\/infos-droitshumains.net\\\/#\\\/schema\\\/person\\\/3dc5e921c3302172e0ed4362f96faab7\",\"name\":\"Jo\u00ebl Diawa\",\"image\":{\"@type\":\"ImageObject\",\"inLanguage\":\"fr-FR\",\"@id\":\"https:\\\/\\\/secure.gravatar.com\\\/avatar\\\/729bea6ff4604c624417803c477363be8e3c7186deaa65713313f9b4b820f41c?s=96&d=mm&r=g\",\"url\":\"https:\\\/\\\/secure.gravatar.com\\\/avatar\\\/729bea6ff4604c624417803c477363be8e3c7186deaa65713313f9b4b820f41c?s=96&d=mm&r=g\",\"contentUrl\":\"https:\\\/\\\/secure.gravatar.com\\\/avatar\\\/729bea6ff4604c624417803c477363be8e3c7186deaa65713313f9b4b820f41c?s=96&d=mm&r=g\",\"caption\":\"Jo\u00ebl Diawa\"},\"sameAs\":[\"https:\\\/\\\/www.infos-droitshumains.net\"],\"url\":\"https:\\\/\\\/infos-droitshumains.net\\\/?author=2\"}]}<\/script>\n<!-- \/ Yoast SEO plugin. -->","yoast_head_json":{"title":"Production du livre blanc de la jeunesse congolaise: Vital Kamerhe promet son accompagnement \u00e0 l'assembl\u00e9e de la jeunesse de l'Union Africaine - Infos Droits Humains","robots":{"index":"index","follow":"follow","max-snippet":"max-snippet:-1","max-image-preview":"max-image-preview:large","max-video-preview":"max-video-preview:-1"},"canonical":"https:\/\/infos-droitshumains.net\/?p=10796","og_locale":"fr_FR","og_type":"article","og_title":"Production du livre blanc de la jeunesse congolaise: Vital Kamerhe promet son accompagnement \u00e0 l'assembl\u00e9e de la jeunesse de l'Union Africaine - Infos Droits Humains","og_description":"R\u00e9daction: +243 817 406 088 La production du livre blanc de la jeunesse congolaise \u00e9tait...","og_url":"https:\/\/infos-droitshumains.net\/?p=10796","og_site_name":"Infos Droits Humains","article_published_time":"2024-09-04T21:51:01+00:00","article_modified_time":"2024-09-04T21:53:04+00:00","og_image":[{"width":2560,"height":1708,"url":"https:\/\/infos-droitshumains.net\/wp-content\/uploads\/2024\/09\/IMG-20240904-WA0074.jpg","type":"image\/jpeg"}],"author":"Jo\u00ebl Diawa","twitter_card":"summary_large_image","twitter_misc":{"\u00c9crit par":"Jo\u00ebl Diawa","Dur\u00e9e de lecture estim\u00e9e":"3 minutes"},"schema":{"@context":"https:\/\/schema.org","@graph":[{"@type":"Article","@id":"https:\/\/infos-droitshumains.net\/?p=10796#article","isPartOf":{"@id":"https:\/\/infos-droitshumains.net\/?p=10796"},"author":{"name":"Jo\u00ebl Diawa","@id":"https:\/\/infos-droitshumains.net\/#\/schema\/person\/3dc5e921c3302172e0ed4362f96faab7"},"headline":"Production du livre blanc de la jeunesse congolaise: Vital Kamerhe promet son accompagnement \u00e0 l&rsquo;assembl\u00e9e de la jeunesse de l&rsquo;Union Africaine","datePublished":"2024-09-04T21:51:01+00:00","dateModified":"2024-09-04T21:53:04+00:00","mainEntityOfPage":{"@id":"https:\/\/infos-droitshumains.net\/?p=10796"},"wordCount":416,"commentCount":0,"publisher":{"@id":"https:\/\/infos-droitshumains.net\/#organization"},"image":{"@id":"https:\/\/infos-droitshumains.net\/?p=10796#primaryimage"},"thumbnailUrl":"https:\/\/i0.wp.com\/infos-droitshumains.net\/wp-content\/uploads\/2024\/09\/IMG-20240904-WA0074.jpg?fit=2560%2C1708&ssl=1","articleSection":["Politique"],"inLanguage":"fr-FR","potentialAction":[{"@type":"CommentAction","name":"Comment","target":["https:\/\/infos-droitshumains.net\/?p=10796#respond"]}]},{"@type":"WebPage","@id":"https:\/\/infos-droitshumains.net\/?p=10796","url":"https:\/\/infos-droitshumains.net\/?p=10796","name":"Production du livre blanc de la jeunesse congolaise: Vital Kamerhe promet son accompagnement \u00e0 l'assembl\u00e9e de la jeunesse de l'Union Africaine - Infos Droits Humains","isPartOf":{"@id":"https:\/\/infos-droitshumains.net\/#website"},"primaryImageOfPage":{"@id":"https:\/\/infos-droitshumains.net\/?p=10796#primaryimage"},"image":{"@id":"https:\/\/infos-droitshumains.net\/?p=10796#primaryimage"},"thumbnailUrl":"https:\/\/i0.wp.com\/infos-droitshumains.net\/wp-content\/uploads\/2024\/09\/IMG-20240904-WA0074.jpg?fit=2560%2C1708&ssl=1","datePublished":"2024-09-04T21:51:01+00:00","dateModified":"2024-09-04T21:53:04+00:00","breadcrumb":{"@id":"https:\/\/infos-droitshumains.net\/?p=10796#breadcrumb"},"inLanguage":"fr-FR","potentialAction":[{"@type":"ReadAction","target":["https:\/\/infos-droitshumains.net\/?p=10796"]}]},{"@type":"ImageObject","inLanguage":"fr-FR","@id":"https:\/\/infos-droitshumains.net\/?p=10796#primaryimage","url":"https:\/\/i0.wp.com\/infos-droitshumains.net\/wp-content\/uploads\/2024\/09\/IMG-20240904-WA0074.jpg?fit=2560%2C1708&ssl=1","contentUrl":"https:\/\/i0.wp.com\/infos-droitshumains.net\/wp-content\/uploads\/2024\/09\/IMG-20240904-WA0074.jpg?fit=2560%2C1708&ssl=1","width":2560,"height":1708},{"@type":"BreadcrumbList","@id":"https:\/\/infos-droitshumains.net\/?p=10796#breadcrumb","itemListElement":[{"@type":"ListItem","position":1,"name":"Accueil","item":"https:\/\/infos-droitshumains.net\/"},{"@type":"ListItem","position":2,"name":"Production du livre blanc de la jeunesse congolaise: Vital Kamerhe promet son accompagnement \u00e0 l&rsquo;assembl\u00e9e de la jeunesse de l&rsquo;Union Africaine"}]},{"@type":"WebSite","@id":"https:\/\/infos-droitshumains.net\/#website","url":"https:\/\/infos-droitshumains.net\/","name":"Infos Droits Humains","description":"S&#039;informer est un droit","publisher":{"@id":"https:\/\/infos-droitshumains.net\/#organization"},"potentialAction":[{"@type":"SearchAction","target":{"@type":"EntryPoint","urlTemplate":"https:\/\/infos-droitshumains.net\/?s={search_term_string}"},"query-input":{"@type":"PropertyValueSpecification","valueRequired":true,"valueName":"search_term_string"}}],"inLanguage":"fr-FR"},{"@type":"Organization","@id":"https:\/\/infos-droitshumains.net\/#organization","name":"Infos Droits Humains","url":"https:\/\/infos-droitshumains.net\/","logo":{"@type":"ImageObject","inLanguage":"fr-FR","@id":"https:\/\/infos-droitshumains.net\/#\/schema\/logo\/image\/","url":"https:\/\/i0.wp.com\/infos-droitshumains.net\/wp-content\/uploads\/2022\/05\/Logo.png?fit=333%2C129&ssl=1","contentUrl":"https:\/\/i0.wp.com\/infos-droitshumains.net\/wp-content\/uploads\/2022\/05\/Logo.png?fit=333%2C129&ssl=1","width":333,"height":129,"caption":"Infos Droits Humains"},"image":{"@id":"https:\/\/infos-droitshumains.net\/#\/schema\/logo\/image\/"}},{"@type":"Person","@id":"https:\/\/infos-droitshumains.net\/#\/schema\/person\/3dc5e921c3302172e0ed4362f96faab7","name":"Jo\u00ebl Diawa","image":{"@type":"ImageObject","inLanguage":"fr-FR","@id":"https:\/\/secure.gravatar.com\/avatar\/729bea6ff4604c624417803c477363be8e3c7186deaa65713313f9b4b820f41c?s=96&d=mm&r=g","url":"https:\/\/secure.gravatar.com\/avatar\/729bea6ff4604c624417803c477363be8e3c7186deaa65713313f9b4b820f41c?s=96&d=mm&r=g","contentUrl":"https:\/\/secure.gravatar.com\/avatar\/729bea6ff4604c624417803c477363be8e3c7186deaa65713313f9b4b820f41c?s=96&d=mm&r=g","caption":"Jo\u00ebl Diawa"},"sameAs":["https:\/\/www.infos-droitshumains.net"],"url":"https:\/\/infos-droitshumains.net\/?author=2"}]}},"featured_image_urls":{"full":["https:\/\/i0.wp.com\/infos-droitshumains.net\/wp-content\/uploads\/2024\/09\/IMG-20240904-WA0074.jpg?fit=2560%2C1708&ssl=1",2560,1708,false],"thumbnail":["https:\/\/i0.wp.com\/infos-droitshumains.net\/wp-content\/uploads\/2024\/09\/IMG-20240904-WA0074.jpg?resize=150%2C150&ssl=1",150,150,true],"medium":["https:\/\/i0.wp.com\/infos-droitshumains.net\/wp-content\/uploads\/2024\/09\/IMG-20240904-WA0074.jpg?fit=300%2C200&ssl=1",300,200,true],"medium_large":["https:\/\/i0.wp.com\/infos-droitshumains.net\/wp-content\/uploads\/2024\/09\/IMG-20240904-WA0074.jpg?fit=640%2C427&ssl=1",640,427,true],"large":["https:\/\/i0.wp.com\/infos-droitshumains.net\/wp-content\/uploads\/2024\/09\/IMG-20240904-WA0074.jpg?fit=640%2C427&ssl=1",640,427,true],"1536x1536":["https:\/\/i0.wp.com\/infos-droitshumains.net\/wp-content\/uploads\/2024\/09\/IMG-20240904-WA0074.jpg?fit=1536%2C1025&ssl=1",1536,1025,true],"2048x2048":["https:\/\/i0.wp.com\/infos-droitshumains.net\/wp-content\/uploads\/2024\/09\/IMG-20240904-WA0074.jpg?fit=2048%2C1366&ssl=1",2048,1366,true],"covernews-slider-full":["https:\/\/i0.wp.com\/infos-droitshumains.net\/wp-content\/uploads\/2024\/09\/IMG-20240904-WA0074.jpg?resize=1115%2C715&ssl=1",1115,715,true],"covernews-slider-center":["https:\/\/i0.wp.com\/infos-droitshumains.net\/wp-content\/uploads\/2024\/09\/IMG-20240904-WA0074.jpg?resize=800%2C500&ssl=1",800,500,true],"covernews-featured":["https:\/\/i0.wp.com\/infos-droitshumains.net\/wp-content\/uploads\/2024\/09\/IMG-20240904-WA0074.jpg?fit=1024%2C683&ssl=1",1024,683,true],"covernews-medium":["https:\/\/i0.wp.com\/infos-droitshumains.net\/wp-content\/uploads\/2024\/09\/IMG-20240904-WA0074.jpg?resize=540%2C340&ssl=1",540,340,true],"covernews-medium-square":["https:\/\/i0.wp.com\/infos-droitshumains.net\/wp-content\/uploads\/2024\/09\/IMG-20240904-WA0074.jpg?resize=400%2C250&ssl=1",400,250,true]},"author_info":{"display_name":"Jo\u00ebl Diawa","author_link":"https:\/\/infos-droitshumains.net\/?author=2"},"category_info":"<a href=\"https:\/\/infos-droitshumains.net\/?cat=3\" rel=\"category\">Politique<\/a>","tag_info":"Politique","comment_count":"0","jetpack_featured_media_url":"https:\/\/i0.wp.com\/infos-droitshumains.net\/wp-content\/uploads\/2024\/09\/IMG-20240904-WA0074.jpg?fit=2560%2C1708&ssl=1","jetpack-related-posts":[],"jetpack_sharing_enabled":true,"_links":{"self":[{"href":"https:\/\/infos-droitshumains.net\/index.php?rest_route=\/wp\/v2\/posts\/10796","targetHints":{"allow":["GET"]}}],"collection":[{"href":"https:\/\/infos-droitshumains.net\/index.php?rest_route=\/wp\/v2\/posts"}],"about":[{"href":"https:\/\/infos-droitshumains.net\/index.php?rest_route=\/wp\/v2\/types\/post"}],"author":[{"embeddable":true,"href":"https:\/\/infos-droitshumains.net\/index.php?rest_route=\/wp\/v2\/users\/2"}],"replies":[{"embeddable":true,"href":"https:\/\/infos-droitshumains.net\/index.php?rest_route=%2Fwp%2Fv2%2Fcomments&post=10796"}],"version-history":[{"count":2,"href":"https:\/\/infos-droitshumains.net\/index.php?rest_route=\/wp\/v2\/posts\/10796\/revisions"}],"predecessor-version":[{"id":10803,"href":"https:\/\/infos-droitshumains.net\/index.php?rest_route=\/wp\/v2\/posts\/10796\/revisions\/10803"}],"wp:featuredmedia":[{"embeddable":true,"href":"https:\/\/infos-droitshumains.net\/index.php?rest_route=\/wp\/v2\/media\/10797"}],"wp:attachment":[{"href":"https:\/\/infos-droitshumains.net\/index.php?rest_route=%2Fwp%2Fv2%2Fmedia&parent=10796"}],"wp:term":[{"taxonomy":"category","embeddable":true,"href":"https:\/\/infos-droitshumains.net\/index.php?rest_route=%2Fwp%2Fv2%2Fcategories&post=10796"},{"taxonomy":"post_tag","embeddable":true,"href":"https:\/\/infos-droitshumains.net\/index.php?rest_route=%2Fwp%2Fv2%2Ftags&post=10796"}],"curies":[{"name":"wp","href":"https:\/\/api.w.org\/{rel}","templated":true}]}}