{"id":10789,"date":"2024-09-04T20:11:00","date_gmt":"2024-09-04T18:11:00","guid":{"rendered":"https:\/\/infos-droitshumains.net\/?p=10789"},"modified":"2024-09-04T20:29:57","modified_gmt":"2024-09-04T18:29:57","slug":"tentative-devasion-a-la-prison-centrale-de-makala-le-conseil-superieur-de-la-magistrature-rejette-en-bloc-toutes-les-accusations-du-vice-ministre-de-la-justice","status":"publish","type":"post","link":"https:\/\/infos-droitshumains.net\/?p=10789","title":{"rendered":"Tentative d\u2019\u00e9vasion \u00e0 la prison centrale de Makala\u00a0: Le Conseil Sup\u00e9rieur de la Magistrature rejette en bloc toutes les accusations du Vice-Ministre de la justice"},"content":{"rendered":"\n<p><strong>R\u00e9daction: +243 817 406 088<\/strong><\/p>\n\n\n\n<h3 class=\"wp-block-heading has-vivid-red-color has-text-color has-link-color wp-elements-e3a9a0b49acad1e7fb697819934e5e86\">Dans une interview accord\u00e9e \u00e0 la presse au matin de la tentative d\u2019\u00e9vasion \u00e0 la prison centrale de Makala, le Vice-Ministre de la justice a d\u00e9clar\u00e9 que ce sont des magistrats qui \u00e9taient \u00e0 la base de cet incident. La r\u00e9action du corps des magistrats ne s\u2019est pas fait attendre.<\/h3>\n\n\n\n<p>Au sortir d\u2019une r\u00e9union tenue ce mercredi 4 septembre 2024, le Bureau du Conseil sup\u00e9rieur de la Magistrature fait savoir que&nbsp;: <em>\u00ab&nbsp;Contrairement aux d\u00e9clarations faites lors d\u2019une sortie m\u00e9diatique du vice-ministre de la justice, les magistrats ne sont pas responsables de la tentative d\u2019\u00e9vasion qui a eu lieu \u00e0 la prison de Makala.&nbsp;\u00bb<\/em><\/p>\n\n\n\n<p>Concernant la note circulaire n\u00b0 008\/CAB\/ME\/MIN\/J&amp;GS du 2 septembre sign\u00e9e par le Vice-Ministre de la Justice relative \u00e0 l\u2019interdiction de transf\u00e8rement des d\u00e9tenus pr\u00e9ventifs \u00e0 la prison centrale de Makala et \u00e0 la prison militaire de Ndolo, le CSM note que <em>\u00ab&nbsp;la prison centrale de Makala fut construite en 1957 avec une capacit\u00e9 d\u2019accueil de 1.500 d\u00e9tenus pour une population de plus ou moins 250.000 habitants de la ville de Kinshasa&nbsp;\u00bb<\/em>. Avec l\u2019augmentation exponentielle de la population et l\u2019accroissement de la criminalit\u00e9, il rappelle cependant que <em>\u00ab&nbsp;la solution appropri\u00e9e pour r\u00e9sorber la surpopulation carc\u00e9rale \u00e0 la prison de Makala tient \u00e0 la fois \u00e0 la construction de nouvelles prisons et maisons d\u2019arr\u00eats, et \u00e0 l\u2019application stricte de la loi sur la d\u00e9tention ainsi que celle sur le r\u00e9gime p\u00e9nitentiaire.&nbsp;\u00bb<\/em><\/p>\n\n\n\n<p>Certes l\u2019arrestation est l\u2019exception, mais devant la hausse de la criminalit\u00e9 dans la ville, le Conseil sup\u00e9rieur de la Magistrature fait savoir que <em>\u00ab&nbsp;les arrestations et les d\u00e9tentions op\u00e9r\u00e9es par les magistrats constituent une r\u00e9ponse l\u00e9gale et idoine pour s\u00e9curiser la population.&nbsp;\u00bb<\/em><\/p>\n\n\n\n<p><em>\u00ab&nbsp;En effet, le suspect, est toute personne soup\u00e7onn\u00e9e d\u2019avoir commis une infraction ou viol\u00e9 la loi p\u00e9nale. Demander aux magistrats de ne pas arr\u00eater ni transf\u00e9rer \u00e0 la prison constitue une violation flagrante de la loi et surtout une mani\u00e8re d\u2019installer, au sein de la soci\u00e9t\u00e9 congolaise, les r\u00e8gles de la vengeance priv\u00e9e et la loi du plus fort&nbsp;\u00bb<\/em>, rench\u00e9rit le communiqu\u00e9 du Bureau du CSM.<\/p>\n\n\n\n<p>Les d\u00e9clarations du Vice-Ministre de la justice \u00e9tant de nature \u00e0 exposer les magistrats \u00e0 la vindicte populaire, cet organe charg\u00e9 d\u2019assister le Chef de l\u2019Etat dans sa fonction de garant de l\u2019ind\u00e9pendance de l\u2019autorit\u00e9 judiciaire regrette \u00e0 cet effet que, le Vice-Ministre ait m\u00e9connu le cadre de concertation cr\u00e9e au sein des institutions publiques entre le Conseil sup\u00e9rieur de la Magistrature et le Minist\u00e8re de la justice, <em>\u00ab&nbsp;lieu indiqu\u00e9 pour traiter des questions transversales relatives \u00e0 l\u2019administration de la justice.&nbsp;\u00bb<\/em><\/p>\n\n\n\n<p>Depuis l\u2019av\u00e8nement de Constant Mutamba \u00e0 la t\u00eate du Minist\u00e8re de la Justice et Garde des Sceaux, la tension est mont\u00e9e d\u2019un cran entre lui et les Magistrats. Ces derniers d\u00e9plorent le fait pour le Ministre leur prendre pour les seuls responsables du dysfonctionnement de l\u2019appareil judiciaire. Constant Mutamba est all\u00e9 plus loin en les qualifiant d\u2019un <em>\u2018\u2019r\u00e9seau maffieux\u2019\u2019<\/em>. Ce qui avait valu un recadrage des organisations syndicales notamment, le SYNAMAC et la JUCI. Cette sortie du Conseil Sup\u00e9rieur de la Magistrature confirme que la crise devient de plus en plus profonde.<\/p>\n\n\n\n<p>Jo\u00ebl Diawa<\/p>\n","protected":false},"excerpt":{"rendered":"<p>R\u00e9daction: +243 817 406 088 Dans une interview accord\u00e9e \u00e0 la presse au matin de&#8230;<\/p>\n","protected":false},"author":2,"featured_media":10794,"comment_status":"open","ping_status":"open","sticky":false,"template":"","format":"standard","meta":{"_jetpack_memberships_contains_paid_content":false,"footnotes":""},"categories":[6],"tags":[],"class_list":["post-10789","post","type-post","status-publish","format-standard","has-post-thumbnail","hentry","category-justice"],"yoast_head":"<!-- This site is optimized with the Yoast SEO plugin v27.5 - https:\/\/yoast.com\/product\/yoast-seo-wordpress\/ -->\n<title>Tentative d\u2019\u00e9vasion \u00e0 la prison centrale de Makala\u00a0: Le Conseil Sup\u00e9rieur de la Magistrature rejette en bloc toutes les accusations du Vice-Ministre de la justice - Infos Droits Humains<\/title>\n<meta name=\"robots\" content=\"index, follow, max-snippet:-1, max-image-preview:large, max-video-preview:-1\" \/>\n<link rel=\"canonical\" href=\"https:\/\/infos-droitshumains.net\/?p=10789\" \/>\n<meta property=\"og:locale\" content=\"fr_FR\" \/>\n<meta property=\"og:type\" content=\"article\" \/>\n<meta property=\"og:title\" content=\"Tentative d\u2019\u00e9vasion \u00e0 la prison centrale de Makala\u00a0: Le Conseil Sup\u00e9rieur de la Magistrature rejette en bloc toutes les accusations du Vice-Ministre de la justice - Infos Droits Humains\" \/>\n<meta property=\"og:description\" content=\"R\u00e9daction: +243 817 406 088 Dans une interview accord\u00e9e \u00e0 la presse au matin de...\" \/>\n<meta property=\"og:url\" content=\"https:\/\/infos-droitshumains.net\/?p=10789\" \/>\n<meta property=\"og:site_name\" content=\"Infos Droits Humains\" \/>\n<meta property=\"article:published_time\" content=\"2024-09-04T18:11:00+00:00\" \/>\n<meta property=\"article:modified_time\" content=\"2024-09-04T18:29:57+00:00\" \/>\n<meta property=\"og:image\" content=\"https:\/\/infos-droitshumains.net\/wp-content\/uploads\/2024\/09\/111_1.jpg\" \/>\n\t<meta property=\"og:image:width\" content=\"675\" \/>\n\t<meta property=\"og:image:height\" content=\"456\" \/>\n\t<meta property=\"og:image:type\" content=\"image\/jpeg\" \/>\n<meta name=\"author\" content=\"Jo\u00ebl Diawa\" \/>\n<meta name=\"twitter:card\" content=\"summary_large_image\" \/>\n<meta name=\"twitter:label1\" content=\"\u00c9crit par\" \/>\n\t<meta name=\"twitter:data1\" content=\"Jo\u00ebl Diawa\" \/>\n\t<meta name=\"twitter:label2\" content=\"Dur\u00e9e de lecture estim\u00e9e\" \/>\n\t<meta name=\"twitter:data2\" content=\"3 minutes\" \/>\n<script type=\"application\/ld+json\" class=\"yoast-schema-graph\">{\"@context\":\"https:\\\/\\\/schema.org\",\"@graph\":[{\"@type\":\"Article\",\"@id\":\"https:\\\/\\\/infos-droitshumains.net\\\/?p=10789#article\",\"isPartOf\":{\"@id\":\"https:\\\/\\\/infos-droitshumains.net\\\/?p=10789\"},\"author\":{\"name\":\"Jo\u00ebl Diawa\",\"@id\":\"https:\\\/\\\/infos-droitshumains.net\\\/#\\\/schema\\\/person\\\/3dc5e921c3302172e0ed4362f96faab7\"},\"headline\":\"Tentative d\u2019\u00e9vasion \u00e0 la prison centrale de Makala\u00a0: Le Conseil Sup\u00e9rieur de la Magistrature rejette en bloc toutes les accusations du Vice-Ministre de la justice\",\"datePublished\":\"2024-09-04T18:11:00+00:00\",\"dateModified\":\"2024-09-04T18:29:57+00:00\",\"mainEntityOfPage\":{\"@id\":\"https:\\\/\\\/infos-droitshumains.net\\\/?p=10789\"},\"wordCount\":612,\"commentCount\":0,\"publisher\":{\"@id\":\"https:\\\/\\\/infos-droitshumains.net\\\/#organization\"},\"image\":{\"@id\":\"https:\\\/\\\/infos-droitshumains.net\\\/?p=10789#primaryimage\"},\"thumbnailUrl\":\"https:\\\/\\\/i0.wp.com\\\/infos-droitshumains.net\\\/wp-content\\\/uploads\\\/2024\\\/09\\\/111_1.jpg?fit=675%2C456&ssl=1\",\"articleSection\":[\"Justice\"],\"inLanguage\":\"fr-FR\",\"potentialAction\":[{\"@type\":\"CommentAction\",\"name\":\"Comment\",\"target\":[\"https:\\\/\\\/infos-droitshumains.net\\\/?p=10789#respond\"]}]},{\"@type\":\"WebPage\",\"@id\":\"https:\\\/\\\/infos-droitshumains.net\\\/?p=10789\",\"url\":\"https:\\\/\\\/infos-droitshumains.net\\\/?p=10789\",\"name\":\"Tentative d\u2019\u00e9vasion \u00e0 la prison centrale de Makala\u00a0: Le Conseil Sup\u00e9rieur de la Magistrature rejette en bloc toutes les accusations du Vice-Ministre de la justice - Infos Droits Humains\",\"isPartOf\":{\"@id\":\"https:\\\/\\\/infos-droitshumains.net\\\/#website\"},\"primaryImageOfPage\":{\"@id\":\"https:\\\/\\\/infos-droitshumains.net\\\/?p=10789#primaryimage\"},\"image\":{\"@id\":\"https:\\\/\\\/infos-droitshumains.net\\\/?p=10789#primaryimage\"},\"thumbnailUrl\":\"https:\\\/\\\/i0.wp.com\\\/infos-droitshumains.net\\\/wp-content\\\/uploads\\\/2024\\\/09\\\/111_1.jpg?fit=675%2C456&ssl=1\",\"datePublished\":\"2024-09-04T18:11:00+00:00\",\"dateModified\":\"2024-09-04T18:29:57+00:00\",\"breadcrumb\":{\"@id\":\"https:\\\/\\\/infos-droitshumains.net\\\/?p=10789#breadcrumb\"},\"inLanguage\":\"fr-FR\",\"potentialAction\":[{\"@type\":\"ReadAction\",\"target\":[\"https:\\\/\\\/infos-droitshumains.net\\\/?p=10789\"]}]},{\"@type\":\"ImageObject\",\"inLanguage\":\"fr-FR\",\"@id\":\"https:\\\/\\\/infos-droitshumains.net\\\/?p=10789#primaryimage\",\"url\":\"https:\\\/\\\/i0.wp.com\\\/infos-droitshumains.net\\\/wp-content\\\/uploads\\\/2024\\\/09\\\/111_1.jpg?fit=675%2C456&ssl=1\",\"contentUrl\":\"https:\\\/\\\/i0.wp.com\\\/infos-droitshumains.net\\\/wp-content\\\/uploads\\\/2024\\\/09\\\/111_1.jpg?fit=675%2C456&ssl=1\",\"width\":675,\"height\":456},{\"@type\":\"BreadcrumbList\",\"@id\":\"https:\\\/\\\/infos-droitshumains.net\\\/?p=10789#breadcrumb\",\"itemListElement\":[{\"@type\":\"ListItem\",\"position\":1,\"name\":\"Accueil\",\"item\":\"https:\\\/\\\/infos-droitshumains.net\\\/\"},{\"@type\":\"ListItem\",\"position\":2,\"name\":\"Tentative d\u2019\u00e9vasion \u00e0 la prison centrale de Makala\u00a0: Le Conseil Sup\u00e9rieur de la Magistrature rejette en bloc toutes les accusations du Vice-Ministre de la justice\"}]},{\"@type\":\"WebSite\",\"@id\":\"https:\\\/\\\/infos-droitshumains.net\\\/#website\",\"url\":\"https:\\\/\\\/infos-droitshumains.net\\\/\",\"name\":\"Infos Droits Humains\",\"description\":\"S&#039;informer est un droit\",\"publisher\":{\"@id\":\"https:\\\/\\\/infos-droitshumains.net\\\/#organization\"},\"potentialAction\":[{\"@type\":\"SearchAction\",\"target\":{\"@type\":\"EntryPoint\",\"urlTemplate\":\"https:\\\/\\\/infos-droitshumains.net\\\/?s={search_term_string}\"},\"query-input\":{\"@type\":\"PropertyValueSpecification\",\"valueRequired\":true,\"valueName\":\"search_term_string\"}}],\"inLanguage\":\"fr-FR\"},{\"@type\":\"Organization\",\"@id\":\"https:\\\/\\\/infos-droitshumains.net\\\/#organization\",\"name\":\"Infos Droits Humains\",\"url\":\"https:\\\/\\\/infos-droitshumains.net\\\/\",\"logo\":{\"@type\":\"ImageObject\",\"inLanguage\":\"fr-FR\",\"@id\":\"https:\\\/\\\/infos-droitshumains.net\\\/#\\\/schema\\\/logo\\\/image\\\/\",\"url\":\"https:\\\/\\\/i0.wp.com\\\/infos-droitshumains.net\\\/wp-content\\\/uploads\\\/2022\\\/05\\\/Logo.png?fit=333%2C129&ssl=1\",\"contentUrl\":\"https:\\\/\\\/i0.wp.com\\\/infos-droitshumains.net\\\/wp-content\\\/uploads\\\/2022\\\/05\\\/Logo.png?fit=333%2C129&ssl=1\",\"width\":333,\"height\":129,\"caption\":\"Infos Droits Humains\"},\"image\":{\"@id\":\"https:\\\/\\\/infos-droitshumains.net\\\/#\\\/schema\\\/logo\\\/image\\\/\"}},{\"@type\":\"Person\",\"@id\":\"https:\\\/\\\/infos-droitshumains.net\\\/#\\\/schema\\\/person\\\/3dc5e921c3302172e0ed4362f96faab7\",\"name\":\"Jo\u00ebl Diawa\",\"image\":{\"@type\":\"ImageObject\",\"inLanguage\":\"fr-FR\",\"@id\":\"https:\\\/\\\/secure.gravatar.com\\\/avatar\\\/729bea6ff4604c624417803c477363be8e3c7186deaa65713313f9b4b820f41c?s=96&d=mm&r=g\",\"url\":\"https:\\\/\\\/secure.gravatar.com\\\/avatar\\\/729bea6ff4604c624417803c477363be8e3c7186deaa65713313f9b4b820f41c?s=96&d=mm&r=g\",\"contentUrl\":\"https:\\\/\\\/secure.gravatar.com\\\/avatar\\\/729bea6ff4604c624417803c477363be8e3c7186deaa65713313f9b4b820f41c?s=96&d=mm&r=g\",\"caption\":\"Jo\u00ebl Diawa\"},\"sameAs\":[\"https:\\\/\\\/www.infos-droitshumains.net\"],\"url\":\"https:\\\/\\\/infos-droitshumains.net\\\/?author=2\"}]}<\/script>\n<!-- \/ Yoast SEO plugin. -->","yoast_head_json":{"title":"Tentative d\u2019\u00e9vasion \u00e0 la prison centrale de Makala\u00a0: Le Conseil Sup\u00e9rieur de la Magistrature rejette en bloc toutes les accusations du Vice-Ministre de la justice - Infos Droits Humains","robots":{"index":"index","follow":"follow","max-snippet":"max-snippet:-1","max-image-preview":"max-image-preview:large","max-video-preview":"max-video-preview:-1"},"canonical":"https:\/\/infos-droitshumains.net\/?p=10789","og_locale":"fr_FR","og_type":"article","og_title":"Tentative d\u2019\u00e9vasion \u00e0 la prison centrale de Makala\u00a0: Le Conseil Sup\u00e9rieur de la Magistrature rejette en bloc toutes les accusations du Vice-Ministre de la justice - Infos Droits Humains","og_description":"R\u00e9daction: +243 817 406 088 Dans une interview accord\u00e9e \u00e0 la presse au matin de...","og_url":"https:\/\/infos-droitshumains.net\/?p=10789","og_site_name":"Infos Droits Humains","article_published_time":"2024-09-04T18:11:00+00:00","article_modified_time":"2024-09-04T18:29:57+00:00","og_image":[{"width":675,"height":456,"url":"https:\/\/infos-droitshumains.net\/wp-content\/uploads\/2024\/09\/111_1.jpg","type":"image\/jpeg"}],"author":"Jo\u00ebl Diawa","twitter_card":"summary_large_image","twitter_misc":{"\u00c9crit par":"Jo\u00ebl Diawa","Dur\u00e9e de lecture estim\u00e9e":"3 minutes"},"schema":{"@context":"https:\/\/schema.org","@graph":[{"@type":"Article","@id":"https:\/\/infos-droitshumains.net\/?p=10789#article","isPartOf":{"@id":"https:\/\/infos-droitshumains.net\/?p=10789"},"author":{"name":"Jo\u00ebl Diawa","@id":"https:\/\/infos-droitshumains.net\/#\/schema\/person\/3dc5e921c3302172e0ed4362f96faab7"},"headline":"Tentative d\u2019\u00e9vasion \u00e0 la prison centrale de Makala\u00a0: Le Conseil Sup\u00e9rieur de la Magistrature rejette en bloc toutes les accusations du Vice-Ministre de la justice","datePublished":"2024-09-04T18:11:00+00:00","dateModified":"2024-09-04T18:29:57+00:00","mainEntityOfPage":{"@id":"https:\/\/infos-droitshumains.net\/?p=10789"},"wordCount":612,"commentCount":0,"publisher":{"@id":"https:\/\/infos-droitshumains.net\/#organization"},"image":{"@id":"https:\/\/infos-droitshumains.net\/?p=10789#primaryimage"},"thumbnailUrl":"https:\/\/i0.wp.com\/infos-droitshumains.net\/wp-content\/uploads\/2024\/09\/111_1.jpg?fit=675%2C456&ssl=1","articleSection":["Justice"],"inLanguage":"fr-FR","potentialAction":[{"@type":"CommentAction","name":"Comment","target":["https:\/\/infos-droitshumains.net\/?p=10789#respond"]}]},{"@type":"WebPage","@id":"https:\/\/infos-droitshumains.net\/?p=10789","url":"https:\/\/infos-droitshumains.net\/?p=10789","name":"Tentative d\u2019\u00e9vasion \u00e0 la prison centrale de Makala\u00a0: Le Conseil Sup\u00e9rieur de la Magistrature rejette en bloc toutes les accusations du Vice-Ministre de la justice - Infos Droits Humains","isPartOf":{"@id":"https:\/\/infos-droitshumains.net\/#website"},"primaryImageOfPage":{"@id":"https:\/\/infos-droitshumains.net\/?p=10789#primaryimage"},"image":{"@id":"https:\/\/infos-droitshumains.net\/?p=10789#primaryimage"},"thumbnailUrl":"https:\/\/i0.wp.com\/infos-droitshumains.net\/wp-content\/uploads\/2024\/09\/111_1.jpg?fit=675%2C456&ssl=1","datePublished":"2024-09-04T18:11:00+00:00","dateModified":"2024-09-04T18:29:57+00:00","breadcrumb":{"@id":"https:\/\/infos-droitshumains.net\/?p=10789#breadcrumb"},"inLanguage":"fr-FR","potentialAction":[{"@type":"ReadAction","target":["https:\/\/infos-droitshumains.net\/?p=10789"]}]},{"@type":"ImageObject","inLanguage":"fr-FR","@id":"https:\/\/infos-droitshumains.net\/?p=10789#primaryimage","url":"https:\/\/i0.wp.com\/infos-droitshumains.net\/wp-content\/uploads\/2024\/09\/111_1.jpg?fit=675%2C456&ssl=1","contentUrl":"https:\/\/i0.wp.com\/infos-droitshumains.net\/wp-content\/uploads\/2024\/09\/111_1.jpg?fit=675%2C456&ssl=1","width":675,"height":456},{"@type":"BreadcrumbList","@id":"https:\/\/infos-droitshumains.net\/?p=10789#breadcrumb","itemListElement":[{"@type":"ListItem","position":1,"name":"Accueil","item":"https:\/\/infos-droitshumains.net\/"},{"@type":"ListItem","position":2,"name":"Tentative d\u2019\u00e9vasion \u00e0 la prison centrale de Makala\u00a0: Le Conseil Sup\u00e9rieur de la Magistrature rejette en bloc toutes les accusations du Vice-Ministre de la justice"}]},{"@type":"WebSite","@id":"https:\/\/infos-droitshumains.net\/#website","url":"https:\/\/infos-droitshumains.net\/","name":"Infos Droits Humains","description":"S&#039;informer est un droit","publisher":{"@id":"https:\/\/infos-droitshumains.net\/#organization"},"potentialAction":[{"@type":"SearchAction","target":{"@type":"EntryPoint","urlTemplate":"https:\/\/infos-droitshumains.net\/?s={search_term_string}"},"query-input":{"@type":"PropertyValueSpecification","valueRequired":true,"valueName":"search_term_string"}}],"inLanguage":"fr-FR"},{"@type":"Organization","@id":"https:\/\/infos-droitshumains.net\/#organization","name":"Infos Droits Humains","url":"https:\/\/infos-droitshumains.net\/","logo":{"@type":"ImageObject","inLanguage":"fr-FR","@id":"https:\/\/infos-droitshumains.net\/#\/schema\/logo\/image\/","url":"https:\/\/i0.wp.com\/infos-droitshumains.net\/wp-content\/uploads\/2022\/05\/Logo.png?fit=333%2C129&ssl=1","contentUrl":"https:\/\/i0.wp.com\/infos-droitshumains.net\/wp-content\/uploads\/2022\/05\/Logo.png?fit=333%2C129&ssl=1","width":333,"height":129,"caption":"Infos Droits Humains"},"image":{"@id":"https:\/\/infos-droitshumains.net\/#\/schema\/logo\/image\/"}},{"@type":"Person","@id":"https:\/\/infos-droitshumains.net\/#\/schema\/person\/3dc5e921c3302172e0ed4362f96faab7","name":"Jo\u00ebl Diawa","image":{"@type":"ImageObject","inLanguage":"fr-FR","@id":"https:\/\/secure.gravatar.com\/avatar\/729bea6ff4604c624417803c477363be8e3c7186deaa65713313f9b4b820f41c?s=96&d=mm&r=g","url":"https:\/\/secure.gravatar.com\/avatar\/729bea6ff4604c624417803c477363be8e3c7186deaa65713313f9b4b820f41c?s=96&d=mm&r=g","contentUrl":"https:\/\/secure.gravatar.com\/avatar\/729bea6ff4604c624417803c477363be8e3c7186deaa65713313f9b4b820f41c?s=96&d=mm&r=g","caption":"Jo\u00ebl Diawa"},"sameAs":["https:\/\/www.infos-droitshumains.net"],"url":"https:\/\/infos-droitshumains.net\/?author=2"}]}},"featured_image_urls":{"full":["https:\/\/i0.wp.com\/infos-droitshumains.net\/wp-content\/uploads\/2024\/09\/111_1.jpg?fit=675%2C456&ssl=1",675,456,false],"thumbnail":["https:\/\/i0.wp.com\/infos-droitshumains.net\/wp-content\/uploads\/2024\/09\/111_1.jpg?resize=150%2C150&ssl=1",150,150,true],"medium":["https:\/\/i0.wp.com\/infos-droitshumains.net\/wp-content\/uploads\/2024\/09\/111_1.jpg?fit=300%2C203&ssl=1",300,203,true],"medium_large":["https:\/\/i0.wp.com\/infos-droitshumains.net\/wp-content\/uploads\/2024\/09\/111_1.jpg?fit=640%2C432&ssl=1",640,432,true],"large":["https:\/\/i0.wp.com\/infos-droitshumains.net\/wp-content\/uploads\/2024\/09\/111_1.jpg?fit=640%2C432&ssl=1",640,432,true],"1536x1536":["https:\/\/i0.wp.com\/infos-droitshumains.net\/wp-content\/uploads\/2024\/09\/111_1.jpg?fit=675%2C456&ssl=1",675,456,true],"2048x2048":["https:\/\/i0.wp.com\/infos-droitshumains.net\/wp-content\/uploads\/2024\/09\/111_1.jpg?fit=675%2C456&ssl=1",675,456,true],"covernews-slider-full":["https:\/\/i0.wp.com\/infos-droitshumains.net\/wp-content\/uploads\/2024\/09\/111_1.jpg?resize=675%2C456&ssl=1",675,456,true],"covernews-slider-center":["https:\/\/i0.wp.com\/infos-droitshumains.net\/wp-content\/uploads\/2024\/09\/111_1.jpg?resize=675%2C456&ssl=1",675,456,true],"covernews-featured":["https:\/\/i0.wp.com\/infos-droitshumains.net\/wp-content\/uploads\/2024\/09\/111_1.jpg?fit=675%2C456&ssl=1",675,456,true],"covernews-medium":["https:\/\/i0.wp.com\/infos-droitshumains.net\/wp-content\/uploads\/2024\/09\/111_1.jpg?resize=540%2C340&ssl=1",540,340,true],"covernews-medium-square":["https:\/\/i0.wp.com\/infos-droitshumains.net\/wp-content\/uploads\/2024\/09\/111_1.jpg?resize=400%2C250&ssl=1",400,250,true]},"author_info":{"display_name":"Jo\u00ebl Diawa","author_link":"https:\/\/infos-droitshumains.net\/?author=2"},"category_info":"<a href=\"https:\/\/infos-droitshumains.net\/?cat=6\" rel=\"category\">Justice<\/a>","tag_info":"Justice","comment_count":"0","jetpack_featured_media_url":"https:\/\/i0.wp.com\/infos-droitshumains.net\/wp-content\/uploads\/2024\/09\/111_1.jpg?fit=675%2C456&ssl=1","jetpack-related-posts":[],"jetpack_sharing_enabled":true,"_links":{"self":[{"href":"https:\/\/infos-droitshumains.net\/index.php?rest_route=\/wp\/v2\/posts\/10789","targetHints":{"allow":["GET"]}}],"collection":[{"href":"https:\/\/infos-droitshumains.net\/index.php?rest_route=\/wp\/v2\/posts"}],"about":[{"href":"https:\/\/infos-droitshumains.net\/index.php?rest_route=\/wp\/v2\/types\/post"}],"author":[{"embeddable":true,"href":"https:\/\/infos-droitshumains.net\/index.php?rest_route=\/wp\/v2\/users\/2"}],"replies":[{"embeddable":true,"href":"https:\/\/infos-droitshumains.net\/index.php?rest_route=%2Fwp%2Fv2%2Fcomments&post=10789"}],"version-history":[{"count":2,"href":"https:\/\/infos-droitshumains.net\/index.php?rest_route=\/wp\/v2\/posts\/10789\/revisions"}],"predecessor-version":[{"id":10791,"href":"https:\/\/infos-droitshumains.net\/index.php?rest_route=\/wp\/v2\/posts\/10789\/revisions\/10791"}],"wp:featuredmedia":[{"embeddable":true,"href":"https:\/\/infos-droitshumains.net\/index.php?rest_route=\/wp\/v2\/media\/10794"}],"wp:attachment":[{"href":"https:\/\/infos-droitshumains.net\/index.php?rest_route=%2Fwp%2Fv2%2Fmedia&parent=10789"}],"wp:term":[{"taxonomy":"category","embeddable":true,"href":"https:\/\/infos-droitshumains.net\/index.php?rest_route=%2Fwp%2Fv2%2Fcategories&post=10789"},{"taxonomy":"post_tag","embeddable":true,"href":"https:\/\/infos-droitshumains.net\/index.php?rest_route=%2Fwp%2Fv2%2Ftags&post=10789"}],"curies":[{"name":"wp","href":"https:\/\/api.w.org\/{rel}","templated":true}]}}