{"id":10759,"date":"2024-09-01T01:18:28","date_gmt":"2024-08-31T23:18:28","guid":{"rendered":"https:\/\/infos-droitshumains.net\/?p=10759"},"modified":"2024-09-02T10:20:06","modified_gmt":"2024-09-02T08:20:06","slug":"relations-bilaterales-kinshasa-pretoria-vital-kamerhe-souhaite-que-la-rdc-profite-de-lexperience-sud-africaine-pour-relancer-son-secteur-agricole","status":"publish","type":"post","link":"https:\/\/infos-droitshumains.net\/?p=10759","title":{"rendered":"Relance du secteur agricole : Vital Kamerhe souhaite que Kinshasa se serve de l\u2019exp\u00e9rience sud-africaine"},"content":{"rendered":"\n<p><strong>R\u00e9daction: +243 817 406 088<\/strong><\/p>\n\n\n\n<h3 class=\"wp-block-heading has-vivid-red-color has-text-color has-link-color wp-elements-39db0d8c5b60865a583596312d3cf7d3\">Le Pr\u00e9sident de l&rsquo;Assembl\u00e9e Nationale a profit\u00e9 de son s\u00e9jour priv\u00e9 en Afrique du Sud, peu avant son retour \u00e0 Kinshasa, pour rendre visite \u00e0\u00a0 l&rsquo;Ambassade de la R\u00e9publique D\u00e9mocratique du Congo \u00e0 Pretoria.<\/h3>\n\n\n\n<p>Accueilli par Fid\u00e8le Mulaja Bin\u00e9n\u00e9, Ambassadeur Extraordinaire et Pl\u00e9nipotentiaire de la R\u00e9publique D\u00e9mocratique du Congo au Pays de Mandela et tout le personnel de l&rsquo;Ambassade, le Professeur Vital Kamerhe a avant tout, salu\u00e9 l&rsquo;acquisition par le Gouvernement du beau b\u00e2timent abritant sa mission diplomatique, d\u00e9sormais, propri\u00e9t\u00e9 de la RDC gr\u00e2ce \u00e0 l&rsquo;implication personnelle du Chef de l&rsquo;\u00c9tat F\u00e9lix-Antoine Tshisekedi Tshilombo&nbsp;:<\/p>\n\n\n\n<p><em>\u00ab&nbsp;\u2026Je suis impressionn\u00e9 par le b\u00e2timent de 37 bureaux et une salle de r\u00e9union que le Chef de l&rsquo;Etat a offert \u00e0&nbsp; la R\u00e9publique D\u00e9mocratique du Congo pour abriter notre ambassade. C&rsquo;est important d&rsquo;am\u00e9liorer les conditions de travail de nos diplomates&nbsp;\u00bb<\/em>, s\u2019est satisfait le Pr\u00e9sident de l\u2019Assembl\u00e9e Nationale qui voulait \u00e9galement s&rsquo;informer sur l&rsquo;\u00e9tat des relations bilat\u00e9rales entre l&rsquo;Afrique du Sud et la RDC.<\/p>\n\n\n\n<p>Convaincu que <em>\u00abl&rsquo;Afrique du Sud joue un grand r\u00f4le dans le concert des nations&nbsp;\u00bb<\/em>, le speaker de la chambre basse du parlement congolais voit en ce pays, un mod\u00e8le dans le secteur agricole&nbsp;:<\/p>\n\n\n\n<p><em>\u00ab&nbsp;Nos relations continuent \u00e0 \u00eatre tr\u00e8s bonnes avec l\u2019Afrique du Sud qui concentre la plus grande diaspora congolaise au monde. Nous avons plus de 32 projets qui n&rsquo;attendent que leur concr\u00e9tisation. On peut profiter de l\u2019exp\u00e9rience Sud-Africaine pour relancer l\u2019agriculture dans notre pays dans le cadre de l\u2019Agenda de transformation agricole qui est le projet phare du Pr\u00e9sident de la R\u00e9publique dans le cadre de programme de 145 territoires. Je tiens \u00e0 rassurer l&rsquo;Ambassadeur Fid\u00e8le Mulaja que je vais en parler au Chef de l&rsquo;Etat et \u00e0 la Premi\u00e8re la Ministre\u2026&nbsp;\u00bb<\/em>, a-t-il promis.<\/p>\n\n\n\n<p>Aussit\u00f4t qu&rsquo;il a quitt\u00e9 l&rsquo;Ambassade congolaise, Vital Kamerhe a pris son vol pour Kinshasa o\u00f9 il est attendu pour pr\u00e9parer la rentr\u00e9e parlementaire pr\u00e9vue pour le 15 Septembre prochain.<\/p>\n\n\n\n<p>Jo\u00ebl Diawa<\/p>\n","protected":false},"excerpt":{"rendered":"<p>R\u00e9daction: +243 817 406 088 Le Pr\u00e9sident de l&rsquo;Assembl\u00e9e Nationale a profit\u00e9 de son s\u00e9jour&#8230;<\/p>\n","protected":false},"author":2,"featured_media":10763,"comment_status":"open","ping_status":"open","sticky":false,"template":"","format":"standard","meta":{"_jetpack_memberships_contains_paid_content":false,"footnotes":""},"categories":[3],"tags":[],"class_list":["post-10759","post","type-post","status-publish","format-standard","has-post-thumbnail","hentry","category-politique"],"yoast_head":"<!-- This site is optimized with the Yoast SEO plugin v27.5 - https:\/\/yoast.com\/product\/yoast-seo-wordpress\/ -->\n<title>Relance du secteur agricole : Vital Kamerhe souhaite que Kinshasa se serve de l\u2019exp\u00e9rience sud-africaine - Infos Droits Humains<\/title>\n<meta name=\"robots\" content=\"index, follow, max-snippet:-1, max-image-preview:large, max-video-preview:-1\" \/>\n<link rel=\"canonical\" href=\"https:\/\/infos-droitshumains.net\/?p=10759\" \/>\n<meta property=\"og:locale\" content=\"fr_FR\" \/>\n<meta property=\"og:type\" content=\"article\" \/>\n<meta property=\"og:title\" content=\"Relance du secteur agricole : Vital Kamerhe souhaite que Kinshasa se serve de l\u2019exp\u00e9rience sud-africaine - Infos Droits Humains\" \/>\n<meta property=\"og:description\" content=\"R\u00e9daction: +243 817 406 088 Le Pr\u00e9sident de l&rsquo;Assembl\u00e9e Nationale a profit\u00e9 de son s\u00e9jour...\" \/>\n<meta property=\"og:url\" content=\"https:\/\/infos-droitshumains.net\/?p=10759\" \/>\n<meta property=\"og:site_name\" content=\"Infos Droits Humains\" \/>\n<meta property=\"article:published_time\" content=\"2024-08-31T23:18:28+00:00\" \/>\n<meta property=\"article:modified_time\" content=\"2024-09-02T08:20:06+00:00\" \/>\n<meta property=\"og:image\" content=\"https:\/\/infos-droitshumains.net\/wp-content\/uploads\/2024\/09\/IMG-20240901-WA0000.jpg\" \/>\n\t<meta property=\"og:image:width\" content=\"1708\" \/>\n\t<meta property=\"og:image:height\" content=\"2560\" \/>\n\t<meta property=\"og:image:type\" content=\"image\/jpeg\" \/>\n<meta name=\"author\" content=\"Jo\u00ebl Diawa\" \/>\n<meta name=\"twitter:card\" content=\"summary_large_image\" \/>\n<meta name=\"twitter:label1\" content=\"\u00c9crit par\" \/>\n\t<meta name=\"twitter:data1\" content=\"Jo\u00ebl Diawa\" \/>\n\t<meta name=\"twitter:label2\" content=\"Dur\u00e9e de lecture estim\u00e9e\" \/>\n\t<meta name=\"twitter:data2\" content=\"2 minutes\" \/>\n<script type=\"application\/ld+json\" class=\"yoast-schema-graph\">{\"@context\":\"https:\\\/\\\/schema.org\",\"@graph\":[{\"@type\":\"Article\",\"@id\":\"https:\\\/\\\/infos-droitshumains.net\\\/?p=10759#article\",\"isPartOf\":{\"@id\":\"https:\\\/\\\/infos-droitshumains.net\\\/?p=10759\"},\"author\":{\"name\":\"Jo\u00ebl Diawa\",\"@id\":\"https:\\\/\\\/infos-droitshumains.net\\\/#\\\/schema\\\/person\\\/3dc5e921c3302172e0ed4362f96faab7\"},\"headline\":\"Relance du secteur agricole : Vital Kamerhe souhaite que Kinshasa se serve de l\u2019exp\u00e9rience sud-africaine\",\"datePublished\":\"2024-08-31T23:18:28+00:00\",\"dateModified\":\"2024-09-02T08:20:06+00:00\",\"mainEntityOfPage\":{\"@id\":\"https:\\\/\\\/infos-droitshumains.net\\\/?p=10759\"},\"wordCount\":374,\"commentCount\":0,\"publisher\":{\"@id\":\"https:\\\/\\\/infos-droitshumains.net\\\/#organization\"},\"image\":{\"@id\":\"https:\\\/\\\/infos-droitshumains.net\\\/?p=10759#primaryimage\"},\"thumbnailUrl\":\"https:\\\/\\\/i0.wp.com\\\/infos-droitshumains.net\\\/wp-content\\\/uploads\\\/2024\\\/09\\\/IMG-20240901-WA0000.jpg?fit=1708%2C2560&ssl=1\",\"articleSection\":[\"Politique\"],\"inLanguage\":\"fr-FR\",\"potentialAction\":[{\"@type\":\"CommentAction\",\"name\":\"Comment\",\"target\":[\"https:\\\/\\\/infos-droitshumains.net\\\/?p=10759#respond\"]}]},{\"@type\":\"WebPage\",\"@id\":\"https:\\\/\\\/infos-droitshumains.net\\\/?p=10759\",\"url\":\"https:\\\/\\\/infos-droitshumains.net\\\/?p=10759\",\"name\":\"Relance du secteur agricole : Vital Kamerhe souhaite que Kinshasa se serve de l\u2019exp\u00e9rience sud-africaine - Infos Droits Humains\",\"isPartOf\":{\"@id\":\"https:\\\/\\\/infos-droitshumains.net\\\/#website\"},\"primaryImageOfPage\":{\"@id\":\"https:\\\/\\\/infos-droitshumains.net\\\/?p=10759#primaryimage\"},\"image\":{\"@id\":\"https:\\\/\\\/infos-droitshumains.net\\\/?p=10759#primaryimage\"},\"thumbnailUrl\":\"https:\\\/\\\/i0.wp.com\\\/infos-droitshumains.net\\\/wp-content\\\/uploads\\\/2024\\\/09\\\/IMG-20240901-WA0000.jpg?fit=1708%2C2560&ssl=1\",\"datePublished\":\"2024-08-31T23:18:28+00:00\",\"dateModified\":\"2024-09-02T08:20:06+00:00\",\"breadcrumb\":{\"@id\":\"https:\\\/\\\/infos-droitshumains.net\\\/?p=10759#breadcrumb\"},\"inLanguage\":\"fr-FR\",\"potentialAction\":[{\"@type\":\"ReadAction\",\"target\":[\"https:\\\/\\\/infos-droitshumains.net\\\/?p=10759\"]}]},{\"@type\":\"ImageObject\",\"inLanguage\":\"fr-FR\",\"@id\":\"https:\\\/\\\/infos-droitshumains.net\\\/?p=10759#primaryimage\",\"url\":\"https:\\\/\\\/i0.wp.com\\\/infos-droitshumains.net\\\/wp-content\\\/uploads\\\/2024\\\/09\\\/IMG-20240901-WA0000.jpg?fit=1708%2C2560&ssl=1\",\"contentUrl\":\"https:\\\/\\\/i0.wp.com\\\/infos-droitshumains.net\\\/wp-content\\\/uploads\\\/2024\\\/09\\\/IMG-20240901-WA0000.jpg?fit=1708%2C2560&ssl=1\",\"width\":1708,\"height\":2560},{\"@type\":\"BreadcrumbList\",\"@id\":\"https:\\\/\\\/infos-droitshumains.net\\\/?p=10759#breadcrumb\",\"itemListElement\":[{\"@type\":\"ListItem\",\"position\":1,\"name\":\"Accueil\",\"item\":\"https:\\\/\\\/infos-droitshumains.net\\\/\"},{\"@type\":\"ListItem\",\"position\":2,\"name\":\"Relance du secteur agricole : Vital Kamerhe souhaite que Kinshasa se serve de l\u2019exp\u00e9rience sud-africaine\"}]},{\"@type\":\"WebSite\",\"@id\":\"https:\\\/\\\/infos-droitshumains.net\\\/#website\",\"url\":\"https:\\\/\\\/infos-droitshumains.net\\\/\",\"name\":\"Infos Droits Humains\",\"description\":\"S&#039;informer est un droit\",\"publisher\":{\"@id\":\"https:\\\/\\\/infos-droitshumains.net\\\/#organization\"},\"potentialAction\":[{\"@type\":\"SearchAction\",\"target\":{\"@type\":\"EntryPoint\",\"urlTemplate\":\"https:\\\/\\\/infos-droitshumains.net\\\/?s={search_term_string}\"},\"query-input\":{\"@type\":\"PropertyValueSpecification\",\"valueRequired\":true,\"valueName\":\"search_term_string\"}}],\"inLanguage\":\"fr-FR\"},{\"@type\":\"Organization\",\"@id\":\"https:\\\/\\\/infos-droitshumains.net\\\/#organization\",\"name\":\"Infos Droits Humains\",\"url\":\"https:\\\/\\\/infos-droitshumains.net\\\/\",\"logo\":{\"@type\":\"ImageObject\",\"inLanguage\":\"fr-FR\",\"@id\":\"https:\\\/\\\/infos-droitshumains.net\\\/#\\\/schema\\\/logo\\\/image\\\/\",\"url\":\"https:\\\/\\\/i0.wp.com\\\/infos-droitshumains.net\\\/wp-content\\\/uploads\\\/2022\\\/05\\\/Logo.png?fit=333%2C129&ssl=1\",\"contentUrl\":\"https:\\\/\\\/i0.wp.com\\\/infos-droitshumains.net\\\/wp-content\\\/uploads\\\/2022\\\/05\\\/Logo.png?fit=333%2C129&ssl=1\",\"width\":333,\"height\":129,\"caption\":\"Infos Droits Humains\"},\"image\":{\"@id\":\"https:\\\/\\\/infos-droitshumains.net\\\/#\\\/schema\\\/logo\\\/image\\\/\"}},{\"@type\":\"Person\",\"@id\":\"https:\\\/\\\/infos-droitshumains.net\\\/#\\\/schema\\\/person\\\/3dc5e921c3302172e0ed4362f96faab7\",\"name\":\"Jo\u00ebl Diawa\",\"image\":{\"@type\":\"ImageObject\",\"inLanguage\":\"fr-FR\",\"@id\":\"https:\\\/\\\/secure.gravatar.com\\\/avatar\\\/729bea6ff4604c624417803c477363be8e3c7186deaa65713313f9b4b820f41c?s=96&d=mm&r=g\",\"url\":\"https:\\\/\\\/secure.gravatar.com\\\/avatar\\\/729bea6ff4604c624417803c477363be8e3c7186deaa65713313f9b4b820f41c?s=96&d=mm&r=g\",\"contentUrl\":\"https:\\\/\\\/secure.gravatar.com\\\/avatar\\\/729bea6ff4604c624417803c477363be8e3c7186deaa65713313f9b4b820f41c?s=96&d=mm&r=g\",\"caption\":\"Jo\u00ebl Diawa\"},\"sameAs\":[\"https:\\\/\\\/www.infos-droitshumains.net\"],\"url\":\"https:\\\/\\\/infos-droitshumains.net\\\/?author=2\"}]}<\/script>\n<!-- \/ Yoast SEO plugin. -->","yoast_head_json":{"title":"Relance du secteur agricole : Vital Kamerhe souhaite que Kinshasa se serve de l\u2019exp\u00e9rience sud-africaine - Infos Droits Humains","robots":{"index":"index","follow":"follow","max-snippet":"max-snippet:-1","max-image-preview":"max-image-preview:large","max-video-preview":"max-video-preview:-1"},"canonical":"https:\/\/infos-droitshumains.net\/?p=10759","og_locale":"fr_FR","og_type":"article","og_title":"Relance du secteur agricole : Vital Kamerhe souhaite que Kinshasa se serve de l\u2019exp\u00e9rience sud-africaine - Infos Droits Humains","og_description":"R\u00e9daction: +243 817 406 088 Le Pr\u00e9sident de l&rsquo;Assembl\u00e9e Nationale a profit\u00e9 de son s\u00e9jour...","og_url":"https:\/\/infos-droitshumains.net\/?p=10759","og_site_name":"Infos Droits Humains","article_published_time":"2024-08-31T23:18:28+00:00","article_modified_time":"2024-09-02T08:20:06+00:00","og_image":[{"width":1708,"height":2560,"url":"https:\/\/infos-droitshumains.net\/wp-content\/uploads\/2024\/09\/IMG-20240901-WA0000.jpg","type":"image\/jpeg"}],"author":"Jo\u00ebl Diawa","twitter_card":"summary_large_image","twitter_misc":{"\u00c9crit par":"Jo\u00ebl Diawa","Dur\u00e9e de lecture estim\u00e9e":"2 minutes"},"schema":{"@context":"https:\/\/schema.org","@graph":[{"@type":"Article","@id":"https:\/\/infos-droitshumains.net\/?p=10759#article","isPartOf":{"@id":"https:\/\/infos-droitshumains.net\/?p=10759"},"author":{"name":"Jo\u00ebl Diawa","@id":"https:\/\/infos-droitshumains.net\/#\/schema\/person\/3dc5e921c3302172e0ed4362f96faab7"},"headline":"Relance du secteur agricole : Vital Kamerhe souhaite que Kinshasa se serve de l\u2019exp\u00e9rience sud-africaine","datePublished":"2024-08-31T23:18:28+00:00","dateModified":"2024-09-02T08:20:06+00:00","mainEntityOfPage":{"@id":"https:\/\/infos-droitshumains.net\/?p=10759"},"wordCount":374,"commentCount":0,"publisher":{"@id":"https:\/\/infos-droitshumains.net\/#organization"},"image":{"@id":"https:\/\/infos-droitshumains.net\/?p=10759#primaryimage"},"thumbnailUrl":"https:\/\/i0.wp.com\/infos-droitshumains.net\/wp-content\/uploads\/2024\/09\/IMG-20240901-WA0000.jpg?fit=1708%2C2560&ssl=1","articleSection":["Politique"],"inLanguage":"fr-FR","potentialAction":[{"@type":"CommentAction","name":"Comment","target":["https:\/\/infos-droitshumains.net\/?p=10759#respond"]}]},{"@type":"WebPage","@id":"https:\/\/infos-droitshumains.net\/?p=10759","url":"https:\/\/infos-droitshumains.net\/?p=10759","name":"Relance du secteur agricole : Vital Kamerhe souhaite que Kinshasa se serve de l\u2019exp\u00e9rience sud-africaine - Infos Droits Humains","isPartOf":{"@id":"https:\/\/infos-droitshumains.net\/#website"},"primaryImageOfPage":{"@id":"https:\/\/infos-droitshumains.net\/?p=10759#primaryimage"},"image":{"@id":"https:\/\/infos-droitshumains.net\/?p=10759#primaryimage"},"thumbnailUrl":"https:\/\/i0.wp.com\/infos-droitshumains.net\/wp-content\/uploads\/2024\/09\/IMG-20240901-WA0000.jpg?fit=1708%2C2560&ssl=1","datePublished":"2024-08-31T23:18:28+00:00","dateModified":"2024-09-02T08:20:06+00:00","breadcrumb":{"@id":"https:\/\/infos-droitshumains.net\/?p=10759#breadcrumb"},"inLanguage":"fr-FR","potentialAction":[{"@type":"ReadAction","target":["https:\/\/infos-droitshumains.net\/?p=10759"]}]},{"@type":"ImageObject","inLanguage":"fr-FR","@id":"https:\/\/infos-droitshumains.net\/?p=10759#primaryimage","url":"https:\/\/i0.wp.com\/infos-droitshumains.net\/wp-content\/uploads\/2024\/09\/IMG-20240901-WA0000.jpg?fit=1708%2C2560&ssl=1","contentUrl":"https:\/\/i0.wp.com\/infos-droitshumains.net\/wp-content\/uploads\/2024\/09\/IMG-20240901-WA0000.jpg?fit=1708%2C2560&ssl=1","width":1708,"height":2560},{"@type":"BreadcrumbList","@id":"https:\/\/infos-droitshumains.net\/?p=10759#breadcrumb","itemListElement":[{"@type":"ListItem","position":1,"name":"Accueil","item":"https:\/\/infos-droitshumains.net\/"},{"@type":"ListItem","position":2,"name":"Relance du secteur agricole : Vital Kamerhe souhaite que Kinshasa se serve de l\u2019exp\u00e9rience sud-africaine"}]},{"@type":"WebSite","@id":"https:\/\/infos-droitshumains.net\/#website","url":"https:\/\/infos-droitshumains.net\/","name":"Infos Droits Humains","description":"S&#039;informer est un droit","publisher":{"@id":"https:\/\/infos-droitshumains.net\/#organization"},"potentialAction":[{"@type":"SearchAction","target":{"@type":"EntryPoint","urlTemplate":"https:\/\/infos-droitshumains.net\/?s={search_term_string}"},"query-input":{"@type":"PropertyValueSpecification","valueRequired":true,"valueName":"search_term_string"}}],"inLanguage":"fr-FR"},{"@type":"Organization","@id":"https:\/\/infos-droitshumains.net\/#organization","name":"Infos Droits Humains","url":"https:\/\/infos-droitshumains.net\/","logo":{"@type":"ImageObject","inLanguage":"fr-FR","@id":"https:\/\/infos-droitshumains.net\/#\/schema\/logo\/image\/","url":"https:\/\/i0.wp.com\/infos-droitshumains.net\/wp-content\/uploads\/2022\/05\/Logo.png?fit=333%2C129&ssl=1","contentUrl":"https:\/\/i0.wp.com\/infos-droitshumains.net\/wp-content\/uploads\/2022\/05\/Logo.png?fit=333%2C129&ssl=1","width":333,"height":129,"caption":"Infos Droits Humains"},"image":{"@id":"https:\/\/infos-droitshumains.net\/#\/schema\/logo\/image\/"}},{"@type":"Person","@id":"https:\/\/infos-droitshumains.net\/#\/schema\/person\/3dc5e921c3302172e0ed4362f96faab7","name":"Jo\u00ebl Diawa","image":{"@type":"ImageObject","inLanguage":"fr-FR","@id":"https:\/\/secure.gravatar.com\/avatar\/729bea6ff4604c624417803c477363be8e3c7186deaa65713313f9b4b820f41c?s=96&d=mm&r=g","url":"https:\/\/secure.gravatar.com\/avatar\/729bea6ff4604c624417803c477363be8e3c7186deaa65713313f9b4b820f41c?s=96&d=mm&r=g","contentUrl":"https:\/\/secure.gravatar.com\/avatar\/729bea6ff4604c624417803c477363be8e3c7186deaa65713313f9b4b820f41c?s=96&d=mm&r=g","caption":"Jo\u00ebl Diawa"},"sameAs":["https:\/\/www.infos-droitshumains.net"],"url":"https:\/\/infos-droitshumains.net\/?author=2"}]}},"featured_image_urls":{"full":["https:\/\/i0.wp.com\/infos-droitshumains.net\/wp-content\/uploads\/2024\/09\/IMG-20240901-WA0000.jpg?fit=1708%2C2560&ssl=1",1708,2560,false],"thumbnail":["https:\/\/i0.wp.com\/infos-droitshumains.net\/wp-content\/uploads\/2024\/09\/IMG-20240901-WA0000.jpg?resize=150%2C150&ssl=1",150,150,true],"medium":["https:\/\/i0.wp.com\/infos-droitshumains.net\/wp-content\/uploads\/2024\/09\/IMG-20240901-WA0000.jpg?fit=200%2C300&ssl=1",200,300,true],"medium_large":["https:\/\/i0.wp.com\/infos-droitshumains.net\/wp-content\/uploads\/2024\/09\/IMG-20240901-WA0000.jpg?fit=640%2C959&ssl=1",640,959,true],"large":["https:\/\/i0.wp.com\/infos-droitshumains.net\/wp-content\/uploads\/2024\/09\/IMG-20240901-WA0000.jpg?fit=640%2C960&ssl=1",640,960,true],"1536x1536":["https:\/\/i0.wp.com\/infos-droitshumains.net\/wp-content\/uploads\/2024\/09\/IMG-20240901-WA0000.jpg?fit=1025%2C1536&ssl=1",1025,1536,true],"2048x2048":["https:\/\/i0.wp.com\/infos-droitshumains.net\/wp-content\/uploads\/2024\/09\/IMG-20240901-WA0000.jpg?fit=1366%2C2048&ssl=1",1366,2048,true],"covernews-slider-full":["https:\/\/i0.wp.com\/infos-droitshumains.net\/wp-content\/uploads\/2024\/09\/IMG-20240901-WA0000.jpg?resize=1115%2C715&ssl=1",1115,715,true],"covernews-slider-center":["https:\/\/i0.wp.com\/infos-droitshumains.net\/wp-content\/uploads\/2024\/09\/IMG-20240901-WA0000.jpg?resize=800%2C500&ssl=1",800,500,true],"covernews-featured":["https:\/\/i0.wp.com\/infos-droitshumains.net\/wp-content\/uploads\/2024\/09\/IMG-20240901-WA0000.jpg?fit=1024%2C1535&ssl=1",1024,1535,true],"covernews-medium":["https:\/\/i0.wp.com\/infos-droitshumains.net\/wp-content\/uploads\/2024\/09\/IMG-20240901-WA0000.jpg?resize=540%2C340&ssl=1",540,340,true],"covernews-medium-square":["https:\/\/i0.wp.com\/infos-droitshumains.net\/wp-content\/uploads\/2024\/09\/IMG-20240901-WA0000.jpg?resize=400%2C250&ssl=1",400,250,true]},"author_info":{"display_name":"Jo\u00ebl Diawa","author_link":"https:\/\/infos-droitshumains.net\/?author=2"},"category_info":"<a href=\"https:\/\/infos-droitshumains.net\/?cat=3\" rel=\"category\">Politique<\/a>","tag_info":"Politique","comment_count":"0","jetpack_featured_media_url":"https:\/\/i0.wp.com\/infos-droitshumains.net\/wp-content\/uploads\/2024\/09\/IMG-20240901-WA0000.jpg?fit=1708%2C2560&ssl=1","jetpack-related-posts":[],"jetpack_sharing_enabled":true,"_links":{"self":[{"href":"https:\/\/infos-droitshumains.net\/index.php?rest_route=\/wp\/v2\/posts\/10759","targetHints":{"allow":["GET"]}}],"collection":[{"href":"https:\/\/infos-droitshumains.net\/index.php?rest_route=\/wp\/v2\/posts"}],"about":[{"href":"https:\/\/infos-droitshumains.net\/index.php?rest_route=\/wp\/v2\/types\/post"}],"author":[{"embeddable":true,"href":"https:\/\/infos-droitshumains.net\/index.php?rest_route=\/wp\/v2\/users\/2"}],"replies":[{"embeddable":true,"href":"https:\/\/infos-droitshumains.net\/index.php?rest_route=%2Fwp%2Fv2%2Fcomments&post=10759"}],"version-history":[{"count":9,"href":"https:\/\/infos-droitshumains.net\/index.php?rest_route=\/wp\/v2\/posts\/10759\/revisions"}],"predecessor-version":[{"id":10775,"href":"https:\/\/infos-droitshumains.net\/index.php?rest_route=\/wp\/v2\/posts\/10759\/revisions\/10775"}],"wp:featuredmedia":[{"embeddable":true,"href":"https:\/\/infos-droitshumains.net\/index.php?rest_route=\/wp\/v2\/media\/10763"}],"wp:attachment":[{"href":"https:\/\/infos-droitshumains.net\/index.php?rest_route=%2Fwp%2Fv2%2Fmedia&parent=10759"}],"wp:term":[{"taxonomy":"category","embeddable":true,"href":"https:\/\/infos-droitshumains.net\/index.php?rest_route=%2Fwp%2Fv2%2Fcategories&post=10759"},{"taxonomy":"post_tag","embeddable":true,"href":"https:\/\/infos-droitshumains.net\/index.php?rest_route=%2Fwp%2Fv2%2Ftags&post=10759"}],"curies":[{"name":"wp","href":"https:\/\/api.w.org\/{rel}","templated":true}]}}