{"id":10711,"date":"2024-08-22T12:11:43","date_gmt":"2024-08-22T10:11:43","guid":{"rendered":"https:\/\/infos-droitshumains.net\/?p=10711"},"modified":"2024-08-22T20:54:43","modified_gmt":"2024-08-22T18:54:43","slug":"publie-aux-editions-mediaspaul-louvrage-libelle-des-preventions-en-droit-congolais-memento-litteraire-pratique-du-procureur-julien-yves-camala-vien","status":"publish","type":"post","link":"https:\/\/infos-droitshumains.net\/?p=10711","title":{"rendered":"Publi\u00e9 aux \u00e9ditions m\u00e9diaspaul, l\u2019ouvrage \u2018\u2019Libell\u00e9 des pr\u00e9ventions en Droit congolais\u00a0: M\u00e9mento litt\u00e9raire pratique\u2019\u2019 du Procureur Julien-Yves Camala vient d\u2019\u00eatre port\u00e9 sur les fonts baptismaux"},"content":{"rendered":"\n<p><strong>R\u00e9daction: +243 817 406 088<\/strong><\/p>\n\n\n\n<h3 class=\"wp-block-heading has-vivid-red-color has-text-color has-link-color wp-elements-8f4bd76ce21257c8f0df513877c0b7d9\">Les rayons des biblioth\u00e8ques de la R\u00e9publique D\u00e9mocratique du Congo viennent d\u2019enregistrer un nouveau-n\u00e9, il s\u2019agit de&nbsp;: \u2018\u2019Libell\u00e9 des pr\u00e9ventions en Droit congolais&nbsp;: M\u00e9mento litt\u00e9raire pratique\u2019\u2019, \u0153uvre du Procureur de la R\u00e9publique Julien-Yves Camala Cibaka qui \u00e9t\u00e9 port\u00e9 sur les fonts baptismaux ce &nbsp;mercredi 21 Ao\u00fbt 2024 par Firmin Mvonde, Procureur G\u00e9n\u00e9ral pr\u00e8s la Cour de Cassation.<\/h3>\n\n\n\n<p>Pr\u00e9sent\u00e9 tour \u00e0 tour par Dieudonn\u00e9 Kanyama, premier Avocat G\u00e9n\u00e9ral pr\u00e8s le Conseil d\u2019Etat, T\u00e9lesphore Nduba, Secr\u00e9taire Permanant du Conseil Sup\u00e9rieur de la Magistrature et Thomas Otshudi, Conseill\u00e9 \u00e0 la Cour de Cassation, cette production scientifique de plus de 450 pages a l\u2019avantage de pr\u00e9senter la formule juridique claire et pr\u00e9cise de plus de 290 infractions afin de mieux saisir le juge p\u00e9nal sans tomber dans l\u2019obscurit\u00e9 du libell\u00e9.<\/p>\n\n\n\n<p>\u2018\u2019Libell\u00e9 des pr\u00e9ventions en Droit congolais&nbsp;: M\u00e9mento litt\u00e9raire pratique\u2019\u2019 est en effet, une collection non seulement des infractions usuelles, mais aussi celles r\u00e9cemment \u00e9dit\u00e9es au regard des nouvelles lois&nbsp;; l\u2019auteur a libell\u00e9 de mani\u00e8re claire et pr\u00e9cise toutes les anciennes et nouvelles infractions tant des lois sp\u00e9ciales \u00e0 l\u2019\u00e8re du num\u00e9rique avec l\u2019internet et les r\u00e9seaux sociaux ainsi que toutes les techniques en mati\u00e8re de r\u00e9daction.<\/p>\n\n\n\n<p>L\u2019auteur dit par ailleurs avoir \u00e9t\u00e9 inspir\u00e9 par la <em>\u00ab&nbsp;prolif\u00e9ration des nouvelles lois&nbsp;\u00bb<\/em> et les infractions commises r\u00e9guli\u00e8rement avec les r\u00e9seaux sociaux, les r\u00e9seaux de t\u00e9l\u00e9communication, les applications comme Facebook, X, Instagram, YouTube, Snapchat afin d\u2019aboutir \u00e0 cette \u0153uvre scientifique combien enrichissante. <em>\u00ab&nbsp;Il y a des lois anciennes et d\u2019autres qui ont m\u00eame \u00e9taient abrog\u00e9es, il fallait \u00e0 tout prix qu\u2019il ait un libell\u00e9 prenant en compte les nouvelles l\u00e9gislations en vigueur. Actuellement c\u2019est l\u2019internet, actuellement c\u2019est les r\u00e9seaux sociaux, voil\u00e0 maintenant qu\u2019il y a un libell\u00e9 qui pr\u00e9voit la mani\u00e8re de r\u00e9primer les personnes qui se servent de ces r\u00e9seaux sociaux pour enfreindre \u00e0 la loi&nbsp;\u00bb<\/em>, a expliqu\u00e9 le Procureur Camala qui insiste cependant que son \u0153uvre a aussi apport\u00e9 des nouvelles formules claires et pr\u00e9cises de par la mani\u00e8re de libeller toutes les infractions, pour <em>\u00ab&nbsp;saisir le juge p\u00e9nal&nbsp;\u00bb<\/em> tout en \u00e9vitant <em>\u00ab&nbsp;l\u2019obscurit\u00e9 du libell\u00e9&nbsp;\u00bb.<\/em><\/p>\n\n\n\n<p><em>\u00ab&nbsp;si vous saisissez le juge p\u00e9nal avec un libell\u00e9 mal fait, la sanction c\u2019est le rejet&nbsp;; alors voil\u00e0 que j\u2019ai simplifi\u00e9 certaines choses en apportant de mani\u00e8re claire et pr\u00e9cise, un nouveau libell\u00e9 des pr\u00e9ventions avec des nouvelles pr\u00e9ventions et des nouvelles lois telle que, la loi sur le blanchiment des capitaux, financement du terrorisme et prolif\u00e9ration, vous avez la loi sur l\u2019assurance, le code du num\u00e9rique, la loi sur les t\u00e9l\u00e9communications, la loi sur l\u2019aviation civile et autant des lois nouvelles qui n\u2019avaient pas \u00e9t\u00e9 fait in illo tempore.&nbsp;\u00bb<\/em>, a-t-il martel\u00e9.<\/p>\n\n\n\n<p>\u2018\u2019Libell\u00e9 des pr\u00e9ventions en Droit congolais&nbsp;: M\u00e9mento litt\u00e9raire pratique\u2019\u2019 s\u2019inscrit aussi \u00e0 en croire son auteur, <em>\u00ab&nbsp;dans le cadre de la consolidation de l\u2019Etat de Droit pr\u00f4n\u00e9 par son Excellence Monsieur le Pr\u00e9sident de la R\u00e9publique, F\u00e9lix Antoine Tshisekedi Tshilombo et la consultation voulue par la hi\u00e9rarchie dans la magistrature&nbsp;\u00bb<\/em>.<\/p>\n\n\n\n<p>Pr\u00e9sentement, les praticiens de droit et m\u00eame les justiciables dispose d\u00e9sormais d\u2019un outil de travail tr\u00e8s pratique et concret pour toutes les pr\u00e9ventions. A ce stade, tout le monde sera d\u00e9sormais \u00e0 mesure de faire valoir son droit de la d\u00e9fense et se d\u00e9fendre convenablement. Pour les magistrats du parquet, ils seront \u00e0 m\u00eame de poursuivre et de bien libeller devant les Cours et Tribunaux et pour les magistrats du si\u00e8ge, ils devront rendre leurs d\u00e9cisions sur base des \u00e9l\u00e9ments clairs et pr\u00e9cis.<\/p>\n\n\n\n<p>\u2018\u2019Libell\u00e9 des pr\u00e9ventions en Droit congolais&nbsp;: M\u00e9mento litt\u00e9raire pratique\u2019\u2019 a en outre le m\u00e9rite d\u2019\u00eatre publi\u00e9 au moment o\u00f9 le chef de l\u2019\u00c9tat nomme 5000 nouveaux magistrats qui sans doute, ont des difficult\u00e9s de libeller des pr\u00e9ventions. Cet ouvrage leur permettra dor\u00e9navant de savoir bien libeller contribuant \u00e0 la bonne administration de la justice.<\/p>\n\n\n\n<p>Jo\u00ebl Diawa<\/p>\n","protected":false},"excerpt":{"rendered":"<p>R\u00e9daction: +243 817 406 088 Les rayons des biblioth\u00e8ques de la R\u00e9publique D\u00e9mocratique du Congo&#8230;<\/p>\n","protected":false},"author":2,"featured_media":10713,"comment_status":"open","ping_status":"open","sticky":false,"template":"","format":"standard","meta":{"_jetpack_memberships_contains_paid_content":false,"footnotes":""},"categories":[6],"tags":[],"class_list":["post-10711","post","type-post","status-publish","format-standard","has-post-thumbnail","hentry","category-justice"],"yoast_head":"<!-- This site is optimized with the Yoast SEO plugin v27.5 - https:\/\/yoast.com\/product\/yoast-seo-wordpress\/ -->\n<title>Publi\u00e9 aux \u00e9ditions m\u00e9diaspaul, l\u2019ouvrage \u2018\u2019Libell\u00e9 des pr\u00e9ventions en Droit congolais\u00a0: M\u00e9mento litt\u00e9raire pratique\u2019\u2019 du Procureur Julien-Yves Camala vient d\u2019\u00eatre port\u00e9 sur les fonts baptismaux - Infos Droits Humains<\/title>\n<meta name=\"robots\" content=\"index, follow, max-snippet:-1, max-image-preview:large, max-video-preview:-1\" \/>\n<link rel=\"canonical\" href=\"https:\/\/infos-droitshumains.net\/?p=10711\" \/>\n<meta property=\"og:locale\" content=\"fr_FR\" \/>\n<meta property=\"og:type\" content=\"article\" \/>\n<meta property=\"og:title\" content=\"Publi\u00e9 aux \u00e9ditions m\u00e9diaspaul, l\u2019ouvrage \u2018\u2019Libell\u00e9 des pr\u00e9ventions en Droit congolais\u00a0: M\u00e9mento litt\u00e9raire pratique\u2019\u2019 du Procureur Julien-Yves Camala vient d\u2019\u00eatre port\u00e9 sur les fonts baptismaux - Infos Droits Humains\" \/>\n<meta property=\"og:description\" content=\"R\u00e9daction: +243 817 406 088 Les rayons des biblioth\u00e8ques de la R\u00e9publique D\u00e9mocratique du Congo...\" \/>\n<meta property=\"og:url\" content=\"https:\/\/infos-droitshumains.net\/?p=10711\" \/>\n<meta property=\"og:site_name\" content=\"Infos Droits Humains\" \/>\n<meta property=\"article:published_time\" content=\"2024-08-22T10:11:43+00:00\" \/>\n<meta property=\"article:modified_time\" content=\"2024-08-22T18:54:43+00:00\" \/>\n<meta property=\"og:image\" content=\"https:\/\/infos-droitshumains.net\/wp-content\/uploads\/2024\/08\/IMG-20240822-WA0005_1.jpg\" \/>\n\t<meta property=\"og:image:width\" content=\"1080\" \/>\n\t<meta property=\"og:image:height\" content=\"717\" \/>\n\t<meta property=\"og:image:type\" content=\"image\/jpeg\" \/>\n<meta name=\"author\" content=\"Jo\u00ebl Diawa\" \/>\n<meta name=\"twitter:card\" content=\"summary_large_image\" \/>\n<meta name=\"twitter:label1\" content=\"\u00c9crit par\" \/>\n\t<meta name=\"twitter:data1\" content=\"Jo\u00ebl Diawa\" \/>\n\t<meta name=\"twitter:label2\" content=\"Dur\u00e9e de lecture estim\u00e9e\" \/>\n\t<meta name=\"twitter:data2\" content=\"4 minutes\" \/>\n<script type=\"application\/ld+json\" class=\"yoast-schema-graph\">{\"@context\":\"https:\\\/\\\/schema.org\",\"@graph\":[{\"@type\":\"Article\",\"@id\":\"https:\\\/\\\/infos-droitshumains.net\\\/?p=10711#article\",\"isPartOf\":{\"@id\":\"https:\\\/\\\/infos-droitshumains.net\\\/?p=10711\"},\"author\":{\"name\":\"Jo\u00ebl Diawa\",\"@id\":\"https:\\\/\\\/infos-droitshumains.net\\\/#\\\/schema\\\/person\\\/3dc5e921c3302172e0ed4362f96faab7\"},\"headline\":\"Publi\u00e9 aux \u00e9ditions m\u00e9diaspaul, l\u2019ouvrage \u2018\u2019Libell\u00e9 des pr\u00e9ventions en Droit congolais\u00a0: M\u00e9mento litt\u00e9raire pratique\u2019\u2019 du Procureur Julien-Yves Camala vient d\u2019\u00eatre port\u00e9 sur les fonts baptismaux\",\"datePublished\":\"2024-08-22T10:11:43+00:00\",\"dateModified\":\"2024-08-22T18:54:43+00:00\",\"mainEntityOfPage\":{\"@id\":\"https:\\\/\\\/infos-droitshumains.net\\\/?p=10711\"},\"wordCount\":774,\"commentCount\":0,\"publisher\":{\"@id\":\"https:\\\/\\\/infos-droitshumains.net\\\/#organization\"},\"image\":{\"@id\":\"https:\\\/\\\/infos-droitshumains.net\\\/?p=10711#primaryimage\"},\"thumbnailUrl\":\"https:\\\/\\\/i0.wp.com\\\/infos-droitshumains.net\\\/wp-content\\\/uploads\\\/2024\\\/08\\\/IMG-20240822-WA0005_1.jpg?fit=1080%2C717&ssl=1\",\"articleSection\":[\"Justice\"],\"inLanguage\":\"fr-FR\",\"potentialAction\":[{\"@type\":\"CommentAction\",\"name\":\"Comment\",\"target\":[\"https:\\\/\\\/infos-droitshumains.net\\\/?p=10711#respond\"]}]},{\"@type\":\"WebPage\",\"@id\":\"https:\\\/\\\/infos-droitshumains.net\\\/?p=10711\",\"url\":\"https:\\\/\\\/infos-droitshumains.net\\\/?p=10711\",\"name\":\"Publi\u00e9 aux \u00e9ditions m\u00e9diaspaul, l\u2019ouvrage \u2018\u2019Libell\u00e9 des pr\u00e9ventions en Droit congolais\u00a0: M\u00e9mento litt\u00e9raire pratique\u2019\u2019 du Procureur Julien-Yves Camala vient d\u2019\u00eatre port\u00e9 sur les fonts baptismaux - Infos Droits Humains\",\"isPartOf\":{\"@id\":\"https:\\\/\\\/infos-droitshumains.net\\\/#website\"},\"primaryImageOfPage\":{\"@id\":\"https:\\\/\\\/infos-droitshumains.net\\\/?p=10711#primaryimage\"},\"image\":{\"@id\":\"https:\\\/\\\/infos-droitshumains.net\\\/?p=10711#primaryimage\"},\"thumbnailUrl\":\"https:\\\/\\\/i0.wp.com\\\/infos-droitshumains.net\\\/wp-content\\\/uploads\\\/2024\\\/08\\\/IMG-20240822-WA0005_1.jpg?fit=1080%2C717&ssl=1\",\"datePublished\":\"2024-08-22T10:11:43+00:00\",\"dateModified\":\"2024-08-22T18:54:43+00:00\",\"breadcrumb\":{\"@id\":\"https:\\\/\\\/infos-droitshumains.net\\\/?p=10711#breadcrumb\"},\"inLanguage\":\"fr-FR\",\"potentialAction\":[{\"@type\":\"ReadAction\",\"target\":[\"https:\\\/\\\/infos-droitshumains.net\\\/?p=10711\"]}]},{\"@type\":\"ImageObject\",\"inLanguage\":\"fr-FR\",\"@id\":\"https:\\\/\\\/infos-droitshumains.net\\\/?p=10711#primaryimage\",\"url\":\"https:\\\/\\\/i0.wp.com\\\/infos-droitshumains.net\\\/wp-content\\\/uploads\\\/2024\\\/08\\\/IMG-20240822-WA0005_1.jpg?fit=1080%2C717&ssl=1\",\"contentUrl\":\"https:\\\/\\\/i0.wp.com\\\/infos-droitshumains.net\\\/wp-content\\\/uploads\\\/2024\\\/08\\\/IMG-20240822-WA0005_1.jpg?fit=1080%2C717&ssl=1\",\"width\":1080,\"height\":717},{\"@type\":\"BreadcrumbList\",\"@id\":\"https:\\\/\\\/infos-droitshumains.net\\\/?p=10711#breadcrumb\",\"itemListElement\":[{\"@type\":\"ListItem\",\"position\":1,\"name\":\"Accueil\",\"item\":\"https:\\\/\\\/infos-droitshumains.net\\\/\"},{\"@type\":\"ListItem\",\"position\":2,\"name\":\"Publi\u00e9 aux \u00e9ditions m\u00e9diaspaul, l\u2019ouvrage \u2018\u2019Libell\u00e9 des pr\u00e9ventions en Droit congolais\u00a0: M\u00e9mento litt\u00e9raire pratique\u2019\u2019 du Procureur Julien-Yves Camala vient d\u2019\u00eatre port\u00e9 sur les fonts baptismaux\"}]},{\"@type\":\"WebSite\",\"@id\":\"https:\\\/\\\/infos-droitshumains.net\\\/#website\",\"url\":\"https:\\\/\\\/infos-droitshumains.net\\\/\",\"name\":\"Infos Droits Humains\",\"description\":\"S&#039;informer est un droit\",\"publisher\":{\"@id\":\"https:\\\/\\\/infos-droitshumains.net\\\/#organization\"},\"potentialAction\":[{\"@type\":\"SearchAction\",\"target\":{\"@type\":\"EntryPoint\",\"urlTemplate\":\"https:\\\/\\\/infos-droitshumains.net\\\/?s={search_term_string}\"},\"query-input\":{\"@type\":\"PropertyValueSpecification\",\"valueRequired\":true,\"valueName\":\"search_term_string\"}}],\"inLanguage\":\"fr-FR\"},{\"@type\":\"Organization\",\"@id\":\"https:\\\/\\\/infos-droitshumains.net\\\/#organization\",\"name\":\"Infos Droits Humains\",\"url\":\"https:\\\/\\\/infos-droitshumains.net\\\/\",\"logo\":{\"@type\":\"ImageObject\",\"inLanguage\":\"fr-FR\",\"@id\":\"https:\\\/\\\/infos-droitshumains.net\\\/#\\\/schema\\\/logo\\\/image\\\/\",\"url\":\"https:\\\/\\\/i0.wp.com\\\/infos-droitshumains.net\\\/wp-content\\\/uploads\\\/2022\\\/05\\\/Logo.png?fit=333%2C129&ssl=1\",\"contentUrl\":\"https:\\\/\\\/i0.wp.com\\\/infos-droitshumains.net\\\/wp-content\\\/uploads\\\/2022\\\/05\\\/Logo.png?fit=333%2C129&ssl=1\",\"width\":333,\"height\":129,\"caption\":\"Infos Droits Humains\"},\"image\":{\"@id\":\"https:\\\/\\\/infos-droitshumains.net\\\/#\\\/schema\\\/logo\\\/image\\\/\"}},{\"@type\":\"Person\",\"@id\":\"https:\\\/\\\/infos-droitshumains.net\\\/#\\\/schema\\\/person\\\/3dc5e921c3302172e0ed4362f96faab7\",\"name\":\"Jo\u00ebl Diawa\",\"image\":{\"@type\":\"ImageObject\",\"inLanguage\":\"fr-FR\",\"@id\":\"https:\\\/\\\/secure.gravatar.com\\\/avatar\\\/729bea6ff4604c624417803c477363be8e3c7186deaa65713313f9b4b820f41c?s=96&d=mm&r=g\",\"url\":\"https:\\\/\\\/secure.gravatar.com\\\/avatar\\\/729bea6ff4604c624417803c477363be8e3c7186deaa65713313f9b4b820f41c?s=96&d=mm&r=g\",\"contentUrl\":\"https:\\\/\\\/secure.gravatar.com\\\/avatar\\\/729bea6ff4604c624417803c477363be8e3c7186deaa65713313f9b4b820f41c?s=96&d=mm&r=g\",\"caption\":\"Jo\u00ebl Diawa\"},\"sameAs\":[\"https:\\\/\\\/www.infos-droitshumains.net\"],\"url\":\"https:\\\/\\\/infos-droitshumains.net\\\/?author=2\"}]}<\/script>\n<!-- \/ Yoast SEO plugin. -->","yoast_head_json":{"title":"Publi\u00e9 aux \u00e9ditions m\u00e9diaspaul, l\u2019ouvrage \u2018\u2019Libell\u00e9 des pr\u00e9ventions en Droit congolais\u00a0: M\u00e9mento litt\u00e9raire pratique\u2019\u2019 du Procureur Julien-Yves Camala vient d\u2019\u00eatre port\u00e9 sur les fonts baptismaux - Infos Droits Humains","robots":{"index":"index","follow":"follow","max-snippet":"max-snippet:-1","max-image-preview":"max-image-preview:large","max-video-preview":"max-video-preview:-1"},"canonical":"https:\/\/infos-droitshumains.net\/?p=10711","og_locale":"fr_FR","og_type":"article","og_title":"Publi\u00e9 aux \u00e9ditions m\u00e9diaspaul, l\u2019ouvrage \u2018\u2019Libell\u00e9 des pr\u00e9ventions en Droit congolais\u00a0: M\u00e9mento litt\u00e9raire pratique\u2019\u2019 du Procureur Julien-Yves Camala vient d\u2019\u00eatre port\u00e9 sur les fonts baptismaux - Infos Droits Humains","og_description":"R\u00e9daction: +243 817 406 088 Les rayons des biblioth\u00e8ques de la R\u00e9publique D\u00e9mocratique du Congo...","og_url":"https:\/\/infos-droitshumains.net\/?p=10711","og_site_name":"Infos Droits Humains","article_published_time":"2024-08-22T10:11:43+00:00","article_modified_time":"2024-08-22T18:54:43+00:00","og_image":[{"width":1080,"height":717,"url":"https:\/\/infos-droitshumains.net\/wp-content\/uploads\/2024\/08\/IMG-20240822-WA0005_1.jpg","type":"image\/jpeg"}],"author":"Jo\u00ebl Diawa","twitter_card":"summary_large_image","twitter_misc":{"\u00c9crit par":"Jo\u00ebl Diawa","Dur\u00e9e de lecture estim\u00e9e":"4 minutes"},"schema":{"@context":"https:\/\/schema.org","@graph":[{"@type":"Article","@id":"https:\/\/infos-droitshumains.net\/?p=10711#article","isPartOf":{"@id":"https:\/\/infos-droitshumains.net\/?p=10711"},"author":{"name":"Jo\u00ebl Diawa","@id":"https:\/\/infos-droitshumains.net\/#\/schema\/person\/3dc5e921c3302172e0ed4362f96faab7"},"headline":"Publi\u00e9 aux \u00e9ditions m\u00e9diaspaul, l\u2019ouvrage \u2018\u2019Libell\u00e9 des pr\u00e9ventions en Droit congolais\u00a0: M\u00e9mento litt\u00e9raire pratique\u2019\u2019 du Procureur Julien-Yves Camala vient d\u2019\u00eatre port\u00e9 sur les fonts baptismaux","datePublished":"2024-08-22T10:11:43+00:00","dateModified":"2024-08-22T18:54:43+00:00","mainEntityOfPage":{"@id":"https:\/\/infos-droitshumains.net\/?p=10711"},"wordCount":774,"commentCount":0,"publisher":{"@id":"https:\/\/infos-droitshumains.net\/#organization"},"image":{"@id":"https:\/\/infos-droitshumains.net\/?p=10711#primaryimage"},"thumbnailUrl":"https:\/\/i0.wp.com\/infos-droitshumains.net\/wp-content\/uploads\/2024\/08\/IMG-20240822-WA0005_1.jpg?fit=1080%2C717&ssl=1","articleSection":["Justice"],"inLanguage":"fr-FR","potentialAction":[{"@type":"CommentAction","name":"Comment","target":["https:\/\/infos-droitshumains.net\/?p=10711#respond"]}]},{"@type":"WebPage","@id":"https:\/\/infos-droitshumains.net\/?p=10711","url":"https:\/\/infos-droitshumains.net\/?p=10711","name":"Publi\u00e9 aux \u00e9ditions m\u00e9diaspaul, l\u2019ouvrage \u2018\u2019Libell\u00e9 des pr\u00e9ventions en Droit congolais\u00a0: M\u00e9mento litt\u00e9raire pratique\u2019\u2019 du Procureur Julien-Yves Camala vient d\u2019\u00eatre port\u00e9 sur les fonts baptismaux - Infos Droits Humains","isPartOf":{"@id":"https:\/\/infos-droitshumains.net\/#website"},"primaryImageOfPage":{"@id":"https:\/\/infos-droitshumains.net\/?p=10711#primaryimage"},"image":{"@id":"https:\/\/infos-droitshumains.net\/?p=10711#primaryimage"},"thumbnailUrl":"https:\/\/i0.wp.com\/infos-droitshumains.net\/wp-content\/uploads\/2024\/08\/IMG-20240822-WA0005_1.jpg?fit=1080%2C717&ssl=1","datePublished":"2024-08-22T10:11:43+00:00","dateModified":"2024-08-22T18:54:43+00:00","breadcrumb":{"@id":"https:\/\/infos-droitshumains.net\/?p=10711#breadcrumb"},"inLanguage":"fr-FR","potentialAction":[{"@type":"ReadAction","target":["https:\/\/infos-droitshumains.net\/?p=10711"]}]},{"@type":"ImageObject","inLanguage":"fr-FR","@id":"https:\/\/infos-droitshumains.net\/?p=10711#primaryimage","url":"https:\/\/i0.wp.com\/infos-droitshumains.net\/wp-content\/uploads\/2024\/08\/IMG-20240822-WA0005_1.jpg?fit=1080%2C717&ssl=1","contentUrl":"https:\/\/i0.wp.com\/infos-droitshumains.net\/wp-content\/uploads\/2024\/08\/IMG-20240822-WA0005_1.jpg?fit=1080%2C717&ssl=1","width":1080,"height":717},{"@type":"BreadcrumbList","@id":"https:\/\/infos-droitshumains.net\/?p=10711#breadcrumb","itemListElement":[{"@type":"ListItem","position":1,"name":"Accueil","item":"https:\/\/infos-droitshumains.net\/"},{"@type":"ListItem","position":2,"name":"Publi\u00e9 aux \u00e9ditions m\u00e9diaspaul, l\u2019ouvrage \u2018\u2019Libell\u00e9 des pr\u00e9ventions en Droit congolais\u00a0: M\u00e9mento litt\u00e9raire pratique\u2019\u2019 du Procureur Julien-Yves Camala vient d\u2019\u00eatre port\u00e9 sur les fonts baptismaux"}]},{"@type":"WebSite","@id":"https:\/\/infos-droitshumains.net\/#website","url":"https:\/\/infos-droitshumains.net\/","name":"Infos Droits Humains","description":"S&#039;informer est un droit","publisher":{"@id":"https:\/\/infos-droitshumains.net\/#organization"},"potentialAction":[{"@type":"SearchAction","target":{"@type":"EntryPoint","urlTemplate":"https:\/\/infos-droitshumains.net\/?s={search_term_string}"},"query-input":{"@type":"PropertyValueSpecification","valueRequired":true,"valueName":"search_term_string"}}],"inLanguage":"fr-FR"},{"@type":"Organization","@id":"https:\/\/infos-droitshumains.net\/#organization","name":"Infos Droits Humains","url":"https:\/\/infos-droitshumains.net\/","logo":{"@type":"ImageObject","inLanguage":"fr-FR","@id":"https:\/\/infos-droitshumains.net\/#\/schema\/logo\/image\/","url":"https:\/\/i0.wp.com\/infos-droitshumains.net\/wp-content\/uploads\/2022\/05\/Logo.png?fit=333%2C129&ssl=1","contentUrl":"https:\/\/i0.wp.com\/infos-droitshumains.net\/wp-content\/uploads\/2022\/05\/Logo.png?fit=333%2C129&ssl=1","width":333,"height":129,"caption":"Infos Droits Humains"},"image":{"@id":"https:\/\/infos-droitshumains.net\/#\/schema\/logo\/image\/"}},{"@type":"Person","@id":"https:\/\/infos-droitshumains.net\/#\/schema\/person\/3dc5e921c3302172e0ed4362f96faab7","name":"Jo\u00ebl Diawa","image":{"@type":"ImageObject","inLanguage":"fr-FR","@id":"https:\/\/secure.gravatar.com\/avatar\/729bea6ff4604c624417803c477363be8e3c7186deaa65713313f9b4b820f41c?s=96&d=mm&r=g","url":"https:\/\/secure.gravatar.com\/avatar\/729bea6ff4604c624417803c477363be8e3c7186deaa65713313f9b4b820f41c?s=96&d=mm&r=g","contentUrl":"https:\/\/secure.gravatar.com\/avatar\/729bea6ff4604c624417803c477363be8e3c7186deaa65713313f9b4b820f41c?s=96&d=mm&r=g","caption":"Jo\u00ebl Diawa"},"sameAs":["https:\/\/www.infos-droitshumains.net"],"url":"https:\/\/infos-droitshumains.net\/?author=2"}]}},"featured_image_urls":{"full":["https:\/\/i0.wp.com\/infos-droitshumains.net\/wp-content\/uploads\/2024\/08\/IMG-20240822-WA0005_1.jpg?fit=1080%2C717&ssl=1",1080,717,false],"thumbnail":["https:\/\/i0.wp.com\/infos-droitshumains.net\/wp-content\/uploads\/2024\/08\/IMG-20240822-WA0005_1.jpg?resize=150%2C150&ssl=1",150,150,true],"medium":["https:\/\/i0.wp.com\/infos-droitshumains.net\/wp-content\/uploads\/2024\/08\/IMG-20240822-WA0005_1.jpg?fit=300%2C199&ssl=1",300,199,true],"medium_large":["https:\/\/i0.wp.com\/infos-droitshumains.net\/wp-content\/uploads\/2024\/08\/IMG-20240822-WA0005_1.jpg?fit=640%2C425&ssl=1",640,425,true],"large":["https:\/\/i0.wp.com\/infos-droitshumains.net\/wp-content\/uploads\/2024\/08\/IMG-20240822-WA0005_1.jpg?fit=640%2C425&ssl=1",640,425,true],"1536x1536":["https:\/\/i0.wp.com\/infos-droitshumains.net\/wp-content\/uploads\/2024\/08\/IMG-20240822-WA0005_1.jpg?fit=1080%2C717&ssl=1",1080,717,true],"2048x2048":["https:\/\/i0.wp.com\/infos-droitshumains.net\/wp-content\/uploads\/2024\/08\/IMG-20240822-WA0005_1.jpg?fit=1080%2C717&ssl=1",1080,717,true],"covernews-slider-full":["https:\/\/i0.wp.com\/infos-droitshumains.net\/wp-content\/uploads\/2024\/08\/IMG-20240822-WA0005_1.jpg?resize=1080%2C715&ssl=1",1080,715,true],"covernews-slider-center":["https:\/\/i0.wp.com\/infos-droitshumains.net\/wp-content\/uploads\/2024\/08\/IMG-20240822-WA0005_1.jpg?resize=800%2C500&ssl=1",800,500,true],"covernews-featured":["https:\/\/i0.wp.com\/infos-droitshumains.net\/wp-content\/uploads\/2024\/08\/IMG-20240822-WA0005_1.jpg?fit=1024%2C680&ssl=1",1024,680,true],"covernews-medium":["https:\/\/i0.wp.com\/infos-droitshumains.net\/wp-content\/uploads\/2024\/08\/IMG-20240822-WA0005_1.jpg?resize=540%2C340&ssl=1",540,340,true],"covernews-medium-square":["https:\/\/i0.wp.com\/infos-droitshumains.net\/wp-content\/uploads\/2024\/08\/IMG-20240822-WA0005_1.jpg?resize=400%2C250&ssl=1",400,250,true]},"author_info":{"display_name":"Jo\u00ebl Diawa","author_link":"https:\/\/infos-droitshumains.net\/?author=2"},"category_info":"<a href=\"https:\/\/infos-droitshumains.net\/?cat=6\" rel=\"category\">Justice<\/a>","tag_info":"Justice","comment_count":"0","jetpack_featured_media_url":"https:\/\/i0.wp.com\/infos-droitshumains.net\/wp-content\/uploads\/2024\/08\/IMG-20240822-WA0005_1.jpg?fit=1080%2C717&ssl=1","jetpack-related-posts":[],"jetpack_sharing_enabled":true,"_links":{"self":[{"href":"https:\/\/infos-droitshumains.net\/index.php?rest_route=\/wp\/v2\/posts\/10711","targetHints":{"allow":["GET"]}}],"collection":[{"href":"https:\/\/infos-droitshumains.net\/index.php?rest_route=\/wp\/v2\/posts"}],"about":[{"href":"https:\/\/infos-droitshumains.net\/index.php?rest_route=\/wp\/v2\/types\/post"}],"author":[{"embeddable":true,"href":"https:\/\/infos-droitshumains.net\/index.php?rest_route=\/wp\/v2\/users\/2"}],"replies":[{"embeddable":true,"href":"https:\/\/infos-droitshumains.net\/index.php?rest_route=%2Fwp%2Fv2%2Fcomments&post=10711"}],"version-history":[{"count":2,"href":"https:\/\/infos-droitshumains.net\/index.php?rest_route=\/wp\/v2\/posts\/10711\/revisions"}],"predecessor-version":[{"id":10730,"href":"https:\/\/infos-droitshumains.net\/index.php?rest_route=\/wp\/v2\/posts\/10711\/revisions\/10730"}],"wp:featuredmedia":[{"embeddable":true,"href":"https:\/\/infos-droitshumains.net\/index.php?rest_route=\/wp\/v2\/media\/10713"}],"wp:attachment":[{"href":"https:\/\/infos-droitshumains.net\/index.php?rest_route=%2Fwp%2Fv2%2Fmedia&parent=10711"}],"wp:term":[{"taxonomy":"category","embeddable":true,"href":"https:\/\/infos-droitshumains.net\/index.php?rest_route=%2Fwp%2Fv2%2Fcategories&post=10711"},{"taxonomy":"post_tag","embeddable":true,"href":"https:\/\/infos-droitshumains.net\/index.php?rest_route=%2Fwp%2Fv2%2Ftags&post=10711"}],"curies":[{"name":"wp","href":"https:\/\/api.w.org\/{rel}","templated":true}]}}