{"id":10687,"date":"2024-08-20T17:34:03","date_gmt":"2024-08-20T15:34:03","guid":{"rendered":"https:\/\/infos-droitshumains.net\/?p=10687"},"modified":"2024-08-20T21:43:36","modified_gmt":"2024-08-20T19:43:36","slug":"mise-au-point-coup-depee-dans-leau-le-magistrat-isofa-na-jamais-ete-condamnee-pour-des-manoeuvres-mensonges-et-escroquerie-dune-parcelle-quand-le-politique-fait-basculer-son-bras-f","status":"publish","type":"post","link":"https:\/\/infos-droitshumains.net\/?p=10687","title":{"rendered":"Coup d&rsquo;\u00e9p\u00e9e dans l&rsquo;eau, le Magistrat Isofa n&rsquo;a jamais \u00e9t\u00e9 condamn\u00e9 pour des man\u0153uvres, mensonges et escroquerie d\u2019une parcelle.(Mise au point)"},"content":{"rendered":"\n<p>R\u00e9daction: +243 817 406 088<\/p>\n\n\n\n<h3 class=\"wp-block-heading has-vivid-red-color has-text-color has-link-color wp-elements-9fc600f9a337636ba8c6ce9263ecfbfc\">Alors qu\u2019un bras de fer semble avoir \u00e9t\u00e9 ouvert entre le corps des magistrats et le ministre de la justice et garde des sceaux, il est fort de se rendre \u00e0 l\u2019\u00e9vidence que certaines personnes veulent personnaliser cette guerre ciblant singuli\u00e8rement quelques magistrats notamment, le Premier Substitut du Procureur G\u00e9n\u00e9ral Edmond Isofa Nkanga, Pr\u00e9sident du Syndicat Automne des Magistrats du Congo. A cause de son combat dans la d\u00e9fense de la cause des magistrats, un laboratoire d&rsquo;itox a \u00e9t\u00e9 mont\u00e9, et ce dernier distille des fausses informations faisant croire \u00e0 l\u2019opinion cet officier du minist\u00e8re public avait \u00e9t\u00e9 condamn\u00e9 pour des man\u0153uvres, mensonges et escroquerie d\u2019une parcelle dans la commune de la Gombe.<\/h3>\n\n\n\n<p>Apr\u00e8s une investigation men\u00e9e par la r\u00e9daction du Journal T\u00e9l\u00e9vis\u00e9 des Droits Humains sur la question, il s\u2019av\u00e8re que cette information a \u00e9t\u00e9 sortie de son contexte par ces officines aux ambitions obscures et mesquines recrut\u00e9es dans le but de de faire taire ce magistrat qui porte la voix de ses coll\u00e8gues \u00e0 travers le SYNAMAC.<\/p>\n\n\n\n<p>Tenez, l\u2019affaire a concern\u00e9e la parcelle situ\u00e9e au croisement des avenues Lubefu et batetela dans la commune de la Gombe.<\/p>\n\n\n\n<p>En effet, le Gouvernement Matata, lors d\u2019un conseil des ministres avait d\u00e9cid\u00e9, en compensation, de donner cet immeuble \u00e0 Monsieur KELLER, un sujet isra\u00e9lien dont l\u2019immeuble avait \u00e9t\u00e9 c\u00e9d\u00e9 au gouvernement chinois qui y a construit en face des Affaires \u00c9trang\u00e8res (la d\u00e9cision publi\u00e9e au Journal officiel.)<\/p>\n\n\n\n<p>Cet immeuble de l\u2019Etat o\u00f9 habitait depuis 40 ans un haut fonctionnaire de l\u2019Etat, se retrouvait par magie couvert par un Certificat d\u2019Enregistrement au nom d\u2019une dame. Le parquet \u00e9tant saisi, le Procureur Isofa, \u00e0 l\u2019\u00e9poque, pas encore Chef d\u2019office, en tant que magistrat instructeur, convoqua les parties ; pour le compte de la dame, seuls les avocats comparaissaient.<\/p>\n\n\n\n<p>Pour contraindre cette spoliatrice \u00e0 compara\u00eetre, le dossier est envoy\u00e9 en fixation par le chef d\u2019office et non le magistrat instructeur. Apr\u00e8s condamnation au premier degr\u00e9, les avocats font appel pour le compte des enfants au motif que leur m\u00e8re serait d\u00e9c\u00e9d\u00e9. Une information est ouverte pour entendre les soi-disants enfants, mais ces derniers ne viennent pas non plus. Une fois de plus, ce sont les avocats qui se pr\u00e9sentent. Entretemps le parquet qui avait obtenu le maximum de la peine est all\u00e9 en appel \u00e0 toutes fins utiles, le temps d\u2019entendre les enfants.<\/p>\n\n\n\n<p>Face \u00e0 cela, le magistrat audiencier n\u2019a fait que valoir avoir tout obtenu du premier juge. M\u00e9content, ils sont all\u00e9s \u00e0 prise \u00e0 partie contre la composition et le magistrat instructeur du dossier, le procureur Edmond Isofa. Contre ce dernier, on lui reproche:<br>\u2022 d\u2019avoir omis dans la requ\u00eate de signaler que les faits \u00e9taient prescrits. Alors que la requ\u00eate est l\u2019\u0153uvre du chef d\u2019office;<br>\u2022 \u2060le fait que ces PV sont pour certains en manuscrits et d\u2019autres saisis sur ordinateurs;<\/p>\n\n\n\n<p><em>\u00ab Mais en quoi un magistrat qui fait envoyer un dossier devant le tribunal commet un dol \u00bb<\/em>, s\u2019interrogent les observateurs avertis.<\/p>\n\n\n\n<p>En plus cet arr\u00eat a \u00e9t\u00e9 attaqu\u00e9 \u00e0 son tour en prise \u00e0 parti pour dol manifeste tir\u00e9 du motif qu\u2019en violation de l\u2019arr\u00eat\u00e9 d\u2019organisation judiciaire, un premier substitut a \u00e9t\u00e9 pris \u00e0 parti pour une requ\u00eate aux fins de fixation d\u2019audience dont la responsabilit\u00e9 est du chef d\u2019office et aussi une plainte contre leurs auteurs avait \u00e9t\u00e9 traduite en disciplinaire.<\/p>\n\n\n\n<p>Le parquet n\u2019a fait qu\u2019accompagner l\u2019\u00c9tat dans la protection d\u2019un bien au grand dames des spoliateurs qui op\u00e8rent en complicit\u00e9 avec certains acteurs judiciaires et les autres services de l\u2019Etat.<\/p>\n\n\n\n<p>Les publications dans les r\u00e9seaux sociaux de cette prise \u00e0 partie qui date de 2015 pour tenter de faire croire \u00e0 l\u2019opinion que le Pr\u00e9sident du SYNAMAC a \u00e9t\u00e9 condamn\u00e9 pour les faits qu\u2019ils ont mont\u00e9 de toute pi\u00e8ce ne sont que de fuites en avant de ceux qui, en manque d\u2019arguments, veulent \u00e0 tout pris \u00e9corner l\u2019image de ce magistrat pour essayer de le fragiliser dans son combat noble de la d\u00e9fense des ses coll\u00e8gues. Cela d\u00e9montre noir sur blanc que le probl\u00e8me n\u2019est pas vraiment les r\u00e9formes tant chant\u00e9es jours et nuits ; mais le probl\u00e8me est ailleurs.<\/p>\n\n\n\n<p>L\u2019histoire illustrative de cette parcelle avec des personnes impliqu\u00e9es vient donc rench\u00e9rir la th\u00e8se du SYNAMAC selon laquelle, <strong>\u2018\u2019les magistrats ne sont pas les seuls responsables du dysfonctionnement de la justice et que les r\u00e9formes doivent \u00eatre l\u2019affaire de tous les acteurs.\u2019\u2019<\/strong><\/p>\n\n\n\n<p>Merlin Kamalandua <\/p>\n","protected":false},"excerpt":{"rendered":"<p>R\u00e9daction: +243 817 406 088 Alors qu\u2019un bras de fer semble avoir \u00e9t\u00e9 ouvert entre&#8230;<\/p>\n","protected":false},"author":2,"featured_media":10692,"comment_status":"open","ping_status":"open","sticky":false,"template":"","format":"standard","meta":{"_jetpack_memberships_contains_paid_content":false,"footnotes":""},"categories":[6],"tags":[],"class_list":["post-10687","post","type-post","status-publish","format-standard","has-post-thumbnail","hentry","category-justice"],"yoast_head":"<!-- This site is optimized with the Yoast SEO plugin v27.5 - https:\/\/yoast.com\/product\/yoast-seo-wordpress\/ -->\n<title>Coup d&#039;\u00e9p\u00e9e dans l&#039;eau, le Magistrat Isofa n&#039;a jamais \u00e9t\u00e9 condamn\u00e9 pour des man\u0153uvres, mensonges et escroquerie d\u2019une parcelle.(Mise au point) - Infos Droits Humains<\/title>\n<meta name=\"robots\" content=\"index, follow, max-snippet:-1, max-image-preview:large, max-video-preview:-1\" \/>\n<link rel=\"canonical\" href=\"https:\/\/infos-droitshumains.net\/?p=10687\" \/>\n<meta property=\"og:locale\" content=\"fr_FR\" \/>\n<meta property=\"og:type\" content=\"article\" \/>\n<meta property=\"og:title\" content=\"Coup d&#039;\u00e9p\u00e9e dans l&#039;eau, le Magistrat Isofa n&#039;a jamais \u00e9t\u00e9 condamn\u00e9 pour des man\u0153uvres, mensonges et escroquerie d\u2019une parcelle.(Mise au point) - Infos Droits Humains\" \/>\n<meta property=\"og:description\" content=\"R\u00e9daction: +243 817 406 088 Alors qu\u2019un bras de fer semble avoir \u00e9t\u00e9 ouvert entre...\" \/>\n<meta property=\"og:url\" content=\"https:\/\/infos-droitshumains.net\/?p=10687\" \/>\n<meta property=\"og:site_name\" content=\"Infos Droits Humains\" \/>\n<meta property=\"article:published_time\" content=\"2024-08-20T15:34:03+00:00\" \/>\n<meta property=\"article:modified_time\" content=\"2024-08-20T19:43:36+00:00\" \/>\n<meta property=\"og:image\" content=\"https:\/\/infos-droitshumains.net\/wp-content\/uploads\/2024\/08\/IMG-20240820-WA0045_1.jpg\" \/>\n\t<meta property=\"og:image:width\" content=\"768\" \/>\n\t<meta property=\"og:image:height\" content=\"580\" \/>\n\t<meta property=\"og:image:type\" content=\"image\/jpeg\" \/>\n<meta name=\"author\" content=\"Jo\u00ebl Diawa\" \/>\n<meta name=\"twitter:card\" content=\"summary_large_image\" \/>\n<meta name=\"twitter:label1\" content=\"\u00c9crit par\" \/>\n\t<meta name=\"twitter:data1\" content=\"Jo\u00ebl Diawa\" \/>\n\t<meta name=\"twitter:label2\" content=\"Dur\u00e9e de lecture estim\u00e9e\" \/>\n\t<meta name=\"twitter:data2\" content=\"4 minutes\" \/>\n<script type=\"application\/ld+json\" class=\"yoast-schema-graph\">{\"@context\":\"https:\\\/\\\/schema.org\",\"@graph\":[{\"@type\":\"Article\",\"@id\":\"https:\\\/\\\/infos-droitshumains.net\\\/?p=10687#article\",\"isPartOf\":{\"@id\":\"https:\\\/\\\/infos-droitshumains.net\\\/?p=10687\"},\"author\":{\"name\":\"Jo\u00ebl Diawa\",\"@id\":\"https:\\\/\\\/infos-droitshumains.net\\\/#\\\/schema\\\/person\\\/3dc5e921c3302172e0ed4362f96faab7\"},\"headline\":\"Coup d&rsquo;\u00e9p\u00e9e dans l&rsquo;eau, le Magistrat Isofa n&rsquo;a jamais \u00e9t\u00e9 condamn\u00e9 pour des man\u0153uvres, mensonges et escroquerie d\u2019une parcelle.(Mise au point)\",\"datePublished\":\"2024-08-20T15:34:03+00:00\",\"dateModified\":\"2024-08-20T19:43:36+00:00\",\"mainEntityOfPage\":{\"@id\":\"https:\\\/\\\/infos-droitshumains.net\\\/?p=10687\"},\"wordCount\":821,\"commentCount\":0,\"publisher\":{\"@id\":\"https:\\\/\\\/infos-droitshumains.net\\\/#organization\"},\"image\":{\"@id\":\"https:\\\/\\\/infos-droitshumains.net\\\/?p=10687#primaryimage\"},\"thumbnailUrl\":\"https:\\\/\\\/i0.wp.com\\\/infos-droitshumains.net\\\/wp-content\\\/uploads\\\/2024\\\/08\\\/IMG-20240820-WA0045_1.jpg?fit=768%2C580&ssl=1\",\"articleSection\":[\"Justice\"],\"inLanguage\":\"fr-FR\",\"potentialAction\":[{\"@type\":\"CommentAction\",\"name\":\"Comment\",\"target\":[\"https:\\\/\\\/infos-droitshumains.net\\\/?p=10687#respond\"]}]},{\"@type\":\"WebPage\",\"@id\":\"https:\\\/\\\/infos-droitshumains.net\\\/?p=10687\",\"url\":\"https:\\\/\\\/infos-droitshumains.net\\\/?p=10687\",\"name\":\"Coup d'\u00e9p\u00e9e dans l'eau, le Magistrat Isofa n'a jamais \u00e9t\u00e9 condamn\u00e9 pour des man\u0153uvres, mensonges et escroquerie d\u2019une parcelle.(Mise au point) - Infos Droits Humains\",\"isPartOf\":{\"@id\":\"https:\\\/\\\/infos-droitshumains.net\\\/#website\"},\"primaryImageOfPage\":{\"@id\":\"https:\\\/\\\/infos-droitshumains.net\\\/?p=10687#primaryimage\"},\"image\":{\"@id\":\"https:\\\/\\\/infos-droitshumains.net\\\/?p=10687#primaryimage\"},\"thumbnailUrl\":\"https:\\\/\\\/i0.wp.com\\\/infos-droitshumains.net\\\/wp-content\\\/uploads\\\/2024\\\/08\\\/IMG-20240820-WA0045_1.jpg?fit=768%2C580&ssl=1\",\"datePublished\":\"2024-08-20T15:34:03+00:00\",\"dateModified\":\"2024-08-20T19:43:36+00:00\",\"breadcrumb\":{\"@id\":\"https:\\\/\\\/infos-droitshumains.net\\\/?p=10687#breadcrumb\"},\"inLanguage\":\"fr-FR\",\"potentialAction\":[{\"@type\":\"ReadAction\",\"target\":[\"https:\\\/\\\/infos-droitshumains.net\\\/?p=10687\"]}]},{\"@type\":\"ImageObject\",\"inLanguage\":\"fr-FR\",\"@id\":\"https:\\\/\\\/infos-droitshumains.net\\\/?p=10687#primaryimage\",\"url\":\"https:\\\/\\\/i0.wp.com\\\/infos-droitshumains.net\\\/wp-content\\\/uploads\\\/2024\\\/08\\\/IMG-20240820-WA0045_1.jpg?fit=768%2C580&ssl=1\",\"contentUrl\":\"https:\\\/\\\/i0.wp.com\\\/infos-droitshumains.net\\\/wp-content\\\/uploads\\\/2024\\\/08\\\/IMG-20240820-WA0045_1.jpg?fit=768%2C580&ssl=1\",\"width\":768,\"height\":580},{\"@type\":\"BreadcrumbList\",\"@id\":\"https:\\\/\\\/infos-droitshumains.net\\\/?p=10687#breadcrumb\",\"itemListElement\":[{\"@type\":\"ListItem\",\"position\":1,\"name\":\"Accueil\",\"item\":\"https:\\\/\\\/infos-droitshumains.net\\\/\"},{\"@type\":\"ListItem\",\"position\":2,\"name\":\"Coup d&rsquo;\u00e9p\u00e9e dans l&rsquo;eau, le Magistrat Isofa n&rsquo;a jamais \u00e9t\u00e9 condamn\u00e9 pour des man\u0153uvres, mensonges et escroquerie d\u2019une parcelle.(Mise au point)\"}]},{\"@type\":\"WebSite\",\"@id\":\"https:\\\/\\\/infos-droitshumains.net\\\/#website\",\"url\":\"https:\\\/\\\/infos-droitshumains.net\\\/\",\"name\":\"Infos Droits Humains\",\"description\":\"S&#039;informer est un droit\",\"publisher\":{\"@id\":\"https:\\\/\\\/infos-droitshumains.net\\\/#organization\"},\"potentialAction\":[{\"@type\":\"SearchAction\",\"target\":{\"@type\":\"EntryPoint\",\"urlTemplate\":\"https:\\\/\\\/infos-droitshumains.net\\\/?s={search_term_string}\"},\"query-input\":{\"@type\":\"PropertyValueSpecification\",\"valueRequired\":true,\"valueName\":\"search_term_string\"}}],\"inLanguage\":\"fr-FR\"},{\"@type\":\"Organization\",\"@id\":\"https:\\\/\\\/infos-droitshumains.net\\\/#organization\",\"name\":\"Infos Droits Humains\",\"url\":\"https:\\\/\\\/infos-droitshumains.net\\\/\",\"logo\":{\"@type\":\"ImageObject\",\"inLanguage\":\"fr-FR\",\"@id\":\"https:\\\/\\\/infos-droitshumains.net\\\/#\\\/schema\\\/logo\\\/image\\\/\",\"url\":\"https:\\\/\\\/i0.wp.com\\\/infos-droitshumains.net\\\/wp-content\\\/uploads\\\/2022\\\/05\\\/Logo.png?fit=333%2C129&ssl=1\",\"contentUrl\":\"https:\\\/\\\/i0.wp.com\\\/infos-droitshumains.net\\\/wp-content\\\/uploads\\\/2022\\\/05\\\/Logo.png?fit=333%2C129&ssl=1\",\"width\":333,\"height\":129,\"caption\":\"Infos Droits Humains\"},\"image\":{\"@id\":\"https:\\\/\\\/infos-droitshumains.net\\\/#\\\/schema\\\/logo\\\/image\\\/\"}},{\"@type\":\"Person\",\"@id\":\"https:\\\/\\\/infos-droitshumains.net\\\/#\\\/schema\\\/person\\\/3dc5e921c3302172e0ed4362f96faab7\",\"name\":\"Jo\u00ebl Diawa\",\"image\":{\"@type\":\"ImageObject\",\"inLanguage\":\"fr-FR\",\"@id\":\"https:\\\/\\\/secure.gravatar.com\\\/avatar\\\/729bea6ff4604c624417803c477363be8e3c7186deaa65713313f9b4b820f41c?s=96&d=mm&r=g\",\"url\":\"https:\\\/\\\/secure.gravatar.com\\\/avatar\\\/729bea6ff4604c624417803c477363be8e3c7186deaa65713313f9b4b820f41c?s=96&d=mm&r=g\",\"contentUrl\":\"https:\\\/\\\/secure.gravatar.com\\\/avatar\\\/729bea6ff4604c624417803c477363be8e3c7186deaa65713313f9b4b820f41c?s=96&d=mm&r=g\",\"caption\":\"Jo\u00ebl Diawa\"},\"sameAs\":[\"https:\\\/\\\/www.infos-droitshumains.net\"],\"url\":\"https:\\\/\\\/infos-droitshumains.net\\\/?author=2\"}]}<\/script>\n<!-- \/ Yoast SEO plugin. -->","yoast_head_json":{"title":"Coup d'\u00e9p\u00e9e dans l'eau, le Magistrat Isofa n'a jamais \u00e9t\u00e9 condamn\u00e9 pour des man\u0153uvres, mensonges et escroquerie d\u2019une parcelle.(Mise au point) - Infos Droits Humains","robots":{"index":"index","follow":"follow","max-snippet":"max-snippet:-1","max-image-preview":"max-image-preview:large","max-video-preview":"max-video-preview:-1"},"canonical":"https:\/\/infos-droitshumains.net\/?p=10687","og_locale":"fr_FR","og_type":"article","og_title":"Coup d'\u00e9p\u00e9e dans l'eau, le Magistrat Isofa n'a jamais \u00e9t\u00e9 condamn\u00e9 pour des man\u0153uvres, mensonges et escroquerie d\u2019une parcelle.(Mise au point) - Infos Droits Humains","og_description":"R\u00e9daction: +243 817 406 088 Alors qu\u2019un bras de fer semble avoir \u00e9t\u00e9 ouvert entre...","og_url":"https:\/\/infos-droitshumains.net\/?p=10687","og_site_name":"Infos Droits Humains","article_published_time":"2024-08-20T15:34:03+00:00","article_modified_time":"2024-08-20T19:43:36+00:00","og_image":[{"width":768,"height":580,"url":"https:\/\/infos-droitshumains.net\/wp-content\/uploads\/2024\/08\/IMG-20240820-WA0045_1.jpg","type":"image\/jpeg"}],"author":"Jo\u00ebl Diawa","twitter_card":"summary_large_image","twitter_misc":{"\u00c9crit par":"Jo\u00ebl Diawa","Dur\u00e9e de lecture estim\u00e9e":"4 minutes"},"schema":{"@context":"https:\/\/schema.org","@graph":[{"@type":"Article","@id":"https:\/\/infos-droitshumains.net\/?p=10687#article","isPartOf":{"@id":"https:\/\/infos-droitshumains.net\/?p=10687"},"author":{"name":"Jo\u00ebl Diawa","@id":"https:\/\/infos-droitshumains.net\/#\/schema\/person\/3dc5e921c3302172e0ed4362f96faab7"},"headline":"Coup d&rsquo;\u00e9p\u00e9e dans l&rsquo;eau, le Magistrat Isofa n&rsquo;a jamais \u00e9t\u00e9 condamn\u00e9 pour des man\u0153uvres, mensonges et escroquerie d\u2019une parcelle.(Mise au point)","datePublished":"2024-08-20T15:34:03+00:00","dateModified":"2024-08-20T19:43:36+00:00","mainEntityOfPage":{"@id":"https:\/\/infos-droitshumains.net\/?p=10687"},"wordCount":821,"commentCount":0,"publisher":{"@id":"https:\/\/infos-droitshumains.net\/#organization"},"image":{"@id":"https:\/\/infos-droitshumains.net\/?p=10687#primaryimage"},"thumbnailUrl":"https:\/\/i0.wp.com\/infos-droitshumains.net\/wp-content\/uploads\/2024\/08\/IMG-20240820-WA0045_1.jpg?fit=768%2C580&ssl=1","articleSection":["Justice"],"inLanguage":"fr-FR","potentialAction":[{"@type":"CommentAction","name":"Comment","target":["https:\/\/infos-droitshumains.net\/?p=10687#respond"]}]},{"@type":"WebPage","@id":"https:\/\/infos-droitshumains.net\/?p=10687","url":"https:\/\/infos-droitshumains.net\/?p=10687","name":"Coup d'\u00e9p\u00e9e dans l'eau, le Magistrat Isofa n'a jamais \u00e9t\u00e9 condamn\u00e9 pour des man\u0153uvres, mensonges et escroquerie d\u2019une parcelle.(Mise au point) - Infos Droits Humains","isPartOf":{"@id":"https:\/\/infos-droitshumains.net\/#website"},"primaryImageOfPage":{"@id":"https:\/\/infos-droitshumains.net\/?p=10687#primaryimage"},"image":{"@id":"https:\/\/infos-droitshumains.net\/?p=10687#primaryimage"},"thumbnailUrl":"https:\/\/i0.wp.com\/infos-droitshumains.net\/wp-content\/uploads\/2024\/08\/IMG-20240820-WA0045_1.jpg?fit=768%2C580&ssl=1","datePublished":"2024-08-20T15:34:03+00:00","dateModified":"2024-08-20T19:43:36+00:00","breadcrumb":{"@id":"https:\/\/infos-droitshumains.net\/?p=10687#breadcrumb"},"inLanguage":"fr-FR","potentialAction":[{"@type":"ReadAction","target":["https:\/\/infos-droitshumains.net\/?p=10687"]}]},{"@type":"ImageObject","inLanguage":"fr-FR","@id":"https:\/\/infos-droitshumains.net\/?p=10687#primaryimage","url":"https:\/\/i0.wp.com\/infos-droitshumains.net\/wp-content\/uploads\/2024\/08\/IMG-20240820-WA0045_1.jpg?fit=768%2C580&ssl=1","contentUrl":"https:\/\/i0.wp.com\/infos-droitshumains.net\/wp-content\/uploads\/2024\/08\/IMG-20240820-WA0045_1.jpg?fit=768%2C580&ssl=1","width":768,"height":580},{"@type":"BreadcrumbList","@id":"https:\/\/infos-droitshumains.net\/?p=10687#breadcrumb","itemListElement":[{"@type":"ListItem","position":1,"name":"Accueil","item":"https:\/\/infos-droitshumains.net\/"},{"@type":"ListItem","position":2,"name":"Coup d&rsquo;\u00e9p\u00e9e dans l&rsquo;eau, le Magistrat Isofa n&rsquo;a jamais \u00e9t\u00e9 condamn\u00e9 pour des man\u0153uvres, mensonges et escroquerie d\u2019une parcelle.(Mise au point)"}]},{"@type":"WebSite","@id":"https:\/\/infos-droitshumains.net\/#website","url":"https:\/\/infos-droitshumains.net\/","name":"Infos Droits Humains","description":"S&#039;informer est un droit","publisher":{"@id":"https:\/\/infos-droitshumains.net\/#organization"},"potentialAction":[{"@type":"SearchAction","target":{"@type":"EntryPoint","urlTemplate":"https:\/\/infos-droitshumains.net\/?s={search_term_string}"},"query-input":{"@type":"PropertyValueSpecification","valueRequired":true,"valueName":"search_term_string"}}],"inLanguage":"fr-FR"},{"@type":"Organization","@id":"https:\/\/infos-droitshumains.net\/#organization","name":"Infos Droits Humains","url":"https:\/\/infos-droitshumains.net\/","logo":{"@type":"ImageObject","inLanguage":"fr-FR","@id":"https:\/\/infos-droitshumains.net\/#\/schema\/logo\/image\/","url":"https:\/\/i0.wp.com\/infos-droitshumains.net\/wp-content\/uploads\/2022\/05\/Logo.png?fit=333%2C129&ssl=1","contentUrl":"https:\/\/i0.wp.com\/infos-droitshumains.net\/wp-content\/uploads\/2022\/05\/Logo.png?fit=333%2C129&ssl=1","width":333,"height":129,"caption":"Infos Droits Humains"},"image":{"@id":"https:\/\/infos-droitshumains.net\/#\/schema\/logo\/image\/"}},{"@type":"Person","@id":"https:\/\/infos-droitshumains.net\/#\/schema\/person\/3dc5e921c3302172e0ed4362f96faab7","name":"Jo\u00ebl Diawa","image":{"@type":"ImageObject","inLanguage":"fr-FR","@id":"https:\/\/secure.gravatar.com\/avatar\/729bea6ff4604c624417803c477363be8e3c7186deaa65713313f9b4b820f41c?s=96&d=mm&r=g","url":"https:\/\/secure.gravatar.com\/avatar\/729bea6ff4604c624417803c477363be8e3c7186deaa65713313f9b4b820f41c?s=96&d=mm&r=g","contentUrl":"https:\/\/secure.gravatar.com\/avatar\/729bea6ff4604c624417803c477363be8e3c7186deaa65713313f9b4b820f41c?s=96&d=mm&r=g","caption":"Jo\u00ebl Diawa"},"sameAs":["https:\/\/www.infos-droitshumains.net"],"url":"https:\/\/infos-droitshumains.net\/?author=2"}]}},"featured_image_urls":{"full":["https:\/\/i0.wp.com\/infos-droitshumains.net\/wp-content\/uploads\/2024\/08\/IMG-20240820-WA0045_1.jpg?fit=768%2C580&ssl=1",768,580,false],"thumbnail":["https:\/\/i0.wp.com\/infos-droitshumains.net\/wp-content\/uploads\/2024\/08\/IMG-20240820-WA0045_1.jpg?resize=150%2C150&ssl=1",150,150,true],"medium":["https:\/\/i0.wp.com\/infos-droitshumains.net\/wp-content\/uploads\/2024\/08\/IMG-20240820-WA0045_1.jpg?fit=300%2C227&ssl=1",300,227,true],"medium_large":["https:\/\/i0.wp.com\/infos-droitshumains.net\/wp-content\/uploads\/2024\/08\/IMG-20240820-WA0045_1.jpg?fit=640%2C483&ssl=1",640,483,true],"large":["https:\/\/i0.wp.com\/infos-droitshumains.net\/wp-content\/uploads\/2024\/08\/IMG-20240820-WA0045_1.jpg?fit=640%2C483&ssl=1",640,483,true],"1536x1536":["https:\/\/i0.wp.com\/infos-droitshumains.net\/wp-content\/uploads\/2024\/08\/IMG-20240820-WA0045_1.jpg?fit=768%2C580&ssl=1",768,580,true],"2048x2048":["https:\/\/i0.wp.com\/infos-droitshumains.net\/wp-content\/uploads\/2024\/08\/IMG-20240820-WA0045_1.jpg?fit=768%2C580&ssl=1",768,580,true],"covernews-slider-full":["https:\/\/i0.wp.com\/infos-droitshumains.net\/wp-content\/uploads\/2024\/08\/IMG-20240820-WA0045_1.jpg?resize=768%2C580&ssl=1",768,580,true],"covernews-slider-center":["https:\/\/i0.wp.com\/infos-droitshumains.net\/wp-content\/uploads\/2024\/08\/IMG-20240820-WA0045_1.jpg?resize=768%2C500&ssl=1",768,500,true],"covernews-featured":["https:\/\/i0.wp.com\/infos-droitshumains.net\/wp-content\/uploads\/2024\/08\/IMG-20240820-WA0045_1.jpg?fit=768%2C580&ssl=1",768,580,true],"covernews-medium":["https:\/\/i0.wp.com\/infos-droitshumains.net\/wp-content\/uploads\/2024\/08\/IMG-20240820-WA0045_1.jpg?resize=540%2C340&ssl=1",540,340,true],"covernews-medium-square":["https:\/\/i0.wp.com\/infos-droitshumains.net\/wp-content\/uploads\/2024\/08\/IMG-20240820-WA0045_1.jpg?resize=400%2C250&ssl=1",400,250,true]},"author_info":{"display_name":"Jo\u00ebl Diawa","author_link":"https:\/\/infos-droitshumains.net\/?author=2"},"category_info":"<a href=\"https:\/\/infos-droitshumains.net\/?cat=6\" rel=\"category\">Justice<\/a>","tag_info":"Justice","comment_count":"0","jetpack_featured_media_url":"https:\/\/i0.wp.com\/infos-droitshumains.net\/wp-content\/uploads\/2024\/08\/IMG-20240820-WA0045_1.jpg?fit=768%2C580&ssl=1","jetpack-related-posts":[],"jetpack_sharing_enabled":true,"_links":{"self":[{"href":"https:\/\/infos-droitshumains.net\/index.php?rest_route=\/wp\/v2\/posts\/10687","targetHints":{"allow":["GET"]}}],"collection":[{"href":"https:\/\/infos-droitshumains.net\/index.php?rest_route=\/wp\/v2\/posts"}],"about":[{"href":"https:\/\/infos-droitshumains.net\/index.php?rest_route=\/wp\/v2\/types\/post"}],"author":[{"embeddable":true,"href":"https:\/\/infos-droitshumains.net\/index.php?rest_route=\/wp\/v2\/users\/2"}],"replies":[{"embeddable":true,"href":"https:\/\/infos-droitshumains.net\/index.php?rest_route=%2Fwp%2Fv2%2Fcomments&post=10687"}],"version-history":[{"count":12,"href":"https:\/\/infos-droitshumains.net\/index.php?rest_route=\/wp\/v2\/posts\/10687\/revisions"}],"predecessor-version":[{"id":10702,"href":"https:\/\/infos-droitshumains.net\/index.php?rest_route=\/wp\/v2\/posts\/10687\/revisions\/10702"}],"wp:featuredmedia":[{"embeddable":true,"href":"https:\/\/infos-droitshumains.net\/index.php?rest_route=\/wp\/v2\/media\/10692"}],"wp:attachment":[{"href":"https:\/\/infos-droitshumains.net\/index.php?rest_route=%2Fwp%2Fv2%2Fmedia&parent=10687"}],"wp:term":[{"taxonomy":"category","embeddable":true,"href":"https:\/\/infos-droitshumains.net\/index.php?rest_route=%2Fwp%2Fv2%2Fcategories&post=10687"},{"taxonomy":"post_tag","embeddable":true,"href":"https:\/\/infos-droitshumains.net\/index.php?rest_route=%2Fwp%2Fv2%2Ftags&post=10687"}],"curies":[{"name":"wp","href":"https:\/\/api.w.org\/{rel}","templated":true}]}}