{"id":10658,"date":"2024-08-19T19:41:10","date_gmt":"2024-08-19T17:41:10","guid":{"rendered":"https:\/\/infos-droitshumains.net\/?p=10658"},"modified":"2024-08-20T09:25:34","modified_gmt":"2024-08-20T07:25:34","slug":"rdc-pour-lintersyndicale-des-magistrats-du-congo-le-fait-pour-le-ministre-de-la-justice-de-traiter-les-magistrats-dun-reseau-mafieux","status":"publish","type":"post","link":"https:\/\/infos-droitshumains.net\/?p=10658","title":{"rendered":"RDC\u00a0: Pour l\u2019intersyndicale des magistrats du Congo, le fait pour le Ministre de la Justice de traiter les magistrats d\u2019un \u2018\u2019r\u00e9seau mafieux\u2019\u2019\u00a0proc\u00e8de de sa difficult\u00e9 de faire un saut qualificatif de son statut d\u2019avocat \u00e0 celui d\u2019Homme d\u2019Etat lui conf\u00e9r\u00e9 par le Pr\u00e9sident de la R\u00e9publique"},"content":{"rendered":"\n<p><strong>R\u00e9daction: +243 817 406 088<\/strong><\/p>\n\n\n\n<h3 class=\"wp-block-heading has-vivid-red-color has-text-color has-link-color wp-elements-006e36040c614acadfca70400f86c757\">Face aux multiples soties m\u00e9diatiques du Ministre d\u2019Etat, Ministre de la Justice et Garde des Sceaux ainsi qu\u2019au d\u00e9p\u00f4t par lui des projets de lois relatifs aux reformes du pouvoir judiciaire, l\u2019intersyndicale des Magistrats du Congo a fini par r\u00e9agir.<\/h3>\n\n\n\n<p>Malgr\u00e9 les faits et gestes de Constant Mutamba tendant \u00e0 mettre en \u0153uvre la noble ambition du Chef de l\u2019Etat et son Gouvernement d\u2019annoblir la distribution de la justice dans notre pays en vue d\u2019apporter la s\u00e9curit\u00e9 juridique et judiciaire \u00e0 tous notamment, par&nbsp; la lutte contre la corruption, le d\u00e9tournement des deniers publics et par des reformes l\u00e9gislatives, l\u2019intersyndicale des magistrats a, dans un communiqu\u00e9 dont la copie est parvenue \u00e0 la r\u00e9daction de infos-droitshulains.net, rel\u00e8ve que le discours <em>\u00ab&nbsp;anti-magistrats&nbsp;\u00bb<\/em> d\u00e9velopp\u00e9 par le Ministre d\u2019Etat, Ministre de la Justice au point de traiter les membres d\u2019un pouvoir appartenir \u00e0 un <strong><em>\u2018\u2019r\u00e9seau mafieux\u2019\u2019<\/em><\/strong> <em>\u00ab&nbsp;proc\u00e8de de sa difficult\u00e9 de faire un saut qualificatif de son statut d\u2019avocat \u00e0 celui d\u2019Homme d\u2019Etat lui conf\u00e9r\u00e9 par le Pr\u00e9sident de la R\u00e9publique.&nbsp;\u00bb<\/em> Le ministre poursuit le communiqu\u00e9<em>, \u00ab&nbsp;semble nostalgique des ministres des r\u00e9gimes pr\u00e9c\u00e9dents en d\u00e9pit de l\u2019\u00e9volution du cadre constitutionnel et l\u00e9gislatif r\u00e9gissant le corps de la magistrature (s\u00e9paration de pouvoir, un conseil sup\u00e9rieur de la magistrature exclusivement compos\u00e9 des magistrats.)&nbsp;\u00bb<\/em><\/p>\n\n\n\n<p>Au sujet relatif aux textes sur les reformes de la justice d\u00e9pos\u00e9s \u00e0 l\u2019Assembl\u00e9e Nationale, &nbsp;l\u2019intersyndicale des magistrats du Congo qui a toujours \u00e9t\u00e9 associ\u00e9e dans une d\u00e9marche d\u00e9mocratique participative aux travaux de r\u00e9forme au parlement, s\u2019interroge cependant sur <em>\u00ab&nbsp;le m\u00e9canisme l\u00e9gislatif&nbsp;\u00bb<\/em> enclench\u00e9 par Mutamba pendant les vacances parlementaires pour d\u00e9poser entre les mains du Pr\u00e9sident de l\u2019Assembl\u00e9e Nationale <em>\u00ab&nbsp;des propositions de lois, en lieu et place des projets<\/em> <em>de lois&nbsp;\u00bb<\/em> qui \u00e0 l\u2019en croire, parait <em>\u00ab&nbsp;\u00e9trange et n\u2019ayant pas suivi la proc\u00e9dure requise en la mati\u00e8re (examen \u00e0 la commission des lois, d\u00e9bat en Conseil des Ministres ainsi que leur adoption.)&nbsp;\u00bb<\/em><\/p>\n\n\n\n<p>Elle rappelle de ce fait, &nbsp;par illustration, que l\u2019un des pr\u00e9d\u00e9cesseurs de l&rsquo;actuel Ministre avait \u00e9t\u00e9 d\u00e9mis de ses fonctions et en cons\u00e9quence, d\u00e9connect\u00e9 par le Pr\u00e9sident de la R\u00e9publique <em>\u00ab&nbsp;relativement aux textes de lois d\u00e9pos\u00e9s par lui en fraude \u00e0 l\u2019organe l\u00e9gislatif sans l\u2019aval du Gouvernement et en d\u00e9pit de l\u2019avis de non-conformit\u00e9 donn\u00e9 par le Conseil d&rsquo;\u00c9tat.&nbsp;\u00bb<\/em><\/p>\n\n\n\n<p>L\u2019intersyndicale des magistrats du Congo souligne \u00e9galement que le pouvoir du Ministre de la Justice en mati\u00e8re de la mise en libert\u00e9 des personnes incarc\u00e9r\u00e9es <em>\u00ab&nbsp;est limit\u00e9 au cas de la lib\u00e9ration conditionnelle des condamn\u00e9s ayant purg\u00e9 une partie de la peine privative de libert\u00e9 et ayant fait preuve de bonne conduite.&nbsp;\u00bb<\/em> <em>\u00ab&nbsp;Il n\u2019a donc pas le pouvoir d\u2019interf\u00e9rer sur les proc\u00e9dures judiciaires en cours et moins encore s\u2019opposer \u00e0 l\u2019ex\u00e9cution des d\u00e9cisions de justice.\u00bb<\/em>, insiste le communiqu\u00e9.<\/p>\n\n\n\n<p>L\u2019intersyndicale des magistrats du Congo qui dit rester d\u00e9termin\u00e9e \u00e0 poursuivre son combat sur l\u2019am\u00e9lioration des conditions socio-professionnelles des Magistrats tel que promu par le Pr\u00e9sident de la R\u00e9publique, invite le Ministre \u00e0 collaborer avec le Conseil Sup\u00e9rieur de la Magistrature en vue de trouver des solutions idoines\u00a0ce, <em>\u00ab\u00a0en se servant des Etats g\u00e9n\u00e9raux de la justice qui sont rest\u00e9s lettre morte comme cadre de r\u00e9f\u00e9rence en lieu et place de convoquer des nouvelles assises qui n\u2019auront que pour cons\u00e9quence\u00a0: \u2018\u2019saigner la caisse de l\u2019Etat\u2019\u2019.\u00bb<\/em><\/p>\n\n\n\n<p>Merlin Kamalandua<\/p>\n","protected":false},"excerpt":{"rendered":"<p>R\u00e9daction: +243 817 406 088 Face aux multiples soties m\u00e9diatiques du Ministre d\u2019Etat, Ministre de&#8230;<\/p>\n","protected":false},"author":2,"featured_media":10661,"comment_status":"open","ping_status":"open","sticky":false,"template":"","format":"standard","meta":{"_jetpack_memberships_contains_paid_content":false,"footnotes":""},"categories":[6],"tags":[],"class_list":["post-10658","post","type-post","status-publish","format-standard","has-post-thumbnail","hentry","category-justice"],"yoast_head":"<!-- This site is optimized with the Yoast SEO plugin v27.5 - https:\/\/yoast.com\/product\/yoast-seo-wordpress\/ -->\n<title>RDC\u00a0: Pour l\u2019intersyndicale des magistrats du Congo, le fait pour le Ministre de la Justice de traiter les magistrats d\u2019un \u2018\u2019r\u00e9seau mafieux\u2019\u2019\u00a0proc\u00e8de de sa difficult\u00e9 de faire un saut qualificatif de son statut d\u2019avocat \u00e0 celui d\u2019Homme d\u2019Etat lui conf\u00e9r\u00e9 par le Pr\u00e9sident de la R\u00e9publique - Infos Droits Humains<\/title>\n<meta name=\"robots\" content=\"index, follow, max-snippet:-1, max-image-preview:large, max-video-preview:-1\" \/>\n<link rel=\"canonical\" href=\"https:\/\/infos-droitshumains.net\/?p=10658\" \/>\n<meta property=\"og:locale\" content=\"fr_FR\" \/>\n<meta property=\"og:type\" content=\"article\" \/>\n<meta property=\"og:title\" content=\"RDC\u00a0: Pour l\u2019intersyndicale des magistrats du Congo, le fait pour le Ministre de la Justice de traiter les magistrats d\u2019un \u2018\u2019r\u00e9seau mafieux\u2019\u2019\u00a0proc\u00e8de de sa difficult\u00e9 de faire un saut qualificatif de son statut d\u2019avocat \u00e0 celui d\u2019Homme d\u2019Etat lui conf\u00e9r\u00e9 par le Pr\u00e9sident de la R\u00e9publique - Infos Droits Humains\" \/>\n<meta property=\"og:description\" content=\"R\u00e9daction: +243 817 406 088 Face aux multiples soties m\u00e9diatiques du Ministre d\u2019Etat, Ministre de...\" \/>\n<meta property=\"og:url\" content=\"https:\/\/infos-droitshumains.net\/?p=10658\" \/>\n<meta property=\"og:site_name\" content=\"Infos Droits Humains\" \/>\n<meta property=\"article:published_time\" content=\"2024-08-19T17:41:10+00:00\" \/>\n<meta property=\"article:modified_time\" content=\"2024-08-20T07:25:34+00:00\" \/>\n<meta property=\"og:image\" content=\"https:\/\/infos-droitshumains.net\/wp-content\/uploads\/2024\/08\/JUSTICE.jpg\" \/>\n\t<meta property=\"og:image:width\" content=\"1024\" \/>\n\t<meta property=\"og:image:height\" content=\"683\" \/>\n\t<meta property=\"og:image:type\" content=\"image\/jpeg\" \/>\n<meta name=\"author\" content=\"Jo\u00ebl Diawa\" \/>\n<meta name=\"twitter:card\" content=\"summary_large_image\" \/>\n<meta name=\"twitter:label1\" content=\"\u00c9crit par\" \/>\n\t<meta name=\"twitter:data1\" content=\"Jo\u00ebl Diawa\" \/>\n\t<meta name=\"twitter:label2\" content=\"Dur\u00e9e de lecture estim\u00e9e\" \/>\n\t<meta name=\"twitter:data2\" content=\"3 minutes\" \/>\n<script type=\"application\/ld+json\" class=\"yoast-schema-graph\">{\"@context\":\"https:\\\/\\\/schema.org\",\"@graph\":[{\"@type\":\"Article\",\"@id\":\"https:\\\/\\\/infos-droitshumains.net\\\/?p=10658#article\",\"isPartOf\":{\"@id\":\"https:\\\/\\\/infos-droitshumains.net\\\/?p=10658\"},\"author\":{\"name\":\"Jo\u00ebl Diawa\",\"@id\":\"https:\\\/\\\/infos-droitshumains.net\\\/#\\\/schema\\\/person\\\/3dc5e921c3302172e0ed4362f96faab7\"},\"headline\":\"RDC\u00a0: Pour l\u2019intersyndicale des magistrats du Congo, le fait pour le Ministre de la Justice de traiter les magistrats d\u2019un \u2018\u2019r\u00e9seau mafieux\u2019\u2019\u00a0proc\u00e8de de sa difficult\u00e9 de faire un saut qualificatif de son statut d\u2019avocat \u00e0 celui d\u2019Homme d\u2019Etat lui conf\u00e9r\u00e9 par le Pr\u00e9sident de la R\u00e9publique\",\"datePublished\":\"2024-08-19T17:41:10+00:00\",\"dateModified\":\"2024-08-20T07:25:34+00:00\",\"mainEntityOfPage\":{\"@id\":\"https:\\\/\\\/infos-droitshumains.net\\\/?p=10658\"},\"wordCount\":705,\"commentCount\":0,\"publisher\":{\"@id\":\"https:\\\/\\\/infos-droitshumains.net\\\/#organization\"},\"image\":{\"@id\":\"https:\\\/\\\/infos-droitshumains.net\\\/?p=10658#primaryimage\"},\"thumbnailUrl\":\"https:\\\/\\\/i0.wp.com\\\/infos-droitshumains.net\\\/wp-content\\\/uploads\\\/2024\\\/08\\\/JUSTICE.jpg?fit=1024%2C683&ssl=1\",\"articleSection\":[\"Justice\"],\"inLanguage\":\"fr-FR\",\"potentialAction\":[{\"@type\":\"CommentAction\",\"name\":\"Comment\",\"target\":[\"https:\\\/\\\/infos-droitshumains.net\\\/?p=10658#respond\"]}]},{\"@type\":\"WebPage\",\"@id\":\"https:\\\/\\\/infos-droitshumains.net\\\/?p=10658\",\"url\":\"https:\\\/\\\/infos-droitshumains.net\\\/?p=10658\",\"name\":\"RDC\u00a0: Pour l\u2019intersyndicale des magistrats du Congo, le fait pour le Ministre de la Justice de traiter les magistrats d\u2019un \u2018\u2019r\u00e9seau mafieux\u2019\u2019\u00a0proc\u00e8de de sa difficult\u00e9 de faire un saut qualificatif de son statut d\u2019avocat \u00e0 celui d\u2019Homme d\u2019Etat lui conf\u00e9r\u00e9 par le Pr\u00e9sident de la R\u00e9publique - Infos Droits Humains\",\"isPartOf\":{\"@id\":\"https:\\\/\\\/infos-droitshumains.net\\\/#website\"},\"primaryImageOfPage\":{\"@id\":\"https:\\\/\\\/infos-droitshumains.net\\\/?p=10658#primaryimage\"},\"image\":{\"@id\":\"https:\\\/\\\/infos-droitshumains.net\\\/?p=10658#primaryimage\"},\"thumbnailUrl\":\"https:\\\/\\\/i0.wp.com\\\/infos-droitshumains.net\\\/wp-content\\\/uploads\\\/2024\\\/08\\\/JUSTICE.jpg?fit=1024%2C683&ssl=1\",\"datePublished\":\"2024-08-19T17:41:10+00:00\",\"dateModified\":\"2024-08-20T07:25:34+00:00\",\"breadcrumb\":{\"@id\":\"https:\\\/\\\/infos-droitshumains.net\\\/?p=10658#breadcrumb\"},\"inLanguage\":\"fr-FR\",\"potentialAction\":[{\"@type\":\"ReadAction\",\"target\":[\"https:\\\/\\\/infos-droitshumains.net\\\/?p=10658\"]}]},{\"@type\":\"ImageObject\",\"inLanguage\":\"fr-FR\",\"@id\":\"https:\\\/\\\/infos-droitshumains.net\\\/?p=10658#primaryimage\",\"url\":\"https:\\\/\\\/i0.wp.com\\\/infos-droitshumains.net\\\/wp-content\\\/uploads\\\/2024\\\/08\\\/JUSTICE.jpg?fit=1024%2C683&ssl=1\",\"contentUrl\":\"https:\\\/\\\/i0.wp.com\\\/infos-droitshumains.net\\\/wp-content\\\/uploads\\\/2024\\\/08\\\/JUSTICE.jpg?fit=1024%2C683&ssl=1\",\"width\":1024,\"height\":683},{\"@type\":\"BreadcrumbList\",\"@id\":\"https:\\\/\\\/infos-droitshumains.net\\\/?p=10658#breadcrumb\",\"itemListElement\":[{\"@type\":\"ListItem\",\"position\":1,\"name\":\"Accueil\",\"item\":\"https:\\\/\\\/infos-droitshumains.net\\\/\"},{\"@type\":\"ListItem\",\"position\":2,\"name\":\"RDC\u00a0: Pour l\u2019intersyndicale des magistrats du Congo, le fait pour le Ministre de la Justice de traiter les magistrats d\u2019un \u2018\u2019r\u00e9seau mafieux\u2019\u2019\u00a0proc\u00e8de de sa difficult\u00e9 de faire un saut qualificatif de son statut d\u2019avocat \u00e0 celui d\u2019Homme d\u2019Etat lui conf\u00e9r\u00e9 par le Pr\u00e9sident de la R\u00e9publique\"}]},{\"@type\":\"WebSite\",\"@id\":\"https:\\\/\\\/infos-droitshumains.net\\\/#website\",\"url\":\"https:\\\/\\\/infos-droitshumains.net\\\/\",\"name\":\"Infos Droits Humains\",\"description\":\"S&#039;informer est un droit\",\"publisher\":{\"@id\":\"https:\\\/\\\/infos-droitshumains.net\\\/#organization\"},\"potentialAction\":[{\"@type\":\"SearchAction\",\"target\":{\"@type\":\"EntryPoint\",\"urlTemplate\":\"https:\\\/\\\/infos-droitshumains.net\\\/?s={search_term_string}\"},\"query-input\":{\"@type\":\"PropertyValueSpecification\",\"valueRequired\":true,\"valueName\":\"search_term_string\"}}],\"inLanguage\":\"fr-FR\"},{\"@type\":\"Organization\",\"@id\":\"https:\\\/\\\/infos-droitshumains.net\\\/#organization\",\"name\":\"Infos Droits Humains\",\"url\":\"https:\\\/\\\/infos-droitshumains.net\\\/\",\"logo\":{\"@type\":\"ImageObject\",\"inLanguage\":\"fr-FR\",\"@id\":\"https:\\\/\\\/infos-droitshumains.net\\\/#\\\/schema\\\/logo\\\/image\\\/\",\"url\":\"https:\\\/\\\/i0.wp.com\\\/infos-droitshumains.net\\\/wp-content\\\/uploads\\\/2022\\\/05\\\/Logo.png?fit=333%2C129&ssl=1\",\"contentUrl\":\"https:\\\/\\\/i0.wp.com\\\/infos-droitshumains.net\\\/wp-content\\\/uploads\\\/2022\\\/05\\\/Logo.png?fit=333%2C129&ssl=1\",\"width\":333,\"height\":129,\"caption\":\"Infos Droits Humains\"},\"image\":{\"@id\":\"https:\\\/\\\/infos-droitshumains.net\\\/#\\\/schema\\\/logo\\\/image\\\/\"}},{\"@type\":\"Person\",\"@id\":\"https:\\\/\\\/infos-droitshumains.net\\\/#\\\/schema\\\/person\\\/3dc5e921c3302172e0ed4362f96faab7\",\"name\":\"Jo\u00ebl Diawa\",\"image\":{\"@type\":\"ImageObject\",\"inLanguage\":\"fr-FR\",\"@id\":\"https:\\\/\\\/secure.gravatar.com\\\/avatar\\\/729bea6ff4604c624417803c477363be8e3c7186deaa65713313f9b4b820f41c?s=96&d=mm&r=g\",\"url\":\"https:\\\/\\\/secure.gravatar.com\\\/avatar\\\/729bea6ff4604c624417803c477363be8e3c7186deaa65713313f9b4b820f41c?s=96&d=mm&r=g\",\"contentUrl\":\"https:\\\/\\\/secure.gravatar.com\\\/avatar\\\/729bea6ff4604c624417803c477363be8e3c7186deaa65713313f9b4b820f41c?s=96&d=mm&r=g\",\"caption\":\"Jo\u00ebl Diawa\"},\"sameAs\":[\"https:\\\/\\\/www.infos-droitshumains.net\"],\"url\":\"https:\\\/\\\/infos-droitshumains.net\\\/?author=2\"}]}<\/script>\n<!-- \/ Yoast SEO plugin. -->","yoast_head_json":{"title":"RDC\u00a0: Pour l\u2019intersyndicale des magistrats du Congo, le fait pour le Ministre de la Justice de traiter les magistrats d\u2019un \u2018\u2019r\u00e9seau mafieux\u2019\u2019\u00a0proc\u00e8de de sa difficult\u00e9 de faire un saut qualificatif de son statut d\u2019avocat \u00e0 celui d\u2019Homme d\u2019Etat lui conf\u00e9r\u00e9 par le Pr\u00e9sident de la R\u00e9publique - Infos Droits Humains","robots":{"index":"index","follow":"follow","max-snippet":"max-snippet:-1","max-image-preview":"max-image-preview:large","max-video-preview":"max-video-preview:-1"},"canonical":"https:\/\/infos-droitshumains.net\/?p=10658","og_locale":"fr_FR","og_type":"article","og_title":"RDC\u00a0: Pour l\u2019intersyndicale des magistrats du Congo, le fait pour le Ministre de la Justice de traiter les magistrats d\u2019un \u2018\u2019r\u00e9seau mafieux\u2019\u2019\u00a0proc\u00e8de de sa difficult\u00e9 de faire un saut qualificatif de son statut d\u2019avocat \u00e0 celui d\u2019Homme d\u2019Etat lui conf\u00e9r\u00e9 par le Pr\u00e9sident de la R\u00e9publique - Infos Droits Humains","og_description":"R\u00e9daction: +243 817 406 088 Face aux multiples soties m\u00e9diatiques du Ministre d\u2019Etat, Ministre de...","og_url":"https:\/\/infos-droitshumains.net\/?p=10658","og_site_name":"Infos Droits Humains","article_published_time":"2024-08-19T17:41:10+00:00","article_modified_time":"2024-08-20T07:25:34+00:00","og_image":[{"width":1024,"height":683,"url":"https:\/\/infos-droitshumains.net\/wp-content\/uploads\/2024\/08\/JUSTICE.jpg","type":"image\/jpeg"}],"author":"Jo\u00ebl Diawa","twitter_card":"summary_large_image","twitter_misc":{"\u00c9crit par":"Jo\u00ebl Diawa","Dur\u00e9e de lecture estim\u00e9e":"3 minutes"},"schema":{"@context":"https:\/\/schema.org","@graph":[{"@type":"Article","@id":"https:\/\/infos-droitshumains.net\/?p=10658#article","isPartOf":{"@id":"https:\/\/infos-droitshumains.net\/?p=10658"},"author":{"name":"Jo\u00ebl Diawa","@id":"https:\/\/infos-droitshumains.net\/#\/schema\/person\/3dc5e921c3302172e0ed4362f96faab7"},"headline":"RDC\u00a0: Pour l\u2019intersyndicale des magistrats du Congo, le fait pour le Ministre de la Justice de traiter les magistrats d\u2019un \u2018\u2019r\u00e9seau mafieux\u2019\u2019\u00a0proc\u00e8de de sa difficult\u00e9 de faire un saut qualificatif de son statut d\u2019avocat \u00e0 celui d\u2019Homme d\u2019Etat lui conf\u00e9r\u00e9 par le Pr\u00e9sident de la R\u00e9publique","datePublished":"2024-08-19T17:41:10+00:00","dateModified":"2024-08-20T07:25:34+00:00","mainEntityOfPage":{"@id":"https:\/\/infos-droitshumains.net\/?p=10658"},"wordCount":705,"commentCount":0,"publisher":{"@id":"https:\/\/infos-droitshumains.net\/#organization"},"image":{"@id":"https:\/\/infos-droitshumains.net\/?p=10658#primaryimage"},"thumbnailUrl":"https:\/\/i0.wp.com\/infos-droitshumains.net\/wp-content\/uploads\/2024\/08\/JUSTICE.jpg?fit=1024%2C683&ssl=1","articleSection":["Justice"],"inLanguage":"fr-FR","potentialAction":[{"@type":"CommentAction","name":"Comment","target":["https:\/\/infos-droitshumains.net\/?p=10658#respond"]}]},{"@type":"WebPage","@id":"https:\/\/infos-droitshumains.net\/?p=10658","url":"https:\/\/infos-droitshumains.net\/?p=10658","name":"RDC\u00a0: Pour l\u2019intersyndicale des magistrats du Congo, le fait pour le Ministre de la Justice de traiter les magistrats d\u2019un \u2018\u2019r\u00e9seau mafieux\u2019\u2019\u00a0proc\u00e8de de sa difficult\u00e9 de faire un saut qualificatif de son statut d\u2019avocat \u00e0 celui d\u2019Homme d\u2019Etat lui conf\u00e9r\u00e9 par le Pr\u00e9sident de la R\u00e9publique - Infos Droits Humains","isPartOf":{"@id":"https:\/\/infos-droitshumains.net\/#website"},"primaryImageOfPage":{"@id":"https:\/\/infos-droitshumains.net\/?p=10658#primaryimage"},"image":{"@id":"https:\/\/infos-droitshumains.net\/?p=10658#primaryimage"},"thumbnailUrl":"https:\/\/i0.wp.com\/infos-droitshumains.net\/wp-content\/uploads\/2024\/08\/JUSTICE.jpg?fit=1024%2C683&ssl=1","datePublished":"2024-08-19T17:41:10+00:00","dateModified":"2024-08-20T07:25:34+00:00","breadcrumb":{"@id":"https:\/\/infos-droitshumains.net\/?p=10658#breadcrumb"},"inLanguage":"fr-FR","potentialAction":[{"@type":"ReadAction","target":["https:\/\/infos-droitshumains.net\/?p=10658"]}]},{"@type":"ImageObject","inLanguage":"fr-FR","@id":"https:\/\/infos-droitshumains.net\/?p=10658#primaryimage","url":"https:\/\/i0.wp.com\/infos-droitshumains.net\/wp-content\/uploads\/2024\/08\/JUSTICE.jpg?fit=1024%2C683&ssl=1","contentUrl":"https:\/\/i0.wp.com\/infos-droitshumains.net\/wp-content\/uploads\/2024\/08\/JUSTICE.jpg?fit=1024%2C683&ssl=1","width":1024,"height":683},{"@type":"BreadcrumbList","@id":"https:\/\/infos-droitshumains.net\/?p=10658#breadcrumb","itemListElement":[{"@type":"ListItem","position":1,"name":"Accueil","item":"https:\/\/infos-droitshumains.net\/"},{"@type":"ListItem","position":2,"name":"RDC\u00a0: Pour l\u2019intersyndicale des magistrats du Congo, le fait pour le Ministre de la Justice de traiter les magistrats d\u2019un \u2018\u2019r\u00e9seau mafieux\u2019\u2019\u00a0proc\u00e8de de sa difficult\u00e9 de faire un saut qualificatif de son statut d\u2019avocat \u00e0 celui d\u2019Homme d\u2019Etat lui conf\u00e9r\u00e9 par le Pr\u00e9sident de la R\u00e9publique"}]},{"@type":"WebSite","@id":"https:\/\/infos-droitshumains.net\/#website","url":"https:\/\/infos-droitshumains.net\/","name":"Infos Droits Humains","description":"S&#039;informer est un droit","publisher":{"@id":"https:\/\/infos-droitshumains.net\/#organization"},"potentialAction":[{"@type":"SearchAction","target":{"@type":"EntryPoint","urlTemplate":"https:\/\/infos-droitshumains.net\/?s={search_term_string}"},"query-input":{"@type":"PropertyValueSpecification","valueRequired":true,"valueName":"search_term_string"}}],"inLanguage":"fr-FR"},{"@type":"Organization","@id":"https:\/\/infos-droitshumains.net\/#organization","name":"Infos Droits Humains","url":"https:\/\/infos-droitshumains.net\/","logo":{"@type":"ImageObject","inLanguage":"fr-FR","@id":"https:\/\/infos-droitshumains.net\/#\/schema\/logo\/image\/","url":"https:\/\/i0.wp.com\/infos-droitshumains.net\/wp-content\/uploads\/2022\/05\/Logo.png?fit=333%2C129&ssl=1","contentUrl":"https:\/\/i0.wp.com\/infos-droitshumains.net\/wp-content\/uploads\/2022\/05\/Logo.png?fit=333%2C129&ssl=1","width":333,"height":129,"caption":"Infos Droits Humains"},"image":{"@id":"https:\/\/infos-droitshumains.net\/#\/schema\/logo\/image\/"}},{"@type":"Person","@id":"https:\/\/infos-droitshumains.net\/#\/schema\/person\/3dc5e921c3302172e0ed4362f96faab7","name":"Jo\u00ebl Diawa","image":{"@type":"ImageObject","inLanguage":"fr-FR","@id":"https:\/\/secure.gravatar.com\/avatar\/729bea6ff4604c624417803c477363be8e3c7186deaa65713313f9b4b820f41c?s=96&d=mm&r=g","url":"https:\/\/secure.gravatar.com\/avatar\/729bea6ff4604c624417803c477363be8e3c7186deaa65713313f9b4b820f41c?s=96&d=mm&r=g","contentUrl":"https:\/\/secure.gravatar.com\/avatar\/729bea6ff4604c624417803c477363be8e3c7186deaa65713313f9b4b820f41c?s=96&d=mm&r=g","caption":"Jo\u00ebl Diawa"},"sameAs":["https:\/\/www.infos-droitshumains.net"],"url":"https:\/\/infos-droitshumains.net\/?author=2"}]}},"featured_image_urls":{"full":["https:\/\/i0.wp.com\/infos-droitshumains.net\/wp-content\/uploads\/2024\/08\/JUSTICE.jpg?fit=1024%2C683&ssl=1",1024,683,false],"thumbnail":["https:\/\/i0.wp.com\/infos-droitshumains.net\/wp-content\/uploads\/2024\/08\/JUSTICE.jpg?resize=150%2C150&ssl=1",150,150,true],"medium":["https:\/\/i0.wp.com\/infos-droitshumains.net\/wp-content\/uploads\/2024\/08\/JUSTICE.jpg?fit=300%2C200&ssl=1",300,200,true],"medium_large":["https:\/\/i0.wp.com\/infos-droitshumains.net\/wp-content\/uploads\/2024\/08\/JUSTICE.jpg?fit=640%2C427&ssl=1",640,427,true],"large":["https:\/\/i0.wp.com\/infos-droitshumains.net\/wp-content\/uploads\/2024\/08\/JUSTICE.jpg?fit=640%2C427&ssl=1",640,427,true],"1536x1536":["https:\/\/i0.wp.com\/infos-droitshumains.net\/wp-content\/uploads\/2024\/08\/JUSTICE.jpg?fit=1024%2C683&ssl=1",1024,683,true],"2048x2048":["https:\/\/i0.wp.com\/infos-droitshumains.net\/wp-content\/uploads\/2024\/08\/JUSTICE.jpg?fit=1024%2C683&ssl=1",1024,683,true],"covernews-slider-full":["https:\/\/i0.wp.com\/infos-droitshumains.net\/wp-content\/uploads\/2024\/08\/JUSTICE.jpg?resize=1024%2C683&ssl=1",1024,683,true],"covernews-slider-center":["https:\/\/i0.wp.com\/infos-droitshumains.net\/wp-content\/uploads\/2024\/08\/JUSTICE.jpg?resize=800%2C500&ssl=1",800,500,true],"covernews-featured":["https:\/\/i0.wp.com\/infos-droitshumains.net\/wp-content\/uploads\/2024\/08\/JUSTICE.jpg?fit=1024%2C683&ssl=1",1024,683,true],"covernews-medium":["https:\/\/i0.wp.com\/infos-droitshumains.net\/wp-content\/uploads\/2024\/08\/JUSTICE.jpg?resize=540%2C340&ssl=1",540,340,true],"covernews-medium-square":["https:\/\/i0.wp.com\/infos-droitshumains.net\/wp-content\/uploads\/2024\/08\/JUSTICE.jpg?resize=400%2C250&ssl=1",400,250,true]},"author_info":{"display_name":"Jo\u00ebl Diawa","author_link":"https:\/\/infos-droitshumains.net\/?author=2"},"category_info":"<a href=\"https:\/\/infos-droitshumains.net\/?cat=6\" rel=\"category\">Justice<\/a>","tag_info":"Justice","comment_count":"0","jetpack_featured_media_url":"https:\/\/i0.wp.com\/infos-droitshumains.net\/wp-content\/uploads\/2024\/08\/JUSTICE.jpg?fit=1024%2C683&ssl=1","jetpack-related-posts":[],"jetpack_sharing_enabled":true,"_links":{"self":[{"href":"https:\/\/infos-droitshumains.net\/index.php?rest_route=\/wp\/v2\/posts\/10658","targetHints":{"allow":["GET"]}}],"collection":[{"href":"https:\/\/infos-droitshumains.net\/index.php?rest_route=\/wp\/v2\/posts"}],"about":[{"href":"https:\/\/infos-droitshumains.net\/index.php?rest_route=\/wp\/v2\/types\/post"}],"author":[{"embeddable":true,"href":"https:\/\/infos-droitshumains.net\/index.php?rest_route=\/wp\/v2\/users\/2"}],"replies":[{"embeddable":true,"href":"https:\/\/infos-droitshumains.net\/index.php?rest_route=%2Fwp%2Fv2%2Fcomments&post=10658"}],"version-history":[{"count":10,"href":"https:\/\/infos-droitshumains.net\/index.php?rest_route=\/wp\/v2\/posts\/10658\/revisions"}],"predecessor-version":[{"id":10686,"href":"https:\/\/infos-droitshumains.net\/index.php?rest_route=\/wp\/v2\/posts\/10658\/revisions\/10686"}],"wp:featuredmedia":[{"embeddable":true,"href":"https:\/\/infos-droitshumains.net\/index.php?rest_route=\/wp\/v2\/media\/10661"}],"wp:attachment":[{"href":"https:\/\/infos-droitshumains.net\/index.php?rest_route=%2Fwp%2Fv2%2Fmedia&parent=10658"}],"wp:term":[{"taxonomy":"category","embeddable":true,"href":"https:\/\/infos-droitshumains.net\/index.php?rest_route=%2Fwp%2Fv2%2Fcategories&post=10658"},{"taxonomy":"post_tag","embeddable":true,"href":"https:\/\/infos-droitshumains.net\/index.php?rest_route=%2Fwp%2Fv2%2Ftags&post=10658"}],"curies":[{"name":"wp","href":"https:\/\/api.w.org\/{rel}","templated":true}]}}