{"id":10647,"date":"2024-08-18T16:55:56","date_gmt":"2024-08-18T14:55:56","guid":{"rendered":"https:\/\/infos-droitshumains.net\/?p=10647"},"modified":"2024-08-18T21:09:47","modified_gmt":"2024-08-18T19:09:47","slug":"rdc-le-deviationnisme-et-la-sortie-mediatique-mal-fuselee-dun-groupe-davocat-vient-de-demasquer-le-plan-machiavelique-concocte-contre-lappareil-judiciaire","status":"publish","type":"post","link":"https:\/\/infos-droitshumains.net\/?p=10647","title":{"rendered":"RDC\u00a0: Le d\u00e9viationnisme et la sortie m\u00e9diatique mal ficel\u00e9e d\u2019un groupe d\u2019avocat vient de d\u00e9masquer le plan machiav\u00e9lique ourdi contre l\u2019appareil judiciaire"},"content":{"rendered":"\n<p><strong><strong>R\u00e9daction: +243 817 406 088<\/strong><\/strong><\/p>\n\n\n\n<h3 class=\"wp-block-heading has-vivid-red-color has-text-color has-link-color wp-elements-748e706beb7b61226103a5d689624b20\">Un groupe d\u2019une sixaine d\u2019avocat vient de faire une d\u00e9claration de soutien au Ministre d\u2019Etat Constant Mutamba pour des reformes qu\u2019il initie pour le redressement de l\u2019appareil judiciaire diagnostiqu\u00e9 malade&nbsp;; notamment, avec les propositions de loi qu\u2019il avait d\u00e9pos\u00e9 au bureau de l\u2019Assembl\u00e9e Nationale bien que de mani\u00e8re ill\u00e9gale.<\/h3>\n\n\n\n<p>Ce groupe d\u2019avocat dit repr\u00e9senter tous les Barreaux de la R\u00e9publique D\u00e9mocratique du Congo et avoir agi \u00e0 leurs nom. Une sortie m\u00e9diatique qui laisse \u00e0 d\u00e9sirer quand on sait que de mani\u00e8re officielle, les avocats ne peuvent s\u2019exprimer qu\u2019\u00e0 travers leurs Barreaux respectifs ou \u00e0 travers le l\u2019Ordre National des Avocats.<\/p>\n\n\n\n<p>La plus grande interrogation est celle de savoir s&rsquo;ils ont obtenu l&rsquo;autorisation du B\u00e2tonnier National ou des B\u00e2tonniers des leurs barreaux respectifs. La r\u00e9ponse est non\u00a0! car les autorit\u00e9s ordinales et certains avocats contact\u00e9s \u00e0 ce sujet par notre r\u00e9daction se sont d\u00e9solidaris\u00e9s d\u2019avec ce groupe que d\u2019aucun qualifie de minable pour avoir vendu sa peau \u00e0 vil prix.<\/p>\n\n\n\n<p>Mais que devient l\u2019obligation de r\u00e9serve et de circonspection que doivent respecter les avocats&nbsp;? En tout \u00e9tat de cause, il revient aux autorit\u00e9s de l\u2019ordre de veiller \u00e0 la discipline pour pr\u00e9server la noblesse de corps d\u2019\u00e9lite menac\u00e9 si non, l\u2019avocat se ressemblera au commun des mortels, ce qui est extr\u00eamement dangereux.<\/p>\n\n\n\n<p>Cette sortie m\u00e9diatique laisse \u00e0 d\u00e9sirer, et tout observateur averti s\u2019aper\u00e7oit que la pr\u00e9cipitation et l\u2019amateurisme avec lesquels cette vid\u00e9o a \u00e9t\u00e9 r\u00e9alis\u00e9e prouve combien ce groupe a malheureusement \u00e9t\u00e9 manipul\u00e9 par des personnes qui tiennent mordicus \u00e0 vilipender le magistrat congolais et \u00e0 le livrer \u00e0 la vindicte populaire.<\/p>\n\n\n\n<p>Jo\u00ebl Diawa<\/p>\n","protected":false},"excerpt":{"rendered":"<p>R\u00e9daction: +243 817 406 088 Un groupe d\u2019une sixaine d\u2019avocat vient de faire une d\u00e9claration&#8230;<\/p>\n","protected":false},"author":2,"featured_media":10648,"comment_status":"open","ping_status":"open","sticky":false,"template":"","format":"standard","meta":{"_jetpack_memberships_contains_paid_content":false,"footnotes":""},"categories":[6],"tags":[],"class_list":["post-10647","post","type-post","status-publish","format-standard","has-post-thumbnail","hentry","category-justice"],"yoast_head":"<!-- This site is optimized with the Yoast SEO plugin v27.5 - https:\/\/yoast.com\/product\/yoast-seo-wordpress\/ -->\n<title>RDC\u00a0: Le d\u00e9viationnisme et la sortie m\u00e9diatique mal ficel\u00e9e d\u2019un groupe d\u2019avocat vient de d\u00e9masquer le plan machiav\u00e9lique ourdi contre l\u2019appareil judiciaire - Infos Droits Humains<\/title>\n<meta name=\"robots\" content=\"index, follow, max-snippet:-1, max-image-preview:large, max-video-preview:-1\" \/>\n<link rel=\"canonical\" href=\"https:\/\/infos-droitshumains.net\/?p=10647\" \/>\n<meta property=\"og:locale\" content=\"fr_FR\" \/>\n<meta property=\"og:type\" content=\"article\" \/>\n<meta property=\"og:title\" content=\"RDC\u00a0: Le d\u00e9viationnisme et la sortie m\u00e9diatique mal ficel\u00e9e d\u2019un groupe d\u2019avocat vient de d\u00e9masquer le plan machiav\u00e9lique ourdi contre l\u2019appareil judiciaire - Infos Droits Humains\" \/>\n<meta property=\"og:description\" content=\"R\u00e9daction: +243 817 406 088 Un groupe d\u2019une sixaine d\u2019avocat vient de faire une d\u00e9claration...\" \/>\n<meta property=\"og:url\" content=\"https:\/\/infos-droitshumains.net\/?p=10647\" \/>\n<meta property=\"og:site_name\" content=\"Infos Droits Humains\" \/>\n<meta property=\"article:published_time\" content=\"2024-08-18T14:55:56+00:00\" \/>\n<meta property=\"article:modified_time\" content=\"2024-08-18T19:09:47+00:00\" \/>\n<meta property=\"og:image\" content=\"https:\/\/infos-droitshumains.net\/wp-content\/uploads\/2024\/08\/FFF.jpg\" \/>\n\t<meta property=\"og:image:width\" content=\"717\" \/>\n\t<meta property=\"og:image:height\" content=\"409\" \/>\n\t<meta property=\"og:image:type\" content=\"image\/jpeg\" \/>\n<meta name=\"author\" content=\"Jo\u00ebl Diawa\" \/>\n<meta name=\"twitter:card\" content=\"summary_large_image\" \/>\n<meta name=\"twitter:label1\" content=\"\u00c9crit par\" \/>\n\t<meta name=\"twitter:data1\" content=\"Jo\u00ebl Diawa\" \/>\n\t<meta name=\"twitter:label2\" content=\"Dur\u00e9e de lecture estim\u00e9e\" \/>\n\t<meta name=\"twitter:data2\" content=\"2 minutes\" \/>\n<script type=\"application\/ld+json\" class=\"yoast-schema-graph\">{\"@context\":\"https:\\\/\\\/schema.org\",\"@graph\":[{\"@type\":\"Article\",\"@id\":\"https:\\\/\\\/infos-droitshumains.net\\\/?p=10647#article\",\"isPartOf\":{\"@id\":\"https:\\\/\\\/infos-droitshumains.net\\\/?p=10647\"},\"author\":{\"name\":\"Jo\u00ebl Diawa\",\"@id\":\"https:\\\/\\\/infos-droitshumains.net\\\/#\\\/schema\\\/person\\\/3dc5e921c3302172e0ed4362f96faab7\"},\"headline\":\"RDC\u00a0: Le d\u00e9viationnisme et la sortie m\u00e9diatique mal ficel\u00e9e d\u2019un groupe d\u2019avocat vient de d\u00e9masquer le plan machiav\u00e9lique ourdi contre l\u2019appareil judiciaire\",\"datePublished\":\"2024-08-18T14:55:56+00:00\",\"dateModified\":\"2024-08-18T19:09:47+00:00\",\"mainEntityOfPage\":{\"@id\":\"https:\\\/\\\/infos-droitshumains.net\\\/?p=10647\"},\"wordCount\":337,\"commentCount\":0,\"publisher\":{\"@id\":\"https:\\\/\\\/infos-droitshumains.net\\\/#organization\"},\"image\":{\"@id\":\"https:\\\/\\\/infos-droitshumains.net\\\/?p=10647#primaryimage\"},\"thumbnailUrl\":\"https:\\\/\\\/i0.wp.com\\\/infos-droitshumains.net\\\/wp-content\\\/uploads\\\/2024\\\/08\\\/FFF.jpg?fit=717%2C409&ssl=1\",\"articleSection\":[\"Justice\"],\"inLanguage\":\"fr-FR\",\"potentialAction\":[{\"@type\":\"CommentAction\",\"name\":\"Comment\",\"target\":[\"https:\\\/\\\/infos-droitshumains.net\\\/?p=10647#respond\"]}]},{\"@type\":\"WebPage\",\"@id\":\"https:\\\/\\\/infos-droitshumains.net\\\/?p=10647\",\"url\":\"https:\\\/\\\/infos-droitshumains.net\\\/?p=10647\",\"name\":\"RDC\u00a0: Le d\u00e9viationnisme et la sortie m\u00e9diatique mal ficel\u00e9e d\u2019un groupe d\u2019avocat vient de d\u00e9masquer le plan machiav\u00e9lique ourdi contre l\u2019appareil judiciaire - Infos Droits Humains\",\"isPartOf\":{\"@id\":\"https:\\\/\\\/infos-droitshumains.net\\\/#website\"},\"primaryImageOfPage\":{\"@id\":\"https:\\\/\\\/infos-droitshumains.net\\\/?p=10647#primaryimage\"},\"image\":{\"@id\":\"https:\\\/\\\/infos-droitshumains.net\\\/?p=10647#primaryimage\"},\"thumbnailUrl\":\"https:\\\/\\\/i0.wp.com\\\/infos-droitshumains.net\\\/wp-content\\\/uploads\\\/2024\\\/08\\\/FFF.jpg?fit=717%2C409&ssl=1\",\"datePublished\":\"2024-08-18T14:55:56+00:00\",\"dateModified\":\"2024-08-18T19:09:47+00:00\",\"breadcrumb\":{\"@id\":\"https:\\\/\\\/infos-droitshumains.net\\\/?p=10647#breadcrumb\"},\"inLanguage\":\"fr-FR\",\"potentialAction\":[{\"@type\":\"ReadAction\",\"target\":[\"https:\\\/\\\/infos-droitshumains.net\\\/?p=10647\"]}]},{\"@type\":\"ImageObject\",\"inLanguage\":\"fr-FR\",\"@id\":\"https:\\\/\\\/infos-droitshumains.net\\\/?p=10647#primaryimage\",\"url\":\"https:\\\/\\\/i0.wp.com\\\/infos-droitshumains.net\\\/wp-content\\\/uploads\\\/2024\\\/08\\\/FFF.jpg?fit=717%2C409&ssl=1\",\"contentUrl\":\"https:\\\/\\\/i0.wp.com\\\/infos-droitshumains.net\\\/wp-content\\\/uploads\\\/2024\\\/08\\\/FFF.jpg?fit=717%2C409&ssl=1\",\"width\":717,\"height\":409},{\"@type\":\"BreadcrumbList\",\"@id\":\"https:\\\/\\\/infos-droitshumains.net\\\/?p=10647#breadcrumb\",\"itemListElement\":[{\"@type\":\"ListItem\",\"position\":1,\"name\":\"Accueil\",\"item\":\"https:\\\/\\\/infos-droitshumains.net\\\/\"},{\"@type\":\"ListItem\",\"position\":2,\"name\":\"RDC\u00a0: Le d\u00e9viationnisme et la sortie m\u00e9diatique mal ficel\u00e9e d\u2019un groupe d\u2019avocat vient de d\u00e9masquer le plan machiav\u00e9lique ourdi contre l\u2019appareil judiciaire\"}]},{\"@type\":\"WebSite\",\"@id\":\"https:\\\/\\\/infos-droitshumains.net\\\/#website\",\"url\":\"https:\\\/\\\/infos-droitshumains.net\\\/\",\"name\":\"Infos Droits Humains\",\"description\":\"S&#039;informer est un droit\",\"publisher\":{\"@id\":\"https:\\\/\\\/infos-droitshumains.net\\\/#organization\"},\"potentialAction\":[{\"@type\":\"SearchAction\",\"target\":{\"@type\":\"EntryPoint\",\"urlTemplate\":\"https:\\\/\\\/infos-droitshumains.net\\\/?s={search_term_string}\"},\"query-input\":{\"@type\":\"PropertyValueSpecification\",\"valueRequired\":true,\"valueName\":\"search_term_string\"}}],\"inLanguage\":\"fr-FR\"},{\"@type\":\"Organization\",\"@id\":\"https:\\\/\\\/infos-droitshumains.net\\\/#organization\",\"name\":\"Infos Droits Humains\",\"url\":\"https:\\\/\\\/infos-droitshumains.net\\\/\",\"logo\":{\"@type\":\"ImageObject\",\"inLanguage\":\"fr-FR\",\"@id\":\"https:\\\/\\\/infos-droitshumains.net\\\/#\\\/schema\\\/logo\\\/image\\\/\",\"url\":\"https:\\\/\\\/i0.wp.com\\\/infos-droitshumains.net\\\/wp-content\\\/uploads\\\/2022\\\/05\\\/Logo.png?fit=333%2C129&ssl=1\",\"contentUrl\":\"https:\\\/\\\/i0.wp.com\\\/infos-droitshumains.net\\\/wp-content\\\/uploads\\\/2022\\\/05\\\/Logo.png?fit=333%2C129&ssl=1\",\"width\":333,\"height\":129,\"caption\":\"Infos Droits Humains\"},\"image\":{\"@id\":\"https:\\\/\\\/infos-droitshumains.net\\\/#\\\/schema\\\/logo\\\/image\\\/\"}},{\"@type\":\"Person\",\"@id\":\"https:\\\/\\\/infos-droitshumains.net\\\/#\\\/schema\\\/person\\\/3dc5e921c3302172e0ed4362f96faab7\",\"name\":\"Jo\u00ebl Diawa\",\"image\":{\"@type\":\"ImageObject\",\"inLanguage\":\"fr-FR\",\"@id\":\"https:\\\/\\\/secure.gravatar.com\\\/avatar\\\/729bea6ff4604c624417803c477363be8e3c7186deaa65713313f9b4b820f41c?s=96&d=mm&r=g\",\"url\":\"https:\\\/\\\/secure.gravatar.com\\\/avatar\\\/729bea6ff4604c624417803c477363be8e3c7186deaa65713313f9b4b820f41c?s=96&d=mm&r=g\",\"contentUrl\":\"https:\\\/\\\/secure.gravatar.com\\\/avatar\\\/729bea6ff4604c624417803c477363be8e3c7186deaa65713313f9b4b820f41c?s=96&d=mm&r=g\",\"caption\":\"Jo\u00ebl Diawa\"},\"sameAs\":[\"https:\\\/\\\/www.infos-droitshumains.net\"],\"url\":\"https:\\\/\\\/infos-droitshumains.net\\\/?author=2\"}]}<\/script>\n<!-- \/ Yoast SEO plugin. -->","yoast_head_json":{"title":"RDC\u00a0: Le d\u00e9viationnisme et la sortie m\u00e9diatique mal ficel\u00e9e d\u2019un groupe d\u2019avocat vient de d\u00e9masquer le plan machiav\u00e9lique ourdi contre l\u2019appareil judiciaire - Infos Droits Humains","robots":{"index":"index","follow":"follow","max-snippet":"max-snippet:-1","max-image-preview":"max-image-preview:large","max-video-preview":"max-video-preview:-1"},"canonical":"https:\/\/infos-droitshumains.net\/?p=10647","og_locale":"fr_FR","og_type":"article","og_title":"RDC\u00a0: Le d\u00e9viationnisme et la sortie m\u00e9diatique mal ficel\u00e9e d\u2019un groupe d\u2019avocat vient de d\u00e9masquer le plan machiav\u00e9lique ourdi contre l\u2019appareil judiciaire - Infos Droits Humains","og_description":"R\u00e9daction: +243 817 406 088 Un groupe d\u2019une sixaine d\u2019avocat vient de faire une d\u00e9claration...","og_url":"https:\/\/infos-droitshumains.net\/?p=10647","og_site_name":"Infos Droits Humains","article_published_time":"2024-08-18T14:55:56+00:00","article_modified_time":"2024-08-18T19:09:47+00:00","og_image":[{"width":717,"height":409,"url":"https:\/\/infos-droitshumains.net\/wp-content\/uploads\/2024\/08\/FFF.jpg","type":"image\/jpeg"}],"author":"Jo\u00ebl Diawa","twitter_card":"summary_large_image","twitter_misc":{"\u00c9crit par":"Jo\u00ebl Diawa","Dur\u00e9e de lecture estim\u00e9e":"2 minutes"},"schema":{"@context":"https:\/\/schema.org","@graph":[{"@type":"Article","@id":"https:\/\/infos-droitshumains.net\/?p=10647#article","isPartOf":{"@id":"https:\/\/infos-droitshumains.net\/?p=10647"},"author":{"name":"Jo\u00ebl Diawa","@id":"https:\/\/infos-droitshumains.net\/#\/schema\/person\/3dc5e921c3302172e0ed4362f96faab7"},"headline":"RDC\u00a0: Le d\u00e9viationnisme et la sortie m\u00e9diatique mal ficel\u00e9e d\u2019un groupe d\u2019avocat vient de d\u00e9masquer le plan machiav\u00e9lique ourdi contre l\u2019appareil judiciaire","datePublished":"2024-08-18T14:55:56+00:00","dateModified":"2024-08-18T19:09:47+00:00","mainEntityOfPage":{"@id":"https:\/\/infos-droitshumains.net\/?p=10647"},"wordCount":337,"commentCount":0,"publisher":{"@id":"https:\/\/infos-droitshumains.net\/#organization"},"image":{"@id":"https:\/\/infos-droitshumains.net\/?p=10647#primaryimage"},"thumbnailUrl":"https:\/\/i0.wp.com\/infos-droitshumains.net\/wp-content\/uploads\/2024\/08\/FFF.jpg?fit=717%2C409&ssl=1","articleSection":["Justice"],"inLanguage":"fr-FR","potentialAction":[{"@type":"CommentAction","name":"Comment","target":["https:\/\/infos-droitshumains.net\/?p=10647#respond"]}]},{"@type":"WebPage","@id":"https:\/\/infos-droitshumains.net\/?p=10647","url":"https:\/\/infos-droitshumains.net\/?p=10647","name":"RDC\u00a0: Le d\u00e9viationnisme et la sortie m\u00e9diatique mal ficel\u00e9e d\u2019un groupe d\u2019avocat vient de d\u00e9masquer le plan machiav\u00e9lique ourdi contre l\u2019appareil judiciaire - Infos Droits Humains","isPartOf":{"@id":"https:\/\/infos-droitshumains.net\/#website"},"primaryImageOfPage":{"@id":"https:\/\/infos-droitshumains.net\/?p=10647#primaryimage"},"image":{"@id":"https:\/\/infos-droitshumains.net\/?p=10647#primaryimage"},"thumbnailUrl":"https:\/\/i0.wp.com\/infos-droitshumains.net\/wp-content\/uploads\/2024\/08\/FFF.jpg?fit=717%2C409&ssl=1","datePublished":"2024-08-18T14:55:56+00:00","dateModified":"2024-08-18T19:09:47+00:00","breadcrumb":{"@id":"https:\/\/infos-droitshumains.net\/?p=10647#breadcrumb"},"inLanguage":"fr-FR","potentialAction":[{"@type":"ReadAction","target":["https:\/\/infos-droitshumains.net\/?p=10647"]}]},{"@type":"ImageObject","inLanguage":"fr-FR","@id":"https:\/\/infos-droitshumains.net\/?p=10647#primaryimage","url":"https:\/\/i0.wp.com\/infos-droitshumains.net\/wp-content\/uploads\/2024\/08\/FFF.jpg?fit=717%2C409&ssl=1","contentUrl":"https:\/\/i0.wp.com\/infos-droitshumains.net\/wp-content\/uploads\/2024\/08\/FFF.jpg?fit=717%2C409&ssl=1","width":717,"height":409},{"@type":"BreadcrumbList","@id":"https:\/\/infos-droitshumains.net\/?p=10647#breadcrumb","itemListElement":[{"@type":"ListItem","position":1,"name":"Accueil","item":"https:\/\/infos-droitshumains.net\/"},{"@type":"ListItem","position":2,"name":"RDC\u00a0: Le d\u00e9viationnisme et la sortie m\u00e9diatique mal ficel\u00e9e d\u2019un groupe d\u2019avocat vient de d\u00e9masquer le plan machiav\u00e9lique ourdi contre l\u2019appareil judiciaire"}]},{"@type":"WebSite","@id":"https:\/\/infos-droitshumains.net\/#website","url":"https:\/\/infos-droitshumains.net\/","name":"Infos Droits Humains","description":"S&#039;informer est un droit","publisher":{"@id":"https:\/\/infos-droitshumains.net\/#organization"},"potentialAction":[{"@type":"SearchAction","target":{"@type":"EntryPoint","urlTemplate":"https:\/\/infos-droitshumains.net\/?s={search_term_string}"},"query-input":{"@type":"PropertyValueSpecification","valueRequired":true,"valueName":"search_term_string"}}],"inLanguage":"fr-FR"},{"@type":"Organization","@id":"https:\/\/infos-droitshumains.net\/#organization","name":"Infos Droits Humains","url":"https:\/\/infos-droitshumains.net\/","logo":{"@type":"ImageObject","inLanguage":"fr-FR","@id":"https:\/\/infos-droitshumains.net\/#\/schema\/logo\/image\/","url":"https:\/\/i0.wp.com\/infos-droitshumains.net\/wp-content\/uploads\/2022\/05\/Logo.png?fit=333%2C129&ssl=1","contentUrl":"https:\/\/i0.wp.com\/infos-droitshumains.net\/wp-content\/uploads\/2022\/05\/Logo.png?fit=333%2C129&ssl=1","width":333,"height":129,"caption":"Infos Droits Humains"},"image":{"@id":"https:\/\/infos-droitshumains.net\/#\/schema\/logo\/image\/"}},{"@type":"Person","@id":"https:\/\/infos-droitshumains.net\/#\/schema\/person\/3dc5e921c3302172e0ed4362f96faab7","name":"Jo\u00ebl Diawa","image":{"@type":"ImageObject","inLanguage":"fr-FR","@id":"https:\/\/secure.gravatar.com\/avatar\/729bea6ff4604c624417803c477363be8e3c7186deaa65713313f9b4b820f41c?s=96&d=mm&r=g","url":"https:\/\/secure.gravatar.com\/avatar\/729bea6ff4604c624417803c477363be8e3c7186deaa65713313f9b4b820f41c?s=96&d=mm&r=g","contentUrl":"https:\/\/secure.gravatar.com\/avatar\/729bea6ff4604c624417803c477363be8e3c7186deaa65713313f9b4b820f41c?s=96&d=mm&r=g","caption":"Jo\u00ebl Diawa"},"sameAs":["https:\/\/www.infos-droitshumains.net"],"url":"https:\/\/infos-droitshumains.net\/?author=2"}]}},"featured_image_urls":{"full":["https:\/\/i0.wp.com\/infos-droitshumains.net\/wp-content\/uploads\/2024\/08\/FFF.jpg?fit=717%2C409&ssl=1",717,409,false],"thumbnail":["https:\/\/i0.wp.com\/infos-droitshumains.net\/wp-content\/uploads\/2024\/08\/FFF.jpg?resize=150%2C150&ssl=1",150,150,true],"medium":["https:\/\/i0.wp.com\/infos-droitshumains.net\/wp-content\/uploads\/2024\/08\/FFF.jpg?fit=300%2C171&ssl=1",300,171,true],"medium_large":["https:\/\/i0.wp.com\/infos-droitshumains.net\/wp-content\/uploads\/2024\/08\/FFF.jpg?fit=640%2C365&ssl=1",640,365,true],"large":["https:\/\/i0.wp.com\/infos-droitshumains.net\/wp-content\/uploads\/2024\/08\/FFF.jpg?fit=640%2C365&ssl=1",640,365,true],"1536x1536":["https:\/\/i0.wp.com\/infos-droitshumains.net\/wp-content\/uploads\/2024\/08\/FFF.jpg?fit=717%2C409&ssl=1",717,409,true],"2048x2048":["https:\/\/i0.wp.com\/infos-droitshumains.net\/wp-content\/uploads\/2024\/08\/FFF.jpg?fit=717%2C409&ssl=1",717,409,true],"covernews-slider-full":["https:\/\/i0.wp.com\/infos-droitshumains.net\/wp-content\/uploads\/2024\/08\/FFF.jpg?resize=717%2C409&ssl=1",717,409,true],"covernews-slider-center":["https:\/\/i0.wp.com\/infos-droitshumains.net\/wp-content\/uploads\/2024\/08\/FFF.jpg?resize=717%2C409&ssl=1",717,409,true],"covernews-featured":["https:\/\/i0.wp.com\/infos-droitshumains.net\/wp-content\/uploads\/2024\/08\/FFF.jpg?fit=717%2C409&ssl=1",717,409,true],"covernews-medium":["https:\/\/i0.wp.com\/infos-droitshumains.net\/wp-content\/uploads\/2024\/08\/FFF.jpg?resize=540%2C340&ssl=1",540,340,true],"covernews-medium-square":["https:\/\/i0.wp.com\/infos-droitshumains.net\/wp-content\/uploads\/2024\/08\/FFF.jpg?resize=400%2C250&ssl=1",400,250,true]},"author_info":{"display_name":"Jo\u00ebl Diawa","author_link":"https:\/\/infos-droitshumains.net\/?author=2"},"category_info":"<a href=\"https:\/\/infos-droitshumains.net\/?cat=6\" rel=\"category\">Justice<\/a>","tag_info":"Justice","comment_count":"0","jetpack_featured_media_url":"https:\/\/i0.wp.com\/infos-droitshumains.net\/wp-content\/uploads\/2024\/08\/FFF.jpg?fit=717%2C409&ssl=1","jetpack-related-posts":[],"jetpack_sharing_enabled":true,"_links":{"self":[{"href":"https:\/\/infos-droitshumains.net\/index.php?rest_route=\/wp\/v2\/posts\/10647","targetHints":{"allow":["GET"]}}],"collection":[{"href":"https:\/\/infos-droitshumains.net\/index.php?rest_route=\/wp\/v2\/posts"}],"about":[{"href":"https:\/\/infos-droitshumains.net\/index.php?rest_route=\/wp\/v2\/types\/post"}],"author":[{"embeddable":true,"href":"https:\/\/infos-droitshumains.net\/index.php?rest_route=\/wp\/v2\/users\/2"}],"replies":[{"embeddable":true,"href":"https:\/\/infos-droitshumains.net\/index.php?rest_route=%2Fwp%2Fv2%2Fcomments&post=10647"}],"version-history":[{"count":7,"href":"https:\/\/infos-droitshumains.net\/index.php?rest_route=\/wp\/v2\/posts\/10647\/revisions"}],"predecessor-version":[{"id":10657,"href":"https:\/\/infos-droitshumains.net\/index.php?rest_route=\/wp\/v2\/posts\/10647\/revisions\/10657"}],"wp:featuredmedia":[{"embeddable":true,"href":"https:\/\/infos-droitshumains.net\/index.php?rest_route=\/wp\/v2\/media\/10648"}],"wp:attachment":[{"href":"https:\/\/infos-droitshumains.net\/index.php?rest_route=%2Fwp%2Fv2%2Fmedia&parent=10647"}],"wp:term":[{"taxonomy":"category","embeddable":true,"href":"https:\/\/infos-droitshumains.net\/index.php?rest_route=%2Fwp%2Fv2%2Fcategories&post=10647"},{"taxonomy":"post_tag","embeddable":true,"href":"https:\/\/infos-droitshumains.net\/index.php?rest_route=%2Fwp%2Fv2%2Ftags&post=10647"}],"curies":[{"name":"wp","href":"https:\/\/api.w.org\/{rel}","templated":true}]}}