{"id":10643,"date":"2024-08-16T10:10:16","date_gmt":"2024-08-16T08:10:16","guid":{"rendered":"https:\/\/infos-droitshumains.net\/?p=10643"},"modified":"2024-08-16T10:10:20","modified_gmt":"2024-08-16T08:10:20","slug":"qualifiant-le-synamac-de-reseau-mafieux-demasque-le-ministre-constant-mutamba-ouvre-ouvertement-le-front-contre-les-magistrats","status":"publish","type":"post","link":"https:\/\/infos-droitshumains.net\/?p=10643","title":{"rendered":"Qualifiant le SYNAMAC de \u00ab\u00a0r\u00e9seau mafieux d\u00e9masqu\u00e9\u00a0\u00bb, le Ministre Constant Mutamba ouvre ouvertement le front contre les Magistrats"},"content":{"rendered":"\n<p><strong>R\u00e9daction: +243 817 406 088<\/strong><\/p>\n\n\n\n<h3 class=\"wp-block-heading has-vivid-red-color has-text-color has-link-color wp-elements-8c1141b652e361dfa219dc6f77811ae6\">Agac\u00e9 par les sorties m\u00e9diatiques du Ministre d\u2019\u00c9tat, Ministre de la Justice et Garde des Sceaux contre les magistrats, sorties qu\u2019il qualifie de \u2018\u2019populistes\u2019\u2019, le Syndicat Automne des Magistrats du Congo a hauss\u00e9 le ton.<\/h3>\n\n\n\n<p><em>\u00ab<\/em>&nbsp;<em>Le SYNAMAC d\u00e9nonce&nbsp;la propension du Ministre de la Justice et garde des sceaux dans ses sorties m\u00e9diatiques, \u00e0 vouloir rendre les magistrats seuls acteurs de la justice, responsables de la mauvaise administration de la justice&nbsp;\u00e9ludant ainsi les questions de fond \u00e0 la base du dysfonctionnement de la justice&nbsp;\u00bb<\/em>, a d\u00e9clar\u00e9 ce syndicat dans un communiqu\u00e9&nbsp;tout en appelant Constant Mutamba <em>\u00ab&nbsp;d\u2019arr\u00eater avec ses agressions&nbsp;\u00bb<\/em> et \u00ab&nbsp;<em>de chercher \u00e0 travailler avec les magistrats<\/em> <em>dans cette lutte dont il n\u2019est pas seul, il n\u2019en a pas non plus le monopole&nbsp;\u00bb<\/em>.<\/p>\n\n\n\n<p>La R\u00e9action du Garde des Sceaux ne s\u2019est pas fait attendre. Sur son compte X, Mutamba a d\u00e9clar\u00e9 ceci&nbsp;:<\/p>\n\n\n\n<p><em>\u00ab&nbsp;Le Chef de l&rsquo;Etat nous a nomm\u00e9 pour redresser notre justice et redorer son image.&nbsp; Rien n&rsquo;arr\u00eatera cet engagement ferme du Magistrat Supr\u00eame&nbsp;\u00bb<\/em>. Et de rench\u00e9rir&nbsp;: <em>\u00ab&nbsp;Les r\u00e9formes courageuses en cours vont se poursuivre \u00e0 la satisfaction g\u00e9n\u00e9rale de notre peuple. Des r\u00e9seaux mafieux d\u00e9masqu\u00e9s, craquent d\u00e9j\u00e0. Seule la justice \u00e9l\u00e8ve une Nation&nbsp;\u00bb<\/em>.<\/p>\n\n\n\n<figure class=\"wp-block-embed is-type-rich is-provider-twitter wp-block-embed-twitter\"><div class=\"wp-block-embed__wrapper\">\n<blockquote class=\"twitter-tweet\" data-width=\"550\" data-dnt=\"true\"><p lang=\"fr\" dir=\"ltr\"><a href=\"https:\/\/twitter.com\/hashtag\/RDC?src=hash&amp;ref_src=twsrc%5Etfw\">#RDC<\/a> Le Chef de l&#39;Etat nous a nomm\u00e9 pour redresser notre justice et redorer son image.  Rien n&#39;arr\u00eatera cet engagement ferme du Magistrat Supr\u00eame. <br>Les r\u00e9formes courageuses en cours vont se poursuivre \u00e0 la satisfaction g\u00e9n\u00e9rale de notre peuple. Des r\u00e9seaux mafieux d\u00e9masqu\u00e9s,\u2026<\/p>&mdash; Constant mutamba (@ConstantMutamba) <a href=\"https:\/\/twitter.com\/ConstantMutamba\/status\/1824181130410520679?ref_src=twsrc%5Etfw\">August 15, 2024<\/a><\/blockquote><script async src=\"https:\/\/platform.twitter.com\/widgets.js\" charset=\"utf-8\"><\/script>\n<\/div><\/figure>\n\n\n\n<p>C\u2019est un secret de polichinelle, pour le Ministre de la Justice, le syndicat des Magistrats est un r\u00e9seau maffieux. Par cette d\u00e9claration, il vient sans aucun doute de jeter de l\u2019huile dans le feu irritant d\u2019avantage alors qu\u2019il aurait d\u00fb \u00e9couter la voix de la raison menant plut\u00f4t \u00e0 diagnostiquer les v\u00e9ritables mots qui rongent la justice.<\/p>\n\n\n\n<p>Jo\u00ebl Diawa<\/p>\n","protected":false},"excerpt":{"rendered":"<p>R\u00e9daction: +243 817 406 088 Agac\u00e9 par les sorties m\u00e9diatiques du Ministre d\u2019\u00c9tat, Ministre de&#8230;<\/p>\n","protected":false},"author":2,"featured_media":10644,"comment_status":"open","ping_status":"open","sticky":false,"template":"","format":"standard","meta":{"_jetpack_memberships_contains_paid_content":false,"footnotes":""},"categories":[6],"tags":[],"class_list":["post-10643","post","type-post","status-publish","format-standard","has-post-thumbnail","hentry","category-justice"],"yoast_head":"<!-- This site is optimized with the Yoast SEO plugin v27.5 - https:\/\/yoast.com\/product\/yoast-seo-wordpress\/ -->\n<title>Qualifiant le SYNAMAC de \u00ab\u00a0r\u00e9seau mafieux d\u00e9masqu\u00e9\u00a0\u00bb, le Ministre Constant Mutamba ouvre ouvertement le front contre les Magistrats - Infos Droits Humains<\/title>\n<meta name=\"robots\" content=\"index, follow, max-snippet:-1, max-image-preview:large, max-video-preview:-1\" \/>\n<link rel=\"canonical\" href=\"https:\/\/infos-droitshumains.net\/?p=10643\" \/>\n<meta property=\"og:locale\" content=\"fr_FR\" \/>\n<meta property=\"og:type\" content=\"article\" \/>\n<meta property=\"og:title\" content=\"Qualifiant le SYNAMAC de \u00ab\u00a0r\u00e9seau mafieux d\u00e9masqu\u00e9\u00a0\u00bb, le Ministre Constant Mutamba ouvre ouvertement le front contre les Magistrats - Infos Droits Humains\" \/>\n<meta property=\"og:description\" content=\"R\u00e9daction: +243 817 406 088 Agac\u00e9 par les sorties m\u00e9diatiques du Ministre d\u2019\u00c9tat, Ministre de...\" \/>\n<meta property=\"og:url\" content=\"https:\/\/infos-droitshumains.net\/?p=10643\" \/>\n<meta property=\"og:site_name\" content=\"Infos Droits Humains\" \/>\n<meta property=\"article:published_time\" content=\"2024-08-16T08:10:16+00:00\" \/>\n<meta property=\"article:modified_time\" content=\"2024-08-16T08:10:20+00:00\" \/>\n<meta property=\"og:image\" content=\"https:\/\/infos-droitshumains.net\/wp-content\/uploads\/2024\/08\/MUT.webp\" \/>\n\t<meta property=\"og:image:width\" content=\"860\" \/>\n\t<meta property=\"og:image:height\" content=\"873\" \/>\n\t<meta property=\"og:image:type\" content=\"image\/webp\" \/>\n<meta name=\"author\" content=\"Jo\u00ebl Diawa\" \/>\n<meta name=\"twitter:card\" content=\"summary_large_image\" \/>\n<meta name=\"twitter:label1\" content=\"\u00c9crit par\" \/>\n\t<meta name=\"twitter:data1\" content=\"Jo\u00ebl Diawa\" \/>\n\t<meta name=\"twitter:label2\" content=\"Dur\u00e9e de lecture estim\u00e9e\" \/>\n\t<meta name=\"twitter:data2\" content=\"2 minutes\" \/>\n<script type=\"application\/ld+json\" class=\"yoast-schema-graph\">{\"@context\":\"https:\\\/\\\/schema.org\",\"@graph\":[{\"@type\":\"Article\",\"@id\":\"https:\\\/\\\/infos-droitshumains.net\\\/?p=10643#article\",\"isPartOf\":{\"@id\":\"https:\\\/\\\/infos-droitshumains.net\\\/?p=10643\"},\"author\":{\"name\":\"Jo\u00ebl Diawa\",\"@id\":\"https:\\\/\\\/infos-droitshumains.net\\\/#\\\/schema\\\/person\\\/3dc5e921c3302172e0ed4362f96faab7\"},\"headline\":\"Qualifiant le SYNAMAC de \u00ab\u00a0r\u00e9seau mafieux d\u00e9masqu\u00e9\u00a0\u00bb, le Ministre Constant Mutamba ouvre ouvertement le front contre les Magistrats\",\"datePublished\":\"2024-08-16T08:10:16+00:00\",\"dateModified\":\"2024-08-16T08:10:20+00:00\",\"mainEntityOfPage\":{\"@id\":\"https:\\\/\\\/infos-droitshumains.net\\\/?p=10643\"},\"wordCount\":332,\"commentCount\":0,\"publisher\":{\"@id\":\"https:\\\/\\\/infos-droitshumains.net\\\/#organization\"},\"image\":{\"@id\":\"https:\\\/\\\/infos-droitshumains.net\\\/?p=10643#primaryimage\"},\"thumbnailUrl\":\"https:\\\/\\\/i0.wp.com\\\/infos-droitshumains.net\\\/wp-content\\\/uploads\\\/2024\\\/08\\\/MUT.webp?fit=860%2C873&ssl=1\",\"articleSection\":[\"Justice\"],\"inLanguage\":\"fr-FR\",\"potentialAction\":[{\"@type\":\"CommentAction\",\"name\":\"Comment\",\"target\":[\"https:\\\/\\\/infos-droitshumains.net\\\/?p=10643#respond\"]}]},{\"@type\":\"WebPage\",\"@id\":\"https:\\\/\\\/infos-droitshumains.net\\\/?p=10643\",\"url\":\"https:\\\/\\\/infos-droitshumains.net\\\/?p=10643\",\"name\":\"Qualifiant le SYNAMAC de \u00ab\u00a0r\u00e9seau mafieux d\u00e9masqu\u00e9\u00a0\u00bb, le Ministre Constant Mutamba ouvre ouvertement le front contre les Magistrats - Infos Droits Humains\",\"isPartOf\":{\"@id\":\"https:\\\/\\\/infos-droitshumains.net\\\/#website\"},\"primaryImageOfPage\":{\"@id\":\"https:\\\/\\\/infos-droitshumains.net\\\/?p=10643#primaryimage\"},\"image\":{\"@id\":\"https:\\\/\\\/infos-droitshumains.net\\\/?p=10643#primaryimage\"},\"thumbnailUrl\":\"https:\\\/\\\/i0.wp.com\\\/infos-droitshumains.net\\\/wp-content\\\/uploads\\\/2024\\\/08\\\/MUT.webp?fit=860%2C873&ssl=1\",\"datePublished\":\"2024-08-16T08:10:16+00:00\",\"dateModified\":\"2024-08-16T08:10:20+00:00\",\"breadcrumb\":{\"@id\":\"https:\\\/\\\/infos-droitshumains.net\\\/?p=10643#breadcrumb\"},\"inLanguage\":\"fr-FR\",\"potentialAction\":[{\"@type\":\"ReadAction\",\"target\":[\"https:\\\/\\\/infos-droitshumains.net\\\/?p=10643\"]}]},{\"@type\":\"ImageObject\",\"inLanguage\":\"fr-FR\",\"@id\":\"https:\\\/\\\/infos-droitshumains.net\\\/?p=10643#primaryimage\",\"url\":\"https:\\\/\\\/i0.wp.com\\\/infos-droitshumains.net\\\/wp-content\\\/uploads\\\/2024\\\/08\\\/MUT.webp?fit=860%2C873&ssl=1\",\"contentUrl\":\"https:\\\/\\\/i0.wp.com\\\/infos-droitshumains.net\\\/wp-content\\\/uploads\\\/2024\\\/08\\\/MUT.webp?fit=860%2C873&ssl=1\",\"width\":860,\"height\":873},{\"@type\":\"BreadcrumbList\",\"@id\":\"https:\\\/\\\/infos-droitshumains.net\\\/?p=10643#breadcrumb\",\"itemListElement\":[{\"@type\":\"ListItem\",\"position\":1,\"name\":\"Accueil\",\"item\":\"https:\\\/\\\/infos-droitshumains.net\\\/\"},{\"@type\":\"ListItem\",\"position\":2,\"name\":\"Qualifiant le SYNAMAC de \u00ab\u00a0r\u00e9seau mafieux d\u00e9masqu\u00e9\u00a0\u00bb, le Ministre Constant Mutamba ouvre ouvertement le front contre les Magistrats\"}]},{\"@type\":\"WebSite\",\"@id\":\"https:\\\/\\\/infos-droitshumains.net\\\/#website\",\"url\":\"https:\\\/\\\/infos-droitshumains.net\\\/\",\"name\":\"Infos Droits Humains\",\"description\":\"S&#039;informer est un droit\",\"publisher\":{\"@id\":\"https:\\\/\\\/infos-droitshumains.net\\\/#organization\"},\"potentialAction\":[{\"@type\":\"SearchAction\",\"target\":{\"@type\":\"EntryPoint\",\"urlTemplate\":\"https:\\\/\\\/infos-droitshumains.net\\\/?s={search_term_string}\"},\"query-input\":{\"@type\":\"PropertyValueSpecification\",\"valueRequired\":true,\"valueName\":\"search_term_string\"}}],\"inLanguage\":\"fr-FR\"},{\"@type\":\"Organization\",\"@id\":\"https:\\\/\\\/infos-droitshumains.net\\\/#organization\",\"name\":\"Infos Droits Humains\",\"url\":\"https:\\\/\\\/infos-droitshumains.net\\\/\",\"logo\":{\"@type\":\"ImageObject\",\"inLanguage\":\"fr-FR\",\"@id\":\"https:\\\/\\\/infos-droitshumains.net\\\/#\\\/schema\\\/logo\\\/image\\\/\",\"url\":\"https:\\\/\\\/i0.wp.com\\\/infos-droitshumains.net\\\/wp-content\\\/uploads\\\/2022\\\/05\\\/Logo.png?fit=333%2C129&ssl=1\",\"contentUrl\":\"https:\\\/\\\/i0.wp.com\\\/infos-droitshumains.net\\\/wp-content\\\/uploads\\\/2022\\\/05\\\/Logo.png?fit=333%2C129&ssl=1\",\"width\":333,\"height\":129,\"caption\":\"Infos Droits Humains\"},\"image\":{\"@id\":\"https:\\\/\\\/infos-droitshumains.net\\\/#\\\/schema\\\/logo\\\/image\\\/\"}},{\"@type\":\"Person\",\"@id\":\"https:\\\/\\\/infos-droitshumains.net\\\/#\\\/schema\\\/person\\\/3dc5e921c3302172e0ed4362f96faab7\",\"name\":\"Jo\u00ebl Diawa\",\"image\":{\"@type\":\"ImageObject\",\"inLanguage\":\"fr-FR\",\"@id\":\"https:\\\/\\\/secure.gravatar.com\\\/avatar\\\/729bea6ff4604c624417803c477363be8e3c7186deaa65713313f9b4b820f41c?s=96&d=mm&r=g\",\"url\":\"https:\\\/\\\/secure.gravatar.com\\\/avatar\\\/729bea6ff4604c624417803c477363be8e3c7186deaa65713313f9b4b820f41c?s=96&d=mm&r=g\",\"contentUrl\":\"https:\\\/\\\/secure.gravatar.com\\\/avatar\\\/729bea6ff4604c624417803c477363be8e3c7186deaa65713313f9b4b820f41c?s=96&d=mm&r=g\",\"caption\":\"Jo\u00ebl Diawa\"},\"sameAs\":[\"https:\\\/\\\/www.infos-droitshumains.net\"],\"url\":\"https:\\\/\\\/infos-droitshumains.net\\\/?author=2\"}]}<\/script>\n<!-- \/ Yoast SEO plugin. -->","yoast_head_json":{"title":"Qualifiant le SYNAMAC de \u00ab\u00a0r\u00e9seau mafieux d\u00e9masqu\u00e9\u00a0\u00bb, le Ministre Constant Mutamba ouvre ouvertement le front contre les Magistrats - Infos Droits Humains","robots":{"index":"index","follow":"follow","max-snippet":"max-snippet:-1","max-image-preview":"max-image-preview:large","max-video-preview":"max-video-preview:-1"},"canonical":"https:\/\/infos-droitshumains.net\/?p=10643","og_locale":"fr_FR","og_type":"article","og_title":"Qualifiant le SYNAMAC de \u00ab\u00a0r\u00e9seau mafieux d\u00e9masqu\u00e9\u00a0\u00bb, le Ministre Constant Mutamba ouvre ouvertement le front contre les Magistrats - Infos Droits Humains","og_description":"R\u00e9daction: +243 817 406 088 Agac\u00e9 par les sorties m\u00e9diatiques du Ministre d\u2019\u00c9tat, Ministre de...","og_url":"https:\/\/infos-droitshumains.net\/?p=10643","og_site_name":"Infos Droits Humains","article_published_time":"2024-08-16T08:10:16+00:00","article_modified_time":"2024-08-16T08:10:20+00:00","og_image":[{"width":860,"height":873,"url":"https:\/\/infos-droitshumains.net\/wp-content\/uploads\/2024\/08\/MUT.webp","type":"image\/webp"}],"author":"Jo\u00ebl Diawa","twitter_card":"summary_large_image","twitter_misc":{"\u00c9crit par":"Jo\u00ebl Diawa","Dur\u00e9e de lecture estim\u00e9e":"2 minutes"},"schema":{"@context":"https:\/\/schema.org","@graph":[{"@type":"Article","@id":"https:\/\/infos-droitshumains.net\/?p=10643#article","isPartOf":{"@id":"https:\/\/infos-droitshumains.net\/?p=10643"},"author":{"name":"Jo\u00ebl Diawa","@id":"https:\/\/infos-droitshumains.net\/#\/schema\/person\/3dc5e921c3302172e0ed4362f96faab7"},"headline":"Qualifiant le SYNAMAC de \u00ab\u00a0r\u00e9seau mafieux d\u00e9masqu\u00e9\u00a0\u00bb, le Ministre Constant Mutamba ouvre ouvertement le front contre les Magistrats","datePublished":"2024-08-16T08:10:16+00:00","dateModified":"2024-08-16T08:10:20+00:00","mainEntityOfPage":{"@id":"https:\/\/infos-droitshumains.net\/?p=10643"},"wordCount":332,"commentCount":0,"publisher":{"@id":"https:\/\/infos-droitshumains.net\/#organization"},"image":{"@id":"https:\/\/infos-droitshumains.net\/?p=10643#primaryimage"},"thumbnailUrl":"https:\/\/i0.wp.com\/infos-droitshumains.net\/wp-content\/uploads\/2024\/08\/MUT.webp?fit=860%2C873&ssl=1","articleSection":["Justice"],"inLanguage":"fr-FR","potentialAction":[{"@type":"CommentAction","name":"Comment","target":["https:\/\/infos-droitshumains.net\/?p=10643#respond"]}]},{"@type":"WebPage","@id":"https:\/\/infos-droitshumains.net\/?p=10643","url":"https:\/\/infos-droitshumains.net\/?p=10643","name":"Qualifiant le SYNAMAC de \u00ab\u00a0r\u00e9seau mafieux d\u00e9masqu\u00e9\u00a0\u00bb, le Ministre Constant Mutamba ouvre ouvertement le front contre les Magistrats - Infos Droits Humains","isPartOf":{"@id":"https:\/\/infos-droitshumains.net\/#website"},"primaryImageOfPage":{"@id":"https:\/\/infos-droitshumains.net\/?p=10643#primaryimage"},"image":{"@id":"https:\/\/infos-droitshumains.net\/?p=10643#primaryimage"},"thumbnailUrl":"https:\/\/i0.wp.com\/infos-droitshumains.net\/wp-content\/uploads\/2024\/08\/MUT.webp?fit=860%2C873&ssl=1","datePublished":"2024-08-16T08:10:16+00:00","dateModified":"2024-08-16T08:10:20+00:00","breadcrumb":{"@id":"https:\/\/infos-droitshumains.net\/?p=10643#breadcrumb"},"inLanguage":"fr-FR","potentialAction":[{"@type":"ReadAction","target":["https:\/\/infos-droitshumains.net\/?p=10643"]}]},{"@type":"ImageObject","inLanguage":"fr-FR","@id":"https:\/\/infos-droitshumains.net\/?p=10643#primaryimage","url":"https:\/\/i0.wp.com\/infos-droitshumains.net\/wp-content\/uploads\/2024\/08\/MUT.webp?fit=860%2C873&ssl=1","contentUrl":"https:\/\/i0.wp.com\/infos-droitshumains.net\/wp-content\/uploads\/2024\/08\/MUT.webp?fit=860%2C873&ssl=1","width":860,"height":873},{"@type":"BreadcrumbList","@id":"https:\/\/infos-droitshumains.net\/?p=10643#breadcrumb","itemListElement":[{"@type":"ListItem","position":1,"name":"Accueil","item":"https:\/\/infos-droitshumains.net\/"},{"@type":"ListItem","position":2,"name":"Qualifiant le SYNAMAC de \u00ab\u00a0r\u00e9seau mafieux d\u00e9masqu\u00e9\u00a0\u00bb, le Ministre Constant Mutamba ouvre ouvertement le front contre les Magistrats"}]},{"@type":"WebSite","@id":"https:\/\/infos-droitshumains.net\/#website","url":"https:\/\/infos-droitshumains.net\/","name":"Infos Droits Humains","description":"S&#039;informer est un droit","publisher":{"@id":"https:\/\/infos-droitshumains.net\/#organization"},"potentialAction":[{"@type":"SearchAction","target":{"@type":"EntryPoint","urlTemplate":"https:\/\/infos-droitshumains.net\/?s={search_term_string}"},"query-input":{"@type":"PropertyValueSpecification","valueRequired":true,"valueName":"search_term_string"}}],"inLanguage":"fr-FR"},{"@type":"Organization","@id":"https:\/\/infos-droitshumains.net\/#organization","name":"Infos Droits Humains","url":"https:\/\/infos-droitshumains.net\/","logo":{"@type":"ImageObject","inLanguage":"fr-FR","@id":"https:\/\/infos-droitshumains.net\/#\/schema\/logo\/image\/","url":"https:\/\/i0.wp.com\/infos-droitshumains.net\/wp-content\/uploads\/2022\/05\/Logo.png?fit=333%2C129&ssl=1","contentUrl":"https:\/\/i0.wp.com\/infos-droitshumains.net\/wp-content\/uploads\/2022\/05\/Logo.png?fit=333%2C129&ssl=1","width":333,"height":129,"caption":"Infos Droits Humains"},"image":{"@id":"https:\/\/infos-droitshumains.net\/#\/schema\/logo\/image\/"}},{"@type":"Person","@id":"https:\/\/infos-droitshumains.net\/#\/schema\/person\/3dc5e921c3302172e0ed4362f96faab7","name":"Jo\u00ebl Diawa","image":{"@type":"ImageObject","inLanguage":"fr-FR","@id":"https:\/\/secure.gravatar.com\/avatar\/729bea6ff4604c624417803c477363be8e3c7186deaa65713313f9b4b820f41c?s=96&d=mm&r=g","url":"https:\/\/secure.gravatar.com\/avatar\/729bea6ff4604c624417803c477363be8e3c7186deaa65713313f9b4b820f41c?s=96&d=mm&r=g","contentUrl":"https:\/\/secure.gravatar.com\/avatar\/729bea6ff4604c624417803c477363be8e3c7186deaa65713313f9b4b820f41c?s=96&d=mm&r=g","caption":"Jo\u00ebl Diawa"},"sameAs":["https:\/\/www.infos-droitshumains.net"],"url":"https:\/\/infos-droitshumains.net\/?author=2"}]}},"featured_image_urls":{"full":["https:\/\/i0.wp.com\/infos-droitshumains.net\/wp-content\/uploads\/2024\/08\/MUT.webp?fit=860%2C873&ssl=1",860,873,false],"thumbnail":["https:\/\/i0.wp.com\/infos-droitshumains.net\/wp-content\/uploads\/2024\/08\/MUT.webp?resize=150%2C150&ssl=1",150,150,true],"medium":["https:\/\/i0.wp.com\/infos-droitshumains.net\/wp-content\/uploads\/2024\/08\/MUT.webp?fit=296%2C300&ssl=1",296,300,true],"medium_large":["https:\/\/i0.wp.com\/infos-droitshumains.net\/wp-content\/uploads\/2024\/08\/MUT.webp?fit=640%2C650&ssl=1",640,650,true],"large":["https:\/\/i0.wp.com\/infos-droitshumains.net\/wp-content\/uploads\/2024\/08\/MUT.webp?fit=640%2C650&ssl=1",640,650,true],"1536x1536":["https:\/\/i0.wp.com\/infos-droitshumains.net\/wp-content\/uploads\/2024\/08\/MUT.webp?fit=860%2C873&ssl=1",860,873,true],"2048x2048":["https:\/\/i0.wp.com\/infos-droitshumains.net\/wp-content\/uploads\/2024\/08\/MUT.webp?fit=860%2C873&ssl=1",860,873,true],"covernews-slider-full":["https:\/\/i0.wp.com\/infos-droitshumains.net\/wp-content\/uploads\/2024\/08\/MUT.webp?resize=860%2C715&ssl=1",860,715,true],"covernews-slider-center":["https:\/\/i0.wp.com\/infos-droitshumains.net\/wp-content\/uploads\/2024\/08\/MUT.webp?resize=800%2C500&ssl=1",800,500,true],"covernews-featured":["https:\/\/i0.wp.com\/infos-droitshumains.net\/wp-content\/uploads\/2024\/08\/MUT.webp?fit=860%2C873&ssl=1",860,873,true],"covernews-medium":["https:\/\/i0.wp.com\/infos-droitshumains.net\/wp-content\/uploads\/2024\/08\/MUT.webp?resize=540%2C340&ssl=1",540,340,true],"covernews-medium-square":["https:\/\/i0.wp.com\/infos-droitshumains.net\/wp-content\/uploads\/2024\/08\/MUT.webp?resize=400%2C250&ssl=1",400,250,true]},"author_info":{"display_name":"Jo\u00ebl Diawa","author_link":"https:\/\/infos-droitshumains.net\/?author=2"},"category_info":"<a href=\"https:\/\/infos-droitshumains.net\/?cat=6\" rel=\"category\">Justice<\/a>","tag_info":"Justice","comment_count":"0","jetpack_featured_media_url":"https:\/\/i0.wp.com\/infos-droitshumains.net\/wp-content\/uploads\/2024\/08\/MUT.webp?fit=860%2C873&ssl=1","jetpack-related-posts":[],"jetpack_sharing_enabled":true,"_links":{"self":[{"href":"https:\/\/infos-droitshumains.net\/index.php?rest_route=\/wp\/v2\/posts\/10643","targetHints":{"allow":["GET"]}}],"collection":[{"href":"https:\/\/infos-droitshumains.net\/index.php?rest_route=\/wp\/v2\/posts"}],"about":[{"href":"https:\/\/infos-droitshumains.net\/index.php?rest_route=\/wp\/v2\/types\/post"}],"author":[{"embeddable":true,"href":"https:\/\/infos-droitshumains.net\/index.php?rest_route=\/wp\/v2\/users\/2"}],"replies":[{"embeddable":true,"href":"https:\/\/infos-droitshumains.net\/index.php?rest_route=%2Fwp%2Fv2%2Fcomments&post=10643"}],"version-history":[{"count":1,"href":"https:\/\/infos-droitshumains.net\/index.php?rest_route=\/wp\/v2\/posts\/10643\/revisions"}],"predecessor-version":[{"id":10645,"href":"https:\/\/infos-droitshumains.net\/index.php?rest_route=\/wp\/v2\/posts\/10643\/revisions\/10645"}],"wp:featuredmedia":[{"embeddable":true,"href":"https:\/\/infos-droitshumains.net\/index.php?rest_route=\/wp\/v2\/media\/10644"}],"wp:attachment":[{"href":"https:\/\/infos-droitshumains.net\/index.php?rest_route=%2Fwp%2Fv2%2Fmedia&parent=10643"}],"wp:term":[{"taxonomy":"category","embeddable":true,"href":"https:\/\/infos-droitshumains.net\/index.php?rest_route=%2Fwp%2Fv2%2Fcategories&post=10643"},{"taxonomy":"post_tag","embeddable":true,"href":"https:\/\/infos-droitshumains.net\/index.php?rest_route=%2Fwp%2Fv2%2Ftags&post=10643"}],"curies":[{"name":"wp","href":"https:\/\/api.w.org\/{rel}","templated":true}]}}