{"id":10611,"date":"2024-08-07T17:18:10","date_gmt":"2024-08-07T15:18:10","guid":{"rendered":"https:\/\/infos-droitshumains.net\/?p=10611"},"modified":"2024-08-09T11:19:13","modified_gmt":"2024-08-09T09:19:13","slug":"rdc-defi-des-avocats-contre-la-police","status":"publish","type":"post","link":"https:\/\/infos-droitshumains.net\/?p=10611","title":{"rendered":"Affaire Me. Jo\u00ebl Kitenge: L&rsquo;\u00e9quilibre entre le respect des autorit\u00e9s des forces de l&rsquo;ordre et la d\u00e9fense des droits individuels est d\u00e9licat (Chronique de Merlin Kamalandua)"},"content":{"rendered":"\n<p><strong>R\u00e9daction: +243 817 406 088<\/strong><\/p>\n\n\n\n<h3 class=\"wp-block-heading has-vivid-red-color has-text-color has-link-color wp-elements-f25f754ef0eb02a55c9600fa021b53cf\">Nous avons tous suivi la vid\u00e9o de Me. Jo\u00ebl Kitenge devenue virale dans les r\u00e9seaux sociaux. Ce dernier se r\u00e9clamant comme membre de la force du progr\u00e8s (une milice au sein de l\u2019UDPS), tenait des propos d\u00e9sobligeants vis-\u00e0-vis du G\u00e9n\u00e9ral Blaise Kilimba Limba, commandant de la police ville de Kinshasa, par le fait que la police ait d\u00e9mantel\u00e9 le Quartier G\u00e9n\u00e9ral de ce mouvement en sus d\u2019avoir mis la main sur ceux qui caus\u00e9 des troubles dans la commune de la Gombe dans les encablures de l\u2019appartement du Chef de l\u2019Etat honoraire, Joseph Kabila. Bien qu\u2019il ait pr\u00e9sent\u00e9 ses excuses, ce comportement reste du moins sanctionnable.<\/h3>\n\n\n\n<p>D&rsquo;une mani\u00e8re g\u00e9n\u00e9rale, je pense qu&rsquo;il est important que les avocats, en tant qu\u2019auxiliaire de la justice, respectent l&rsquo;autorit\u00e9 et les proc\u00e9dures des forces de l&rsquo;ordre dans la mesure du possible. Les avocats jouent un r\u00f4le essentiel pour d\u00e9fendre les droits de leurs clients, mais cela ne doit se faire que dans le cadre des lois et des r\u00e8gles \u00e9tablies.<\/p>\n\n\n\n<p>Cependant, il peut y avoir des circonstances o\u00f9 un avocat estime qu&rsquo;il est n\u00e9cessaire de d\u00e9fier certaines actions ou d\u00e9cisions des autorit\u00e9s (politiques, polici\u00e8res etc\u2026), par exemple s&rsquo;il consid\u00e8re qu&rsquo;elles portent atteinte aux droits fondamentaux de son client. Dans ce cas, il a le devoir de faire valoir les arguments juridiques appropri\u00e9s, tout en restant dans les limites de la loi.<\/p>\n\n\n\n<p>L&rsquo;\u00e9quilibre entre le respect de l&rsquo;autorit\u00e9 des forces de l&rsquo;ordre et la d\u00e9fense des droits individuels est d\u00e9licat . Chaque situation est unique et l&rsquo;avocat doit \u00e9valuer avec soin la meilleure fa\u00e7on d&rsquo;agir dans l&rsquo;int\u00e9r\u00eat de son client, tout en pr\u00e9servant l&rsquo;int\u00e9grit\u00e9 du syst\u00e8me juridique dans son ensemble.<\/p>\n\n\n\n<p>L&rsquo;Ordonnance-loi 79-028 du 28 septembre 1979 portant organisation du bureau, du corps des d\u00e9fenseurs judiciaires et du corps des mandataires de l&rsquo;\u00c9tat en son article 14 stipule :\u00a0\u00bbLes postulants admis au stage sont tenus, avant d&rsquo;\u00eatre inscrits sur la liste et exercer la profession, de pr\u00eater le serment suivant devant la Cour d&rsquo;Appel :&rsquo;<em>Je jure de respecter la Constitution, d&rsquo;ob\u00e9ir \u00e0 la loi, d&rsquo;exercer la d\u00e9fense et le conseil avec dignit\u00e9, conscience, ind\u00e9pendance et humanit\u00e9, de ne rien dire ou publier de contraire aux lois, aux d\u00e9cisions judiciaires, aux bonnes m\u0153urs, \u00e0 la s\u00e9curit\u00e9 de l&rsquo;\u00c9tat et \u00e0 la paix publique, de ne jamais m&rsquo;\u00e9carter du respect d\u00fb aux tribunaux, aux magistrats et aux autorit\u00e9s publiques, de ne conseiller ou d\u00e9fendre aucune cause que je ne crois juste en mon \u00e2me et conscience.\u00a0\u00bb<\/em><\/p>\n\n\n\n<p>Cette disposition l\u00e9gale est tr\u00e8s claire en ce qui concerne l&rsquo;attitude que devra adopter un avocat face \u00e0 certaines \u00e9vidences.<\/p>\n\n\n\n<p>Voici par ailleurs quelques points \u00e0 consid\u00e9rer concernant le sort d\u2019un avocat qui d\u00e9fie les autorit\u00e9s de la police<\/p>\n\n\n\n<p><strong>.<\/strong>\u00c9thique professionnelle&nbsp;: Les avocats ont le devoir \u00e9thique de d\u00e9fendre les droits et les int\u00e9r\u00eats de leurs clients, m\u00eame si cela implique de s\u2019opposer aux autorit\u00e9s. Cependant, ils doivent le faire de mani\u00e8re l\u00e9gale respectueuse.<\/p>\n\n\n\n<ol class=\"wp-block-list\">\n<li><\/li>\n<\/ol>\n\n\n\n<ul class=\"wp-block-list\">\n<li>Sanctions disciplinaires&nbsp;: S\u2019il outrepasse les limites de la conduite professionnelle acceptable, l\u2019avocat pourrait faire l\u2019objet de sanctions disciplinaires de la part de son ordre professionnel comme un bl\u00e2me, une suspension ou m\u00eame une radiation.<\/li>\n<\/ul>\n\n\n\n<ul class=\"wp-block-list\">\n<li>Poursuites judiciaires&nbsp;: Dans des cas extr\u00eames, l\u2019avocat pourrait faire l\u2019objet de poursuites judiciaires pour outrage \u00e0 l\u2019autorit\u00e9, entrave \u00e0 la justice ou d\u2019autres infractions, s\u2019il a enfreint la loi dans sa confrontation avec la police.<\/li>\n<\/ul>\n\n\n\n<ul class=\"wp-block-list\">\n<li>R\u00e9percussions sur sa carri\u00e8re&nbsp;: Un conflit ouvert avec les autorit\u00e9s pourrait nuire \u00e0 la r\u00e9putation de l\u2019avocat et avoir des r\u00e9percussions n\u00e9gatives sur sa carri\u00e8re, en termes de clients, de reconnaissance professionnelle, etc.<\/li>\n<\/ul>\n\n\n\n<ul class=\"wp-block-list\">\n<li>Soutien de la profession&nbsp;: La profession juridique tend g\u00e9n\u00e9ralement \u00e0 soutenir les avocats qui d\u00e9fendent les droits de leurs clients de mani\u00e8re \u00e9thique, m\u00eame face aux autorit\u00e9s. Cela d\u00e9pend de la nature et des circonstances du conflit.<\/li>\n<\/ul>\n\n\n\n<p>Doit-on se cacher derri\u00e8re la circulaire du b\u00e2tonnier pour se rebeller contre l\u2019autorit\u00e9 \u00e9tablie&nbsp;? J\u2019estime que, vu les urgences, les comportements rebelles de certaines personnes et le contexte actuel que traverse le pays, il y a lieu de les contextualiser d\u2019avantage.<\/p>\n\n\n\n<p>Si quelqu\u2019un, de surcroit, un avocat qui est sens\u00e9 bien maitriser la loi arrive \u00e0 d\u00e9fier les autorit\u00e9s de la police et militaires, qu\u2019en sera-t-il de ses autorit\u00e9s ordinales qui ne sont que des civils&nbsp;? Imaginons la peine que cela peut causer au Conseil de l\u2019Ordre et au B\u00e2tonnier.<\/p>\n\n\n\n<p>En r\u00e9sum\u00e9, l\u2019avocat qui d\u00e9fie les autorit\u00e9s de mani\u00e8re appropri\u00e9e dans le cadre de sa mission de d\u00e9fense des droits de son client n\u2019a g\u00e9n\u00e9ralement pas \u00e0 craindre de sanctions majeures mais doit veiller \u00e0 agir dans les limites de l\u2019\u00e9thique et de la loi.<\/p>\n\n\n\n<p>Merlin Kamalandua<\/p>\n","protected":false},"excerpt":{"rendered":"<p>R\u00e9daction: +243 817 406 088 Nous avons tous suivi la vid\u00e9o de Me. Jo\u00ebl Kitenge&#8230;<\/p>\n","protected":false},"author":2,"featured_media":10613,"comment_status":"open","ping_status":"open","sticky":false,"template":"","format":"standard","meta":{"_jetpack_memberships_contains_paid_content":false,"footnotes":""},"categories":[6],"tags":[],"class_list":["post-10611","post","type-post","status-publish","format-standard","has-post-thumbnail","hentry","category-justice"],"yoast_head":"<!-- This site is optimized with the Yoast SEO plugin v27.5 - https:\/\/yoast.com\/product\/yoast-seo-wordpress\/ -->\n<title>Affaire Me. Jo\u00ebl Kitenge: L&#039;\u00e9quilibre entre le respect des autorit\u00e9s des forces de l&#039;ordre et la d\u00e9fense des droits individuels est d\u00e9licat (Chronique de Merlin Kamalandua) - Infos Droits Humains<\/title>\n<meta name=\"robots\" content=\"index, follow, max-snippet:-1, max-image-preview:large, max-video-preview:-1\" \/>\n<link rel=\"canonical\" href=\"https:\/\/infos-droitshumains.net\/?p=10611\" \/>\n<meta property=\"og:locale\" content=\"fr_FR\" \/>\n<meta property=\"og:type\" content=\"article\" \/>\n<meta property=\"og:title\" content=\"Affaire Me. Jo\u00ebl Kitenge: L&#039;\u00e9quilibre entre le respect des autorit\u00e9s des forces de l&#039;ordre et la d\u00e9fense des droits individuels est d\u00e9licat (Chronique de Merlin Kamalandua) - Infos Droits Humains\" \/>\n<meta property=\"og:description\" content=\"R\u00e9daction: +243 817 406 088 Nous avons tous suivi la vid\u00e9o de Me. Jo\u00ebl Kitenge...\" \/>\n<meta property=\"og:url\" content=\"https:\/\/infos-droitshumains.net\/?p=10611\" \/>\n<meta property=\"og:site_name\" content=\"Infos Droits Humains\" \/>\n<meta property=\"article:published_time\" content=\"2024-08-07T15:18:10+00:00\" \/>\n<meta property=\"article:modified_time\" content=\"2024-08-09T09:19:13+00:00\" \/>\n<meta property=\"og:image\" content=\"https:\/\/infos-droitshumains.net\/wp-content\/uploads\/2024\/08\/images.jpg\" \/>\n\t<meta property=\"og:image:width\" content=\"225\" \/>\n\t<meta property=\"og:image:height\" content=\"225\" \/>\n\t<meta property=\"og:image:type\" content=\"image\/jpeg\" \/>\n<meta name=\"author\" content=\"Jo\u00ebl Diawa\" \/>\n<meta name=\"twitter:card\" content=\"summary_large_image\" \/>\n<meta name=\"twitter:label1\" content=\"\u00c9crit par\" \/>\n\t<meta name=\"twitter:data1\" content=\"Jo\u00ebl Diawa\" \/>\n\t<meta name=\"twitter:label2\" content=\"Dur\u00e9e de lecture estim\u00e9e\" \/>\n\t<meta name=\"twitter:data2\" content=\"5 minutes\" \/>\n<script type=\"application\/ld+json\" class=\"yoast-schema-graph\">{\"@context\":\"https:\\\/\\\/schema.org\",\"@graph\":[{\"@type\":\"Article\",\"@id\":\"https:\\\/\\\/infos-droitshumains.net\\\/?p=10611#article\",\"isPartOf\":{\"@id\":\"https:\\\/\\\/infos-droitshumains.net\\\/?p=10611\"},\"author\":{\"name\":\"Jo\u00ebl Diawa\",\"@id\":\"https:\\\/\\\/infos-droitshumains.net\\\/#\\\/schema\\\/person\\\/3dc5e921c3302172e0ed4362f96faab7\"},\"headline\":\"Affaire Me. Jo\u00ebl Kitenge: L&rsquo;\u00e9quilibre entre le respect des autorit\u00e9s des forces de l&rsquo;ordre et la d\u00e9fense des droits individuels est d\u00e9licat (Chronique de Merlin Kamalandua)\",\"datePublished\":\"2024-08-07T15:18:10+00:00\",\"dateModified\":\"2024-08-09T09:19:13+00:00\",\"mainEntityOfPage\":{\"@id\":\"https:\\\/\\\/infos-droitshumains.net\\\/?p=10611\"},\"wordCount\":901,\"commentCount\":0,\"publisher\":{\"@id\":\"https:\\\/\\\/infos-droitshumains.net\\\/#organization\"},\"image\":{\"@id\":\"https:\\\/\\\/infos-droitshumains.net\\\/?p=10611#primaryimage\"},\"thumbnailUrl\":\"https:\\\/\\\/i0.wp.com\\\/infos-droitshumains.net\\\/wp-content\\\/uploads\\\/2024\\\/08\\\/images.jpg?fit=225%2C225&ssl=1\",\"articleSection\":[\"Justice\"],\"inLanguage\":\"fr-FR\",\"potentialAction\":[{\"@type\":\"CommentAction\",\"name\":\"Comment\",\"target\":[\"https:\\\/\\\/infos-droitshumains.net\\\/?p=10611#respond\"]}]},{\"@type\":\"WebPage\",\"@id\":\"https:\\\/\\\/infos-droitshumains.net\\\/?p=10611\",\"url\":\"https:\\\/\\\/infos-droitshumains.net\\\/?p=10611\",\"name\":\"Affaire Me. Jo\u00ebl Kitenge: L'\u00e9quilibre entre le respect des autorit\u00e9s des forces de l'ordre et la d\u00e9fense des droits individuels est d\u00e9licat (Chronique de Merlin Kamalandua) - Infos Droits Humains\",\"isPartOf\":{\"@id\":\"https:\\\/\\\/infos-droitshumains.net\\\/#website\"},\"primaryImageOfPage\":{\"@id\":\"https:\\\/\\\/infos-droitshumains.net\\\/?p=10611#primaryimage\"},\"image\":{\"@id\":\"https:\\\/\\\/infos-droitshumains.net\\\/?p=10611#primaryimage\"},\"thumbnailUrl\":\"https:\\\/\\\/i0.wp.com\\\/infos-droitshumains.net\\\/wp-content\\\/uploads\\\/2024\\\/08\\\/images.jpg?fit=225%2C225&ssl=1\",\"datePublished\":\"2024-08-07T15:18:10+00:00\",\"dateModified\":\"2024-08-09T09:19:13+00:00\",\"breadcrumb\":{\"@id\":\"https:\\\/\\\/infos-droitshumains.net\\\/?p=10611#breadcrumb\"},\"inLanguage\":\"fr-FR\",\"potentialAction\":[{\"@type\":\"ReadAction\",\"target\":[\"https:\\\/\\\/infos-droitshumains.net\\\/?p=10611\"]}]},{\"@type\":\"ImageObject\",\"inLanguage\":\"fr-FR\",\"@id\":\"https:\\\/\\\/infos-droitshumains.net\\\/?p=10611#primaryimage\",\"url\":\"https:\\\/\\\/i0.wp.com\\\/infos-droitshumains.net\\\/wp-content\\\/uploads\\\/2024\\\/08\\\/images.jpg?fit=225%2C225&ssl=1\",\"contentUrl\":\"https:\\\/\\\/i0.wp.com\\\/infos-droitshumains.net\\\/wp-content\\\/uploads\\\/2024\\\/08\\\/images.jpg?fit=225%2C225&ssl=1\",\"width\":225,\"height\":225},{\"@type\":\"BreadcrumbList\",\"@id\":\"https:\\\/\\\/infos-droitshumains.net\\\/?p=10611#breadcrumb\",\"itemListElement\":[{\"@type\":\"ListItem\",\"position\":1,\"name\":\"Accueil\",\"item\":\"https:\\\/\\\/infos-droitshumains.net\\\/\"},{\"@type\":\"ListItem\",\"position\":2,\"name\":\"Affaire Me. Jo\u00ebl Kitenge: L&rsquo;\u00e9quilibre entre le respect des autorit\u00e9s des forces de l&rsquo;ordre et la d\u00e9fense des droits individuels est d\u00e9licat (Chronique de Merlin Kamalandua)\"}]},{\"@type\":\"WebSite\",\"@id\":\"https:\\\/\\\/infos-droitshumains.net\\\/#website\",\"url\":\"https:\\\/\\\/infos-droitshumains.net\\\/\",\"name\":\"Infos Droits Humains\",\"description\":\"S&#039;informer est un droit\",\"publisher\":{\"@id\":\"https:\\\/\\\/infos-droitshumains.net\\\/#organization\"},\"potentialAction\":[{\"@type\":\"SearchAction\",\"target\":{\"@type\":\"EntryPoint\",\"urlTemplate\":\"https:\\\/\\\/infos-droitshumains.net\\\/?s={search_term_string}\"},\"query-input\":{\"@type\":\"PropertyValueSpecification\",\"valueRequired\":true,\"valueName\":\"search_term_string\"}}],\"inLanguage\":\"fr-FR\"},{\"@type\":\"Organization\",\"@id\":\"https:\\\/\\\/infos-droitshumains.net\\\/#organization\",\"name\":\"Infos Droits Humains\",\"url\":\"https:\\\/\\\/infos-droitshumains.net\\\/\",\"logo\":{\"@type\":\"ImageObject\",\"inLanguage\":\"fr-FR\",\"@id\":\"https:\\\/\\\/infos-droitshumains.net\\\/#\\\/schema\\\/logo\\\/image\\\/\",\"url\":\"https:\\\/\\\/i0.wp.com\\\/infos-droitshumains.net\\\/wp-content\\\/uploads\\\/2022\\\/05\\\/Logo.png?fit=333%2C129&ssl=1\",\"contentUrl\":\"https:\\\/\\\/i0.wp.com\\\/infos-droitshumains.net\\\/wp-content\\\/uploads\\\/2022\\\/05\\\/Logo.png?fit=333%2C129&ssl=1\",\"width\":333,\"height\":129,\"caption\":\"Infos Droits Humains\"},\"image\":{\"@id\":\"https:\\\/\\\/infos-droitshumains.net\\\/#\\\/schema\\\/logo\\\/image\\\/\"}},{\"@type\":\"Person\",\"@id\":\"https:\\\/\\\/infos-droitshumains.net\\\/#\\\/schema\\\/person\\\/3dc5e921c3302172e0ed4362f96faab7\",\"name\":\"Jo\u00ebl Diawa\",\"image\":{\"@type\":\"ImageObject\",\"inLanguage\":\"fr-FR\",\"@id\":\"https:\\\/\\\/secure.gravatar.com\\\/avatar\\\/729bea6ff4604c624417803c477363be8e3c7186deaa65713313f9b4b820f41c?s=96&d=mm&r=g\",\"url\":\"https:\\\/\\\/secure.gravatar.com\\\/avatar\\\/729bea6ff4604c624417803c477363be8e3c7186deaa65713313f9b4b820f41c?s=96&d=mm&r=g\",\"contentUrl\":\"https:\\\/\\\/secure.gravatar.com\\\/avatar\\\/729bea6ff4604c624417803c477363be8e3c7186deaa65713313f9b4b820f41c?s=96&d=mm&r=g\",\"caption\":\"Jo\u00ebl Diawa\"},\"sameAs\":[\"https:\\\/\\\/www.infos-droitshumains.net\"],\"url\":\"https:\\\/\\\/infos-droitshumains.net\\\/?author=2\"}]}<\/script>\n<!-- \/ Yoast SEO plugin. -->","yoast_head_json":{"title":"Affaire Me. Jo\u00ebl Kitenge: L'\u00e9quilibre entre le respect des autorit\u00e9s des forces de l'ordre et la d\u00e9fense des droits individuels est d\u00e9licat (Chronique de Merlin Kamalandua) - Infos Droits Humains","robots":{"index":"index","follow":"follow","max-snippet":"max-snippet:-1","max-image-preview":"max-image-preview:large","max-video-preview":"max-video-preview:-1"},"canonical":"https:\/\/infos-droitshumains.net\/?p=10611","og_locale":"fr_FR","og_type":"article","og_title":"Affaire Me. Jo\u00ebl Kitenge: L'\u00e9quilibre entre le respect des autorit\u00e9s des forces de l'ordre et la d\u00e9fense des droits individuels est d\u00e9licat (Chronique de Merlin Kamalandua) - Infos Droits Humains","og_description":"R\u00e9daction: +243 817 406 088 Nous avons tous suivi la vid\u00e9o de Me. Jo\u00ebl Kitenge...","og_url":"https:\/\/infos-droitshumains.net\/?p=10611","og_site_name":"Infos Droits Humains","article_published_time":"2024-08-07T15:18:10+00:00","article_modified_time":"2024-08-09T09:19:13+00:00","og_image":[{"width":225,"height":225,"url":"https:\/\/infos-droitshumains.net\/wp-content\/uploads\/2024\/08\/images.jpg","type":"image\/jpeg"}],"author":"Jo\u00ebl Diawa","twitter_card":"summary_large_image","twitter_misc":{"\u00c9crit par":"Jo\u00ebl Diawa","Dur\u00e9e de lecture estim\u00e9e":"5 minutes"},"schema":{"@context":"https:\/\/schema.org","@graph":[{"@type":"Article","@id":"https:\/\/infos-droitshumains.net\/?p=10611#article","isPartOf":{"@id":"https:\/\/infos-droitshumains.net\/?p=10611"},"author":{"name":"Jo\u00ebl Diawa","@id":"https:\/\/infos-droitshumains.net\/#\/schema\/person\/3dc5e921c3302172e0ed4362f96faab7"},"headline":"Affaire Me. Jo\u00ebl Kitenge: L&rsquo;\u00e9quilibre entre le respect des autorit\u00e9s des forces de l&rsquo;ordre et la d\u00e9fense des droits individuels est d\u00e9licat (Chronique de Merlin Kamalandua)","datePublished":"2024-08-07T15:18:10+00:00","dateModified":"2024-08-09T09:19:13+00:00","mainEntityOfPage":{"@id":"https:\/\/infos-droitshumains.net\/?p=10611"},"wordCount":901,"commentCount":0,"publisher":{"@id":"https:\/\/infos-droitshumains.net\/#organization"},"image":{"@id":"https:\/\/infos-droitshumains.net\/?p=10611#primaryimage"},"thumbnailUrl":"https:\/\/i0.wp.com\/infos-droitshumains.net\/wp-content\/uploads\/2024\/08\/images.jpg?fit=225%2C225&ssl=1","articleSection":["Justice"],"inLanguage":"fr-FR","potentialAction":[{"@type":"CommentAction","name":"Comment","target":["https:\/\/infos-droitshumains.net\/?p=10611#respond"]}]},{"@type":"WebPage","@id":"https:\/\/infos-droitshumains.net\/?p=10611","url":"https:\/\/infos-droitshumains.net\/?p=10611","name":"Affaire Me. Jo\u00ebl Kitenge: L'\u00e9quilibre entre le respect des autorit\u00e9s des forces de l'ordre et la d\u00e9fense des droits individuels est d\u00e9licat (Chronique de Merlin Kamalandua) - Infos Droits Humains","isPartOf":{"@id":"https:\/\/infos-droitshumains.net\/#website"},"primaryImageOfPage":{"@id":"https:\/\/infos-droitshumains.net\/?p=10611#primaryimage"},"image":{"@id":"https:\/\/infos-droitshumains.net\/?p=10611#primaryimage"},"thumbnailUrl":"https:\/\/i0.wp.com\/infos-droitshumains.net\/wp-content\/uploads\/2024\/08\/images.jpg?fit=225%2C225&ssl=1","datePublished":"2024-08-07T15:18:10+00:00","dateModified":"2024-08-09T09:19:13+00:00","breadcrumb":{"@id":"https:\/\/infos-droitshumains.net\/?p=10611#breadcrumb"},"inLanguage":"fr-FR","potentialAction":[{"@type":"ReadAction","target":["https:\/\/infos-droitshumains.net\/?p=10611"]}]},{"@type":"ImageObject","inLanguage":"fr-FR","@id":"https:\/\/infos-droitshumains.net\/?p=10611#primaryimage","url":"https:\/\/i0.wp.com\/infos-droitshumains.net\/wp-content\/uploads\/2024\/08\/images.jpg?fit=225%2C225&ssl=1","contentUrl":"https:\/\/i0.wp.com\/infos-droitshumains.net\/wp-content\/uploads\/2024\/08\/images.jpg?fit=225%2C225&ssl=1","width":225,"height":225},{"@type":"BreadcrumbList","@id":"https:\/\/infos-droitshumains.net\/?p=10611#breadcrumb","itemListElement":[{"@type":"ListItem","position":1,"name":"Accueil","item":"https:\/\/infos-droitshumains.net\/"},{"@type":"ListItem","position":2,"name":"Affaire Me. Jo\u00ebl Kitenge: L&rsquo;\u00e9quilibre entre le respect des autorit\u00e9s des forces de l&rsquo;ordre et la d\u00e9fense des droits individuels est d\u00e9licat (Chronique de Merlin Kamalandua)"}]},{"@type":"WebSite","@id":"https:\/\/infos-droitshumains.net\/#website","url":"https:\/\/infos-droitshumains.net\/","name":"Infos Droits Humains","description":"S&#039;informer est un droit","publisher":{"@id":"https:\/\/infos-droitshumains.net\/#organization"},"potentialAction":[{"@type":"SearchAction","target":{"@type":"EntryPoint","urlTemplate":"https:\/\/infos-droitshumains.net\/?s={search_term_string}"},"query-input":{"@type":"PropertyValueSpecification","valueRequired":true,"valueName":"search_term_string"}}],"inLanguage":"fr-FR"},{"@type":"Organization","@id":"https:\/\/infos-droitshumains.net\/#organization","name":"Infos Droits Humains","url":"https:\/\/infos-droitshumains.net\/","logo":{"@type":"ImageObject","inLanguage":"fr-FR","@id":"https:\/\/infos-droitshumains.net\/#\/schema\/logo\/image\/","url":"https:\/\/i0.wp.com\/infos-droitshumains.net\/wp-content\/uploads\/2022\/05\/Logo.png?fit=333%2C129&ssl=1","contentUrl":"https:\/\/i0.wp.com\/infos-droitshumains.net\/wp-content\/uploads\/2022\/05\/Logo.png?fit=333%2C129&ssl=1","width":333,"height":129,"caption":"Infos Droits Humains"},"image":{"@id":"https:\/\/infos-droitshumains.net\/#\/schema\/logo\/image\/"}},{"@type":"Person","@id":"https:\/\/infos-droitshumains.net\/#\/schema\/person\/3dc5e921c3302172e0ed4362f96faab7","name":"Jo\u00ebl Diawa","image":{"@type":"ImageObject","inLanguage":"fr-FR","@id":"https:\/\/secure.gravatar.com\/avatar\/729bea6ff4604c624417803c477363be8e3c7186deaa65713313f9b4b820f41c?s=96&d=mm&r=g","url":"https:\/\/secure.gravatar.com\/avatar\/729bea6ff4604c624417803c477363be8e3c7186deaa65713313f9b4b820f41c?s=96&d=mm&r=g","contentUrl":"https:\/\/secure.gravatar.com\/avatar\/729bea6ff4604c624417803c477363be8e3c7186deaa65713313f9b4b820f41c?s=96&d=mm&r=g","caption":"Jo\u00ebl Diawa"},"sameAs":["https:\/\/www.infos-droitshumains.net"],"url":"https:\/\/infos-droitshumains.net\/?author=2"}]}},"featured_image_urls":{"full":["https:\/\/i0.wp.com\/infos-droitshumains.net\/wp-content\/uploads\/2024\/08\/images.jpg?fit=225%2C225&ssl=1",225,225,false],"thumbnail":["https:\/\/i0.wp.com\/infos-droitshumains.net\/wp-content\/uploads\/2024\/08\/images.jpg?resize=150%2C150&ssl=1",150,150,true],"medium":["https:\/\/i0.wp.com\/infos-droitshumains.net\/wp-content\/uploads\/2024\/08\/images.jpg?fit=225%2C225&ssl=1",225,225,true],"medium_large":["https:\/\/i0.wp.com\/infos-droitshumains.net\/wp-content\/uploads\/2024\/08\/images.jpg?fit=225%2C225&ssl=1",225,225,true],"large":["https:\/\/i0.wp.com\/infos-droitshumains.net\/wp-content\/uploads\/2024\/08\/images.jpg?fit=225%2C225&ssl=1",225,225,true],"1536x1536":["https:\/\/i0.wp.com\/infos-droitshumains.net\/wp-content\/uploads\/2024\/08\/images.jpg?fit=225%2C225&ssl=1",225,225,true],"2048x2048":["https:\/\/i0.wp.com\/infos-droitshumains.net\/wp-content\/uploads\/2024\/08\/images.jpg?fit=225%2C225&ssl=1",225,225,true],"covernews-slider-full":["https:\/\/i0.wp.com\/infos-droitshumains.net\/wp-content\/uploads\/2024\/08\/images.jpg?resize=225%2C225&ssl=1",225,225,true],"covernews-slider-center":["https:\/\/i0.wp.com\/infos-droitshumains.net\/wp-content\/uploads\/2024\/08\/images.jpg?resize=225%2C225&ssl=1",225,225,true],"covernews-featured":["https:\/\/i0.wp.com\/infos-droitshumains.net\/wp-content\/uploads\/2024\/08\/images.jpg?fit=225%2C225&ssl=1",225,225,true],"covernews-medium":["https:\/\/i0.wp.com\/infos-droitshumains.net\/wp-content\/uploads\/2024\/08\/images.jpg?resize=225%2C225&ssl=1",225,225,true],"covernews-medium-square":["https:\/\/i0.wp.com\/infos-droitshumains.net\/wp-content\/uploads\/2024\/08\/images.jpg?resize=225%2C225&ssl=1",225,225,true]},"author_info":{"display_name":"Jo\u00ebl Diawa","author_link":"https:\/\/infos-droitshumains.net\/?author=2"},"category_info":"<a href=\"https:\/\/infos-droitshumains.net\/?cat=6\" rel=\"category\">Justice<\/a>","tag_info":"Justice","comment_count":"0","jetpack_featured_media_url":"https:\/\/i0.wp.com\/infos-droitshumains.net\/wp-content\/uploads\/2024\/08\/images.jpg?fit=225%2C225&ssl=1","jetpack-related-posts":[],"jetpack_sharing_enabled":true,"_links":{"self":[{"href":"https:\/\/infos-droitshumains.net\/index.php?rest_route=\/wp\/v2\/posts\/10611","targetHints":{"allow":["GET"]}}],"collection":[{"href":"https:\/\/infos-droitshumains.net\/index.php?rest_route=\/wp\/v2\/posts"}],"about":[{"href":"https:\/\/infos-droitshumains.net\/index.php?rest_route=\/wp\/v2\/types\/post"}],"author":[{"embeddable":true,"href":"https:\/\/infos-droitshumains.net\/index.php?rest_route=\/wp\/v2\/users\/2"}],"replies":[{"embeddable":true,"href":"https:\/\/infos-droitshumains.net\/index.php?rest_route=%2Fwp%2Fv2%2Fcomments&post=10611"}],"version-history":[{"count":5,"href":"https:\/\/infos-droitshumains.net\/index.php?rest_route=\/wp\/v2\/posts\/10611\/revisions"}],"predecessor-version":[{"id":10622,"href":"https:\/\/infos-droitshumains.net\/index.php?rest_route=\/wp\/v2\/posts\/10611\/revisions\/10622"}],"wp:featuredmedia":[{"embeddable":true,"href":"https:\/\/infos-droitshumains.net\/index.php?rest_route=\/wp\/v2\/media\/10613"}],"wp:attachment":[{"href":"https:\/\/infos-droitshumains.net\/index.php?rest_route=%2Fwp%2Fv2%2Fmedia&parent=10611"}],"wp:term":[{"taxonomy":"category","embeddable":true,"href":"https:\/\/infos-droitshumains.net\/index.php?rest_route=%2Fwp%2Fv2%2Fcategories&post=10611"},{"taxonomy":"post_tag","embeddable":true,"href":"https:\/\/infos-droitshumains.net\/index.php?rest_route=%2Fwp%2Fv2%2Ftags&post=10611"}],"curies":[{"name":"wp","href":"https:\/\/api.w.org\/{rel}","templated":true}]}}