{"id":1056,"date":"2021-11-05T13:12:54","date_gmt":"2021-11-05T12:12:54","guid":{"rendered":"https:\/\/infos-droitshumains.net\/?p=1056"},"modified":"2023-04-06T12:11:05","modified_gmt":"2023-04-06T10:11:05","slug":"operation-contre-lincivisme-routier-lintersyndicale-des-magistrats-rappelle-a-lordre-les-opj-auteurs-des-bavures-sur-les-vehicules-des-magistrats-communique-officiel","status":"publish","type":"post","link":"https:\/\/infos-droitshumains.net\/?p=1056","title":{"rendered":"Op\u00e9ration contre l&rsquo;incivisme routier: L&rsquo;intersyndicale des magistrats rappelle \u00e0 l&rsquo;ordre les opj, auteurs des bavures sur les v\u00e9hicules des magistrats (Communiqu\u00e9 officiel)"},"content":{"rendered":"\n<p><strong>R\u00e9daction : +243817406088<\/strong><\/p>\n\n\n\n<p>C&rsquo;est depuis ce lundi 1er novembre qu&rsquo;il a \u00e9t\u00e9 lanc\u00e9e \u00e0 Kinshasa l\u2019op\u00e9ration \u00ab\u00a0lutte contre l\u2019incivisme routier\u00a0\u00bb. Cette initiative du commissaire provincial de la police ville de Kinshasa consiste \u00e0 saisir tout v\u00e9hicule probl\u00e9matique, \u00e0 le mettre en fourri\u00e8re et \u00e0 sanctionner son conducteur.<\/p>\n\n\n\n<p>Le G\u00e9n\u00e9ral Sylvano Kasongo a d\u00e9cid\u00e9 de traquer les v\u00e9hicules en situation irr\u00e9guli\u00e8re, notamment, les v\u00e9hicules sans plaque d\u2019immatriculation ou avec plaque d\u2019immatriculation voil\u00e9e et\/ou avec gyrophare et ceux qui empruntent la voie publique dans le sens contraire.<\/p>\n\n\n\n<p>Depuis le lancement de l&rsquo;op\u00e9ration, il se constate malheureusement plusieurs d\u00e9rapages des \u00e9l\u00e9ments de la police commis \u00e0 cette op\u00e9ration.<\/p>\n\n\n\n<p>Parmi les victimes de ces bavures polici\u00e8res se trouvent les magistrats.<\/p>\n\n\n\n<p>Au cours d&rsquo;une r\u00e9union d&rsquo;urgence tenue le jeudi 04 novembre, l&rsquo;intersyndicale des magistrats dit avoir \u00e9t\u00e9 saisi des plaintes des magistrats \u00ab\u00a0<em>faisant \u00e9tat de l&rsquo;atteinte \u00e0 leurs droits par certains \u00e9l\u00e9ments de la Police Nationale Congolaise sous l&rsquo;instigation du G\u00e9n\u00e9ral Kasongo, qui s&rsquo;en sont pris \u00e0 leur signe ext\u00e9rieurs et distinctifs des  attributs du pouvoir judiciaire<\/em>\u00ab\u00a0.<\/p>\n\n\n\n<p>Dans le communiqu\u00e9 sanctionnant cette r\u00e9union, sign\u00e9 par Ga\u00ebl Yimbi et Henri Dianda, respectivement vice-pr\u00e9sident et secr\u00e9taire, l&rsquo;intersyndicale des magistrats rappelle \u00e0 l&rsquo;ordre des opj auteurs de ces bavures.<\/p>\n\n\n\n<p>Elle note que l&rsquo;usage de fanions par les magistrats sur leurs v\u00e9hicules fait partie des droits reconnus et conf\u00e9r\u00e9s par l&rsquo;article 19.4 de la loi organique portant statut des magistrats telle que modifi\u00e9e et compl\u00e9t\u00e9e par la loi organique num\u00e9ro 15\/014 du 1er Ao\u00fbt 2015; au m\u00eame titre que le port d&rsquo;arme de petit calibre.<\/p>\n\n\n\n<p>L&rsquo;intersyndicale des magistrats a en outre invit\u00e9 la Pnc \u00e0 se soumettre \u00e0 l&rsquo;autorit\u00e9 du minist\u00e8re public :<\/p>\n\n\n\n<p><em>\u00ab\u00a0Elle attire particuli\u00e8rement l&rsquo;attention du commissaire provincial de la ville de Kinshasa, le G\u00e9n\u00e9ral Sylvano Kasongo ainsi que des Offices Police Judiciaire de la Pnc, tout grades et fonctions confondus, \u00e0 se soumettre \u00e0 l&rsquo;autorit\u00e9 du minist\u00e8re public sous peine de retrait de leur habilitation sans pr\u00e9judice de poursuites p\u00e9nales notamment pour voies de fait et outrage \u00e0 magistrat\u00a0\u00bb.<\/em><\/p>\n\n\n\n<p>Au G\u00e9n\u00e9ral Kasongo, l&rsquo;intersyndicale lui donne sommation \u00e0 dater du pr\u00e9sent communiqu\u00e9, de <em>\u00ab\u00a0transmettre imm\u00e9diatement, ces  fanions obtenus irr\u00e9guli\u00e8rement \u00e0 l&rsquo;officier du minist\u00e8re public le plus proche sous r\u00e9serve des poursuites judiciaires \u00e0 sa charge\u00a0\u00bb.<\/em><\/p>\n\n\n\n<p>Enfin l&rsquo;intersyndicale des magistrats a demand\u00e9 au  gouvernement d&rsquo;organiser des formations continues  au sein de la police judiciaire afin d&rsquo;\u00e9viter des d\u00e9rapages souvent constat\u00e9s.<\/p>\n\n\n\n<p>Merlin Kamalandua<\/p>\n","protected":false},"excerpt":{"rendered":"<p>R\u00e9daction : +243817406088 C&rsquo;est depuis ce lundi 1er novembre qu&rsquo;il a \u00e9t\u00e9 lanc\u00e9e \u00e0 Kinshasa&#8230;<\/p>\n","protected":false},"author":2,"featured_media":0,"comment_status":"closed","ping_status":"open","sticky":false,"template":"","format":"standard","meta":{"_jetpack_memberships_contains_paid_content":false,"footnotes":""},"categories":[1],"tags":[],"class_list":["post-1056","post","type-post","status-publish","format-standard","hentry","category-non-classe"],"yoast_head":"<!-- This site is optimized with the Yoast SEO plugin v27.5 - https:\/\/yoast.com\/product\/yoast-seo-wordpress\/ -->\n<title>Op\u00e9ration contre l&#039;incivisme routier: L&#039;intersyndicale des magistrats rappelle \u00e0 l&#039;ordre les opj, auteurs des bavures sur les v\u00e9hicules des magistrats (Communiqu\u00e9 officiel) - Infos Droits Humains<\/title>\n<meta name=\"robots\" content=\"index, follow, max-snippet:-1, max-image-preview:large, max-video-preview:-1\" \/>\n<link rel=\"canonical\" href=\"https:\/\/infos-droitshumains.net\/?p=1056\" \/>\n<meta property=\"og:locale\" content=\"fr_FR\" \/>\n<meta property=\"og:type\" content=\"article\" \/>\n<meta property=\"og:title\" content=\"Op\u00e9ration contre l&#039;incivisme routier: L&#039;intersyndicale des magistrats rappelle \u00e0 l&#039;ordre les opj, auteurs des bavures sur les v\u00e9hicules des magistrats (Communiqu\u00e9 officiel) - Infos Droits Humains\" \/>\n<meta property=\"og:description\" content=\"R\u00e9daction : +243817406088 C&rsquo;est depuis ce lundi 1er novembre qu&rsquo;il a \u00e9t\u00e9 lanc\u00e9e \u00e0 Kinshasa...\" \/>\n<meta property=\"og:url\" content=\"https:\/\/infos-droitshumains.net\/?p=1056\" \/>\n<meta property=\"og:site_name\" content=\"Infos Droits Humains\" \/>\n<meta property=\"article:published_time\" content=\"2021-11-05T12:12:54+00:00\" \/>\n<meta property=\"article:modified_time\" content=\"2023-04-06T10:11:05+00:00\" \/>\n<meta name=\"author\" content=\"Jo\u00ebl Diawa\" \/>\n<meta name=\"twitter:card\" content=\"summary_large_image\" \/>\n<meta name=\"twitter:label1\" content=\"\u00c9crit par\" \/>\n\t<meta name=\"twitter:data1\" content=\"Jo\u00ebl Diawa\" \/>\n\t<meta name=\"twitter:label2\" content=\"Dur\u00e9e de lecture estim\u00e9e\" \/>\n\t<meta name=\"twitter:data2\" content=\"2 minutes\" \/>\n<script type=\"application\/ld+json\" class=\"yoast-schema-graph\">{\"@context\":\"https:\\\/\\\/schema.org\",\"@graph\":[{\"@type\":\"Article\",\"@id\":\"https:\\\/\\\/infos-droitshumains.net\\\/?p=1056#article\",\"isPartOf\":{\"@id\":\"https:\\\/\\\/infos-droitshumains.net\\\/?p=1056\"},\"author\":{\"name\":\"Jo\u00ebl Diawa\",\"@id\":\"https:\\\/\\\/infos-droitshumains.net\\\/#\\\/schema\\\/person\\\/3dc5e921c3302172e0ed4362f96faab7\"},\"headline\":\"Op\u00e9ration contre l&rsquo;incivisme routier: L&rsquo;intersyndicale des magistrats rappelle \u00e0 l&rsquo;ordre les opj, auteurs des bavures sur les v\u00e9hicules des magistrats (Communiqu\u00e9 officiel)\",\"datePublished\":\"2021-11-05T12:12:54+00:00\",\"dateModified\":\"2023-04-06T10:11:05+00:00\",\"mainEntityOfPage\":{\"@id\":\"https:\\\/\\\/infos-droitshumains.net\\\/?p=1056\"},\"wordCount\":454,\"publisher\":{\"@id\":\"https:\\\/\\\/infos-droitshumains.net\\\/#organization\"},\"inLanguage\":\"fr-FR\"},{\"@type\":\"WebPage\",\"@id\":\"https:\\\/\\\/infos-droitshumains.net\\\/?p=1056\",\"url\":\"https:\\\/\\\/infos-droitshumains.net\\\/?p=1056\",\"name\":\"Op\u00e9ration contre l'incivisme routier: L'intersyndicale des magistrats rappelle \u00e0 l'ordre les opj, auteurs des bavures sur les v\u00e9hicules des magistrats (Communiqu\u00e9 officiel) - Infos Droits Humains\",\"isPartOf\":{\"@id\":\"https:\\\/\\\/infos-droitshumains.net\\\/#website\"},\"datePublished\":\"2021-11-05T12:12:54+00:00\",\"dateModified\":\"2023-04-06T10:11:05+00:00\",\"breadcrumb\":{\"@id\":\"https:\\\/\\\/infos-droitshumains.net\\\/?p=1056#breadcrumb\"},\"inLanguage\":\"fr-FR\",\"potentialAction\":[{\"@type\":\"ReadAction\",\"target\":[\"https:\\\/\\\/infos-droitshumains.net\\\/?p=1056\"]}]},{\"@type\":\"BreadcrumbList\",\"@id\":\"https:\\\/\\\/infos-droitshumains.net\\\/?p=1056#breadcrumb\",\"itemListElement\":[{\"@type\":\"ListItem\",\"position\":1,\"name\":\"Accueil\",\"item\":\"https:\\\/\\\/infos-droitshumains.net\\\/\"},{\"@type\":\"ListItem\",\"position\":2,\"name\":\"Op\u00e9ration contre l&rsquo;incivisme routier: L&rsquo;intersyndicale des magistrats rappelle \u00e0 l&rsquo;ordre les opj, auteurs des bavures sur les v\u00e9hicules des magistrats (Communiqu\u00e9 officiel)\"}]},{\"@type\":\"WebSite\",\"@id\":\"https:\\\/\\\/infos-droitshumains.net\\\/#website\",\"url\":\"https:\\\/\\\/infos-droitshumains.net\\\/\",\"name\":\"Infos Droits Humains\",\"description\":\"S&#039;informer est un droit\",\"publisher\":{\"@id\":\"https:\\\/\\\/infos-droitshumains.net\\\/#organization\"},\"potentialAction\":[{\"@type\":\"SearchAction\",\"target\":{\"@type\":\"EntryPoint\",\"urlTemplate\":\"https:\\\/\\\/infos-droitshumains.net\\\/?s={search_term_string}\"},\"query-input\":{\"@type\":\"PropertyValueSpecification\",\"valueRequired\":true,\"valueName\":\"search_term_string\"}}],\"inLanguage\":\"fr-FR\"},{\"@type\":\"Organization\",\"@id\":\"https:\\\/\\\/infos-droitshumains.net\\\/#organization\",\"name\":\"Infos Droits Humains\",\"url\":\"https:\\\/\\\/infos-droitshumains.net\\\/\",\"logo\":{\"@type\":\"ImageObject\",\"inLanguage\":\"fr-FR\",\"@id\":\"https:\\\/\\\/infos-droitshumains.net\\\/#\\\/schema\\\/logo\\\/image\\\/\",\"url\":\"https:\\\/\\\/i0.wp.com\\\/infos-droitshumains.net\\\/wp-content\\\/uploads\\\/2022\\\/05\\\/Logo.png?fit=333%2C129&ssl=1\",\"contentUrl\":\"https:\\\/\\\/i0.wp.com\\\/infos-droitshumains.net\\\/wp-content\\\/uploads\\\/2022\\\/05\\\/Logo.png?fit=333%2C129&ssl=1\",\"width\":333,\"height\":129,\"caption\":\"Infos Droits Humains\"},\"image\":{\"@id\":\"https:\\\/\\\/infos-droitshumains.net\\\/#\\\/schema\\\/logo\\\/image\\\/\"}},{\"@type\":\"Person\",\"@id\":\"https:\\\/\\\/infos-droitshumains.net\\\/#\\\/schema\\\/person\\\/3dc5e921c3302172e0ed4362f96faab7\",\"name\":\"Jo\u00ebl Diawa\",\"image\":{\"@type\":\"ImageObject\",\"inLanguage\":\"fr-FR\",\"@id\":\"https:\\\/\\\/secure.gravatar.com\\\/avatar\\\/729bea6ff4604c624417803c477363be8e3c7186deaa65713313f9b4b820f41c?s=96&d=mm&r=g\",\"url\":\"https:\\\/\\\/secure.gravatar.com\\\/avatar\\\/729bea6ff4604c624417803c477363be8e3c7186deaa65713313f9b4b820f41c?s=96&d=mm&r=g\",\"contentUrl\":\"https:\\\/\\\/secure.gravatar.com\\\/avatar\\\/729bea6ff4604c624417803c477363be8e3c7186deaa65713313f9b4b820f41c?s=96&d=mm&r=g\",\"caption\":\"Jo\u00ebl Diawa\"},\"sameAs\":[\"https:\\\/\\\/www.infos-droitshumains.net\"],\"url\":\"https:\\\/\\\/infos-droitshumains.net\\\/?author=2\"}]}<\/script>\n<!-- \/ Yoast SEO plugin. -->","yoast_head_json":{"title":"Op\u00e9ration contre l'incivisme routier: L'intersyndicale des magistrats rappelle \u00e0 l'ordre les opj, auteurs des bavures sur les v\u00e9hicules des magistrats (Communiqu\u00e9 officiel) - Infos Droits Humains","robots":{"index":"index","follow":"follow","max-snippet":"max-snippet:-1","max-image-preview":"max-image-preview:large","max-video-preview":"max-video-preview:-1"},"canonical":"https:\/\/infos-droitshumains.net\/?p=1056","og_locale":"fr_FR","og_type":"article","og_title":"Op\u00e9ration contre l'incivisme routier: L'intersyndicale des magistrats rappelle \u00e0 l'ordre les opj, auteurs des bavures sur les v\u00e9hicules des magistrats (Communiqu\u00e9 officiel) - Infos Droits Humains","og_description":"R\u00e9daction : +243817406088 C&rsquo;est depuis ce lundi 1er novembre qu&rsquo;il a \u00e9t\u00e9 lanc\u00e9e \u00e0 Kinshasa...","og_url":"https:\/\/infos-droitshumains.net\/?p=1056","og_site_name":"Infos Droits Humains","article_published_time":"2021-11-05T12:12:54+00:00","article_modified_time":"2023-04-06T10:11:05+00:00","author":"Jo\u00ebl Diawa","twitter_card":"summary_large_image","twitter_misc":{"\u00c9crit par":"Jo\u00ebl Diawa","Dur\u00e9e de lecture estim\u00e9e":"2 minutes"},"schema":{"@context":"https:\/\/schema.org","@graph":[{"@type":"Article","@id":"https:\/\/infos-droitshumains.net\/?p=1056#article","isPartOf":{"@id":"https:\/\/infos-droitshumains.net\/?p=1056"},"author":{"name":"Jo\u00ebl Diawa","@id":"https:\/\/infos-droitshumains.net\/#\/schema\/person\/3dc5e921c3302172e0ed4362f96faab7"},"headline":"Op\u00e9ration contre l&rsquo;incivisme routier: L&rsquo;intersyndicale des magistrats rappelle \u00e0 l&rsquo;ordre les opj, auteurs des bavures sur les v\u00e9hicules des magistrats (Communiqu\u00e9 officiel)","datePublished":"2021-11-05T12:12:54+00:00","dateModified":"2023-04-06T10:11:05+00:00","mainEntityOfPage":{"@id":"https:\/\/infos-droitshumains.net\/?p=1056"},"wordCount":454,"publisher":{"@id":"https:\/\/infos-droitshumains.net\/#organization"},"inLanguage":"fr-FR"},{"@type":"WebPage","@id":"https:\/\/infos-droitshumains.net\/?p=1056","url":"https:\/\/infos-droitshumains.net\/?p=1056","name":"Op\u00e9ration contre l'incivisme routier: L'intersyndicale des magistrats rappelle \u00e0 l'ordre les opj, auteurs des bavures sur les v\u00e9hicules des magistrats (Communiqu\u00e9 officiel) - Infos Droits Humains","isPartOf":{"@id":"https:\/\/infos-droitshumains.net\/#website"},"datePublished":"2021-11-05T12:12:54+00:00","dateModified":"2023-04-06T10:11:05+00:00","breadcrumb":{"@id":"https:\/\/infos-droitshumains.net\/?p=1056#breadcrumb"},"inLanguage":"fr-FR","potentialAction":[{"@type":"ReadAction","target":["https:\/\/infos-droitshumains.net\/?p=1056"]}]},{"@type":"BreadcrumbList","@id":"https:\/\/infos-droitshumains.net\/?p=1056#breadcrumb","itemListElement":[{"@type":"ListItem","position":1,"name":"Accueil","item":"https:\/\/infos-droitshumains.net\/"},{"@type":"ListItem","position":2,"name":"Op\u00e9ration contre l&rsquo;incivisme routier: L&rsquo;intersyndicale des magistrats rappelle \u00e0 l&rsquo;ordre les opj, auteurs des bavures sur les v\u00e9hicules des magistrats (Communiqu\u00e9 officiel)"}]},{"@type":"WebSite","@id":"https:\/\/infos-droitshumains.net\/#website","url":"https:\/\/infos-droitshumains.net\/","name":"Infos Droits Humains","description":"S&#039;informer est un droit","publisher":{"@id":"https:\/\/infos-droitshumains.net\/#organization"},"potentialAction":[{"@type":"SearchAction","target":{"@type":"EntryPoint","urlTemplate":"https:\/\/infos-droitshumains.net\/?s={search_term_string}"},"query-input":{"@type":"PropertyValueSpecification","valueRequired":true,"valueName":"search_term_string"}}],"inLanguage":"fr-FR"},{"@type":"Organization","@id":"https:\/\/infos-droitshumains.net\/#organization","name":"Infos Droits Humains","url":"https:\/\/infos-droitshumains.net\/","logo":{"@type":"ImageObject","inLanguage":"fr-FR","@id":"https:\/\/infos-droitshumains.net\/#\/schema\/logo\/image\/","url":"https:\/\/i0.wp.com\/infos-droitshumains.net\/wp-content\/uploads\/2022\/05\/Logo.png?fit=333%2C129&ssl=1","contentUrl":"https:\/\/i0.wp.com\/infos-droitshumains.net\/wp-content\/uploads\/2022\/05\/Logo.png?fit=333%2C129&ssl=1","width":333,"height":129,"caption":"Infos Droits Humains"},"image":{"@id":"https:\/\/infos-droitshumains.net\/#\/schema\/logo\/image\/"}},{"@type":"Person","@id":"https:\/\/infos-droitshumains.net\/#\/schema\/person\/3dc5e921c3302172e0ed4362f96faab7","name":"Jo\u00ebl Diawa","image":{"@type":"ImageObject","inLanguage":"fr-FR","@id":"https:\/\/secure.gravatar.com\/avatar\/729bea6ff4604c624417803c477363be8e3c7186deaa65713313f9b4b820f41c?s=96&d=mm&r=g","url":"https:\/\/secure.gravatar.com\/avatar\/729bea6ff4604c624417803c477363be8e3c7186deaa65713313f9b4b820f41c?s=96&d=mm&r=g","contentUrl":"https:\/\/secure.gravatar.com\/avatar\/729bea6ff4604c624417803c477363be8e3c7186deaa65713313f9b4b820f41c?s=96&d=mm&r=g","caption":"Jo\u00ebl Diawa"},"sameAs":["https:\/\/www.infos-droitshumains.net"],"url":"https:\/\/infos-droitshumains.net\/?author=2"}]}},"featured_image_urls":{"full":"","thumbnail":"","medium":"","medium_large":"","large":"","1536x1536":"","2048x2048":"","covernews-slider-full":"","covernews-slider-center":"","covernews-featured":"","covernews-medium":"","covernews-medium-square":""},"author_info":{"display_name":"Jo\u00ebl Diawa","author_link":"https:\/\/infos-droitshumains.net\/?author=2"},"category_info":"<a href=\"https:\/\/infos-droitshumains.net\/?cat=1\" rel=\"category\">Non class\u00e9<\/a>","tag_info":"Non class\u00e9","comment_count":"0","jetpack_featured_media_url":"","jetpack-related-posts":[],"jetpack_sharing_enabled":true,"_links":{"self":[{"href":"https:\/\/infos-droitshumains.net\/index.php?rest_route=\/wp\/v2\/posts\/1056","targetHints":{"allow":["GET"]}}],"collection":[{"href":"https:\/\/infos-droitshumains.net\/index.php?rest_route=\/wp\/v2\/posts"}],"about":[{"href":"https:\/\/infos-droitshumains.net\/index.php?rest_route=\/wp\/v2\/types\/post"}],"author":[{"embeddable":true,"href":"https:\/\/infos-droitshumains.net\/index.php?rest_route=\/wp\/v2\/users\/2"}],"replies":[{"embeddable":true,"href":"https:\/\/infos-droitshumains.net\/index.php?rest_route=%2Fwp%2Fv2%2Fcomments&post=1056"}],"version-history":[{"count":1,"href":"https:\/\/infos-droitshumains.net\/index.php?rest_route=\/wp\/v2\/posts\/1056\/revisions"}],"predecessor-version":[{"id":1058,"href":"https:\/\/infos-droitshumains.net\/index.php?rest_route=\/wp\/v2\/posts\/1056\/revisions\/1058"}],"wp:attachment":[{"href":"https:\/\/infos-droitshumains.net\/index.php?rest_route=%2Fwp%2Fv2%2Fmedia&parent=1056"}],"wp:term":[{"taxonomy":"category","embeddable":true,"href":"https:\/\/infos-droitshumains.net\/index.php?rest_route=%2Fwp%2Fv2%2Fcategories&post=1056"},{"taxonomy":"post_tag","embeddable":true,"href":"https:\/\/infos-droitshumains.net\/index.php?rest_route=%2Fwp%2Fv2%2Ftags&post=1056"}],"curies":[{"name":"wp","href":"https:\/\/api.w.org\/{rel}","templated":true}]}}